{"id":169028,"date":"2026-04-12T17:05:12","date_gmt":"2026-04-12T15:05:12","guid":{"rendered":"https:\/\/www.bellunopress.it\/?p=169028"},"modified":"2026-04-12T17:05:12","modified_gmt":"2026-04-12T15:05:12","slug":"pilota-di-parapendio-sospesa-a-30-metri-da-terra-altri-interventi","status":"publish","type":"post","link":"https:\/\/www.bellunopress.it\/fr\/2026\/04\/12\/pilota-di-parapendio-sospesa-a-30-metri-da-terra-altri-interventi\/","title":{"rendered":"Pilota di parapendio sospesa a 30 metri da terra. Altri interventi"},"content":{"rendered":"<p>Pedavena (BL), 12 &#8211; 04 &#8211; 2026\u00a0 &#8211;\u00a0 \u00a0Il Soccorso alpino di Feltre \u00e8 intervenuto sul Monte Avena per una pilota di parapendio finita addosso a un albero e rimasta sospesa a 30 metri da terra.<\/p>\n<p>Dopo essersi avvicinati con i mezzi fino a localit\u00e0 Le Buse, i soccorritori hanno proseguito a piedi una decina di minuti, in direzione del punto indicato dalle coordinate ricevute dalla 26enne di Feltre, che non sembrava aver riportato conseguenze. Individuata la pianta, un soccorritore ne ha risalito il tronco con tecniche di treeclimbing. Raggiunta, assicurata e liberata dai vincoli, la pilota \u00e8 stata calata al suolo. La squadra ha provveduto anche al recupero della vela. Poich\u00e9 la ragazza lamentava dolore a una spalla, \u00e8 stata accompagnata in via precauzionale all&#8217;ospedale per gli approfondimenti del caso.<\/p>\n<p><strong>Malore alla Casera Col Marsang<\/strong><\/p>\n<p>Val di Zoldo (BL), 12 &#8211; 04 &#8211; 2026 &#8211; L&#8217;elicottero del Suem di Pieve di Cadore \u00e8 intervenuto alla Casera Col Marsang, a circa 1.290 metri di quota, per una 79enne di San Vendemiano, che si era sentita male. L&#8217;eliambulanza ha dapprima sbarcato con un verricello medico e tecnico di elisoccorso, per atterrare subito dopo nelle adiacenze dell&#8217;edificio. Controllate le sue condizioni, i soccorritori hanno caricato in barella la donna, per poi trasportarla in elicottero. L&#8217;escursionista \u00e8 stata accompagnata per accertamenti all&#8217;ospedale di Belluno.<\/p>","protected":false},"excerpt":{"rendered":"<p>Pedavena (BL), 12 &#8211; 04 &#8211; 2026\u00a0 &#8211;\u00a0 \u00a0Il Soccorso alpino di Feltre \u00e8 intervenuto sul Monte Avena per una pilota di parapendio finita addosso a un albero e rimasta sospesa a 30 metri da terra. Dopo essersi avvicinati con i mezzi fino a localit\u00e0 Le Buse, i soccorritori hanno proseguito a piedi una decina [&hellip;]<\/p>\n","protected":false},"author":2,"featured_media":169029,"comment_status":"closed","ping_status":"open","sticky":false,"template":"","format":"standard","meta":{"footnotes":""},"categories":[5,26],"tags":[],"class_list":["post-169028","post","type-post","status-publish","format-standard","has-post-thumbnail","category-cronaca","category-prima-pagina"],"yoast_head":"<!-- This site is optimized with the Yoast SEO plugin v28.4 - https:\/\/yoast.com\/product\/yoast-seo-wordpress\/ -->\n<title>Pilota di parapendio sospesa a 30 metri da terra. Altri interventi - Bellunopress - Dolomiti<\/title>\n<meta name=\"robots\" content=\"index, follow, max-snippet:-1, max-image-preview:large, max-video-preview:-1\" \/>\n<link rel=\"canonical\" href=\"https:\/\/www.bellunopress.it\/fr\/2026\/04\/12\/pilota-di-parapendio-sospesa-a-30-metri-da-terra-altri-interventi\/\" \/>\n<meta property=\"og:locale\" content=\"fr_FR\" \/>\n<meta property=\"og:type\" content=\"article\" \/>\n<meta property=\"og:title\" content=\"Pilota di parapendio sospesa a 30 metri da terra. Altri interventi - Bellunopress - Dolomiti\" \/>\n<meta property=\"og:description\" content=\"Pedavena (BL), 12 &#8211; 04 &#8211; 2026\u00a0 &#8211;\u00a0 \u00a0Il Soccorso alpino di Feltre \u00e8 intervenuto sul Monte Avena per una pilota di parapendio finita addosso a un albero e rimasta sospesa a 30 metri da terra. Dopo essersi avvicinati con i mezzi fino a localit\u00e0 Le Buse, i soccorritori hanno proseguito a piedi una decina [&hellip;]\" \/>\n<meta property=\"og:url\" content=\"https:\/\/www.bellunopress.it\/fr\/2026\/04\/12\/pilota-di-parapendio-sospesa-a-30-metri-da-terra-altri-interventi\/\" \/>\n<meta property=\"og:site_name\" content=\"Bellunopress - Dolomiti\" \/>\n<meta property=\"article:publisher\" content=\"https:\/\/www.facebook.com\/profile.php?id=100008943462799\" \/>\n<meta property=\"article:published_time\" content=\"2026-04-12T15:05:12+00:00\" \/>\n<meta property=\"og:image\" content=\"https:\/\/www.bellunopress.it\/wp-content\/uploads\/2026\/04\/soccorso-parapendio-Le-Buse-Pedavena.jpg\" \/>\n\t<meta property=\"og:image:width\" content=\"451\" \/>\n\t<meta property=\"og:image:height\" content=\"600\" \/>\n\t<meta property=\"og:image:type\" content=\"image\/jpeg\" \/>\n<meta name=\"author\" content=\"redazione\" \/>\n<meta name=\"twitter:card\" content=\"summary_large_image\" \/>\n<meta name=\"twitter:creator\" content=\"@bellunopress\" \/>\n<meta name=\"twitter:site\" content=\"@bellunopress\" \/>\n<meta name=\"twitter:label1\" content=\"Written by\" \/>\n\t<meta name=\"twitter:data1\" content=\"redazione\" \/>\n\t<meta name=\"twitter:label2\" content=\"Est. reading time\" \/>\n\t<meta name=\"twitter:data2\" content=\"1 minute\" \/>\n<script type=\"application\/ld+json\" class=\"yoast-schema-graph\">{\"@context\":\"https:\\\/\\\/schema.org\",\"@graph\":[{\"@type\":\"Article\",\"@id\":\"https:\\\/\\\/www.bellunopress.it\\\/2026\\\/04\\\/12\\\/pilota-di-parapendio-sospesa-a-30-metri-da-terra-altri-interventi\\\/#article\",\"isPartOf\":{\"@id\":\"https:\\\/\\\/www.bellunopress.it\\\/2026\\\/04\\\/12\\\/pilota-di-parapendio-sospesa-a-30-metri-da-terra-altri-interventi\\\/\"},\"author\":{\"name\":\"redazione\",\"@id\":\"https:\\\/\\\/www.bellunopress.it\\\/#\\\/schema\\\/person\\\/79bb06722b37ece1c03d3e94beb30d73\"},\"headline\":\"Pilota di parapendio sospesa a 30 metri da terra. Altri interventi\",\"datePublished\":\"2026-04-12T15:05:12+00:00\",\"mainEntityOfPage\":{\"@id\":\"https:\\\/\\\/www.bellunopress.it\\\/2026\\\/04\\\/12\\\/pilota-di-parapendio-sospesa-a-30-metri-da-terra-altri-interventi\\\/\"},\"wordCount\":224,\"publisher\":{\"@id\":\"https:\\\/\\\/www.bellunopress.it\\\/#organization\"},\"image\":{\"@id\":\"https:\\\/\\\/www.bellunopress.it\\\/2026\\\/04\\\/12\\\/pilota-di-parapendio-sospesa-a-30-metri-da-terra-altri-interventi\\\/#primaryimage\"},\"thumbnailUrl\":\"https:\\\/\\\/www.bellunopress.it\\\/wp-content\\\/uploads\\\/2026\\\/04\\\/soccorso-parapendio-Le-Buse-Pedavena.jpg\",\"articleSection\":[\"Cronaca\\\/Politica\",\"Prima Pagina\"],\"inLanguage\":\"fr-FR\"},{\"@type\":\"WebPage\",\"@id\":\"https:\\\/\\\/www.bellunopress.it\\\/2026\\\/04\\\/12\\\/pilota-di-parapendio-sospesa-a-30-metri-da-terra-altri-interventi\\\/\",\"url\":\"https:\\\/\\\/www.bellunopress.it\\\/2026\\\/04\\\/12\\\/pilota-di-parapendio-sospesa-a-30-metri-da-terra-altri-interventi\\\/\",\"name\":\"Pilota di parapendio sospesa a 30 metri da terra. Altri interventi - Bellunopress - Dolomiti\",\"isPartOf\":{\"@id\":\"https:\\\/\\\/www.bellunopress.it\\\/#website\"},\"primaryImageOfPage\":{\"@id\":\"https:\\\/\\\/www.bellunopress.it\\\/2026\\\/04\\\/12\\\/pilota-di-parapendio-sospesa-a-30-metri-da-terra-altri-interventi\\\/#primaryimage\"},\"image\":{\"@id\":\"https:\\\/\\\/www.bellunopress.it\\\/2026\\\/04\\\/12\\\/pilota-di-parapendio-sospesa-a-30-metri-da-terra-altri-interventi\\\/#primaryimage\"},\"thumbnailUrl\":\"https:\\\/\\\/www.bellunopress.it\\\/wp-content\\\/uploads\\\/2026\\\/04\\\/soccorso-parapendio-Le-Buse-Pedavena.jpg\",\"datePublished\":\"2026-04-12T15:05:12+00:00\",\"breadcrumb\":{\"@id\":\"https:\\\/\\\/www.bellunopress.it\\\/2026\\\/04\\\/12\\\/pilota-di-parapendio-sospesa-a-30-metri-da-terra-altri-interventi\\\/#breadcrumb\"},\"inLanguage\":\"fr-FR\",\"potentialAction\":[{\"@type\":\"ReadAction\",\"target\":[\"https:\\\/\\\/www.bellunopress.it\\\/2026\\\/04\\\/12\\\/pilota-di-parapendio-sospesa-a-30-metri-da-terra-altri-interventi\\\/\"]}]},{\"@type\":\"ImageObject\",\"inLanguage\":\"fr-FR\",\"@id\":\"https:\\\/\\\/www.bellunopress.it\\\/2026\\\/04\\\/12\\\/pilota-di-parapendio-sospesa-a-30-metri-da-terra-altri-interventi\\\/#primaryimage\",\"url\":\"https:\\\/\\\/www.bellunopress.it\\\/wp-content\\\/uploads\\\/2026\\\/04\\\/soccorso-parapendio-Le-Buse-Pedavena.jpg\",\"contentUrl\":\"https:\\\/\\\/www.bellunopress.it\\\/wp-content\\\/uploads\\\/2026\\\/04\\\/soccorso-parapendio-Le-Buse-Pedavena.jpg\",\"width\":451,\"height\":600,\"caption\":\"Intervento di soccorso a Pedavena, localit\u00e0 Le Buse per un parapendio impigliato a 30 m. dal suolo\"},{\"@type\":\"BreadcrumbList\",\"@id\":\"https:\\\/\\\/www.bellunopress.it\\\/2026\\\/04\\\/12\\\/pilota-di-parapendio-sospesa-a-30-metri-da-terra-altri-interventi\\\/#breadcrumb\",\"itemListElement\":[{\"@type\":\"ListItem\",\"position\":1,\"name\":\"Home\",\"item\":\"https:\\\/\\\/www.bellunopress.it\\\/\"},{\"@type\":\"ListItem\",\"position\":2,\"name\":\"Pilota di parapendio sospesa a 30 metri da terra. Altri interventi\"}]},{\"@type\":\"WebSite\",\"@id\":\"https:\\\/\\\/www.bellunopress.it\\\/#website\",\"url\":\"https:\\\/\\\/www.bellunopress.it\\\/\",\"name\":\"Bellunopress - Dolomiti\",\"description\":\"e-mail: redazione@bellunopress.it\",\"publisher\":{\"@id\":\"https:\\\/\\\/www.bellunopress.it\\\/#organization\"},\"potentialAction\":[{\"@type\":\"SearchAction\",\"target\":{\"@type\":\"EntryPoint\",\"urlTemplate\":\"https:\\\/\\\/www.bellunopress.it\\\/?s={search_term_string}\"},\"query-input\":{\"@type\":\"PropertyValueSpecification\",\"valueRequired\":true,\"valueName\":\"search_term_string\"}}],\"inLanguage\":\"fr-FR\"},{\"@type\":\"Organization\",\"@id\":\"https:\\\/\\\/www.bellunopress.it\\\/#organization\",\"name\":\"Bellunopress\",\"url\":\"https:\\\/\\\/www.bellunopress.it\\\/\",\"logo\":{\"@type\":\"ImageObject\",\"inLanguage\":\"fr-FR\",\"@id\":\"https:\\\/\\\/www.bellunopress.it\\\/#\\\/schema\\\/logo\\\/image\\\/\",\"url\":\"https:\\\/\\\/www.bellunopress.it\\\/wp-content\\\/uploads\\\/2011\\\/05\\\/cropped-logo-bellunopress-.jpg\",\"contentUrl\":\"https:\\\/\\\/www.bellunopress.it\\\/wp-content\\\/uploads\\\/2011\\\/05\\\/cropped-logo-bellunopress-.jpg\",\"width\":512,\"height\":512,\"caption\":\"Bellunopress\"},\"image\":{\"@id\":\"https:\\\/\\\/www.bellunopress.it\\\/#\\\/schema\\\/logo\\\/image\\\/\"},\"sameAs\":[\"https:\\\/\\\/www.facebook.com\\\/profile.php?id=100008943462799\",\"https:\\\/\\\/x.com\\\/bellunopress\",\"https:\\\/\\\/www.linkedin.com\\\/hp\\\/?dnr=JBzUWaJfMUw8vbXJJ2tVW5-I3jZKvC4wsoxE&amp;amp;amp;amp;amp;amp;trk=nav_responsive_tab_home\",\"https:\\\/\\\/www.youtube.com\\\/channel\\\/UCxL0wu1uN0_3_7hGG0306cw\"]},{\"@type\":\"Person\",\"@id\":\"https:\\\/\\\/www.bellunopress.it\\\/#\\\/schema\\\/person\\\/79bb06722b37ece1c03d3e94beb30d73\",\"name\":\"redazione\",\"image\":{\"@type\":\"ImageObject\",\"inLanguage\":\"fr-FR\",\"@id\":\"https:\\\/\\\/secure.gravatar.com\\\/avatar\\\/37d968a2e67a6fd04c169c4bdef102d0bc5d31b2546345219e348575eb80e9a0?s=96&d=mm&r=g\",\"url\":\"https:\\\/\\\/secure.gravatar.com\\\/avatar\\\/37d968a2e67a6fd04c169c4bdef102d0bc5d31b2546345219e348575eb80e9a0?s=96&d=mm&r=g\",\"contentUrl\":\"https:\\\/\\\/secure.gravatar.com\\\/avatar\\\/37d968a2e67a6fd04c169c4bdef102d0bc5d31b2546345219e348575eb80e9a0?s=96&d=mm&r=g\",\"caption\":\"redazione\"},\"sameAs\":[\"http:\\\/\\\/www.bellunopress.it\",\"https:\\\/\\\/x.com\\\/bellunopress\"],\"url\":\"https:\\\/\\\/www.bellunopress.it\\\/fr\\\/author\\\/redazione\\\/\"}]}<\/script>\n<!-- \/ Yoast SEO plugin. -->","yoast_head_json":{"title":"Pilota di parapendio sospesa a 30 metri da terra. Altri interventi - Bellunopress - Dolomiti","robots":{"index":"index","follow":"follow","max-snippet":"max-snippet:-1","max-image-preview":"max-image-preview:large","max-video-preview":"max-video-preview:-1"},"canonical":"https:\/\/www.bellunopress.it\/fr\/2026\/04\/12\/pilota-di-parapendio-sospesa-a-30-metri-da-terra-altri-interventi\/","og_locale":"fr_FR","og_type":"article","og_title":"Pilota di parapendio sospesa a 30 metri da terra. Altri interventi - Bellunopress - Dolomiti","og_description":"Pedavena (BL), 12 &#8211; 04 &#8211; 2026\u00a0 &#8211;\u00a0 \u00a0Il Soccorso alpino di Feltre \u00e8 intervenuto sul Monte Avena per una pilota di parapendio finita addosso a un albero e rimasta sospesa a 30 metri da terra. Dopo essersi avvicinati con i mezzi fino a localit\u00e0 Le Buse, i soccorritori hanno proseguito a piedi una decina [&hellip;]","og_url":"https:\/\/www.bellunopress.it\/fr\/2026\/04\/12\/pilota-di-parapendio-sospesa-a-30-metri-da-terra-altri-interventi\/","og_site_name":"Bellunopress - Dolomiti","article_publisher":"https:\/\/www.facebook.com\/profile.php?id=100008943462799","article_published_time":"2026-04-12T15:05:12+00:00","og_image":[{"width":451,"height":600,"url":"https:\/\/www.bellunopress.it\/wp-content\/uploads\/2026\/04\/soccorso-parapendio-Le-Buse-Pedavena.jpg","type":"image\/jpeg"}],"author":"redazione","twitter_card":"summary_large_image","twitter_creator":"@bellunopress","twitter_site":"@bellunopress","twitter_misc":{"Written by":"redazione","Est. reading time":"1 minute"},"schema":{"@context":"https:\/\/schema.org","@graph":[{"@type":"Article","@id":"https:\/\/www.bellunopress.it\/2026\/04\/12\/pilota-di-parapendio-sospesa-a-30-metri-da-terra-altri-interventi\/#article","isPartOf":{"@id":"https:\/\/www.bellunopress.it\/2026\/04\/12\/pilota-di-parapendio-sospesa-a-30-metri-da-terra-altri-interventi\/"},"author":{"name":"redazione","@id":"https:\/\/www.bellunopress.it\/#\/schema\/person\/79bb06722b37ece1c03d3e94beb30d73"},"headline":"Pilota di parapendio sospesa a 30 metri da terra. Altri interventi","datePublished":"2026-04-12T15:05:12+00:00","mainEntityOfPage":{"@id":"https:\/\/www.bellunopress.it\/2026\/04\/12\/pilota-di-parapendio-sospesa-a-30-metri-da-terra-altri-interventi\/"},"wordCount":224,"publisher":{"@id":"https:\/\/www.bellunopress.it\/#organization"},"image":{"@id":"https:\/\/www.bellunopress.it\/2026\/04\/12\/pilota-di-parapendio-sospesa-a-30-metri-da-terra-altri-interventi\/#primaryimage"},"thumbnailUrl":"https:\/\/www.bellunopress.it\/wp-content\/uploads\/2026\/04\/soccorso-parapendio-Le-Buse-Pedavena.jpg","articleSection":["Cronaca\/Politica","Prima Pagina"],"inLanguage":"fr-FR"},{"@type":"WebPage","@id":"https:\/\/www.bellunopress.it\/2026\/04\/12\/pilota-di-parapendio-sospesa-a-30-metri-da-terra-altri-interventi\/","url":"https:\/\/www.bellunopress.it\/2026\/04\/12\/pilota-di-parapendio-sospesa-a-30-metri-da-terra-altri-interventi\/","name":"Pilota di parapendio sospesa a 30 metri da terra. Altri interventi - Bellunopress - Dolomiti","isPartOf":{"@id":"https:\/\/www.bellunopress.it\/#website"},"primaryImageOfPage":{"@id":"https:\/\/www.bellunopress.it\/2026\/04\/12\/pilota-di-parapendio-sospesa-a-30-metri-da-terra-altri-interventi\/#primaryimage"},"image":{"@id":"https:\/\/www.bellunopress.it\/2026\/04\/12\/pilota-di-parapendio-sospesa-a-30-metri-da-terra-altri-interventi\/#primaryimage"},"thumbnailUrl":"https:\/\/www.bellunopress.it\/wp-content\/uploads\/2026\/04\/soccorso-parapendio-Le-Buse-Pedavena.jpg","datePublished":"2026-04-12T15:05:12+00:00","breadcrumb":{"@id":"https:\/\/www.bellunopress.it\/2026\/04\/12\/pilota-di-parapendio-sospesa-a-30-metri-da-terra-altri-interventi\/#breadcrumb"},"inLanguage":"fr-FR","potentialAction":[{"@type":"ReadAction","target":["https:\/\/www.bellunopress.it\/2026\/04\/12\/pilota-di-parapendio-sospesa-a-30-metri-da-terra-altri-interventi\/"]}]},{"@type":"ImageObject","inLanguage":"fr-FR","@id":"https:\/\/www.bellunopress.it\/2026\/04\/12\/pilota-di-parapendio-sospesa-a-30-metri-da-terra-altri-interventi\/#primaryimage","url":"https:\/\/www.bellunopress.it\/wp-content\/uploads\/2026\/04\/soccorso-parapendio-Le-Buse-Pedavena.jpg","contentUrl":"https:\/\/www.bellunopress.it\/wp-content\/uploads\/2026\/04\/soccorso-parapendio-Le-Buse-Pedavena.jpg","width":451,"height":600,"caption":"Intervento di soccorso a Pedavena, localit\u00e0 Le Buse per un parapendio impigliato a 30 m. dal suolo"},{"@type":"BreadcrumbList","@id":"https:\/\/www.bellunopress.it\/2026\/04\/12\/pilota-di-parapendio-sospesa-a-30-metri-da-terra-altri-interventi\/#breadcrumb","itemListElement":[{"@type":"ListItem","position":1,"name":"Home","item":"https:\/\/www.bellunopress.it\/"},{"@type":"ListItem","position":2,"name":"Pilota di parapendio sospesa a 30 metri da terra. Altri interventi"}]},{"@type":"WebSite","@id":"https:\/\/www.bellunopress.it\/#website","url":"https:\/\/www.bellunopress.it\/","name":"Bellunopress - Dolomiti","description":"e-mail: redazione@bellunopress.it","publisher":{"@id":"https:\/\/www.bellunopress.it\/#organization"},"potentialAction":[{"@type":"SearchAction","target":{"@type":"EntryPoint","urlTemplate":"https:\/\/www.bellunopress.it\/?s={search_term_string}"},"query-input":{"@type":"PropertyValueSpecification","valueRequired":true,"valueName":"search_term_string"}}],"inLanguage":"fr-FR"},{"@type":"Organization","@id":"https:\/\/www.bellunopress.it\/#organization","name":"Bellunopress","url":"https:\/\/www.bellunopress.it\/","logo":{"@type":"ImageObject","inLanguage":"fr-FR","@id":"https:\/\/www.bellunopress.it\/#\/schema\/logo\/image\/","url":"https:\/\/www.bellunopress.it\/wp-content\/uploads\/2011\/05\/cropped-logo-bellunopress-.jpg","contentUrl":"https:\/\/www.bellunopress.it\/wp-content\/uploads\/2011\/05\/cropped-logo-bellunopress-.jpg","width":512,"height":512,"caption":"Bellunopress"},"image":{"@id":"https:\/\/www.bellunopress.it\/#\/schema\/logo\/image\/"},"sameAs":["https:\/\/www.facebook.com\/profile.php?id=100008943462799","https:\/\/x.com\/bellunopress","https:\/\/www.linkedin.com\/hp\/?dnr=JBzUWaJfMUw8vbXJJ2tVW5-I3jZKvC4wsoxE&amp;amp;amp;amp;amp;amp;trk=nav_responsive_tab_home","https:\/\/www.youtube.com\/channel\/UCxL0wu1uN0_3_7hGG0306cw"]},{"@type":"Person","@id":"https:\/\/www.bellunopress.it\/#\/schema\/person\/79bb06722b37ece1c03d3e94beb30d73","name":"r\u00e9daction","image":{"@type":"ImageObject","inLanguage":"fr-FR","@id":"https:\/\/secure.gravatar.com\/avatar\/37d968a2e67a6fd04c169c4bdef102d0bc5d31b2546345219e348575eb80e9a0?s=96&d=mm&r=g","url":"https:\/\/secure.gravatar.com\/avatar\/37d968a2e67a6fd04c169c4bdef102d0bc5d31b2546345219e348575eb80e9a0?s=96&d=mm&r=g","contentUrl":"https:\/\/secure.gravatar.com\/avatar\/37d968a2e67a6fd04c169c4bdef102d0bc5d31b2546345219e348575eb80e9a0?s=96&d=mm&r=g","caption":"redazione"},"sameAs":["http:\/\/www.bellunopress.it","https:\/\/x.com\/bellunopress"],"url":"https:\/\/www.bellunopress.it\/fr\/author\/redazione\/"}]}},"_links":{"self":[{"href":"https:\/\/www.bellunopress.it\/fr\/wp-json\/wp\/v2\/posts\/169028","targetHints":{"allow":["GET"]}}],"collection":[{"href":"https:\/\/www.bellunopress.it\/fr\/wp-json\/wp\/v2\/posts"}],"about":[{"href":"https:\/\/www.bellunopress.it\/fr\/wp-json\/wp\/v2\/types\/post"}],"author":[{"embeddable":true,"href":"https:\/\/www.bellunopress.it\/fr\/wp-json\/wp\/v2\/users\/2"}],"replies":[{"embeddable":true,"href":"https:\/\/www.bellunopress.it\/fr\/wp-json\/wp\/v2\/comments?post=169028"}],"version-history":[{"count":1,"href":"https:\/\/www.bellunopress.it\/fr\/wp-json\/wp\/v2\/posts\/169028\/revisions"}],"predecessor-version":[{"id":169030,"href":"https:\/\/www.bellunopress.it\/fr\/wp-json\/wp\/v2\/posts\/169028\/revisions\/169030"}],"wp:featuredmedia":[{"embeddable":true,"href":"https:\/\/www.bellunopress.it\/fr\/wp-json\/wp\/v2\/media\/169029"}],"wp:attachment":[{"href":"https:\/\/www.bellunopress.it\/fr\/wp-json\/wp\/v2\/media?parent=169028"}],"wp:term":[{"taxonomy":"category","embeddable":true,"href":"https:\/\/www.bellunopress.it\/fr\/wp-json\/wp\/v2\/categories?post=169028"},{"taxonomy":"post_tag","embeddable":true,"href":"https:\/\/www.bellunopress.it\/fr\/wp-json\/wp\/v2\/tags?post=169028"}],"curies":[{"name":"wp","href":"https:\/\/api.w.org\/{rel}","templated":true}]}}