{"id":169023,"date":"2026-04-12T15:22:30","date_gmt":"2026-04-12T13:22:30","guid":{"rendered":"https:\/\/www.bellunopress.it\/?p=169023"},"modified":"2026-04-12T15:22:30","modified_gmt":"2026-04-12T13:22:30","slug":"belluno-taglio-degli-alberi-in-via-feltre-comunicazione-del-sindaco-oscar-de-pellegrin","status":"publish","type":"post","link":"https:\/\/www.bellunopress.it\/fr\/2026\/04\/12\/belluno-taglio-degli-alberi-in-via-feltre-comunicazione-del-sindaco-oscar-de-pellegrin\/","title":{"rendered":"Belluno, taglio degli alberi in via Feltre. Comunicazione del sindaco Oscar De Pellegrin"},"content":{"rendered":"<p><strong>L\u2019accesso alla via sar\u00e0 sempre garantito a residenti e clienti delle attivit\u00e0<\/strong><\/p>\n<p>Belluno, 12\/04\/2026 &#8211;\u00a0\u201cNon si tratter\u00e0 di una chiusura totale della via, residenti e clienti delle attivit\u00e0 economiche potranno continuare a muoversi e raggiungere le attivit\u00e0 presenti lungo la strada\u201d.<\/p>\n<p>Ci tiene a precisarlo il sindaco di Belluno Oscar De Pellegrin, entrando nel merito del cantiere di riqualificazione di via Feltre in partenza marted\u00ec.<\/p>\n<p>L\u2019ordinanza per il primo stralcio di abbattimento delle piante del filare interesser\u00e0 infatti il tratto compreso tra la rotonda di piazzale Marconi e l\u2019incrocio con via San Gervasio, ma la strada non sar\u00e0 chiusa completamente per tutta la sua lunghezza.<\/p>\n<p>\u201cI lavori saranno organizzati con un cantiere mobile, che interesser\u00e0 di volta in volta solo brevi tratti di circa 80-100 metri, spostandosi progressivamente lungo la via \u2013 specifica il Primo cittadino \u2013. Il disagio sar\u00e0 limitato a una giornata, massimo due, e le aree verranno progressivamente riaperte con l\u2019avanzamento dell\u2019intervento\u201d.<\/p>\n<p>Nonostante l\u2019ordinanza preveda l\u2019interdizione al traffico nella fascia oraria compresa tra le 8.30 e le 17, dunque, i veicoli potranno comunque accedere a via Feltre dai due lati salvo nel breve tratto interessato via via dai lavori. Sar\u00e0 sempre garantito il passaggio ai residenti e ai clienti diretti alle attivit\u00e0 economiche presenti lungo la strada.<br \/>\nIn questa prima fase, il cantiere interesser\u00e0 indicativamente il tratto compreso tra il negozio Sirene Blu e l\u2019area dell\u2019edificio ULSS, con progressiva riapertura delle porzioni di strada man mano che i lavori procederanno. L\u2019intervento dovrebbe concludersi nell\u2019arco di una giornata; solo in caso di necessit\u00e0 il cantiere proseguir\u00e0 anche nella giornata di mercoled\u00ec 15 aprile.<\/p>\n<p>Il taglio delle alberature, che versano in forte sofferenza, rappresenta il primo stralcio di un\u2019opera pi\u00f9 ampia, inserita nel grande progetto di riqualificazione complessiva di via Feltre, finanziato grazie al contributo di un privato cittadino.<br \/>\nIl progetto prevede una successiva fase di ripiantumazione, con nuove alberature che potranno crescere in condizioni pi\u00f9 adeguate, evitando in futuro le criticit\u00e0 riscontrate fino ad oggi legate a condizioni non idonee alla crescita sana e senza stress delle piante. Al momento, infatti, le piante non dispongono di uno spazio idoneo al corretto sviluppo: le radici, espandendosi, interferiscono con la pavimentazione del marciapiede, sollevando l\u2019asfalto e creando dislivelli con conseguente difficolt\u00e0 per i pedoni (numerose sono state le segnalazioni dei cittadini, a questo proposito, negli anni), oltre a generare condizioni di sofferenza per le stesse alberature.<\/p>\n<p>\u201cTutto il cantiere \u00e8 stato organizzato per limitare il pi\u00f9 possibile i disagi alla popolazione e alle attivit\u00e0 economiche della via \u2013 conclude il Sindaco \u2013. Abbiamo avuto la premura di invitare i commercianti a una serata informativa per illustrare nel dettaglio l\u2019intervento e ascoltare eventuali osservazioni. L\u2019Amministrazione in ogni caso resta a disposizione per ogni chiarimento e per raccogliere segnalazioni o necessit\u00e0 che dovessero emergere. Colgo nuovamente l\u2019occasione per ringraziare di cuore il privato cittadino che ha reso possibile tutto questo\u201d.<\/p>\n<p>&nbsp;<\/p>","protected":false},"excerpt":{"rendered":"<p>L\u2019accesso alla via sar\u00e0 sempre garantito a residenti e clienti delle attivit\u00e0 Belluno, 12\/04\/2026 &#8211;\u00a0\u201cNon si tratter\u00e0 di una chiusura totale della via, residenti e clienti delle attivit\u00e0 economiche potranno continuare a muoversi e raggiungere le attivit\u00e0 presenti lungo la strada\u201d. Ci tiene a precisarlo il sindaco di Belluno Oscar De Pellegrin, entrando nel merito [&hellip;]<\/p>\n","protected":false},"author":2,"featured_media":151884,"comment_status":"closed","ping_status":"open","sticky":false,"template":"","format":"standard","meta":{"footnotes":""},"categories":[5,26],"tags":[],"class_list":["post-169023","post","type-post","status-publish","format-standard","has-post-thumbnail","category-cronaca","category-prima-pagina"],"yoast_head":"<!-- This site is optimized with the Yoast SEO plugin v28.4 - https:\/\/yoast.com\/product\/yoast-seo-wordpress\/ -->\n<title>Belluno, taglio degli alberi in via Feltre. Comunicazione del sindaco Oscar De Pellegrin - Bellunopress - Dolomiti<\/title>\n<meta name=\"robots\" content=\"index, follow, max-snippet:-1, max-image-preview:large, max-video-preview:-1\" \/>\n<link rel=\"canonical\" href=\"https:\/\/www.bellunopress.it\/fr\/2026\/04\/12\/belluno-taglio-degli-alberi-in-via-feltre-comunicazione-del-sindaco-oscar-de-pellegrin\/\" \/>\n<meta property=\"og:locale\" content=\"fr_FR\" \/>\n<meta property=\"og:type\" content=\"article\" \/>\n<meta property=\"og:title\" content=\"Belluno, taglio degli alberi in via Feltre. Comunicazione del sindaco Oscar De Pellegrin - Bellunopress - Dolomiti\" \/>\n<meta property=\"og:description\" content=\"L\u2019accesso alla via sar\u00e0 sempre garantito a residenti e clienti delle attivit\u00e0 Belluno, 12\/04\/2026 &#8211;\u00a0\u201cNon si tratter\u00e0 di una chiusura totale della via, residenti e clienti delle attivit\u00e0 economiche potranno continuare a muoversi e raggiungere le attivit\u00e0 presenti lungo la strada\u201d. Ci tiene a precisarlo il sindaco di Belluno Oscar De Pellegrin, entrando nel merito [&hellip;]\" \/>\n<meta property=\"og:url\" content=\"https:\/\/www.bellunopress.it\/fr\/2026\/04\/12\/belluno-taglio-degli-alberi-in-via-feltre-comunicazione-del-sindaco-oscar-de-pellegrin\/\" \/>\n<meta property=\"og:site_name\" content=\"Bellunopress - Dolomiti\" \/>\n<meta property=\"article:publisher\" content=\"https:\/\/www.facebook.com\/profile.php?id=100008943462799\" \/>\n<meta property=\"article:published_time\" content=\"2026-04-12T13:22:30+00:00\" \/>\n<meta property=\"og:image\" content=\"https:\/\/www.bellunopress.it\/wp-content\/uploads\/2024\/06\/Oscar-De-Pellegrin-sindaco_edited.jpg\" \/>\n\t<meta property=\"og:image:width\" content=\"979\" \/>\n\t<meta property=\"og:image:height\" content=\"1000\" \/>\n\t<meta property=\"og:image:type\" content=\"image\/jpeg\" \/>\n<meta name=\"author\" content=\"redazione\" \/>\n<meta name=\"twitter:card\" content=\"summary_large_image\" \/>\n<meta name=\"twitter:creator\" content=\"@bellunopress\" \/>\n<meta name=\"twitter:site\" content=\"@bellunopress\" \/>\n<meta name=\"twitter:label1\" content=\"\u00c9crit par\" \/>\n\t<meta name=\"twitter:data1\" content=\"redazione\" \/>\n\t<meta name=\"twitter:label2\" content=\"Dur\u00e9e de lecture estim\u00e9e\" \/>\n\t<meta name=\"twitter:data2\" content=\"2 minutes\" \/>\n<script type=\"application\/ld+json\" class=\"yoast-schema-graph\">{\"@context\":\"https:\\\/\\\/schema.org\",\"@graph\":[{\"@type\":\"Article\",\"@id\":\"https:\\\/\\\/www.bellunopress.it\\\/2026\\\/04\\\/12\\\/belluno-taglio-degli-alberi-in-via-feltre-comunicazione-del-sindaco-oscar-de-pellegrin\\\/#article\",\"isPartOf\":{\"@id\":\"https:\\\/\\\/www.bellunopress.it\\\/2026\\\/04\\\/12\\\/belluno-taglio-degli-alberi-in-via-feltre-comunicazione-del-sindaco-oscar-de-pellegrin\\\/\"},\"author\":{\"name\":\"redazione\",\"@id\":\"https:\\\/\\\/www.bellunopress.it\\\/#\\\/schema\\\/person\\\/79bb06722b37ece1c03d3e94beb30d73\"},\"headline\":\"Belluno, taglio degli alberi in via Feltre. Comunicazione del sindaco Oscar De Pellegrin\",\"datePublished\":\"2026-04-12T13:22:30+00:00\",\"mainEntityOfPage\":{\"@id\":\"https:\\\/\\\/www.bellunopress.it\\\/2026\\\/04\\\/12\\\/belluno-taglio-degli-alberi-in-via-feltre-comunicazione-del-sindaco-oscar-de-pellegrin\\\/\"},\"wordCount\":500,\"publisher\":{\"@id\":\"https:\\\/\\\/www.bellunopress.it\\\/#organization\"},\"image\":{\"@id\":\"https:\\\/\\\/www.bellunopress.it\\\/2026\\\/04\\\/12\\\/belluno-taglio-degli-alberi-in-via-feltre-comunicazione-del-sindaco-oscar-de-pellegrin\\\/#primaryimage\"},\"thumbnailUrl\":\"https:\\\/\\\/www.bellunopress.it\\\/wp-content\\\/uploads\\\/2024\\\/06\\\/Oscar-De-Pellegrin-sindaco_edited.jpg\",\"articleSection\":[\"Cronaca\\\/Politica\",\"Prima Pagina\"],\"inLanguage\":\"fr-FR\"},{\"@type\":\"WebPage\",\"@id\":\"https:\\\/\\\/www.bellunopress.it\\\/2026\\\/04\\\/12\\\/belluno-taglio-degli-alberi-in-via-feltre-comunicazione-del-sindaco-oscar-de-pellegrin\\\/\",\"url\":\"https:\\\/\\\/www.bellunopress.it\\\/2026\\\/04\\\/12\\\/belluno-taglio-degli-alberi-in-via-feltre-comunicazione-del-sindaco-oscar-de-pellegrin\\\/\",\"name\":\"Belluno, taglio degli alberi in via Feltre. Comunicazione del sindaco Oscar De Pellegrin - Bellunopress - Dolomiti\",\"isPartOf\":{\"@id\":\"https:\\\/\\\/www.bellunopress.it\\\/#website\"},\"primaryImageOfPage\":{\"@id\":\"https:\\\/\\\/www.bellunopress.it\\\/2026\\\/04\\\/12\\\/belluno-taglio-degli-alberi-in-via-feltre-comunicazione-del-sindaco-oscar-de-pellegrin\\\/#primaryimage\"},\"image\":{\"@id\":\"https:\\\/\\\/www.bellunopress.it\\\/2026\\\/04\\\/12\\\/belluno-taglio-degli-alberi-in-via-feltre-comunicazione-del-sindaco-oscar-de-pellegrin\\\/#primaryimage\"},\"thumbnailUrl\":\"https:\\\/\\\/www.bellunopress.it\\\/wp-content\\\/uploads\\\/2024\\\/06\\\/Oscar-De-Pellegrin-sindaco_edited.jpg\",\"datePublished\":\"2026-04-12T13:22:30+00:00\",\"breadcrumb\":{\"@id\":\"https:\\\/\\\/www.bellunopress.it\\\/2026\\\/04\\\/12\\\/belluno-taglio-degli-alberi-in-via-feltre-comunicazione-del-sindaco-oscar-de-pellegrin\\\/#breadcrumb\"},\"inLanguage\":\"fr-FR\",\"potentialAction\":[{\"@type\":\"ReadAction\",\"target\":[\"https:\\\/\\\/www.bellunopress.it\\\/2026\\\/04\\\/12\\\/belluno-taglio-degli-alberi-in-via-feltre-comunicazione-del-sindaco-oscar-de-pellegrin\\\/\"]}]},{\"@type\":\"ImageObject\",\"inLanguage\":\"fr-FR\",\"@id\":\"https:\\\/\\\/www.bellunopress.it\\\/2026\\\/04\\\/12\\\/belluno-taglio-degli-alberi-in-via-feltre-comunicazione-del-sindaco-oscar-de-pellegrin\\\/#primaryimage\",\"url\":\"https:\\\/\\\/www.bellunopress.it\\\/wp-content\\\/uploads\\\/2024\\\/06\\\/Oscar-De-Pellegrin-sindaco_edited.jpg\",\"contentUrl\":\"https:\\\/\\\/www.bellunopress.it\\\/wp-content\\\/uploads\\\/2024\\\/06\\\/Oscar-De-Pellegrin-sindaco_edited.jpg\",\"width\":979,\"height\":1000,\"caption\":\"Oscar De Pellegrin, sindaco di Belluno\"},{\"@type\":\"BreadcrumbList\",\"@id\":\"https:\\\/\\\/www.bellunopress.it\\\/2026\\\/04\\\/12\\\/belluno-taglio-degli-alberi-in-via-feltre-comunicazione-del-sindaco-oscar-de-pellegrin\\\/#breadcrumb\",\"itemListElement\":[{\"@type\":\"ListItem\",\"position\":1,\"name\":\"Home\",\"item\":\"https:\\\/\\\/www.bellunopress.it\\\/\"},{\"@type\":\"ListItem\",\"position\":2,\"name\":\"Belluno, taglio degli alberi in via Feltre. Comunicazione del sindaco Oscar De Pellegrin\"}]},{\"@type\":\"WebSite\",\"@id\":\"https:\\\/\\\/www.bellunopress.it\\\/#website\",\"url\":\"https:\\\/\\\/www.bellunopress.it\\\/\",\"name\":\"Bellunopress - Dolomiti\",\"description\":\"e-mail: redazione@bellunopress.it\",\"publisher\":{\"@id\":\"https:\\\/\\\/www.bellunopress.it\\\/#organization\"},\"potentialAction\":[{\"@type\":\"SearchAction\",\"target\":{\"@type\":\"EntryPoint\",\"urlTemplate\":\"https:\\\/\\\/www.bellunopress.it\\\/?s={search_term_string}\"},\"query-input\":{\"@type\":\"PropertyValueSpecification\",\"valueRequired\":true,\"valueName\":\"search_term_string\"}}],\"inLanguage\":\"fr-FR\"},{\"@type\":\"Organization\",\"@id\":\"https:\\\/\\\/www.bellunopress.it\\\/#organization\",\"name\":\"Bellunopress\",\"url\":\"https:\\\/\\\/www.bellunopress.it\\\/\",\"logo\":{\"@type\":\"ImageObject\",\"inLanguage\":\"fr-FR\",\"@id\":\"https:\\\/\\\/www.bellunopress.it\\\/#\\\/schema\\\/logo\\\/image\\\/\",\"url\":\"https:\\\/\\\/www.bellunopress.it\\\/wp-content\\\/uploads\\\/2011\\\/05\\\/cropped-logo-bellunopress-.jpg\",\"contentUrl\":\"https:\\\/\\\/www.bellunopress.it\\\/wp-content\\\/uploads\\\/2011\\\/05\\\/cropped-logo-bellunopress-.jpg\",\"width\":512,\"height\":512,\"caption\":\"Bellunopress\"},\"image\":{\"@id\":\"https:\\\/\\\/www.bellunopress.it\\\/#\\\/schema\\\/logo\\\/image\\\/\"},\"sameAs\":[\"https:\\\/\\\/www.facebook.com\\\/profile.php?id=100008943462799\",\"https:\\\/\\\/x.com\\\/bellunopress\",\"https:\\\/\\\/www.linkedin.com\\\/hp\\\/?dnr=JBzUWaJfMUw8vbXJJ2tVW5-I3jZKvC4wsoxE&amp;amp;amp;amp;amp;amp;trk=nav_responsive_tab_home\",\"https:\\\/\\\/www.youtube.com\\\/channel\\\/UCxL0wu1uN0_3_7hGG0306cw\"]},{\"@type\":\"Person\",\"@id\":\"https:\\\/\\\/www.bellunopress.it\\\/#\\\/schema\\\/person\\\/79bb06722b37ece1c03d3e94beb30d73\",\"name\":\"redazione\",\"image\":{\"@type\":\"ImageObject\",\"inLanguage\":\"fr-FR\",\"@id\":\"https:\\\/\\\/secure.gravatar.com\\\/avatar\\\/37d968a2e67a6fd04c169c4bdef102d0bc5d31b2546345219e348575eb80e9a0?s=96&d=mm&r=g\",\"url\":\"https:\\\/\\\/secure.gravatar.com\\\/avatar\\\/37d968a2e67a6fd04c169c4bdef102d0bc5d31b2546345219e348575eb80e9a0?s=96&d=mm&r=g\",\"contentUrl\":\"https:\\\/\\\/secure.gravatar.com\\\/avatar\\\/37d968a2e67a6fd04c169c4bdef102d0bc5d31b2546345219e348575eb80e9a0?s=96&d=mm&r=g\",\"caption\":\"redazione\"},\"sameAs\":[\"http:\\\/\\\/www.bellunopress.it\",\"https:\\\/\\\/x.com\\\/bellunopress\"],\"url\":\"https:\\\/\\\/www.bellunopress.it\\\/fr\\\/author\\\/redazione\\\/\"}]}<\/script>\n<!-- \/ Yoast SEO plugin. -->","yoast_head_json":{"title":"Belluno, taglio degli alberi in via Feltre. Comunicazione del sindaco Oscar De Pellegrin - Bellunopress - Dolomiti","robots":{"index":"index","follow":"follow","max-snippet":"max-snippet:-1","max-image-preview":"max-image-preview:large","max-video-preview":"max-video-preview:-1"},"canonical":"https:\/\/www.bellunopress.it\/fr\/2026\/04\/12\/belluno-taglio-degli-alberi-in-via-feltre-comunicazione-del-sindaco-oscar-de-pellegrin\/","og_locale":"fr_FR","og_type":"article","og_title":"Belluno, taglio degli alberi in via Feltre. Comunicazione del sindaco Oscar De Pellegrin - Bellunopress - Dolomiti","og_description":"L\u2019accesso alla via sar\u00e0 sempre garantito a residenti e clienti delle attivit\u00e0 Belluno, 12\/04\/2026 &#8211;\u00a0\u201cNon si tratter\u00e0 di una chiusura totale della via, residenti e clienti delle attivit\u00e0 economiche potranno continuare a muoversi e raggiungere le attivit\u00e0 presenti lungo la strada\u201d. Ci tiene a precisarlo il sindaco di Belluno Oscar De Pellegrin, entrando nel merito [&hellip;]","og_url":"https:\/\/www.bellunopress.it\/fr\/2026\/04\/12\/belluno-taglio-degli-alberi-in-via-feltre-comunicazione-del-sindaco-oscar-de-pellegrin\/","og_site_name":"Bellunopress - Dolomiti","article_publisher":"https:\/\/www.facebook.com\/profile.php?id=100008943462799","article_published_time":"2026-04-12T13:22:30+00:00","og_image":[{"width":979,"height":1000,"url":"https:\/\/www.bellunopress.it\/wp-content\/uploads\/2024\/06\/Oscar-De-Pellegrin-sindaco_edited.jpg","type":"image\/jpeg"}],"author":"redazione","twitter_card":"summary_large_image","twitter_creator":"@bellunopress","twitter_site":"@bellunopress","twitter_misc":{"\u00c9crit par":"redazione","Dur\u00e9e de lecture estim\u00e9e":"2 minutes"},"schema":{"@context":"https:\/\/schema.org","@graph":[{"@type":"Article","@id":"https:\/\/www.bellunopress.it\/2026\/04\/12\/belluno-taglio-degli-alberi-in-via-feltre-comunicazione-del-sindaco-oscar-de-pellegrin\/#article","isPartOf":{"@id":"https:\/\/www.bellunopress.it\/2026\/04\/12\/belluno-taglio-degli-alberi-in-via-feltre-comunicazione-del-sindaco-oscar-de-pellegrin\/"},"author":{"name":"redazione","@id":"https:\/\/www.bellunopress.it\/#\/schema\/person\/79bb06722b37ece1c03d3e94beb30d73"},"headline":"Belluno, taglio degli alberi in via Feltre. Comunicazione del sindaco Oscar De Pellegrin","datePublished":"2026-04-12T13:22:30+00:00","mainEntityOfPage":{"@id":"https:\/\/www.bellunopress.it\/2026\/04\/12\/belluno-taglio-degli-alberi-in-via-feltre-comunicazione-del-sindaco-oscar-de-pellegrin\/"},"wordCount":500,"publisher":{"@id":"https:\/\/www.bellunopress.it\/#organization"},"image":{"@id":"https:\/\/www.bellunopress.it\/2026\/04\/12\/belluno-taglio-degli-alberi-in-via-feltre-comunicazione-del-sindaco-oscar-de-pellegrin\/#primaryimage"},"thumbnailUrl":"https:\/\/www.bellunopress.it\/wp-content\/uploads\/2024\/06\/Oscar-De-Pellegrin-sindaco_edited.jpg","articleSection":["Cronaca\/Politica","Prima Pagina"],"inLanguage":"fr-FR"},{"@type":"WebPage","@id":"https:\/\/www.bellunopress.it\/2026\/04\/12\/belluno-taglio-degli-alberi-in-via-feltre-comunicazione-del-sindaco-oscar-de-pellegrin\/","url":"https:\/\/www.bellunopress.it\/2026\/04\/12\/belluno-taglio-degli-alberi-in-via-feltre-comunicazione-del-sindaco-oscar-de-pellegrin\/","name":"Belluno, taglio degli alberi in via Feltre. Comunicazione del sindaco Oscar De Pellegrin - Bellunopress - Dolomiti","isPartOf":{"@id":"https:\/\/www.bellunopress.it\/#website"},"primaryImageOfPage":{"@id":"https:\/\/www.bellunopress.it\/2026\/04\/12\/belluno-taglio-degli-alberi-in-via-feltre-comunicazione-del-sindaco-oscar-de-pellegrin\/#primaryimage"},"image":{"@id":"https:\/\/www.bellunopress.it\/2026\/04\/12\/belluno-taglio-degli-alberi-in-via-feltre-comunicazione-del-sindaco-oscar-de-pellegrin\/#primaryimage"},"thumbnailUrl":"https:\/\/www.bellunopress.it\/wp-content\/uploads\/2024\/06\/Oscar-De-Pellegrin-sindaco_edited.jpg","datePublished":"2026-04-12T13:22:30+00:00","breadcrumb":{"@id":"https:\/\/www.bellunopress.it\/2026\/04\/12\/belluno-taglio-degli-alberi-in-via-feltre-comunicazione-del-sindaco-oscar-de-pellegrin\/#breadcrumb"},"inLanguage":"fr-FR","potentialAction":[{"@type":"ReadAction","target":["https:\/\/www.bellunopress.it\/2026\/04\/12\/belluno-taglio-degli-alberi-in-via-feltre-comunicazione-del-sindaco-oscar-de-pellegrin\/"]}]},{"@type":"ImageObject","inLanguage":"fr-FR","@id":"https:\/\/www.bellunopress.it\/2026\/04\/12\/belluno-taglio-degli-alberi-in-via-feltre-comunicazione-del-sindaco-oscar-de-pellegrin\/#primaryimage","url":"https:\/\/www.bellunopress.it\/wp-content\/uploads\/2024\/06\/Oscar-De-Pellegrin-sindaco_edited.jpg","contentUrl":"https:\/\/www.bellunopress.it\/wp-content\/uploads\/2024\/06\/Oscar-De-Pellegrin-sindaco_edited.jpg","width":979,"height":1000,"caption":"Oscar De Pellegrin, sindaco di Belluno"},{"@type":"BreadcrumbList","@id":"https:\/\/www.bellunopress.it\/2026\/04\/12\/belluno-taglio-degli-alberi-in-via-feltre-comunicazione-del-sindaco-oscar-de-pellegrin\/#breadcrumb","itemListElement":[{"@type":"ListItem","position":1,"name":"Home","item":"https:\/\/www.bellunopress.it\/"},{"@type":"ListItem","position":2,"name":"Belluno, taglio degli alberi in via Feltre. Comunicazione del sindaco Oscar De Pellegrin"}]},{"@type":"WebSite","@id":"https:\/\/www.bellunopress.it\/#website","url":"https:\/\/www.bellunopress.it\/","name":"Bellunopress - Dolomiti","description":"e-mail: redazione@bellunopress.it","publisher":{"@id":"https:\/\/www.bellunopress.it\/#organization"},"potentialAction":[{"@type":"SearchAction","target":{"@type":"EntryPoint","urlTemplate":"https:\/\/www.bellunopress.it\/?s={search_term_string}"},"query-input":{"@type":"PropertyValueSpecification","valueRequired":true,"valueName":"search_term_string"}}],"inLanguage":"fr-FR"},{"@type":"Organization","@id":"https:\/\/www.bellunopress.it\/#organization","name":"Bellunopress","url":"https:\/\/www.bellunopress.it\/","logo":{"@type":"ImageObject","inLanguage":"fr-FR","@id":"https:\/\/www.bellunopress.it\/#\/schema\/logo\/image\/","url":"https:\/\/www.bellunopress.it\/wp-content\/uploads\/2011\/05\/cropped-logo-bellunopress-.jpg","contentUrl":"https:\/\/www.bellunopress.it\/wp-content\/uploads\/2011\/05\/cropped-logo-bellunopress-.jpg","width":512,"height":512,"caption":"Bellunopress"},"image":{"@id":"https:\/\/www.bellunopress.it\/#\/schema\/logo\/image\/"},"sameAs":["https:\/\/www.facebook.com\/profile.php?id=100008943462799","https:\/\/x.com\/bellunopress","https:\/\/www.linkedin.com\/hp\/?dnr=JBzUWaJfMUw8vbXJJ2tVW5-I3jZKvC4wsoxE&amp;amp;amp;amp;amp;amp;trk=nav_responsive_tab_home","https:\/\/www.youtube.com\/channel\/UCxL0wu1uN0_3_7hGG0306cw"]},{"@type":"Person","@id":"https:\/\/www.bellunopress.it\/#\/schema\/person\/79bb06722b37ece1c03d3e94beb30d73","name":"r\u00e9daction","image":{"@type":"ImageObject","inLanguage":"fr-FR","@id":"https:\/\/secure.gravatar.com\/avatar\/37d968a2e67a6fd04c169c4bdef102d0bc5d31b2546345219e348575eb80e9a0?s=96&d=mm&r=g","url":"https:\/\/secure.gravatar.com\/avatar\/37d968a2e67a6fd04c169c4bdef102d0bc5d31b2546345219e348575eb80e9a0?s=96&d=mm&r=g","contentUrl":"https:\/\/secure.gravatar.com\/avatar\/37d968a2e67a6fd04c169c4bdef102d0bc5d31b2546345219e348575eb80e9a0?s=96&d=mm&r=g","caption":"redazione"},"sameAs":["http:\/\/www.bellunopress.it","https:\/\/x.com\/bellunopress"],"url":"https:\/\/www.bellunopress.it\/fr\/author\/redazione\/"}]}},"_links":{"self":[{"href":"https:\/\/www.bellunopress.it\/fr\/wp-json\/wp\/v2\/posts\/169023","targetHints":{"allow":["GET"]}}],"collection":[{"href":"https:\/\/www.bellunopress.it\/fr\/wp-json\/wp\/v2\/posts"}],"about":[{"href":"https:\/\/www.bellunopress.it\/fr\/wp-json\/wp\/v2\/types\/post"}],"author":[{"embeddable":true,"href":"https:\/\/www.bellunopress.it\/fr\/wp-json\/wp\/v2\/users\/2"}],"replies":[{"embeddable":true,"href":"https:\/\/www.bellunopress.it\/fr\/wp-json\/wp\/v2\/comments?post=169023"}],"version-history":[{"count":1,"href":"https:\/\/www.bellunopress.it\/fr\/wp-json\/wp\/v2\/posts\/169023\/revisions"}],"predecessor-version":[{"id":169024,"href":"https:\/\/www.bellunopress.it\/fr\/wp-json\/wp\/v2\/posts\/169023\/revisions\/169024"}],"wp:featuredmedia":[{"embeddable":true,"href":"https:\/\/www.bellunopress.it\/fr\/wp-json\/wp\/v2\/media\/151884"}],"wp:attachment":[{"href":"https:\/\/www.bellunopress.it\/fr\/wp-json\/wp\/v2\/media?parent=169023"}],"wp:term":[{"taxonomy":"category","embeddable":true,"href":"https:\/\/www.bellunopress.it\/fr\/wp-json\/wp\/v2\/categories?post=169023"},{"taxonomy":"post_tag","embeddable":true,"href":"https:\/\/www.bellunopress.it\/fr\/wp-json\/wp\/v2\/tags?post=169023"}],"curies":[{"name":"wp","href":"https:\/\/api.w.org\/{rel}","templated":true}]}}