{"id":169017,"date":"2026-04-12T15:07:16","date_gmt":"2026-04-12T13:07:16","guid":{"rendered":"https:\/\/www.bellunopress.it\/?p=169017"},"modified":"2026-04-12T15:07:16","modified_gmt":"2026-04-12T13:07:16","slug":"giornate-di-formazione-per-gli-agenti-del-compartimento-polizia-stradale-trentino-alto-adide-e-belluno","status":"publish","type":"post","link":"https:\/\/www.bellunopress.it\/fr\/2026\/04\/12\/giornate-di-formazione-per-gli-agenti-del-compartimento-polizia-stradale-trentino-alto-adide-e-belluno\/","title":{"rendered":"Giornate di formazione per gli agenti del Compartimento Polizia Stradale Trentino Alto Adide e Belluno"},"content":{"rendered":"<p>Bolzano, 12 aprile 2026 &#8211; In vista di importanti appuntamenti delle prossime settimane, si \u00e8 intensificata l&#8217;attivit\u00e0 di formazione specialistica per gli Agenti del Compartimento Polizia Stradale Trentino Alto Adige e Belluno.<br \/>\nIn una prima giornata, svoltasi al Centro Congressi Interbrennero di Trento, gli Agenti della Polizia Stradale di Bolzano, Trento e Belluno hanno assistito ad un seminario di approfondimento realizzato in collaborazione con Assogomma ed il Politecnico di Torino.<\/p>\n<p>La collaborazione fra la Polizia Stradale ed Assogomma, che riunisce i maggiori produttori di<br \/>\npneumatici italiani, vanta una durata quasi ventennale ed \u00e8 finalizzata ad elevare la preparazione degli operatori di polizia stradale per lo svolgimento dei loro compiti di controllo ed informazione agli automobilisti. Le importanti movimentazioni di veicoli attese per i &#8220;ponti&#8221; di primavera, pongono l&#8217;accento sull&#8217;importanza della corretta manutenzione dei veicoli. Freni e gomme costituiscono, in particolare, il caposaldo della sicurezza, in ogni situazione e su ogni fondo stradale.<\/p>\n<p>Dal 20 al 24 aprile, gli Agenti del Compartimento Polizia Stradale Trentino Alto Adige e Belluno saranno impegnati nei servizi di scorta al Tour of The Alps 2026. La competizione vedr\u00e0, anche quest&#8217;anno, la partecipazione di Squadre ed Atleti professionisti provenienti da paesi europei ed extraeuropei (la scorsa edizione \u00e8 stata vinta dall&#8217;australiano Michael<br \/>\nStorer). Il Tour of The Alps si svolge, come sempre, sotto l&#8217;egida dell&#8217;Euregio Tirol S\u00fcdtirol Trentino.<\/p>\n<p>I percorsi delle quattro tappe che si svolgeranno sul territorio nazionale (le prime due tappe saranno in territorio austriaco), interesseranno le province di Trento e Bolzano, citt\u00e0 dove la gara avr\u00e0 conclusione nel pomeriggio del 24 aprile.<br \/>\nIn quest&#8217;ottica sono state programmate per la Squadra della Polizia Stradale che assicurer\u00e0 la scorta tecnica del Tour, delle giornate di formazione teorico \/ pratica.<br \/>\nGli Istruttori della Polizia Stradale, presso l&#8217;Auditorium della Provincia Autonoma di piazza Silvius Magnago a Bolzano, hanno illustrato le ultime novit\u00e0 legislative e le pi\u00f9 recenti evoluzioni ed aggiornamenti nelle metodiche di scorta tecnica. Nelle due giornate seguenti si svolgeranno sopralluoghi ed esercitazioni pratiche sulle strade montane dei percorsi di gara.<\/p>","protected":false},"excerpt":{"rendered":"<p>Bolzano, 12 aprile 2026 &#8211; In vista di importanti appuntamenti delle prossime settimane, si \u00e8 intensificata l&#8217;attivit\u00e0 di formazione specialistica per gli Agenti del Compartimento Polizia Stradale Trentino Alto Adige e Belluno. In una prima giornata, svoltasi al Centro Congressi Interbrennero di Trento, gli Agenti della Polizia Stradale di Bolzano, Trento e Belluno hanno assistito [&hellip;]<\/p>\n","protected":false},"author":2,"featured_media":169018,"comment_status":"closed","ping_status":"open","sticky":false,"template":"","format":"standard","meta":{"footnotes":""},"categories":[26,8],"tags":[],"class_list":["post-169017","post","type-post","status-publish","format-standard","has-post-thumbnail","category-prima-pagina","category-societa-istituzioni"],"yoast_head":"<!-- This site is optimized with the Yoast SEO plugin v28.4 - https:\/\/yoast.com\/product\/yoast-seo-wordpress\/ -->\n<title>Giornate di formazione per gli agenti del Compartimento Polizia Stradale Trentino Alto Adide e Belluno - Bellunopress - Dolomiti<\/title>\n<meta name=\"robots\" content=\"index, follow, max-snippet:-1, max-image-preview:large, max-video-preview:-1\" \/>\n<link rel=\"canonical\" href=\"https:\/\/www.bellunopress.it\/fr\/2026\/04\/12\/giornate-di-formazione-per-gli-agenti-del-compartimento-polizia-stradale-trentino-alto-adide-e-belluno\/\" \/>\n<meta property=\"og:locale\" content=\"fr_FR\" \/>\n<meta property=\"og:type\" content=\"article\" \/>\n<meta property=\"og:title\" content=\"Giornate di formazione per gli agenti del Compartimento Polizia Stradale Trentino Alto Adide e Belluno - Bellunopress - Dolomiti\" \/>\n<meta property=\"og:description\" content=\"Bolzano, 12 aprile 2026 &#8211; In vista di importanti appuntamenti delle prossime settimane, si \u00e8 intensificata l&#8217;attivit\u00e0 di formazione specialistica per gli Agenti del Compartimento Polizia Stradale Trentino Alto Adige e Belluno. In una prima giornata, svoltasi al Centro Congressi Interbrennero di Trento, gli Agenti della Polizia Stradale di Bolzano, Trento e Belluno hanno assistito [&hellip;]\" \/>\n<meta property=\"og:url\" content=\"https:\/\/www.bellunopress.it\/fr\/2026\/04\/12\/giornate-di-formazione-per-gli-agenti-del-compartimento-polizia-stradale-trentino-alto-adide-e-belluno\/\" \/>\n<meta property=\"og:site_name\" content=\"Bellunopress - Dolomiti\" \/>\n<meta property=\"article:publisher\" content=\"https:\/\/www.facebook.com\/profile.php?id=100008943462799\" \/>\n<meta property=\"article:published_time\" content=\"2026-04-12T13:07:16+00:00\" \/>\n<meta property=\"og:image\" content=\"https:\/\/www.bellunopress.it\/wp-content\/uploads\/2026\/04\/Polizia-Stradale.jpg\" \/>\n\t<meta property=\"og:image:width\" content=\"600\" \/>\n\t<meta property=\"og:image:height\" content=\"337\" \/>\n\t<meta property=\"og:image:type\" content=\"image\/jpeg\" \/>\n<meta name=\"author\" content=\"redazione\" \/>\n<meta name=\"twitter:card\" content=\"summary_large_image\" \/>\n<meta name=\"twitter:creator\" content=\"@bellunopress\" \/>\n<meta name=\"twitter:site\" content=\"@bellunopress\" \/>\n<meta name=\"twitter:label1\" content=\"\u00c9crit par\" \/>\n\t<meta name=\"twitter:data1\" content=\"redazione\" \/>\n\t<meta name=\"twitter:label2\" content=\"Dur\u00e9e de lecture estim\u00e9e\" \/>\n\t<meta name=\"twitter:data2\" content=\"2 minutes\" \/>\n<script type=\"application\/ld+json\" class=\"yoast-schema-graph\">{\"@context\":\"https:\\\/\\\/schema.org\",\"@graph\":[{\"@type\":\"Article\",\"@id\":\"https:\\\/\\\/www.bellunopress.it\\\/2026\\\/04\\\/12\\\/giornate-di-formazione-per-gli-agenti-del-compartimento-polizia-stradale-trentino-alto-adide-e-belluno\\\/#article\",\"isPartOf\":{\"@id\":\"https:\\\/\\\/www.bellunopress.it\\\/2026\\\/04\\\/12\\\/giornate-di-formazione-per-gli-agenti-del-compartimento-polizia-stradale-trentino-alto-adide-e-belluno\\\/\"},\"author\":{\"name\":\"redazione\",\"@id\":\"https:\\\/\\\/www.bellunopress.it\\\/#\\\/schema\\\/person\\\/79bb06722b37ece1c03d3e94beb30d73\"},\"headline\":\"Giornate di formazione per gli agenti del Compartimento Polizia Stradale Trentino Alto Adide e Belluno\",\"datePublished\":\"2026-04-12T13:07:16+00:00\",\"mainEntityOfPage\":{\"@id\":\"https:\\\/\\\/www.bellunopress.it\\\/2026\\\/04\\\/12\\\/giornate-di-formazione-per-gli-agenti-del-compartimento-polizia-stradale-trentino-alto-adide-e-belluno\\\/\"},\"wordCount\":350,\"publisher\":{\"@id\":\"https:\\\/\\\/www.bellunopress.it\\\/#organization\"},\"image\":{\"@id\":\"https:\\\/\\\/www.bellunopress.it\\\/2026\\\/04\\\/12\\\/giornate-di-formazione-per-gli-agenti-del-compartimento-polizia-stradale-trentino-alto-adide-e-belluno\\\/#primaryimage\"},\"thumbnailUrl\":\"https:\\\/\\\/www.bellunopress.it\\\/wp-content\\\/uploads\\\/2026\\\/04\\\/Polizia-Stradale.jpg\",\"articleSection\":[\"Prima Pagina\",\"Societ\u00e0, Associazioni, Istituzioni\"],\"inLanguage\":\"fr-FR\"},{\"@type\":\"WebPage\",\"@id\":\"https:\\\/\\\/www.bellunopress.it\\\/2026\\\/04\\\/12\\\/giornate-di-formazione-per-gli-agenti-del-compartimento-polizia-stradale-trentino-alto-adide-e-belluno\\\/\",\"url\":\"https:\\\/\\\/www.bellunopress.it\\\/2026\\\/04\\\/12\\\/giornate-di-formazione-per-gli-agenti-del-compartimento-polizia-stradale-trentino-alto-adide-e-belluno\\\/\",\"name\":\"Giornate di formazione per gli agenti del Compartimento Polizia Stradale Trentino Alto Adide e Belluno - Bellunopress - Dolomiti\",\"isPartOf\":{\"@id\":\"https:\\\/\\\/www.bellunopress.it\\\/#website\"},\"primaryImageOfPage\":{\"@id\":\"https:\\\/\\\/www.bellunopress.it\\\/2026\\\/04\\\/12\\\/giornate-di-formazione-per-gli-agenti-del-compartimento-polizia-stradale-trentino-alto-adide-e-belluno\\\/#primaryimage\"},\"image\":{\"@id\":\"https:\\\/\\\/www.bellunopress.it\\\/2026\\\/04\\\/12\\\/giornate-di-formazione-per-gli-agenti-del-compartimento-polizia-stradale-trentino-alto-adide-e-belluno\\\/#primaryimage\"},\"thumbnailUrl\":\"https:\\\/\\\/www.bellunopress.it\\\/wp-content\\\/uploads\\\/2026\\\/04\\\/Polizia-Stradale.jpg\",\"datePublished\":\"2026-04-12T13:07:16+00:00\",\"breadcrumb\":{\"@id\":\"https:\\\/\\\/www.bellunopress.it\\\/2026\\\/04\\\/12\\\/giornate-di-formazione-per-gli-agenti-del-compartimento-polizia-stradale-trentino-alto-adide-e-belluno\\\/#breadcrumb\"},\"inLanguage\":\"fr-FR\",\"potentialAction\":[{\"@type\":\"ReadAction\",\"target\":[\"https:\\\/\\\/www.bellunopress.it\\\/2026\\\/04\\\/12\\\/giornate-di-formazione-per-gli-agenti-del-compartimento-polizia-stradale-trentino-alto-adide-e-belluno\\\/\"]}]},{\"@type\":\"ImageObject\",\"inLanguage\":\"fr-FR\",\"@id\":\"https:\\\/\\\/www.bellunopress.it\\\/2026\\\/04\\\/12\\\/giornate-di-formazione-per-gli-agenti-del-compartimento-polizia-stradale-trentino-alto-adide-e-belluno\\\/#primaryimage\",\"url\":\"https:\\\/\\\/www.bellunopress.it\\\/wp-content\\\/uploads\\\/2026\\\/04\\\/Polizia-Stradale.jpg\",\"contentUrl\":\"https:\\\/\\\/www.bellunopress.it\\\/wp-content\\\/uploads\\\/2026\\\/04\\\/Polizia-Stradale.jpg\",\"width\":600,\"height\":337},{\"@type\":\"BreadcrumbList\",\"@id\":\"https:\\\/\\\/www.bellunopress.it\\\/2026\\\/04\\\/12\\\/giornate-di-formazione-per-gli-agenti-del-compartimento-polizia-stradale-trentino-alto-adide-e-belluno\\\/#breadcrumb\",\"itemListElement\":[{\"@type\":\"ListItem\",\"position\":1,\"name\":\"Home\",\"item\":\"https:\\\/\\\/www.bellunopress.it\\\/\"},{\"@type\":\"ListItem\",\"position\":2,\"name\":\"Giornate di formazione per gli agenti del Compartimento Polizia Stradale Trentino Alto Adide e Belluno\"}]},{\"@type\":\"WebSite\",\"@id\":\"https:\\\/\\\/www.bellunopress.it\\\/#website\",\"url\":\"https:\\\/\\\/www.bellunopress.it\\\/\",\"name\":\"Bellunopress - Dolomiti\",\"description\":\"e-mail: redazione@bellunopress.it\",\"publisher\":{\"@id\":\"https:\\\/\\\/www.bellunopress.it\\\/#organization\"},\"potentialAction\":[{\"@type\":\"SearchAction\",\"target\":{\"@type\":\"EntryPoint\",\"urlTemplate\":\"https:\\\/\\\/www.bellunopress.it\\\/?s={search_term_string}\"},\"query-input\":{\"@type\":\"PropertyValueSpecification\",\"valueRequired\":true,\"valueName\":\"search_term_string\"}}],\"inLanguage\":\"fr-FR\"},{\"@type\":\"Organization\",\"@id\":\"https:\\\/\\\/www.bellunopress.it\\\/#organization\",\"name\":\"Bellunopress\",\"url\":\"https:\\\/\\\/www.bellunopress.it\\\/\",\"logo\":{\"@type\":\"ImageObject\",\"inLanguage\":\"fr-FR\",\"@id\":\"https:\\\/\\\/www.bellunopress.it\\\/#\\\/schema\\\/logo\\\/image\\\/\",\"url\":\"https:\\\/\\\/www.bellunopress.it\\\/wp-content\\\/uploads\\\/2011\\\/05\\\/cropped-logo-bellunopress-.jpg\",\"contentUrl\":\"https:\\\/\\\/www.bellunopress.it\\\/wp-content\\\/uploads\\\/2011\\\/05\\\/cropped-logo-bellunopress-.jpg\",\"width\":512,\"height\":512,\"caption\":\"Bellunopress\"},\"image\":{\"@id\":\"https:\\\/\\\/www.bellunopress.it\\\/#\\\/schema\\\/logo\\\/image\\\/\"},\"sameAs\":[\"https:\\\/\\\/www.facebook.com\\\/profile.php?id=100008943462799\",\"https:\\\/\\\/x.com\\\/bellunopress\",\"https:\\\/\\\/www.linkedin.com\\\/hp\\\/?dnr=JBzUWaJfMUw8vbXJJ2tVW5-I3jZKvC4wsoxE&amp;amp;amp;amp;amp;amp;trk=nav_responsive_tab_home\",\"https:\\\/\\\/www.youtube.com\\\/channel\\\/UCxL0wu1uN0_3_7hGG0306cw\"]},{\"@type\":\"Person\",\"@id\":\"https:\\\/\\\/www.bellunopress.it\\\/#\\\/schema\\\/person\\\/79bb06722b37ece1c03d3e94beb30d73\",\"name\":\"redazione\",\"image\":{\"@type\":\"ImageObject\",\"inLanguage\":\"fr-FR\",\"@id\":\"https:\\\/\\\/secure.gravatar.com\\\/avatar\\\/37d968a2e67a6fd04c169c4bdef102d0bc5d31b2546345219e348575eb80e9a0?s=96&d=mm&r=g\",\"url\":\"https:\\\/\\\/secure.gravatar.com\\\/avatar\\\/37d968a2e67a6fd04c169c4bdef102d0bc5d31b2546345219e348575eb80e9a0?s=96&d=mm&r=g\",\"contentUrl\":\"https:\\\/\\\/secure.gravatar.com\\\/avatar\\\/37d968a2e67a6fd04c169c4bdef102d0bc5d31b2546345219e348575eb80e9a0?s=96&d=mm&r=g\",\"caption\":\"redazione\"},\"sameAs\":[\"http:\\\/\\\/www.bellunopress.it\",\"https:\\\/\\\/x.com\\\/bellunopress\"],\"url\":\"https:\\\/\\\/www.bellunopress.it\\\/fr\\\/author\\\/redazione\\\/\"}]}<\/script>\n<!-- \/ Yoast SEO plugin. -->","yoast_head_json":{"title":"Giornate di formazione per gli agenti del Compartimento Polizia Stradale Trentino Alto Adide e Belluno - Bellunopress - Dolomiti","robots":{"index":"index","follow":"follow","max-snippet":"max-snippet:-1","max-image-preview":"max-image-preview:large","max-video-preview":"max-video-preview:-1"},"canonical":"https:\/\/www.bellunopress.it\/fr\/2026\/04\/12\/giornate-di-formazione-per-gli-agenti-del-compartimento-polizia-stradale-trentino-alto-adide-e-belluno\/","og_locale":"fr_FR","og_type":"article","og_title":"Giornate di formazione per gli agenti del Compartimento Polizia Stradale Trentino Alto Adide e Belluno - Bellunopress - Dolomiti","og_description":"Bolzano, 12 aprile 2026 &#8211; In vista di importanti appuntamenti delle prossime settimane, si \u00e8 intensificata l&#8217;attivit\u00e0 di formazione specialistica per gli Agenti del Compartimento Polizia Stradale Trentino Alto Adige e Belluno. In una prima giornata, svoltasi al Centro Congressi Interbrennero di Trento, gli Agenti della Polizia Stradale di Bolzano, Trento e Belluno hanno assistito [&hellip;]","og_url":"https:\/\/www.bellunopress.it\/fr\/2026\/04\/12\/giornate-di-formazione-per-gli-agenti-del-compartimento-polizia-stradale-trentino-alto-adide-e-belluno\/","og_site_name":"Bellunopress - Dolomiti","article_publisher":"https:\/\/www.facebook.com\/profile.php?id=100008943462799","article_published_time":"2026-04-12T13:07:16+00:00","og_image":[{"width":600,"height":337,"url":"https:\/\/www.bellunopress.it\/wp-content\/uploads\/2026\/04\/Polizia-Stradale.jpg","type":"image\/jpeg"}],"author":"redazione","twitter_card":"summary_large_image","twitter_creator":"@bellunopress","twitter_site":"@bellunopress","twitter_misc":{"\u00c9crit par":"redazione","Dur\u00e9e de lecture estim\u00e9e":"2 minutes"},"schema":{"@context":"https:\/\/schema.org","@graph":[{"@type":"Article","@id":"https:\/\/www.bellunopress.it\/2026\/04\/12\/giornate-di-formazione-per-gli-agenti-del-compartimento-polizia-stradale-trentino-alto-adide-e-belluno\/#article","isPartOf":{"@id":"https:\/\/www.bellunopress.it\/2026\/04\/12\/giornate-di-formazione-per-gli-agenti-del-compartimento-polizia-stradale-trentino-alto-adide-e-belluno\/"},"author":{"name":"redazione","@id":"https:\/\/www.bellunopress.it\/#\/schema\/person\/79bb06722b37ece1c03d3e94beb30d73"},"headline":"Giornate di formazione per gli agenti del Compartimento Polizia Stradale Trentino Alto Adide e Belluno","datePublished":"2026-04-12T13:07:16+00:00","mainEntityOfPage":{"@id":"https:\/\/www.bellunopress.it\/2026\/04\/12\/giornate-di-formazione-per-gli-agenti-del-compartimento-polizia-stradale-trentino-alto-adide-e-belluno\/"},"wordCount":350,"publisher":{"@id":"https:\/\/www.bellunopress.it\/#organization"},"image":{"@id":"https:\/\/www.bellunopress.it\/2026\/04\/12\/giornate-di-formazione-per-gli-agenti-del-compartimento-polizia-stradale-trentino-alto-adide-e-belluno\/#primaryimage"},"thumbnailUrl":"https:\/\/www.bellunopress.it\/wp-content\/uploads\/2026\/04\/Polizia-Stradale.jpg","articleSection":["Prima Pagina","Societ\u00e0, Associazioni, Istituzioni"],"inLanguage":"fr-FR"},{"@type":"WebPage","@id":"https:\/\/www.bellunopress.it\/2026\/04\/12\/giornate-di-formazione-per-gli-agenti-del-compartimento-polizia-stradale-trentino-alto-adide-e-belluno\/","url":"https:\/\/www.bellunopress.it\/2026\/04\/12\/giornate-di-formazione-per-gli-agenti-del-compartimento-polizia-stradale-trentino-alto-adide-e-belluno\/","name":"Giornate di formazione per gli agenti del Compartimento Polizia Stradale Trentino Alto Adide e Belluno - Bellunopress - Dolomiti","isPartOf":{"@id":"https:\/\/www.bellunopress.it\/#website"},"primaryImageOfPage":{"@id":"https:\/\/www.bellunopress.it\/2026\/04\/12\/giornate-di-formazione-per-gli-agenti-del-compartimento-polizia-stradale-trentino-alto-adide-e-belluno\/#primaryimage"},"image":{"@id":"https:\/\/www.bellunopress.it\/2026\/04\/12\/giornate-di-formazione-per-gli-agenti-del-compartimento-polizia-stradale-trentino-alto-adide-e-belluno\/#primaryimage"},"thumbnailUrl":"https:\/\/www.bellunopress.it\/wp-content\/uploads\/2026\/04\/Polizia-Stradale.jpg","datePublished":"2026-04-12T13:07:16+00:00","breadcrumb":{"@id":"https:\/\/www.bellunopress.it\/2026\/04\/12\/giornate-di-formazione-per-gli-agenti-del-compartimento-polizia-stradale-trentino-alto-adide-e-belluno\/#breadcrumb"},"inLanguage":"fr-FR","potentialAction":[{"@type":"ReadAction","target":["https:\/\/www.bellunopress.it\/2026\/04\/12\/giornate-di-formazione-per-gli-agenti-del-compartimento-polizia-stradale-trentino-alto-adide-e-belluno\/"]}]},{"@type":"ImageObject","inLanguage":"fr-FR","@id":"https:\/\/www.bellunopress.it\/2026\/04\/12\/giornate-di-formazione-per-gli-agenti-del-compartimento-polizia-stradale-trentino-alto-adide-e-belluno\/#primaryimage","url":"https:\/\/www.bellunopress.it\/wp-content\/uploads\/2026\/04\/Polizia-Stradale.jpg","contentUrl":"https:\/\/www.bellunopress.it\/wp-content\/uploads\/2026\/04\/Polizia-Stradale.jpg","width":600,"height":337},{"@type":"BreadcrumbList","@id":"https:\/\/www.bellunopress.it\/2026\/04\/12\/giornate-di-formazione-per-gli-agenti-del-compartimento-polizia-stradale-trentino-alto-adide-e-belluno\/#breadcrumb","itemListElement":[{"@type":"ListItem","position":1,"name":"Home","item":"https:\/\/www.bellunopress.it\/"},{"@type":"ListItem","position":2,"name":"Giornate di formazione per gli agenti del Compartimento Polizia Stradale Trentino Alto Adide e Belluno"}]},{"@type":"WebSite","@id":"https:\/\/www.bellunopress.it\/#website","url":"https:\/\/www.bellunopress.it\/","name":"Bellunopress - Dolomiti","description":"e-mail: redazione@bellunopress.it","publisher":{"@id":"https:\/\/www.bellunopress.it\/#organization"},"potentialAction":[{"@type":"SearchAction","target":{"@type":"EntryPoint","urlTemplate":"https:\/\/www.bellunopress.it\/?s={search_term_string}"},"query-input":{"@type":"PropertyValueSpecification","valueRequired":true,"valueName":"search_term_string"}}],"inLanguage":"fr-FR"},{"@type":"Organization","@id":"https:\/\/www.bellunopress.it\/#organization","name":"Bellunopress","url":"https:\/\/www.bellunopress.it\/","logo":{"@type":"ImageObject","inLanguage":"fr-FR","@id":"https:\/\/www.bellunopress.it\/#\/schema\/logo\/image\/","url":"https:\/\/www.bellunopress.it\/wp-content\/uploads\/2011\/05\/cropped-logo-bellunopress-.jpg","contentUrl":"https:\/\/www.bellunopress.it\/wp-content\/uploads\/2011\/05\/cropped-logo-bellunopress-.jpg","width":512,"height":512,"caption":"Bellunopress"},"image":{"@id":"https:\/\/www.bellunopress.it\/#\/schema\/logo\/image\/"},"sameAs":["https:\/\/www.facebook.com\/profile.php?id=100008943462799","https:\/\/x.com\/bellunopress","https:\/\/www.linkedin.com\/hp\/?dnr=JBzUWaJfMUw8vbXJJ2tVW5-I3jZKvC4wsoxE&amp;amp;amp;amp;amp;amp;trk=nav_responsive_tab_home","https:\/\/www.youtube.com\/channel\/UCxL0wu1uN0_3_7hGG0306cw"]},{"@type":"Person","@id":"https:\/\/www.bellunopress.it\/#\/schema\/person\/79bb06722b37ece1c03d3e94beb30d73","name":"r\u00e9daction","image":{"@type":"ImageObject","inLanguage":"fr-FR","@id":"https:\/\/secure.gravatar.com\/avatar\/37d968a2e67a6fd04c169c4bdef102d0bc5d31b2546345219e348575eb80e9a0?s=96&d=mm&r=g","url":"https:\/\/secure.gravatar.com\/avatar\/37d968a2e67a6fd04c169c4bdef102d0bc5d31b2546345219e348575eb80e9a0?s=96&d=mm&r=g","contentUrl":"https:\/\/secure.gravatar.com\/avatar\/37d968a2e67a6fd04c169c4bdef102d0bc5d31b2546345219e348575eb80e9a0?s=96&d=mm&r=g","caption":"redazione"},"sameAs":["http:\/\/www.bellunopress.it","https:\/\/x.com\/bellunopress"],"url":"https:\/\/www.bellunopress.it\/fr\/author\/redazione\/"}]}},"_links":{"self":[{"href":"https:\/\/www.bellunopress.it\/fr\/wp-json\/wp\/v2\/posts\/169017","targetHints":{"allow":["GET"]}}],"collection":[{"href":"https:\/\/www.bellunopress.it\/fr\/wp-json\/wp\/v2\/posts"}],"about":[{"href":"https:\/\/www.bellunopress.it\/fr\/wp-json\/wp\/v2\/types\/post"}],"author":[{"embeddable":true,"href":"https:\/\/www.bellunopress.it\/fr\/wp-json\/wp\/v2\/users\/2"}],"replies":[{"embeddable":true,"href":"https:\/\/www.bellunopress.it\/fr\/wp-json\/wp\/v2\/comments?post=169017"}],"version-history":[{"count":1,"href":"https:\/\/www.bellunopress.it\/fr\/wp-json\/wp\/v2\/posts\/169017\/revisions"}],"predecessor-version":[{"id":169019,"href":"https:\/\/www.bellunopress.it\/fr\/wp-json\/wp\/v2\/posts\/169017\/revisions\/169019"}],"wp:featuredmedia":[{"embeddable":true,"href":"https:\/\/www.bellunopress.it\/fr\/wp-json\/wp\/v2\/media\/169018"}],"wp:attachment":[{"href":"https:\/\/www.bellunopress.it\/fr\/wp-json\/wp\/v2\/media?parent=169017"}],"wp:term":[{"taxonomy":"category","embeddable":true,"href":"https:\/\/www.bellunopress.it\/fr\/wp-json\/wp\/v2\/categories?post=169017"},{"taxonomy":"post_tag","embeddable":true,"href":"https:\/\/www.bellunopress.it\/fr\/wp-json\/wp\/v2\/tags?post=169017"}],"curies":[{"name":"wp","href":"https:\/\/api.w.org\/{rel}","templated":true}]}}