{"id":169014,"date":"2026-04-12T09:49:11","date_gmt":"2026-04-12T07:49:11","guid":{"rendered":"https:\/\/www.bellunopress.it\/?p=169014"},"modified":"2026-04-14T14:38:03","modified_gmt":"2026-04-14T12:38:03","slug":"belluno-ultimo-valzer-per-gli-alberi-di-via-feltre","status":"publish","type":"post","link":"https:\/\/www.bellunopress.it\/fr\/2026\/04\/12\/belluno-ultimo-valzer-per-gli-alberi-di-via-feltre\/","title":{"rendered":"Belluno. Ultimo valzer per gli alberi di via Feltre"},"content":{"rendered":"<p>Belluno, 12 aprile 2026 &#8211; C\u2019\u00e8 un silenzio strano, stamattina, tra le fronde di via Feltre. Un silenzio che precede il rumore delle motoseghe e il sordo tonfo del legno che incontra l\u2019asfalto. Per i giganti verdi che da decenni vegliano sull&#8217;ingresso della citt\u00e0, \u00e8 arrivato il momento dell&#8217;ultimo valzer.<\/p>\n<figure id=\"attachment_169113\" aria-describedby=\"caption-attachment-169113\" style=\"width: 590px\" class=\"wp-caption aligncenter\"><img loading=\"lazy\" decoding=\"async\" class=\"size-full wp-image-169113\" src=\"https:\/\/www.bellunopress.it\/wp-content\/uploads\/2026\/04\/Belluno-via-Feltre-anni-70.jpg\" alt=\"\" width=\"590\" height=\"410\" srcset=\"https:\/\/www.bellunopress.it\/wp-content\/uploads\/2026\/04\/Belluno-via-Feltre-anni-70.jpg 590w, https:\/\/www.bellunopress.it\/wp-content\/uploads\/2026\/04\/Belluno-via-Feltre-anni-70-500x347.jpg 500w, https:\/\/www.bellunopress.it\/wp-content\/uploads\/2026\/04\/Belluno-via-Feltre-anni-70-150x104.jpg 150w, https:\/\/www.bellunopress.it\/wp-content\/uploads\/2026\/04\/Belluno-via-Feltre-anni-70-218x150.jpg 218w, https:\/\/www.bellunopress.it\/wp-content\/uploads\/2026\/04\/Belluno-via-Feltre-anni-70-300x208.jpg 300w\" sizes=\"auto, (max-width: 590px) 100vw, 590px\" \/><figcaption id=\"caption-attachment-169113\" class=\"wp-caption-text\">via Feltre a Belluno in una cartolina degli anni &#8217;70<\/figcaption><\/figure>\n<p>Il restyling della via, porta d\u2019accesso pulsante di Belluno, sta per cambiare volto grazie alla generosit\u00e0 di Umberto Fiabane, il filantropo e &#8220;Premio San Martino 2019&#8221; che ha deciso di legare ancora una volta il suo nome al benessere della comunit\u00e0. Ma ogni rinascita, si sa, porta con s\u00e9 un pizzico di malinconia.<\/p>\n<p>Gli interventi, programmati per questa settimana, vedranno l\u2019abbattimento di diversi esemplari ad alto fusto. Il futuro impone questo sacrificio. Eppure, vederli cadere fa sempre un certo effetto.<\/p>\n<p>La speranza, che corre sottovoce tra i residenti e i passanti, \u00e8 che questo &#8220;spazio vuoto&#8221; non diventi l\u2019ennesima distesa di cemento o un freddo rettangolo per la sosta delle auto. Il desiderio della citt\u00e0 \u00e8 che il progetto Fiabane possa far sbocciare nuova vita: che al posto di ogni tronco tagliato ne sorga uno nuovo, pi\u00f9 sicuro e adatto al contesto urbano, mantenendo intatta l&#8217;anima verde di una via che \u00e8 storica identit\u00e0 bellunese.<\/p>\n<p><strong>Come cambia la viabilit\u00e0\u00a0<\/strong><br \/>\nPer permettere le operazioni in totale sicurezza, il Comune ha predisposto un piano di chiusure ferree. Ecco cosa c\u2019\u00e8 da sapere per non farsi trovare impreparati:<\/p>\n<p>Quando: Il cantiere entrer\u00e0 nel vivo marted\u00ec 14 aprile, dalle ore 8:30 alle 17:00.<\/p>\n<p>Dove: Il tratto interessato \u00e8 quello compreso tra la rotatoria di piazzale Marconi e il civico 79 (zona distributore Q8easy).<\/p>\n<p>I divieti: * Stop totale: Circolazione interdetta sia per i veicoli che per i pedoni in base all&#8217;avanzamento dei lavori.<\/p>\n<p>Sosta vietata: Sar\u00e0 impossibile parcheggiare negli stalli che costeggiano la carreggiata per tutta la durata dell\u2019intervento.<\/p>\n<p>L\u2019incognita meteo\/tempi: Se le operazioni non dovessero concludersi entro marted\u00ec, le medesime restrizioni verranno applicate anche nella giornata di mercoled\u00ec 15 aprile.<\/p>\n<p>Si consiglia di pianificare percorsi alternativi per evitare imbottigliamenti nelle ore di punta e di rispettare rigorosamente la segnaletica temporanea per la sicurezza degli operatori e dei passanti.<\/p>\n<p>Mentre le foglie cadono per l&#8217;ultima volta, Belluno resta alla finestra, in attesa di capire se il futuro di via Feltre sar\u00e0 ancora all&#8217;ombra di un albero o sotto il riflesso di un parabrezza.<\/p>","protected":false},"excerpt":{"rendered":"<p>Belluno, 12 aprile 2026 &#8211; C\u2019\u00e8 un silenzio strano, stamattina, tra le fronde di via Feltre. Un silenzio che precede il rumore delle motoseghe e il sordo tonfo del legno che incontra l\u2019asfalto. Per i giganti verdi che da decenni vegliano sull&#8217;ingresso della citt\u00e0, \u00e8 arrivato il momento dell&#8217;ultimo valzer. Il restyling della via, porta [&hellip;]<\/p>\n","protected":false},"author":2,"featured_media":169015,"comment_status":"closed","ping_status":"open","sticky":false,"template":"","format":"standard","meta":{"footnotes":""},"categories":[5,3446,26,8],"tags":[],"class_list":["post-169014","post","type-post","status-publish","format-standard","has-post-thumbnail","category-cronaca","category-featured","category-prima-pagina","category-societa-istituzioni"],"yoast_head":"<!-- This site is optimized with the Yoast SEO plugin v28.4 - https:\/\/yoast.com\/product\/yoast-seo-wordpress\/ -->\n<title>Belluno. Ultimo valzer per gli alberi di via Feltre - Bellunopress - Dolomiti<\/title>\n<meta name=\"robots\" content=\"index, follow, max-snippet:-1, max-image-preview:large, max-video-preview:-1\" \/>\n<link rel=\"canonical\" href=\"https:\/\/www.bellunopress.it\/fr\/2026\/04\/12\/belluno-ultimo-valzer-per-gli-alberi-di-via-feltre\/\" \/>\n<meta property=\"og:locale\" content=\"fr_FR\" \/>\n<meta property=\"og:type\" content=\"article\" \/>\n<meta property=\"og:title\" content=\"Belluno. Ultimo valzer per gli alberi di via Feltre - Bellunopress - Dolomiti\" \/>\n<meta property=\"og:description\" content=\"Belluno, 12 aprile 2026 &#8211; C\u2019\u00e8 un silenzio strano, stamattina, tra le fronde di via Feltre. Un silenzio che precede il rumore delle motoseghe e il sordo tonfo del legno che incontra l\u2019asfalto. Per i giganti verdi che da decenni vegliano sull&#8217;ingresso della citt\u00e0, \u00e8 arrivato il momento dell&#8217;ultimo valzer. Il restyling della via, porta [&hellip;]\" \/>\n<meta property=\"og:url\" content=\"https:\/\/www.bellunopress.it\/fr\/2026\/04\/12\/belluno-ultimo-valzer-per-gli-alberi-di-via-feltre\/\" \/>\n<meta property=\"og:site_name\" content=\"Bellunopress - Dolomiti\" \/>\n<meta property=\"article:publisher\" content=\"https:\/\/www.facebook.com\/profile.php?id=100008943462799\" \/>\n<meta property=\"article:published_time\" content=\"2026-04-12T07:49:11+00:00\" \/>\n<meta property=\"article:modified_time\" content=\"2026-04-14T12:38:03+00:00\" \/>\n<meta property=\"og:image\" content=\"https:\/\/www.bellunopress.it\/wp-content\/uploads\/2026\/04\/alberi-via-feltre-belluno.jpg\" \/>\n\t<meta property=\"og:image:width\" content=\"700\" \/>\n\t<meta property=\"og:image:height\" content=\"483\" \/>\n\t<meta property=\"og:image:type\" content=\"image\/jpeg\" \/>\n<meta name=\"author\" content=\"redazione\" \/>\n<meta name=\"twitter:card\" content=\"summary_large_image\" \/>\n<meta name=\"twitter:creator\" content=\"@bellunopress\" \/>\n<meta name=\"twitter:site\" content=\"@bellunopress\" \/>\n<meta name=\"twitter:label1\" content=\"\u00c9crit par\" \/>\n\t<meta name=\"twitter:data1\" content=\"redazione\" \/>\n\t<meta name=\"twitter:label2\" content=\"Dur\u00e9e de lecture estim\u00e9e\" \/>\n\t<meta name=\"twitter:data2\" content=\"2 minutes\" \/>\n<script type=\"application\/ld+json\" class=\"yoast-schema-graph\">{\"@context\":\"https:\\\/\\\/schema.org\",\"@graph\":[{\"@type\":\"Article\",\"@id\":\"https:\\\/\\\/www.bellunopress.it\\\/2026\\\/04\\\/12\\\/belluno-ultimo-valzer-per-gli-alberi-di-via-feltre\\\/#article\",\"isPartOf\":{\"@id\":\"https:\\\/\\\/www.bellunopress.it\\\/2026\\\/04\\\/12\\\/belluno-ultimo-valzer-per-gli-alberi-di-via-feltre\\\/\"},\"author\":{\"name\":\"redazione\",\"@id\":\"https:\\\/\\\/www.bellunopress.it\\\/#\\\/schema\\\/person\\\/79bb06722b37ece1c03d3e94beb30d73\"},\"headline\":\"Belluno. Ultimo valzer per gli alberi di via Feltre\",\"datePublished\":\"2026-04-12T07:49:11+00:00\",\"dateModified\":\"2026-04-14T12:38:03+00:00\",\"mainEntityOfPage\":{\"@id\":\"https:\\\/\\\/www.bellunopress.it\\\/2026\\\/04\\\/12\\\/belluno-ultimo-valzer-per-gli-alberi-di-via-feltre\\\/\"},\"wordCount\":414,\"publisher\":{\"@id\":\"https:\\\/\\\/www.bellunopress.it\\\/#organization\"},\"image\":{\"@id\":\"https:\\\/\\\/www.bellunopress.it\\\/2026\\\/04\\\/12\\\/belluno-ultimo-valzer-per-gli-alberi-di-via-feltre\\\/#primaryimage\"},\"thumbnailUrl\":\"https:\\\/\\\/www.bellunopress.it\\\/wp-content\\\/uploads\\\/2026\\\/04\\\/alberi-via-feltre-belluno.jpg\",\"articleSection\":[\"Cronaca\\\/Politica\",\"Featured\",\"Prima Pagina\",\"Societ\u00e0, Associazioni, Istituzioni\"],\"inLanguage\":\"fr-FR\"},{\"@type\":\"WebPage\",\"@id\":\"https:\\\/\\\/www.bellunopress.it\\\/2026\\\/04\\\/12\\\/belluno-ultimo-valzer-per-gli-alberi-di-via-feltre\\\/\",\"url\":\"https:\\\/\\\/www.bellunopress.it\\\/2026\\\/04\\\/12\\\/belluno-ultimo-valzer-per-gli-alberi-di-via-feltre\\\/\",\"name\":\"Belluno. Ultimo valzer per gli alberi di via Feltre - Bellunopress - Dolomiti\",\"isPartOf\":{\"@id\":\"https:\\\/\\\/www.bellunopress.it\\\/#website\"},\"primaryImageOfPage\":{\"@id\":\"https:\\\/\\\/www.bellunopress.it\\\/2026\\\/04\\\/12\\\/belluno-ultimo-valzer-per-gli-alberi-di-via-feltre\\\/#primaryimage\"},\"image\":{\"@id\":\"https:\\\/\\\/www.bellunopress.it\\\/2026\\\/04\\\/12\\\/belluno-ultimo-valzer-per-gli-alberi-di-via-feltre\\\/#primaryimage\"},\"thumbnailUrl\":\"https:\\\/\\\/www.bellunopress.it\\\/wp-content\\\/uploads\\\/2026\\\/04\\\/alberi-via-feltre-belluno.jpg\",\"datePublished\":\"2026-04-12T07:49:11+00:00\",\"dateModified\":\"2026-04-14T12:38:03+00:00\",\"breadcrumb\":{\"@id\":\"https:\\\/\\\/www.bellunopress.it\\\/2026\\\/04\\\/12\\\/belluno-ultimo-valzer-per-gli-alberi-di-via-feltre\\\/#breadcrumb\"},\"inLanguage\":\"fr-FR\",\"potentialAction\":[{\"@type\":\"ReadAction\",\"target\":[\"https:\\\/\\\/www.bellunopress.it\\\/2026\\\/04\\\/12\\\/belluno-ultimo-valzer-per-gli-alberi-di-via-feltre\\\/\"]}]},{\"@type\":\"ImageObject\",\"inLanguage\":\"fr-FR\",\"@id\":\"https:\\\/\\\/www.bellunopress.it\\\/2026\\\/04\\\/12\\\/belluno-ultimo-valzer-per-gli-alberi-di-via-feltre\\\/#primaryimage\",\"url\":\"https:\\\/\\\/www.bellunopress.it\\\/wp-content\\\/uploads\\\/2026\\\/04\\\/alberi-via-feltre-belluno.jpg\",\"contentUrl\":\"https:\\\/\\\/www.bellunopress.it\\\/wp-content\\\/uploads\\\/2026\\\/04\\\/alberi-via-feltre-belluno.jpg\",\"width\":700,\"height\":483,\"caption\":\"Belluno, via Feltre\"},{\"@type\":\"BreadcrumbList\",\"@id\":\"https:\\\/\\\/www.bellunopress.it\\\/2026\\\/04\\\/12\\\/belluno-ultimo-valzer-per-gli-alberi-di-via-feltre\\\/#breadcrumb\",\"itemListElement\":[{\"@type\":\"ListItem\",\"position\":1,\"name\":\"Home\",\"item\":\"https:\\\/\\\/www.bellunopress.it\\\/\"},{\"@type\":\"ListItem\",\"position\":2,\"name\":\"Belluno. Ultimo valzer per gli alberi di via Feltre\"}]},{\"@type\":\"WebSite\",\"@id\":\"https:\\\/\\\/www.bellunopress.it\\\/#website\",\"url\":\"https:\\\/\\\/www.bellunopress.it\\\/\",\"name\":\"Bellunopress - Dolomiti\",\"description\":\"e-mail: redazione@bellunopress.it\",\"publisher\":{\"@id\":\"https:\\\/\\\/www.bellunopress.it\\\/#organization\"},\"potentialAction\":[{\"@type\":\"SearchAction\",\"target\":{\"@type\":\"EntryPoint\",\"urlTemplate\":\"https:\\\/\\\/www.bellunopress.it\\\/?s={search_term_string}\"},\"query-input\":{\"@type\":\"PropertyValueSpecification\",\"valueRequired\":true,\"valueName\":\"search_term_string\"}}],\"inLanguage\":\"fr-FR\"},{\"@type\":\"Organization\",\"@id\":\"https:\\\/\\\/www.bellunopress.it\\\/#organization\",\"name\":\"Bellunopress\",\"url\":\"https:\\\/\\\/www.bellunopress.it\\\/\",\"logo\":{\"@type\":\"ImageObject\",\"inLanguage\":\"fr-FR\",\"@id\":\"https:\\\/\\\/www.bellunopress.it\\\/#\\\/schema\\\/logo\\\/image\\\/\",\"url\":\"https:\\\/\\\/www.bellunopress.it\\\/wp-content\\\/uploads\\\/2011\\\/05\\\/cropped-logo-bellunopress-.jpg\",\"contentUrl\":\"https:\\\/\\\/www.bellunopress.it\\\/wp-content\\\/uploads\\\/2011\\\/05\\\/cropped-logo-bellunopress-.jpg\",\"width\":512,\"height\":512,\"caption\":\"Bellunopress\"},\"image\":{\"@id\":\"https:\\\/\\\/www.bellunopress.it\\\/#\\\/schema\\\/logo\\\/image\\\/\"},\"sameAs\":[\"https:\\\/\\\/www.facebook.com\\\/profile.php?id=100008943462799\",\"https:\\\/\\\/x.com\\\/bellunopress\",\"https:\\\/\\\/www.linkedin.com\\\/hp\\\/?dnr=JBzUWaJfMUw8vbXJJ2tVW5-I3jZKvC4wsoxE&amp;amp;amp;amp;amp;amp;trk=nav_responsive_tab_home\",\"https:\\\/\\\/www.youtube.com\\\/channel\\\/UCxL0wu1uN0_3_7hGG0306cw\"]},{\"@type\":\"Person\",\"@id\":\"https:\\\/\\\/www.bellunopress.it\\\/#\\\/schema\\\/person\\\/79bb06722b37ece1c03d3e94beb30d73\",\"name\":\"redazione\",\"image\":{\"@type\":\"ImageObject\",\"inLanguage\":\"fr-FR\",\"@id\":\"https:\\\/\\\/secure.gravatar.com\\\/avatar\\\/37d968a2e67a6fd04c169c4bdef102d0bc5d31b2546345219e348575eb80e9a0?s=96&d=mm&r=g\",\"url\":\"https:\\\/\\\/secure.gravatar.com\\\/avatar\\\/37d968a2e67a6fd04c169c4bdef102d0bc5d31b2546345219e348575eb80e9a0?s=96&d=mm&r=g\",\"contentUrl\":\"https:\\\/\\\/secure.gravatar.com\\\/avatar\\\/37d968a2e67a6fd04c169c4bdef102d0bc5d31b2546345219e348575eb80e9a0?s=96&d=mm&r=g\",\"caption\":\"redazione\"},\"sameAs\":[\"http:\\\/\\\/www.bellunopress.it\",\"https:\\\/\\\/x.com\\\/bellunopress\"],\"url\":\"https:\\\/\\\/www.bellunopress.it\\\/fr\\\/author\\\/redazione\\\/\"}]}<\/script>\n<!-- \/ Yoast SEO plugin. -->","yoast_head_json":{"title":"Belluno. Ultimo valzer per gli alberi di via Feltre - Bellunopress - Dolomiti","robots":{"index":"index","follow":"follow","max-snippet":"max-snippet:-1","max-image-preview":"max-image-preview:large","max-video-preview":"max-video-preview:-1"},"canonical":"https:\/\/www.bellunopress.it\/fr\/2026\/04\/12\/belluno-ultimo-valzer-per-gli-alberi-di-via-feltre\/","og_locale":"fr_FR","og_type":"article","og_title":"Belluno. Ultimo valzer per gli alberi di via Feltre - Bellunopress - Dolomiti","og_description":"Belluno, 12 aprile 2026 &#8211; C\u2019\u00e8 un silenzio strano, stamattina, tra le fronde di via Feltre. Un silenzio che precede il rumore delle motoseghe e il sordo tonfo del legno che incontra l\u2019asfalto. Per i giganti verdi che da decenni vegliano sull&#8217;ingresso della citt\u00e0, \u00e8 arrivato il momento dell&#8217;ultimo valzer. Il restyling della via, porta [&hellip;]","og_url":"https:\/\/www.bellunopress.it\/fr\/2026\/04\/12\/belluno-ultimo-valzer-per-gli-alberi-di-via-feltre\/","og_site_name":"Bellunopress - Dolomiti","article_publisher":"https:\/\/www.facebook.com\/profile.php?id=100008943462799","article_published_time":"2026-04-12T07:49:11+00:00","article_modified_time":"2026-04-14T12:38:03+00:00","og_image":[{"width":700,"height":483,"url":"https:\/\/www.bellunopress.it\/wp-content\/uploads\/2026\/04\/alberi-via-feltre-belluno.jpg","type":"image\/jpeg"}],"author":"redazione","twitter_card":"summary_large_image","twitter_creator":"@bellunopress","twitter_site":"@bellunopress","twitter_misc":{"\u00c9crit par":"redazione","Dur\u00e9e de lecture estim\u00e9e":"2 minutes"},"schema":{"@context":"https:\/\/schema.org","@graph":[{"@type":"Article","@id":"https:\/\/www.bellunopress.it\/2026\/04\/12\/belluno-ultimo-valzer-per-gli-alberi-di-via-feltre\/#article","isPartOf":{"@id":"https:\/\/www.bellunopress.it\/2026\/04\/12\/belluno-ultimo-valzer-per-gli-alberi-di-via-feltre\/"},"author":{"name":"redazione","@id":"https:\/\/www.bellunopress.it\/#\/schema\/person\/79bb06722b37ece1c03d3e94beb30d73"},"headline":"Belluno. Ultimo valzer per gli alberi di via Feltre","datePublished":"2026-04-12T07:49:11+00:00","dateModified":"2026-04-14T12:38:03+00:00","mainEntityOfPage":{"@id":"https:\/\/www.bellunopress.it\/2026\/04\/12\/belluno-ultimo-valzer-per-gli-alberi-di-via-feltre\/"},"wordCount":414,"publisher":{"@id":"https:\/\/www.bellunopress.it\/#organization"},"image":{"@id":"https:\/\/www.bellunopress.it\/2026\/04\/12\/belluno-ultimo-valzer-per-gli-alberi-di-via-feltre\/#primaryimage"},"thumbnailUrl":"https:\/\/www.bellunopress.it\/wp-content\/uploads\/2026\/04\/alberi-via-feltre-belluno.jpg","articleSection":["Cronaca\/Politica","Featured","Prima Pagina","Societ\u00e0, Associazioni, Istituzioni"],"inLanguage":"fr-FR"},{"@type":"WebPage","@id":"https:\/\/www.bellunopress.it\/2026\/04\/12\/belluno-ultimo-valzer-per-gli-alberi-di-via-feltre\/","url":"https:\/\/www.bellunopress.it\/2026\/04\/12\/belluno-ultimo-valzer-per-gli-alberi-di-via-feltre\/","name":"Belluno. Ultimo valzer per gli alberi di via Feltre - Bellunopress - Dolomiti","isPartOf":{"@id":"https:\/\/www.bellunopress.it\/#website"},"primaryImageOfPage":{"@id":"https:\/\/www.bellunopress.it\/2026\/04\/12\/belluno-ultimo-valzer-per-gli-alberi-di-via-feltre\/#primaryimage"},"image":{"@id":"https:\/\/www.bellunopress.it\/2026\/04\/12\/belluno-ultimo-valzer-per-gli-alberi-di-via-feltre\/#primaryimage"},"thumbnailUrl":"https:\/\/www.bellunopress.it\/wp-content\/uploads\/2026\/04\/alberi-via-feltre-belluno.jpg","datePublished":"2026-04-12T07:49:11+00:00","dateModified":"2026-04-14T12:38:03+00:00","breadcrumb":{"@id":"https:\/\/www.bellunopress.it\/2026\/04\/12\/belluno-ultimo-valzer-per-gli-alberi-di-via-feltre\/#breadcrumb"},"inLanguage":"fr-FR","potentialAction":[{"@type":"ReadAction","target":["https:\/\/www.bellunopress.it\/2026\/04\/12\/belluno-ultimo-valzer-per-gli-alberi-di-via-feltre\/"]}]},{"@type":"ImageObject","inLanguage":"fr-FR","@id":"https:\/\/www.bellunopress.it\/2026\/04\/12\/belluno-ultimo-valzer-per-gli-alberi-di-via-feltre\/#primaryimage","url":"https:\/\/www.bellunopress.it\/wp-content\/uploads\/2026\/04\/alberi-via-feltre-belluno.jpg","contentUrl":"https:\/\/www.bellunopress.it\/wp-content\/uploads\/2026\/04\/alberi-via-feltre-belluno.jpg","width":700,"height":483,"caption":"Belluno, via Feltre"},{"@type":"BreadcrumbList","@id":"https:\/\/www.bellunopress.it\/2026\/04\/12\/belluno-ultimo-valzer-per-gli-alberi-di-via-feltre\/#breadcrumb","itemListElement":[{"@type":"ListItem","position":1,"name":"Home","item":"https:\/\/www.bellunopress.it\/"},{"@type":"ListItem","position":2,"name":"Belluno. Ultimo valzer per gli alberi di via Feltre"}]},{"@type":"WebSite","@id":"https:\/\/www.bellunopress.it\/#website","url":"https:\/\/www.bellunopress.it\/","name":"Bellunopress - Dolomiti","description":"e-mail: redazione@bellunopress.it","publisher":{"@id":"https:\/\/www.bellunopress.it\/#organization"},"potentialAction":[{"@type":"SearchAction","target":{"@type":"EntryPoint","urlTemplate":"https:\/\/www.bellunopress.it\/?s={search_term_string}"},"query-input":{"@type":"PropertyValueSpecification","valueRequired":true,"valueName":"search_term_string"}}],"inLanguage":"fr-FR"},{"@type":"Organization","@id":"https:\/\/www.bellunopress.it\/#organization","name":"Bellunopress","url":"https:\/\/www.bellunopress.it\/","logo":{"@type":"ImageObject","inLanguage":"fr-FR","@id":"https:\/\/www.bellunopress.it\/#\/schema\/logo\/image\/","url":"https:\/\/www.bellunopress.it\/wp-content\/uploads\/2011\/05\/cropped-logo-bellunopress-.jpg","contentUrl":"https:\/\/www.bellunopress.it\/wp-content\/uploads\/2011\/05\/cropped-logo-bellunopress-.jpg","width":512,"height":512,"caption":"Bellunopress"},"image":{"@id":"https:\/\/www.bellunopress.it\/#\/schema\/logo\/image\/"},"sameAs":["https:\/\/www.facebook.com\/profile.php?id=100008943462799","https:\/\/x.com\/bellunopress","https:\/\/www.linkedin.com\/hp\/?dnr=JBzUWaJfMUw8vbXJJ2tVW5-I3jZKvC4wsoxE&amp;amp;amp;amp;amp;amp;trk=nav_responsive_tab_home","https:\/\/www.youtube.com\/channel\/UCxL0wu1uN0_3_7hGG0306cw"]},{"@type":"Person","@id":"https:\/\/www.bellunopress.it\/#\/schema\/person\/79bb06722b37ece1c03d3e94beb30d73","name":"r\u00e9daction","image":{"@type":"ImageObject","inLanguage":"fr-FR","@id":"https:\/\/secure.gravatar.com\/avatar\/37d968a2e67a6fd04c169c4bdef102d0bc5d31b2546345219e348575eb80e9a0?s=96&d=mm&r=g","url":"https:\/\/secure.gravatar.com\/avatar\/37d968a2e67a6fd04c169c4bdef102d0bc5d31b2546345219e348575eb80e9a0?s=96&d=mm&r=g","contentUrl":"https:\/\/secure.gravatar.com\/avatar\/37d968a2e67a6fd04c169c4bdef102d0bc5d31b2546345219e348575eb80e9a0?s=96&d=mm&r=g","caption":"redazione"},"sameAs":["http:\/\/www.bellunopress.it","https:\/\/x.com\/bellunopress"],"url":"https:\/\/www.bellunopress.it\/fr\/author\/redazione\/"}]}},"_links":{"self":[{"href":"https:\/\/www.bellunopress.it\/fr\/wp-json\/wp\/v2\/posts\/169014","targetHints":{"allow":["GET"]}}],"collection":[{"href":"https:\/\/www.bellunopress.it\/fr\/wp-json\/wp\/v2\/posts"}],"about":[{"href":"https:\/\/www.bellunopress.it\/fr\/wp-json\/wp\/v2\/types\/post"}],"author":[{"embeddable":true,"href":"https:\/\/www.bellunopress.it\/fr\/wp-json\/wp\/v2\/users\/2"}],"replies":[{"embeddable":true,"href":"https:\/\/www.bellunopress.it\/fr\/wp-json\/wp\/v2\/comments?post=169014"}],"version-history":[{"count":2,"href":"https:\/\/www.bellunopress.it\/fr\/wp-json\/wp\/v2\/posts\/169014\/revisions"}],"predecessor-version":[{"id":169116,"href":"https:\/\/www.bellunopress.it\/fr\/wp-json\/wp\/v2\/posts\/169014\/revisions\/169116"}],"wp:featuredmedia":[{"embeddable":true,"href":"https:\/\/www.bellunopress.it\/fr\/wp-json\/wp\/v2\/media\/169015"}],"wp:attachment":[{"href":"https:\/\/www.bellunopress.it\/fr\/wp-json\/wp\/v2\/media?parent=169014"}],"wp:term":[{"taxonomy":"category","embeddable":true,"href":"https:\/\/www.bellunopress.it\/fr\/wp-json\/wp\/v2\/categories?post=169014"},{"taxonomy":"post_tag","embeddable":true,"href":"https:\/\/www.bellunopress.it\/fr\/wp-json\/wp\/v2\/tags?post=169014"}],"curies":[{"name":"wp","href":"https:\/\/api.w.org\/{rel}","templated":true}]}}