{"id":169011,"date":"2026-04-12T09:30:15","date_gmt":"2026-04-12T07:30:15","guid":{"rendered":"https:\/\/www.bellunopress.it\/?p=169011"},"modified":"2026-04-12T09:30:15","modified_gmt":"2026-04-12T07:30:15","slug":"lintelligenza-artificiale-interroga-i-consumi-successo-per-lincontro-in-sala-bianchi","status":"publish","type":"post","link":"https:\/\/www.bellunopress.it\/fr\/2026\/04\/12\/lintelligenza-artificiale-interroga-i-consumi-successo-per-lincontro-in-sala-bianchi\/","title":{"rendered":"L\u2019intelligenza artificiale interroga i consumi: successo per l\u2019incontro in Sala Bianchi"},"content":{"rendered":"<p>Belluno, 12 aprile 2026 \u2013 Si pu\u00f2 trovare una dimensione metafisica all&#8217;interno del gesto, apparentemente materiale e ripetitivo, del consumo? E quale ruolo gioca l\u2019Intelligenza Artificiale in questo nuovo paradigma sociale? Sono questi, in estrema sintesi, i complessi interrogativi che hanno animato la serata di sabato 11 aprile 2026 in Sala Bianchi di Belluno, per l\u2019incontro dal titolo: &#8220;Le realt\u00e0 metafisiche della societ\u00e0 dei consumi: 16 domande all&#8217;intelligenza artificiale&#8221;.<\/p>\n<p>L\u2019evento, introdotto dalla prof.ssa Adriana Lotto, ha offerto una prospettiva inedita e multidisciplinare su uno dei temi pi\u00f9 urgenti della contemporaneit\u00e0, incrociando diritto, filosofia e tecnologia.<br \/>\nIl cuore della serata \u00e8 stato strutturato attorno a un esperimento dialettico: porre 16 quesiti cruciali a un sistema di IA per saggiarne la capacit\u00e0 di analisi e, allo stesso tempo, per svelarne i limiti strutturali rispetto all&#8217;esperienza umana.<\/p>\n<p>Il dott. Filiberto Dal Molin, ha illustrato i problemi che affliggono il pianeta dovuti principalmente al consumo di combustibili fossili e al conseguente innalzamento dei valori di anidride carbonica nell\u2019atmosfera e quindi del cambiamento climatico.<\/p>\n<p>L\u2019avv. Fabrizio Righes, ha fornito una alternativa scientifica possibile al consumo di combustibili fossili, attraverso la produzione di energia dalla fusione (o LENR, Low Energy Nuclear Reactions), spesso etichettata come pseudoscienza.<\/p>\n<p>Con la moderazione puntuale del prof. Daniele Trabucco, il dibattito ha toccato vertici filosofici significativi. La &#8220;metafisica&#8221; evocata dal titolo non \u00e8 apparsa come un concetto astratto, ma come la struttura invisibile che oggi governa le nostre scelte: un sistema dove l&#8217;IA non \u00e8 pi\u00f9 solo uno strumento, ma un &#8220;soggetto&#8221; capace di influenzare la percezione della realt\u00e0 e la costruzione dell&#8217;identit\u00e0 personale.<\/p>\n<p>La prof.ssa Lotto, nella sua presentazione, ha sottolineato l&#8217;importanza di mantenere vivo il senso critico in un&#8217;epoca in cui le risposte sembrano essere a portata di click con i rischi di una &#8220;algoritmicizzazione&#8221; dei diritti e dei desideri.<\/p>\n<p>La serata ha lasciato ai presenti una consapevolezza rinnovata: se la societ\u00e0 dei consumi tende a uniformare l&#8217;essere umano, la sfida del futuro sar\u00e0 quella di umanizzare la tecnologia, impedendo che le &#8220;tastiere in gabbia&#8221; diventino la nostra unica finestra sul mondo. Al termine un ricco buffet.<\/p>","protected":false},"excerpt":{"rendered":"<p>Belluno, 12 aprile 2026 \u2013 Si pu\u00f2 trovare una dimensione metafisica all&#8217;interno del gesto, apparentemente materiale e ripetitivo, del consumo? E quale ruolo gioca l\u2019Intelligenza Artificiale in questo nuovo paradigma sociale? Sono questi, in estrema sintesi, i complessi interrogativi che hanno animato la serata di sabato 11 aprile 2026 in Sala Bianchi di Belluno, per [&hellip;]<\/p>\n","protected":false},"author":2,"featured_media":169012,"comment_status":"closed","ping_status":"open","sticky":false,"template":"","format":"standard","meta":{"footnotes":""},"categories":[25,8],"tags":[],"class_list":["post-169011","post","type-post","status-publish","format-standard","has-post-thumbnail","category-pausa-caffe","category-societa-istituzioni"],"yoast_head":"<!-- This site is optimized with the Yoast SEO plugin v28.4 - https:\/\/yoast.com\/product\/yoast-seo-wordpress\/ -->\n<title>L\u2019intelligenza artificiale interroga i consumi: successo per l\u2019incontro in Sala Bianchi - Bellunopress - Dolomiti<\/title>\n<meta name=\"robots\" content=\"index, follow, max-snippet:-1, max-image-preview:large, max-video-preview:-1\" \/>\n<link rel=\"canonical\" href=\"https:\/\/www.bellunopress.it\/fr\/2026\/04\/12\/lintelligenza-artificiale-interroga-i-consumi-successo-per-lincontro-in-sala-bianchi\/\" \/>\n<meta property=\"og:locale\" content=\"fr_FR\" \/>\n<meta property=\"og:type\" content=\"article\" \/>\n<meta property=\"og:title\" content=\"L\u2019intelligenza artificiale interroga i consumi: successo per l\u2019incontro in Sala Bianchi - Bellunopress - Dolomiti\" \/>\n<meta property=\"og:description\" content=\"Belluno, 12 aprile 2026 \u2013 Si pu\u00f2 trovare una dimensione metafisica all&#8217;interno del gesto, apparentemente materiale e ripetitivo, del consumo? E quale ruolo gioca l\u2019Intelligenza Artificiale in questo nuovo paradigma sociale? Sono questi, in estrema sintesi, i complessi interrogativi che hanno animato la serata di sabato 11 aprile 2026 in Sala Bianchi di Belluno, per [&hellip;]\" \/>\n<meta property=\"og:url\" content=\"https:\/\/www.bellunopress.it\/fr\/2026\/04\/12\/lintelligenza-artificiale-interroga-i-consumi-successo-per-lincontro-in-sala-bianchi\/\" \/>\n<meta property=\"og:site_name\" content=\"Bellunopress - Dolomiti\" \/>\n<meta property=\"article:publisher\" content=\"https:\/\/www.facebook.com\/profile.php?id=100008943462799\" \/>\n<meta property=\"article:published_time\" content=\"2026-04-12T07:30:15+00:00\" \/>\n<meta property=\"og:image\" content=\"https:\/\/www.bellunopress.it\/wp-content\/uploads\/2026\/04\/conferenza-IA-Filiberto-Dal-Mlin.jpg\" \/>\n\t<meta property=\"og:image:width\" content=\"600\" \/>\n\t<meta property=\"og:image:height\" content=\"336\" \/>\n\t<meta property=\"og:image:type\" content=\"image\/jpeg\" \/>\n<meta name=\"author\" content=\"redazione\" \/>\n<meta name=\"twitter:card\" content=\"summary_large_image\" \/>\n<meta name=\"twitter:creator\" content=\"@bellunopress\" \/>\n<meta name=\"twitter:site\" content=\"@bellunopress\" \/>\n<meta name=\"twitter:label1\" content=\"\u00c9crit par\" \/>\n\t<meta name=\"twitter:data1\" content=\"redazione\" \/>\n\t<meta name=\"twitter:label2\" content=\"Dur\u00e9e de lecture estim\u00e9e\" \/>\n\t<meta name=\"twitter:data2\" content=\"2 minutes\" \/>\n<script type=\"application\/ld+json\" class=\"yoast-schema-graph\">{\"@context\":\"https:\\\/\\\/schema.org\",\"@graph\":[{\"@type\":\"Article\",\"@id\":\"https:\\\/\\\/www.bellunopress.it\\\/2026\\\/04\\\/12\\\/lintelligenza-artificiale-interroga-i-consumi-successo-per-lincontro-in-sala-bianchi\\\/#article\",\"isPartOf\":{\"@id\":\"https:\\\/\\\/www.bellunopress.it\\\/2026\\\/04\\\/12\\\/lintelligenza-artificiale-interroga-i-consumi-successo-per-lincontro-in-sala-bianchi\\\/\"},\"author\":{\"name\":\"redazione\",\"@id\":\"https:\\\/\\\/www.bellunopress.it\\\/#\\\/schema\\\/person\\\/79bb06722b37ece1c03d3e94beb30d73\"},\"headline\":\"L\u2019intelligenza artificiale interroga i consumi: successo per l\u2019incontro in Sala Bianchi\",\"datePublished\":\"2026-04-12T07:30:15+00:00\",\"mainEntityOfPage\":{\"@id\":\"https:\\\/\\\/www.bellunopress.it\\\/2026\\\/04\\\/12\\\/lintelligenza-artificiale-interroga-i-consumi-successo-per-lincontro-in-sala-bianchi\\\/\"},\"wordCount\":366,\"publisher\":{\"@id\":\"https:\\\/\\\/www.bellunopress.it\\\/#organization\"},\"image\":{\"@id\":\"https:\\\/\\\/www.bellunopress.it\\\/2026\\\/04\\\/12\\\/lintelligenza-artificiale-interroga-i-consumi-successo-per-lincontro-in-sala-bianchi\\\/#primaryimage\"},\"thumbnailUrl\":\"https:\\\/\\\/www.bellunopress.it\\\/wp-content\\\/uploads\\\/2026\\\/04\\\/conferenza-IA-Filiberto-Dal-Mlin.jpg\",\"articleSection\":[\"Pausa Caff\u00e8\",\"Societ\u00e0, Associazioni, Istituzioni\"],\"inLanguage\":\"fr-FR\"},{\"@type\":\"WebPage\",\"@id\":\"https:\\\/\\\/www.bellunopress.it\\\/2026\\\/04\\\/12\\\/lintelligenza-artificiale-interroga-i-consumi-successo-per-lincontro-in-sala-bianchi\\\/\",\"url\":\"https:\\\/\\\/www.bellunopress.it\\\/2026\\\/04\\\/12\\\/lintelligenza-artificiale-interroga-i-consumi-successo-per-lincontro-in-sala-bianchi\\\/\",\"name\":\"L\u2019intelligenza artificiale interroga i consumi: successo per l\u2019incontro in Sala Bianchi - Bellunopress - Dolomiti\",\"isPartOf\":{\"@id\":\"https:\\\/\\\/www.bellunopress.it\\\/#website\"},\"primaryImageOfPage\":{\"@id\":\"https:\\\/\\\/www.bellunopress.it\\\/2026\\\/04\\\/12\\\/lintelligenza-artificiale-interroga-i-consumi-successo-per-lincontro-in-sala-bianchi\\\/#primaryimage\"},\"image\":{\"@id\":\"https:\\\/\\\/www.bellunopress.it\\\/2026\\\/04\\\/12\\\/lintelligenza-artificiale-interroga-i-consumi-successo-per-lincontro-in-sala-bianchi\\\/#primaryimage\"},\"thumbnailUrl\":\"https:\\\/\\\/www.bellunopress.it\\\/wp-content\\\/uploads\\\/2026\\\/04\\\/conferenza-IA-Filiberto-Dal-Mlin.jpg\",\"datePublished\":\"2026-04-12T07:30:15+00:00\",\"breadcrumb\":{\"@id\":\"https:\\\/\\\/www.bellunopress.it\\\/2026\\\/04\\\/12\\\/lintelligenza-artificiale-interroga-i-consumi-successo-per-lincontro-in-sala-bianchi\\\/#breadcrumb\"},\"inLanguage\":\"fr-FR\",\"potentialAction\":[{\"@type\":\"ReadAction\",\"target\":[\"https:\\\/\\\/www.bellunopress.it\\\/2026\\\/04\\\/12\\\/lintelligenza-artificiale-interroga-i-consumi-successo-per-lincontro-in-sala-bianchi\\\/\"]}]},{\"@type\":\"ImageObject\",\"inLanguage\":\"fr-FR\",\"@id\":\"https:\\\/\\\/www.bellunopress.it\\\/2026\\\/04\\\/12\\\/lintelligenza-artificiale-interroga-i-consumi-successo-per-lincontro-in-sala-bianchi\\\/#primaryimage\",\"url\":\"https:\\\/\\\/www.bellunopress.it\\\/wp-content\\\/uploads\\\/2026\\\/04\\\/conferenza-IA-Filiberto-Dal-Mlin.jpg\",\"contentUrl\":\"https:\\\/\\\/www.bellunopress.it\\\/wp-content\\\/uploads\\\/2026\\\/04\\\/conferenza-IA-Filiberto-Dal-Mlin.jpg\",\"width\":600,\"height\":336,\"caption\":\"nella foto da sinistra: l'avv. Fabrizio RIghes, la prof. Adriana Lotto, il prof. Daniele Trabucco e il dott. Filiberto Dal Molin\"},{\"@type\":\"BreadcrumbList\",\"@id\":\"https:\\\/\\\/www.bellunopress.it\\\/2026\\\/04\\\/12\\\/lintelligenza-artificiale-interroga-i-consumi-successo-per-lincontro-in-sala-bianchi\\\/#breadcrumb\",\"itemListElement\":[{\"@type\":\"ListItem\",\"position\":1,\"name\":\"Home\",\"item\":\"https:\\\/\\\/www.bellunopress.it\\\/\"},{\"@type\":\"ListItem\",\"position\":2,\"name\":\"L\u2019intelligenza artificiale interroga i consumi: successo per l\u2019incontro in Sala Bianchi\"}]},{\"@type\":\"WebSite\",\"@id\":\"https:\\\/\\\/www.bellunopress.it\\\/#website\",\"url\":\"https:\\\/\\\/www.bellunopress.it\\\/\",\"name\":\"Bellunopress - Dolomiti\",\"description\":\"e-mail: redazione@bellunopress.it\",\"publisher\":{\"@id\":\"https:\\\/\\\/www.bellunopress.it\\\/#organization\"},\"potentialAction\":[{\"@type\":\"SearchAction\",\"target\":{\"@type\":\"EntryPoint\",\"urlTemplate\":\"https:\\\/\\\/www.bellunopress.it\\\/?s={search_term_string}\"},\"query-input\":{\"@type\":\"PropertyValueSpecification\",\"valueRequired\":true,\"valueName\":\"search_term_string\"}}],\"inLanguage\":\"fr-FR\"},{\"@type\":\"Organization\",\"@id\":\"https:\\\/\\\/www.bellunopress.it\\\/#organization\",\"name\":\"Bellunopress\",\"url\":\"https:\\\/\\\/www.bellunopress.it\\\/\",\"logo\":{\"@type\":\"ImageObject\",\"inLanguage\":\"fr-FR\",\"@id\":\"https:\\\/\\\/www.bellunopress.it\\\/#\\\/schema\\\/logo\\\/image\\\/\",\"url\":\"https:\\\/\\\/www.bellunopress.it\\\/wp-content\\\/uploads\\\/2011\\\/05\\\/cropped-logo-bellunopress-.jpg\",\"contentUrl\":\"https:\\\/\\\/www.bellunopress.it\\\/wp-content\\\/uploads\\\/2011\\\/05\\\/cropped-logo-bellunopress-.jpg\",\"width\":512,\"height\":512,\"caption\":\"Bellunopress\"},\"image\":{\"@id\":\"https:\\\/\\\/www.bellunopress.it\\\/#\\\/schema\\\/logo\\\/image\\\/\"},\"sameAs\":[\"https:\\\/\\\/www.facebook.com\\\/profile.php?id=100008943462799\",\"https:\\\/\\\/x.com\\\/bellunopress\",\"https:\\\/\\\/www.linkedin.com\\\/hp\\\/?dnr=JBzUWaJfMUw8vbXJJ2tVW5-I3jZKvC4wsoxE&amp;amp;amp;amp;amp;amp;trk=nav_responsive_tab_home\",\"https:\\\/\\\/www.youtube.com\\\/channel\\\/UCxL0wu1uN0_3_7hGG0306cw\"]},{\"@type\":\"Person\",\"@id\":\"https:\\\/\\\/www.bellunopress.it\\\/#\\\/schema\\\/person\\\/79bb06722b37ece1c03d3e94beb30d73\",\"name\":\"redazione\",\"image\":{\"@type\":\"ImageObject\",\"inLanguage\":\"fr-FR\",\"@id\":\"https:\\\/\\\/secure.gravatar.com\\\/avatar\\\/37d968a2e67a6fd04c169c4bdef102d0bc5d31b2546345219e348575eb80e9a0?s=96&d=mm&r=g\",\"url\":\"https:\\\/\\\/secure.gravatar.com\\\/avatar\\\/37d968a2e67a6fd04c169c4bdef102d0bc5d31b2546345219e348575eb80e9a0?s=96&d=mm&r=g\",\"contentUrl\":\"https:\\\/\\\/secure.gravatar.com\\\/avatar\\\/37d968a2e67a6fd04c169c4bdef102d0bc5d31b2546345219e348575eb80e9a0?s=96&d=mm&r=g\",\"caption\":\"redazione\"},\"sameAs\":[\"http:\\\/\\\/www.bellunopress.it\",\"https:\\\/\\\/x.com\\\/bellunopress\"],\"url\":\"https:\\\/\\\/www.bellunopress.it\\\/fr\\\/author\\\/redazione\\\/\"}]}<\/script>\n<!-- \/ Yoast SEO plugin. -->","yoast_head_json":{"title":"L\u2019intelligenza artificiale interroga i consumi: successo per l\u2019incontro in Sala Bianchi - Bellunopress - Dolomiti","robots":{"index":"index","follow":"follow","max-snippet":"max-snippet:-1","max-image-preview":"max-image-preview:large","max-video-preview":"max-video-preview:-1"},"canonical":"https:\/\/www.bellunopress.it\/fr\/2026\/04\/12\/lintelligenza-artificiale-interroga-i-consumi-successo-per-lincontro-in-sala-bianchi\/","og_locale":"fr_FR","og_type":"article","og_title":"L\u2019intelligenza artificiale interroga i consumi: successo per l\u2019incontro in Sala Bianchi - Bellunopress - Dolomiti","og_description":"Belluno, 12 aprile 2026 \u2013 Si pu\u00f2 trovare una dimensione metafisica all&#8217;interno del gesto, apparentemente materiale e ripetitivo, del consumo? E quale ruolo gioca l\u2019Intelligenza Artificiale in questo nuovo paradigma sociale? Sono questi, in estrema sintesi, i complessi interrogativi che hanno animato la serata di sabato 11 aprile 2026 in Sala Bianchi di Belluno, per [&hellip;]","og_url":"https:\/\/www.bellunopress.it\/fr\/2026\/04\/12\/lintelligenza-artificiale-interroga-i-consumi-successo-per-lincontro-in-sala-bianchi\/","og_site_name":"Bellunopress - Dolomiti","article_publisher":"https:\/\/www.facebook.com\/profile.php?id=100008943462799","article_published_time":"2026-04-12T07:30:15+00:00","og_image":[{"width":600,"height":336,"url":"https:\/\/www.bellunopress.it\/wp-content\/uploads\/2026\/04\/conferenza-IA-Filiberto-Dal-Mlin.jpg","type":"image\/jpeg"}],"author":"redazione","twitter_card":"summary_large_image","twitter_creator":"@bellunopress","twitter_site":"@bellunopress","twitter_misc":{"\u00c9crit par":"redazione","Dur\u00e9e de lecture estim\u00e9e":"2 minutes"},"schema":{"@context":"https:\/\/schema.org","@graph":[{"@type":"Article","@id":"https:\/\/www.bellunopress.it\/2026\/04\/12\/lintelligenza-artificiale-interroga-i-consumi-successo-per-lincontro-in-sala-bianchi\/#article","isPartOf":{"@id":"https:\/\/www.bellunopress.it\/2026\/04\/12\/lintelligenza-artificiale-interroga-i-consumi-successo-per-lincontro-in-sala-bianchi\/"},"author":{"name":"redazione","@id":"https:\/\/www.bellunopress.it\/#\/schema\/person\/79bb06722b37ece1c03d3e94beb30d73"},"headline":"L\u2019intelligenza artificiale interroga i consumi: successo per l\u2019incontro in Sala Bianchi","datePublished":"2026-04-12T07:30:15+00:00","mainEntityOfPage":{"@id":"https:\/\/www.bellunopress.it\/2026\/04\/12\/lintelligenza-artificiale-interroga-i-consumi-successo-per-lincontro-in-sala-bianchi\/"},"wordCount":366,"publisher":{"@id":"https:\/\/www.bellunopress.it\/#organization"},"image":{"@id":"https:\/\/www.bellunopress.it\/2026\/04\/12\/lintelligenza-artificiale-interroga-i-consumi-successo-per-lincontro-in-sala-bianchi\/#primaryimage"},"thumbnailUrl":"https:\/\/www.bellunopress.it\/wp-content\/uploads\/2026\/04\/conferenza-IA-Filiberto-Dal-Mlin.jpg","articleSection":["Pausa Caff\u00e8","Societ\u00e0, Associazioni, Istituzioni"],"inLanguage":"fr-FR"},{"@type":"WebPage","@id":"https:\/\/www.bellunopress.it\/2026\/04\/12\/lintelligenza-artificiale-interroga-i-consumi-successo-per-lincontro-in-sala-bianchi\/","url":"https:\/\/www.bellunopress.it\/2026\/04\/12\/lintelligenza-artificiale-interroga-i-consumi-successo-per-lincontro-in-sala-bianchi\/","name":"L\u2019intelligenza artificiale interroga i consumi: successo per l\u2019incontro in Sala Bianchi - Bellunopress - Dolomiti","isPartOf":{"@id":"https:\/\/www.bellunopress.it\/#website"},"primaryImageOfPage":{"@id":"https:\/\/www.bellunopress.it\/2026\/04\/12\/lintelligenza-artificiale-interroga-i-consumi-successo-per-lincontro-in-sala-bianchi\/#primaryimage"},"image":{"@id":"https:\/\/www.bellunopress.it\/2026\/04\/12\/lintelligenza-artificiale-interroga-i-consumi-successo-per-lincontro-in-sala-bianchi\/#primaryimage"},"thumbnailUrl":"https:\/\/www.bellunopress.it\/wp-content\/uploads\/2026\/04\/conferenza-IA-Filiberto-Dal-Mlin.jpg","datePublished":"2026-04-12T07:30:15+00:00","breadcrumb":{"@id":"https:\/\/www.bellunopress.it\/2026\/04\/12\/lintelligenza-artificiale-interroga-i-consumi-successo-per-lincontro-in-sala-bianchi\/#breadcrumb"},"inLanguage":"fr-FR","potentialAction":[{"@type":"ReadAction","target":["https:\/\/www.bellunopress.it\/2026\/04\/12\/lintelligenza-artificiale-interroga-i-consumi-successo-per-lincontro-in-sala-bianchi\/"]}]},{"@type":"ImageObject","inLanguage":"fr-FR","@id":"https:\/\/www.bellunopress.it\/2026\/04\/12\/lintelligenza-artificiale-interroga-i-consumi-successo-per-lincontro-in-sala-bianchi\/#primaryimage","url":"https:\/\/www.bellunopress.it\/wp-content\/uploads\/2026\/04\/conferenza-IA-Filiberto-Dal-Mlin.jpg","contentUrl":"https:\/\/www.bellunopress.it\/wp-content\/uploads\/2026\/04\/conferenza-IA-Filiberto-Dal-Mlin.jpg","width":600,"height":336,"caption":"nella foto da sinistra: l'avv. Fabrizio RIghes, la prof. Adriana Lotto, il prof. Daniele Trabucco e il dott. Filiberto Dal Molin"},{"@type":"BreadcrumbList","@id":"https:\/\/www.bellunopress.it\/2026\/04\/12\/lintelligenza-artificiale-interroga-i-consumi-successo-per-lincontro-in-sala-bianchi\/#breadcrumb","itemListElement":[{"@type":"ListItem","position":1,"name":"Home","item":"https:\/\/www.bellunopress.it\/"},{"@type":"ListItem","position":2,"name":"L\u2019intelligenza artificiale interroga i consumi: successo per l\u2019incontro in Sala Bianchi"}]},{"@type":"WebSite","@id":"https:\/\/www.bellunopress.it\/#website","url":"https:\/\/www.bellunopress.it\/","name":"Bellunopress - Dolomiti","description":"e-mail: redazione@bellunopress.it","publisher":{"@id":"https:\/\/www.bellunopress.it\/#organization"},"potentialAction":[{"@type":"SearchAction","target":{"@type":"EntryPoint","urlTemplate":"https:\/\/www.bellunopress.it\/?s={search_term_string}"},"query-input":{"@type":"PropertyValueSpecification","valueRequired":true,"valueName":"search_term_string"}}],"inLanguage":"fr-FR"},{"@type":"Organization","@id":"https:\/\/www.bellunopress.it\/#organization","name":"Bellunopress","url":"https:\/\/www.bellunopress.it\/","logo":{"@type":"ImageObject","inLanguage":"fr-FR","@id":"https:\/\/www.bellunopress.it\/#\/schema\/logo\/image\/","url":"https:\/\/www.bellunopress.it\/wp-content\/uploads\/2011\/05\/cropped-logo-bellunopress-.jpg","contentUrl":"https:\/\/www.bellunopress.it\/wp-content\/uploads\/2011\/05\/cropped-logo-bellunopress-.jpg","width":512,"height":512,"caption":"Bellunopress"},"image":{"@id":"https:\/\/www.bellunopress.it\/#\/schema\/logo\/image\/"},"sameAs":["https:\/\/www.facebook.com\/profile.php?id=100008943462799","https:\/\/x.com\/bellunopress","https:\/\/www.linkedin.com\/hp\/?dnr=JBzUWaJfMUw8vbXJJ2tVW5-I3jZKvC4wsoxE&amp;amp;amp;amp;amp;amp;trk=nav_responsive_tab_home","https:\/\/www.youtube.com\/channel\/UCxL0wu1uN0_3_7hGG0306cw"]},{"@type":"Person","@id":"https:\/\/www.bellunopress.it\/#\/schema\/person\/79bb06722b37ece1c03d3e94beb30d73","name":"r\u00e9daction","image":{"@type":"ImageObject","inLanguage":"fr-FR","@id":"https:\/\/secure.gravatar.com\/avatar\/37d968a2e67a6fd04c169c4bdef102d0bc5d31b2546345219e348575eb80e9a0?s=96&d=mm&r=g","url":"https:\/\/secure.gravatar.com\/avatar\/37d968a2e67a6fd04c169c4bdef102d0bc5d31b2546345219e348575eb80e9a0?s=96&d=mm&r=g","contentUrl":"https:\/\/secure.gravatar.com\/avatar\/37d968a2e67a6fd04c169c4bdef102d0bc5d31b2546345219e348575eb80e9a0?s=96&d=mm&r=g","caption":"redazione"},"sameAs":["http:\/\/www.bellunopress.it","https:\/\/x.com\/bellunopress"],"url":"https:\/\/www.bellunopress.it\/fr\/author\/redazione\/"}]}},"_links":{"self":[{"href":"https:\/\/www.bellunopress.it\/fr\/wp-json\/wp\/v2\/posts\/169011","targetHints":{"allow":["GET"]}}],"collection":[{"href":"https:\/\/www.bellunopress.it\/fr\/wp-json\/wp\/v2\/posts"}],"about":[{"href":"https:\/\/www.bellunopress.it\/fr\/wp-json\/wp\/v2\/types\/post"}],"author":[{"embeddable":true,"href":"https:\/\/www.bellunopress.it\/fr\/wp-json\/wp\/v2\/users\/2"}],"replies":[{"embeddable":true,"href":"https:\/\/www.bellunopress.it\/fr\/wp-json\/wp\/v2\/comments?post=169011"}],"version-history":[{"count":1,"href":"https:\/\/www.bellunopress.it\/fr\/wp-json\/wp\/v2\/posts\/169011\/revisions"}],"predecessor-version":[{"id":169013,"href":"https:\/\/www.bellunopress.it\/fr\/wp-json\/wp\/v2\/posts\/169011\/revisions\/169013"}],"wp:featuredmedia":[{"embeddable":true,"href":"https:\/\/www.bellunopress.it\/fr\/wp-json\/wp\/v2\/media\/169012"}],"wp:attachment":[{"href":"https:\/\/www.bellunopress.it\/fr\/wp-json\/wp\/v2\/media?parent=169011"}],"wp:term":[{"taxonomy":"category","embeddable":true,"href":"https:\/\/www.bellunopress.it\/fr\/wp-json\/wp\/v2\/categories?post=169011"},{"taxonomy":"post_tag","embeddable":true,"href":"https:\/\/www.bellunopress.it\/fr\/wp-json\/wp\/v2\/tags?post=169011"}],"curies":[{"name":"wp","href":"https:\/\/api.w.org\/{rel}","templated":true}]}}