{"id":169002,"date":"2026-04-11T19:10:47","date_gmt":"2026-04-11T17:10:47","guid":{"rendered":"https:\/\/www.bellunopress.it\/?p=169002"},"modified":"2026-04-11T19:10:47","modified_gmt":"2026-04-11T17:10:47","slug":"dolomiti-bellunesi-debutto-amaro-nei-playoff-di-primavera-4","status":"publish","type":"post","link":"https:\/\/www.bellunopress.it\/fr\/2026\/04\/11\/dolomiti-bellunesi-debutto-amaro-nei-playoff-di-primavera-4\/","title":{"rendered":"Dolomiti Bellunesi: debutto amaro nei playoff di Primavera 4"},"content":{"rendered":"<p><strong>Poker della Giana, playoff in salita per l&#8217;Under 19 dolomitica<\/strong><\/p>\n<p>GIANA ERMINIO-DOLOMITI BELLUNESI 4-0<\/p>\n<p>GOL: pt 11&#8242; Cirasella; st 13&#8242; Cirasella, 25&#8242; Andreoni, 41&#8242; Zani.<\/p>\n<p>GIANA ERMINIO: Bassi, Saccone (pt 41&#8242; Beniamini), Manzoni, Assanelli (st 21&#8242; Zani), Eberini, Falcone, Zizza (st 21&#8242; Bonifacio), Andreoni, Buzzi (st 31&#8242; Buzzerio), Iacovello (st 21&#8242; Albertoli), Cirasella (in panchina: Rossi, Zanaboni, Lucherini, Ferrario, Bergonzi, Dorascenzi, Riboldi, Nelini). Allenatore: V. Garzione.<\/p>\n<p>DOLOMITI BELLUNESI: Guolla, Gandin (st 20&#8242; Benetti, 44&#8242; De Toffoli), Roseo, Bentivogli, Akpam, Boscolo, Gusatto (st 1&#8242; Mioranza), Vettorazzo, Casanova (st 27&#8242; Marraffa), Da Rold, Bagnara (st 27&#8242; Furlan) (a disposizione: Coan, Ballarin, Galliani, De Bona). Allenatore: R. Lauria.<\/p>\n<p>ARBITRO: Giovanni Matteo di Sala Consilina (assistenti: Alessandro Genova di Maniago e Niklas Kalbhenn di Pordenone).<\/p>\n<p>NOTE. Ammoniti: Beniamini e Guolla.<\/p>\n<p>Il poker al passivo complica in maniera significativa il cammino nei playoff. L&#8217;Under 19 della Dolomiti Bellunesi cade sul campo della Giana Erminio nella gara d&#8217;andata del primo turno della fase finale legata al campionato Primavera 4. E vede ora in salita la strada verso la qualificazione.<\/p>\n<p>Il ritorno, in programma sabato prossimo a Rasai, richieder\u00e0 qualcosa in pi\u00f9 di una semplice impresa. Servir\u00e0 una prestazione fuori dall&#8217;ordinario per ribaltare un divario cos\u00ec ampio. E per certi versi inaspettato, alla luce dei precedenti stagionali: i ragazzi allenati da Renato Lauria, infatti, hanno avuto la meglio sui pari et\u00e0 lombardi sia all&#8217;andata (successo per 3-2). Sia al ritorno (2-0), appena un mese fa.<\/p>\n<p>Ma i playoff fanno storia a s\u00e9. Cambiano i ritmi, le pressioni, il peso di ogni episodio. E proprio questo aspetto \u00e8 emerso con chiarezza nell&#8217;analisi del tecnico dolomitico: \u00abC&#8217;\u00e8 una bella differenza tra una partita di campionato e una di un turno a eliminazione diretta. E lo abbiamo sperimentato sulla nostra pelle. Siamo stati troppo timidi. E la poca personalit\u00e0 \u00e8 un aspetto su cui i ragazzi dovranno soffermarsi perch\u00e9 adesso, per loro, inizia il percorso nel calcio degli adulti\u00bb.<\/p>\n<p>Una lettura chiara, che va oltre il risultato e tocca un tema centrale nel percorso di crescita e maturazione dei giovani: \u00abLe qualit\u00e0 tecniche e atletiche devono sempre essere accompagnate da un&#8217;adeguata solidit\u00e0 caratteriale &#8211; prosegue Lauria -. In ogni caso, la nostra stagione rimane inimmaginabile. Solo che dispiace aver dato vita a una prova incolore di fronte a un avversario che avevamo gi\u00e0 sconfitto due volte\u00bb.<\/p>\n<p>E allora, al di l\u00e0 delle difficolt\u00e0, il ritorno di Rasai rappresenter\u00e0 comunque un banco di prova importante. Per chiudere al meglio, prima ancora che per ribaltare il risultato. E perch\u00e9, in fondo, la crescita passa pure da incroci di questo tipo.<\/p>","protected":false},"excerpt":{"rendered":"<p>Poker della Giana, playoff in salita per l&#8217;Under 19 dolomitica GIANA ERMINIO-DOLOMITI BELLUNESI 4-0 GOL: pt 11&#8242; Cirasella; st 13&#8242; Cirasella, 25&#8242; Andreoni, 41&#8242; Zani. GIANA ERMINIO: Bassi, Saccone (pt 41&#8242; Beniamini), Manzoni, Assanelli (st 21&#8242; Zani), Eberini, Falcone, Zizza (st 21&#8242; Bonifacio), Andreoni, Buzzi (st 31&#8242; Buzzerio), Iacovello (st 21&#8242; Albertoli), Cirasella (in panchina: [&hellip;]<\/p>\n","protected":false},"author":2,"featured_media":168801,"comment_status":"closed","ping_status":"open","sticky":false,"template":"","format":"standard","meta":{"footnotes":""},"categories":[26,4],"tags":[],"class_list":["post-169002","post","type-post","status-publish","format-standard","has-post-thumbnail","category-prima-pagina","category-sport"],"yoast_head":"<!-- This site is optimized with the Yoast SEO plugin v28.4 - https:\/\/yoast.com\/product\/yoast-seo-wordpress\/ -->\n<title>Dolomiti Bellunesi: debutto amaro nei playoff di Primavera 4 - Bellunopress - Dolomiti<\/title>\n<meta name=\"robots\" content=\"index, follow, max-snippet:-1, max-image-preview:large, max-video-preview:-1\" \/>\n<link rel=\"canonical\" href=\"https:\/\/www.bellunopress.it\/fr\/2026\/04\/11\/dolomiti-bellunesi-debutto-amaro-nei-playoff-di-primavera-4\/\" \/>\n<meta property=\"og:locale\" content=\"fr_FR\" \/>\n<meta property=\"og:type\" content=\"article\" \/>\n<meta property=\"og:title\" content=\"Dolomiti Bellunesi: debutto amaro nei playoff di Primavera 4 - Bellunopress - Dolomiti\" \/>\n<meta property=\"og:description\" content=\"Poker della Giana, playoff in salita per l&#8217;Under 19 dolomitica GIANA ERMINIO-DOLOMITI BELLUNESI 4-0 GOL: pt 11&#8242; Cirasella; st 13&#8242; Cirasella, 25&#8242; Andreoni, 41&#8242; Zani. GIANA ERMINIO: Bassi, Saccone (pt 41&#8242; Beniamini), Manzoni, Assanelli (st 21&#8242; Zani), Eberini, Falcone, Zizza (st 21&#8242; Bonifacio), Andreoni, Buzzi (st 31&#8242; Buzzerio), Iacovello (st 21&#8242; Albertoli), Cirasella (in panchina: [&hellip;]\" \/>\n<meta property=\"og:url\" content=\"https:\/\/www.bellunopress.it\/fr\/2026\/04\/11\/dolomiti-bellunesi-debutto-amaro-nei-playoff-di-primavera-4\/\" \/>\n<meta property=\"og:site_name\" content=\"Bellunopress - Dolomiti\" \/>\n<meta property=\"article:publisher\" content=\"https:\/\/www.facebook.com\/profile.php?id=100008943462799\" \/>\n<meta property=\"article:published_time\" content=\"2026-04-11T17:10:47+00:00\" \/>\n<meta property=\"og:image\" content=\"https:\/\/www.bellunopress.it\/wp-content\/uploads\/2026\/04\/Dolomiti-Bellunesi-under-19-Benetti.jpg\" \/>\n\t<meta property=\"og:image:width\" content=\"600\" \/>\n\t<meta property=\"og:image:height\" content=\"399\" \/>\n\t<meta property=\"og:image:type\" content=\"image\/jpeg\" \/>\n<meta name=\"author\" content=\"redazione\" \/>\n<meta name=\"twitter:card\" content=\"summary_large_image\" \/>\n<meta name=\"twitter:creator\" content=\"@bellunopress\" \/>\n<meta name=\"twitter:site\" content=\"@bellunopress\" \/>\n<meta name=\"twitter:label1\" content=\"\u00c9crit par\" \/>\n\t<meta name=\"twitter:data1\" content=\"redazione\" \/>\n\t<meta name=\"twitter:label2\" content=\"Dur\u00e9e de lecture estim\u00e9e\" \/>\n\t<meta name=\"twitter:data2\" content=\"2 minutes\" \/>\n<script type=\"application\/ld+json\" class=\"yoast-schema-graph\">{\"@context\":\"https:\\\/\\\/schema.org\",\"@graph\":[{\"@type\":\"Article\",\"@id\":\"https:\\\/\\\/www.bellunopress.it\\\/2026\\\/04\\\/11\\\/dolomiti-bellunesi-debutto-amaro-nei-playoff-di-primavera-4\\\/#article\",\"isPartOf\":{\"@id\":\"https:\\\/\\\/www.bellunopress.it\\\/2026\\\/04\\\/11\\\/dolomiti-bellunesi-debutto-amaro-nei-playoff-di-primavera-4\\\/\"},\"author\":{\"name\":\"redazione\",\"@id\":\"https:\\\/\\\/www.bellunopress.it\\\/#\\\/schema\\\/person\\\/79bb06722b37ece1c03d3e94beb30d73\"},\"headline\":\"Dolomiti Bellunesi: debutto amaro nei playoff di Primavera 4\",\"datePublished\":\"2026-04-11T17:10:47+00:00\",\"mainEntityOfPage\":{\"@id\":\"https:\\\/\\\/www.bellunopress.it\\\/2026\\\/04\\\/11\\\/dolomiti-bellunesi-debutto-amaro-nei-playoff-di-primavera-4\\\/\"},\"wordCount\":424,\"publisher\":{\"@id\":\"https:\\\/\\\/www.bellunopress.it\\\/#organization\"},\"image\":{\"@id\":\"https:\\\/\\\/www.bellunopress.it\\\/2026\\\/04\\\/11\\\/dolomiti-bellunesi-debutto-amaro-nei-playoff-di-primavera-4\\\/#primaryimage\"},\"thumbnailUrl\":\"https:\\\/\\\/www.bellunopress.it\\\/wp-content\\\/uploads\\\/2026\\\/04\\\/Dolomiti-Bellunesi-under-19-Benetti.jpg\",\"articleSection\":[\"Prima Pagina\",\"Sport, tempo libero\"],\"inLanguage\":\"fr-FR\"},{\"@type\":\"WebPage\",\"@id\":\"https:\\\/\\\/www.bellunopress.it\\\/2026\\\/04\\\/11\\\/dolomiti-bellunesi-debutto-amaro-nei-playoff-di-primavera-4\\\/\",\"url\":\"https:\\\/\\\/www.bellunopress.it\\\/2026\\\/04\\\/11\\\/dolomiti-bellunesi-debutto-amaro-nei-playoff-di-primavera-4\\\/\",\"name\":\"Dolomiti Bellunesi: debutto amaro nei playoff di Primavera 4 - Bellunopress - Dolomiti\",\"isPartOf\":{\"@id\":\"https:\\\/\\\/www.bellunopress.it\\\/#website\"},\"primaryImageOfPage\":{\"@id\":\"https:\\\/\\\/www.bellunopress.it\\\/2026\\\/04\\\/11\\\/dolomiti-bellunesi-debutto-amaro-nei-playoff-di-primavera-4\\\/#primaryimage\"},\"image\":{\"@id\":\"https:\\\/\\\/www.bellunopress.it\\\/2026\\\/04\\\/11\\\/dolomiti-bellunesi-debutto-amaro-nei-playoff-di-primavera-4\\\/#primaryimage\"},\"thumbnailUrl\":\"https:\\\/\\\/www.bellunopress.it\\\/wp-content\\\/uploads\\\/2026\\\/04\\\/Dolomiti-Bellunesi-under-19-Benetti.jpg\",\"datePublished\":\"2026-04-11T17:10:47+00:00\",\"breadcrumb\":{\"@id\":\"https:\\\/\\\/www.bellunopress.it\\\/2026\\\/04\\\/11\\\/dolomiti-bellunesi-debutto-amaro-nei-playoff-di-primavera-4\\\/#breadcrumb\"},\"inLanguage\":\"fr-FR\",\"potentialAction\":[{\"@type\":\"ReadAction\",\"target\":[\"https:\\\/\\\/www.bellunopress.it\\\/2026\\\/04\\\/11\\\/dolomiti-bellunesi-debutto-amaro-nei-playoff-di-primavera-4\\\/\"]}]},{\"@type\":\"ImageObject\",\"inLanguage\":\"fr-FR\",\"@id\":\"https:\\\/\\\/www.bellunopress.it\\\/2026\\\/04\\\/11\\\/dolomiti-bellunesi-debutto-amaro-nei-playoff-di-primavera-4\\\/#primaryimage\",\"url\":\"https:\\\/\\\/www.bellunopress.it\\\/wp-content\\\/uploads\\\/2026\\\/04\\\/Dolomiti-Bellunesi-under-19-Benetti.jpg\",\"contentUrl\":\"https:\\\/\\\/www.bellunopress.it\\\/wp-content\\\/uploads\\\/2026\\\/04\\\/Dolomiti-Bellunesi-under-19-Benetti.jpg\",\"width\":600,\"height\":399,\"caption\":\"Dolomiti Bellunesi under 19: Benetti (Foto: Giuseppe De Zanet)\"},{\"@type\":\"BreadcrumbList\",\"@id\":\"https:\\\/\\\/www.bellunopress.it\\\/2026\\\/04\\\/11\\\/dolomiti-bellunesi-debutto-amaro-nei-playoff-di-primavera-4\\\/#breadcrumb\",\"itemListElement\":[{\"@type\":\"ListItem\",\"position\":1,\"name\":\"Home\",\"item\":\"https:\\\/\\\/www.bellunopress.it\\\/\"},{\"@type\":\"ListItem\",\"position\":2,\"name\":\"Dolomiti Bellunesi: debutto amaro nei playoff di Primavera 4\"}]},{\"@type\":\"WebSite\",\"@id\":\"https:\\\/\\\/www.bellunopress.it\\\/#website\",\"url\":\"https:\\\/\\\/www.bellunopress.it\\\/\",\"name\":\"Bellunopress - Dolomiti\",\"description\":\"e-mail: redazione@bellunopress.it\",\"publisher\":{\"@id\":\"https:\\\/\\\/www.bellunopress.it\\\/#organization\"},\"potentialAction\":[{\"@type\":\"SearchAction\",\"target\":{\"@type\":\"EntryPoint\",\"urlTemplate\":\"https:\\\/\\\/www.bellunopress.it\\\/?s={search_term_string}\"},\"query-input\":{\"@type\":\"PropertyValueSpecification\",\"valueRequired\":true,\"valueName\":\"search_term_string\"}}],\"inLanguage\":\"fr-FR\"},{\"@type\":\"Organization\",\"@id\":\"https:\\\/\\\/www.bellunopress.it\\\/#organization\",\"name\":\"Bellunopress\",\"url\":\"https:\\\/\\\/www.bellunopress.it\\\/\",\"logo\":{\"@type\":\"ImageObject\",\"inLanguage\":\"fr-FR\",\"@id\":\"https:\\\/\\\/www.bellunopress.it\\\/#\\\/schema\\\/logo\\\/image\\\/\",\"url\":\"https:\\\/\\\/www.bellunopress.it\\\/wp-content\\\/uploads\\\/2011\\\/05\\\/cropped-logo-bellunopress-.jpg\",\"contentUrl\":\"https:\\\/\\\/www.bellunopress.it\\\/wp-content\\\/uploads\\\/2011\\\/05\\\/cropped-logo-bellunopress-.jpg\",\"width\":512,\"height\":512,\"caption\":\"Bellunopress\"},\"image\":{\"@id\":\"https:\\\/\\\/www.bellunopress.it\\\/#\\\/schema\\\/logo\\\/image\\\/\"},\"sameAs\":[\"https:\\\/\\\/www.facebook.com\\\/profile.php?id=100008943462799\",\"https:\\\/\\\/x.com\\\/bellunopress\",\"https:\\\/\\\/www.linkedin.com\\\/hp\\\/?dnr=JBzUWaJfMUw8vbXJJ2tVW5-I3jZKvC4wsoxE&amp;amp;amp;amp;amp;amp;trk=nav_responsive_tab_home\",\"https:\\\/\\\/www.youtube.com\\\/channel\\\/UCxL0wu1uN0_3_7hGG0306cw\"]},{\"@type\":\"Person\",\"@id\":\"https:\\\/\\\/www.bellunopress.it\\\/#\\\/schema\\\/person\\\/79bb06722b37ece1c03d3e94beb30d73\",\"name\":\"redazione\",\"image\":{\"@type\":\"ImageObject\",\"inLanguage\":\"fr-FR\",\"@id\":\"https:\\\/\\\/secure.gravatar.com\\\/avatar\\\/37d968a2e67a6fd04c169c4bdef102d0bc5d31b2546345219e348575eb80e9a0?s=96&d=mm&r=g\",\"url\":\"https:\\\/\\\/secure.gravatar.com\\\/avatar\\\/37d968a2e67a6fd04c169c4bdef102d0bc5d31b2546345219e348575eb80e9a0?s=96&d=mm&r=g\",\"contentUrl\":\"https:\\\/\\\/secure.gravatar.com\\\/avatar\\\/37d968a2e67a6fd04c169c4bdef102d0bc5d31b2546345219e348575eb80e9a0?s=96&d=mm&r=g\",\"caption\":\"redazione\"},\"sameAs\":[\"http:\\\/\\\/www.bellunopress.it\",\"https:\\\/\\\/x.com\\\/bellunopress\"],\"url\":\"https:\\\/\\\/www.bellunopress.it\\\/fr\\\/author\\\/redazione\\\/\"}]}<\/script>\n<!-- \/ Yoast SEO plugin. -->","yoast_head_json":{"title":"Dolomiti Bellunesi: debutto amaro nei playoff di Primavera 4 - Bellunopress - Dolomiti","robots":{"index":"index","follow":"follow","max-snippet":"max-snippet:-1","max-image-preview":"max-image-preview:large","max-video-preview":"max-video-preview:-1"},"canonical":"https:\/\/www.bellunopress.it\/fr\/2026\/04\/11\/dolomiti-bellunesi-debutto-amaro-nei-playoff-di-primavera-4\/","og_locale":"fr_FR","og_type":"article","og_title":"Dolomiti Bellunesi: debutto amaro nei playoff di Primavera 4 - Bellunopress - Dolomiti","og_description":"Poker della Giana, playoff in salita per l&#8217;Under 19 dolomitica GIANA ERMINIO-DOLOMITI BELLUNESI 4-0 GOL: pt 11&#8242; Cirasella; st 13&#8242; Cirasella, 25&#8242; Andreoni, 41&#8242; Zani. GIANA ERMINIO: Bassi, Saccone (pt 41&#8242; Beniamini), Manzoni, Assanelli (st 21&#8242; Zani), Eberini, Falcone, Zizza (st 21&#8242; Bonifacio), Andreoni, Buzzi (st 31&#8242; Buzzerio), Iacovello (st 21&#8242; Albertoli), Cirasella (in panchina: [&hellip;]","og_url":"https:\/\/www.bellunopress.it\/fr\/2026\/04\/11\/dolomiti-bellunesi-debutto-amaro-nei-playoff-di-primavera-4\/","og_site_name":"Bellunopress - Dolomiti","article_publisher":"https:\/\/www.facebook.com\/profile.php?id=100008943462799","article_published_time":"2026-04-11T17:10:47+00:00","og_image":[{"width":600,"height":399,"url":"https:\/\/www.bellunopress.it\/wp-content\/uploads\/2026\/04\/Dolomiti-Bellunesi-under-19-Benetti.jpg","type":"image\/jpeg"}],"author":"redazione","twitter_card":"summary_large_image","twitter_creator":"@bellunopress","twitter_site":"@bellunopress","twitter_misc":{"\u00c9crit par":"redazione","Dur\u00e9e de lecture estim\u00e9e":"2 minutes"},"schema":{"@context":"https:\/\/schema.org","@graph":[{"@type":"Article","@id":"https:\/\/www.bellunopress.it\/2026\/04\/11\/dolomiti-bellunesi-debutto-amaro-nei-playoff-di-primavera-4\/#article","isPartOf":{"@id":"https:\/\/www.bellunopress.it\/2026\/04\/11\/dolomiti-bellunesi-debutto-amaro-nei-playoff-di-primavera-4\/"},"author":{"name":"redazione","@id":"https:\/\/www.bellunopress.it\/#\/schema\/person\/79bb06722b37ece1c03d3e94beb30d73"},"headline":"Dolomiti Bellunesi: debutto amaro nei playoff di Primavera 4","datePublished":"2026-04-11T17:10:47+00:00","mainEntityOfPage":{"@id":"https:\/\/www.bellunopress.it\/2026\/04\/11\/dolomiti-bellunesi-debutto-amaro-nei-playoff-di-primavera-4\/"},"wordCount":424,"publisher":{"@id":"https:\/\/www.bellunopress.it\/#organization"},"image":{"@id":"https:\/\/www.bellunopress.it\/2026\/04\/11\/dolomiti-bellunesi-debutto-amaro-nei-playoff-di-primavera-4\/#primaryimage"},"thumbnailUrl":"https:\/\/www.bellunopress.it\/wp-content\/uploads\/2026\/04\/Dolomiti-Bellunesi-under-19-Benetti.jpg","articleSection":["Prima Pagina","Sport, tempo libero"],"inLanguage":"fr-FR"},{"@type":"WebPage","@id":"https:\/\/www.bellunopress.it\/2026\/04\/11\/dolomiti-bellunesi-debutto-amaro-nei-playoff-di-primavera-4\/","url":"https:\/\/www.bellunopress.it\/2026\/04\/11\/dolomiti-bellunesi-debutto-amaro-nei-playoff-di-primavera-4\/","name":"Dolomiti Bellunesi: debutto amaro nei playoff di Primavera 4 - Bellunopress - Dolomiti","isPartOf":{"@id":"https:\/\/www.bellunopress.it\/#website"},"primaryImageOfPage":{"@id":"https:\/\/www.bellunopress.it\/2026\/04\/11\/dolomiti-bellunesi-debutto-amaro-nei-playoff-di-primavera-4\/#primaryimage"},"image":{"@id":"https:\/\/www.bellunopress.it\/2026\/04\/11\/dolomiti-bellunesi-debutto-amaro-nei-playoff-di-primavera-4\/#primaryimage"},"thumbnailUrl":"https:\/\/www.bellunopress.it\/wp-content\/uploads\/2026\/04\/Dolomiti-Bellunesi-under-19-Benetti.jpg","datePublished":"2026-04-11T17:10:47+00:00","breadcrumb":{"@id":"https:\/\/www.bellunopress.it\/2026\/04\/11\/dolomiti-bellunesi-debutto-amaro-nei-playoff-di-primavera-4\/#breadcrumb"},"inLanguage":"fr-FR","potentialAction":[{"@type":"ReadAction","target":["https:\/\/www.bellunopress.it\/2026\/04\/11\/dolomiti-bellunesi-debutto-amaro-nei-playoff-di-primavera-4\/"]}]},{"@type":"ImageObject","inLanguage":"fr-FR","@id":"https:\/\/www.bellunopress.it\/2026\/04\/11\/dolomiti-bellunesi-debutto-amaro-nei-playoff-di-primavera-4\/#primaryimage","url":"https:\/\/www.bellunopress.it\/wp-content\/uploads\/2026\/04\/Dolomiti-Bellunesi-under-19-Benetti.jpg","contentUrl":"https:\/\/www.bellunopress.it\/wp-content\/uploads\/2026\/04\/Dolomiti-Bellunesi-under-19-Benetti.jpg","width":600,"height":399,"caption":"Dolomiti Bellunesi under 19: Benetti (Foto: Giuseppe De Zanet)"},{"@type":"BreadcrumbList","@id":"https:\/\/www.bellunopress.it\/2026\/04\/11\/dolomiti-bellunesi-debutto-amaro-nei-playoff-di-primavera-4\/#breadcrumb","itemListElement":[{"@type":"ListItem","position":1,"name":"Home","item":"https:\/\/www.bellunopress.it\/"},{"@type":"ListItem","position":2,"name":"Dolomiti Bellunesi: debutto amaro nei playoff di Primavera 4"}]},{"@type":"WebSite","@id":"https:\/\/www.bellunopress.it\/#website","url":"https:\/\/www.bellunopress.it\/","name":"Bellunopress - Dolomiti","description":"e-mail: redazione@bellunopress.it","publisher":{"@id":"https:\/\/www.bellunopress.it\/#organization"},"potentialAction":[{"@type":"SearchAction","target":{"@type":"EntryPoint","urlTemplate":"https:\/\/www.bellunopress.it\/?s={search_term_string}"},"query-input":{"@type":"PropertyValueSpecification","valueRequired":true,"valueName":"search_term_string"}}],"inLanguage":"fr-FR"},{"@type":"Organization","@id":"https:\/\/www.bellunopress.it\/#organization","name":"Bellunopress","url":"https:\/\/www.bellunopress.it\/","logo":{"@type":"ImageObject","inLanguage":"fr-FR","@id":"https:\/\/www.bellunopress.it\/#\/schema\/logo\/image\/","url":"https:\/\/www.bellunopress.it\/wp-content\/uploads\/2011\/05\/cropped-logo-bellunopress-.jpg","contentUrl":"https:\/\/www.bellunopress.it\/wp-content\/uploads\/2011\/05\/cropped-logo-bellunopress-.jpg","width":512,"height":512,"caption":"Bellunopress"},"image":{"@id":"https:\/\/www.bellunopress.it\/#\/schema\/logo\/image\/"},"sameAs":["https:\/\/www.facebook.com\/profile.php?id=100008943462799","https:\/\/x.com\/bellunopress","https:\/\/www.linkedin.com\/hp\/?dnr=JBzUWaJfMUw8vbXJJ2tVW5-I3jZKvC4wsoxE&amp;amp;amp;amp;amp;amp;trk=nav_responsive_tab_home","https:\/\/www.youtube.com\/channel\/UCxL0wu1uN0_3_7hGG0306cw"]},{"@type":"Person","@id":"https:\/\/www.bellunopress.it\/#\/schema\/person\/79bb06722b37ece1c03d3e94beb30d73","name":"r\u00e9daction","image":{"@type":"ImageObject","inLanguage":"fr-FR","@id":"https:\/\/secure.gravatar.com\/avatar\/37d968a2e67a6fd04c169c4bdef102d0bc5d31b2546345219e348575eb80e9a0?s=96&d=mm&r=g","url":"https:\/\/secure.gravatar.com\/avatar\/37d968a2e67a6fd04c169c4bdef102d0bc5d31b2546345219e348575eb80e9a0?s=96&d=mm&r=g","contentUrl":"https:\/\/secure.gravatar.com\/avatar\/37d968a2e67a6fd04c169c4bdef102d0bc5d31b2546345219e348575eb80e9a0?s=96&d=mm&r=g","caption":"redazione"},"sameAs":["http:\/\/www.bellunopress.it","https:\/\/x.com\/bellunopress"],"url":"https:\/\/www.bellunopress.it\/fr\/author\/redazione\/"}]}},"_links":{"self":[{"href":"https:\/\/www.bellunopress.it\/fr\/wp-json\/wp\/v2\/posts\/169002","targetHints":{"allow":["GET"]}}],"collection":[{"href":"https:\/\/www.bellunopress.it\/fr\/wp-json\/wp\/v2\/posts"}],"about":[{"href":"https:\/\/www.bellunopress.it\/fr\/wp-json\/wp\/v2\/types\/post"}],"author":[{"embeddable":true,"href":"https:\/\/www.bellunopress.it\/fr\/wp-json\/wp\/v2\/users\/2"}],"replies":[{"embeddable":true,"href":"https:\/\/www.bellunopress.it\/fr\/wp-json\/wp\/v2\/comments?post=169002"}],"version-history":[{"count":1,"href":"https:\/\/www.bellunopress.it\/fr\/wp-json\/wp\/v2\/posts\/169002\/revisions"}],"predecessor-version":[{"id":169003,"href":"https:\/\/www.bellunopress.it\/fr\/wp-json\/wp\/v2\/posts\/169002\/revisions\/169003"}],"wp:featuredmedia":[{"embeddable":true,"href":"https:\/\/www.bellunopress.it\/fr\/wp-json\/wp\/v2\/media\/168801"}],"wp:attachment":[{"href":"https:\/\/www.bellunopress.it\/fr\/wp-json\/wp\/v2\/media?parent=169002"}],"wp:term":[{"taxonomy":"category","embeddable":true,"href":"https:\/\/www.bellunopress.it\/fr\/wp-json\/wp\/v2\/categories?post=169002"},{"taxonomy":"post_tag","embeddable":true,"href":"https:\/\/www.bellunopress.it\/fr\/wp-json\/wp\/v2\/tags?post=169002"}],"curies":[{"name":"wp","href":"https:\/\/api.w.org\/{rel}","templated":true}]}}