{"id":168991,"date":"2026-04-11T08:08:30","date_gmt":"2026-04-11T06:08:30","guid":{"rendered":"https:\/\/www.bellunopress.it\/?p=168991"},"modified":"2026-04-11T08:08:30","modified_gmt":"2026-04-11T06:08:30","slug":"belluno-martedi-chiude-un-tratto-di-via-feltre-per-il-taglio-piante","status":"publish","type":"post","link":"https:\/\/www.bellunopress.it\/fr\/2026\/04\/11\/belluno-martedi-chiude-un-tratto-di-via-feltre-per-il-taglio-piante\/","title":{"rendered":"Belluno: marted\u00ec chiude un tratto di via Feltre per il taglio piante"},"content":{"rendered":"<p data-path-to-node=\"3\">Belluno, 11\/04\/2026\u00a0\u2013 Settimana di interventi sul verde pubblico e modifiche alla circolazione nel capoluogo. Il Comune ha disposto una serie di restrizioni che interesseranno in particolare la direttrice di via Feltre, dove sono previsti lavori di abbattimento di alcuni esemplari d\u2019alto fusto che sporgono pericolosamente sulla sede stradale.<\/p>\n<h3 data-path-to-node=\"4\"><b data-path-to-node=\"4\" data-index-in-node=\"0\">Via Feltre: i dettagli della chiusura<\/b><\/h3>\n<p data-path-to-node=\"5\">Il cantiere entrer\u00e0 nel vivo marted\u00ec 14 aprile. Dalle ore 8:30 alle 17:00, il tratto compreso tra la rotatoria di piazzale Marconi e il civico 79 (nei pressi del distributore Q8easy) sar\u00e0 soggetto a divieti mirati:<\/p>\n<ul data-path-to-node=\"6\">\n<li>\n<p data-path-to-node=\"6,0,0\">Stop a veicoli e pedoni: la circolazione sar\u00e0 interdetta in base all&#8217;avanzamento dei lavori di abbattimento.<\/p>\n<\/li>\n<li>\n<p data-path-to-node=\"6,1,0\">Divieto di sosta: non sar\u00e0 possibile parcheggiare negli stalli che costeggiano la carreggiata per tutta la durata dell&#8217;intervento.<\/p>\n<\/li>\n<li>\n<p data-path-to-node=\"6,2,0\">Possibile chiusura anche mercoled\u00ec: qualora le operazioni non terminassero marted\u00ec, le medesime restrizioni scatteranno anche nella giornata di mercoled\u00ec 15 aprile.<\/p>\n<\/li>\n<\/ul>\n<h3 data-path-to-node=\"7\"><b data-path-to-node=\"7\" data-index-in-node=\"0\">Percorsi alternativi e residenti<\/b><\/h3>\n<p data-path-to-node=\"8\">Per limitare i disagi, l&#8217;amministrazione ha garantito che i residenti potranno sempre raggiungere le proprie abitazioni. Per tutto il resto del traffico, la viabilit\u00e0 alternativa passer\u00e0 obbligatoriamente per via San Gervasio.<\/p>\n<p data-path-to-node=\"8\">\n<h3 data-path-to-node=\"10\"><b data-path-to-node=\"10\" data-index-in-node=\"0\">Manutenzione nei parchi: chiusure da luned\u00ec<\/b><\/h3>\n<p data-path-to-node=\"11\">Non solo strade, ma anche aree verdi. A partire da luned\u00ec 13 aprile, inizieranno le operazioni di manutenzione ordinaria in due importanti polmoni verdi della citt\u00e0. Resteranno chiusi al pubblico:<\/p>\n<ol start=\"1\" data-path-to-node=\"12\">\n<li>\n<p data-path-to-node=\"12,0,0\">Il parco di Sargnano.<\/p>\n<\/li>\n<li>\n<p data-path-to-node=\"12,1,0\">Il parco del Centro Millennium.<\/p>\n<\/li>\n<\/ol>\n<blockquote data-path-to-node=\"13\">\n<h6 style=\"text-align: left;\" data-path-to-node=\"13,0\">La riapertura dei parchi e la regolarit\u00e0 dei lavori in via Feltre restano vincolate alle condizioni meteo. In caso di pioggia, il calendario degli interventi potrebbe subire slittamenti.<\/h6>\n<\/blockquote>\n<p data-path-to-node=\"15\"><b data-path-to-node=\"15\" data-index-in-node=\"0\">In sintesi<\/b><\/p>\n<table data-path-to-node=\"16\">\n<thead>\n<tr>\n<td>Dove<\/td>\n<td>Quando<\/td>\n<td>Cosa succede<\/td>\n<\/tr>\n<\/thead>\n<tbody>\n<tr>\n<td>Via Feltre<\/td>\n<td>14-15 Aprile (8:30-17:00)<\/td>\n<td>Chiusura al traffico e divieto di sosta<\/td>\n<\/tr>\n<tr>\n<td>Parchi Sargnano\/Millennium<\/td>\n<td>Dal 13 Aprile<\/td>\n<td>Chiusi per manutenzione<\/td>\n<\/tr>\n<tr>\n<td>Viabilit\u00e0 Alternativa<\/td>\n<td>&#8211;<\/td>\n<td>Transito per via San Gervasio<\/td>\n<\/tr>\n<\/tbody>\n<\/table>","protected":false},"excerpt":{"rendered":"<p>Belluno, 11\/04\/2026\u00a0\u2013 Settimana di interventi sul verde pubblico e modifiche alla circolazione nel capoluogo. Il Comune ha disposto una serie di restrizioni che interesseranno in particolare la direttrice di via Feltre, dove sono previsti lavori di abbattimento di alcuni esemplari d\u2019alto fusto che sporgono pericolosamente sulla sede stradale. Via Feltre: i dettagli della chiusura Il [&hellip;]<\/p>\n","protected":false},"author":2,"featured_media":168993,"comment_status":"closed","ping_status":"open","sticky":false,"template":"","format":"standard","meta":{"footnotes":""},"categories":[26,8],"tags":[],"class_list":["post-168991","post","type-post","status-publish","format-standard","has-post-thumbnail","category-prima-pagina","category-societa-istituzioni"],"yoast_head":"<!-- This site is optimized with the Yoast SEO plugin v28.4 - https:\/\/yoast.com\/product\/yoast-seo-wordpress\/ -->\n<title>Belluno: marted\u00ec chiude un tratto di via Feltre per il taglio piante - Bellunopress - Dolomiti<\/title>\n<meta name=\"robots\" content=\"index, follow, max-snippet:-1, max-image-preview:large, max-video-preview:-1\" \/>\n<link rel=\"canonical\" href=\"https:\/\/www.bellunopress.it\/fr\/2026\/04\/11\/belluno-martedi-chiude-un-tratto-di-via-feltre-per-il-taglio-piante\/\" \/>\n<meta property=\"og:locale\" content=\"fr_FR\" \/>\n<meta property=\"og:type\" content=\"article\" \/>\n<meta property=\"og:title\" content=\"Belluno: marted\u00ec chiude un tratto di via Feltre per il taglio piante - Bellunopress - Dolomiti\" \/>\n<meta property=\"og:description\" content=\"Belluno, 11\/04\/2026\u00a0\u2013 Settimana di interventi sul verde pubblico e modifiche alla circolazione nel capoluogo. Il Comune ha disposto una serie di restrizioni che interesseranno in particolare la direttrice di via Feltre, dove sono previsti lavori di abbattimento di alcuni esemplari d\u2019alto fusto che sporgono pericolosamente sulla sede stradale. Via Feltre: i dettagli della chiusura Il [&hellip;]\" \/>\n<meta property=\"og:url\" content=\"https:\/\/www.bellunopress.it\/fr\/2026\/04\/11\/belluno-martedi-chiude-un-tratto-di-via-feltre-per-il-taglio-piante\/\" \/>\n<meta property=\"og:site_name\" content=\"Bellunopress - Dolomiti\" \/>\n<meta property=\"article:publisher\" content=\"https:\/\/www.facebook.com\/profile.php?id=100008943462799\" \/>\n<meta property=\"article:published_time\" content=\"2026-04-11T06:08:30+00:00\" \/>\n<meta property=\"og:image\" content=\"https:\/\/www.bellunopress.it\/wp-content\/uploads\/2026\/04\/Belluno-via-feltre.jpg\" \/>\n\t<meta property=\"og:image:width\" content=\"600\" \/>\n\t<meta property=\"og:image:height\" content=\"450\" \/>\n\t<meta property=\"og:image:type\" content=\"image\/jpeg\" \/>\n<meta name=\"author\" content=\"redazione\" \/>\n<meta name=\"twitter:card\" content=\"summary_large_image\" \/>\n<meta name=\"twitter:creator\" content=\"@bellunopress\" \/>\n<meta name=\"twitter:site\" content=\"@bellunopress\" \/>\n<meta name=\"twitter:label1\" content=\"\u00c9crit par\" \/>\n\t<meta name=\"twitter:data1\" content=\"redazione\" \/>\n\t<meta name=\"twitter:label2\" content=\"Dur\u00e9e de lecture estim\u00e9e\" \/>\n\t<meta name=\"twitter:data2\" content=\"1 minute\" \/>\n<script type=\"application\/ld+json\" class=\"yoast-schema-graph\">{\"@context\":\"https:\\\/\\\/schema.org\",\"@graph\":[{\"@type\":\"Article\",\"@id\":\"https:\\\/\\\/www.bellunopress.it\\\/2026\\\/04\\\/11\\\/belluno-martedi-chiude-un-tratto-di-via-feltre-per-il-taglio-piante\\\/#article\",\"isPartOf\":{\"@id\":\"https:\\\/\\\/www.bellunopress.it\\\/2026\\\/04\\\/11\\\/belluno-martedi-chiude-un-tratto-di-via-feltre-per-il-taglio-piante\\\/\"},\"author\":{\"name\":\"redazione\",\"@id\":\"https:\\\/\\\/www.bellunopress.it\\\/#\\\/schema\\\/person\\\/79bb06722b37ece1c03d3e94beb30d73\"},\"headline\":\"Belluno: marted\u00ec chiude un tratto di via Feltre per il taglio piante\",\"datePublished\":\"2026-04-11T06:08:30+00:00\",\"mainEntityOfPage\":{\"@id\":\"https:\\\/\\\/www.bellunopress.it\\\/2026\\\/04\\\/11\\\/belluno-martedi-chiude-un-tratto-di-via-feltre-per-il-taglio-piante\\\/\"},\"wordCount\":297,\"publisher\":{\"@id\":\"https:\\\/\\\/www.bellunopress.it\\\/#organization\"},\"image\":{\"@id\":\"https:\\\/\\\/www.bellunopress.it\\\/2026\\\/04\\\/11\\\/belluno-martedi-chiude-un-tratto-di-via-feltre-per-il-taglio-piante\\\/#primaryimage\"},\"thumbnailUrl\":\"https:\\\/\\\/www.bellunopress.it\\\/wp-content\\\/uploads\\\/2026\\\/04\\\/Belluno-via-feltre.jpg\",\"articleSection\":[\"Prima Pagina\",\"Societ\u00e0, Associazioni, Istituzioni\"],\"inLanguage\":\"fr-FR\"},{\"@type\":\"WebPage\",\"@id\":\"https:\\\/\\\/www.bellunopress.it\\\/2026\\\/04\\\/11\\\/belluno-martedi-chiude-un-tratto-di-via-feltre-per-il-taglio-piante\\\/\",\"url\":\"https:\\\/\\\/www.bellunopress.it\\\/2026\\\/04\\\/11\\\/belluno-martedi-chiude-un-tratto-di-via-feltre-per-il-taglio-piante\\\/\",\"name\":\"Belluno: marted\u00ec chiude un tratto di via Feltre per il taglio piante - Bellunopress - Dolomiti\",\"isPartOf\":{\"@id\":\"https:\\\/\\\/www.bellunopress.it\\\/#website\"},\"primaryImageOfPage\":{\"@id\":\"https:\\\/\\\/www.bellunopress.it\\\/2026\\\/04\\\/11\\\/belluno-martedi-chiude-un-tratto-di-via-feltre-per-il-taglio-piante\\\/#primaryimage\"},\"image\":{\"@id\":\"https:\\\/\\\/www.bellunopress.it\\\/2026\\\/04\\\/11\\\/belluno-martedi-chiude-un-tratto-di-via-feltre-per-il-taglio-piante\\\/#primaryimage\"},\"thumbnailUrl\":\"https:\\\/\\\/www.bellunopress.it\\\/wp-content\\\/uploads\\\/2026\\\/04\\\/Belluno-via-feltre.jpg\",\"datePublished\":\"2026-04-11T06:08:30+00:00\",\"breadcrumb\":{\"@id\":\"https:\\\/\\\/www.bellunopress.it\\\/2026\\\/04\\\/11\\\/belluno-martedi-chiude-un-tratto-di-via-feltre-per-il-taglio-piante\\\/#breadcrumb\"},\"inLanguage\":\"fr-FR\",\"potentialAction\":[{\"@type\":\"ReadAction\",\"target\":[\"https:\\\/\\\/www.bellunopress.it\\\/2026\\\/04\\\/11\\\/belluno-martedi-chiude-un-tratto-di-via-feltre-per-il-taglio-piante\\\/\"]}]},{\"@type\":\"ImageObject\",\"inLanguage\":\"fr-FR\",\"@id\":\"https:\\\/\\\/www.bellunopress.it\\\/2026\\\/04\\\/11\\\/belluno-martedi-chiude-un-tratto-di-via-feltre-per-il-taglio-piante\\\/#primaryimage\",\"url\":\"https:\\\/\\\/www.bellunopress.it\\\/wp-content\\\/uploads\\\/2026\\\/04\\\/Belluno-via-feltre.jpg\",\"contentUrl\":\"https:\\\/\\\/www.bellunopress.it\\\/wp-content\\\/uploads\\\/2026\\\/04\\\/Belluno-via-feltre.jpg\",\"width\":600,\"height\":450,\"caption\":\"Belluno, via Feltre\"},{\"@type\":\"BreadcrumbList\",\"@id\":\"https:\\\/\\\/www.bellunopress.it\\\/2026\\\/04\\\/11\\\/belluno-martedi-chiude-un-tratto-di-via-feltre-per-il-taglio-piante\\\/#breadcrumb\",\"itemListElement\":[{\"@type\":\"ListItem\",\"position\":1,\"name\":\"Home\",\"item\":\"https:\\\/\\\/www.bellunopress.it\\\/\"},{\"@type\":\"ListItem\",\"position\":2,\"name\":\"Belluno: marted\u00ec chiude un tratto di via Feltre per il taglio piante\"}]},{\"@type\":\"WebSite\",\"@id\":\"https:\\\/\\\/www.bellunopress.it\\\/#website\",\"url\":\"https:\\\/\\\/www.bellunopress.it\\\/\",\"name\":\"Bellunopress - Dolomiti\",\"description\":\"e-mail: redazione@bellunopress.it\",\"publisher\":{\"@id\":\"https:\\\/\\\/www.bellunopress.it\\\/#organization\"},\"potentialAction\":[{\"@type\":\"SearchAction\",\"target\":{\"@type\":\"EntryPoint\",\"urlTemplate\":\"https:\\\/\\\/www.bellunopress.it\\\/?s={search_term_string}\"},\"query-input\":{\"@type\":\"PropertyValueSpecification\",\"valueRequired\":true,\"valueName\":\"search_term_string\"}}],\"inLanguage\":\"fr-FR\"},{\"@type\":\"Organization\",\"@id\":\"https:\\\/\\\/www.bellunopress.it\\\/#organization\",\"name\":\"Bellunopress\",\"url\":\"https:\\\/\\\/www.bellunopress.it\\\/\",\"logo\":{\"@type\":\"ImageObject\",\"inLanguage\":\"fr-FR\",\"@id\":\"https:\\\/\\\/www.bellunopress.it\\\/#\\\/schema\\\/logo\\\/image\\\/\",\"url\":\"https:\\\/\\\/www.bellunopress.it\\\/wp-content\\\/uploads\\\/2011\\\/05\\\/cropped-logo-bellunopress-.jpg\",\"contentUrl\":\"https:\\\/\\\/www.bellunopress.it\\\/wp-content\\\/uploads\\\/2011\\\/05\\\/cropped-logo-bellunopress-.jpg\",\"width\":512,\"height\":512,\"caption\":\"Bellunopress\"},\"image\":{\"@id\":\"https:\\\/\\\/www.bellunopress.it\\\/#\\\/schema\\\/logo\\\/image\\\/\"},\"sameAs\":[\"https:\\\/\\\/www.facebook.com\\\/profile.php?id=100008943462799\",\"https:\\\/\\\/x.com\\\/bellunopress\",\"https:\\\/\\\/www.linkedin.com\\\/hp\\\/?dnr=JBzUWaJfMUw8vbXJJ2tVW5-I3jZKvC4wsoxE&amp;amp;amp;amp;amp;amp;trk=nav_responsive_tab_home\",\"https:\\\/\\\/www.youtube.com\\\/channel\\\/UCxL0wu1uN0_3_7hGG0306cw\"]},{\"@type\":\"Person\",\"@id\":\"https:\\\/\\\/www.bellunopress.it\\\/#\\\/schema\\\/person\\\/79bb06722b37ece1c03d3e94beb30d73\",\"name\":\"redazione\",\"image\":{\"@type\":\"ImageObject\",\"inLanguage\":\"fr-FR\",\"@id\":\"https:\\\/\\\/secure.gravatar.com\\\/avatar\\\/37d968a2e67a6fd04c169c4bdef102d0bc5d31b2546345219e348575eb80e9a0?s=96&d=mm&r=g\",\"url\":\"https:\\\/\\\/secure.gravatar.com\\\/avatar\\\/37d968a2e67a6fd04c169c4bdef102d0bc5d31b2546345219e348575eb80e9a0?s=96&d=mm&r=g\",\"contentUrl\":\"https:\\\/\\\/secure.gravatar.com\\\/avatar\\\/37d968a2e67a6fd04c169c4bdef102d0bc5d31b2546345219e348575eb80e9a0?s=96&d=mm&r=g\",\"caption\":\"redazione\"},\"sameAs\":[\"http:\\\/\\\/www.bellunopress.it\",\"https:\\\/\\\/x.com\\\/bellunopress\"],\"url\":\"https:\\\/\\\/www.bellunopress.it\\\/fr\\\/author\\\/redazione\\\/\"}]}<\/script>\n<!-- \/ Yoast SEO plugin. -->","yoast_head_json":{"title":"Belluno: marted\u00ec chiude un tratto di via Feltre per il taglio piante - Bellunopress - Dolomiti","robots":{"index":"index","follow":"follow","max-snippet":"max-snippet:-1","max-image-preview":"max-image-preview:large","max-video-preview":"max-video-preview:-1"},"canonical":"https:\/\/www.bellunopress.it\/fr\/2026\/04\/11\/belluno-martedi-chiude-un-tratto-di-via-feltre-per-il-taglio-piante\/","og_locale":"fr_FR","og_type":"article","og_title":"Belluno: marted\u00ec chiude un tratto di via Feltre per il taglio piante - Bellunopress - Dolomiti","og_description":"Belluno, 11\/04\/2026\u00a0\u2013 Settimana di interventi sul verde pubblico e modifiche alla circolazione nel capoluogo. Il Comune ha disposto una serie di restrizioni che interesseranno in particolare la direttrice di via Feltre, dove sono previsti lavori di abbattimento di alcuni esemplari d\u2019alto fusto che sporgono pericolosamente sulla sede stradale. Via Feltre: i dettagli della chiusura Il [&hellip;]","og_url":"https:\/\/www.bellunopress.it\/fr\/2026\/04\/11\/belluno-martedi-chiude-un-tratto-di-via-feltre-per-il-taglio-piante\/","og_site_name":"Bellunopress - Dolomiti","article_publisher":"https:\/\/www.facebook.com\/profile.php?id=100008943462799","article_published_time":"2026-04-11T06:08:30+00:00","og_image":[{"width":600,"height":450,"url":"https:\/\/www.bellunopress.it\/wp-content\/uploads\/2026\/04\/Belluno-via-feltre.jpg","type":"image\/jpeg"}],"author":"redazione","twitter_card":"summary_large_image","twitter_creator":"@bellunopress","twitter_site":"@bellunopress","twitter_misc":{"\u00c9crit par":"redazione","Dur\u00e9e de lecture estim\u00e9e":"1 minute"},"schema":{"@context":"https:\/\/schema.org","@graph":[{"@type":"Article","@id":"https:\/\/www.bellunopress.it\/2026\/04\/11\/belluno-martedi-chiude-un-tratto-di-via-feltre-per-il-taglio-piante\/#article","isPartOf":{"@id":"https:\/\/www.bellunopress.it\/2026\/04\/11\/belluno-martedi-chiude-un-tratto-di-via-feltre-per-il-taglio-piante\/"},"author":{"name":"redazione","@id":"https:\/\/www.bellunopress.it\/#\/schema\/person\/79bb06722b37ece1c03d3e94beb30d73"},"headline":"Belluno: marted\u00ec chiude un tratto di via Feltre per il taglio piante","datePublished":"2026-04-11T06:08:30+00:00","mainEntityOfPage":{"@id":"https:\/\/www.bellunopress.it\/2026\/04\/11\/belluno-martedi-chiude-un-tratto-di-via-feltre-per-il-taglio-piante\/"},"wordCount":297,"publisher":{"@id":"https:\/\/www.bellunopress.it\/#organization"},"image":{"@id":"https:\/\/www.bellunopress.it\/2026\/04\/11\/belluno-martedi-chiude-un-tratto-di-via-feltre-per-il-taglio-piante\/#primaryimage"},"thumbnailUrl":"https:\/\/www.bellunopress.it\/wp-content\/uploads\/2026\/04\/Belluno-via-feltre.jpg","articleSection":["Prima Pagina","Societ\u00e0, Associazioni, Istituzioni"],"inLanguage":"fr-FR"},{"@type":"WebPage","@id":"https:\/\/www.bellunopress.it\/2026\/04\/11\/belluno-martedi-chiude-un-tratto-di-via-feltre-per-il-taglio-piante\/","url":"https:\/\/www.bellunopress.it\/2026\/04\/11\/belluno-martedi-chiude-un-tratto-di-via-feltre-per-il-taglio-piante\/","name":"Belluno: marted\u00ec chiude un tratto di via Feltre per il taglio piante - Bellunopress - Dolomiti","isPartOf":{"@id":"https:\/\/www.bellunopress.it\/#website"},"primaryImageOfPage":{"@id":"https:\/\/www.bellunopress.it\/2026\/04\/11\/belluno-martedi-chiude-un-tratto-di-via-feltre-per-il-taglio-piante\/#primaryimage"},"image":{"@id":"https:\/\/www.bellunopress.it\/2026\/04\/11\/belluno-martedi-chiude-un-tratto-di-via-feltre-per-il-taglio-piante\/#primaryimage"},"thumbnailUrl":"https:\/\/www.bellunopress.it\/wp-content\/uploads\/2026\/04\/Belluno-via-feltre.jpg","datePublished":"2026-04-11T06:08:30+00:00","breadcrumb":{"@id":"https:\/\/www.bellunopress.it\/2026\/04\/11\/belluno-martedi-chiude-un-tratto-di-via-feltre-per-il-taglio-piante\/#breadcrumb"},"inLanguage":"fr-FR","potentialAction":[{"@type":"ReadAction","target":["https:\/\/www.bellunopress.it\/2026\/04\/11\/belluno-martedi-chiude-un-tratto-di-via-feltre-per-il-taglio-piante\/"]}]},{"@type":"ImageObject","inLanguage":"fr-FR","@id":"https:\/\/www.bellunopress.it\/2026\/04\/11\/belluno-martedi-chiude-un-tratto-di-via-feltre-per-il-taglio-piante\/#primaryimage","url":"https:\/\/www.bellunopress.it\/wp-content\/uploads\/2026\/04\/Belluno-via-feltre.jpg","contentUrl":"https:\/\/www.bellunopress.it\/wp-content\/uploads\/2026\/04\/Belluno-via-feltre.jpg","width":600,"height":450,"caption":"Belluno, via Feltre"},{"@type":"BreadcrumbList","@id":"https:\/\/www.bellunopress.it\/2026\/04\/11\/belluno-martedi-chiude-un-tratto-di-via-feltre-per-il-taglio-piante\/#breadcrumb","itemListElement":[{"@type":"ListItem","position":1,"name":"Home","item":"https:\/\/www.bellunopress.it\/"},{"@type":"ListItem","position":2,"name":"Belluno: marted\u00ec chiude un tratto di via Feltre per il taglio piante"}]},{"@type":"WebSite","@id":"https:\/\/www.bellunopress.it\/#website","url":"https:\/\/www.bellunopress.it\/","name":"Bellunopress - Dolomiti","description":"e-mail: redazione@bellunopress.it","publisher":{"@id":"https:\/\/www.bellunopress.it\/#organization"},"potentialAction":[{"@type":"SearchAction","target":{"@type":"EntryPoint","urlTemplate":"https:\/\/www.bellunopress.it\/?s={search_term_string}"},"query-input":{"@type":"PropertyValueSpecification","valueRequired":true,"valueName":"search_term_string"}}],"inLanguage":"fr-FR"},{"@type":"Organization","@id":"https:\/\/www.bellunopress.it\/#organization","name":"Bellunopress","url":"https:\/\/www.bellunopress.it\/","logo":{"@type":"ImageObject","inLanguage":"fr-FR","@id":"https:\/\/www.bellunopress.it\/#\/schema\/logo\/image\/","url":"https:\/\/www.bellunopress.it\/wp-content\/uploads\/2011\/05\/cropped-logo-bellunopress-.jpg","contentUrl":"https:\/\/www.bellunopress.it\/wp-content\/uploads\/2011\/05\/cropped-logo-bellunopress-.jpg","width":512,"height":512,"caption":"Bellunopress"},"image":{"@id":"https:\/\/www.bellunopress.it\/#\/schema\/logo\/image\/"},"sameAs":["https:\/\/www.facebook.com\/profile.php?id=100008943462799","https:\/\/x.com\/bellunopress","https:\/\/www.linkedin.com\/hp\/?dnr=JBzUWaJfMUw8vbXJJ2tVW5-I3jZKvC4wsoxE&amp;amp;amp;amp;amp;amp;trk=nav_responsive_tab_home","https:\/\/www.youtube.com\/channel\/UCxL0wu1uN0_3_7hGG0306cw"]},{"@type":"Person","@id":"https:\/\/www.bellunopress.it\/#\/schema\/person\/79bb06722b37ece1c03d3e94beb30d73","name":"r\u00e9daction","image":{"@type":"ImageObject","inLanguage":"fr-FR","@id":"https:\/\/secure.gravatar.com\/avatar\/37d968a2e67a6fd04c169c4bdef102d0bc5d31b2546345219e348575eb80e9a0?s=96&d=mm&r=g","url":"https:\/\/secure.gravatar.com\/avatar\/37d968a2e67a6fd04c169c4bdef102d0bc5d31b2546345219e348575eb80e9a0?s=96&d=mm&r=g","contentUrl":"https:\/\/secure.gravatar.com\/avatar\/37d968a2e67a6fd04c169c4bdef102d0bc5d31b2546345219e348575eb80e9a0?s=96&d=mm&r=g","caption":"redazione"},"sameAs":["http:\/\/www.bellunopress.it","https:\/\/x.com\/bellunopress"],"url":"https:\/\/www.bellunopress.it\/fr\/author\/redazione\/"}]}},"_links":{"self":[{"href":"https:\/\/www.bellunopress.it\/fr\/wp-json\/wp\/v2\/posts\/168991","targetHints":{"allow":["GET"]}}],"collection":[{"href":"https:\/\/www.bellunopress.it\/fr\/wp-json\/wp\/v2\/posts"}],"about":[{"href":"https:\/\/www.bellunopress.it\/fr\/wp-json\/wp\/v2\/types\/post"}],"author":[{"embeddable":true,"href":"https:\/\/www.bellunopress.it\/fr\/wp-json\/wp\/v2\/users\/2"}],"replies":[{"embeddable":true,"href":"https:\/\/www.bellunopress.it\/fr\/wp-json\/wp\/v2\/comments?post=168991"}],"version-history":[{"count":1,"href":"https:\/\/www.bellunopress.it\/fr\/wp-json\/wp\/v2\/posts\/168991\/revisions"}],"predecessor-version":[{"id":168994,"href":"https:\/\/www.bellunopress.it\/fr\/wp-json\/wp\/v2\/posts\/168991\/revisions\/168994"}],"wp:featuredmedia":[{"embeddable":true,"href":"https:\/\/www.bellunopress.it\/fr\/wp-json\/wp\/v2\/media\/168993"}],"wp:attachment":[{"href":"https:\/\/www.bellunopress.it\/fr\/wp-json\/wp\/v2\/media?parent=168991"}],"wp:term":[{"taxonomy":"category","embeddable":true,"href":"https:\/\/www.bellunopress.it\/fr\/wp-json\/wp\/v2\/categories?post=168991"},{"taxonomy":"post_tag","embeddable":true,"href":"https:\/\/www.bellunopress.it\/fr\/wp-json\/wp\/v2\/tags?post=168991"}],"curies":[{"name":"wp","href":"https:\/\/api.w.org\/{rel}","templated":true}]}}