{"id":168985,"date":"2026-04-10T23:21:56","date_gmt":"2026-04-10T21:21:56","guid":{"rendered":"https:\/\/www.bellunopress.it\/?p=168985"},"modified":"2026-04-10T23:24:18","modified_gmt":"2026-04-10T21:24:18","slug":"presentata-la-24ma-edizione-di-caccia-pesca-natura-a-palazzo-piloni","status":"publish","type":"post","link":"https:\/\/www.bellunopress.it\/fr\/2026\/04\/10\/presentata-la-24ma-edizione-di-caccia-pesca-natura-a-palazzo-piloni\/","title":{"rendered":"Presentata la 24ma edizione di Caccia Pesca Natura a Palazzo Piloni"},"content":{"rendered":"<p><strong>Appassionati della natura, della pesca e dell\u2019attivit\u00e0 venatoria, sentinelle del territorio, protagoniste a Longarone Fiere Dolomiti dal 17 al 19 aprile<\/strong><\/p>\n<p>Longarone 10 aprile 2026 &#8211; Longarone Fiere Dolomiti \u00e8 pronta per la 24ma edizione di Caccia Pesca in Natura, che si terr\u00e0 da venerd\u00ec 17 a domenica 19 aprile prossimi. \u201cAspettiamo tutti a Longarone \u2013 invita Chiara Bortolas del Consiglio di Amministrazione della Fiera \u2013 dove si racconta un mondo che parla di caccia e di pesca e quindi del ruolo dei cacciatori e dei pescatori, ma soprattutto dell\u2019ambiente e della natura della provincia di Belluno. Un ambiente incontaminato, ma che lo \u00e8 proprio grazie anche al lavoro dei cacciatori e dei pescatori\u201d.<\/p>\n<p>A conferma di una ricca esposizione ci sono i numeri di questa edizione: 120 espositori diretti e 137 marchi di cui 122 provenienti da 13 Regioni italiane e 15 da 7 Paesi esteri con in testa l\u2019Ungheria. Ma oltre ai prodotti, alle attrezzature e ai servizi dedicati al mondo della caccia e della pesca e al vivere outdoor, si potranno visitare le migliori preparazioni d\u2019Italia e gli splendidi diorami realizzati per il 22 Concorso nazionale di Tassidermia e, con la 29. Festa del Cacciatore, incontrare anche dal punto di vista culinario quello che \u00e8 il mondo dei selvatici.<br \/>\nMentre il presidente della Provincia di Belluno, Marco Staunovo Polacco, sottolinea la presenza di \u201ceventi formativi e didattici importanti, anche con i giovani \u2013 e riconosce in Caccia Pesca Natura \u2013 un momento di incontro per il territorio della provincia di Belluno, volto alla sua valorizzazione attraverso le attivit\u00e0 con le scuole e le famiglie\u201d. Presente alla conferenza, su delega del presidente Stefani, anche Silvia Calligaro, consigliere della Regione del Veneto che ha evidenziato la presenza costante della Regione a Caccia Pesca Natura, sia con lo stand che con importanti convegni che testimoniano il lavoro continuo sul territorio.<br \/>\nTra i convegni organizzati da Regione del Veneto e Provincia di Belluno, si evidenziano \u201cLa filiera della carne di selvaggina in provincia di Belluno, da ipotesi a realt\u00e0 &#8211; elemento territoriale da valorizzare prima e dopo le Olimpiadi\u201d di venerd\u00ec pomeriggio. Il sabato invece si parler\u00e0 dei \u201cProgetti faunistici in provincia di Belluno\u201d e dei \u201cProgetti di tutela della fauna ittica nella Regione del Veneto\u201d per i quali \u00e8 previsto l\u2019intervento anche dell\u2019Assessore regionale Dario Bond.<br \/>\nAd intervenire anche il presidente dei Bacini di Pesca delle Dolomiti Bellunesi aps, Claudio Canova, indicando che nel loro stand saranno promosse le nuove iniziative in programma per il 2026 e sar\u00e0 possibile votare il miglior disegno del 4. Concorso di disegno \u201cAdotta un corso d\u2019acqua \u2013 adotta un pesce\u201d la cui premiazione \u00e8 prevista la domenica.<\/p>\n<p>Confermata in fiera anche la presenza attiva del Bacino di Pesca n. 6 Ma\u00e8 \u2013 Piave coordinata dal presidente Andi Mussoi che prevede le consuete gare del sabato che si terranno sul torrente Ma\u00e8: il raduno di pesca a spinning a coppie con esche artificiali e la gara di pesca con esche naturali. Inoltre, visto il successo dello scorso anno, viene riproposto il coinvolgimento degli studenti dell\u2019Enaip di Longarone con lo show-cooking e le degustazioni in collaborazione con Fondazione UNA (sabato). Confermata anche l\u2019area gestita da Fipsas Nazionale con l\u2019attivit\u00e0 ludico-formativa per giovani e meno giovani, con due simulatori multimediali di pesca a mulinello e postazioni per la pesca magnetica con Canna Roubasienne. Con la guida esperta del coordinatore Bruno Dotto e del vicecoordinatore tecnico Angelo De Pascalis della Commissione nazionale Didattica e Formazione, coadiuvati dagli istruttori federali di Belluno.<\/p>\n<p>Tutte i dettagli delle numerose iniziative a calendario sono disponibili sul sito di www.longaroneriere.it.<br \/>\nLa fiera aprir\u00e0 venerd\u00ec 17 aprile dalle 14.30 alle 19 per continuare sabato e domenica con orario 9 \u2013 19.<\/p>\n<p>&nbsp;<\/p>","protected":false},"excerpt":{"rendered":"<p>Appassionati della natura, della pesca e dell\u2019attivit\u00e0 venatoria, sentinelle del territorio, protagoniste a Longarone Fiere Dolomiti dal 17 al 19 aprile Longarone 10 aprile 2026 &#8211; Longarone Fiere Dolomiti \u00e8 pronta per la 24ma edizione di Caccia Pesca in Natura, che si terr\u00e0 da venerd\u00ec 17 a domenica 19 aprile prossimi. \u201cAspettiamo tutti a Longarone [&hellip;]<\/p>\n","protected":false},"author":2,"featured_media":168986,"comment_status":"closed","ping_status":"open","sticky":false,"template":"","format":"standard","meta":{"footnotes":""},"categories":[3446,25,8],"tags":[],"class_list":["post-168985","post","type-post","status-publish","format-standard","has-post-thumbnail","category-featured","category-pausa-caffe","category-societa-istituzioni"],"yoast_head":"<!-- This site is optimized with the Yoast SEO plugin v28.4 - https:\/\/yoast.com\/product\/yoast-seo-wordpress\/ -->\n<title>Presentata la 24ma edizione di Caccia Pesca Natura a Palazzo Piloni - Bellunopress - Dolomiti<\/title>\n<meta name=\"robots\" content=\"index, follow, max-snippet:-1, max-image-preview:large, max-video-preview:-1\" \/>\n<link rel=\"canonical\" href=\"https:\/\/www.bellunopress.it\/fr\/2026\/04\/10\/presentata-la-24ma-edizione-di-caccia-pesca-natura-a-palazzo-piloni\/\" \/>\n<meta property=\"og:locale\" content=\"fr_FR\" \/>\n<meta property=\"og:type\" content=\"article\" \/>\n<meta property=\"og:title\" content=\"Presentata la 24ma edizione di Caccia Pesca Natura a Palazzo Piloni - Bellunopress - Dolomiti\" \/>\n<meta property=\"og:description\" content=\"Appassionati della natura, della pesca e dell\u2019attivit\u00e0 venatoria, sentinelle del territorio, protagoniste a Longarone Fiere Dolomiti dal 17 al 19 aprile Longarone 10 aprile 2026 &#8211; Longarone Fiere Dolomiti \u00e8 pronta per la 24ma edizione di Caccia Pesca in Natura, che si terr\u00e0 da venerd\u00ec 17 a domenica 19 aprile prossimi. \u201cAspettiamo tutti a Longarone [&hellip;]\" \/>\n<meta property=\"og:url\" content=\"https:\/\/www.bellunopress.it\/fr\/2026\/04\/10\/presentata-la-24ma-edizione-di-caccia-pesca-natura-a-palazzo-piloni\/\" \/>\n<meta property=\"og:site_name\" content=\"Bellunopress - Dolomiti\" \/>\n<meta property=\"article:publisher\" content=\"https:\/\/www.facebook.com\/profile.php?id=100008943462799\" \/>\n<meta property=\"article:published_time\" content=\"2026-04-10T21:21:56+00:00\" \/>\n<meta property=\"article:modified_time\" content=\"2026-04-10T21:24:18+00:00\" \/>\n<meta property=\"og:image\" content=\"https:\/\/www.bellunopress.it\/wp-content\/uploads\/2026\/04\/presentazione-Caccia-e-pesca-matura.jpg\" \/>\n\t<meta property=\"og:image:width\" content=\"500\" \/>\n\t<meta property=\"og:image:height\" content=\"317\" \/>\n\t<meta property=\"og:image:type\" content=\"image\/jpeg\" \/>\n<meta name=\"author\" content=\"redazione\" \/>\n<meta name=\"twitter:card\" content=\"summary_large_image\" \/>\n<meta name=\"twitter:creator\" content=\"@bellunopress\" \/>\n<meta name=\"twitter:site\" content=\"@bellunopress\" \/>\n<meta name=\"twitter:label1\" content=\"\u00c9crit par\" \/>\n\t<meta name=\"twitter:data1\" content=\"redazione\" \/>\n\t<meta name=\"twitter:label2\" content=\"Dur\u00e9e de lecture estim\u00e9e\" \/>\n\t<meta name=\"twitter:data2\" content=\"3 minutes\" \/>\n<script type=\"application\/ld+json\" class=\"yoast-schema-graph\">{\"@context\":\"https:\\\/\\\/schema.org\",\"@graph\":[{\"@type\":\"Article\",\"@id\":\"https:\\\/\\\/www.bellunopress.it\\\/2026\\\/04\\\/10\\\/presentata-la-24ma-edizione-di-caccia-pesca-natura-a-palazzo-piloni\\\/#article\",\"isPartOf\":{\"@id\":\"https:\\\/\\\/www.bellunopress.it\\\/2026\\\/04\\\/10\\\/presentata-la-24ma-edizione-di-caccia-pesca-natura-a-palazzo-piloni\\\/\"},\"author\":{\"name\":\"redazione\",\"@id\":\"https:\\\/\\\/www.bellunopress.it\\\/#\\\/schema\\\/person\\\/79bb06722b37ece1c03d3e94beb30d73\"},\"headline\":\"Presentata la 24ma edizione di Caccia Pesca Natura a Palazzo Piloni\",\"datePublished\":\"2026-04-10T21:21:56+00:00\",\"dateModified\":\"2026-04-10T21:24:18+00:00\",\"mainEntityOfPage\":{\"@id\":\"https:\\\/\\\/www.bellunopress.it\\\/2026\\\/04\\\/10\\\/presentata-la-24ma-edizione-di-caccia-pesca-natura-a-palazzo-piloni\\\/\"},\"wordCount\":607,\"publisher\":{\"@id\":\"https:\\\/\\\/www.bellunopress.it\\\/#organization\"},\"image\":{\"@id\":\"https:\\\/\\\/www.bellunopress.it\\\/2026\\\/04\\\/10\\\/presentata-la-24ma-edizione-di-caccia-pesca-natura-a-palazzo-piloni\\\/#primaryimage\"},\"thumbnailUrl\":\"https:\\\/\\\/www.bellunopress.it\\\/wp-content\\\/uploads\\\/2026\\\/04\\\/presentazione-Caccia-e-pesca-matura.jpg\",\"articleSection\":[\"Featured\",\"Pausa Caff\u00e8\",\"Societ\u00e0, Associazioni, Istituzioni\"],\"inLanguage\":\"fr-FR\"},{\"@type\":\"WebPage\",\"@id\":\"https:\\\/\\\/www.bellunopress.it\\\/2026\\\/04\\\/10\\\/presentata-la-24ma-edizione-di-caccia-pesca-natura-a-palazzo-piloni\\\/\",\"url\":\"https:\\\/\\\/www.bellunopress.it\\\/2026\\\/04\\\/10\\\/presentata-la-24ma-edizione-di-caccia-pesca-natura-a-palazzo-piloni\\\/\",\"name\":\"Presentata la 24ma edizione di Caccia Pesca Natura a Palazzo Piloni - Bellunopress - Dolomiti\",\"isPartOf\":{\"@id\":\"https:\\\/\\\/www.bellunopress.it\\\/#website\"},\"primaryImageOfPage\":{\"@id\":\"https:\\\/\\\/www.bellunopress.it\\\/2026\\\/04\\\/10\\\/presentata-la-24ma-edizione-di-caccia-pesca-natura-a-palazzo-piloni\\\/#primaryimage\"},\"image\":{\"@id\":\"https:\\\/\\\/www.bellunopress.it\\\/2026\\\/04\\\/10\\\/presentata-la-24ma-edizione-di-caccia-pesca-natura-a-palazzo-piloni\\\/#primaryimage\"},\"thumbnailUrl\":\"https:\\\/\\\/www.bellunopress.it\\\/wp-content\\\/uploads\\\/2026\\\/04\\\/presentazione-Caccia-e-pesca-matura.jpg\",\"datePublished\":\"2026-04-10T21:21:56+00:00\",\"dateModified\":\"2026-04-10T21:24:18+00:00\",\"breadcrumb\":{\"@id\":\"https:\\\/\\\/www.bellunopress.it\\\/2026\\\/04\\\/10\\\/presentata-la-24ma-edizione-di-caccia-pesca-natura-a-palazzo-piloni\\\/#breadcrumb\"},\"inLanguage\":\"fr-FR\",\"potentialAction\":[{\"@type\":\"ReadAction\",\"target\":[\"https:\\\/\\\/www.bellunopress.it\\\/2026\\\/04\\\/10\\\/presentata-la-24ma-edizione-di-caccia-pesca-natura-a-palazzo-piloni\\\/\"]}]},{\"@type\":\"ImageObject\",\"inLanguage\":\"fr-FR\",\"@id\":\"https:\\\/\\\/www.bellunopress.it\\\/2026\\\/04\\\/10\\\/presentata-la-24ma-edizione-di-caccia-pesca-natura-a-palazzo-piloni\\\/#primaryimage\",\"url\":\"https:\\\/\\\/www.bellunopress.it\\\/wp-content\\\/uploads\\\/2026\\\/04\\\/presentazione-Caccia-e-pesca-matura.jpg\",\"contentUrl\":\"https:\\\/\\\/www.bellunopress.it\\\/wp-content\\\/uploads\\\/2026\\\/04\\\/presentazione-Caccia-e-pesca-matura.jpg\",\"width\":500,\"height\":317,\"caption\":\"Presentazione a Palazzo Piloni della Fiera caccia pesca e natura\"},{\"@type\":\"BreadcrumbList\",\"@id\":\"https:\\\/\\\/www.bellunopress.it\\\/2026\\\/04\\\/10\\\/presentata-la-24ma-edizione-di-caccia-pesca-natura-a-palazzo-piloni\\\/#breadcrumb\",\"itemListElement\":[{\"@type\":\"ListItem\",\"position\":1,\"name\":\"Home\",\"item\":\"https:\\\/\\\/www.bellunopress.it\\\/\"},{\"@type\":\"ListItem\",\"position\":2,\"name\":\"Presentata la 24ma edizione di Caccia Pesca Natura a Palazzo Piloni\"}]},{\"@type\":\"WebSite\",\"@id\":\"https:\\\/\\\/www.bellunopress.it\\\/#website\",\"url\":\"https:\\\/\\\/www.bellunopress.it\\\/\",\"name\":\"Bellunopress - Dolomiti\",\"description\":\"e-mail: redazione@bellunopress.it\",\"publisher\":{\"@id\":\"https:\\\/\\\/www.bellunopress.it\\\/#organization\"},\"potentialAction\":[{\"@type\":\"SearchAction\",\"target\":{\"@type\":\"EntryPoint\",\"urlTemplate\":\"https:\\\/\\\/www.bellunopress.it\\\/?s={search_term_string}\"},\"query-input\":{\"@type\":\"PropertyValueSpecification\",\"valueRequired\":true,\"valueName\":\"search_term_string\"}}],\"inLanguage\":\"fr-FR\"},{\"@type\":\"Organization\",\"@id\":\"https:\\\/\\\/www.bellunopress.it\\\/#organization\",\"name\":\"Bellunopress\",\"url\":\"https:\\\/\\\/www.bellunopress.it\\\/\",\"logo\":{\"@type\":\"ImageObject\",\"inLanguage\":\"fr-FR\",\"@id\":\"https:\\\/\\\/www.bellunopress.it\\\/#\\\/schema\\\/logo\\\/image\\\/\",\"url\":\"https:\\\/\\\/www.bellunopress.it\\\/wp-content\\\/uploads\\\/2011\\\/05\\\/cropped-logo-bellunopress-.jpg\",\"contentUrl\":\"https:\\\/\\\/www.bellunopress.it\\\/wp-content\\\/uploads\\\/2011\\\/05\\\/cropped-logo-bellunopress-.jpg\",\"width\":512,\"height\":512,\"caption\":\"Bellunopress\"},\"image\":{\"@id\":\"https:\\\/\\\/www.bellunopress.it\\\/#\\\/schema\\\/logo\\\/image\\\/\"},\"sameAs\":[\"https:\\\/\\\/www.facebook.com\\\/profile.php?id=100008943462799\",\"https:\\\/\\\/x.com\\\/bellunopress\",\"https:\\\/\\\/www.linkedin.com\\\/hp\\\/?dnr=JBzUWaJfMUw8vbXJJ2tVW5-I3jZKvC4wsoxE&amp;amp;amp;amp;amp;amp;trk=nav_responsive_tab_home\",\"https:\\\/\\\/www.youtube.com\\\/channel\\\/UCxL0wu1uN0_3_7hGG0306cw\"]},{\"@type\":\"Person\",\"@id\":\"https:\\\/\\\/www.bellunopress.it\\\/#\\\/schema\\\/person\\\/79bb06722b37ece1c03d3e94beb30d73\",\"name\":\"redazione\",\"image\":{\"@type\":\"ImageObject\",\"inLanguage\":\"fr-FR\",\"@id\":\"https:\\\/\\\/secure.gravatar.com\\\/avatar\\\/37d968a2e67a6fd04c169c4bdef102d0bc5d31b2546345219e348575eb80e9a0?s=96&d=mm&r=g\",\"url\":\"https:\\\/\\\/secure.gravatar.com\\\/avatar\\\/37d968a2e67a6fd04c169c4bdef102d0bc5d31b2546345219e348575eb80e9a0?s=96&d=mm&r=g\",\"contentUrl\":\"https:\\\/\\\/secure.gravatar.com\\\/avatar\\\/37d968a2e67a6fd04c169c4bdef102d0bc5d31b2546345219e348575eb80e9a0?s=96&d=mm&r=g\",\"caption\":\"redazione\"},\"sameAs\":[\"http:\\\/\\\/www.bellunopress.it\",\"https:\\\/\\\/x.com\\\/bellunopress\"],\"url\":\"https:\\\/\\\/www.bellunopress.it\\\/fr\\\/author\\\/redazione\\\/\"}]}<\/script>\n<!-- \/ Yoast SEO plugin. -->","yoast_head_json":{"title":"Presentata la 24ma edizione di Caccia Pesca Natura a Palazzo Piloni - Bellunopress - Dolomiti","robots":{"index":"index","follow":"follow","max-snippet":"max-snippet:-1","max-image-preview":"max-image-preview:large","max-video-preview":"max-video-preview:-1"},"canonical":"https:\/\/www.bellunopress.it\/fr\/2026\/04\/10\/presentata-la-24ma-edizione-di-caccia-pesca-natura-a-palazzo-piloni\/","og_locale":"fr_FR","og_type":"article","og_title":"Presentata la 24ma edizione di Caccia Pesca Natura a Palazzo Piloni - Bellunopress - Dolomiti","og_description":"Appassionati della natura, della pesca e dell\u2019attivit\u00e0 venatoria, sentinelle del territorio, protagoniste a Longarone Fiere Dolomiti dal 17 al 19 aprile Longarone 10 aprile 2026 &#8211; Longarone Fiere Dolomiti \u00e8 pronta per la 24ma edizione di Caccia Pesca in Natura, che si terr\u00e0 da venerd\u00ec 17 a domenica 19 aprile prossimi. \u201cAspettiamo tutti a Longarone [&hellip;]","og_url":"https:\/\/www.bellunopress.it\/fr\/2026\/04\/10\/presentata-la-24ma-edizione-di-caccia-pesca-natura-a-palazzo-piloni\/","og_site_name":"Bellunopress - Dolomiti","article_publisher":"https:\/\/www.facebook.com\/profile.php?id=100008943462799","article_published_time":"2026-04-10T21:21:56+00:00","article_modified_time":"2026-04-10T21:24:18+00:00","og_image":[{"width":500,"height":317,"url":"https:\/\/www.bellunopress.it\/wp-content\/uploads\/2026\/04\/presentazione-Caccia-e-pesca-matura.jpg","type":"image\/jpeg"}],"author":"redazione","twitter_card":"summary_large_image","twitter_creator":"@bellunopress","twitter_site":"@bellunopress","twitter_misc":{"\u00c9crit par":"redazione","Dur\u00e9e de lecture estim\u00e9e":"3 minutes"},"schema":{"@context":"https:\/\/schema.org","@graph":[{"@type":"Article","@id":"https:\/\/www.bellunopress.it\/2026\/04\/10\/presentata-la-24ma-edizione-di-caccia-pesca-natura-a-palazzo-piloni\/#article","isPartOf":{"@id":"https:\/\/www.bellunopress.it\/2026\/04\/10\/presentata-la-24ma-edizione-di-caccia-pesca-natura-a-palazzo-piloni\/"},"author":{"name":"redazione","@id":"https:\/\/www.bellunopress.it\/#\/schema\/person\/79bb06722b37ece1c03d3e94beb30d73"},"headline":"Presentata la 24ma edizione di Caccia Pesca Natura a Palazzo Piloni","datePublished":"2026-04-10T21:21:56+00:00","dateModified":"2026-04-10T21:24:18+00:00","mainEntityOfPage":{"@id":"https:\/\/www.bellunopress.it\/2026\/04\/10\/presentata-la-24ma-edizione-di-caccia-pesca-natura-a-palazzo-piloni\/"},"wordCount":607,"publisher":{"@id":"https:\/\/www.bellunopress.it\/#organization"},"image":{"@id":"https:\/\/www.bellunopress.it\/2026\/04\/10\/presentata-la-24ma-edizione-di-caccia-pesca-natura-a-palazzo-piloni\/#primaryimage"},"thumbnailUrl":"https:\/\/www.bellunopress.it\/wp-content\/uploads\/2026\/04\/presentazione-Caccia-e-pesca-matura.jpg","articleSection":["Featured","Pausa Caff\u00e8","Societ\u00e0, Associazioni, Istituzioni"],"inLanguage":"fr-FR"},{"@type":"WebPage","@id":"https:\/\/www.bellunopress.it\/2026\/04\/10\/presentata-la-24ma-edizione-di-caccia-pesca-natura-a-palazzo-piloni\/","url":"https:\/\/www.bellunopress.it\/2026\/04\/10\/presentata-la-24ma-edizione-di-caccia-pesca-natura-a-palazzo-piloni\/","name":"Presentata la 24ma edizione di Caccia Pesca Natura a Palazzo Piloni - Bellunopress - Dolomiti","isPartOf":{"@id":"https:\/\/www.bellunopress.it\/#website"},"primaryImageOfPage":{"@id":"https:\/\/www.bellunopress.it\/2026\/04\/10\/presentata-la-24ma-edizione-di-caccia-pesca-natura-a-palazzo-piloni\/#primaryimage"},"image":{"@id":"https:\/\/www.bellunopress.it\/2026\/04\/10\/presentata-la-24ma-edizione-di-caccia-pesca-natura-a-palazzo-piloni\/#primaryimage"},"thumbnailUrl":"https:\/\/www.bellunopress.it\/wp-content\/uploads\/2026\/04\/presentazione-Caccia-e-pesca-matura.jpg","datePublished":"2026-04-10T21:21:56+00:00","dateModified":"2026-04-10T21:24:18+00:00","breadcrumb":{"@id":"https:\/\/www.bellunopress.it\/2026\/04\/10\/presentata-la-24ma-edizione-di-caccia-pesca-natura-a-palazzo-piloni\/#breadcrumb"},"inLanguage":"fr-FR","potentialAction":[{"@type":"ReadAction","target":["https:\/\/www.bellunopress.it\/2026\/04\/10\/presentata-la-24ma-edizione-di-caccia-pesca-natura-a-palazzo-piloni\/"]}]},{"@type":"ImageObject","inLanguage":"fr-FR","@id":"https:\/\/www.bellunopress.it\/2026\/04\/10\/presentata-la-24ma-edizione-di-caccia-pesca-natura-a-palazzo-piloni\/#primaryimage","url":"https:\/\/www.bellunopress.it\/wp-content\/uploads\/2026\/04\/presentazione-Caccia-e-pesca-matura.jpg","contentUrl":"https:\/\/www.bellunopress.it\/wp-content\/uploads\/2026\/04\/presentazione-Caccia-e-pesca-matura.jpg","width":500,"height":317,"caption":"Presentazione a Palazzo Piloni della Fiera caccia pesca e natura"},{"@type":"BreadcrumbList","@id":"https:\/\/www.bellunopress.it\/2026\/04\/10\/presentata-la-24ma-edizione-di-caccia-pesca-natura-a-palazzo-piloni\/#breadcrumb","itemListElement":[{"@type":"ListItem","position":1,"name":"Home","item":"https:\/\/www.bellunopress.it\/"},{"@type":"ListItem","position":2,"name":"Presentata la 24ma edizione di Caccia Pesca Natura a Palazzo Piloni"}]},{"@type":"WebSite","@id":"https:\/\/www.bellunopress.it\/#website","url":"https:\/\/www.bellunopress.it\/","name":"Bellunopress - Dolomiti","description":"e-mail: redazione@bellunopress.it","publisher":{"@id":"https:\/\/www.bellunopress.it\/#organization"},"potentialAction":[{"@type":"SearchAction","target":{"@type":"EntryPoint","urlTemplate":"https:\/\/www.bellunopress.it\/?s={search_term_string}"},"query-input":{"@type":"PropertyValueSpecification","valueRequired":true,"valueName":"search_term_string"}}],"inLanguage":"fr-FR"},{"@type":"Organization","@id":"https:\/\/www.bellunopress.it\/#organization","name":"Bellunopress","url":"https:\/\/www.bellunopress.it\/","logo":{"@type":"ImageObject","inLanguage":"fr-FR","@id":"https:\/\/www.bellunopress.it\/#\/schema\/logo\/image\/","url":"https:\/\/www.bellunopress.it\/wp-content\/uploads\/2011\/05\/cropped-logo-bellunopress-.jpg","contentUrl":"https:\/\/www.bellunopress.it\/wp-content\/uploads\/2011\/05\/cropped-logo-bellunopress-.jpg","width":512,"height":512,"caption":"Bellunopress"},"image":{"@id":"https:\/\/www.bellunopress.it\/#\/schema\/logo\/image\/"},"sameAs":["https:\/\/www.facebook.com\/profile.php?id=100008943462799","https:\/\/x.com\/bellunopress","https:\/\/www.linkedin.com\/hp\/?dnr=JBzUWaJfMUw8vbXJJ2tVW5-I3jZKvC4wsoxE&amp;amp;amp;amp;amp;amp;trk=nav_responsive_tab_home","https:\/\/www.youtube.com\/channel\/UCxL0wu1uN0_3_7hGG0306cw"]},{"@type":"Person","@id":"https:\/\/www.bellunopress.it\/#\/schema\/person\/79bb06722b37ece1c03d3e94beb30d73","name":"r\u00e9daction","image":{"@type":"ImageObject","inLanguage":"fr-FR","@id":"https:\/\/secure.gravatar.com\/avatar\/37d968a2e67a6fd04c169c4bdef102d0bc5d31b2546345219e348575eb80e9a0?s=96&d=mm&r=g","url":"https:\/\/secure.gravatar.com\/avatar\/37d968a2e67a6fd04c169c4bdef102d0bc5d31b2546345219e348575eb80e9a0?s=96&d=mm&r=g","contentUrl":"https:\/\/secure.gravatar.com\/avatar\/37d968a2e67a6fd04c169c4bdef102d0bc5d31b2546345219e348575eb80e9a0?s=96&d=mm&r=g","caption":"redazione"},"sameAs":["http:\/\/www.bellunopress.it","https:\/\/x.com\/bellunopress"],"url":"https:\/\/www.bellunopress.it\/fr\/author\/redazione\/"}]}},"_links":{"self":[{"href":"https:\/\/www.bellunopress.it\/fr\/wp-json\/wp\/v2\/posts\/168985","targetHints":{"allow":["GET"]}}],"collection":[{"href":"https:\/\/www.bellunopress.it\/fr\/wp-json\/wp\/v2\/posts"}],"about":[{"href":"https:\/\/www.bellunopress.it\/fr\/wp-json\/wp\/v2\/types\/post"}],"author":[{"embeddable":true,"href":"https:\/\/www.bellunopress.it\/fr\/wp-json\/wp\/v2\/users\/2"}],"replies":[{"embeddable":true,"href":"https:\/\/www.bellunopress.it\/fr\/wp-json\/wp\/v2\/comments?post=168985"}],"version-history":[{"count":1,"href":"https:\/\/www.bellunopress.it\/fr\/wp-json\/wp\/v2\/posts\/168985\/revisions"}],"predecessor-version":[{"id":168987,"href":"https:\/\/www.bellunopress.it\/fr\/wp-json\/wp\/v2\/posts\/168985\/revisions\/168987"}],"wp:featuredmedia":[{"embeddable":true,"href":"https:\/\/www.bellunopress.it\/fr\/wp-json\/wp\/v2\/media\/168986"}],"wp:attachment":[{"href":"https:\/\/www.bellunopress.it\/fr\/wp-json\/wp\/v2\/media?parent=168985"}],"wp:term":[{"taxonomy":"category","embeddable":true,"href":"https:\/\/www.bellunopress.it\/fr\/wp-json\/wp\/v2\/categories?post=168985"},{"taxonomy":"post_tag","embeddable":true,"href":"https:\/\/www.bellunopress.it\/fr\/wp-json\/wp\/v2\/tags?post=168985"}],"curies":[{"name":"wp","href":"https:\/\/api.w.org\/{rel}","templated":true}]}}