{"id":168983,"date":"2026-04-10T23:04:42","date_gmt":"2026-04-10T21:04:42","guid":{"rendered":"https:\/\/www.bellunopress.it\/?p=168983"},"modified":"2026-04-10T23:07:58","modified_gmt":"2026-04-10T21:07:58","slug":"via-feltre-la-fiab-scrive-al-sindaco-fermate-i-lavori-il-progetto-tradisce-il-futuro-di-belluno","status":"publish","type":"post","link":"https:\/\/www.bellunopress.it\/fr\/2026\/04\/10\/via-feltre-la-fiab-scrive-al-sindaco-fermate-i-lavori-il-progetto-tradisce-il-futuro-di-belluno\/","title":{"rendered":"Via Feltre, la FIAB scrive al Sindaco: &#8220;Fermate i lavori, il progetto tradisce il futuro di Belluno&#8221;"},"content":{"rendered":"<p data-path-to-node=\"3\"><b data-path-to-node=\"3\" data-index-in-node=\"0\">L&#8217;associazione Amici della Bicicletta chiede una pausa di riflessione sul restyling della via: &#8220;Troppo asfalto e pochi alberi. Si ascoltino i tecnici di Copenaghen e i cittadini prima di procedere&#8221;.<\/b><\/p>\n<p data-path-to-node=\"4\">Belluno, 11 aprile 2026\u00a0\u2013 Un &#8220;gesto di responsabilit\u00e0&#8221; per evitare che la futura Via Feltre diventi l&#8217;ennesima occasione persa. A pochi giorni dal possibile avvio del cantiere, il Presidente di FIAB Belluno APS, Claudio Giacchetti, ha inviato una lettera formale al Sindaco e alla Giunta per chiedere un\u2019immediata pausa di riflessione su quello che \u00e8 considerato l&#8217;intervento urbanistico pi\u00f9 strategico per l&#8217;ingresso in citt\u00e0.<\/p>\n<h3 data-path-to-node=\"5\">Le criticit\u00e0: Sicurezza e &#8220;Modello Autocentrico&#8221;<\/h3>\n<h6 style=\"text-align: left;\" data-path-to-node=\"6\">Secondo l&#8217;associazione, il progetto esecutivo approvato dall&#8217;Amministrazione si discosta pericolosamente dagli stessi documenti di pianificazione urbana (PUMS e PGTU) adottati dal Comune. Il nodo della contesa riguarda la scelta di realizzare una corsia ciclopedonale promiscua invece di un percorso ciclabile separato dal marciapiede.<\/h6>\n<blockquote data-path-to-node=\"7\">\n<h6 style=\"text-align: left;\" data-path-to-node=\"7,0\">&#8220;Il PGTU \u00e8 chiaro,&#8221; ricorda Giacchetti nella missiva, &#8220;la sicurezza dei ciclisti non pu\u00f2 essere garantita a scapito dei pedoni. In spazi ristretti, l&#8217;uso promiscuo diventa pericoloso.&#8221;<\/h6>\n<\/blockquote>\n<p data-path-to-node=\"8\">Ma non \u00e8 solo una questione di sicurezza. La FIAB contesta la visione d&#8217;insieme: la strada continuerebbe a essere trattata come un &#8220;corridoio per automobili&#8221;, sacrificando la sostenibilit\u00e0 sull&#8217;altare della sosta stradale.<\/p>\n<h3 data-path-to-node=\"9\">82 alberi a rischio per i parcheggi<\/h3>\n<p data-path-to-node=\"10\">Uno dei punti pi\u00f9 caldi riguarda l&#8217;impatto ambientale. Il progetto prevede la riduzione della copertura verde con il taglio di ben 82 alberi nel tratto interessato. Una scelta dettata dalla volont\u00e0 di mantenere gli stalli di parcheggio sulla carreggiata, ma che ha gi\u00e0 sollevato le proteste della LIPU e di molti cittadini.<\/p>\n<p data-path-to-node=\"11\">A sostegno di una visione pi\u00f9 moderna \u00e8 intervenuta anche l\u2019architetta bellunese Giulia De Negri, dello studio Gehl di Copenaghen, eccellenza mondiale dell&#8217;urbanistica. Secondo l&#8217;esperta, via Feltre ha le potenzialit\u00e0 per essere un esempio di spazio pubblico contemporaneo e accessibile, a patto di avere il coraggio di essere &#8220;pi\u00f9 ambiziosi&#8221;.<\/p>\n<h3 data-path-to-node=\"12\">Il paradosso del tasso di motorizzazione<\/h3>\n<p data-path-to-node=\"13\">La lettera di FIAB richiama dati ufficiali che descrivono una Belluno soffocata dalle auto: con 694 vetture ogni 1000 abitanti, la citt\u00e0 ha uno dei tassi di motorizzazione pi\u00f9 alti al mondo.<\/p>\n<p data-path-to-node=\"13\">&#8220;Il cambio di paradigma si attua superando il modello autocentrico,&#8221; scrive Giacchetti, citando le linee guida del PUMS. &#8220;Bisogna riqualificare gli spazi liberati dalle auto tramite verde e arredo urbano, non il contrario.&#8221;<\/p>\n<h3 data-path-to-node=\"14\">La richiesta: un confronto pubblico<\/h3>\n<p data-path-to-node=\"15\">L&#8217;appello finale al Sindaco \u00e8 quello di un rinvio tecnico. Non una cancellazione dell&#8217;opera, ma un momento di confronto costruttivo tra tecnici, associazioni e cittadinanza per correggere i punti critici:<\/p>\n<ul data-path-to-node=\"16\">\n<li>\n<p data-path-to-node=\"16,0,0\">Trasformare la ciclopedonale in ciclabile bidirezionale.<\/p>\n<\/li>\n<li>\n<p data-path-to-node=\"16,1,0\">Preservare il patrimonio arboreo.<\/p>\n<\/li>\n<li>\n<p data-path-to-node=\"16,2,0\">Garantire la connessione ciclabile verso la stazione (via De Min).<\/p>\n<\/li>\n<\/ul>\n<p data-path-to-node=\"17\">&#8220;Via Feltre \u00e8 la porta d\u2019ingresso di Belluno,&#8221; conclude la FIAB. &#8220;Vale la pena fermarsi un istante per assicurarsi che quella porta si apra su una citt\u00e0 che guarda davvero al futuro.&#8221;<\/p>\n<h3 data-path-to-node=\"19\">In sintesi: i punti della discordia<\/h3>\n<table data-path-to-node=\"20\">\n<thead>\n<tr>\n<td>Problema segnalato<\/td>\n<td>Cosa prevede il progetto<\/td>\n<td>Cosa chiede la FIAB<\/td>\n<\/tr>\n<\/thead>\n<tbody>\n<tr>\n<td>Verde Urbano<\/td>\n<td>Taglio di 82 alberi<\/td>\n<td>Mantenimento della copertura verde<\/td>\n<\/tr>\n<tr>\n<td>Mobilit\u00e0<\/td>\n<td>Percorso promiscuo ciclopedonale<\/td>\n<td>Ciclabile bidirezionale separata<\/td>\n<\/tr>\n<tr>\n<td>Parcheggi<\/td>\n<td>Mantenimento stalli in carreggiata<\/td>\n<td>Ridistribuzione spazio a favore di pedoni\/bici<\/td>\n<\/tr>\n<tr>\n<td>Sviluppo<\/td>\n<td>Modello incentrato sull&#8217;auto<\/td>\n<td>Coerenza con PUMS e PGTU<\/td>\n<\/tr>\n<\/tbody>\n<\/table>","protected":false},"excerpt":{"rendered":"<p>L&#8217;associazione Amici della Bicicletta chiede una pausa di riflessione sul restyling della via: &#8220;Troppo asfalto e pochi alberi. Si ascoltino i tecnici di Copenaghen e i cittadini prima di procedere&#8221;. Belluno, 11 aprile 2026\u00a0\u2013 Un &#8220;gesto di responsabilit\u00e0&#8221; per evitare che la futura Via Feltre diventi l&#8217;ennesima occasione persa. A pochi giorni dal possibile avvio [&hellip;]<\/p>\n","protected":false},"author":2,"featured_media":167934,"comment_status":"closed","ping_status":"open","sticky":false,"template":"","format":"standard","meta":{"footnotes":""},"categories":[3446,1,26],"tags":[],"class_list":["post-168983","post","type-post","status-publish","format-standard","has-post-thumbnail","category-featured","category-leo","category-prima-pagina"],"yoast_head":"<!-- This site is optimized with the Yoast SEO plugin v28.4 - https:\/\/yoast.com\/product\/yoast-seo-wordpress\/ -->\n<title>Via Feltre, la FIAB scrive al Sindaco: &quot;Fermate i lavori, il progetto tradisce il futuro di Belluno&quot; - Bellunopress - Dolomiti<\/title>\n<meta name=\"robots\" content=\"index, follow, max-snippet:-1, max-image-preview:large, max-video-preview:-1\" \/>\n<link rel=\"canonical\" href=\"https:\/\/www.bellunopress.it\/fr\/2026\/04\/10\/via-feltre-la-fiab-scrive-al-sindaco-fermate-i-lavori-il-progetto-tradisce-il-futuro-di-belluno\/\" \/>\n<meta property=\"og:locale\" content=\"fr_FR\" \/>\n<meta property=\"og:type\" content=\"article\" \/>\n<meta property=\"og:title\" content=\"Via Feltre, la FIAB scrive al Sindaco: &quot;Fermate i lavori, il progetto tradisce il futuro di Belluno&quot; - Bellunopress - Dolomiti\" \/>\n<meta property=\"og:description\" content=\"L&#8217;associazione Amici della Bicicletta chiede una pausa di riflessione sul restyling della via: &#8220;Troppo asfalto e pochi alberi. Si ascoltino i tecnici di Copenaghen e i cittadini prima di procedere&#8221;. Belluno, 11 aprile 2026\u00a0\u2013 Un &#8220;gesto di responsabilit\u00e0&#8221; per evitare che la futura Via Feltre diventi l&#8217;ennesima occasione persa. A pochi giorni dal possibile avvio [&hellip;]\" \/>\n<meta property=\"og:url\" content=\"https:\/\/www.bellunopress.it\/fr\/2026\/04\/10\/via-feltre-la-fiab-scrive-al-sindaco-fermate-i-lavori-il-progetto-tradisce-il-futuro-di-belluno\/\" \/>\n<meta property=\"og:site_name\" content=\"Bellunopress - Dolomiti\" \/>\n<meta property=\"article:publisher\" content=\"https:\/\/www.facebook.com\/profile.php?id=100008943462799\" \/>\n<meta property=\"article:published_time\" content=\"2026-04-10T21:04:42+00:00\" \/>\n<meta property=\"article:modified_time\" content=\"2026-04-10T21:07:58+00:00\" \/>\n<meta property=\"og:image\" content=\"https:\/\/www.bellunopress.it\/wp-content\/uploads\/2026\/03\/via-Feltre-render-2026.jpg\" \/>\n\t<meta property=\"og:image:width\" content=\"600\" \/>\n\t<meta property=\"og:image:height\" content=\"331\" \/>\n\t<meta property=\"og:image:type\" content=\"image\/jpeg\" \/>\n<meta name=\"author\" content=\"redazione\" \/>\n<meta name=\"twitter:card\" content=\"summary_large_image\" \/>\n<meta name=\"twitter:creator\" content=\"@bellunopress\" \/>\n<meta name=\"twitter:site\" content=\"@bellunopress\" \/>\n<meta name=\"twitter:label1\" content=\"\u00c9crit par\" \/>\n\t<meta name=\"twitter:data1\" content=\"redazione\" \/>\n\t<meta name=\"twitter:label2\" content=\"Dur\u00e9e de lecture estim\u00e9e\" \/>\n\t<meta name=\"twitter:data2\" content=\"3 minutes\" \/>\n<script type=\"application\/ld+json\" class=\"yoast-schema-graph\">{\"@context\":\"https:\\\/\\\/schema.org\",\"@graph\":[{\"@type\":\"Article\",\"@id\":\"https:\\\/\\\/www.bellunopress.it\\\/2026\\\/04\\\/10\\\/via-feltre-la-fiab-scrive-al-sindaco-fermate-i-lavori-il-progetto-tradisce-il-futuro-di-belluno\\\/#article\",\"isPartOf\":{\"@id\":\"https:\\\/\\\/www.bellunopress.it\\\/2026\\\/04\\\/10\\\/via-feltre-la-fiab-scrive-al-sindaco-fermate-i-lavori-il-progetto-tradisce-il-futuro-di-belluno\\\/\"},\"author\":{\"name\":\"redazione\",\"@id\":\"https:\\\/\\\/www.bellunopress.it\\\/#\\\/schema\\\/person\\\/79bb06722b37ece1c03d3e94beb30d73\"},\"headline\":\"Via Feltre, la FIAB scrive al Sindaco: &#8220;Fermate i lavori, il progetto tradisce il futuro di Belluno&#8221;\",\"datePublished\":\"2026-04-10T21:04:42+00:00\",\"dateModified\":\"2026-04-10T21:07:58+00:00\",\"mainEntityOfPage\":{\"@id\":\"https:\\\/\\\/www.bellunopress.it\\\/2026\\\/04\\\/10\\\/via-feltre-la-fiab-scrive-al-sindaco-fermate-i-lavori-il-progetto-tradisce-il-futuro-di-belluno\\\/\"},\"wordCount\":545,\"publisher\":{\"@id\":\"https:\\\/\\\/www.bellunopress.it\\\/#organization\"},\"image\":{\"@id\":\"https:\\\/\\\/www.bellunopress.it\\\/2026\\\/04\\\/10\\\/via-feltre-la-fiab-scrive-al-sindaco-fermate-i-lavori-il-progetto-tradisce-il-futuro-di-belluno\\\/#primaryimage\"},\"thumbnailUrl\":\"https:\\\/\\\/www.bellunopress.it\\\/wp-content\\\/uploads\\\/2026\\\/03\\\/via-Feltre-render-2026.jpg\",\"articleSection\":[\"Featured\",\"Lettere Opinioni\",\"Prima Pagina\"],\"inLanguage\":\"fr-FR\"},{\"@type\":\"WebPage\",\"@id\":\"https:\\\/\\\/www.bellunopress.it\\\/2026\\\/04\\\/10\\\/via-feltre-la-fiab-scrive-al-sindaco-fermate-i-lavori-il-progetto-tradisce-il-futuro-di-belluno\\\/\",\"url\":\"https:\\\/\\\/www.bellunopress.it\\\/2026\\\/04\\\/10\\\/via-feltre-la-fiab-scrive-al-sindaco-fermate-i-lavori-il-progetto-tradisce-il-futuro-di-belluno\\\/\",\"name\":\"Via Feltre, la FIAB scrive al Sindaco: \\\"Fermate i lavori, il progetto tradisce il futuro di Belluno\\\" - Bellunopress - Dolomiti\",\"isPartOf\":{\"@id\":\"https:\\\/\\\/www.bellunopress.it\\\/#website\"},\"primaryImageOfPage\":{\"@id\":\"https:\\\/\\\/www.bellunopress.it\\\/2026\\\/04\\\/10\\\/via-feltre-la-fiab-scrive-al-sindaco-fermate-i-lavori-il-progetto-tradisce-il-futuro-di-belluno\\\/#primaryimage\"},\"image\":{\"@id\":\"https:\\\/\\\/www.bellunopress.it\\\/2026\\\/04\\\/10\\\/via-feltre-la-fiab-scrive-al-sindaco-fermate-i-lavori-il-progetto-tradisce-il-futuro-di-belluno\\\/#primaryimage\"},\"thumbnailUrl\":\"https:\\\/\\\/www.bellunopress.it\\\/wp-content\\\/uploads\\\/2026\\\/03\\\/via-Feltre-render-2026.jpg\",\"datePublished\":\"2026-04-10T21:04:42+00:00\",\"dateModified\":\"2026-04-10T21:07:58+00:00\",\"breadcrumb\":{\"@id\":\"https:\\\/\\\/www.bellunopress.it\\\/2026\\\/04\\\/10\\\/via-feltre-la-fiab-scrive-al-sindaco-fermate-i-lavori-il-progetto-tradisce-il-futuro-di-belluno\\\/#breadcrumb\"},\"inLanguage\":\"fr-FR\",\"potentialAction\":[{\"@type\":\"ReadAction\",\"target\":[\"https:\\\/\\\/www.bellunopress.it\\\/2026\\\/04\\\/10\\\/via-feltre-la-fiab-scrive-al-sindaco-fermate-i-lavori-il-progetto-tradisce-il-futuro-di-belluno\\\/\"]}]},{\"@type\":\"ImageObject\",\"inLanguage\":\"fr-FR\",\"@id\":\"https:\\\/\\\/www.bellunopress.it\\\/2026\\\/04\\\/10\\\/via-feltre-la-fiab-scrive-al-sindaco-fermate-i-lavori-il-progetto-tradisce-il-futuro-di-belluno\\\/#primaryimage\",\"url\":\"https:\\\/\\\/www.bellunopress.it\\\/wp-content\\\/uploads\\\/2026\\\/03\\\/via-Feltre-render-2026.jpg\",\"contentUrl\":\"https:\\\/\\\/www.bellunopress.it\\\/wp-content\\\/uploads\\\/2026\\\/03\\\/via-Feltre-render-2026.jpg\",\"width\":600,\"height\":331},{\"@type\":\"BreadcrumbList\",\"@id\":\"https:\\\/\\\/www.bellunopress.it\\\/2026\\\/04\\\/10\\\/via-feltre-la-fiab-scrive-al-sindaco-fermate-i-lavori-il-progetto-tradisce-il-futuro-di-belluno\\\/#breadcrumb\",\"itemListElement\":[{\"@type\":\"ListItem\",\"position\":1,\"name\":\"Home\",\"item\":\"https:\\\/\\\/www.bellunopress.it\\\/\"},{\"@type\":\"ListItem\",\"position\":2,\"name\":\"Via Feltre, la FIAB scrive al Sindaco: &#8220;Fermate i lavori, il progetto tradisce il futuro di Belluno&#8221;\"}]},{\"@type\":\"WebSite\",\"@id\":\"https:\\\/\\\/www.bellunopress.it\\\/#website\",\"url\":\"https:\\\/\\\/www.bellunopress.it\\\/\",\"name\":\"Bellunopress - Dolomiti\",\"description\":\"e-mail: redazione@bellunopress.it\",\"publisher\":{\"@id\":\"https:\\\/\\\/www.bellunopress.it\\\/#organization\"},\"potentialAction\":[{\"@type\":\"SearchAction\",\"target\":{\"@type\":\"EntryPoint\",\"urlTemplate\":\"https:\\\/\\\/www.bellunopress.it\\\/?s={search_term_string}\"},\"query-input\":{\"@type\":\"PropertyValueSpecification\",\"valueRequired\":true,\"valueName\":\"search_term_string\"}}],\"inLanguage\":\"fr-FR\"},{\"@type\":\"Organization\",\"@id\":\"https:\\\/\\\/www.bellunopress.it\\\/#organization\",\"name\":\"Bellunopress\",\"url\":\"https:\\\/\\\/www.bellunopress.it\\\/\",\"logo\":{\"@type\":\"ImageObject\",\"inLanguage\":\"fr-FR\",\"@id\":\"https:\\\/\\\/www.bellunopress.it\\\/#\\\/schema\\\/logo\\\/image\\\/\",\"url\":\"https:\\\/\\\/www.bellunopress.it\\\/wp-content\\\/uploads\\\/2011\\\/05\\\/cropped-logo-bellunopress-.jpg\",\"contentUrl\":\"https:\\\/\\\/www.bellunopress.it\\\/wp-content\\\/uploads\\\/2011\\\/05\\\/cropped-logo-bellunopress-.jpg\",\"width\":512,\"height\":512,\"caption\":\"Bellunopress\"},\"image\":{\"@id\":\"https:\\\/\\\/www.bellunopress.it\\\/#\\\/schema\\\/logo\\\/image\\\/\"},\"sameAs\":[\"https:\\\/\\\/www.facebook.com\\\/profile.php?id=100008943462799\",\"https:\\\/\\\/x.com\\\/bellunopress\",\"https:\\\/\\\/www.linkedin.com\\\/hp\\\/?dnr=JBzUWaJfMUw8vbXJJ2tVW5-I3jZKvC4wsoxE&amp;amp;amp;amp;amp;amp;trk=nav_responsive_tab_home\",\"https:\\\/\\\/www.youtube.com\\\/channel\\\/UCxL0wu1uN0_3_7hGG0306cw\"]},{\"@type\":\"Person\",\"@id\":\"https:\\\/\\\/www.bellunopress.it\\\/#\\\/schema\\\/person\\\/79bb06722b37ece1c03d3e94beb30d73\",\"name\":\"redazione\",\"image\":{\"@type\":\"ImageObject\",\"inLanguage\":\"fr-FR\",\"@id\":\"https:\\\/\\\/secure.gravatar.com\\\/avatar\\\/37d968a2e67a6fd04c169c4bdef102d0bc5d31b2546345219e348575eb80e9a0?s=96&d=mm&r=g\",\"url\":\"https:\\\/\\\/secure.gravatar.com\\\/avatar\\\/37d968a2e67a6fd04c169c4bdef102d0bc5d31b2546345219e348575eb80e9a0?s=96&d=mm&r=g\",\"contentUrl\":\"https:\\\/\\\/secure.gravatar.com\\\/avatar\\\/37d968a2e67a6fd04c169c4bdef102d0bc5d31b2546345219e348575eb80e9a0?s=96&d=mm&r=g\",\"caption\":\"redazione\"},\"sameAs\":[\"http:\\\/\\\/www.bellunopress.it\",\"https:\\\/\\\/x.com\\\/bellunopress\"],\"url\":\"https:\\\/\\\/www.bellunopress.it\\\/fr\\\/author\\\/redazione\\\/\"}]}<\/script>\n<!-- \/ Yoast SEO plugin. -->","yoast_head_json":{"title":"Via Feltre, la FIAB scrive al Sindaco: \"Fermate i lavori, il progetto tradisce il futuro di Belluno\" - Bellunopress - Dolomiti","robots":{"index":"index","follow":"follow","max-snippet":"max-snippet:-1","max-image-preview":"max-image-preview:large","max-video-preview":"max-video-preview:-1"},"canonical":"https:\/\/www.bellunopress.it\/fr\/2026\/04\/10\/via-feltre-la-fiab-scrive-al-sindaco-fermate-i-lavori-il-progetto-tradisce-il-futuro-di-belluno\/","og_locale":"fr_FR","og_type":"article","og_title":"Via Feltre, la FIAB scrive al Sindaco: \"Fermate i lavori, il progetto tradisce il futuro di Belluno\" - Bellunopress - Dolomiti","og_description":"L&#8217;associazione Amici della Bicicletta chiede una pausa di riflessione sul restyling della via: &#8220;Troppo asfalto e pochi alberi. Si ascoltino i tecnici di Copenaghen e i cittadini prima di procedere&#8221;. Belluno, 11 aprile 2026\u00a0\u2013 Un &#8220;gesto di responsabilit\u00e0&#8221; per evitare che la futura Via Feltre diventi l&#8217;ennesima occasione persa. A pochi giorni dal possibile avvio [&hellip;]","og_url":"https:\/\/www.bellunopress.it\/fr\/2026\/04\/10\/via-feltre-la-fiab-scrive-al-sindaco-fermate-i-lavori-il-progetto-tradisce-il-futuro-di-belluno\/","og_site_name":"Bellunopress - Dolomiti","article_publisher":"https:\/\/www.facebook.com\/profile.php?id=100008943462799","article_published_time":"2026-04-10T21:04:42+00:00","article_modified_time":"2026-04-10T21:07:58+00:00","og_image":[{"width":600,"height":331,"url":"https:\/\/www.bellunopress.it\/wp-content\/uploads\/2026\/03\/via-Feltre-render-2026.jpg","type":"image\/jpeg"}],"author":"redazione","twitter_card":"summary_large_image","twitter_creator":"@bellunopress","twitter_site":"@bellunopress","twitter_misc":{"\u00c9crit par":"redazione","Dur\u00e9e de lecture estim\u00e9e":"3 minutes"},"schema":{"@context":"https:\/\/schema.org","@graph":[{"@type":"Article","@id":"https:\/\/www.bellunopress.it\/2026\/04\/10\/via-feltre-la-fiab-scrive-al-sindaco-fermate-i-lavori-il-progetto-tradisce-il-futuro-di-belluno\/#article","isPartOf":{"@id":"https:\/\/www.bellunopress.it\/2026\/04\/10\/via-feltre-la-fiab-scrive-al-sindaco-fermate-i-lavori-il-progetto-tradisce-il-futuro-di-belluno\/"},"author":{"name":"redazione","@id":"https:\/\/www.bellunopress.it\/#\/schema\/person\/79bb06722b37ece1c03d3e94beb30d73"},"headline":"Via Feltre, la FIAB scrive al Sindaco: &#8220;Fermate i lavori, il progetto tradisce il futuro di Belluno&#8221;","datePublished":"2026-04-10T21:04:42+00:00","dateModified":"2026-04-10T21:07:58+00:00","mainEntityOfPage":{"@id":"https:\/\/www.bellunopress.it\/2026\/04\/10\/via-feltre-la-fiab-scrive-al-sindaco-fermate-i-lavori-il-progetto-tradisce-il-futuro-di-belluno\/"},"wordCount":545,"publisher":{"@id":"https:\/\/www.bellunopress.it\/#organization"},"image":{"@id":"https:\/\/www.bellunopress.it\/2026\/04\/10\/via-feltre-la-fiab-scrive-al-sindaco-fermate-i-lavori-il-progetto-tradisce-il-futuro-di-belluno\/#primaryimage"},"thumbnailUrl":"https:\/\/www.bellunopress.it\/wp-content\/uploads\/2026\/03\/via-Feltre-render-2026.jpg","articleSection":["Featured","Lettere Opinioni","Prima Pagina"],"inLanguage":"fr-FR"},{"@type":"WebPage","@id":"https:\/\/www.bellunopress.it\/2026\/04\/10\/via-feltre-la-fiab-scrive-al-sindaco-fermate-i-lavori-il-progetto-tradisce-il-futuro-di-belluno\/","url":"https:\/\/www.bellunopress.it\/2026\/04\/10\/via-feltre-la-fiab-scrive-al-sindaco-fermate-i-lavori-il-progetto-tradisce-il-futuro-di-belluno\/","name":"Via Feltre, la FIAB scrive al Sindaco: \"Fermate i lavori, il progetto tradisce il futuro di Belluno\" - Bellunopress - Dolomiti","isPartOf":{"@id":"https:\/\/www.bellunopress.it\/#website"},"primaryImageOfPage":{"@id":"https:\/\/www.bellunopress.it\/2026\/04\/10\/via-feltre-la-fiab-scrive-al-sindaco-fermate-i-lavori-il-progetto-tradisce-il-futuro-di-belluno\/#primaryimage"},"image":{"@id":"https:\/\/www.bellunopress.it\/2026\/04\/10\/via-feltre-la-fiab-scrive-al-sindaco-fermate-i-lavori-il-progetto-tradisce-il-futuro-di-belluno\/#primaryimage"},"thumbnailUrl":"https:\/\/www.bellunopress.it\/wp-content\/uploads\/2026\/03\/via-Feltre-render-2026.jpg","datePublished":"2026-04-10T21:04:42+00:00","dateModified":"2026-04-10T21:07:58+00:00","breadcrumb":{"@id":"https:\/\/www.bellunopress.it\/2026\/04\/10\/via-feltre-la-fiab-scrive-al-sindaco-fermate-i-lavori-il-progetto-tradisce-il-futuro-di-belluno\/#breadcrumb"},"inLanguage":"fr-FR","potentialAction":[{"@type":"ReadAction","target":["https:\/\/www.bellunopress.it\/2026\/04\/10\/via-feltre-la-fiab-scrive-al-sindaco-fermate-i-lavori-il-progetto-tradisce-il-futuro-di-belluno\/"]}]},{"@type":"ImageObject","inLanguage":"fr-FR","@id":"https:\/\/www.bellunopress.it\/2026\/04\/10\/via-feltre-la-fiab-scrive-al-sindaco-fermate-i-lavori-il-progetto-tradisce-il-futuro-di-belluno\/#primaryimage","url":"https:\/\/www.bellunopress.it\/wp-content\/uploads\/2026\/03\/via-Feltre-render-2026.jpg","contentUrl":"https:\/\/www.bellunopress.it\/wp-content\/uploads\/2026\/03\/via-Feltre-render-2026.jpg","width":600,"height":331},{"@type":"BreadcrumbList","@id":"https:\/\/www.bellunopress.it\/2026\/04\/10\/via-feltre-la-fiab-scrive-al-sindaco-fermate-i-lavori-il-progetto-tradisce-il-futuro-di-belluno\/#breadcrumb","itemListElement":[{"@type":"ListItem","position":1,"name":"Home","item":"https:\/\/www.bellunopress.it\/"},{"@type":"ListItem","position":2,"name":"Via Feltre, la FIAB scrive al Sindaco: &#8220;Fermate i lavori, il progetto tradisce il futuro di Belluno&#8221;"}]},{"@type":"WebSite","@id":"https:\/\/www.bellunopress.it\/#website","url":"https:\/\/www.bellunopress.it\/","name":"Bellunopress - Dolomiti","description":"e-mail: redazione@bellunopress.it","publisher":{"@id":"https:\/\/www.bellunopress.it\/#organization"},"potentialAction":[{"@type":"SearchAction","target":{"@type":"EntryPoint","urlTemplate":"https:\/\/www.bellunopress.it\/?s={search_term_string}"},"query-input":{"@type":"PropertyValueSpecification","valueRequired":true,"valueName":"search_term_string"}}],"inLanguage":"fr-FR"},{"@type":"Organization","@id":"https:\/\/www.bellunopress.it\/#organization","name":"Bellunopress","url":"https:\/\/www.bellunopress.it\/","logo":{"@type":"ImageObject","inLanguage":"fr-FR","@id":"https:\/\/www.bellunopress.it\/#\/schema\/logo\/image\/","url":"https:\/\/www.bellunopress.it\/wp-content\/uploads\/2011\/05\/cropped-logo-bellunopress-.jpg","contentUrl":"https:\/\/www.bellunopress.it\/wp-content\/uploads\/2011\/05\/cropped-logo-bellunopress-.jpg","width":512,"height":512,"caption":"Bellunopress"},"image":{"@id":"https:\/\/www.bellunopress.it\/#\/schema\/logo\/image\/"},"sameAs":["https:\/\/www.facebook.com\/profile.php?id=100008943462799","https:\/\/x.com\/bellunopress","https:\/\/www.linkedin.com\/hp\/?dnr=JBzUWaJfMUw8vbXJJ2tVW5-I3jZKvC4wsoxE&amp;amp;amp;amp;amp;amp;trk=nav_responsive_tab_home","https:\/\/www.youtube.com\/channel\/UCxL0wu1uN0_3_7hGG0306cw"]},{"@type":"Person","@id":"https:\/\/www.bellunopress.it\/#\/schema\/person\/79bb06722b37ece1c03d3e94beb30d73","name":"r\u00e9daction","image":{"@type":"ImageObject","inLanguage":"fr-FR","@id":"https:\/\/secure.gravatar.com\/avatar\/37d968a2e67a6fd04c169c4bdef102d0bc5d31b2546345219e348575eb80e9a0?s=96&d=mm&r=g","url":"https:\/\/secure.gravatar.com\/avatar\/37d968a2e67a6fd04c169c4bdef102d0bc5d31b2546345219e348575eb80e9a0?s=96&d=mm&r=g","contentUrl":"https:\/\/secure.gravatar.com\/avatar\/37d968a2e67a6fd04c169c4bdef102d0bc5d31b2546345219e348575eb80e9a0?s=96&d=mm&r=g","caption":"redazione"},"sameAs":["http:\/\/www.bellunopress.it","https:\/\/x.com\/bellunopress"],"url":"https:\/\/www.bellunopress.it\/fr\/author\/redazione\/"}]}},"_links":{"self":[{"href":"https:\/\/www.bellunopress.it\/fr\/wp-json\/wp\/v2\/posts\/168983","targetHints":{"allow":["GET"]}}],"collection":[{"href":"https:\/\/www.bellunopress.it\/fr\/wp-json\/wp\/v2\/posts"}],"about":[{"href":"https:\/\/www.bellunopress.it\/fr\/wp-json\/wp\/v2\/types\/post"}],"author":[{"embeddable":true,"href":"https:\/\/www.bellunopress.it\/fr\/wp-json\/wp\/v2\/users\/2"}],"replies":[{"embeddable":true,"href":"https:\/\/www.bellunopress.it\/fr\/wp-json\/wp\/v2\/comments?post=168983"}],"version-history":[{"count":1,"href":"https:\/\/www.bellunopress.it\/fr\/wp-json\/wp\/v2\/posts\/168983\/revisions"}],"predecessor-version":[{"id":168984,"href":"https:\/\/www.bellunopress.it\/fr\/wp-json\/wp\/v2\/posts\/168983\/revisions\/168984"}],"wp:featuredmedia":[{"embeddable":true,"href":"https:\/\/www.bellunopress.it\/fr\/wp-json\/wp\/v2\/media\/167934"}],"wp:attachment":[{"href":"https:\/\/www.bellunopress.it\/fr\/wp-json\/wp\/v2\/media?parent=168983"}],"wp:term":[{"taxonomy":"category","embeddable":true,"href":"https:\/\/www.bellunopress.it\/fr\/wp-json\/wp\/v2\/categories?post=168983"},{"taxonomy":"post_tag","embeddable":true,"href":"https:\/\/www.bellunopress.it\/fr\/wp-json\/wp\/v2\/tags?post=168983"}],"curies":[{"name":"wp","href":"https:\/\/api.w.org\/{rel}","templated":true}]}}