{"id":168980,"date":"2026-04-12T22:42:36","date_gmt":"2026-04-12T20:42:36","guid":{"rendered":"https:\/\/www.bellunopress.it\/?p=168980"},"modified":"2026-04-10T22:52:53","modified_gmt":"2026-04-10T20:52:53","slug":"belle-strane-e-pericolose-alla-scoperta-delle-aliene-che-minacciano-la-nostra-biodiversita","status":"publish","type":"post","link":"https:\/\/www.bellunopress.it\/fr\/2026\/04\/12\/belle-strane-e-pericolose-alla-scoperta-delle-aliene-che-minacciano-la-nostra-biodiversita\/","title":{"rendered":"Belle, strane e pericolose: alla scoperta delle &#8220;aliene&#8221; che minacciano la nostra biodiversit\u00e0"},"content":{"rendered":"<p data-path-to-node=\"3\"><b data-path-to-node=\"3\" data-index-in-node=\"0\">Crescono ai bordi delle strade, occhieggiano tra la vegetazione con colori sgargianti e forme insolite. Sembrano decoratrici silenziose del paesaggio, ma spesso nascondono un\u2019identit\u00e0 da &#8220;invasive&#8221;. Un doppio appuntamento con il Gruppo Natura Lentiai (GNL) far\u00e0 luce sul fenomeno delle piante alloctone con l\u2019esperto Juri Nascimbene.<\/b><\/p>\n<p data-path-to-node=\"4\">Lentiai, 12 aprile 2026\u00a0\u2013 Quante volte, guidando o passeggiando lungo i nostri sentieri, ci siamo imbattuti in un fiore mai visto prima o in un arbusto dalla crescita prepotente? Quella che a un occhio inesperto potrebbe sembrare una fortunata novit\u00e0 botanica, \u00e8 spesso il segno tangibile di un\u2019invasione silenziosa. Sono le cosiddette piante aliene: specie non autoctone che, arrivate da territori lontani, stanno colonizzando con velocit\u00e0 sorprendente i nostri habitat naturali.<\/p>\n<h3 data-path-to-node=\"5\">L\u2019identikit dell\u2019invasore<\/h3>\n<p data-path-to-node=\"6\">Ma perch\u00e9 queste piante &#8220;vengono da fuori&#8221;? E soprattutto, quali rischi comportano per l\u2019equilibrio dell\u2019ecosistema locale? Non si tratta solo di estetica: le specie infestanti possono entrare in competizione diretta con la flora locale, soffocandola e riducendo drasticamente la biodiversit\u00e0 del territorio.<\/p>\n<p data-path-to-node=\"7\">Per rispondere a questi interrogativi e imparare a riconoscere chi abita i nostri prati, il Gruppo Natura di Lentiai, nella sede della SOMS, <em>Societ\u00e0 Operaia di Mutuo Soccorso \u201cFelice Cavallotti\u201d di Lentiai<\/em> ha organizzato un incontro di approfondimento previsto per venerd\u00ec 17 aprile.<\/p>\n<h3 data-path-to-node=\"8\">Un esperto d&#8217;eccezione<\/h3>\n<p data-path-to-node=\"9\">A guidare il pubblico in questo viaggio botanico sar\u00e0 il Prof. Juri Nascimbene, figura di spicco nel panorama accademico. Ricercatore e docente di Botanica sistematica presso l\u2019Universit\u00e0 di Bologna (Alma Mater Studiorum), Nascimbene \u00e8 un profondo conoscitore delle realt\u00e0 territoriali locali, capace di coniugare il rigore scientifico con una grande capacit\u00e0 comunicativa.<\/p>\n<p data-path-to-node=\"10\">Durante la serata verranno analizzate l\u2019origine di queste specie, le modalit\u00e0 del loro arrivo e, soprattutto, l\u2019impatto che stanno avendo sul nostro ambiente.<\/p>\n<h3 data-path-to-node=\"11\">Dalla teoria alla pratica: l\u2019uscita ai Laghetti della Rimonta<\/h3>\n<p data-path-to-node=\"12\">Il progetto non si esaurir\u00e0 tra le mura della conferenza. Per chi vuole &#8220;toccare con mano&#8221; la realt\u00e0 botanica locale, domenica 19 aprile si terr\u00e0 una passeggiata di riconoscimento presso il biotopo dei Laghetti della Rimonta.<\/p>\n<p data-path-to-node=\"13\">Sotto la guida esperta del Prof. Nascimbene, i partecipanti potranno imparare a distinguere le specie autoctone da quelle aliene in uno dei contesti naturali pi\u00f9 suggestivi della zona. Un\u2019occasione unica per osservare la natura con occhi nuovi e pi\u00f9 consapevoli.<\/p>\n<h3 data-path-to-node=\"15\">Info e prenotazioni<\/h3>\n<ul data-path-to-node=\"16\">\n<li>\n<p data-path-to-node=\"16,0,0\">Conferenza: Venerd\u00ec 17\/04 alla SOMS di Lentiai.<\/p>\n<\/li>\n<li>\n<p data-path-to-node=\"16,1,0\">Escursione: Domenica 19\/04 ai Laghetti della Rimonta.<\/p>\n<\/li>\n<li>\n<p data-path-to-node=\"16,2,0\">Note: L&#8217;iniziativa di domenica \u00e8 a numero chiuso.<\/p>\n<\/li>\n<li>\n<p data-path-to-node=\"16,3,0\">Prenotazione obbligatoria: \u00c8 necessario contattare il numero 347 0511865.<\/p>\n<\/li>\n<\/ul>\n<p>&nbsp;<\/p>\n<p>&nbsp;<\/p>\n<p>&nbsp;<\/p>\n<p>&nbsp;<\/p>\n<p>&nbsp;<\/p>\n<p>&nbsp;<\/p>","protected":false},"excerpt":{"rendered":"<p>Crescono ai bordi delle strade, occhieggiano tra la vegetazione con colori sgargianti e forme insolite. Sembrano decoratrici silenziose del paesaggio, ma spesso nascondono un\u2019identit\u00e0 da &#8220;invasive&#8221;. Un doppio appuntamento con il Gruppo Natura Lentiai (GNL) far\u00e0 luce sul fenomeno delle piante alloctone con l\u2019esperto Juri Nascimbene. Lentiai, 12 aprile 2026\u00a0\u2013 Quante volte, guidando o passeggiando [&hellip;]<\/p>\n","protected":false},"author":2,"featured_media":168981,"comment_status":"closed","ping_status":"open","sticky":false,"template":"","format":"standard","meta":{"footnotes":""},"categories":[38,25],"tags":[],"class_list":["post-168980","post","type-post","status-publish","format-standard","has-post-thumbnail","category-natura-ambiente","category-pausa-caffe"],"yoast_head":"<!-- This site is optimized with the Yoast SEO plugin v28.4 - https:\/\/yoast.com\/product\/yoast-seo-wordpress\/ -->\n<title>Belle, strane e pericolose: alla scoperta delle &quot;aliene&quot; che minacciano la nostra biodiversit\u00e0 - Bellunopress - Dolomiti<\/title>\n<meta name=\"robots\" content=\"index, follow, max-snippet:-1, max-image-preview:large, max-video-preview:-1\" \/>\n<link rel=\"canonical\" href=\"https:\/\/www.bellunopress.it\/fr\/2026\/04\/12\/belle-strane-e-pericolose-alla-scoperta-delle-aliene-che-minacciano-la-nostra-biodiversita\/\" \/>\n<meta property=\"og:locale\" content=\"fr_FR\" \/>\n<meta property=\"og:type\" content=\"article\" \/>\n<meta property=\"og:title\" content=\"Belle, strane e pericolose: alla scoperta delle &quot;aliene&quot; che minacciano la nostra biodiversit\u00e0 - Bellunopress - Dolomiti\" \/>\n<meta property=\"og:description\" content=\"Crescono ai bordi delle strade, occhieggiano tra la vegetazione con colori sgargianti e forme insolite. Sembrano decoratrici silenziose del paesaggio, ma spesso nascondono un\u2019identit\u00e0 da &#8220;invasive&#8221;. Un doppio appuntamento con il Gruppo Natura Lentiai (GNL) far\u00e0 luce sul fenomeno delle piante alloctone con l\u2019esperto Juri Nascimbene. Lentiai, 12 aprile 2026\u00a0\u2013 Quante volte, guidando o passeggiando [&hellip;]\" \/>\n<meta property=\"og:url\" content=\"https:\/\/www.bellunopress.it\/fr\/2026\/04\/12\/belle-strane-e-pericolose-alla-scoperta-delle-aliene-che-minacciano-la-nostra-biodiversita\/\" \/>\n<meta property=\"og:site_name\" content=\"Bellunopress - Dolomiti\" \/>\n<meta property=\"article:publisher\" content=\"https:\/\/www.facebook.com\/profile.php?id=100008943462799\" \/>\n<meta property=\"article:published_time\" content=\"2026-04-12T20:42:36+00:00\" \/>\n<meta property=\"og:image\" content=\"https:\/\/www.bellunopress.it\/wp-content\/uploads\/2026\/04\/specie-aliene-invasive.jpg\" \/>\n\t<meta property=\"og:image:width\" content=\"353\" \/>\n\t<meta property=\"og:image:height\" content=\"500\" \/>\n\t<meta property=\"og:image:type\" content=\"image\/jpeg\" \/>\n<meta name=\"author\" content=\"redazione\" \/>\n<meta name=\"twitter:card\" content=\"summary_large_image\" \/>\n<meta name=\"twitter:creator\" content=\"@bellunopress\" \/>\n<meta name=\"twitter:site\" content=\"@bellunopress\" \/>\n<meta name=\"twitter:label1\" content=\"\u00c9crit par\" \/>\n\t<meta name=\"twitter:data1\" content=\"redazione\" \/>\n\t<meta name=\"twitter:label2\" content=\"Dur\u00e9e de lecture estim\u00e9e\" \/>\n\t<meta name=\"twitter:data2\" content=\"2 minutes\" \/>\n<script type=\"application\/ld+json\" class=\"yoast-schema-graph\">{\"@context\":\"https:\\\/\\\/schema.org\",\"@graph\":[{\"@type\":\"Article\",\"@id\":\"https:\\\/\\\/www.bellunopress.it\\\/2026\\\/04\\\/12\\\/belle-strane-e-pericolose-alla-scoperta-delle-aliene-che-minacciano-la-nostra-biodiversita\\\/#article\",\"isPartOf\":{\"@id\":\"https:\\\/\\\/www.bellunopress.it\\\/2026\\\/04\\\/12\\\/belle-strane-e-pericolose-alla-scoperta-delle-aliene-che-minacciano-la-nostra-biodiversita\\\/\"},\"author\":{\"name\":\"redazione\",\"@id\":\"https:\\\/\\\/www.bellunopress.it\\\/#\\\/schema\\\/person\\\/79bb06722b37ece1c03d3e94beb30d73\"},\"headline\":\"Belle, strane e pericolose: alla scoperta delle &#8220;aliene&#8221; che minacciano la nostra biodiversit\u00e0\",\"datePublished\":\"2026-04-12T20:42:36+00:00\",\"mainEntityOfPage\":{\"@id\":\"https:\\\/\\\/www.bellunopress.it\\\/2026\\\/04\\\/12\\\/belle-strane-e-pericolose-alla-scoperta-delle-aliene-che-minacciano-la-nostra-biodiversita\\\/\"},\"wordCount\":422,\"publisher\":{\"@id\":\"https:\\\/\\\/www.bellunopress.it\\\/#organization\"},\"image\":{\"@id\":\"https:\\\/\\\/www.bellunopress.it\\\/2026\\\/04\\\/12\\\/belle-strane-e-pericolose-alla-scoperta-delle-aliene-che-minacciano-la-nostra-biodiversita\\\/#primaryimage\"},\"thumbnailUrl\":\"https:\\\/\\\/www.bellunopress.it\\\/wp-content\\\/uploads\\\/2026\\\/04\\\/specie-aliene-invasive.jpg\",\"articleSection\":[\"Meteo, natura, ambiente, animali\",\"Pausa Caff\u00e8\"],\"inLanguage\":\"fr-FR\"},{\"@type\":\"WebPage\",\"@id\":\"https:\\\/\\\/www.bellunopress.it\\\/2026\\\/04\\\/12\\\/belle-strane-e-pericolose-alla-scoperta-delle-aliene-che-minacciano-la-nostra-biodiversita\\\/\",\"url\":\"https:\\\/\\\/www.bellunopress.it\\\/2026\\\/04\\\/12\\\/belle-strane-e-pericolose-alla-scoperta-delle-aliene-che-minacciano-la-nostra-biodiversita\\\/\",\"name\":\"Belle, strane e pericolose: alla scoperta delle \\\"aliene\\\" che minacciano la nostra biodiversit\u00e0 - Bellunopress - Dolomiti\",\"isPartOf\":{\"@id\":\"https:\\\/\\\/www.bellunopress.it\\\/#website\"},\"primaryImageOfPage\":{\"@id\":\"https:\\\/\\\/www.bellunopress.it\\\/2026\\\/04\\\/12\\\/belle-strane-e-pericolose-alla-scoperta-delle-aliene-che-minacciano-la-nostra-biodiversita\\\/#primaryimage\"},\"image\":{\"@id\":\"https:\\\/\\\/www.bellunopress.it\\\/2026\\\/04\\\/12\\\/belle-strane-e-pericolose-alla-scoperta-delle-aliene-che-minacciano-la-nostra-biodiversita\\\/#primaryimage\"},\"thumbnailUrl\":\"https:\\\/\\\/www.bellunopress.it\\\/wp-content\\\/uploads\\\/2026\\\/04\\\/specie-aliene-invasive.jpg\",\"datePublished\":\"2026-04-12T20:42:36+00:00\",\"breadcrumb\":{\"@id\":\"https:\\\/\\\/www.bellunopress.it\\\/2026\\\/04\\\/12\\\/belle-strane-e-pericolose-alla-scoperta-delle-aliene-che-minacciano-la-nostra-biodiversita\\\/#breadcrumb\"},\"inLanguage\":\"fr-FR\",\"potentialAction\":[{\"@type\":\"ReadAction\",\"target\":[\"https:\\\/\\\/www.bellunopress.it\\\/2026\\\/04\\\/12\\\/belle-strane-e-pericolose-alla-scoperta-delle-aliene-che-minacciano-la-nostra-biodiversita\\\/\"]}]},{\"@type\":\"ImageObject\",\"inLanguage\":\"fr-FR\",\"@id\":\"https:\\\/\\\/www.bellunopress.it\\\/2026\\\/04\\\/12\\\/belle-strane-e-pericolose-alla-scoperta-delle-aliene-che-minacciano-la-nostra-biodiversita\\\/#primaryimage\",\"url\":\"https:\\\/\\\/www.bellunopress.it\\\/wp-content\\\/uploads\\\/2026\\\/04\\\/specie-aliene-invasive.jpg\",\"contentUrl\":\"https:\\\/\\\/www.bellunopress.it\\\/wp-content\\\/uploads\\\/2026\\\/04\\\/specie-aliene-invasive.jpg\",\"width\":353,\"height\":500},{\"@type\":\"BreadcrumbList\",\"@id\":\"https:\\\/\\\/www.bellunopress.it\\\/2026\\\/04\\\/12\\\/belle-strane-e-pericolose-alla-scoperta-delle-aliene-che-minacciano-la-nostra-biodiversita\\\/#breadcrumb\",\"itemListElement\":[{\"@type\":\"ListItem\",\"position\":1,\"name\":\"Home\",\"item\":\"https:\\\/\\\/www.bellunopress.it\\\/\"},{\"@type\":\"ListItem\",\"position\":2,\"name\":\"Belle, strane e pericolose: alla scoperta delle &#8220;aliene&#8221; che minacciano la nostra biodiversit\u00e0\"}]},{\"@type\":\"WebSite\",\"@id\":\"https:\\\/\\\/www.bellunopress.it\\\/#website\",\"url\":\"https:\\\/\\\/www.bellunopress.it\\\/\",\"name\":\"Bellunopress - Dolomiti\",\"description\":\"e-mail: redazione@bellunopress.it\",\"publisher\":{\"@id\":\"https:\\\/\\\/www.bellunopress.it\\\/#organization\"},\"potentialAction\":[{\"@type\":\"SearchAction\",\"target\":{\"@type\":\"EntryPoint\",\"urlTemplate\":\"https:\\\/\\\/www.bellunopress.it\\\/?s={search_term_string}\"},\"query-input\":{\"@type\":\"PropertyValueSpecification\",\"valueRequired\":true,\"valueName\":\"search_term_string\"}}],\"inLanguage\":\"fr-FR\"},{\"@type\":\"Organization\",\"@id\":\"https:\\\/\\\/www.bellunopress.it\\\/#organization\",\"name\":\"Bellunopress\",\"url\":\"https:\\\/\\\/www.bellunopress.it\\\/\",\"logo\":{\"@type\":\"ImageObject\",\"inLanguage\":\"fr-FR\",\"@id\":\"https:\\\/\\\/www.bellunopress.it\\\/#\\\/schema\\\/logo\\\/image\\\/\",\"url\":\"https:\\\/\\\/www.bellunopress.it\\\/wp-content\\\/uploads\\\/2011\\\/05\\\/cropped-logo-bellunopress-.jpg\",\"contentUrl\":\"https:\\\/\\\/www.bellunopress.it\\\/wp-content\\\/uploads\\\/2011\\\/05\\\/cropped-logo-bellunopress-.jpg\",\"width\":512,\"height\":512,\"caption\":\"Bellunopress\"},\"image\":{\"@id\":\"https:\\\/\\\/www.bellunopress.it\\\/#\\\/schema\\\/logo\\\/image\\\/\"},\"sameAs\":[\"https:\\\/\\\/www.facebook.com\\\/profile.php?id=100008943462799\",\"https:\\\/\\\/x.com\\\/bellunopress\",\"https:\\\/\\\/www.linkedin.com\\\/hp\\\/?dnr=JBzUWaJfMUw8vbXJJ2tVW5-I3jZKvC4wsoxE&amp;amp;amp;amp;amp;amp;trk=nav_responsive_tab_home\",\"https:\\\/\\\/www.youtube.com\\\/channel\\\/UCxL0wu1uN0_3_7hGG0306cw\"]},{\"@type\":\"Person\",\"@id\":\"https:\\\/\\\/www.bellunopress.it\\\/#\\\/schema\\\/person\\\/79bb06722b37ece1c03d3e94beb30d73\",\"name\":\"redazione\",\"image\":{\"@type\":\"ImageObject\",\"inLanguage\":\"fr-FR\",\"@id\":\"https:\\\/\\\/secure.gravatar.com\\\/avatar\\\/37d968a2e67a6fd04c169c4bdef102d0bc5d31b2546345219e348575eb80e9a0?s=96&d=mm&r=g\",\"url\":\"https:\\\/\\\/secure.gravatar.com\\\/avatar\\\/37d968a2e67a6fd04c169c4bdef102d0bc5d31b2546345219e348575eb80e9a0?s=96&d=mm&r=g\",\"contentUrl\":\"https:\\\/\\\/secure.gravatar.com\\\/avatar\\\/37d968a2e67a6fd04c169c4bdef102d0bc5d31b2546345219e348575eb80e9a0?s=96&d=mm&r=g\",\"caption\":\"redazione\"},\"sameAs\":[\"http:\\\/\\\/www.bellunopress.it\",\"https:\\\/\\\/x.com\\\/bellunopress\"],\"url\":\"https:\\\/\\\/www.bellunopress.it\\\/fr\\\/author\\\/redazione\\\/\"}]}<\/script>\n<!-- \/ Yoast SEO plugin. -->","yoast_head_json":{"title":"Belle, strane e pericolose: alla scoperta delle \"aliene\" che minacciano la nostra biodiversit\u00e0 - Bellunopress - Dolomiti","robots":{"index":"index","follow":"follow","max-snippet":"max-snippet:-1","max-image-preview":"max-image-preview:large","max-video-preview":"max-video-preview:-1"},"canonical":"https:\/\/www.bellunopress.it\/fr\/2026\/04\/12\/belle-strane-e-pericolose-alla-scoperta-delle-aliene-che-minacciano-la-nostra-biodiversita\/","og_locale":"fr_FR","og_type":"article","og_title":"Belle, strane e pericolose: alla scoperta delle \"aliene\" che minacciano la nostra biodiversit\u00e0 - Bellunopress - Dolomiti","og_description":"Crescono ai bordi delle strade, occhieggiano tra la vegetazione con colori sgargianti e forme insolite. Sembrano decoratrici silenziose del paesaggio, ma spesso nascondono un\u2019identit\u00e0 da &#8220;invasive&#8221;. Un doppio appuntamento con il Gruppo Natura Lentiai (GNL) far\u00e0 luce sul fenomeno delle piante alloctone con l\u2019esperto Juri Nascimbene. Lentiai, 12 aprile 2026\u00a0\u2013 Quante volte, guidando o passeggiando [&hellip;]","og_url":"https:\/\/www.bellunopress.it\/fr\/2026\/04\/12\/belle-strane-e-pericolose-alla-scoperta-delle-aliene-che-minacciano-la-nostra-biodiversita\/","og_site_name":"Bellunopress - Dolomiti","article_publisher":"https:\/\/www.facebook.com\/profile.php?id=100008943462799","article_published_time":"2026-04-12T20:42:36+00:00","og_image":[{"width":353,"height":500,"url":"https:\/\/www.bellunopress.it\/wp-content\/uploads\/2026\/04\/specie-aliene-invasive.jpg","type":"image\/jpeg"}],"author":"redazione","twitter_card":"summary_large_image","twitter_creator":"@bellunopress","twitter_site":"@bellunopress","twitter_misc":{"\u00c9crit par":"redazione","Dur\u00e9e de lecture estim\u00e9e":"2 minutes"},"schema":{"@context":"https:\/\/schema.org","@graph":[{"@type":"Article","@id":"https:\/\/www.bellunopress.it\/2026\/04\/12\/belle-strane-e-pericolose-alla-scoperta-delle-aliene-che-minacciano-la-nostra-biodiversita\/#article","isPartOf":{"@id":"https:\/\/www.bellunopress.it\/2026\/04\/12\/belle-strane-e-pericolose-alla-scoperta-delle-aliene-che-minacciano-la-nostra-biodiversita\/"},"author":{"name":"redazione","@id":"https:\/\/www.bellunopress.it\/#\/schema\/person\/79bb06722b37ece1c03d3e94beb30d73"},"headline":"Belle, strane e pericolose: alla scoperta delle &#8220;aliene&#8221; che minacciano la nostra biodiversit\u00e0","datePublished":"2026-04-12T20:42:36+00:00","mainEntityOfPage":{"@id":"https:\/\/www.bellunopress.it\/2026\/04\/12\/belle-strane-e-pericolose-alla-scoperta-delle-aliene-che-minacciano-la-nostra-biodiversita\/"},"wordCount":422,"publisher":{"@id":"https:\/\/www.bellunopress.it\/#organization"},"image":{"@id":"https:\/\/www.bellunopress.it\/2026\/04\/12\/belle-strane-e-pericolose-alla-scoperta-delle-aliene-che-minacciano-la-nostra-biodiversita\/#primaryimage"},"thumbnailUrl":"https:\/\/www.bellunopress.it\/wp-content\/uploads\/2026\/04\/specie-aliene-invasive.jpg","articleSection":["Meteo, natura, ambiente, animali","Pausa Caff\u00e8"],"inLanguage":"fr-FR"},{"@type":"WebPage","@id":"https:\/\/www.bellunopress.it\/2026\/04\/12\/belle-strane-e-pericolose-alla-scoperta-delle-aliene-che-minacciano-la-nostra-biodiversita\/","url":"https:\/\/www.bellunopress.it\/2026\/04\/12\/belle-strane-e-pericolose-alla-scoperta-delle-aliene-che-minacciano-la-nostra-biodiversita\/","name":"Belle, strane e pericolose: alla scoperta delle \"aliene\" che minacciano la nostra biodiversit\u00e0 - Bellunopress - Dolomiti","isPartOf":{"@id":"https:\/\/www.bellunopress.it\/#website"},"primaryImageOfPage":{"@id":"https:\/\/www.bellunopress.it\/2026\/04\/12\/belle-strane-e-pericolose-alla-scoperta-delle-aliene-che-minacciano-la-nostra-biodiversita\/#primaryimage"},"image":{"@id":"https:\/\/www.bellunopress.it\/2026\/04\/12\/belle-strane-e-pericolose-alla-scoperta-delle-aliene-che-minacciano-la-nostra-biodiversita\/#primaryimage"},"thumbnailUrl":"https:\/\/www.bellunopress.it\/wp-content\/uploads\/2026\/04\/specie-aliene-invasive.jpg","datePublished":"2026-04-12T20:42:36+00:00","breadcrumb":{"@id":"https:\/\/www.bellunopress.it\/2026\/04\/12\/belle-strane-e-pericolose-alla-scoperta-delle-aliene-che-minacciano-la-nostra-biodiversita\/#breadcrumb"},"inLanguage":"fr-FR","potentialAction":[{"@type":"ReadAction","target":["https:\/\/www.bellunopress.it\/2026\/04\/12\/belle-strane-e-pericolose-alla-scoperta-delle-aliene-che-minacciano-la-nostra-biodiversita\/"]}]},{"@type":"ImageObject","inLanguage":"fr-FR","@id":"https:\/\/www.bellunopress.it\/2026\/04\/12\/belle-strane-e-pericolose-alla-scoperta-delle-aliene-che-minacciano-la-nostra-biodiversita\/#primaryimage","url":"https:\/\/www.bellunopress.it\/wp-content\/uploads\/2026\/04\/specie-aliene-invasive.jpg","contentUrl":"https:\/\/www.bellunopress.it\/wp-content\/uploads\/2026\/04\/specie-aliene-invasive.jpg","width":353,"height":500},{"@type":"BreadcrumbList","@id":"https:\/\/www.bellunopress.it\/2026\/04\/12\/belle-strane-e-pericolose-alla-scoperta-delle-aliene-che-minacciano-la-nostra-biodiversita\/#breadcrumb","itemListElement":[{"@type":"ListItem","position":1,"name":"Home","item":"https:\/\/www.bellunopress.it\/"},{"@type":"ListItem","position":2,"name":"Belle, strane e pericolose: alla scoperta delle &#8220;aliene&#8221; che minacciano la nostra biodiversit\u00e0"}]},{"@type":"WebSite","@id":"https:\/\/www.bellunopress.it\/#website","url":"https:\/\/www.bellunopress.it\/","name":"Bellunopress - Dolomiti","description":"e-mail: redazione@bellunopress.it","publisher":{"@id":"https:\/\/www.bellunopress.it\/#organization"},"potentialAction":[{"@type":"SearchAction","target":{"@type":"EntryPoint","urlTemplate":"https:\/\/www.bellunopress.it\/?s={search_term_string}"},"query-input":{"@type":"PropertyValueSpecification","valueRequired":true,"valueName":"search_term_string"}}],"inLanguage":"fr-FR"},{"@type":"Organization","@id":"https:\/\/www.bellunopress.it\/#organization","name":"Bellunopress","url":"https:\/\/www.bellunopress.it\/","logo":{"@type":"ImageObject","inLanguage":"fr-FR","@id":"https:\/\/www.bellunopress.it\/#\/schema\/logo\/image\/","url":"https:\/\/www.bellunopress.it\/wp-content\/uploads\/2011\/05\/cropped-logo-bellunopress-.jpg","contentUrl":"https:\/\/www.bellunopress.it\/wp-content\/uploads\/2011\/05\/cropped-logo-bellunopress-.jpg","width":512,"height":512,"caption":"Bellunopress"},"image":{"@id":"https:\/\/www.bellunopress.it\/#\/schema\/logo\/image\/"},"sameAs":["https:\/\/www.facebook.com\/profile.php?id=100008943462799","https:\/\/x.com\/bellunopress","https:\/\/www.linkedin.com\/hp\/?dnr=JBzUWaJfMUw8vbXJJ2tVW5-I3jZKvC4wsoxE&amp;amp;amp;amp;amp;amp;trk=nav_responsive_tab_home","https:\/\/www.youtube.com\/channel\/UCxL0wu1uN0_3_7hGG0306cw"]},{"@type":"Person","@id":"https:\/\/www.bellunopress.it\/#\/schema\/person\/79bb06722b37ece1c03d3e94beb30d73","name":"r\u00e9daction","image":{"@type":"ImageObject","inLanguage":"fr-FR","@id":"https:\/\/secure.gravatar.com\/avatar\/37d968a2e67a6fd04c169c4bdef102d0bc5d31b2546345219e348575eb80e9a0?s=96&d=mm&r=g","url":"https:\/\/secure.gravatar.com\/avatar\/37d968a2e67a6fd04c169c4bdef102d0bc5d31b2546345219e348575eb80e9a0?s=96&d=mm&r=g","contentUrl":"https:\/\/secure.gravatar.com\/avatar\/37d968a2e67a6fd04c169c4bdef102d0bc5d31b2546345219e348575eb80e9a0?s=96&d=mm&r=g","caption":"redazione"},"sameAs":["http:\/\/www.bellunopress.it","https:\/\/x.com\/bellunopress"],"url":"https:\/\/www.bellunopress.it\/fr\/author\/redazione\/"}]}},"_links":{"self":[{"href":"https:\/\/www.bellunopress.it\/fr\/wp-json\/wp\/v2\/posts\/168980","targetHints":{"allow":["GET"]}}],"collection":[{"href":"https:\/\/www.bellunopress.it\/fr\/wp-json\/wp\/v2\/posts"}],"about":[{"href":"https:\/\/www.bellunopress.it\/fr\/wp-json\/wp\/v2\/types\/post"}],"author":[{"embeddable":true,"href":"https:\/\/www.bellunopress.it\/fr\/wp-json\/wp\/v2\/users\/2"}],"replies":[{"embeddable":true,"href":"https:\/\/www.bellunopress.it\/fr\/wp-json\/wp\/v2\/comments?post=168980"}],"version-history":[{"count":1,"href":"https:\/\/www.bellunopress.it\/fr\/wp-json\/wp\/v2\/posts\/168980\/revisions"}],"predecessor-version":[{"id":168982,"href":"https:\/\/www.bellunopress.it\/fr\/wp-json\/wp\/v2\/posts\/168980\/revisions\/168982"}],"wp:featuredmedia":[{"embeddable":true,"href":"https:\/\/www.bellunopress.it\/fr\/wp-json\/wp\/v2\/media\/168981"}],"wp:attachment":[{"href":"https:\/\/www.bellunopress.it\/fr\/wp-json\/wp\/v2\/media?parent=168980"}],"wp:term":[{"taxonomy":"category","embeddable":true,"href":"https:\/\/www.bellunopress.it\/fr\/wp-json\/wp\/v2\/categories?post=168980"},{"taxonomy":"post_tag","embeddable":true,"href":"https:\/\/www.bellunopress.it\/fr\/wp-json\/wp\/v2\/tags?post=168980"}],"curies":[{"name":"wp","href":"https:\/\/api.w.org\/{rel}","templated":true}]}}