{"id":168978,"date":"2026-04-10T22:31:34","date_gmt":"2026-04-10T20:31:34","guid":{"rendered":"https:\/\/www.bellunopress.it\/?p=168978"},"modified":"2026-04-10T23:09:11","modified_gmt":"2026-04-10T21:09:11","slug":"fondazione-teatri-delle-dolomiti-le-precisazioni-della-presidente-michela-marrone","status":"publish","type":"post","link":"https:\/\/www.bellunopress.it\/fr\/2026\/04\/10\/fondazione-teatri-delle-dolomiti-le-precisazioni-della-presidente-michela-marrone\/","title":{"rendered":"Fondazione Teatri delle Dolomiti. Le precisazioni della presidente Michela Marrone"},"content":{"rendered":"<p>Alcune recenti considerazioni apparse sulla stampa sulla Fondazione Teatri offrono l\u2019occasione per chiarire meglio il lavoro che viene svolto.<\/p>\n<p>Il punto da cui partire \u00e8 semplice: la Fondazione ha una funzione di coordinamento. Non nasce in contrapposizione n\u00e9 opera in competizione con le realt\u00e0 culturali del territorio, altamente qualificate, ma come struttura che le mette in rete, le sostiene e ne valorizza l\u2019attivit\u00e0, tenendo insieme un sistema articolato e favorendo collaborazione e integrazione dell\u2019offerta.<br \/>\nIl suo ruolo \u00e8 quindi quello di presidio, a governance pubblica, che connette soggetti TERRITORIALI diversi \u2013 compagnie residenti, artisti, scuole, associazioni, operatori culturali \u2013 e che agisce come collettore di progettualit\u00e0, rendendo possibili sinergie che senza di essa, avrebbero sviluppi limitati.<\/p>\n<p>In questo contesto, il ruolo dei &#8220;residenti teatrali&#8221; &#8211; Circolo Cultura e Stampa, Tib Teatro e Slow Machine &#8211; \u00e8 centrale: a loro \u00e8 affidata, in base a uno specifico accordo di programma, la costruzione della stagione artistica, con un\u2019offerta che spazia dalla prosa al teatro per ragazzi, fino al teatro contemporaneo. Si tratta di una programmazione condivisa, costruita attraverso un confronto costante con la Fondazione, evitando il ricorso a soluzioni standardizzate e non calibrate sulla nostra collettivit\u00e0. Negli ultimi anni questo rapporto si<br \/>\n\u00e8 ulteriormente rafforzato, cos\u00ec come quello con i principali fruitori del teatro (Scoppio Spettacoli e Circolo Culturale Bellunese), permettendo di affrontare eventuali criticit\u00e0 con spirito collaborativo.<br \/>\nFaro di questo nuovo spirito di collaborazione \u00e8 la condivisione del principio per il quale tutti intervengono a favore della stessa Comunit\u00e0, accantonando i protagonismi, al fine di produrre la miglior offerta complessiva possibile.<\/p>\n<p>Accanto a questi operano numerosi altri soggetti, che si alternano di stagione in stagione, che contribuiscono a rendere la proposta particolarmente varia e articolata: teatro sociale e sperimentale, spettacoli per bambini, concerti, cabaret, attivit\u00e0 per le scuole.<br \/>\nIl teatro ospita inoltre iniziative istituzionali, eventi di imprese ed enti, confermando il proprio ruolo di spazio aperto e vissuto dalla comunit\u00e0.<br \/>\nA queste si aggiungono le iniziative gestite in proprio dalla Fondazione, che, nei limiti della pianta organica attuale, pu\u00f2 comunque vantare professionisti eccellenti, i quali in modo proficuo contribuiscono positivamente al risultato complessivo, ovvero un\u2019offerta ampia e articolata, costruita insieme.<\/p>\n<p>La diffusione delle attivit\u00e0 sul territorio e la collaborazione con scuole e amministrazioni locali testimoniano un impegno concreto nel rendere il teatro un bene accessibile. Allo stesso tempo, questo modello permette di mantenere le risorse sul territorio, generando lavoro per professionisti e giovani e contribuendo alla crescita di competenze locali. I circa 45.000 spettatori a stagione sono il risultato di questo sistema.<br \/>\nAnche i numeri dell\u2019attivit\u00e0 lo confermano: 130-150 giornate di apertura all\u2019anno, non solo per spettacoli, ma anche per formazione, incontri, iniziative con scuole, imprese e realt\u00e0 del territorio.<\/p>\n<p>Definire la Fondazione come \u201cferma\u201d o inattiva non \u00e8 solo impreciso, ma rischia di risultare poco rispettoso non solo verso tutti i citati operatori, ma anche nei confronti del personale che da anni lavora con continuit\u00e0 e professionalit\u00e0, garantendo il funzionamento del teatro e svolgendo un ruolo importante anche nelle attivit\u00e0 museali, dove assicura presidio, accoglienza e valorizzazione, oltre a collaborare alla gestione di altri spazi comunali.<br \/>\nIn questo contesto si inserisce anche il progetto \u201cCulture Link\u201d, che, quando \u00e8 stato preso in carico dall\u2019attuale Presidenza, era poco pi\u00f9 di un\u2019idea. Oggi registra un concreto avanzamento grazie anche a un concorso di idee recentemente concluso, che ha contribuito a trasformarlo in un percorso progettuale sempre pi\u00f9 definito. Un risultato reso possibile dall\u2019apporto fondamentale dei partner Centro Consorzi e Ca\u2019 Foscari e dal sostegno di realt\u00e0 come Fondazione Cariverona e Cortina Banca, cui va un sincero ringraziamento.<\/p>\n<p>La Fondazione Teatri \u00e8 dunque, prima di tutto, un nodo di connessione: tiene insieme soggetti, attivit\u00e0 e opportunit\u00e0, con ricadute reali sul territorio.<br \/>\nTutto ci\u00f2 non pu\u00f2 prescindere da un equilibrio di bilancio, ora faticosamente raggiunto.<\/p>\n<p><strong>Fondazione Teatri delle Dolomiti<\/strong><br \/>\n<strong>La Presidente \u2013 Michela Marrone<\/strong><\/p>","protected":false},"excerpt":{"rendered":"<p>Alcune recenti considerazioni apparse sulla stampa sulla Fondazione Teatri offrono l\u2019occasione per chiarire meglio il lavoro che viene svolto. Il punto da cui partire \u00e8 semplice: la Fondazione ha una funzione di coordinamento. Non nasce in contrapposizione n\u00e9 opera in competizione con le realt\u00e0 culturali del territorio, altamente qualificate, ma come struttura che le mette [&hellip;]<\/p>\n","protected":false},"author":2,"featured_media":143126,"comment_status":"closed","ping_status":"open","sticky":false,"template":"","format":"standard","meta":{"footnotes":""},"categories":[3446,1],"tags":[],"class_list":["post-168978","post","type-post","status-publish","format-standard","has-post-thumbnail","category-featured","category-leo"],"yoast_head":"<!-- This site is optimized with the Yoast SEO plugin v28.4 - https:\/\/yoast.com\/product\/yoast-seo-wordpress\/ -->\n<title>Fondazione Teatri delle Dolomiti. Le precisazioni della presidente Michela Marrone - Bellunopress - Dolomiti<\/title>\n<meta name=\"robots\" content=\"index, follow, max-snippet:-1, max-image-preview:large, max-video-preview:-1\" \/>\n<link rel=\"canonical\" href=\"https:\/\/www.bellunopress.it\/fr\/2026\/04\/10\/fondazione-teatri-delle-dolomiti-le-precisazioni-della-presidente-michela-marrone\/\" \/>\n<meta property=\"og:locale\" content=\"fr_FR\" \/>\n<meta property=\"og:type\" content=\"article\" \/>\n<meta property=\"og:title\" content=\"Fondazione Teatri delle Dolomiti. Le precisazioni della presidente Michela Marrone - Bellunopress - Dolomiti\" \/>\n<meta property=\"og:description\" content=\"Alcune recenti considerazioni apparse sulla stampa sulla Fondazione Teatri offrono l\u2019occasione per chiarire meglio il lavoro che viene svolto. Il punto da cui partire \u00e8 semplice: la Fondazione ha una funzione di coordinamento. Non nasce in contrapposizione n\u00e9 opera in competizione con le realt\u00e0 culturali del territorio, altamente qualificate, ma come struttura che le mette [&hellip;]\" \/>\n<meta property=\"og:url\" content=\"https:\/\/www.bellunopress.it\/fr\/2026\/04\/10\/fondazione-teatri-delle-dolomiti-le-precisazioni-della-presidente-michela-marrone\/\" \/>\n<meta property=\"og:site_name\" content=\"Bellunopress - Dolomiti\" \/>\n<meta property=\"article:publisher\" content=\"https:\/\/www.facebook.com\/profile.php?id=100008943462799\" \/>\n<meta property=\"article:published_time\" content=\"2026-04-10T20:31:34+00:00\" \/>\n<meta property=\"article:modified_time\" content=\"2026-04-10T21:09:11+00:00\" \/>\n<meta property=\"og:image\" content=\"https:\/\/www.bellunopress.it\/wp-content\/uploads\/2023\/07\/MICHELA-MARRONE_edited.jpg\" \/>\n\t<meta property=\"og:image:width\" content=\"458\" \/>\n\t<meta property=\"og:image:height\" content=\"523\" \/>\n\t<meta property=\"og:image:type\" content=\"image\/jpeg\" \/>\n<meta name=\"author\" content=\"redazione\" \/>\n<meta name=\"twitter:card\" content=\"summary_large_image\" \/>\n<meta name=\"twitter:creator\" content=\"@bellunopress\" \/>\n<meta name=\"twitter:site\" content=\"@bellunopress\" \/>\n<meta name=\"twitter:label1\" content=\"Written by\" \/>\n\t<meta name=\"twitter:data1\" content=\"redazione\" \/>\n\t<meta name=\"twitter:label2\" content=\"Est. reading time\" \/>\n\t<meta name=\"twitter:data2\" content=\"3 minutes\" \/>\n<script type=\"application\/ld+json\" class=\"yoast-schema-graph\">{\"@context\":\"https:\\\/\\\/schema.org\",\"@graph\":[{\"@type\":\"Article\",\"@id\":\"https:\\\/\\\/www.bellunopress.it\\\/2026\\\/04\\\/10\\\/fondazione-teatri-delle-dolomiti-le-precisazioni-della-presidente-michela-marrone\\\/#article\",\"isPartOf\":{\"@id\":\"https:\\\/\\\/www.bellunopress.it\\\/2026\\\/04\\\/10\\\/fondazione-teatri-delle-dolomiti-le-precisazioni-della-presidente-michela-marrone\\\/\"},\"author\":{\"name\":\"redazione\",\"@id\":\"https:\\\/\\\/www.bellunopress.it\\\/#\\\/schema\\\/person\\\/79bb06722b37ece1c03d3e94beb30d73\"},\"headline\":\"Fondazione Teatri delle Dolomiti. Le precisazioni della presidente Michela Marrone\",\"datePublished\":\"2026-04-10T20:31:34+00:00\",\"dateModified\":\"2026-04-10T21:09:11+00:00\",\"mainEntityOfPage\":{\"@id\":\"https:\\\/\\\/www.bellunopress.it\\\/2026\\\/04\\\/10\\\/fondazione-teatri-delle-dolomiti-le-precisazioni-della-presidente-michela-marrone\\\/\"},\"wordCount\":647,\"publisher\":{\"@id\":\"https:\\\/\\\/www.bellunopress.it\\\/#organization\"},\"image\":{\"@id\":\"https:\\\/\\\/www.bellunopress.it\\\/2026\\\/04\\\/10\\\/fondazione-teatri-delle-dolomiti-le-precisazioni-della-presidente-michela-marrone\\\/#primaryimage\"},\"thumbnailUrl\":\"https:\\\/\\\/www.bellunopress.it\\\/wp-content\\\/uploads\\\/2023\\\/07\\\/MICHELA-MARRONE_edited.jpg\",\"articleSection\":[\"Featured\",\"Lettere Opinioni\"],\"inLanguage\":\"fr-FR\"},{\"@type\":\"WebPage\",\"@id\":\"https:\\\/\\\/www.bellunopress.it\\\/2026\\\/04\\\/10\\\/fondazione-teatri-delle-dolomiti-le-precisazioni-della-presidente-michela-marrone\\\/\",\"url\":\"https:\\\/\\\/www.bellunopress.it\\\/2026\\\/04\\\/10\\\/fondazione-teatri-delle-dolomiti-le-precisazioni-della-presidente-michela-marrone\\\/\",\"name\":\"Fondazione Teatri delle Dolomiti. Le precisazioni della presidente Michela Marrone - Bellunopress - Dolomiti\",\"isPartOf\":{\"@id\":\"https:\\\/\\\/www.bellunopress.it\\\/#website\"},\"primaryImageOfPage\":{\"@id\":\"https:\\\/\\\/www.bellunopress.it\\\/2026\\\/04\\\/10\\\/fondazione-teatri-delle-dolomiti-le-precisazioni-della-presidente-michela-marrone\\\/#primaryimage\"},\"image\":{\"@id\":\"https:\\\/\\\/www.bellunopress.it\\\/2026\\\/04\\\/10\\\/fondazione-teatri-delle-dolomiti-le-precisazioni-della-presidente-michela-marrone\\\/#primaryimage\"},\"thumbnailUrl\":\"https:\\\/\\\/www.bellunopress.it\\\/wp-content\\\/uploads\\\/2023\\\/07\\\/MICHELA-MARRONE_edited.jpg\",\"datePublished\":\"2026-04-10T20:31:34+00:00\",\"dateModified\":\"2026-04-10T21:09:11+00:00\",\"breadcrumb\":{\"@id\":\"https:\\\/\\\/www.bellunopress.it\\\/2026\\\/04\\\/10\\\/fondazione-teatri-delle-dolomiti-le-precisazioni-della-presidente-michela-marrone\\\/#breadcrumb\"},\"inLanguage\":\"fr-FR\",\"potentialAction\":[{\"@type\":\"ReadAction\",\"target\":[\"https:\\\/\\\/www.bellunopress.it\\\/2026\\\/04\\\/10\\\/fondazione-teatri-delle-dolomiti-le-precisazioni-della-presidente-michela-marrone\\\/\"]}]},{\"@type\":\"ImageObject\",\"inLanguage\":\"fr-FR\",\"@id\":\"https:\\\/\\\/www.bellunopress.it\\\/2026\\\/04\\\/10\\\/fondazione-teatri-delle-dolomiti-le-precisazioni-della-presidente-michela-marrone\\\/#primaryimage\",\"url\":\"https:\\\/\\\/www.bellunopress.it\\\/wp-content\\\/uploads\\\/2023\\\/07\\\/MICHELA-MARRONE_edited.jpg\",\"contentUrl\":\"https:\\\/\\\/www.bellunopress.it\\\/wp-content\\\/uploads\\\/2023\\\/07\\\/MICHELA-MARRONE_edited.jpg\",\"width\":458,\"height\":523,\"caption\":\"Michela Marrone, presidente Fondazione Teatri delle Dolomiti\"},{\"@type\":\"BreadcrumbList\",\"@id\":\"https:\\\/\\\/www.bellunopress.it\\\/2026\\\/04\\\/10\\\/fondazione-teatri-delle-dolomiti-le-precisazioni-della-presidente-michela-marrone\\\/#breadcrumb\",\"itemListElement\":[{\"@type\":\"ListItem\",\"position\":1,\"name\":\"Home\",\"item\":\"https:\\\/\\\/www.bellunopress.it\\\/\"},{\"@type\":\"ListItem\",\"position\":2,\"name\":\"Fondazione Teatri delle Dolomiti. Le precisazioni della presidente Michela Marrone\"}]},{\"@type\":\"WebSite\",\"@id\":\"https:\\\/\\\/www.bellunopress.it\\\/#website\",\"url\":\"https:\\\/\\\/www.bellunopress.it\\\/\",\"name\":\"Bellunopress - Dolomiti\",\"description\":\"e-mail: redazione@bellunopress.it\",\"publisher\":{\"@id\":\"https:\\\/\\\/www.bellunopress.it\\\/#organization\"},\"potentialAction\":[{\"@type\":\"SearchAction\",\"target\":{\"@type\":\"EntryPoint\",\"urlTemplate\":\"https:\\\/\\\/www.bellunopress.it\\\/?s={search_term_string}\"},\"query-input\":{\"@type\":\"PropertyValueSpecification\",\"valueRequired\":true,\"valueName\":\"search_term_string\"}}],\"inLanguage\":\"fr-FR\"},{\"@type\":\"Organization\",\"@id\":\"https:\\\/\\\/www.bellunopress.it\\\/#organization\",\"name\":\"Bellunopress\",\"url\":\"https:\\\/\\\/www.bellunopress.it\\\/\",\"logo\":{\"@type\":\"ImageObject\",\"inLanguage\":\"fr-FR\",\"@id\":\"https:\\\/\\\/www.bellunopress.it\\\/#\\\/schema\\\/logo\\\/image\\\/\",\"url\":\"https:\\\/\\\/www.bellunopress.it\\\/wp-content\\\/uploads\\\/2011\\\/05\\\/cropped-logo-bellunopress-.jpg\",\"contentUrl\":\"https:\\\/\\\/www.bellunopress.it\\\/wp-content\\\/uploads\\\/2011\\\/05\\\/cropped-logo-bellunopress-.jpg\",\"width\":512,\"height\":512,\"caption\":\"Bellunopress\"},\"image\":{\"@id\":\"https:\\\/\\\/www.bellunopress.it\\\/#\\\/schema\\\/logo\\\/image\\\/\"},\"sameAs\":[\"https:\\\/\\\/www.facebook.com\\\/profile.php?id=100008943462799\",\"https:\\\/\\\/x.com\\\/bellunopress\",\"https:\\\/\\\/www.linkedin.com\\\/hp\\\/?dnr=JBzUWaJfMUw8vbXJJ2tVW5-I3jZKvC4wsoxE&amp;amp;amp;amp;amp;amp;trk=nav_responsive_tab_home\",\"https:\\\/\\\/www.youtube.com\\\/channel\\\/UCxL0wu1uN0_3_7hGG0306cw\"]},{\"@type\":\"Person\",\"@id\":\"https:\\\/\\\/www.bellunopress.it\\\/#\\\/schema\\\/person\\\/79bb06722b37ece1c03d3e94beb30d73\",\"name\":\"redazione\",\"image\":{\"@type\":\"ImageObject\",\"inLanguage\":\"fr-FR\",\"@id\":\"https:\\\/\\\/secure.gravatar.com\\\/avatar\\\/37d968a2e67a6fd04c169c4bdef102d0bc5d31b2546345219e348575eb80e9a0?s=96&d=mm&r=g\",\"url\":\"https:\\\/\\\/secure.gravatar.com\\\/avatar\\\/37d968a2e67a6fd04c169c4bdef102d0bc5d31b2546345219e348575eb80e9a0?s=96&d=mm&r=g\",\"contentUrl\":\"https:\\\/\\\/secure.gravatar.com\\\/avatar\\\/37d968a2e67a6fd04c169c4bdef102d0bc5d31b2546345219e348575eb80e9a0?s=96&d=mm&r=g\",\"caption\":\"redazione\"},\"sameAs\":[\"http:\\\/\\\/www.bellunopress.it\",\"https:\\\/\\\/x.com\\\/bellunopress\"],\"url\":\"https:\\\/\\\/www.bellunopress.it\\\/fr\\\/author\\\/redazione\\\/\"}]}<\/script>\n<!-- \/ Yoast SEO plugin. -->","yoast_head_json":{"title":"Fondazione Teatri delle Dolomiti. Le precisazioni della presidente Michela Marrone - Bellunopress - Dolomiti","robots":{"index":"index","follow":"follow","max-snippet":"max-snippet:-1","max-image-preview":"max-image-preview:large","max-video-preview":"max-video-preview:-1"},"canonical":"https:\/\/www.bellunopress.it\/fr\/2026\/04\/10\/fondazione-teatri-delle-dolomiti-le-precisazioni-della-presidente-michela-marrone\/","og_locale":"fr_FR","og_type":"article","og_title":"Fondazione Teatri delle Dolomiti. Le precisazioni della presidente Michela Marrone - Bellunopress - Dolomiti","og_description":"Alcune recenti considerazioni apparse sulla stampa sulla Fondazione Teatri offrono l\u2019occasione per chiarire meglio il lavoro che viene svolto. Il punto da cui partire \u00e8 semplice: la Fondazione ha una funzione di coordinamento. Non nasce in contrapposizione n\u00e9 opera in competizione con le realt\u00e0 culturali del territorio, altamente qualificate, ma come struttura che le mette [&hellip;]","og_url":"https:\/\/www.bellunopress.it\/fr\/2026\/04\/10\/fondazione-teatri-delle-dolomiti-le-precisazioni-della-presidente-michela-marrone\/","og_site_name":"Bellunopress - Dolomiti","article_publisher":"https:\/\/www.facebook.com\/profile.php?id=100008943462799","article_published_time":"2026-04-10T20:31:34+00:00","article_modified_time":"2026-04-10T21:09:11+00:00","og_image":[{"width":458,"height":523,"url":"https:\/\/www.bellunopress.it\/wp-content\/uploads\/2023\/07\/MICHELA-MARRONE_edited.jpg","type":"image\/jpeg"}],"author":"redazione","twitter_card":"summary_large_image","twitter_creator":"@bellunopress","twitter_site":"@bellunopress","twitter_misc":{"Written by":"redazione","Est. reading time":"3 minutes"},"schema":{"@context":"https:\/\/schema.org","@graph":[{"@type":"Article","@id":"https:\/\/www.bellunopress.it\/2026\/04\/10\/fondazione-teatri-delle-dolomiti-le-precisazioni-della-presidente-michela-marrone\/#article","isPartOf":{"@id":"https:\/\/www.bellunopress.it\/2026\/04\/10\/fondazione-teatri-delle-dolomiti-le-precisazioni-della-presidente-michela-marrone\/"},"author":{"name":"redazione","@id":"https:\/\/www.bellunopress.it\/#\/schema\/person\/79bb06722b37ece1c03d3e94beb30d73"},"headline":"Fondazione Teatri delle Dolomiti. Le precisazioni della presidente Michela Marrone","datePublished":"2026-04-10T20:31:34+00:00","dateModified":"2026-04-10T21:09:11+00:00","mainEntityOfPage":{"@id":"https:\/\/www.bellunopress.it\/2026\/04\/10\/fondazione-teatri-delle-dolomiti-le-precisazioni-della-presidente-michela-marrone\/"},"wordCount":647,"publisher":{"@id":"https:\/\/www.bellunopress.it\/#organization"},"image":{"@id":"https:\/\/www.bellunopress.it\/2026\/04\/10\/fondazione-teatri-delle-dolomiti-le-precisazioni-della-presidente-michela-marrone\/#primaryimage"},"thumbnailUrl":"https:\/\/www.bellunopress.it\/wp-content\/uploads\/2023\/07\/MICHELA-MARRONE_edited.jpg","articleSection":["Featured","Lettere Opinioni"],"inLanguage":"fr-FR"},{"@type":"WebPage","@id":"https:\/\/www.bellunopress.it\/2026\/04\/10\/fondazione-teatri-delle-dolomiti-le-precisazioni-della-presidente-michela-marrone\/","url":"https:\/\/www.bellunopress.it\/2026\/04\/10\/fondazione-teatri-delle-dolomiti-le-precisazioni-della-presidente-michela-marrone\/","name":"Fondazione Teatri delle Dolomiti. Le precisazioni della presidente Michela Marrone - Bellunopress - Dolomiti","isPartOf":{"@id":"https:\/\/www.bellunopress.it\/#website"},"primaryImageOfPage":{"@id":"https:\/\/www.bellunopress.it\/2026\/04\/10\/fondazione-teatri-delle-dolomiti-le-precisazioni-della-presidente-michela-marrone\/#primaryimage"},"image":{"@id":"https:\/\/www.bellunopress.it\/2026\/04\/10\/fondazione-teatri-delle-dolomiti-le-precisazioni-della-presidente-michela-marrone\/#primaryimage"},"thumbnailUrl":"https:\/\/www.bellunopress.it\/wp-content\/uploads\/2023\/07\/MICHELA-MARRONE_edited.jpg","datePublished":"2026-04-10T20:31:34+00:00","dateModified":"2026-04-10T21:09:11+00:00","breadcrumb":{"@id":"https:\/\/www.bellunopress.it\/2026\/04\/10\/fondazione-teatri-delle-dolomiti-le-precisazioni-della-presidente-michela-marrone\/#breadcrumb"},"inLanguage":"fr-FR","potentialAction":[{"@type":"ReadAction","target":["https:\/\/www.bellunopress.it\/2026\/04\/10\/fondazione-teatri-delle-dolomiti-le-precisazioni-della-presidente-michela-marrone\/"]}]},{"@type":"ImageObject","inLanguage":"fr-FR","@id":"https:\/\/www.bellunopress.it\/2026\/04\/10\/fondazione-teatri-delle-dolomiti-le-precisazioni-della-presidente-michela-marrone\/#primaryimage","url":"https:\/\/www.bellunopress.it\/wp-content\/uploads\/2023\/07\/MICHELA-MARRONE_edited.jpg","contentUrl":"https:\/\/www.bellunopress.it\/wp-content\/uploads\/2023\/07\/MICHELA-MARRONE_edited.jpg","width":458,"height":523,"caption":"Michela Marrone, presidente Fondazione Teatri delle Dolomiti"},{"@type":"BreadcrumbList","@id":"https:\/\/www.bellunopress.it\/2026\/04\/10\/fondazione-teatri-delle-dolomiti-le-precisazioni-della-presidente-michela-marrone\/#breadcrumb","itemListElement":[{"@type":"ListItem","position":1,"name":"Home","item":"https:\/\/www.bellunopress.it\/"},{"@type":"ListItem","position":2,"name":"Fondazione Teatri delle Dolomiti. Le precisazioni della presidente Michela Marrone"}]},{"@type":"WebSite","@id":"https:\/\/www.bellunopress.it\/#website","url":"https:\/\/www.bellunopress.it\/","name":"Bellunopress - Dolomiti","description":"e-mail: redazione@bellunopress.it","publisher":{"@id":"https:\/\/www.bellunopress.it\/#organization"},"potentialAction":[{"@type":"SearchAction","target":{"@type":"EntryPoint","urlTemplate":"https:\/\/www.bellunopress.it\/?s={search_term_string}"},"query-input":{"@type":"PropertyValueSpecification","valueRequired":true,"valueName":"search_term_string"}}],"inLanguage":"fr-FR"},{"@type":"Organization","@id":"https:\/\/www.bellunopress.it\/#organization","name":"Bellunopress","url":"https:\/\/www.bellunopress.it\/","logo":{"@type":"ImageObject","inLanguage":"fr-FR","@id":"https:\/\/www.bellunopress.it\/#\/schema\/logo\/image\/","url":"https:\/\/www.bellunopress.it\/wp-content\/uploads\/2011\/05\/cropped-logo-bellunopress-.jpg","contentUrl":"https:\/\/www.bellunopress.it\/wp-content\/uploads\/2011\/05\/cropped-logo-bellunopress-.jpg","width":512,"height":512,"caption":"Bellunopress"},"image":{"@id":"https:\/\/www.bellunopress.it\/#\/schema\/logo\/image\/"},"sameAs":["https:\/\/www.facebook.com\/profile.php?id=100008943462799","https:\/\/x.com\/bellunopress","https:\/\/www.linkedin.com\/hp\/?dnr=JBzUWaJfMUw8vbXJJ2tVW5-I3jZKvC4wsoxE&amp;amp;amp;amp;amp;amp;trk=nav_responsive_tab_home","https:\/\/www.youtube.com\/channel\/UCxL0wu1uN0_3_7hGG0306cw"]},{"@type":"Person","@id":"https:\/\/www.bellunopress.it\/#\/schema\/person\/79bb06722b37ece1c03d3e94beb30d73","name":"r\u00e9daction","image":{"@type":"ImageObject","inLanguage":"fr-FR","@id":"https:\/\/secure.gravatar.com\/avatar\/37d968a2e67a6fd04c169c4bdef102d0bc5d31b2546345219e348575eb80e9a0?s=96&d=mm&r=g","url":"https:\/\/secure.gravatar.com\/avatar\/37d968a2e67a6fd04c169c4bdef102d0bc5d31b2546345219e348575eb80e9a0?s=96&d=mm&r=g","contentUrl":"https:\/\/secure.gravatar.com\/avatar\/37d968a2e67a6fd04c169c4bdef102d0bc5d31b2546345219e348575eb80e9a0?s=96&d=mm&r=g","caption":"redazione"},"sameAs":["http:\/\/www.bellunopress.it","https:\/\/x.com\/bellunopress"],"url":"https:\/\/www.bellunopress.it\/fr\/author\/redazione\/"}]}},"_links":{"self":[{"href":"https:\/\/www.bellunopress.it\/fr\/wp-json\/wp\/v2\/posts\/168978","targetHints":{"allow":["GET"]}}],"collection":[{"href":"https:\/\/www.bellunopress.it\/fr\/wp-json\/wp\/v2\/posts"}],"about":[{"href":"https:\/\/www.bellunopress.it\/fr\/wp-json\/wp\/v2\/types\/post"}],"author":[{"embeddable":true,"href":"https:\/\/www.bellunopress.it\/fr\/wp-json\/wp\/v2\/users\/2"}],"replies":[{"embeddable":true,"href":"https:\/\/www.bellunopress.it\/fr\/wp-json\/wp\/v2\/comments?post=168978"}],"version-history":[{"count":1,"href":"https:\/\/www.bellunopress.it\/fr\/wp-json\/wp\/v2\/posts\/168978\/revisions"}],"predecessor-version":[{"id":168979,"href":"https:\/\/www.bellunopress.it\/fr\/wp-json\/wp\/v2\/posts\/168978\/revisions\/168979"}],"wp:featuredmedia":[{"embeddable":true,"href":"https:\/\/www.bellunopress.it\/fr\/wp-json\/wp\/v2\/media\/143126"}],"wp:attachment":[{"href":"https:\/\/www.bellunopress.it\/fr\/wp-json\/wp\/v2\/media?parent=168978"}],"wp:term":[{"taxonomy":"category","embeddable":true,"href":"https:\/\/www.bellunopress.it\/fr\/wp-json\/wp\/v2\/categories?post=168978"},{"taxonomy":"post_tag","embeddable":true,"href":"https:\/\/www.bellunopress.it\/fr\/wp-json\/wp\/v2\/tags?post=168978"}],"curies":[{"name":"wp","href":"https:\/\/api.w.org\/{rel}","templated":true}]}}