{"id":168967,"date":"2026-04-10T13:10:59","date_gmt":"2026-04-10T11:10:59","guid":{"rendered":"https:\/\/www.bellunopress.it\/?p=168967"},"modified":"2026-04-10T13:10:59","modified_gmt":"2026-04-10T11:10:59","slug":"secondo-me-un-giovane-artista-espone-alle-torri-del-castello-di-feltre","status":"publish","type":"post","link":"https:\/\/www.bellunopress.it\/fr\/2026\/04\/10\/secondo-me-un-giovane-artista-espone-alle-torri-del-castello-di-feltre\/","title":{"rendered":"Secondo me: un giovane artista espone alle Torri del Castello di Feltre"},"content":{"rendered":"<p>Sar\u00e0 inaugurata sabato 11 aprile 2026 alle ore 17:30 alle Torri del Castello la mostra<br \/>\n\u201cSecondo me\u201d di Diego Bassani. Un percorso in 33 opere nato da impressioni, luoghi,<br \/>\nincontri e ricordi che cerca di raccontare un mondo personale attraverso forme e colori. Una<br \/>\nraccolta di immagini interiori che prendono forma in modo spontaneo, come frammenti di<br \/>\nci\u00f2 che l\u2019artista ha vissuto e continua a portare con s\u00e9. La mostra si propone anche come<br \/>\nun invito a ritrovare l\u2019emozione e la visione personale, in un\u2019epoca che ci vuole digitali,<br \/>\nveloci, efficienti, ma un po\u2019 meno umani.<\/p>\n<p>Nato a Feltre nel 1993, Diego Bassani ha dimostrato un\u2019inclinazione artistica fin da bambino<br \/>\nquando, affiancato dal padre, riproduceva con entusiasmo fumetti e cartoni animati. Dopo<br \/>\naver frequentato l\u2019Istituto di Grafica a Belluno, dove ha iniziato a digitalizzare le proprie idee e ad approfondire tecniche visive e comunicative, ha conseguito a Venezia la Laurea in Arti Visive e Nuove Tecnologie per le Arti. Ha costantemente coltivato la sua passione per il<br \/>\ndisegno e la pittura frequentando gli atelier dell\u2019Accademia di Belle Arti di Venezia,<br \/>\ncondividendo idee con numerosi artisti, frequentando la Collezione Peggy Guggenheim,<br \/>\nvisitando mostre d\u2019arte contemporanea, musei e istituzioni culturali in Italia e in Europa. Ha<br \/>\napprofondito in particolare l\u2019espressionismo astratto americano, corrente che ha segnato<br \/>\nprofondamente il suo immaginario artistico.<\/p>\n<p>La mostra sar\u00e0 visitabile il sabato, la domenica e nei giorni festivi fino a gioved\u00ec 11 giugno<br \/>\ncon orario 10:00 &#8211; 13:00 e 15:00 &#8211; 19:00.<\/p>\n<p>Durante la conferenza stampa di presentazione, svoltasi venerd\u00ec 10 aprile, l\u2019Assessore<br \/>\nalla Cultura e alle Politiche giovanili Flavia Colle ha sottolineato l\u2019importanza di ospitare<br \/>\nin un luogo cos\u00ec affascinante e significativo le opere di un giovane artista locale. \u201cCi<br \/>\nauguriamo che il suo percorso di vita cos\u00ec articolato tra esperienze artistiche, studi, attivit\u00e0<br \/>\nsportive e viaggi, possa essere di ispirazione per altre ragazze e ragazzi talentuosi e<br \/>\nappassionati. Crediamo molto nei nostri giovani e desideriamo dare loro spazio: questo \u00e8 il<br \/>\nmessaggio che portiamo avanti con il progetto \u201cNews &amp; Talk 2.0\u201d. Viaggiare, conoscere il<br \/>\nmondo, esplorare tante situazioni diverse per poi portare progetti e punti di vista nel proprio territorio di origine.\u201d<\/p>\n<p>La conservatrice dei Musei Civici Tiziana Casagrande ha sottolineato la significativit\u00e0 del<br \/>\npercorso artistico di Diego Bassani, che, lasciato il figurativo dopo gli studi a Venezia e, in<br \/>\nparticolare, l\u2019assidua frequentazione della Collezione Peggy Guggenheim, ha trovato la sua<br \/>\ndimensione grazie all\u2019incontro con artisti del calibro di Arshile Gorky, G\u00e9rard Schneider, Joan Mir\u00f3, Afro Basaldella, Jean Miotte, Gianni Palminteri. La gestualit\u00e0 della sua pennellata<br \/>\nderiva da una serie considerevole di esperienze, studi, incontri, riflessioni, approdando a<br \/>\nlavori intensi e apprezzabilmente riconoscibili.<\/p>\n<p>\u201cSecondo me\u201d rappresenta un appuntamento introduttivo rispetto a una successiva tappa<br \/>\ndel progetto \u201cNews &amp; Talk 2.0\u201d, prevista per ottobre, che sar\u00e0 centrata sulla valenza e sul<br \/>\nruolo che l&#8217;arte e la musica rivestono per tanti giovani, anche dal punto di vista professionale.<br \/>\nIl progetto \u201cNews &amp; Talk 2.0\u201d intende portare all\u2019attenzione dei giovani e della cittadinanza<br \/>\npi\u00f9 in generale sia questioni nodali a carattere territoriale, sia tematiche pi\u00f9 ampie,<br \/>\nindagando il locale senza tralasciare il globale, per elaborare pensieri e metterli in circolo.<br \/>\nRientra in \u201cCircuitazioni collettive\u201d, il Piano triennale di intervento in materia di Politiche<br \/>\ngiovanili dell&#8217;ATS VEN_02 \u2013 Feltre, di cui il comune di Feltre \u00e8 capofila e titolare.<br \/>\nGli altri comuni dell&#8217;ATS sono Arsi\u00e9, Borgo Valbelluna, Cesiomaggiore, Fonzaso, Lamon,<br \/>\nPedavena, San Gregorio nelle Alpi, Santa Giustina, Sedico, Seren del Grappa, Setteville,<br \/>\nSospirolo, Sovramonte.<br \/>\nIl Piano \u00e8 finanziato dalla Regione del Veneto attraverso il Piano Triennale di intervento in<br \/>\nmateria di Politiche giovanili \u201cPrendo Spazio\u201d (DGR 66\/2025, DDR 36\/2025).<\/p>","protected":false},"excerpt":{"rendered":"<p>Sar\u00e0 inaugurata sabato 11 aprile 2026 alle ore 17:30 alle Torri del Castello la mostra \u201cSecondo me\u201d di Diego Bassani. Un percorso in 33 opere nato da impressioni, luoghi, incontri e ricordi che cerca di raccontare un mondo personale attraverso forme e colori. Una raccolta di immagini interiori che prendono forma in modo spontaneo, come [&hellip;]<\/p>\n","protected":false},"author":2,"featured_media":154282,"comment_status":"closed","ping_status":"open","sticky":false,"template":"","format":"standard","meta":{"footnotes":""},"categories":[27,3,25],"tags":[],"class_list":["post-168967","post","type-post","status-publish","format-standard","has-post-thumbnail","category-appuntamenti","category-arte-cultura-spettacoli-scienza-archivi","category-pausa-caffe"],"yoast_head":"<!-- This site is optimized with the Yoast SEO plugin v28.4 - https:\/\/yoast.com\/product\/yoast-seo-wordpress\/ -->\n<title>Secondo me: un giovane artista espone alle Torri del Castello di Feltre - Bellunopress - Dolomiti<\/title>\n<meta name=\"robots\" content=\"index, follow, max-snippet:-1, max-image-preview:large, max-video-preview:-1\" \/>\n<link rel=\"canonical\" href=\"https:\/\/www.bellunopress.it\/fr\/2026\/04\/10\/secondo-me-un-giovane-artista-espone-alle-torri-del-castello-di-feltre\/\" \/>\n<meta property=\"og:locale\" content=\"fr_FR\" \/>\n<meta property=\"og:type\" content=\"article\" \/>\n<meta property=\"og:title\" content=\"Secondo me: un giovane artista espone alle Torri del Castello di Feltre - Bellunopress - Dolomiti\" \/>\n<meta property=\"og:description\" content=\"Sar\u00e0 inaugurata sabato 11 aprile 2026 alle ore 17:30 alle Torri del Castello la mostra \u201cSecondo me\u201d di Diego Bassani. Un percorso in 33 opere nato da impressioni, luoghi, incontri e ricordi che cerca di raccontare un mondo personale attraverso forme e colori. Una raccolta di immagini interiori che prendono forma in modo spontaneo, come [&hellip;]\" \/>\n<meta property=\"og:url\" content=\"https:\/\/www.bellunopress.it\/fr\/2026\/04\/10\/secondo-me-un-giovane-artista-espone-alle-torri-del-castello-di-feltre\/\" \/>\n<meta property=\"og:site_name\" content=\"Bellunopress - Dolomiti\" \/>\n<meta property=\"article:publisher\" content=\"https:\/\/www.facebook.com\/profile.php?id=100008943462799\" \/>\n<meta property=\"article:published_time\" content=\"2026-04-10T11:10:59+00:00\" \/>\n<meta property=\"og:image\" content=\"https:\/\/www.bellunopress.it\/wp-content\/uploads\/2024\/09\/Castello-di-Alboino-Feltre_edited.jpg\" \/>\n\t<meta property=\"og:image:width\" content=\"915\" \/>\n\t<meta property=\"og:image:height\" content=\"1000\" \/>\n\t<meta property=\"og:image:type\" content=\"image\/jpeg\" \/>\n<meta name=\"author\" content=\"redazione\" \/>\n<meta name=\"twitter:card\" content=\"summary_large_image\" \/>\n<meta name=\"twitter:creator\" content=\"@bellunopress\" \/>\n<meta name=\"twitter:site\" content=\"@bellunopress\" \/>\n<meta name=\"twitter:label1\" content=\"Written by\" \/>\n\t<meta name=\"twitter:data1\" content=\"redazione\" \/>\n\t<meta name=\"twitter:label2\" content=\"Est. reading time\" \/>\n\t<meta name=\"twitter:data2\" content=\"3 minutes\" \/>\n<script type=\"application\/ld+json\" class=\"yoast-schema-graph\">{\"@context\":\"https:\\\/\\\/schema.org\",\"@graph\":[{\"@type\":\"Article\",\"@id\":\"https:\\\/\\\/www.bellunopress.it\\\/2026\\\/04\\\/10\\\/secondo-me-un-giovane-artista-espone-alle-torri-del-castello-di-feltre\\\/#article\",\"isPartOf\":{\"@id\":\"https:\\\/\\\/www.bellunopress.it\\\/2026\\\/04\\\/10\\\/secondo-me-un-giovane-artista-espone-alle-torri-del-castello-di-feltre\\\/\"},\"author\":{\"name\":\"redazione\",\"@id\":\"https:\\\/\\\/www.bellunopress.it\\\/#\\\/schema\\\/person\\\/79bb06722b37ece1c03d3e94beb30d73\"},\"headline\":\"Secondo me: un giovane artista espone alle Torri del Castello di Feltre\",\"datePublished\":\"2026-04-10T11:10:59+00:00\",\"mainEntityOfPage\":{\"@id\":\"https:\\\/\\\/www.bellunopress.it\\\/2026\\\/04\\\/10\\\/secondo-me-un-giovane-artista-espone-alle-torri-del-castello-di-feltre\\\/\"},\"wordCount\":610,\"publisher\":{\"@id\":\"https:\\\/\\\/www.bellunopress.it\\\/#organization\"},\"image\":{\"@id\":\"https:\\\/\\\/www.bellunopress.it\\\/2026\\\/04\\\/10\\\/secondo-me-un-giovane-artista-espone-alle-torri-del-castello-di-feltre\\\/#primaryimage\"},\"thumbnailUrl\":\"https:\\\/\\\/www.bellunopress.it\\\/wp-content\\\/uploads\\\/2024\\\/09\\\/Castello-di-Alboino-Feltre_edited.jpg\",\"articleSection\":[\"Appuntamenti, Eventi\",\"Arte, Cultura, Spettacoli, Scienza\",\"Pausa Caff\u00e8\"],\"inLanguage\":\"fr-FR\"},{\"@type\":\"WebPage\",\"@id\":\"https:\\\/\\\/www.bellunopress.it\\\/2026\\\/04\\\/10\\\/secondo-me-un-giovane-artista-espone-alle-torri-del-castello-di-feltre\\\/\",\"url\":\"https:\\\/\\\/www.bellunopress.it\\\/2026\\\/04\\\/10\\\/secondo-me-un-giovane-artista-espone-alle-torri-del-castello-di-feltre\\\/\",\"name\":\"Secondo me: un giovane artista espone alle Torri del Castello di Feltre - Bellunopress - Dolomiti\",\"isPartOf\":{\"@id\":\"https:\\\/\\\/www.bellunopress.it\\\/#website\"},\"primaryImageOfPage\":{\"@id\":\"https:\\\/\\\/www.bellunopress.it\\\/2026\\\/04\\\/10\\\/secondo-me-un-giovane-artista-espone-alle-torri-del-castello-di-feltre\\\/#primaryimage\"},\"image\":{\"@id\":\"https:\\\/\\\/www.bellunopress.it\\\/2026\\\/04\\\/10\\\/secondo-me-un-giovane-artista-espone-alle-torri-del-castello-di-feltre\\\/#primaryimage\"},\"thumbnailUrl\":\"https:\\\/\\\/www.bellunopress.it\\\/wp-content\\\/uploads\\\/2024\\\/09\\\/Castello-di-Alboino-Feltre_edited.jpg\",\"datePublished\":\"2026-04-10T11:10:59+00:00\",\"breadcrumb\":{\"@id\":\"https:\\\/\\\/www.bellunopress.it\\\/2026\\\/04\\\/10\\\/secondo-me-un-giovane-artista-espone-alle-torri-del-castello-di-feltre\\\/#breadcrumb\"},\"inLanguage\":\"fr-FR\",\"potentialAction\":[{\"@type\":\"ReadAction\",\"target\":[\"https:\\\/\\\/www.bellunopress.it\\\/2026\\\/04\\\/10\\\/secondo-me-un-giovane-artista-espone-alle-torri-del-castello-di-feltre\\\/\"]}]},{\"@type\":\"ImageObject\",\"inLanguage\":\"fr-FR\",\"@id\":\"https:\\\/\\\/www.bellunopress.it\\\/2026\\\/04\\\/10\\\/secondo-me-un-giovane-artista-espone-alle-torri-del-castello-di-feltre\\\/#primaryimage\",\"url\":\"https:\\\/\\\/www.bellunopress.it\\\/wp-content\\\/uploads\\\/2024\\\/09\\\/Castello-di-Alboino-Feltre_edited.jpg\",\"contentUrl\":\"https:\\\/\\\/www.bellunopress.it\\\/wp-content\\\/uploads\\\/2024\\\/09\\\/Castello-di-Alboino-Feltre_edited.jpg\",\"width\":915,\"height\":1000,\"caption\":\"Il Castello di Alboino - Feltre (https:\\\/\\\/fondoambiente.it\\\/luoghi\\\/castello-di-alboino)\"},{\"@type\":\"BreadcrumbList\",\"@id\":\"https:\\\/\\\/www.bellunopress.it\\\/2026\\\/04\\\/10\\\/secondo-me-un-giovane-artista-espone-alle-torri-del-castello-di-feltre\\\/#breadcrumb\",\"itemListElement\":[{\"@type\":\"ListItem\",\"position\":1,\"name\":\"Home\",\"item\":\"https:\\\/\\\/www.bellunopress.it\\\/\"},{\"@type\":\"ListItem\",\"position\":2,\"name\":\"Secondo me: un giovane artista espone alle Torri del Castello di Feltre\"}]},{\"@type\":\"WebSite\",\"@id\":\"https:\\\/\\\/www.bellunopress.it\\\/#website\",\"url\":\"https:\\\/\\\/www.bellunopress.it\\\/\",\"name\":\"Bellunopress - Dolomiti\",\"description\":\"e-mail: redazione@bellunopress.it\",\"publisher\":{\"@id\":\"https:\\\/\\\/www.bellunopress.it\\\/#organization\"},\"potentialAction\":[{\"@type\":\"SearchAction\",\"target\":{\"@type\":\"EntryPoint\",\"urlTemplate\":\"https:\\\/\\\/www.bellunopress.it\\\/?s={search_term_string}\"},\"query-input\":{\"@type\":\"PropertyValueSpecification\",\"valueRequired\":true,\"valueName\":\"search_term_string\"}}],\"inLanguage\":\"fr-FR\"},{\"@type\":\"Organization\",\"@id\":\"https:\\\/\\\/www.bellunopress.it\\\/#organization\",\"name\":\"Bellunopress\",\"url\":\"https:\\\/\\\/www.bellunopress.it\\\/\",\"logo\":{\"@type\":\"ImageObject\",\"inLanguage\":\"fr-FR\",\"@id\":\"https:\\\/\\\/www.bellunopress.it\\\/#\\\/schema\\\/logo\\\/image\\\/\",\"url\":\"https:\\\/\\\/www.bellunopress.it\\\/wp-content\\\/uploads\\\/2011\\\/05\\\/cropped-logo-bellunopress-.jpg\",\"contentUrl\":\"https:\\\/\\\/www.bellunopress.it\\\/wp-content\\\/uploads\\\/2011\\\/05\\\/cropped-logo-bellunopress-.jpg\",\"width\":512,\"height\":512,\"caption\":\"Bellunopress\"},\"image\":{\"@id\":\"https:\\\/\\\/www.bellunopress.it\\\/#\\\/schema\\\/logo\\\/image\\\/\"},\"sameAs\":[\"https:\\\/\\\/www.facebook.com\\\/profile.php?id=100008943462799\",\"https:\\\/\\\/x.com\\\/bellunopress\",\"https:\\\/\\\/www.linkedin.com\\\/hp\\\/?dnr=JBzUWaJfMUw8vbXJJ2tVW5-I3jZKvC4wsoxE&amp;amp;amp;amp;amp;amp;trk=nav_responsive_tab_home\",\"https:\\\/\\\/www.youtube.com\\\/channel\\\/UCxL0wu1uN0_3_7hGG0306cw\"]},{\"@type\":\"Person\",\"@id\":\"https:\\\/\\\/www.bellunopress.it\\\/#\\\/schema\\\/person\\\/79bb06722b37ece1c03d3e94beb30d73\",\"name\":\"redazione\",\"image\":{\"@type\":\"ImageObject\",\"inLanguage\":\"fr-FR\",\"@id\":\"https:\\\/\\\/secure.gravatar.com\\\/avatar\\\/37d968a2e67a6fd04c169c4bdef102d0bc5d31b2546345219e348575eb80e9a0?s=96&d=mm&r=g\",\"url\":\"https:\\\/\\\/secure.gravatar.com\\\/avatar\\\/37d968a2e67a6fd04c169c4bdef102d0bc5d31b2546345219e348575eb80e9a0?s=96&d=mm&r=g\",\"contentUrl\":\"https:\\\/\\\/secure.gravatar.com\\\/avatar\\\/37d968a2e67a6fd04c169c4bdef102d0bc5d31b2546345219e348575eb80e9a0?s=96&d=mm&r=g\",\"caption\":\"redazione\"},\"sameAs\":[\"http:\\\/\\\/www.bellunopress.it\",\"https:\\\/\\\/x.com\\\/bellunopress\"],\"url\":\"https:\\\/\\\/www.bellunopress.it\\\/fr\\\/author\\\/redazione\\\/\"}]}<\/script>\n<!-- \/ Yoast SEO plugin. -->","yoast_head_json":{"title":"Secondo me: un giovane artista espone alle Torri del Castello di Feltre - Bellunopress - Dolomiti","robots":{"index":"index","follow":"follow","max-snippet":"max-snippet:-1","max-image-preview":"max-image-preview:large","max-video-preview":"max-video-preview:-1"},"canonical":"https:\/\/www.bellunopress.it\/fr\/2026\/04\/10\/secondo-me-un-giovane-artista-espone-alle-torri-del-castello-di-feltre\/","og_locale":"fr_FR","og_type":"article","og_title":"Secondo me: un giovane artista espone alle Torri del Castello di Feltre - Bellunopress - Dolomiti","og_description":"Sar\u00e0 inaugurata sabato 11 aprile 2026 alle ore 17:30 alle Torri del Castello la mostra \u201cSecondo me\u201d di Diego Bassani. Un percorso in 33 opere nato da impressioni, luoghi, incontri e ricordi che cerca di raccontare un mondo personale attraverso forme e colori. Una raccolta di immagini interiori che prendono forma in modo spontaneo, come [&hellip;]","og_url":"https:\/\/www.bellunopress.it\/fr\/2026\/04\/10\/secondo-me-un-giovane-artista-espone-alle-torri-del-castello-di-feltre\/","og_site_name":"Bellunopress - Dolomiti","article_publisher":"https:\/\/www.facebook.com\/profile.php?id=100008943462799","article_published_time":"2026-04-10T11:10:59+00:00","og_image":[{"width":915,"height":1000,"url":"https:\/\/www.bellunopress.it\/wp-content\/uploads\/2024\/09\/Castello-di-Alboino-Feltre_edited.jpg","type":"image\/jpeg"}],"author":"redazione","twitter_card":"summary_large_image","twitter_creator":"@bellunopress","twitter_site":"@bellunopress","twitter_misc":{"Written by":"redazione","Est. reading time":"3 minutes"},"schema":{"@context":"https:\/\/schema.org","@graph":[{"@type":"Article","@id":"https:\/\/www.bellunopress.it\/2026\/04\/10\/secondo-me-un-giovane-artista-espone-alle-torri-del-castello-di-feltre\/#article","isPartOf":{"@id":"https:\/\/www.bellunopress.it\/2026\/04\/10\/secondo-me-un-giovane-artista-espone-alle-torri-del-castello-di-feltre\/"},"author":{"name":"redazione","@id":"https:\/\/www.bellunopress.it\/#\/schema\/person\/79bb06722b37ece1c03d3e94beb30d73"},"headline":"Secondo me: un giovane artista espone alle Torri del Castello di Feltre","datePublished":"2026-04-10T11:10:59+00:00","mainEntityOfPage":{"@id":"https:\/\/www.bellunopress.it\/2026\/04\/10\/secondo-me-un-giovane-artista-espone-alle-torri-del-castello-di-feltre\/"},"wordCount":610,"publisher":{"@id":"https:\/\/www.bellunopress.it\/#organization"},"image":{"@id":"https:\/\/www.bellunopress.it\/2026\/04\/10\/secondo-me-un-giovane-artista-espone-alle-torri-del-castello-di-feltre\/#primaryimage"},"thumbnailUrl":"https:\/\/www.bellunopress.it\/wp-content\/uploads\/2024\/09\/Castello-di-Alboino-Feltre_edited.jpg","articleSection":["Appuntamenti, Eventi","Arte, Cultura, Spettacoli, Scienza","Pausa Caff\u00e8"],"inLanguage":"fr-FR"},{"@type":"WebPage","@id":"https:\/\/www.bellunopress.it\/2026\/04\/10\/secondo-me-un-giovane-artista-espone-alle-torri-del-castello-di-feltre\/","url":"https:\/\/www.bellunopress.it\/2026\/04\/10\/secondo-me-un-giovane-artista-espone-alle-torri-del-castello-di-feltre\/","name":"Secondo me: un giovane artista espone alle Torri del Castello di Feltre - Bellunopress - Dolomiti","isPartOf":{"@id":"https:\/\/www.bellunopress.it\/#website"},"primaryImageOfPage":{"@id":"https:\/\/www.bellunopress.it\/2026\/04\/10\/secondo-me-un-giovane-artista-espone-alle-torri-del-castello-di-feltre\/#primaryimage"},"image":{"@id":"https:\/\/www.bellunopress.it\/2026\/04\/10\/secondo-me-un-giovane-artista-espone-alle-torri-del-castello-di-feltre\/#primaryimage"},"thumbnailUrl":"https:\/\/www.bellunopress.it\/wp-content\/uploads\/2024\/09\/Castello-di-Alboino-Feltre_edited.jpg","datePublished":"2026-04-10T11:10:59+00:00","breadcrumb":{"@id":"https:\/\/www.bellunopress.it\/2026\/04\/10\/secondo-me-un-giovane-artista-espone-alle-torri-del-castello-di-feltre\/#breadcrumb"},"inLanguage":"fr-FR","potentialAction":[{"@type":"ReadAction","target":["https:\/\/www.bellunopress.it\/2026\/04\/10\/secondo-me-un-giovane-artista-espone-alle-torri-del-castello-di-feltre\/"]}]},{"@type":"ImageObject","inLanguage":"fr-FR","@id":"https:\/\/www.bellunopress.it\/2026\/04\/10\/secondo-me-un-giovane-artista-espone-alle-torri-del-castello-di-feltre\/#primaryimage","url":"https:\/\/www.bellunopress.it\/wp-content\/uploads\/2024\/09\/Castello-di-Alboino-Feltre_edited.jpg","contentUrl":"https:\/\/www.bellunopress.it\/wp-content\/uploads\/2024\/09\/Castello-di-Alboino-Feltre_edited.jpg","width":915,"height":1000,"caption":"Il Castello di Alboino - Feltre (https:\/\/fondoambiente.it\/luoghi\/castello-di-alboino)"},{"@type":"BreadcrumbList","@id":"https:\/\/www.bellunopress.it\/2026\/04\/10\/secondo-me-un-giovane-artista-espone-alle-torri-del-castello-di-feltre\/#breadcrumb","itemListElement":[{"@type":"ListItem","position":1,"name":"Home","item":"https:\/\/www.bellunopress.it\/"},{"@type":"ListItem","position":2,"name":"Secondo me: un giovane artista espone alle Torri del Castello di Feltre"}]},{"@type":"WebSite","@id":"https:\/\/www.bellunopress.it\/#website","url":"https:\/\/www.bellunopress.it\/","name":"Bellunopress - Dolomiti","description":"e-mail: redazione@bellunopress.it","publisher":{"@id":"https:\/\/www.bellunopress.it\/#organization"},"potentialAction":[{"@type":"SearchAction","target":{"@type":"EntryPoint","urlTemplate":"https:\/\/www.bellunopress.it\/?s={search_term_string}"},"query-input":{"@type":"PropertyValueSpecification","valueRequired":true,"valueName":"search_term_string"}}],"inLanguage":"fr-FR"},{"@type":"Organization","@id":"https:\/\/www.bellunopress.it\/#organization","name":"Bellunopress","url":"https:\/\/www.bellunopress.it\/","logo":{"@type":"ImageObject","inLanguage":"fr-FR","@id":"https:\/\/www.bellunopress.it\/#\/schema\/logo\/image\/","url":"https:\/\/www.bellunopress.it\/wp-content\/uploads\/2011\/05\/cropped-logo-bellunopress-.jpg","contentUrl":"https:\/\/www.bellunopress.it\/wp-content\/uploads\/2011\/05\/cropped-logo-bellunopress-.jpg","width":512,"height":512,"caption":"Bellunopress"},"image":{"@id":"https:\/\/www.bellunopress.it\/#\/schema\/logo\/image\/"},"sameAs":["https:\/\/www.facebook.com\/profile.php?id=100008943462799","https:\/\/x.com\/bellunopress","https:\/\/www.linkedin.com\/hp\/?dnr=JBzUWaJfMUw8vbXJJ2tVW5-I3jZKvC4wsoxE&amp;amp;amp;amp;amp;amp;trk=nav_responsive_tab_home","https:\/\/www.youtube.com\/channel\/UCxL0wu1uN0_3_7hGG0306cw"]},{"@type":"Person","@id":"https:\/\/www.bellunopress.it\/#\/schema\/person\/79bb06722b37ece1c03d3e94beb30d73","name":"r\u00e9daction","image":{"@type":"ImageObject","inLanguage":"fr-FR","@id":"https:\/\/secure.gravatar.com\/avatar\/37d968a2e67a6fd04c169c4bdef102d0bc5d31b2546345219e348575eb80e9a0?s=96&d=mm&r=g","url":"https:\/\/secure.gravatar.com\/avatar\/37d968a2e67a6fd04c169c4bdef102d0bc5d31b2546345219e348575eb80e9a0?s=96&d=mm&r=g","contentUrl":"https:\/\/secure.gravatar.com\/avatar\/37d968a2e67a6fd04c169c4bdef102d0bc5d31b2546345219e348575eb80e9a0?s=96&d=mm&r=g","caption":"redazione"},"sameAs":["http:\/\/www.bellunopress.it","https:\/\/x.com\/bellunopress"],"url":"https:\/\/www.bellunopress.it\/fr\/author\/redazione\/"}]}},"_links":{"self":[{"href":"https:\/\/www.bellunopress.it\/fr\/wp-json\/wp\/v2\/posts\/168967","targetHints":{"allow":["GET"]}}],"collection":[{"href":"https:\/\/www.bellunopress.it\/fr\/wp-json\/wp\/v2\/posts"}],"about":[{"href":"https:\/\/www.bellunopress.it\/fr\/wp-json\/wp\/v2\/types\/post"}],"author":[{"embeddable":true,"href":"https:\/\/www.bellunopress.it\/fr\/wp-json\/wp\/v2\/users\/2"}],"replies":[{"embeddable":true,"href":"https:\/\/www.bellunopress.it\/fr\/wp-json\/wp\/v2\/comments?post=168967"}],"version-history":[{"count":1,"href":"https:\/\/www.bellunopress.it\/fr\/wp-json\/wp\/v2\/posts\/168967\/revisions"}],"predecessor-version":[{"id":168968,"href":"https:\/\/www.bellunopress.it\/fr\/wp-json\/wp\/v2\/posts\/168967\/revisions\/168968"}],"wp:featuredmedia":[{"embeddable":true,"href":"https:\/\/www.bellunopress.it\/fr\/wp-json\/wp\/v2\/media\/154282"}],"wp:attachment":[{"href":"https:\/\/www.bellunopress.it\/fr\/wp-json\/wp\/v2\/media?parent=168967"}],"wp:term":[{"taxonomy":"category","embeddable":true,"href":"https:\/\/www.bellunopress.it\/fr\/wp-json\/wp\/v2\/categories?post=168967"},{"taxonomy":"post_tag","embeddable":true,"href":"https:\/\/www.bellunopress.it\/fr\/wp-json\/wp\/v2\/tags?post=168967"}],"curies":[{"name":"wp","href":"https:\/\/api.w.org\/{rel}","templated":true}]}}