{"id":168960,"date":"2026-04-12T15:00:01","date_gmt":"2026-04-12T13:00:01","guid":{"rendered":"https:\/\/www.bellunopress.it\/?p=168960"},"modified":"2026-04-10T12:46:14","modified_gmt":"2026-04-10T10:46:14","slug":"parole-suoni-e-natura-venerdi-a-fonzaso-il-libro-di-lara-garlet-labbraccio","status":"publish","type":"post","link":"https:\/\/www.bellunopress.it\/fr\/2026\/04\/12\/parole-suoni-e-natura-venerdi-a-fonzaso-il-libro-di-lara-garlet-labbraccio\/","title":{"rendered":"Parole, suoni e natura. Venerd\u00ec a Fonzaso il libro di Lara Garlet &#8220;L&#8217;Abbraccio&#8221;"},"content":{"rendered":"<p>Un\u2019occasione per avvicinare i pi\u00f9 piccoli alla lettura e alla natura, lasciandosi<br \/>\ntrasportare dalla magia di una storia capace di parlare al cuore dei pi\u00f9 piccoli.<\/p>\n<p>Un pomeriggio dedicato alla lettura, alla musica e alla meraviglia della natura.<br \/>\nVenerd\u00ec 17 aprile 2026 alle ore 17:30, presso la Sala del Municipio di Fonzaso si<br \/>\nterr\u00e0 la lettura animata del libro L\u2019Abbraccio di Lara Garlet, un incontro speciale<br \/>\nrivolto ai bambini dai 3 agli 11 anni e ai loro genitori, arricchito da un coinvolgente<br \/>\nlaboratorio musicale interattivo che stimoler\u00e0 ulteriormente l\u2019immaginazione e la<br \/>\ncreativit\u00e0 dei giovani partecipanti, trasformando la storia in un percorso fatto di<br \/>\nmusica, movimento e scoperta.<br \/>\nTra suoni che ricordano il vento tra gli alberi, il fruscio delle foglie e il ritmo stesso<br \/>\ndella natura, i bambini potranno cogliere l\u2019importanza che riveste il rispetto per<br \/>\nl\u2019ambiente e il mondo naturale.<br \/>\nLa partecipazione all\u2019evento \u00e8 gratuita, ma \u00e8 gradita la prenotazione inviando<br \/>\nun\u2019email al seguente indirizzo: biblioteca@comune.fonzaso.bl.it<\/p>\n<p><strong>L\u2019ABBRACCIO<\/strong><br \/>\nIl libro \u201cL\u2019Abbraccio\u201d narra una storia ambientata in un bosco ai piedi delle Dolomiti.<br \/>\nProtagonista un piccolo abete appena nato che, stagione dopo stagione, cresce<br \/>\ncircondato dai fiori, dagli animali e dalla bellezza della natura.<br \/>\nQuando per\u00f2 di accorge di non essere pi\u00f9 cos\u00ec piccolo, il giovane albero viene<br \/>\nassalito da una grande paura: quella di continuare a crescere e a cambiare.<br \/>\nNel vano tentativo di fermare il tempo, decide di restare cos\u00ec com\u2019\u00e8, ma il piacevole<br \/>\nincontro con una delle sue radici, quella pi\u00f9 curiosa e intraprendente, lo porter\u00e0 a<br \/>\nscoprire qualcosa di nuovo su s\u00e9 stesso e sul mondo che lo circonda.<br \/>\nL\u2019albero e i suoi amici si possono incontrare per davvero lungo il sentiero CAI che<br \/>\ndal bivacco Palia porta al Rifugio Casere Ere, poco distante dal Comune di San<br \/>\nGregorio nelle Alpi.<\/p>\n<p><strong>LARA GARLET<\/strong><br \/>\nDa sempre appassionata di natura, musica e attivit\u00e0 educative dedicate ai pi\u00f9<br \/>\npiccoli, Lara Garlet, docente di propedeutica musicale presso le scuole dell\u2019infanzia<br \/>\ne primarie della Provincia di Belluno, oltre che presso la Scuola Comunale di Musica<br \/>\nF. Sandi di Feltre, porta avanti da diversi anni un percorso creativo che unisce<br \/>\nracconto, esperienza sensoriale e scoperta dell\u2019ambiente.<br \/>\nLe sue molteplici iniziative intrecciano lettura e partecipazione attiva, con l\u2019obiettivo<br \/>\ndi avvicinare i bambini alla natura attraverso il gioco, l\u2019ascolto e la pura fantasia.<\/p>","protected":false},"excerpt":{"rendered":"<p>Un\u2019occasione per avvicinare i pi\u00f9 piccoli alla lettura e alla natura, lasciandosi trasportare dalla magia di una storia capace di parlare al cuore dei pi\u00f9 piccoli. Un pomeriggio dedicato alla lettura, alla musica e alla meraviglia della natura. Venerd\u00ec 17 aprile 2026 alle ore 17:30, presso la Sala del Municipio di Fonzaso si terr\u00e0 la [&hellip;]<\/p>\n","protected":false},"author":2,"featured_media":168961,"comment_status":"closed","ping_status":"open","sticky":false,"template":"","format":"standard","meta":{"footnotes":""},"categories":[27,3,25],"tags":[],"class_list":["post-168960","post","type-post","status-publish","format-standard","has-post-thumbnail","category-appuntamenti","category-arte-cultura-spettacoli-scienza-archivi","category-pausa-caffe"],"yoast_head":"<!-- This site is optimized with the Yoast SEO plugin v28.4 - https:\/\/yoast.com\/product\/yoast-seo-wordpress\/ -->\n<title>Parole, suoni e natura. Venerd\u00ec a Fonzaso il libro di Lara Garlet &quot;L&#039;Abbraccio&quot; - Bellunopress - Dolomiti<\/title>\n<meta name=\"robots\" content=\"index, follow, max-snippet:-1, max-image-preview:large, max-video-preview:-1\" \/>\n<link rel=\"canonical\" href=\"https:\/\/www.bellunopress.it\/fr\/2026\/04\/12\/parole-suoni-e-natura-venerdi-a-fonzaso-il-libro-di-lara-garlet-labbraccio\/\" \/>\n<meta property=\"og:locale\" content=\"fr_FR\" \/>\n<meta property=\"og:type\" content=\"article\" \/>\n<meta property=\"og:title\" content=\"Parole, suoni e natura. Venerd\u00ec a Fonzaso il libro di Lara Garlet &quot;L&#039;Abbraccio&quot; - Bellunopress - Dolomiti\" \/>\n<meta property=\"og:description\" content=\"Un\u2019occasione per avvicinare i pi\u00f9 piccoli alla lettura e alla natura, lasciandosi trasportare dalla magia di una storia capace di parlare al cuore dei pi\u00f9 piccoli. Un pomeriggio dedicato alla lettura, alla musica e alla meraviglia della natura. Venerd\u00ec 17 aprile 2026 alle ore 17:30, presso la Sala del Municipio di Fonzaso si terr\u00e0 la [&hellip;]\" \/>\n<meta property=\"og:url\" content=\"https:\/\/www.bellunopress.it\/fr\/2026\/04\/12\/parole-suoni-e-natura-venerdi-a-fonzaso-il-libro-di-lara-garlet-labbraccio\/\" \/>\n<meta property=\"og:site_name\" content=\"Bellunopress - Dolomiti\" \/>\n<meta property=\"article:publisher\" content=\"https:\/\/www.facebook.com\/profile.php?id=100008943462799\" \/>\n<meta property=\"article:published_time\" content=\"2026-04-12T13:00:01+00:00\" \/>\n<meta property=\"og:image\" content=\"https:\/\/www.bellunopress.it\/wp-content\/uploads\/2026\/04\/Lara-Garlet-LAbbraccio-Fonzaso.jpg\" \/>\n\t<meta property=\"og:image:width\" content=\"338\" \/>\n\t<meta property=\"og:image:height\" content=\"463\" \/>\n\t<meta property=\"og:image:type\" content=\"image\/jpeg\" \/>\n<meta name=\"author\" content=\"redazione\" \/>\n<meta name=\"twitter:card\" content=\"summary_large_image\" \/>\n<meta name=\"twitter:creator\" content=\"@bellunopress\" \/>\n<meta name=\"twitter:site\" content=\"@bellunopress\" \/>\n<meta name=\"twitter:label1\" content=\"\u00c9crit par\" \/>\n\t<meta name=\"twitter:data1\" content=\"redazione\" \/>\n\t<meta name=\"twitter:label2\" content=\"Dur\u00e9e de lecture estim\u00e9e\" \/>\n\t<meta name=\"twitter:data2\" content=\"2 minutes\" \/>\n<script type=\"application\/ld+json\" class=\"yoast-schema-graph\">{\"@context\":\"https:\\\/\\\/schema.org\",\"@graph\":[{\"@type\":\"Article\",\"@id\":\"https:\\\/\\\/www.bellunopress.it\\\/2026\\\/04\\\/12\\\/parole-suoni-e-natura-venerdi-a-fonzaso-il-libro-di-lara-garlet-labbraccio\\\/#article\",\"isPartOf\":{\"@id\":\"https:\\\/\\\/www.bellunopress.it\\\/2026\\\/04\\\/12\\\/parole-suoni-e-natura-venerdi-a-fonzaso-il-libro-di-lara-garlet-labbraccio\\\/\"},\"author\":{\"name\":\"redazione\",\"@id\":\"https:\\\/\\\/www.bellunopress.it\\\/#\\\/schema\\\/person\\\/79bb06722b37ece1c03d3e94beb30d73\"},\"headline\":\"Parole, suoni e natura. Venerd\u00ec a Fonzaso il libro di Lara Garlet &#8220;L&#8217;Abbraccio&#8221;\",\"datePublished\":\"2026-04-12T13:00:01+00:00\",\"mainEntityOfPage\":{\"@id\":\"https:\\\/\\\/www.bellunopress.it\\\/2026\\\/04\\\/12\\\/parole-suoni-e-natura-venerdi-a-fonzaso-il-libro-di-lara-garlet-labbraccio\\\/\"},\"wordCount\":403,\"publisher\":{\"@id\":\"https:\\\/\\\/www.bellunopress.it\\\/#organization\"},\"image\":{\"@id\":\"https:\\\/\\\/www.bellunopress.it\\\/2026\\\/04\\\/12\\\/parole-suoni-e-natura-venerdi-a-fonzaso-il-libro-di-lara-garlet-labbraccio\\\/#primaryimage\"},\"thumbnailUrl\":\"https:\\\/\\\/www.bellunopress.it\\\/wp-content\\\/uploads\\\/2026\\\/04\\\/Lara-Garlet-LAbbraccio-Fonzaso.jpg\",\"articleSection\":[\"Appuntamenti, Eventi\",\"Arte, Cultura, Spettacoli, Scienza\",\"Pausa Caff\u00e8\"],\"inLanguage\":\"fr-FR\"},{\"@type\":\"WebPage\",\"@id\":\"https:\\\/\\\/www.bellunopress.it\\\/2026\\\/04\\\/12\\\/parole-suoni-e-natura-venerdi-a-fonzaso-il-libro-di-lara-garlet-labbraccio\\\/\",\"url\":\"https:\\\/\\\/www.bellunopress.it\\\/2026\\\/04\\\/12\\\/parole-suoni-e-natura-venerdi-a-fonzaso-il-libro-di-lara-garlet-labbraccio\\\/\",\"name\":\"Parole, suoni e natura. Venerd\u00ec a Fonzaso il libro di Lara Garlet \\\"L'Abbraccio\\\" - Bellunopress - Dolomiti\",\"isPartOf\":{\"@id\":\"https:\\\/\\\/www.bellunopress.it\\\/#website\"},\"primaryImageOfPage\":{\"@id\":\"https:\\\/\\\/www.bellunopress.it\\\/2026\\\/04\\\/12\\\/parole-suoni-e-natura-venerdi-a-fonzaso-il-libro-di-lara-garlet-labbraccio\\\/#primaryimage\"},\"image\":{\"@id\":\"https:\\\/\\\/www.bellunopress.it\\\/2026\\\/04\\\/12\\\/parole-suoni-e-natura-venerdi-a-fonzaso-il-libro-di-lara-garlet-labbraccio\\\/#primaryimage\"},\"thumbnailUrl\":\"https:\\\/\\\/www.bellunopress.it\\\/wp-content\\\/uploads\\\/2026\\\/04\\\/Lara-Garlet-LAbbraccio-Fonzaso.jpg\",\"datePublished\":\"2026-04-12T13:00:01+00:00\",\"breadcrumb\":{\"@id\":\"https:\\\/\\\/www.bellunopress.it\\\/2026\\\/04\\\/12\\\/parole-suoni-e-natura-venerdi-a-fonzaso-il-libro-di-lara-garlet-labbraccio\\\/#breadcrumb\"},\"inLanguage\":\"fr-FR\",\"potentialAction\":[{\"@type\":\"ReadAction\",\"target\":[\"https:\\\/\\\/www.bellunopress.it\\\/2026\\\/04\\\/12\\\/parole-suoni-e-natura-venerdi-a-fonzaso-il-libro-di-lara-garlet-labbraccio\\\/\"]}]},{\"@type\":\"ImageObject\",\"inLanguage\":\"fr-FR\",\"@id\":\"https:\\\/\\\/www.bellunopress.it\\\/2026\\\/04\\\/12\\\/parole-suoni-e-natura-venerdi-a-fonzaso-il-libro-di-lara-garlet-labbraccio\\\/#primaryimage\",\"url\":\"https:\\\/\\\/www.bellunopress.it\\\/wp-content\\\/uploads\\\/2026\\\/04\\\/Lara-Garlet-LAbbraccio-Fonzaso.jpg\",\"contentUrl\":\"https:\\\/\\\/www.bellunopress.it\\\/wp-content\\\/uploads\\\/2026\\\/04\\\/Lara-Garlet-LAbbraccio-Fonzaso.jpg\",\"width\":338,\"height\":463},{\"@type\":\"BreadcrumbList\",\"@id\":\"https:\\\/\\\/www.bellunopress.it\\\/2026\\\/04\\\/12\\\/parole-suoni-e-natura-venerdi-a-fonzaso-il-libro-di-lara-garlet-labbraccio\\\/#breadcrumb\",\"itemListElement\":[{\"@type\":\"ListItem\",\"position\":1,\"name\":\"Home\",\"item\":\"https:\\\/\\\/www.bellunopress.it\\\/\"},{\"@type\":\"ListItem\",\"position\":2,\"name\":\"Parole, suoni e natura. Venerd\u00ec a Fonzaso il libro di Lara Garlet &#8220;L&#8217;Abbraccio&#8221;\"}]},{\"@type\":\"WebSite\",\"@id\":\"https:\\\/\\\/www.bellunopress.it\\\/#website\",\"url\":\"https:\\\/\\\/www.bellunopress.it\\\/\",\"name\":\"Bellunopress - Dolomiti\",\"description\":\"e-mail: redazione@bellunopress.it\",\"publisher\":{\"@id\":\"https:\\\/\\\/www.bellunopress.it\\\/#organization\"},\"potentialAction\":[{\"@type\":\"SearchAction\",\"target\":{\"@type\":\"EntryPoint\",\"urlTemplate\":\"https:\\\/\\\/www.bellunopress.it\\\/?s={search_term_string}\"},\"query-input\":{\"@type\":\"PropertyValueSpecification\",\"valueRequired\":true,\"valueName\":\"search_term_string\"}}],\"inLanguage\":\"fr-FR\"},{\"@type\":\"Organization\",\"@id\":\"https:\\\/\\\/www.bellunopress.it\\\/#organization\",\"name\":\"Bellunopress\",\"url\":\"https:\\\/\\\/www.bellunopress.it\\\/\",\"logo\":{\"@type\":\"ImageObject\",\"inLanguage\":\"fr-FR\",\"@id\":\"https:\\\/\\\/www.bellunopress.it\\\/#\\\/schema\\\/logo\\\/image\\\/\",\"url\":\"https:\\\/\\\/www.bellunopress.it\\\/wp-content\\\/uploads\\\/2011\\\/05\\\/cropped-logo-bellunopress-.jpg\",\"contentUrl\":\"https:\\\/\\\/www.bellunopress.it\\\/wp-content\\\/uploads\\\/2011\\\/05\\\/cropped-logo-bellunopress-.jpg\",\"width\":512,\"height\":512,\"caption\":\"Bellunopress\"},\"image\":{\"@id\":\"https:\\\/\\\/www.bellunopress.it\\\/#\\\/schema\\\/logo\\\/image\\\/\"},\"sameAs\":[\"https:\\\/\\\/www.facebook.com\\\/profile.php?id=100008943462799\",\"https:\\\/\\\/x.com\\\/bellunopress\",\"https:\\\/\\\/www.linkedin.com\\\/hp\\\/?dnr=JBzUWaJfMUw8vbXJJ2tVW5-I3jZKvC4wsoxE&amp;amp;amp;amp;amp;amp;trk=nav_responsive_tab_home\",\"https:\\\/\\\/www.youtube.com\\\/channel\\\/UCxL0wu1uN0_3_7hGG0306cw\"]},{\"@type\":\"Person\",\"@id\":\"https:\\\/\\\/www.bellunopress.it\\\/#\\\/schema\\\/person\\\/79bb06722b37ece1c03d3e94beb30d73\",\"name\":\"redazione\",\"image\":{\"@type\":\"ImageObject\",\"inLanguage\":\"fr-FR\",\"@id\":\"https:\\\/\\\/secure.gravatar.com\\\/avatar\\\/37d968a2e67a6fd04c169c4bdef102d0bc5d31b2546345219e348575eb80e9a0?s=96&d=mm&r=g\",\"url\":\"https:\\\/\\\/secure.gravatar.com\\\/avatar\\\/37d968a2e67a6fd04c169c4bdef102d0bc5d31b2546345219e348575eb80e9a0?s=96&d=mm&r=g\",\"contentUrl\":\"https:\\\/\\\/secure.gravatar.com\\\/avatar\\\/37d968a2e67a6fd04c169c4bdef102d0bc5d31b2546345219e348575eb80e9a0?s=96&d=mm&r=g\",\"caption\":\"redazione\"},\"sameAs\":[\"http:\\\/\\\/www.bellunopress.it\",\"https:\\\/\\\/x.com\\\/bellunopress\"],\"url\":\"https:\\\/\\\/www.bellunopress.it\\\/fr\\\/author\\\/redazione\\\/\"}]}<\/script>\n<!-- \/ Yoast SEO plugin. -->","yoast_head_json":{"title":"Parole, suoni e natura. Venerd\u00ec a Fonzaso il libro di Lara Garlet \"L'Abbraccio\" - Bellunopress - Dolomiti","robots":{"index":"index","follow":"follow","max-snippet":"max-snippet:-1","max-image-preview":"max-image-preview:large","max-video-preview":"max-video-preview:-1"},"canonical":"https:\/\/www.bellunopress.it\/fr\/2026\/04\/12\/parole-suoni-e-natura-venerdi-a-fonzaso-il-libro-di-lara-garlet-labbraccio\/","og_locale":"fr_FR","og_type":"article","og_title":"Parole, suoni e natura. Venerd\u00ec a Fonzaso il libro di Lara Garlet \"L'Abbraccio\" - Bellunopress - Dolomiti","og_description":"Un\u2019occasione per avvicinare i pi\u00f9 piccoli alla lettura e alla natura, lasciandosi trasportare dalla magia di una storia capace di parlare al cuore dei pi\u00f9 piccoli. Un pomeriggio dedicato alla lettura, alla musica e alla meraviglia della natura. Venerd\u00ec 17 aprile 2026 alle ore 17:30, presso la Sala del Municipio di Fonzaso si terr\u00e0 la [&hellip;]","og_url":"https:\/\/www.bellunopress.it\/fr\/2026\/04\/12\/parole-suoni-e-natura-venerdi-a-fonzaso-il-libro-di-lara-garlet-labbraccio\/","og_site_name":"Bellunopress - Dolomiti","article_publisher":"https:\/\/www.facebook.com\/profile.php?id=100008943462799","article_published_time":"2026-04-12T13:00:01+00:00","og_image":[{"width":338,"height":463,"url":"https:\/\/www.bellunopress.it\/wp-content\/uploads\/2026\/04\/Lara-Garlet-LAbbraccio-Fonzaso.jpg","type":"image\/jpeg"}],"author":"redazione","twitter_card":"summary_large_image","twitter_creator":"@bellunopress","twitter_site":"@bellunopress","twitter_misc":{"\u00c9crit par":"redazione","Dur\u00e9e de lecture estim\u00e9e":"2 minutes"},"schema":{"@context":"https:\/\/schema.org","@graph":[{"@type":"Article","@id":"https:\/\/www.bellunopress.it\/2026\/04\/12\/parole-suoni-e-natura-venerdi-a-fonzaso-il-libro-di-lara-garlet-labbraccio\/#article","isPartOf":{"@id":"https:\/\/www.bellunopress.it\/2026\/04\/12\/parole-suoni-e-natura-venerdi-a-fonzaso-il-libro-di-lara-garlet-labbraccio\/"},"author":{"name":"redazione","@id":"https:\/\/www.bellunopress.it\/#\/schema\/person\/79bb06722b37ece1c03d3e94beb30d73"},"headline":"Parole, suoni e natura. Venerd\u00ec a Fonzaso il libro di Lara Garlet &#8220;L&#8217;Abbraccio&#8221;","datePublished":"2026-04-12T13:00:01+00:00","mainEntityOfPage":{"@id":"https:\/\/www.bellunopress.it\/2026\/04\/12\/parole-suoni-e-natura-venerdi-a-fonzaso-il-libro-di-lara-garlet-labbraccio\/"},"wordCount":403,"publisher":{"@id":"https:\/\/www.bellunopress.it\/#organization"},"image":{"@id":"https:\/\/www.bellunopress.it\/2026\/04\/12\/parole-suoni-e-natura-venerdi-a-fonzaso-il-libro-di-lara-garlet-labbraccio\/#primaryimage"},"thumbnailUrl":"https:\/\/www.bellunopress.it\/wp-content\/uploads\/2026\/04\/Lara-Garlet-LAbbraccio-Fonzaso.jpg","articleSection":["Appuntamenti, Eventi","Arte, Cultura, Spettacoli, Scienza","Pausa Caff\u00e8"],"inLanguage":"fr-FR"},{"@type":"WebPage","@id":"https:\/\/www.bellunopress.it\/2026\/04\/12\/parole-suoni-e-natura-venerdi-a-fonzaso-il-libro-di-lara-garlet-labbraccio\/","url":"https:\/\/www.bellunopress.it\/2026\/04\/12\/parole-suoni-e-natura-venerdi-a-fonzaso-il-libro-di-lara-garlet-labbraccio\/","name":"Parole, suoni e natura. Venerd\u00ec a Fonzaso il libro di Lara Garlet \"L'Abbraccio\" - Bellunopress - Dolomiti","isPartOf":{"@id":"https:\/\/www.bellunopress.it\/#website"},"primaryImageOfPage":{"@id":"https:\/\/www.bellunopress.it\/2026\/04\/12\/parole-suoni-e-natura-venerdi-a-fonzaso-il-libro-di-lara-garlet-labbraccio\/#primaryimage"},"image":{"@id":"https:\/\/www.bellunopress.it\/2026\/04\/12\/parole-suoni-e-natura-venerdi-a-fonzaso-il-libro-di-lara-garlet-labbraccio\/#primaryimage"},"thumbnailUrl":"https:\/\/www.bellunopress.it\/wp-content\/uploads\/2026\/04\/Lara-Garlet-LAbbraccio-Fonzaso.jpg","datePublished":"2026-04-12T13:00:01+00:00","breadcrumb":{"@id":"https:\/\/www.bellunopress.it\/2026\/04\/12\/parole-suoni-e-natura-venerdi-a-fonzaso-il-libro-di-lara-garlet-labbraccio\/#breadcrumb"},"inLanguage":"fr-FR","potentialAction":[{"@type":"ReadAction","target":["https:\/\/www.bellunopress.it\/2026\/04\/12\/parole-suoni-e-natura-venerdi-a-fonzaso-il-libro-di-lara-garlet-labbraccio\/"]}]},{"@type":"ImageObject","inLanguage":"fr-FR","@id":"https:\/\/www.bellunopress.it\/2026\/04\/12\/parole-suoni-e-natura-venerdi-a-fonzaso-il-libro-di-lara-garlet-labbraccio\/#primaryimage","url":"https:\/\/www.bellunopress.it\/wp-content\/uploads\/2026\/04\/Lara-Garlet-LAbbraccio-Fonzaso.jpg","contentUrl":"https:\/\/www.bellunopress.it\/wp-content\/uploads\/2026\/04\/Lara-Garlet-LAbbraccio-Fonzaso.jpg","width":338,"height":463},{"@type":"BreadcrumbList","@id":"https:\/\/www.bellunopress.it\/2026\/04\/12\/parole-suoni-e-natura-venerdi-a-fonzaso-il-libro-di-lara-garlet-labbraccio\/#breadcrumb","itemListElement":[{"@type":"ListItem","position":1,"name":"Home","item":"https:\/\/www.bellunopress.it\/"},{"@type":"ListItem","position":2,"name":"Parole, suoni e natura. Venerd\u00ec a Fonzaso il libro di Lara Garlet &#8220;L&#8217;Abbraccio&#8221;"}]},{"@type":"WebSite","@id":"https:\/\/www.bellunopress.it\/#website","url":"https:\/\/www.bellunopress.it\/","name":"Bellunopress - Dolomiti","description":"e-mail: redazione@bellunopress.it","publisher":{"@id":"https:\/\/www.bellunopress.it\/#organization"},"potentialAction":[{"@type":"SearchAction","target":{"@type":"EntryPoint","urlTemplate":"https:\/\/www.bellunopress.it\/?s={search_term_string}"},"query-input":{"@type":"PropertyValueSpecification","valueRequired":true,"valueName":"search_term_string"}}],"inLanguage":"fr-FR"},{"@type":"Organization","@id":"https:\/\/www.bellunopress.it\/#organization","name":"Bellunopress","url":"https:\/\/www.bellunopress.it\/","logo":{"@type":"ImageObject","inLanguage":"fr-FR","@id":"https:\/\/www.bellunopress.it\/#\/schema\/logo\/image\/","url":"https:\/\/www.bellunopress.it\/wp-content\/uploads\/2011\/05\/cropped-logo-bellunopress-.jpg","contentUrl":"https:\/\/www.bellunopress.it\/wp-content\/uploads\/2011\/05\/cropped-logo-bellunopress-.jpg","width":512,"height":512,"caption":"Bellunopress"},"image":{"@id":"https:\/\/www.bellunopress.it\/#\/schema\/logo\/image\/"},"sameAs":["https:\/\/www.facebook.com\/profile.php?id=100008943462799","https:\/\/x.com\/bellunopress","https:\/\/www.linkedin.com\/hp\/?dnr=JBzUWaJfMUw8vbXJJ2tVW5-I3jZKvC4wsoxE&amp;amp;amp;amp;amp;amp;trk=nav_responsive_tab_home","https:\/\/www.youtube.com\/channel\/UCxL0wu1uN0_3_7hGG0306cw"]},{"@type":"Person","@id":"https:\/\/www.bellunopress.it\/#\/schema\/person\/79bb06722b37ece1c03d3e94beb30d73","name":"r\u00e9daction","image":{"@type":"ImageObject","inLanguage":"fr-FR","@id":"https:\/\/secure.gravatar.com\/avatar\/37d968a2e67a6fd04c169c4bdef102d0bc5d31b2546345219e348575eb80e9a0?s=96&d=mm&r=g","url":"https:\/\/secure.gravatar.com\/avatar\/37d968a2e67a6fd04c169c4bdef102d0bc5d31b2546345219e348575eb80e9a0?s=96&d=mm&r=g","contentUrl":"https:\/\/secure.gravatar.com\/avatar\/37d968a2e67a6fd04c169c4bdef102d0bc5d31b2546345219e348575eb80e9a0?s=96&d=mm&r=g","caption":"redazione"},"sameAs":["http:\/\/www.bellunopress.it","https:\/\/x.com\/bellunopress"],"url":"https:\/\/www.bellunopress.it\/fr\/author\/redazione\/"}]}},"_links":{"self":[{"href":"https:\/\/www.bellunopress.it\/fr\/wp-json\/wp\/v2\/posts\/168960","targetHints":{"allow":["GET"]}}],"collection":[{"href":"https:\/\/www.bellunopress.it\/fr\/wp-json\/wp\/v2\/posts"}],"about":[{"href":"https:\/\/www.bellunopress.it\/fr\/wp-json\/wp\/v2\/types\/post"}],"author":[{"embeddable":true,"href":"https:\/\/www.bellunopress.it\/fr\/wp-json\/wp\/v2\/users\/2"}],"replies":[{"embeddable":true,"href":"https:\/\/www.bellunopress.it\/fr\/wp-json\/wp\/v2\/comments?post=168960"}],"version-history":[{"count":1,"href":"https:\/\/www.bellunopress.it\/fr\/wp-json\/wp\/v2\/posts\/168960\/revisions"}],"predecessor-version":[{"id":168962,"href":"https:\/\/www.bellunopress.it\/fr\/wp-json\/wp\/v2\/posts\/168960\/revisions\/168962"}],"wp:featuredmedia":[{"embeddable":true,"href":"https:\/\/www.bellunopress.it\/fr\/wp-json\/wp\/v2\/media\/168961"}],"wp:attachment":[{"href":"https:\/\/www.bellunopress.it\/fr\/wp-json\/wp\/v2\/media?parent=168960"}],"wp:term":[{"taxonomy":"category","embeddable":true,"href":"https:\/\/www.bellunopress.it\/fr\/wp-json\/wp\/v2\/categories?post=168960"},{"taxonomy":"post_tag","embeddable":true,"href":"https:\/\/www.bellunopress.it\/fr\/wp-json\/wp\/v2\/tags?post=168960"}],"curies":[{"name":"wp","href":"https:\/\/api.w.org\/{rel}","templated":true}]}}