{"id":168956,"date":"2026-04-10T10:44:18","date_gmt":"2026-04-10T08:44:18","guid":{"rendered":"https:\/\/www.bellunopress.it\/?p=168956"},"modified":"2026-04-10T15:22:19","modified_gmt":"2026-04-10T13:22:19","slug":"belluno-festa-della-polizia-di-stato-la-consegna-dei-riconoscimenti","status":"publish","type":"post","link":"https:\/\/www.bellunopress.it\/fr\/2026\/04\/10\/belluno-festa-della-polizia-di-stato-la-consegna-dei-riconoscimenti\/","title":{"rendered":"Belluno. Festa della Polizia di Stato. La consegna dei riconoscimenti"},"content":{"rendered":"<p>Belluno, 10 aprile 2026 &#8211;\u00a0Oggi si celebra, il 174\u00b0 anniversario della fondazione della Polizia di Stato, il cui titolo celebrativo sar\u00e0 anche per quest\u2019anno \u201cESSERCI SEMPRE&#8221;. Il programma prevede che alle ore 10.00 il Questore di Belluno, unitamente al Prefetto e alle Autorit\u00e0 civili e militari della provincia disveler\u00e0 il monumento commemorativo ai caduti della Polizia di Stato posto all\u2019ingresso della sede principale della Questura di via Volontari della Libert\u00e0.<\/p>\n<p>A seguire alle ore 10.30 all\u2019interno del salone di rappresentanza della Prefettura, alla presenza delle massime autorit\u00e0 provinciali civili e militari, sar\u00e0 premiato il personale della Polizia che si \u00e8 distinto in operazioni di polizia giudiziaria e soccorso pubblico.<\/p>\n<p>Nell\u2019ambito delle iniziative collaterali all\u2019evento, in piazza Duomo per tutta la mattinata saranno presenti operatori in divisa, con veicoli e strumenti in dotazione per illustrare alla cittadinanza l\u2019attivit\u00e0 della Polizia di Stato in provincia.<\/p>\n<p><strong>\u00a0<\/strong><\/p>\n<p><img loading=\"lazy\" decoding=\"async\" class=\"aligncenter size-full wp-image-161663\" src=\"https:\/\/www.bellunopress.it\/wp-content\/uploads\/2025\/07\/Squadra-mobile-Polizia-di-Stato.jpg\" alt=\"\" width=\"681\" height=\"300\" srcset=\"https:\/\/www.bellunopress.it\/wp-content\/uploads\/2025\/07\/Squadra-mobile-Polizia-di-Stato.jpg 681w, https:\/\/www.bellunopress.it\/wp-content\/uploads\/2025\/07\/Squadra-mobile-Polizia-di-Stato-500x220.jpg 500w\" sizes=\"auto, (max-width: 681px) 100vw, 681px\" \/><\/p>\n<p><strong>La consegna dei riconoscimenti<\/strong><\/p>\n<p>&nbsp;<\/p>\n<p><strong>ENCOMIO <\/strong>al Sostituto Commissario BRANCALEONE Gianluca<\/p>\n<p><strong>LODE<\/strong> all\u2019Assistente Capo Coordinatore DAL PAOS Stefano<\/p>\n<table width=\"659\">\n<tbody>\n<tr>\n<td width=\"196\"><strong><u>MOTIVAZIONE:<\/u><\/strong><\/td>\n<td width=\"463\">\u201cEvidenziando spiccate qualit\u00e0 professionali, espletavano un\u2019attivit\u00e0 di Polizia Giudiziaria che si concludeva con l\u2019arresto in flagranza di due soggetti, responsabili in concorso, del reato di circonvenzione di incapace.<\/p>\n<p>Belluno, 8 giugno 2024\u201d<\/td>\n<\/tr>\n<\/tbody>\n<\/table>\n<p><strong>\u00a0<\/strong><\/p>\n<p><strong>\u00a0<\/strong><\/p>\n<p><strong>ENCOMIO <\/strong>all\u2019 Ispettore della Polizia di Stato ROSSA Stefano<\/p>\n<p><strong>LODE <\/strong>al Sovrintendente della Polizia di Stato SPECIA Massimo<\/p>\n<table width=\"659\">\n<tbody>\n<tr>\n<td width=\"196\"><strong><u>MOTIVAZIONE:<\/u><\/strong><\/td>\n<td width=\"463\">Evidenziando spiccate qualit\u00e0 professionali, espletavano un\u2019attivit\u00e0 di polizia giudiziaria che si concludeva con l\u2019individuazione ed il contestuale arresto in flagranza di reato di un cyber criminale per detenzione di un ingente quantitativo di materiale pedopornografico.<\/p>\n<p>Belluno, 8 maggio 2025.<\/td>\n<\/tr>\n<\/tbody>\n<\/table>\n<p><strong>\u00a0<\/strong><\/p>\n<p><strong>\u00a0<\/strong><\/p>\n<p><strong>ENCOMIO <\/strong>all\u2019Assistente Capo Coordinatore RONCHI Loris<\/p>\n<table width=\"659\">\n<tbody>\n<tr>\n<td width=\"196\"><strong><u>MOTIVAZIONE:<\/u><\/strong><\/td>\n<td width=\"463\">\u201dEvidenziando spiccate capacit\u00e0 professionali, espletava un intervento di soccorso pubblico in favore di un uomo disperso in una zona montuosa priva di copertura telefonica ed impossibilitato a muoversi a causa della scarsa visibilit\u00e0 dovuta ad una bufera di neve.\u201d<\/p>\n<p>Falcade (BL), 23 febbraio 2024\u201d.<\/td>\n<\/tr>\n<\/tbody>\n<\/table>\n<p><strong>\u00a0<\/strong><\/p>\n<p><strong>LODE <\/strong>all\u2019Ispettore CEOLIN Marco<strong>, <\/strong>all\u2019Agente Scelto STOLFO Bruna<\/p>\n<table width=\"659\">\n<tbody>\n<tr>\n<td width=\"196\"><strong><u>MOTIVAZIONE:<\/u><\/strong><\/td>\n<td width=\"463\">\u201dEvidenziando capacit\u00e0 professionali, espletavano un\u2019attivit\u00e0 di polizia giudiziaria che ha consentito di individuare e deferire all\u2019Autorit\u00e0 giudiziaria un uomo, resosi responsabile di reati contro la persona.\u201d<\/p>\n<p>Belluno, 8 marzo 2024\u201d.<\/td>\n<\/tr>\n<\/tbody>\n<\/table>\n<p><strong>\u00a0<\/strong><\/p>\n<p><strong>\u00a0<\/strong><\/p>\n<p><strong>LODE <\/strong>all\u2019Ispettore DE COL Andrea Doriano, al Vice sovrintendente MARCON Stiw, all\u2019Assistente Capo Coordinatore MAFFETTONE Ivan<\/p>\n<table width=\"659\">\n<tbody>\n<tr>\n<td width=\"196\"><strong><u>MOTIVAZIONE:<\/u><\/strong><\/td>\n<td width=\"463\">\u201cEvidenziando capacit\u00e0 professionali, espletavano un\u2019attivit\u00e0 di polizia giudiziaria che si concludeva con tre provvedimenti restrittivi ed uno amministrativo, per detenzione ai fini di spaccio di sostanza stupefacenti.<\/p>\n<p>Belluno, 28 novembre 2024\u201d.<\/td>\n<\/tr>\n<\/tbody>\n<\/table>\n<p><strong>\u00a0<\/strong><\/p>\n<p><strong>\u00a0<\/strong><\/p>\n<p><strong>LODE <\/strong>al Sovrintendente CELATO Stefano, al Vice Sovrintendente D\u2019INCA\u2019 Sandro<\/p>\n<table width=\"659\">\n<tbody>\n<tr>\n<td width=\"196\"><strong><u>MOTIVAZIONE:<\/u><\/strong><\/td>\n<td width=\"463\">\u201cEvidenziando capacit\u00e0 professionali, espletavano un\u2019attivit\u00e0 di polizia giudiziaria, che si concludeva con l\u2019arresto in flagranza di reato di due soggetti pregiudicati, resisi responsabili di truffa aggravata in danno di persone anziane.<\/p>\n<p>Belluno 7 novembre 2024.\u201d<\/td>\n<\/tr>\n<\/tbody>\n<\/table>\n<p><strong>\u00a0<\/strong><\/p>\n<p><strong>\u00a0<\/strong><\/p>\n<p><strong>LODE <\/strong>al Vice Ispettore BOF Pierluigi, all\u2019Assistente Capo Coordinatore DE BONI Mirco<\/p>\n<table width=\"659\">\n<tbody>\n<tr>\n<td width=\"196\"><strong><u>MOTIVAZIONE:<\/u><\/strong><\/td>\n<td width=\"463\">\u201dEvidenziando capacit\u00e0 professionali, espletavano un\u2019attivit\u00e0 di polizia giudiziaria, che si concludeva con l\u2019arresto in flagranza di reato di due soggetti pregiudicati, resisi responsabili di truffa aggravata in danno di persone anziane.<\/p>\n<p>Pordenone 7 dicembre 2024.\u201d<\/td>\n<\/tr>\n<\/tbody>\n<\/table>\n<p><strong>\u00a0<\/strong><\/p>\n<p><strong>\u00a0<\/strong><\/p>\n<p><strong>LODE <\/strong>all\u2019Assistente Capo Coordinatore DE VETTOR Gimmi e all\u2019Agente MANICA Luigi<\/p>\n<table width=\"659\">\n<tbody>\n<tr>\n<td width=\"196\"><strong><u>MOTIVAZIONE:<\/u><\/strong><\/td>\n<td width=\"463\">\u201cEvidenziando capacit\u00e0 professionali, espletavano un\u2019attivit\u00e0 di polizia giudiziaria che si concludeva con l\u2019arresto di un soggetto, responsabile dei reati di resistenza a pubblico ufficiale, lesioni aggravate dall\u2019uso di arma e danneggiamento.<\/p>\n<p>Belluno, 26 luglio 2022.\u201d<\/td>\n<\/tr>\n<\/tbody>\n<\/table>\n<p><strong>\u00a0<\/strong><\/p>\n<p><strong>\u00a0<\/strong><\/p>\n<p><strong>LODE <\/strong>all\u2019Agente Scelto PERRETTA Marco e all\u2019Agente SCATOZZA Nicola<\/p>\n<table width=\"659\">\n<tbody>\n<tr>\n<td width=\"196\"><strong><u>MOTIVAZIONE:<\/u><\/strong><\/td>\n<td width=\"463\">\u201cEvidenziando capacit\u00e0 professionali, portavano a termine un intervento di soccorso pubblico a favore di un giovane con intenti suicidi, bloccandolo mentre tentava di lanciarsi da un ponte cittadino. Belluno, 16 giugno 2023\u201d<\/td>\n<\/tr>\n<\/tbody>\n<\/table>\n<p><strong>\u00a0<\/strong><\/p>\n<p><strong>\u00a0<\/strong><\/p>\n<p><strong>LODE<\/strong> al Sovrintendente Capo della Polizia di Stato BENINCA\u2019 Brunella<\/p>\n<table width=\"659\">\n<tbody>\n<tr>\n<td width=\"196\"><strong><u>MOTIVAZIONE:<\/u><\/strong><\/td>\n<td width=\"463\">\u201cEvidenziando capacit\u00e0 professionali, espletava un\u2019attivit\u00e0 di polizia giudiziaria che consentiva di denunciare quindici giovani, alcuni dei quali minorenni, resisi responsabili di rapina e violenza sessuale di gruppo.<\/p>\n<p>Belluno, 29 marzo 2019\u201d<\/td>\n<\/tr>\n<\/tbody>\n<\/table>\n<p><strong>\u00a0<\/strong><\/p>\n<p><strong>\u00a0<\/strong><\/p>\n<p><strong>ATTIVITA\u2019 DELLA POLIZIA DI STATO NELLA PROVINCIA DI BELLUNO <\/strong><\/p>\n<p>&nbsp;<\/p>\n<p><strong><u>SQUADRA MOBILE<\/u><\/strong><\/p>\n<p>Nel corso di attivit\u00e0 d\u2019indagine finalizzata al contrasto di sostanze stupefacenti, si veniva a conoscenza che un uomo aveva avviato in questa provincia una importante attivit\u00e0 di spaccio di cocaina. Il 21 maggio 2025 la Squadra Mobile ha arrestato in flagranza di reato ex art. 73 DPR 309\/90 un cittadino bellunese classe 2002, positivo al terminale SDI per reati contro gli stupefacenti, trovato in possesso di 1 kg di cocaina, una pistola replica di una Beretta 92 FS semiautomatica con cartucce e oltre 2000 euro in banconote.<\/p>\n<p>&nbsp;<\/p>\n<p>Il 9 gennaio 2026 la squadra mobile ha arrestato in flagranza di reato un uomo per atti persecutori (c.d. stalking), commessi ai danni dell&#8217;ex compagna.<\/p>\n<p>Le condotte hanno avuto inizio nel mese di settembre, a seguito della chiusura del rapporto da parte della donna, una cittadina di nazionalit\u00e0 georgiana classe 77&#8242;.<\/p>\n<p>Non rassegnatosi alla fine del rapporto sentimentale l&#8217;uomo, un cittadino bellunese classe 72&#8242;, nel corso dei mesi ha iniziato progressivamente a tempestare la donna di chiamate, e a contattarla tramite social network, tentativi di riavvicinamento che non hanno avuto seguito. In contemporanea gli appostamenti sotto l&#8217;abitazione presso cui la donna lavora come assistente anziani e vive, avevano ormai assunto cadenza giornaliera, provocandole un forte stato di turbamento al punto da modificare le proprie abitudini di vita, cambiando numero di telefono e non uscendo di casa da sola per paura di incontrarlo.<\/p>\n<p>Le numerose dichiarazioni della vittima e delle persone\u00a0 a lei\u00a0vicine\u00a0hanno consentito agli agenti della Squadra Mobile di ricostruire nei mesi la particolare indole dell&#8217;indagato, il quale a suo carico ha gi\u00e0 diversi precedenti penali per reati contro la persona e una condanna per stalking ai danni di un&#8217;altra vittima, oltrech\u00e9 le condotte persecutorie dello stesso, culminate la mattina di venerd\u00ec , quando la donna impaurita ha chiamato gli investigatori perch\u00e9 l&#8217;aveva visto di nuovo appostato sotto casa sua e urlare il suo nome. Gli agenti della Squadra Mobile e delle Volanti si sono immediatamente recati presso l&#8217;abitazione, dove hanno trovato e fermato l&#8217;uomo.<\/p>\n<p>Tratto in arresto in flagranza di reato, l&#8217;uomo \u00e8 stato sottoposto agli arresti domiciliari in attesa dell&#8217;udienza di convalida, a seguito della quale l&#8217;Autorit\u00e0 Giudiziaria ha disposto la misura cautelare del divieto di avvicinamento con contestuale applicazione del braccialetto elettronico.<\/p>\n<p>&nbsp;<\/p>\n<p>Il 2 febbraio 2026 la Squadra Mobile di Belluno ha arrestato due soggetti responsabili del delitto di truffa aggravata, ai danni di una signora residente a Belluno di 81 anni.<\/p>\n<p>La truffa \u00e8 stata perpetrata con il canonico metodo: un uomo ha contattato la vittima e dichiarato di essere un appartenente alle forze di polizia e riferiva che la targa del marito dell\u2019anziana era stata clonata e utilizzata per una rapina ad una gioielleria. Era necessario pertanto che il marito si presentasse presso l\u2019ufficio di polizia, perfetto espediente per isolare l\u2019anziana vittima, mentre personale in borghese avrebbe perquisito la casa per verificare se i gioielli presenti fossero gli stessi di quelli della rapina perpetrata. Cos\u00ec, effettivamente, dopo una lunga telefonata, si presentava uno sconosciuto a casa dell\u2019anziana che si faceva consegnare monili facendo subito dopo perdere le proprie tracce.<\/p>\n<p>L\u2019attivit\u00e0 investigativa condotta dagli agenti della Squadra Mobile ha consentito di individuare l\u2019autovettura e di fermare i due soggetti, i quali sono stati arrestati, oltrech\u00e9 di restituire l\u2019intera refurtiva.<\/p>\n<p>A seguito dell\u2019arresto i due uomini, su disposizione del Pubblico Ministero, sono stati tradotti presso la casa circondariale di Baldenich in attesa dell\u2019udienza di convalida, a seguito della quale \u00e8 stata disposta la misura cautelare degli arresti domiciliari.<\/p>\n<p>Inoltre nei loro confronti il Questore di Belluno ha disposto la misura di prevenzione del foglio di via obbligatorio della durata di 4 e 3 anni.<\/p>\n<p>&nbsp;<\/p>\n<p>Nel febbraio 2026 si \u00e8 concluso un procedimento penale che ha ad oggetto la tentata violenza sessuale ai danni di un minore, da parte di un cittadino bellunese, classe \u201873, incensurato.<\/p>\n<p>I tentativi di avere rapporti sessuali con un minorenne hanno avuto inizio a febbraio 2025 e sono durati per circa un mese, fino a quando non \u00e8 scattata la denuncia presso la Questura di Belluno. Le indagini condotte dalla II sez. della Squadra Mobile e coordinate dalla Procura di Belluno hanno consentito di ricostruire la dinamica dei fatti: i tentativi di approccio sono avvenuti online, mediante l&#8217;applicazione Telegram e il contenuto dei messaggi era di natura prettamente sessuale. A seguito della perquisizione domiciliare gli agenti hanno trovato numerosi giocattoli erotici oltrech\u00e9 apparecchiature multimediali, che venivano sequestrate. L&#8217;analisi forense ha consentito di acquisire numerose foto dal contenuto erotico inviate al minore. L&#8217;uomo ha patteggiato la pena che \u00e8 stata sospesa subordinatamente alla partecipazione di un percorso di recupero.<\/p>\n<p>&nbsp;<\/p>\n<figure id=\"attachment_115310\" aria-describedby=\"caption-attachment-115310\" style=\"width: 800px\" class=\"wp-caption aligncenter\"><img loading=\"lazy\" decoding=\"async\" class=\"size-full wp-image-115310\" src=\"https:\/\/www.bellunopress.it\/wp-content\/uploads\/2020\/06\/questura_edited.jpg\" alt=\"\" width=\"800\" height=\"529\" srcset=\"https:\/\/www.bellunopress.it\/wp-content\/uploads\/2020\/06\/questura_edited.jpg 800w, https:\/\/www.bellunopress.it\/wp-content\/uploads\/2020\/06\/questura_edited-500x331.jpg 500w, https:\/\/www.bellunopress.it\/wp-content\/uploads\/2020\/06\/questura_edited-696x460.jpg 696w, https:\/\/www.bellunopress.it\/wp-content\/uploads\/2020\/06\/questura_edited-635x420.jpg 635w\" sizes=\"auto, (max-width: 800px) 100vw, 800px\" \/><figcaption id=\"caption-attachment-115310\" class=\"wp-caption-text\">Questura di Belluno<\/figcaption><\/figure>\n<p><strong><u>U.P.G.S.P. Ufficio Prevenzione Generale e Soccorso Pubblico<\/u><\/strong><\/p>\n<p>Il 13 febbraio 2025 la Squadra Volante della Questura di Belluno ha tratto in arresto una donna con l\u2019accusa di tentato omicidio. La stessa infatti dapprima aveva tentato di soffocare il proprio vicino di casa per poi colpirlo ripetutamente con delle forbici. La donna \u00e8 stata sottoposta alla misura cautelare della custodia in carcere.<\/p>\n<p>Il 14 febbraio 2025 la Squadra Volante della Questura di Belluno ha tratto in arresto una donna di 53 anni per stalking nei confronti dell\u2019ex compagno. La stessa, nonostante gi\u00e0 ammonita dal Questore di Belluno, si \u00e8 recata sul posto di lavoro dell\u2019uomo per insultarlo e minacciarlo. Gli agenti della Volante, notando la donna dirigersi sul luogo di lavoro dell\u2019ex, intuendo la possibilit\u00e0 di atteggiamenti molesti, hanno deciso di seguirla. Come previsto, la donna, vedendo l\u2019uomo, ha iniziato a minacciarlo e ha tentato di mettergli le mani addosso, condotta interrotta dall\u2019intervento tempestivo della Volante. La donna \u00e8 stata poi sottoposta alla misura cautelare del divieto di avvicinamento con applicazione del braccialetto elettronico.<\/p>\n<p>Il 3 aprile 2025 la Squadra Volante della Questura di Belluno ha proceduto alla identificazione di alcuni soggetti, uno dei quali, neo maggiorenne, \u00e8 apparso visibilmente agitato. Questo comportamento ha insospettito gli operatori che hanno deciso di approfondire il controllo. All\u2019esito della perquisizione, il giovane \u00e8 stato trovato in possesso di 11 grammi di hashish. Estendendo la perquisizione anche alla abitazione del giovane, sono stati rinvenuti altri 48,55 grammi di hashish e banconote di vario taglio, oltre che bilancini di precisione. Il tutto \u00e8 stato sottoposto a sequestro e il giovane \u00e8 stato denunciato all\u2019autorit\u00e0 giudiziaria per detenzione di sostanza stupefacente ai fini di spaccio.<\/p>\n<p>A met\u00e0 aprile la Squadra Mobile e la Squadra Volante della Questura di Belluno hanno indagato un cittadino di nazionalit\u00e0 cubana, classe 1994, ritenuto responsabile di un furto perpetrato all\u2019ASD Rugby Belluno nel mese di marzo. In quella occasione aveva sottratto un televisore, dei coltelli da cucina e una felpa dalla societ\u00e0 in vendita. L\u2019individuazione del soggetto, ben noto agli agenti per aver commesso numerosi reati contro il patrimonio, \u00e8 avvenuta grazie alla collaborazione dei due uffici che hanno effettuato una comparazione con le immagini delle telecamere di videosorveglianza che hanno consentito l\u2019individuazione del soggetto. A seguito di perquisizione domiciliare \u00e8 stato trovato un arnese da scasso e parte della refurtiva, successivamente restituita ai proprietari. L\u2019uomo \u00e8 stato indagato per furto aggravato.<\/p>\n<p>Il 25 aprile 2025 la Squadra volante, tra i molti soggetti controllati, ha fermato un ragazzo di 25 anni, cittadino italiano di origini brasiliane, risultante destinatario di una ordinanza di aggravamenti di misura cautelare e sottoposizione alla custodia cautelare in carcere per il reato di rapina commesso a Milano. Gli operatori hanno provveduto a darvi esecuzione conducendolo presso la locale casa circondariale di Belluno. La perquisizione, contestualmente effettuata, ha permesso di rinvenire alcune carte di pagamento risultate essere provento di furto.<\/p>\n<p>L\u2019Ufficio prevenzione Generale e Soccorso pubblico \u00e8 intervenuto assieme a personale dei Vigili del Fuoco su un appartamento in fiamme. L\u2019incendio era stato cagionato da alcuni mozziconi di sigaretta lasciati accesi da un uomo ivi residenti. Sono stati evacuati 16 appartamenti e l\u2019appartamento dell\u2019uomo responsabile, posto sotto sequestro. L\u2019uomo \u00e8 stato indagato per incendio colposo.<\/p>\n<p>La Volante \u00e8 intervenuta su richiesta del pronto soccorso che aveva notato la presenza di un soggetto agitato. Effettuate apposite verifiche sui terminali, si \u00e8 constato che l\u2019uomo, di origini algerine, fosse destinatario di un ordine di carcerazione cui la Squadra volante ha dato esecuzione.<\/p>\n<p>Il 29 giugno 2025 la Squadra Volante della Questura di Belluno ha tratto in arresto due soggetti per il reato di furto aggravato in concorso. In particolare, gli operatori hanno appreso che in localit\u00e0 Bolzano bellunese si fossero verificati furti a raffica su pi\u00f9 di una decina di auto parcheggiate, con frantumazione di finestrini e \u201cspadinatura\u201d di serrature e che quanto era presente all\u2019interno fosse stato rubato. La Squadra Volante si \u00e8 subito messa sulle tracce dei responsabili e, nel giro di poco tempo, \u00e8 riuscita ad individuarli. I due uomini sono stati trovati in localit\u00e0 Santa Giustina intenti a disfarsi nei campi della merce per cui non avevano interesse. Gli agenti sono riusciti a recuperare tutta la refurtiva, di ingente quantit\u00e0 e valore, consistente in denaro, tablet, telefoni, orologi e borse. Gli oggetti rubati sono stati restituiti ai lori legittimi proprietari e i due autori dei furti sono stati tratti in arresto e condotti presso la locale casa circondariale.<\/p>\n<p>Nell\u2019ambito dei reati appartenenti al novero della violenza di genere, la Squadra Volante della Questura di Belluno ha conseguito un importante risultato arrestando un uomo gi\u00e0 sottoposto alla misura cautelare del divieto di avvicinamento, a seguito della violazione della misura.<\/p>\n<p>In piazza dei Martiri, domenica 16 novembre, nel pomeriggio, la Squadra Volante ha individuato un uomo, italiano, classe \u201992, sottoposto alla misura alternativa al carcere della detenzione domiciliare, intento a partecipare alla festa patronale, visibilmente sotto l\u2019effetto di sostanze alcoliche. L\u2019uomo, evaso, alla vista degli agenti ha iniziato ad assumere un atteggiamento minaccioso e, nonostante gli operatori della Volante abbiano tentato di tranquillizzarlo, questi \u00e8 passato alle vie di fatto ed ha iniziato a colpirli. Gli agenti lo hanno dunque tratto in arresto in flagranza per i reati di evasione e resistenza. Successivamente l\u2019uomo \u00e8 stato ricondotto dagli operatori della Volante presso la propria abitazione ripristinando cos\u00ec la misura della detenzione domiciliare. Nella giornata del 20 novembre il Tribunale di Sorveglianza di Venezia ha disposto il ripristino della detenzione in carcere a carico del soggetto<\/p>\n<p>A seguito di denunce presentate in Questura da cittadini residenti in uno stesso quartiere di Belluno, l\u2019Ufficio Prevenzione Generale e Soccorso Pubblico della Questura di Belluno \u00e8 venuto a conoscenza del fatto che diverse autovetture, parcheggiate nella stessa via fossero state danneggiate: infatti la loro carrozzeria presentava dei fori. Sin da subito \u00e8 apparso chiaro che le macchine fossero state attinte da colpi riconducibili a munizionamento ad aria compressa. Immediate verifiche hanno permesso di circoscrivere i sospetti ed individuare il presunto autore. Effettuata una perquisizione nella abitazione dell\u2019uomo, \u00e8 stata rinvenuta e sequestrata una pistola ad aria compressa. L\u2019uomo, italiano di mezza et\u00e0, \u00e8 stato denunciato per danneggiamento e per getto pericoloso di cose.<\/p>\n<p>Il 4 gennaio 2026 la Squadra Volante della Questura di Belluno ha tratto in arresto in flagranza due minori per tentata rapina in concorso. Le due minori, italiane, servendosi di un piccone, hanno sfondato tre vetrine della stazione di Longarone e da ultimo la vetrina del bar della stazione per poi introdurvisi. Una volta all\u2019interno hanno provato ad asportare pacchetti di sigarette e due bottiglie di liquore dal valore di circa 60 euro. Ci\u00f2 ha provocato l\u2019attivazione dell\u2019allarme del bar e ha fatto s\u00ec che il proprietario si precipitasse sul posto, cercando di impedire la fuga delle due ragazze dall\u2019esercizio commerciale. A quel punto le due minori hanno iniziato a spingerlo, a tirargli addosso schegge di vetro e infine a versargli sul volto detersivo liquido. Nel frattempo un passante ha chiamato il numero di emergenza. La Volante giunta prontamente in loco, ha bloccato le due e ha proceduto al loro controllo, rinvenendo nello zaino di una di esse un pugnale. Le ragazze a quel punto sono state tratte in arresto in flagranza per tentata rapina impropria aggravata in concorso. Sono state denunciate in stato di libert\u00e0 per lesioni aggravate, danneggiamento aggravato e una delle due per il reato di porto abusivo di armi.<\/p>\n<p>Il 17 gennaio all\u2019alba la Volante, impegnata nell\u2019attivit\u00e0 di controllo del territorio nel comune di Longarone si \u00e8 imbattuta in una auto che alla vista della Polizia si \u00e8 subito data alla fuga. Ne \u00e8 scaturito un vero e proprio inseguimento, al termine del quale la Volante \u00e8 riuscita a bloccare la vettura. A quel punto il ragazzo seduto sul posto del passeggero, ha gettato dal finestrino un involucro che gli operatori della Volante sono riusciti a recuperare scoprendone il contenuto vale a dire 25 grammi di hashish. Gli operatori della Volante hanno deciso di estendere il controllo all\u2019abitazione del passeggero dell\u2019auto: qui hanno rinvenuto 4 piante di marijuana di grandi dimensioni. A quel punto il ragazzo \u00e8 stato deferito alla autorit\u00e0 giudiziaria per il reato di coltivazione e produzione di sostanza stupefacente. Procedendo inoltre alla prova etilometrica del conducente del veicolo, questi \u00e8 risultato positivo e gli agenti hanno dunque provveduto a ritirargli la patente. I due giovani sono stati altres\u00ec indagati per il reato di resistenza perch\u00e9 non si sono fermati all\u2019alt della polizia e hanno guidato in maniera tale da porre in pericolo l\u2019incolumit\u00e0 pubblica.<\/p>\n<p>Il giorno 9 febbraio 2026 la Squadra Volante della Questura di Belluno ha tratto in arresto in flagranza un soggetto italiano neo maggiorenne per il reato di rapina impropria. Nel pomeriggio la persona offesa, rientrando presso la sua abitazione, ha notato che la porta di casa fosse aperta e che vi fosse appoggiato uno zaino non familiare. Salendo al primo piano nella camera di uno dei suoi figli ha trovato tutti i cassetti della stanza aperti, come fossero stati trafugati, nonch\u00e9 la presenza dell\u2019arrestato, che, alla vista della persona offesa, ha iniziato a dirigersi all\u2019esterno della abitazione. La vittima lo ha seguito ed ha chiamato il numero di emergenza cercando di bloccare il soggetto che voleva darsi alla fuga. In quel momento l\u2019arrestato lo ha colpito procurandogli lesioni giudicate guaribili in 10 giorni e causando la frattura di una costola. Quando gli agenti delle Volanti sono giunti in loco, il soggetto si \u00e8 opposto a loro con violenza ed ha iniziato ad apostrofarli in maniera oltraggiosa. Perquisito, \u00e8 stato trovato in possesso di due profumi riconosciuti dal proprietario di casa come propri. Il soggetto \u00e8 stato arrestato per rapina impropria ed indagato in stato di liber\u00e0 per lesioni personali, oltraggio a pubblico ufficiale e resistenza a pubblico ufficiale.<\/p>\n<p>Il 24 febbraio 2026 la Squadra Volante della Questura di Belluno ha tratto in arresto in flagranza un uomo, italiano, classe 1965, per resistenza e lesioni a pubblico ufficiale e per violazione dei sigilli. In particolare nella tarda mattinata la Volant ha intercettato una autovettura sospetta e circolante nonostante fosse sottoposta a sequestro. Il conducente della vettura non ottemperando all\u2019alt initimatogli, si \u00e8 dato a precipitosa fuga, ad elevata velocit\u00e0 e guidando in modo pericoloso per la pubblica incolumit\u00e0 nelle vie cittadine. Poco dopo, incrociando l\u2019equipaggio di una seconda Volante, ha cercato di investire uno degli operatori per poi continuare la fuga, urtando un altro veicolo e rischiando di investire un pedone. Si \u00e8 poi fermato all\u2019altezza di un condominio, chiudendosi all\u2019interno di un appartamento. Gli operatori, individuato l\u2019appartamento, sono riusciti ad entrare e, una volta dentro, sono stati nuovamente aggrediti dall\u2019uomo che ha tirato loro calci e pugni, causando lesioni ad alcuni degli operatori intervenuti. E\u2019 stato tratto in arresto in flagranza di reato e condotto presso la casa circondariale di Belluno. All\u2019interno dell\u2019auto \u00e8 stata rinvenuta una targa falsa; da accertamenti successivi, \u00e8 emerso che la targa sia stata sovrapposta ed utilizzata per eludere i controlli. La targa e la macchina sono state sequestrate.<\/p>\n<p><strong><u>\u00a0<\/u><\/strong><\/p>\n<figure id=\"attachment_166987\" aria-describedby=\"caption-attachment-166987\" style=\"width: 600px\" class=\"wp-caption aligncenter\"><img loading=\"lazy\" decoding=\"async\" class=\"size-full wp-image-166987\" src=\"https:\/\/www.bellunopress.it\/wp-content\/uploads\/2026\/01\/Nuovo-Commissariato-Polizia-Cortina-area-ex-Stazione.jpg\" alt=\"\" width=\"600\" height=\"450\" srcset=\"https:\/\/www.bellunopress.it\/wp-content\/uploads\/2026\/01\/Nuovo-Commissariato-Polizia-Cortina-area-ex-Stazione.jpg 600w, https:\/\/www.bellunopress.it\/wp-content\/uploads\/2026\/01\/Nuovo-Commissariato-Polizia-Cortina-area-ex-Stazione-500x375.jpg 500w, https:\/\/www.bellunopress.it\/wp-content\/uploads\/2026\/01\/Nuovo-Commissariato-Polizia-Cortina-area-ex-Stazione-560x420.jpg 560w, https:\/\/www.bellunopress.it\/wp-content\/uploads\/2026\/01\/Nuovo-Commissariato-Polizia-Cortina-area-ex-Stazione-80x60.jpg 80w, https:\/\/www.bellunopress.it\/wp-content\/uploads\/2026\/01\/Nuovo-Commissariato-Polizia-Cortina-area-ex-Stazione-150x113.jpg 150w, https:\/\/www.bellunopress.it\/wp-content\/uploads\/2026\/01\/Nuovo-Commissariato-Polizia-Cortina-area-ex-Stazione-300x225.jpg 300w\" sizes=\"auto, (max-width: 600px) 100vw, 600px\" \/><figcaption id=\"caption-attachment-166987\" class=\"wp-caption-text\">Nuovo Commissariato della Polizia di Stato di Cortina d&#8217;Ampezzo<\/figcaption><\/figure>\n<p><strong><u>COMMISSARIATO DI CORTINA D\u2019AMPEZZO ANNO 2025<\/u><\/strong><\/p>\n<p>Nella tarda serata del 2 luglio la Volante del Commissariato di Cortina d\u2019Ampezzo ha controllato un ragazzo di circa 30 anni, cittadino italiano di origini venezuelane, che stazionava ad una fermata del bus. Sin da subito questi si \u00e8 mostrato nervoso e agitato, atteggiamento che ha insospettito gli operatori. Approfondendo il controllo, addosso all\u2019uomo sono stati trovati circa 50 grammi di marijuana in 36 bustine presumibilmente gi\u00e0 destinate allo spaccio. A quel punto la Volante del Commissariato ha deciso di estendere il controllo alla abitazione dell\u2019uomo e alla sua vettura. Qui sono stati trovati mezzo chilo di marijuana, 1600 euro in denaro contante e materiale per il confezionamento. L\u2019uomo \u00e8 stato tratto in arresto in flagranza per il reato di detenzione di sostanza stupefacente ai fini di spaccio.<\/p>\n<p>Il 19 agosto 2025 la Volante del Commissariato di Cortina ha proceduto al controllo di un soggetto trovato in possesso di 19 dosi di cocaina da 1 grammo ciascuna, 600 euro in denaro contante e tre telefoni cellulare. Esteso il controllo al suo domicilio, sono stati rinvenuti 55 grammi di cocaina e 150 grammi di hashish. L\u2019uomo \u00e8 stato arrestato in flagranza e condotto presso la locale casa circondariale.<\/p>\n<p>&nbsp;<\/p>\n<p><strong><u><img loading=\"lazy\" decoding=\"async\" class=\"aligncenter size-full wp-image-159892\" src=\"https:\/\/www.bellunopress.it\/wp-content\/uploads\/2025\/04\/polizia-postale.jpg\" alt=\"\" width=\"660\" height=\"402\" srcset=\"https:\/\/www.bellunopress.it\/wp-content\/uploads\/2025\/04\/polizia-postale.jpg 660w, https:\/\/www.bellunopress.it\/wp-content\/uploads\/2025\/04\/polizia-postale-500x305.jpg 500w\" sizes=\"auto, (max-width: 660px) 100vw, 660px\" \/>POLIZIA POSTALE<\/u><\/strong><\/p>\n<p>In data 9 agosto 2025, personale della Sezione Polizia Postale di Belluno, unitamente ai colleghi di Venezia e del Servizio Polizia Postale di Roma, si recavano ad Alpago (BL) per dare esecuzione del Decreto di Perquisizione Personale, Locale e Informatica, a carico di un uomo, ritenuto responsabile dei reati di Pornografia minorile e detenzione di materiale pornografico e violenza sessuale. L\u2019atto dava esito positivo, procedendo al sequestro del telefono cellulare dell\u2019indagato contenente materiale probatorio.<\/p>\n<p>Il successivo 14 settembre il personale della Polizia Postale procedeva all\u2019arresto del soggetto in esecuzione dell\u2019ordinanza di custodia cautelare poich\u00e9 accusato dei seguenti reati:<\/p>\n<ol>\n<li>a) art. 600 ter c.p. poich\u00e9 produceva materiale pornografico realizzato utilizzando la figlia minorenne e, in particolare un video in cui la minore completamente nuda in bagno manipolava il membro maschile in fase di erezione sino a portarlo all&#8217;eiaculazione (video poi condiviso su Snapchat); un video in cui la minore nell&#8217;atto di fare la doccia stimolava un pene in erezione (video poi condiviso su Snapchat) ulteriori quattro video e dieci file immagine ritraenti abusi sulla figlia minorenne.<\/li>\n<li>b) artt. 81 e 609 bis comma 2 n. 1 e 609 ter comma 1 n. 1 e comma 2 c.p. perch\u00e9, con pi\u00f9 azioni esecutive di un medesimo disegno criminoso, in pi\u00f9 occasioni, abusando delle condizioni di inferiorit\u00e0 fisica e psichica della figlia minorenne la induceva a compiere con lui atti sessuali consistiti nel masturbarlo e nel massaggiargli ripetutamente il pene mentre era in fase di erezione, nell&#8217;appoggiare il proprio pene alla bocca della minore, nel toccarla utilizzando il proprio pene e nel masturbarsi eiaculando sulla schiena della figlia. Fatto aggravato dall&#8217;essere stato commesso nei confronti di persona che non ha compiuto gli anni dieci della quale \u00e8 genitore.<\/li>\n<li>c) artt. 600 ter comma 4 &#8211; 600 quater c.p. perch\u00e9 deteneva video e\/o immagini di contenuto pedopornografico e, segnatamente, un video ritraente minori nell&#8217;atto di compiere atti sessuali (di cui effettuava l&#8217;upload in una chat Instagram in data in data 17.7.2023) e un video un rapporto con penetrazione anale tra un adulto e un minorenne (trasmesso in una chat Instagram in data 25.10.2023.<\/li>\n<\/ol>\n<p>&nbsp;<\/p>\n<p><strong>\u00a0<\/strong><\/p>","protected":false},"excerpt":{"rendered":"<p>Belluno, 10 aprile 2026 &#8211;\u00a0Oggi si celebra, il 174\u00b0 anniversario della fondazione della Polizia di Stato, il cui titolo celebrativo sar\u00e0 anche per quest\u2019anno \u201cESSERCI SEMPRE&#8221;. Il programma prevede che alle ore 10.00 il Questore di Belluno, unitamente al Prefetto e alle Autorit\u00e0 civili e militari della provincia disveler\u00e0 il monumento commemorativo ai caduti della [&hellip;]<\/p>\n","protected":false},"author":2,"featured_media":152702,"comment_status":"closed","ping_status":"open","sticky":false,"template":"","format":"standard","meta":{"footnotes":""},"categories":[26,8],"tags":[],"class_list":["post-168956","post","type-post","status-publish","format-standard","has-post-thumbnail","category-prima-pagina","category-societa-istituzioni"],"yoast_head":"<!-- This site is optimized with the Yoast SEO plugin v28.4 - https:\/\/yoast.com\/product\/yoast-seo-wordpress\/ -->\n<title>Belluno. Festa della Polizia di Stato. La consegna dei riconoscimenti - Bellunopress - Dolomiti<\/title>\n<meta name=\"robots\" content=\"index, follow, max-snippet:-1, max-image-preview:large, max-video-preview:-1\" \/>\n<link rel=\"canonical\" href=\"https:\/\/www.bellunopress.it\/fr\/2026\/04\/10\/belluno-festa-della-polizia-di-stato-la-consegna-dei-riconoscimenti\/\" \/>\n<meta property=\"og:locale\" content=\"fr_FR\" \/>\n<meta property=\"og:type\" content=\"article\" \/>\n<meta property=\"og:title\" content=\"Belluno. Festa della Polizia di Stato. La consegna dei riconoscimenti - Bellunopress - Dolomiti\" \/>\n<meta property=\"og:description\" content=\"Belluno, 10 aprile 2026 &#8211;\u00a0Oggi si celebra, il 174\u00b0 anniversario della fondazione della Polizia di Stato, il cui titolo celebrativo sar\u00e0 anche per quest\u2019anno \u201cESSERCI SEMPRE&#8221;. Il programma prevede che alle ore 10.00 il Questore di Belluno, unitamente al Prefetto e alle Autorit\u00e0 civili e militari della provincia disveler\u00e0 il monumento commemorativo ai caduti della [&hellip;]\" \/>\n<meta property=\"og:url\" content=\"https:\/\/www.bellunopress.it\/fr\/2026\/04\/10\/belluno-festa-della-polizia-di-stato-la-consegna-dei-riconoscimenti\/\" \/>\n<meta property=\"og:site_name\" content=\"Bellunopress - Dolomiti\" \/>\n<meta property=\"article:publisher\" content=\"https:\/\/www.facebook.com\/profile.php?id=100008943462799\" \/>\n<meta property=\"article:published_time\" content=\"2026-04-10T08:44:18+00:00\" \/>\n<meta property=\"article:modified_time\" content=\"2026-04-10T13:22:19+00:00\" \/>\n<meta property=\"og:image\" content=\"https:\/\/www.bellunopress.it\/wp-content\/uploads\/2024\/07\/polizia-di-stato_edited.jpg\" \/>\n\t<meta property=\"og:image:width\" content=\"900\" \/>\n\t<meta property=\"og:image:height\" content=\"500\" \/>\n\t<meta property=\"og:image:type\" content=\"image\/jpeg\" \/>\n<meta name=\"author\" content=\"redazione\" \/>\n<meta name=\"twitter:card\" content=\"summary_large_image\" \/>\n<meta name=\"twitter:creator\" content=\"@bellunopress\" \/>\n<meta name=\"twitter:site\" content=\"@bellunopress\" \/>\n<meta name=\"twitter:label1\" content=\"Written by\" \/>\n\t<meta name=\"twitter:data1\" content=\"redazione\" \/>\n\t<meta name=\"twitter:label2\" content=\"Est. reading time\" \/>\n\t<meta name=\"twitter:data2\" content=\"19 minutes\" \/>\n<script type=\"application\/ld+json\" class=\"yoast-schema-graph\">{\"@context\":\"https:\\\/\\\/schema.org\",\"@graph\":[{\"@type\":\"Article\",\"@id\":\"https:\\\/\\\/www.bellunopress.it\\\/2026\\\/04\\\/10\\\/belluno-festa-della-polizia-di-stato-la-consegna-dei-riconoscimenti\\\/#article\",\"isPartOf\":{\"@id\":\"https:\\\/\\\/www.bellunopress.it\\\/2026\\\/04\\\/10\\\/belluno-festa-della-polizia-di-stato-la-consegna-dei-riconoscimenti\\\/\"},\"author\":{\"name\":\"redazione\",\"@id\":\"https:\\\/\\\/www.bellunopress.it\\\/#\\\/schema\\\/person\\\/79bb06722b37ece1c03d3e94beb30d73\"},\"headline\":\"Belluno. Festa della Polizia di Stato. La consegna dei riconoscimenti\",\"datePublished\":\"2026-04-10T08:44:18+00:00\",\"dateModified\":\"2026-04-10T13:22:19+00:00\",\"mainEntityOfPage\":{\"@id\":\"https:\\\/\\\/www.bellunopress.it\\\/2026\\\/04\\\/10\\\/belluno-festa-della-polizia-di-stato-la-consegna-dei-riconoscimenti\\\/\"},\"wordCount\":3800,\"publisher\":{\"@id\":\"https:\\\/\\\/www.bellunopress.it\\\/#organization\"},\"image\":{\"@id\":\"https:\\\/\\\/www.bellunopress.it\\\/2026\\\/04\\\/10\\\/belluno-festa-della-polizia-di-stato-la-consegna-dei-riconoscimenti\\\/#primaryimage\"},\"thumbnailUrl\":\"https:\\\/\\\/www.bellunopress.it\\\/wp-content\\\/uploads\\\/2024\\\/07\\\/polizia-di-stato_edited.jpg\",\"articleSection\":[\"Prima Pagina\",\"Societ\u00e0, Associazioni, Istituzioni\"],\"inLanguage\":\"fr-FR\"},{\"@type\":\"WebPage\",\"@id\":\"https:\\\/\\\/www.bellunopress.it\\\/2026\\\/04\\\/10\\\/belluno-festa-della-polizia-di-stato-la-consegna-dei-riconoscimenti\\\/\",\"url\":\"https:\\\/\\\/www.bellunopress.it\\\/2026\\\/04\\\/10\\\/belluno-festa-della-polizia-di-stato-la-consegna-dei-riconoscimenti\\\/\",\"name\":\"Belluno. Festa della Polizia di Stato. La consegna dei riconoscimenti - Bellunopress - Dolomiti\",\"isPartOf\":{\"@id\":\"https:\\\/\\\/www.bellunopress.it\\\/#website\"},\"primaryImageOfPage\":{\"@id\":\"https:\\\/\\\/www.bellunopress.it\\\/2026\\\/04\\\/10\\\/belluno-festa-della-polizia-di-stato-la-consegna-dei-riconoscimenti\\\/#primaryimage\"},\"image\":{\"@id\":\"https:\\\/\\\/www.bellunopress.it\\\/2026\\\/04\\\/10\\\/belluno-festa-della-polizia-di-stato-la-consegna-dei-riconoscimenti\\\/#primaryimage\"},\"thumbnailUrl\":\"https:\\\/\\\/www.bellunopress.it\\\/wp-content\\\/uploads\\\/2024\\\/07\\\/polizia-di-stato_edited.jpg\",\"datePublished\":\"2026-04-10T08:44:18+00:00\",\"dateModified\":\"2026-04-10T13:22:19+00:00\",\"breadcrumb\":{\"@id\":\"https:\\\/\\\/www.bellunopress.it\\\/2026\\\/04\\\/10\\\/belluno-festa-della-polizia-di-stato-la-consegna-dei-riconoscimenti\\\/#breadcrumb\"},\"inLanguage\":\"fr-FR\",\"potentialAction\":[{\"@type\":\"ReadAction\",\"target\":[\"https:\\\/\\\/www.bellunopress.it\\\/2026\\\/04\\\/10\\\/belluno-festa-della-polizia-di-stato-la-consegna-dei-riconoscimenti\\\/\"]}]},{\"@type\":\"ImageObject\",\"inLanguage\":\"fr-FR\",\"@id\":\"https:\\\/\\\/www.bellunopress.it\\\/2026\\\/04\\\/10\\\/belluno-festa-della-polizia-di-stato-la-consegna-dei-riconoscimenti\\\/#primaryimage\",\"url\":\"https:\\\/\\\/www.bellunopress.it\\\/wp-content\\\/uploads\\\/2024\\\/07\\\/polizia-di-stato_edited.jpg\",\"contentUrl\":\"https:\\\/\\\/www.bellunopress.it\\\/wp-content\\\/uploads\\\/2024\\\/07\\\/polizia-di-stato_edited.jpg\",\"width\":900,\"height\":500},{\"@type\":\"BreadcrumbList\",\"@id\":\"https:\\\/\\\/www.bellunopress.it\\\/2026\\\/04\\\/10\\\/belluno-festa-della-polizia-di-stato-la-consegna-dei-riconoscimenti\\\/#breadcrumb\",\"itemListElement\":[{\"@type\":\"ListItem\",\"position\":1,\"name\":\"Home\",\"item\":\"https:\\\/\\\/www.bellunopress.it\\\/\"},{\"@type\":\"ListItem\",\"position\":2,\"name\":\"Belluno. Festa della Polizia di Stato. La consegna dei riconoscimenti\"}]},{\"@type\":\"WebSite\",\"@id\":\"https:\\\/\\\/www.bellunopress.it\\\/#website\",\"url\":\"https:\\\/\\\/www.bellunopress.it\\\/\",\"name\":\"Bellunopress - Dolomiti\",\"description\":\"e-mail: redazione@bellunopress.it\",\"publisher\":{\"@id\":\"https:\\\/\\\/www.bellunopress.it\\\/#organization\"},\"potentialAction\":[{\"@type\":\"SearchAction\",\"target\":{\"@type\":\"EntryPoint\",\"urlTemplate\":\"https:\\\/\\\/www.bellunopress.it\\\/?s={search_term_string}\"},\"query-input\":{\"@type\":\"PropertyValueSpecification\",\"valueRequired\":true,\"valueName\":\"search_term_string\"}}],\"inLanguage\":\"fr-FR\"},{\"@type\":\"Organization\",\"@id\":\"https:\\\/\\\/www.bellunopress.it\\\/#organization\",\"name\":\"Bellunopress\",\"url\":\"https:\\\/\\\/www.bellunopress.it\\\/\",\"logo\":{\"@type\":\"ImageObject\",\"inLanguage\":\"fr-FR\",\"@id\":\"https:\\\/\\\/www.bellunopress.it\\\/#\\\/schema\\\/logo\\\/image\\\/\",\"url\":\"https:\\\/\\\/www.bellunopress.it\\\/wp-content\\\/uploads\\\/2011\\\/05\\\/cropped-logo-bellunopress-.jpg\",\"contentUrl\":\"https:\\\/\\\/www.bellunopress.it\\\/wp-content\\\/uploads\\\/2011\\\/05\\\/cropped-logo-bellunopress-.jpg\",\"width\":512,\"height\":512,\"caption\":\"Bellunopress\"},\"image\":{\"@id\":\"https:\\\/\\\/www.bellunopress.it\\\/#\\\/schema\\\/logo\\\/image\\\/\"},\"sameAs\":[\"https:\\\/\\\/www.facebook.com\\\/profile.php?id=100008943462799\",\"https:\\\/\\\/x.com\\\/bellunopress\",\"https:\\\/\\\/www.linkedin.com\\\/hp\\\/?dnr=JBzUWaJfMUw8vbXJJ2tVW5-I3jZKvC4wsoxE&amp;amp;amp;amp;amp;amp;trk=nav_responsive_tab_home\",\"https:\\\/\\\/www.youtube.com\\\/channel\\\/UCxL0wu1uN0_3_7hGG0306cw\"]},{\"@type\":\"Person\",\"@id\":\"https:\\\/\\\/www.bellunopress.it\\\/#\\\/schema\\\/person\\\/79bb06722b37ece1c03d3e94beb30d73\",\"name\":\"redazione\",\"image\":{\"@type\":\"ImageObject\",\"inLanguage\":\"fr-FR\",\"@id\":\"https:\\\/\\\/secure.gravatar.com\\\/avatar\\\/37d968a2e67a6fd04c169c4bdef102d0bc5d31b2546345219e348575eb80e9a0?s=96&d=mm&r=g\",\"url\":\"https:\\\/\\\/secure.gravatar.com\\\/avatar\\\/37d968a2e67a6fd04c169c4bdef102d0bc5d31b2546345219e348575eb80e9a0?s=96&d=mm&r=g\",\"contentUrl\":\"https:\\\/\\\/secure.gravatar.com\\\/avatar\\\/37d968a2e67a6fd04c169c4bdef102d0bc5d31b2546345219e348575eb80e9a0?s=96&d=mm&r=g\",\"caption\":\"redazione\"},\"sameAs\":[\"http:\\\/\\\/www.bellunopress.it\",\"https:\\\/\\\/x.com\\\/bellunopress\"],\"url\":\"https:\\\/\\\/www.bellunopress.it\\\/fr\\\/author\\\/redazione\\\/\"}]}<\/script>\n<!-- \/ Yoast SEO plugin. -->","yoast_head_json":{"title":"Belluno. Festa della Polizia di Stato. La consegna dei riconoscimenti - Bellunopress - Dolomiti","robots":{"index":"index","follow":"follow","max-snippet":"max-snippet:-1","max-image-preview":"max-image-preview:large","max-video-preview":"max-video-preview:-1"},"canonical":"https:\/\/www.bellunopress.it\/fr\/2026\/04\/10\/belluno-festa-della-polizia-di-stato-la-consegna-dei-riconoscimenti\/","og_locale":"fr_FR","og_type":"article","og_title":"Belluno. Festa della Polizia di Stato. La consegna dei riconoscimenti - Bellunopress - Dolomiti","og_description":"Belluno, 10 aprile 2026 &#8211;\u00a0Oggi si celebra, il 174\u00b0 anniversario della fondazione della Polizia di Stato, il cui titolo celebrativo sar\u00e0 anche per quest\u2019anno \u201cESSERCI SEMPRE&#8221;. Il programma prevede che alle ore 10.00 il Questore di Belluno, unitamente al Prefetto e alle Autorit\u00e0 civili e militari della provincia disveler\u00e0 il monumento commemorativo ai caduti della [&hellip;]","og_url":"https:\/\/www.bellunopress.it\/fr\/2026\/04\/10\/belluno-festa-della-polizia-di-stato-la-consegna-dei-riconoscimenti\/","og_site_name":"Bellunopress - Dolomiti","article_publisher":"https:\/\/www.facebook.com\/profile.php?id=100008943462799","article_published_time":"2026-04-10T08:44:18+00:00","article_modified_time":"2026-04-10T13:22:19+00:00","og_image":[{"width":900,"height":500,"url":"https:\/\/www.bellunopress.it\/wp-content\/uploads\/2024\/07\/polizia-di-stato_edited.jpg","type":"image\/jpeg"}],"author":"redazione","twitter_card":"summary_large_image","twitter_creator":"@bellunopress","twitter_site":"@bellunopress","twitter_misc":{"Written by":"redazione","Est. reading time":"19 minutes"},"schema":{"@context":"https:\/\/schema.org","@graph":[{"@type":"Article","@id":"https:\/\/www.bellunopress.it\/2026\/04\/10\/belluno-festa-della-polizia-di-stato-la-consegna-dei-riconoscimenti\/#article","isPartOf":{"@id":"https:\/\/www.bellunopress.it\/2026\/04\/10\/belluno-festa-della-polizia-di-stato-la-consegna-dei-riconoscimenti\/"},"author":{"name":"redazione","@id":"https:\/\/www.bellunopress.it\/#\/schema\/person\/79bb06722b37ece1c03d3e94beb30d73"},"headline":"Belluno. Festa della Polizia di Stato. La consegna dei riconoscimenti","datePublished":"2026-04-10T08:44:18+00:00","dateModified":"2026-04-10T13:22:19+00:00","mainEntityOfPage":{"@id":"https:\/\/www.bellunopress.it\/2026\/04\/10\/belluno-festa-della-polizia-di-stato-la-consegna-dei-riconoscimenti\/"},"wordCount":3800,"publisher":{"@id":"https:\/\/www.bellunopress.it\/#organization"},"image":{"@id":"https:\/\/www.bellunopress.it\/2026\/04\/10\/belluno-festa-della-polizia-di-stato-la-consegna-dei-riconoscimenti\/#primaryimage"},"thumbnailUrl":"https:\/\/www.bellunopress.it\/wp-content\/uploads\/2024\/07\/polizia-di-stato_edited.jpg","articleSection":["Prima Pagina","Societ\u00e0, Associazioni, Istituzioni"],"inLanguage":"fr-FR"},{"@type":"WebPage","@id":"https:\/\/www.bellunopress.it\/2026\/04\/10\/belluno-festa-della-polizia-di-stato-la-consegna-dei-riconoscimenti\/","url":"https:\/\/www.bellunopress.it\/2026\/04\/10\/belluno-festa-della-polizia-di-stato-la-consegna-dei-riconoscimenti\/","name":"Belluno. Festa della Polizia di Stato. La consegna dei riconoscimenti - Bellunopress - Dolomiti","isPartOf":{"@id":"https:\/\/www.bellunopress.it\/#website"},"primaryImageOfPage":{"@id":"https:\/\/www.bellunopress.it\/2026\/04\/10\/belluno-festa-della-polizia-di-stato-la-consegna-dei-riconoscimenti\/#primaryimage"},"image":{"@id":"https:\/\/www.bellunopress.it\/2026\/04\/10\/belluno-festa-della-polizia-di-stato-la-consegna-dei-riconoscimenti\/#primaryimage"},"thumbnailUrl":"https:\/\/www.bellunopress.it\/wp-content\/uploads\/2024\/07\/polizia-di-stato_edited.jpg","datePublished":"2026-04-10T08:44:18+00:00","dateModified":"2026-04-10T13:22:19+00:00","breadcrumb":{"@id":"https:\/\/www.bellunopress.it\/2026\/04\/10\/belluno-festa-della-polizia-di-stato-la-consegna-dei-riconoscimenti\/#breadcrumb"},"inLanguage":"fr-FR","potentialAction":[{"@type":"ReadAction","target":["https:\/\/www.bellunopress.it\/2026\/04\/10\/belluno-festa-della-polizia-di-stato-la-consegna-dei-riconoscimenti\/"]}]},{"@type":"ImageObject","inLanguage":"fr-FR","@id":"https:\/\/www.bellunopress.it\/2026\/04\/10\/belluno-festa-della-polizia-di-stato-la-consegna-dei-riconoscimenti\/#primaryimage","url":"https:\/\/www.bellunopress.it\/wp-content\/uploads\/2024\/07\/polizia-di-stato_edited.jpg","contentUrl":"https:\/\/www.bellunopress.it\/wp-content\/uploads\/2024\/07\/polizia-di-stato_edited.jpg","width":900,"height":500},{"@type":"BreadcrumbList","@id":"https:\/\/www.bellunopress.it\/2026\/04\/10\/belluno-festa-della-polizia-di-stato-la-consegna-dei-riconoscimenti\/#breadcrumb","itemListElement":[{"@type":"ListItem","position":1,"name":"Home","item":"https:\/\/www.bellunopress.it\/"},{"@type":"ListItem","position":2,"name":"Belluno. Festa della Polizia di Stato. La consegna dei riconoscimenti"}]},{"@type":"WebSite","@id":"https:\/\/www.bellunopress.it\/#website","url":"https:\/\/www.bellunopress.it\/","name":"Bellunopress - Dolomiti","description":"e-mail: redazione@bellunopress.it","publisher":{"@id":"https:\/\/www.bellunopress.it\/#organization"},"potentialAction":[{"@type":"SearchAction","target":{"@type":"EntryPoint","urlTemplate":"https:\/\/www.bellunopress.it\/?s={search_term_string}"},"query-input":{"@type":"PropertyValueSpecification","valueRequired":true,"valueName":"search_term_string"}}],"inLanguage":"fr-FR"},{"@type":"Organization","@id":"https:\/\/www.bellunopress.it\/#organization","name":"Bellunopress","url":"https:\/\/www.bellunopress.it\/","logo":{"@type":"ImageObject","inLanguage":"fr-FR","@id":"https:\/\/www.bellunopress.it\/#\/schema\/logo\/image\/","url":"https:\/\/www.bellunopress.it\/wp-content\/uploads\/2011\/05\/cropped-logo-bellunopress-.jpg","contentUrl":"https:\/\/www.bellunopress.it\/wp-content\/uploads\/2011\/05\/cropped-logo-bellunopress-.jpg","width":512,"height":512,"caption":"Bellunopress"},"image":{"@id":"https:\/\/www.bellunopress.it\/#\/schema\/logo\/image\/"},"sameAs":["https:\/\/www.facebook.com\/profile.php?id=100008943462799","https:\/\/x.com\/bellunopress","https:\/\/www.linkedin.com\/hp\/?dnr=JBzUWaJfMUw8vbXJJ2tVW5-I3jZKvC4wsoxE&amp;amp;amp;amp;amp;amp;trk=nav_responsive_tab_home","https:\/\/www.youtube.com\/channel\/UCxL0wu1uN0_3_7hGG0306cw"]},{"@type":"Person","@id":"https:\/\/www.bellunopress.it\/#\/schema\/person\/79bb06722b37ece1c03d3e94beb30d73","name":"r\u00e9daction","image":{"@type":"ImageObject","inLanguage":"fr-FR","@id":"https:\/\/secure.gravatar.com\/avatar\/37d968a2e67a6fd04c169c4bdef102d0bc5d31b2546345219e348575eb80e9a0?s=96&d=mm&r=g","url":"https:\/\/secure.gravatar.com\/avatar\/37d968a2e67a6fd04c169c4bdef102d0bc5d31b2546345219e348575eb80e9a0?s=96&d=mm&r=g","contentUrl":"https:\/\/secure.gravatar.com\/avatar\/37d968a2e67a6fd04c169c4bdef102d0bc5d31b2546345219e348575eb80e9a0?s=96&d=mm&r=g","caption":"redazione"},"sameAs":["http:\/\/www.bellunopress.it","https:\/\/x.com\/bellunopress"],"url":"https:\/\/www.bellunopress.it\/fr\/author\/redazione\/"}]}},"_links":{"self":[{"href":"https:\/\/www.bellunopress.it\/fr\/wp-json\/wp\/v2\/posts\/168956","targetHints":{"allow":["GET"]}}],"collection":[{"href":"https:\/\/www.bellunopress.it\/fr\/wp-json\/wp\/v2\/posts"}],"about":[{"href":"https:\/\/www.bellunopress.it\/fr\/wp-json\/wp\/v2\/types\/post"}],"author":[{"embeddable":true,"href":"https:\/\/www.bellunopress.it\/fr\/wp-json\/wp\/v2\/users\/2"}],"replies":[{"embeddable":true,"href":"https:\/\/www.bellunopress.it\/fr\/wp-json\/wp\/v2\/comments?post=168956"}],"version-history":[{"count":1,"href":"https:\/\/www.bellunopress.it\/fr\/wp-json\/wp\/v2\/posts\/168956\/revisions"}],"predecessor-version":[{"id":168957,"href":"https:\/\/www.bellunopress.it\/fr\/wp-json\/wp\/v2\/posts\/168956\/revisions\/168957"}],"wp:featuredmedia":[{"embeddable":true,"href":"https:\/\/www.bellunopress.it\/fr\/wp-json\/wp\/v2\/media\/152702"}],"wp:attachment":[{"href":"https:\/\/www.bellunopress.it\/fr\/wp-json\/wp\/v2\/media?parent=168956"}],"wp:term":[{"taxonomy":"category","embeddable":true,"href":"https:\/\/www.bellunopress.it\/fr\/wp-json\/wp\/v2\/categories?post=168956"},{"taxonomy":"post_tag","embeddable":true,"href":"https:\/\/www.bellunopress.it\/fr\/wp-json\/wp\/v2\/tags?post=168956"}],"curies":[{"name":"wp","href":"https:\/\/api.w.org\/{rel}","templated":true}]}}