{"id":168950,"date":"2026-04-09T22:20:23","date_gmt":"2026-04-09T20:20:23","guid":{"rendered":"https:\/\/www.bellunopress.it\/?p=168950"},"modified":"2026-04-09T22:20:23","modified_gmt":"2026-04-09T20:20:23","slug":"tragedia-a-ponte-nelle-alpi-scontro-mortale-sulla-statale-51-di-alemagna","status":"publish","type":"post","link":"https:\/\/www.bellunopress.it\/fr\/2026\/04\/09\/tragedia-a-ponte-nelle-alpi-scontro-mortale-sulla-statale-51-di-alemagna\/","title":{"rendered":"Tragedia a Ponte nelle Alpi: scontro mortale sulla Statale 51 di Alemagna"},"content":{"rendered":"<h6 data-path-to-node=\"2\">Ponte nelle Alpi, 09\/04\/2026 \u2013\u00a0 Giornata di sangue sulle strade del Bellunese. Nel pomeriggio di oggi\u00a0un gravissimo incidente stradale ha provocato la chiusura totale della SS 51 &#8220;di Alemagna&#8221; nel territorio comunale di Ponte nelle Alpi. Il bilancio \u00e8 drammatico: nello scontro, che ha coinvolto due auto e una moto, il motociclista ha perso la vita.<\/h6>\n<p data-path-to-node=\"5\">L&#8217;incidente si \u00e8 verificato all&#8217;altezza del km 42,700. Secondo le prime informazioni fornite da Anas, l&#8217;impatto tra i tre mezzi \u00e8 stato particolarmente violento, rendendo vani i tentativi di rianimazione per il motociclista coinvolto. Sul luogo del sinistro sono immediatamente intervenuti i sanitari del Suem 118, le Forze dell&#8217;Ordine per i rilievi di rito e le squadre tecniche di Anas.<\/p>\n<p data-path-to-node=\"7\">Per consentire le operazioni di soccorso, la rimozione dei veicoli e la messa in sicurezza del piano viabile, l\u2019arteria \u00e8 stata interdetta al traffico in entrambe le direzioni. Pesanti le ripercussioni sulla viabilit\u00e0 locale, gi\u00e0 sotto pressione per il flusso veicolare della zona.<\/p>\n<p data-path-to-node=\"7\">Le autorit\u00e0 sono al lavoro per ricostruire l&#8217;esatta dinamica della tragedia e stabilire eventuali responsabilit\u00e0.<\/p>","protected":false},"excerpt":{"rendered":"<p>Ponte nelle Alpi, 09\/04\/2026 \u2013\u00a0 Giornata di sangue sulle strade del Bellunese. Nel pomeriggio di oggi\u00a0un gravissimo incidente stradale ha provocato la chiusura totale della SS 51 &#8220;di Alemagna&#8221; nel territorio comunale di Ponte nelle Alpi. Il bilancio \u00e8 drammatico: nello scontro, che ha coinvolto due auto e una moto, il motociclista ha perso la [&hellip;]<\/p>\n","protected":false},"author":2,"featured_media":123568,"comment_status":"closed","ping_status":"open","sticky":false,"template":"","format":"standard","meta":{"footnotes":""},"categories":[5,26],"tags":[],"class_list":["post-168950","post","type-post","status-publish","format-standard","has-post-thumbnail","category-cronaca","category-prima-pagina"],"yoast_head":"<!-- This site is optimized with the Yoast SEO plugin v28.4 - https:\/\/yoast.com\/product\/yoast-seo-wordpress\/ -->\n<title>Tragedia a Ponte nelle Alpi: scontro mortale sulla Statale 51 di Alemagna - Bellunopress - Dolomiti<\/title>\n<meta name=\"robots\" content=\"index, follow, max-snippet:-1, max-image-preview:large, max-video-preview:-1\" \/>\n<link rel=\"canonical\" href=\"https:\/\/www.bellunopress.it\/fr\/2026\/04\/09\/tragedia-a-ponte-nelle-alpi-scontro-mortale-sulla-statale-51-di-alemagna\/\" \/>\n<meta property=\"og:locale\" content=\"fr_FR\" \/>\n<meta property=\"og:type\" content=\"article\" \/>\n<meta property=\"og:title\" content=\"Tragedia a Ponte nelle Alpi: scontro mortale sulla Statale 51 di Alemagna - Bellunopress - Dolomiti\" \/>\n<meta property=\"og:description\" content=\"Ponte nelle Alpi, 09\/04\/2026 \u2013\u00a0 Giornata di sangue sulle strade del Bellunese. Nel pomeriggio di oggi\u00a0un gravissimo incidente stradale ha provocato la chiusura totale della SS 51 &#8220;di Alemagna&#8221; nel territorio comunale di Ponte nelle Alpi. Il bilancio \u00e8 drammatico: nello scontro, che ha coinvolto due auto e una moto, il motociclista ha perso la [&hellip;]\" \/>\n<meta property=\"og:url\" content=\"https:\/\/www.bellunopress.it\/fr\/2026\/04\/09\/tragedia-a-ponte-nelle-alpi-scontro-mortale-sulla-statale-51-di-alemagna\/\" \/>\n<meta property=\"og:site_name\" content=\"Bellunopress - Dolomiti\" \/>\n<meta property=\"article:publisher\" content=\"https:\/\/www.facebook.com\/profile.php?id=100008943462799\" \/>\n<meta property=\"article:published_time\" content=\"2026-04-09T20:20:23+00:00\" \/>\n<meta property=\"og:image\" content=\"https:\/\/www.bellunopress.it\/wp-content\/uploads\/2021\/04\/Anas_edited.jpg\" \/>\n\t<meta property=\"og:image:width\" content=\"1000\" \/>\n\t<meta property=\"og:image:height\" content=\"568\" \/>\n\t<meta property=\"og:image:type\" content=\"image\/jpeg\" \/>\n<meta name=\"author\" content=\"redazione\" \/>\n<meta name=\"twitter:card\" content=\"summary_large_image\" \/>\n<meta name=\"twitter:creator\" content=\"@bellunopress\" \/>\n<meta name=\"twitter:site\" content=\"@bellunopress\" \/>\n<meta name=\"twitter:label1\" content=\"\u00c9crit par\" \/>\n\t<meta name=\"twitter:data1\" content=\"redazione\" \/>\n\t<meta name=\"twitter:label2\" content=\"Dur\u00e9e de lecture estim\u00e9e\" \/>\n\t<meta name=\"twitter:data2\" content=\"1 minute\" \/>\n<script type=\"application\/ld+json\" class=\"yoast-schema-graph\">{\"@context\":\"https:\\\/\\\/schema.org\",\"@graph\":[{\"@type\":\"Article\",\"@id\":\"https:\\\/\\\/www.bellunopress.it\\\/2026\\\/04\\\/09\\\/tragedia-a-ponte-nelle-alpi-scontro-mortale-sulla-statale-51-di-alemagna\\\/#article\",\"isPartOf\":{\"@id\":\"https:\\\/\\\/www.bellunopress.it\\\/2026\\\/04\\\/09\\\/tragedia-a-ponte-nelle-alpi-scontro-mortale-sulla-statale-51-di-alemagna\\\/\"},\"author\":{\"name\":\"redazione\",\"@id\":\"https:\\\/\\\/www.bellunopress.it\\\/#\\\/schema\\\/person\\\/79bb06722b37ece1c03d3e94beb30d73\"},\"headline\":\"Tragedia a Ponte nelle Alpi: scontro mortale sulla Statale 51 di Alemagna\",\"datePublished\":\"2026-04-09T20:20:23+00:00\",\"mainEntityOfPage\":{\"@id\":\"https:\\\/\\\/www.bellunopress.it\\\/2026\\\/04\\\/09\\\/tragedia-a-ponte-nelle-alpi-scontro-mortale-sulla-statale-51-di-alemagna\\\/\"},\"wordCount\":183,\"publisher\":{\"@id\":\"https:\\\/\\\/www.bellunopress.it\\\/#organization\"},\"image\":{\"@id\":\"https:\\\/\\\/www.bellunopress.it\\\/2026\\\/04\\\/09\\\/tragedia-a-ponte-nelle-alpi-scontro-mortale-sulla-statale-51-di-alemagna\\\/#primaryimage\"},\"thumbnailUrl\":\"https:\\\/\\\/www.bellunopress.it\\\/wp-content\\\/uploads\\\/2021\\\/04\\\/Anas_edited.jpg\",\"articleSection\":[\"Cronaca\\\/Politica\",\"Prima Pagina\"],\"inLanguage\":\"fr-FR\"},{\"@type\":\"WebPage\",\"@id\":\"https:\\\/\\\/www.bellunopress.it\\\/2026\\\/04\\\/09\\\/tragedia-a-ponte-nelle-alpi-scontro-mortale-sulla-statale-51-di-alemagna\\\/\",\"url\":\"https:\\\/\\\/www.bellunopress.it\\\/2026\\\/04\\\/09\\\/tragedia-a-ponte-nelle-alpi-scontro-mortale-sulla-statale-51-di-alemagna\\\/\",\"name\":\"Tragedia a Ponte nelle Alpi: scontro mortale sulla Statale 51 di Alemagna - Bellunopress - Dolomiti\",\"isPartOf\":{\"@id\":\"https:\\\/\\\/www.bellunopress.it\\\/#website\"},\"primaryImageOfPage\":{\"@id\":\"https:\\\/\\\/www.bellunopress.it\\\/2026\\\/04\\\/09\\\/tragedia-a-ponte-nelle-alpi-scontro-mortale-sulla-statale-51-di-alemagna\\\/#primaryimage\"},\"image\":{\"@id\":\"https:\\\/\\\/www.bellunopress.it\\\/2026\\\/04\\\/09\\\/tragedia-a-ponte-nelle-alpi-scontro-mortale-sulla-statale-51-di-alemagna\\\/#primaryimage\"},\"thumbnailUrl\":\"https:\\\/\\\/www.bellunopress.it\\\/wp-content\\\/uploads\\\/2021\\\/04\\\/Anas_edited.jpg\",\"datePublished\":\"2026-04-09T20:20:23+00:00\",\"breadcrumb\":{\"@id\":\"https:\\\/\\\/www.bellunopress.it\\\/2026\\\/04\\\/09\\\/tragedia-a-ponte-nelle-alpi-scontro-mortale-sulla-statale-51-di-alemagna\\\/#breadcrumb\"},\"inLanguage\":\"fr-FR\",\"potentialAction\":[{\"@type\":\"ReadAction\",\"target\":[\"https:\\\/\\\/www.bellunopress.it\\\/2026\\\/04\\\/09\\\/tragedia-a-ponte-nelle-alpi-scontro-mortale-sulla-statale-51-di-alemagna\\\/\"]}]},{\"@type\":\"ImageObject\",\"inLanguage\":\"fr-FR\",\"@id\":\"https:\\\/\\\/www.bellunopress.it\\\/2026\\\/04\\\/09\\\/tragedia-a-ponte-nelle-alpi-scontro-mortale-sulla-statale-51-di-alemagna\\\/#primaryimage\",\"url\":\"https:\\\/\\\/www.bellunopress.it\\\/wp-content\\\/uploads\\\/2021\\\/04\\\/Anas_edited.jpg\",\"contentUrl\":\"https:\\\/\\\/www.bellunopress.it\\\/wp-content\\\/uploads\\\/2021\\\/04\\\/Anas_edited.jpg\",\"width\":1000,\"height\":568},{\"@type\":\"BreadcrumbList\",\"@id\":\"https:\\\/\\\/www.bellunopress.it\\\/2026\\\/04\\\/09\\\/tragedia-a-ponte-nelle-alpi-scontro-mortale-sulla-statale-51-di-alemagna\\\/#breadcrumb\",\"itemListElement\":[{\"@type\":\"ListItem\",\"position\":1,\"name\":\"Home\",\"item\":\"https:\\\/\\\/www.bellunopress.it\\\/\"},{\"@type\":\"ListItem\",\"position\":2,\"name\":\"Tragedia a Ponte nelle Alpi: scontro mortale sulla Statale 51 di Alemagna\"}]},{\"@type\":\"WebSite\",\"@id\":\"https:\\\/\\\/www.bellunopress.it\\\/#website\",\"url\":\"https:\\\/\\\/www.bellunopress.it\\\/\",\"name\":\"Bellunopress - Dolomiti\",\"description\":\"e-mail: redazione@bellunopress.it\",\"publisher\":{\"@id\":\"https:\\\/\\\/www.bellunopress.it\\\/#organization\"},\"potentialAction\":[{\"@type\":\"SearchAction\",\"target\":{\"@type\":\"EntryPoint\",\"urlTemplate\":\"https:\\\/\\\/www.bellunopress.it\\\/?s={search_term_string}\"},\"query-input\":{\"@type\":\"PropertyValueSpecification\",\"valueRequired\":true,\"valueName\":\"search_term_string\"}}],\"inLanguage\":\"fr-FR\"},{\"@type\":\"Organization\",\"@id\":\"https:\\\/\\\/www.bellunopress.it\\\/#organization\",\"name\":\"Bellunopress\",\"url\":\"https:\\\/\\\/www.bellunopress.it\\\/\",\"logo\":{\"@type\":\"ImageObject\",\"inLanguage\":\"fr-FR\",\"@id\":\"https:\\\/\\\/www.bellunopress.it\\\/#\\\/schema\\\/logo\\\/image\\\/\",\"url\":\"https:\\\/\\\/www.bellunopress.it\\\/wp-content\\\/uploads\\\/2011\\\/05\\\/cropped-logo-bellunopress-.jpg\",\"contentUrl\":\"https:\\\/\\\/www.bellunopress.it\\\/wp-content\\\/uploads\\\/2011\\\/05\\\/cropped-logo-bellunopress-.jpg\",\"width\":512,\"height\":512,\"caption\":\"Bellunopress\"},\"image\":{\"@id\":\"https:\\\/\\\/www.bellunopress.it\\\/#\\\/schema\\\/logo\\\/image\\\/\"},\"sameAs\":[\"https:\\\/\\\/www.facebook.com\\\/profile.php?id=100008943462799\",\"https:\\\/\\\/x.com\\\/bellunopress\",\"https:\\\/\\\/www.linkedin.com\\\/hp\\\/?dnr=JBzUWaJfMUw8vbXJJ2tVW5-I3jZKvC4wsoxE&amp;amp;amp;amp;amp;amp;trk=nav_responsive_tab_home\",\"https:\\\/\\\/www.youtube.com\\\/channel\\\/UCxL0wu1uN0_3_7hGG0306cw\"]},{\"@type\":\"Person\",\"@id\":\"https:\\\/\\\/www.bellunopress.it\\\/#\\\/schema\\\/person\\\/79bb06722b37ece1c03d3e94beb30d73\",\"name\":\"redazione\",\"image\":{\"@type\":\"ImageObject\",\"inLanguage\":\"fr-FR\",\"@id\":\"https:\\\/\\\/secure.gravatar.com\\\/avatar\\\/37d968a2e67a6fd04c169c4bdef102d0bc5d31b2546345219e348575eb80e9a0?s=96&d=mm&r=g\",\"url\":\"https:\\\/\\\/secure.gravatar.com\\\/avatar\\\/37d968a2e67a6fd04c169c4bdef102d0bc5d31b2546345219e348575eb80e9a0?s=96&d=mm&r=g\",\"contentUrl\":\"https:\\\/\\\/secure.gravatar.com\\\/avatar\\\/37d968a2e67a6fd04c169c4bdef102d0bc5d31b2546345219e348575eb80e9a0?s=96&d=mm&r=g\",\"caption\":\"redazione\"},\"sameAs\":[\"http:\\\/\\\/www.bellunopress.it\",\"https:\\\/\\\/x.com\\\/bellunopress\"],\"url\":\"https:\\\/\\\/www.bellunopress.it\\\/fr\\\/author\\\/redazione\\\/\"}]}<\/script>\n<!-- \/ Yoast SEO plugin. -->","yoast_head_json":{"title":"Tragedia a Ponte nelle Alpi: scontro mortale sulla Statale 51 di Alemagna - Bellunopress - Dolomiti","robots":{"index":"index","follow":"follow","max-snippet":"max-snippet:-1","max-image-preview":"max-image-preview:large","max-video-preview":"max-video-preview:-1"},"canonical":"https:\/\/www.bellunopress.it\/fr\/2026\/04\/09\/tragedia-a-ponte-nelle-alpi-scontro-mortale-sulla-statale-51-di-alemagna\/","og_locale":"fr_FR","og_type":"article","og_title":"Tragedia a Ponte nelle Alpi: scontro mortale sulla Statale 51 di Alemagna - Bellunopress - Dolomiti","og_description":"Ponte nelle Alpi, 09\/04\/2026 \u2013\u00a0 Giornata di sangue sulle strade del Bellunese. Nel pomeriggio di oggi\u00a0un gravissimo incidente stradale ha provocato la chiusura totale della SS 51 &#8220;di Alemagna&#8221; nel territorio comunale di Ponte nelle Alpi. Il bilancio \u00e8 drammatico: nello scontro, che ha coinvolto due auto e una moto, il motociclista ha perso la [&hellip;]","og_url":"https:\/\/www.bellunopress.it\/fr\/2026\/04\/09\/tragedia-a-ponte-nelle-alpi-scontro-mortale-sulla-statale-51-di-alemagna\/","og_site_name":"Bellunopress - Dolomiti","article_publisher":"https:\/\/www.facebook.com\/profile.php?id=100008943462799","article_published_time":"2026-04-09T20:20:23+00:00","og_image":[{"width":1000,"height":568,"url":"https:\/\/www.bellunopress.it\/wp-content\/uploads\/2021\/04\/Anas_edited.jpg","type":"image\/jpeg"}],"author":"redazione","twitter_card":"summary_large_image","twitter_creator":"@bellunopress","twitter_site":"@bellunopress","twitter_misc":{"\u00c9crit par":"redazione","Dur\u00e9e de lecture estim\u00e9e":"1 minute"},"schema":{"@context":"https:\/\/schema.org","@graph":[{"@type":"Article","@id":"https:\/\/www.bellunopress.it\/2026\/04\/09\/tragedia-a-ponte-nelle-alpi-scontro-mortale-sulla-statale-51-di-alemagna\/#article","isPartOf":{"@id":"https:\/\/www.bellunopress.it\/2026\/04\/09\/tragedia-a-ponte-nelle-alpi-scontro-mortale-sulla-statale-51-di-alemagna\/"},"author":{"name":"redazione","@id":"https:\/\/www.bellunopress.it\/#\/schema\/person\/79bb06722b37ece1c03d3e94beb30d73"},"headline":"Tragedia a Ponte nelle Alpi: scontro mortale sulla Statale 51 di Alemagna","datePublished":"2026-04-09T20:20:23+00:00","mainEntityOfPage":{"@id":"https:\/\/www.bellunopress.it\/2026\/04\/09\/tragedia-a-ponte-nelle-alpi-scontro-mortale-sulla-statale-51-di-alemagna\/"},"wordCount":183,"publisher":{"@id":"https:\/\/www.bellunopress.it\/#organization"},"image":{"@id":"https:\/\/www.bellunopress.it\/2026\/04\/09\/tragedia-a-ponte-nelle-alpi-scontro-mortale-sulla-statale-51-di-alemagna\/#primaryimage"},"thumbnailUrl":"https:\/\/www.bellunopress.it\/wp-content\/uploads\/2021\/04\/Anas_edited.jpg","articleSection":["Cronaca\/Politica","Prima Pagina"],"inLanguage":"fr-FR"},{"@type":"WebPage","@id":"https:\/\/www.bellunopress.it\/2026\/04\/09\/tragedia-a-ponte-nelle-alpi-scontro-mortale-sulla-statale-51-di-alemagna\/","url":"https:\/\/www.bellunopress.it\/2026\/04\/09\/tragedia-a-ponte-nelle-alpi-scontro-mortale-sulla-statale-51-di-alemagna\/","name":"Tragedia a Ponte nelle Alpi: scontro mortale sulla Statale 51 di Alemagna - Bellunopress - Dolomiti","isPartOf":{"@id":"https:\/\/www.bellunopress.it\/#website"},"primaryImageOfPage":{"@id":"https:\/\/www.bellunopress.it\/2026\/04\/09\/tragedia-a-ponte-nelle-alpi-scontro-mortale-sulla-statale-51-di-alemagna\/#primaryimage"},"image":{"@id":"https:\/\/www.bellunopress.it\/2026\/04\/09\/tragedia-a-ponte-nelle-alpi-scontro-mortale-sulla-statale-51-di-alemagna\/#primaryimage"},"thumbnailUrl":"https:\/\/www.bellunopress.it\/wp-content\/uploads\/2021\/04\/Anas_edited.jpg","datePublished":"2026-04-09T20:20:23+00:00","breadcrumb":{"@id":"https:\/\/www.bellunopress.it\/2026\/04\/09\/tragedia-a-ponte-nelle-alpi-scontro-mortale-sulla-statale-51-di-alemagna\/#breadcrumb"},"inLanguage":"fr-FR","potentialAction":[{"@type":"ReadAction","target":["https:\/\/www.bellunopress.it\/2026\/04\/09\/tragedia-a-ponte-nelle-alpi-scontro-mortale-sulla-statale-51-di-alemagna\/"]}]},{"@type":"ImageObject","inLanguage":"fr-FR","@id":"https:\/\/www.bellunopress.it\/2026\/04\/09\/tragedia-a-ponte-nelle-alpi-scontro-mortale-sulla-statale-51-di-alemagna\/#primaryimage","url":"https:\/\/www.bellunopress.it\/wp-content\/uploads\/2021\/04\/Anas_edited.jpg","contentUrl":"https:\/\/www.bellunopress.it\/wp-content\/uploads\/2021\/04\/Anas_edited.jpg","width":1000,"height":568},{"@type":"BreadcrumbList","@id":"https:\/\/www.bellunopress.it\/2026\/04\/09\/tragedia-a-ponte-nelle-alpi-scontro-mortale-sulla-statale-51-di-alemagna\/#breadcrumb","itemListElement":[{"@type":"ListItem","position":1,"name":"Home","item":"https:\/\/www.bellunopress.it\/"},{"@type":"ListItem","position":2,"name":"Tragedia a Ponte nelle Alpi: scontro mortale sulla Statale 51 di Alemagna"}]},{"@type":"WebSite","@id":"https:\/\/www.bellunopress.it\/#website","url":"https:\/\/www.bellunopress.it\/","name":"Bellunopress - Dolomiti","description":"e-mail: redazione@bellunopress.it","publisher":{"@id":"https:\/\/www.bellunopress.it\/#organization"},"potentialAction":[{"@type":"SearchAction","target":{"@type":"EntryPoint","urlTemplate":"https:\/\/www.bellunopress.it\/?s={search_term_string}"},"query-input":{"@type":"PropertyValueSpecification","valueRequired":true,"valueName":"search_term_string"}}],"inLanguage":"fr-FR"},{"@type":"Organization","@id":"https:\/\/www.bellunopress.it\/#organization","name":"Bellunopress","url":"https:\/\/www.bellunopress.it\/","logo":{"@type":"ImageObject","inLanguage":"fr-FR","@id":"https:\/\/www.bellunopress.it\/#\/schema\/logo\/image\/","url":"https:\/\/www.bellunopress.it\/wp-content\/uploads\/2011\/05\/cropped-logo-bellunopress-.jpg","contentUrl":"https:\/\/www.bellunopress.it\/wp-content\/uploads\/2011\/05\/cropped-logo-bellunopress-.jpg","width":512,"height":512,"caption":"Bellunopress"},"image":{"@id":"https:\/\/www.bellunopress.it\/#\/schema\/logo\/image\/"},"sameAs":["https:\/\/www.facebook.com\/profile.php?id=100008943462799","https:\/\/x.com\/bellunopress","https:\/\/www.linkedin.com\/hp\/?dnr=JBzUWaJfMUw8vbXJJ2tVW5-I3jZKvC4wsoxE&amp;amp;amp;amp;amp;amp;trk=nav_responsive_tab_home","https:\/\/www.youtube.com\/channel\/UCxL0wu1uN0_3_7hGG0306cw"]},{"@type":"Person","@id":"https:\/\/www.bellunopress.it\/#\/schema\/person\/79bb06722b37ece1c03d3e94beb30d73","name":"r\u00e9daction","image":{"@type":"ImageObject","inLanguage":"fr-FR","@id":"https:\/\/secure.gravatar.com\/avatar\/37d968a2e67a6fd04c169c4bdef102d0bc5d31b2546345219e348575eb80e9a0?s=96&d=mm&r=g","url":"https:\/\/secure.gravatar.com\/avatar\/37d968a2e67a6fd04c169c4bdef102d0bc5d31b2546345219e348575eb80e9a0?s=96&d=mm&r=g","contentUrl":"https:\/\/secure.gravatar.com\/avatar\/37d968a2e67a6fd04c169c4bdef102d0bc5d31b2546345219e348575eb80e9a0?s=96&d=mm&r=g","caption":"redazione"},"sameAs":["http:\/\/www.bellunopress.it","https:\/\/x.com\/bellunopress"],"url":"https:\/\/www.bellunopress.it\/fr\/author\/redazione\/"}]}},"_links":{"self":[{"href":"https:\/\/www.bellunopress.it\/fr\/wp-json\/wp\/v2\/posts\/168950","targetHints":{"allow":["GET"]}}],"collection":[{"href":"https:\/\/www.bellunopress.it\/fr\/wp-json\/wp\/v2\/posts"}],"about":[{"href":"https:\/\/www.bellunopress.it\/fr\/wp-json\/wp\/v2\/types\/post"}],"author":[{"embeddable":true,"href":"https:\/\/www.bellunopress.it\/fr\/wp-json\/wp\/v2\/users\/2"}],"replies":[{"embeddable":true,"href":"https:\/\/www.bellunopress.it\/fr\/wp-json\/wp\/v2\/comments?post=168950"}],"version-history":[{"count":1,"href":"https:\/\/www.bellunopress.it\/fr\/wp-json\/wp\/v2\/posts\/168950\/revisions"}],"predecessor-version":[{"id":168951,"href":"https:\/\/www.bellunopress.it\/fr\/wp-json\/wp\/v2\/posts\/168950\/revisions\/168951"}],"wp:featuredmedia":[{"embeddable":true,"href":"https:\/\/www.bellunopress.it\/fr\/wp-json\/wp\/v2\/media\/123568"}],"wp:attachment":[{"href":"https:\/\/www.bellunopress.it\/fr\/wp-json\/wp\/v2\/media?parent=168950"}],"wp:term":[{"taxonomy":"category","embeddable":true,"href":"https:\/\/www.bellunopress.it\/fr\/wp-json\/wp\/v2\/categories?post=168950"},{"taxonomy":"post_tag","embeddable":true,"href":"https:\/\/www.bellunopress.it\/fr\/wp-json\/wp\/v2\/tags?post=168950"}],"curies":[{"name":"wp","href":"https:\/\/api.w.org\/{rel}","templated":true}]}}