{"id":168940,"date":"2026-04-09T16:36:16","date_gmt":"2026-04-09T14:36:16","guid":{"rendered":"https:\/\/www.bellunopress.it\/?p=168940"},"modified":"2026-04-09T16:54:45","modified_gmt":"2026-04-09T14:54:45","slug":"cortina-2026-lo-sport-prende-voce-presentato-ieri-allastor-di-belluno-il-successo-del-format-cortina-come-olimpia","status":"publish","type":"post","link":"https:\/\/www.bellunopress.it\/fr\/2026\/04\/09\/cortina-2026-lo-sport-prende-voce-presentato-ieri-allastor-di-belluno-il-successo-del-format-cortina-come-olimpia\/","title":{"rendered":"Cortina 2026, lo sport prende voce: presentato ieri all&#8217;Astor di Belluno il successo del format &#8220;Cortina come Olimpia&#8221;"},"content":{"rendered":"<p id=\"p-rc_4c01ad7af24096c5-19\" data-path-to-node=\"2\"><span class=\"citation-59\">Belluno, 09\/04\/2026 &#8211; <\/span><span class=\"citation-59\">Si \u00e8 tenuta ieri pomeriggio, nell panoramica cornice dell&#8217;Hotel Astor di Belluno, la conferenza stampa di presentazione dei risultati finali di <\/span><span class=\"citation-59\">&#8220;Cortina come Olimpia&#8221;<\/span><span class=\"citation-59\">, il format radiofonico che ha raccontato le Olimpiadi Invernali Milano Cortina 2026 direttamente dal cuore pulsante dell\u2019evento<\/span>. <span data-path-to-node=\"2,4\"><span class=\"citation-58\">I direttori di <\/span><span class=\"citation-58\">Radio Club 103 Dolomiti &#8211; Barbara Paolazzi<\/span><span class=\"citation-58\">, <\/span><span class=\"citation-58\">Radio Pi\u00f9 Emittente Agordina &#8211; Mirko Mezzacasa<\/span><span class=\"citation-58\"> e <\/span><span class=\"citation-58\">Radio Primiero &#8211; Paolo Obber<\/span><span class=\"citation-58\"> hanno illustrato i numeri e l&#8217;impatto di un progetto che ha trasformato la competizione sportiva in un\u2019esperienza corale e condivisa<\/span><\/span><span data-path-to-node=\"2,6\">.<\/span><\/p>\n<h6 data-path-to-node=\"6\"><strong>I numeri del successo: radio, social e territorio<\/strong><\/h6>\n<p>Sessanta trasmissioni radiofoniche, 42 stories social prodotte in 22 giornate olimpiche e paralimpiche, oltre 8 milioni di visualizzazioni sui canali Instagram e Facebook: risultati importanti quelli ottenuti dal format \u201cCortina come Olimpia\u201d che in occasione dei Giochi Olimpici e Paralimpici di Milano Cortina 2026 ha visto le emittenti radiofoniche bellunesi Radio Club 103 e Radio Pi\u00f9 Emittente Agordina raccontare il \u201cdietro le quinte\u201d degli appuntamenti olimpici.<\/p>\n<h6><strong>La squadra<\/strong><br \/>\nQuesti numeri sono stato il frutto di un importante gioco di squadra che ha coinvolto l&#8217;intero territorio bellunese e diverse forme mediatiche: ideato da Biagio Giannone, commerciale del gruppo Le Tre Radio (che include oltre a Radio Club 103 e Radio Pi\u00f9 anche la trentina Radio Primiero), ha visto il coordinamento della brand identity &amp; social media strategy di Martina Gennari, titolare di Meemu.<br \/>\nL&#8217;iniziativa ha visto il coinvolgimento di dieci sponsor (Confindustria Belluno Dolomiti; Appia CNA Belluno; Confcommercio Belluno Dolomiti, Casartigiani Belluno, We Love Nevegal, Springo, Walber, Ivo Fontana Mobili, Bernard Claudio Motors e Carrozzeria da Franco di Crepaz Fabrizio, queste ultime due da Pozza di Fassa), che hanno sostenuto il progetto con 500 spot radio, la pubblicazione di due pagine pubblicitarie nei mesi di febbraio e marzo su Mensile News (periodico gratuito con una tiratura di 7.000 copie, distribuito in tutta la provincia di Belluno) e la presenza per sei settimane con uno spot al display del distributore di carburante Azzalini Energie a Fortogna di Longarone, su quella Statale di Alemagna strada principale di collegamento verso le zone di gara bellunesi.<\/h6>\n<p><strong>I numeri<\/strong><br \/>\nCentrale nella realizzazione del programma \u00e8 stata Casa Veneto, ospitata nei giorni dei Giochi negli spazi della Case delle Regole di Cortina d&#8217;Ampezzo: qui sono state registrate infatti la maggior parte delle 68 interviste realizzate nel corso dei 27 giorni di gara. Importante anche la collaborazione con Fondazione Cortina che ha visto nella Dolomiti Lounge all&#8217;Alexander Hall la realizzazione di numerosi incontri con atleti e tecnici.<br \/>\nCon questo programma, si \u00e8 deciso di affiancare alla trasmissione radiofonica anche degli spazi dedicati sui social delle due emittenti: sui canali Instagram e Facebook sono stati infatti caricati 32 post, 32 reels e 42 stories; le visualizzazioni totali hanno sfondato quota 8 milioni (8.159.383), mentre la copertura totale della campagna \u00e8 stata di oltre 310mila utenti (312.533).<\/p>\n<p>Radio: Sono stati trasmessi 500 spot complessivi (10 al giorno per 50 giorni), con 60 trasmissioni e oltre 240 &#8220;pillole&#8221; informative.<\/p>\n<p>Social Media: La strategia curata dallo studio Meemu di Martina Gennari ha generato numeri imponenti, con oltre 8,1 milioni di visualizzazioni totali e una copertura organica di oltre 312.000 utenti tra Instagram e Facebook.<\/p>\n<p>Presenza Fisica: Oltre alla postazione dedicata nel media center di Casa Veneto, il progetto ha visto anche spot su display stradali lungo la SS51 Alemagna.<\/p>\n<p><strong>Identit\u00e0 visiva e innovazione<\/strong><\/p>\n<p>Particolare attenzione \u00e8 stata dedicata alla brand identity. Il logo del format \u00e8 un &#8220;tipogramma puro&#8221; che utilizza il font Riant Display. La scelta non \u00e8 casuale: la doppia linea dei caratteri richiama le piste da sci, mentre le forme chiuse di lettere come la &#8220;c&#8221; e la &#8220;o&#8221; evocano simbolicamente i cinque cerchi olimpici.<\/p>\n<p><strong>Il programma<\/strong><br \/>\nNel corso di \u201cCortina come Olimpia\u201d sono stati tanti i temi affrontati, grazie anche alla grande variet\u00e0 di ospiti: spazio allo sport con gli atleti azzurri delle Paralimpiadi (comprese le medaglie d&#8217;oro Ren\u00e8 De Silvestro ed Emanuel Perathoner), ma anche agli italiani \u201call&#8217;estero\u201d come Nicol\u00f2 Rossi, skiman della nazionale di snowboard del Canada, alle tradizionali particolarit\u00e0 olimpiche come l&#8217;incontro con Rolando Reid del team bob della Giamaica, e ai simboli dello sport italiano come Gustav Thoeni, Kristian Ghedina e Francesca Porcellato.<br \/>\nSpazio poi alla quotidianit\u00e0 olimpica di Cortina d&#8217;Ampezzo, tra eventi, istituzioni e approfondimenti con albergatori e realt\u00e0 ricettive, e alla legacy olimpica, dal punto di vista infrastrutturale \u2013 con i commissari olimpici e paralimpici Fabio Saldini e Giuseppe Fasiol \u2013 ma anche culturale, valoriale ed economico con imprenditori e associazioni di categoria.<br \/>\nSi \u00e8 parlato di comunicazione &#8211; sportiva e territoriale &#8211; con i Veneto Creators, con social media manager e responsabili di relazioni pubbliche federali, ma anche con le voci e i dj che hanno animato le piste olimpiche; grande attenzione infine ai temi sociali, con il volontariato, la parit\u00e0 di genere, le questioni sociali del territorio bellunese.<\/p>\n<p>\u201cCortina come Olimpia\u201d ha coperto l&#8217;intero periodo dei Giochi Olimpici e Paralimpici di Milano Cortina 2026 (dal 6 febbraio al 15 marzo 2026) con due repliche al giorno, precedute da un notiziario \u2013 anche in lingua inglese \u2013 con le notizie relative ai risultati e agli appuntamenti di gara del giorno.<\/p>\n<p><strong>Il futuro oltre le Olimpiadi<\/strong><\/p>\n<p>L&#8217;esperienza di &#8220;Cortina come Olimpia&#8221; non si esaurisce con lo spegnimento della fiaccola olimpica. Durante l&#8217;incontro all&#8217;Astor, \u00e8 emersa la volont\u00e0 di dare continuit\u00e0 al format. L\u2019obiettivo \u00e8 trasformare questo modello editoriale in uno strumento stabile per il racconto delle eccellenze bellunesi attraverso serie podcast e contenuti digitali tematici dedicati al turismo e allo sviluppo economico.<\/p>\n<p>&#8220;Stiamo creando un nuovo prodotto turistico &#8211; ha fatto sapere Gianluca Lorenzi, sindaco di Cortina d&#8217;Ampezzo &#8211; basato sullo sport e sull&#8217;offerta del territorio&#8221;. Un legame tra sport e comunit\u00e0 che, grazie alla voce della radio, promette di continuare a valorizzare le Dolomiti anche negli anni a venire.<\/p>\n<div class=\"source-inline-chip-container ng-star-inserted\"><\/div>\n<div class=\"source-inline-chip-container ng-star-inserted\"><\/div>\n<p>&nbsp;<\/p>","protected":false},"excerpt":{"rendered":"<p>Belluno, 09\/04\/2026 &#8211; Si \u00e8 tenuta ieri pomeriggio, nell panoramica cornice dell&#8217;Hotel Astor di Belluno, la conferenza stampa di presentazione dei risultati finali di &#8220;Cortina come Olimpia&#8221;, il format radiofonico che ha raccontato le Olimpiadi Invernali Milano Cortina 2026 direttamente dal cuore pulsante dell\u2019evento. I direttori di Radio Club 103 Dolomiti &#8211; Barbara Paolazzi, Radio [&hellip;]<\/p>\n","protected":false},"author":2,"featured_media":168941,"comment_status":"closed","ping_status":"open","sticky":false,"template":"","format":"standard","meta":{"footnotes":""},"categories":[36,26],"tags":[3770],"class_list":["post-168940","post","type-post","status-publish","format-standard","has-post-thumbnail","category-lavoro-economia","category-prima-pagina","tag-olimpiadi-milano-cortina-2026"],"yoast_head":"<!-- This site is optimized with the Yoast SEO plugin v28.4 - https:\/\/yoast.com\/product\/yoast-seo-wordpress\/ -->\n<title>Cortina 2026, lo sport prende voce: presentato ieri all&#039;Astor di Belluno il successo del format &quot;Cortina come Olimpia&quot; - Bellunopress - Dolomiti<\/title>\n<meta name=\"robots\" content=\"index, follow, max-snippet:-1, max-image-preview:large, max-video-preview:-1\" \/>\n<link rel=\"canonical\" href=\"https:\/\/www.bellunopress.it\/fr\/2026\/04\/09\/cortina-2026-lo-sport-prende-voce-presentato-ieri-allastor-di-belluno-il-successo-del-format-cortina-come-olimpia\/\" \/>\n<meta property=\"og:locale\" content=\"fr_FR\" \/>\n<meta property=\"og:type\" content=\"article\" \/>\n<meta property=\"og:title\" content=\"Cortina 2026, lo sport prende voce: presentato ieri all&#039;Astor di Belluno il successo del format &quot;Cortina come Olimpia&quot; - Bellunopress - Dolomiti\" \/>\n<meta property=\"og:description\" content=\"Belluno, 09\/04\/2026 &#8211; Si \u00e8 tenuta ieri pomeriggio, nell panoramica cornice dell&#8217;Hotel Astor di Belluno, la conferenza stampa di presentazione dei risultati finali di &#8220;Cortina come Olimpia&#8221;, il format radiofonico che ha raccontato le Olimpiadi Invernali Milano Cortina 2026 direttamente dal cuore pulsante dell\u2019evento. I direttori di Radio Club 103 Dolomiti &#8211; Barbara Paolazzi, Radio [&hellip;]\" \/>\n<meta property=\"og:url\" content=\"https:\/\/www.bellunopress.it\/fr\/2026\/04\/09\/cortina-2026-lo-sport-prende-voce-presentato-ieri-allastor-di-belluno-il-successo-del-format-cortina-come-olimpia\/\" \/>\n<meta property=\"og:site_name\" content=\"Bellunopress - Dolomiti\" \/>\n<meta property=\"article:publisher\" content=\"https:\/\/www.facebook.com\/profile.php?id=100008943462799\" \/>\n<meta property=\"article:published_time\" content=\"2026-04-09T14:36:16+00:00\" \/>\n<meta property=\"article:modified_time\" content=\"2026-04-09T14:54:45+00:00\" \/>\n<meta property=\"og:image\" content=\"https:\/\/www.bellunopress.it\/wp-content\/uploads\/2026\/04\/Astor-post-olimpiadi-cortina.jpg\" \/>\n\t<meta property=\"og:image:width\" content=\"600\" \/>\n\t<meta property=\"og:image:height\" content=\"434\" \/>\n\t<meta property=\"og:image:type\" content=\"image\/jpeg\" \/>\n<meta name=\"author\" content=\"redazione\" \/>\n<meta name=\"twitter:card\" content=\"summary_large_image\" \/>\n<meta name=\"twitter:creator\" content=\"@bellunopress\" \/>\n<meta name=\"twitter:site\" content=\"@bellunopress\" \/>\n<meta name=\"twitter:label1\" content=\"\u00c9crit par\" \/>\n\t<meta name=\"twitter:data1\" content=\"redazione\" \/>\n\t<meta name=\"twitter:label2\" content=\"Dur\u00e9e de lecture estim\u00e9e\" \/>\n\t<meta name=\"twitter:data2\" content=\"5 minutes\" \/>\n<script type=\"application\/ld+json\" class=\"yoast-schema-graph\">{\"@context\":\"https:\\\/\\\/schema.org\",\"@graph\":[{\"@type\":\"Article\",\"@id\":\"https:\\\/\\\/www.bellunopress.it\\\/2026\\\/04\\\/09\\\/cortina-2026-lo-sport-prende-voce-presentato-ieri-allastor-di-belluno-il-successo-del-format-cortina-come-olimpia\\\/#article\",\"isPartOf\":{\"@id\":\"https:\\\/\\\/www.bellunopress.it\\\/2026\\\/04\\\/09\\\/cortina-2026-lo-sport-prende-voce-presentato-ieri-allastor-di-belluno-il-successo-del-format-cortina-come-olimpia\\\/\"},\"author\":{\"name\":\"redazione\",\"@id\":\"https:\\\/\\\/www.bellunopress.it\\\/#\\\/schema\\\/person\\\/79bb06722b37ece1c03d3e94beb30d73\"},\"headline\":\"Cortina 2026, lo sport prende voce: presentato ieri all&#8217;Astor di Belluno il successo del format &#8220;Cortina come Olimpia&#8221;\",\"datePublished\":\"2026-04-09T14:36:16+00:00\",\"dateModified\":\"2026-04-09T14:54:45+00:00\",\"mainEntityOfPage\":{\"@id\":\"https:\\\/\\\/www.bellunopress.it\\\/2026\\\/04\\\/09\\\/cortina-2026-lo-sport-prende-voce-presentato-ieri-allastor-di-belluno-il-successo-del-format-cortina-come-olimpia\\\/\"},\"wordCount\":957,\"publisher\":{\"@id\":\"https:\\\/\\\/www.bellunopress.it\\\/#organization\"},\"image\":{\"@id\":\"https:\\\/\\\/www.bellunopress.it\\\/2026\\\/04\\\/09\\\/cortina-2026-lo-sport-prende-voce-presentato-ieri-allastor-di-belluno-il-successo-del-format-cortina-come-olimpia\\\/#primaryimage\"},\"thumbnailUrl\":\"https:\\\/\\\/www.bellunopress.it\\\/wp-content\\\/uploads\\\/2026\\\/04\\\/Astor-post-olimpiadi-cortina.jpg\",\"keywords\":[\"Olimpiadi MIlano Cortina 2026\"],\"articleSection\":[\"Lavoro, Economia, Turismo\",\"Prima Pagina\"],\"inLanguage\":\"fr-FR\"},{\"@type\":\"WebPage\",\"@id\":\"https:\\\/\\\/www.bellunopress.it\\\/2026\\\/04\\\/09\\\/cortina-2026-lo-sport-prende-voce-presentato-ieri-allastor-di-belluno-il-successo-del-format-cortina-come-olimpia\\\/\",\"url\":\"https:\\\/\\\/www.bellunopress.it\\\/2026\\\/04\\\/09\\\/cortina-2026-lo-sport-prende-voce-presentato-ieri-allastor-di-belluno-il-successo-del-format-cortina-come-olimpia\\\/\",\"name\":\"Cortina 2026, lo sport prende voce: presentato ieri all'Astor di Belluno il successo del format \\\"Cortina come Olimpia\\\" - Bellunopress - Dolomiti\",\"isPartOf\":{\"@id\":\"https:\\\/\\\/www.bellunopress.it\\\/#website\"},\"primaryImageOfPage\":{\"@id\":\"https:\\\/\\\/www.bellunopress.it\\\/2026\\\/04\\\/09\\\/cortina-2026-lo-sport-prende-voce-presentato-ieri-allastor-di-belluno-il-successo-del-format-cortina-come-olimpia\\\/#primaryimage\"},\"image\":{\"@id\":\"https:\\\/\\\/www.bellunopress.it\\\/2026\\\/04\\\/09\\\/cortina-2026-lo-sport-prende-voce-presentato-ieri-allastor-di-belluno-il-successo-del-format-cortina-come-olimpia\\\/#primaryimage\"},\"thumbnailUrl\":\"https:\\\/\\\/www.bellunopress.it\\\/wp-content\\\/uploads\\\/2026\\\/04\\\/Astor-post-olimpiadi-cortina.jpg\",\"datePublished\":\"2026-04-09T14:36:16+00:00\",\"dateModified\":\"2026-04-09T14:54:45+00:00\",\"breadcrumb\":{\"@id\":\"https:\\\/\\\/www.bellunopress.it\\\/2026\\\/04\\\/09\\\/cortina-2026-lo-sport-prende-voce-presentato-ieri-allastor-di-belluno-il-successo-del-format-cortina-come-olimpia\\\/#breadcrumb\"},\"inLanguage\":\"fr-FR\",\"potentialAction\":[{\"@type\":\"ReadAction\",\"target\":[\"https:\\\/\\\/www.bellunopress.it\\\/2026\\\/04\\\/09\\\/cortina-2026-lo-sport-prende-voce-presentato-ieri-allastor-di-belluno-il-successo-del-format-cortina-come-olimpia\\\/\"]}]},{\"@type\":\"ImageObject\",\"inLanguage\":\"fr-FR\",\"@id\":\"https:\\\/\\\/www.bellunopress.it\\\/2026\\\/04\\\/09\\\/cortina-2026-lo-sport-prende-voce-presentato-ieri-allastor-di-belluno-il-successo-del-format-cortina-come-olimpia\\\/#primaryimage\",\"url\":\"https:\\\/\\\/www.bellunopress.it\\\/wp-content\\\/uploads\\\/2026\\\/04\\\/Astor-post-olimpiadi-cortina.jpg\",\"contentUrl\":\"https:\\\/\\\/www.bellunopress.it\\\/wp-content\\\/uploads\\\/2026\\\/04\\\/Astor-post-olimpiadi-cortina.jpg\",\"width\":600,\"height\":434},{\"@type\":\"BreadcrumbList\",\"@id\":\"https:\\\/\\\/www.bellunopress.it\\\/2026\\\/04\\\/09\\\/cortina-2026-lo-sport-prende-voce-presentato-ieri-allastor-di-belluno-il-successo-del-format-cortina-come-olimpia\\\/#breadcrumb\",\"itemListElement\":[{\"@type\":\"ListItem\",\"position\":1,\"name\":\"Home\",\"item\":\"https:\\\/\\\/www.bellunopress.it\\\/\"},{\"@type\":\"ListItem\",\"position\":2,\"name\":\"Cortina 2026, lo sport prende voce: presentato ieri all&#8217;Astor di Belluno il successo del format &#8220;Cortina come Olimpia&#8221;\"}]},{\"@type\":\"WebSite\",\"@id\":\"https:\\\/\\\/www.bellunopress.it\\\/#website\",\"url\":\"https:\\\/\\\/www.bellunopress.it\\\/\",\"name\":\"Bellunopress - Dolomiti\",\"description\":\"e-mail: redazione@bellunopress.it\",\"publisher\":{\"@id\":\"https:\\\/\\\/www.bellunopress.it\\\/#organization\"},\"potentialAction\":[{\"@type\":\"SearchAction\",\"target\":{\"@type\":\"EntryPoint\",\"urlTemplate\":\"https:\\\/\\\/www.bellunopress.it\\\/?s={search_term_string}\"},\"query-input\":{\"@type\":\"PropertyValueSpecification\",\"valueRequired\":true,\"valueName\":\"search_term_string\"}}],\"inLanguage\":\"fr-FR\"},{\"@type\":\"Organization\",\"@id\":\"https:\\\/\\\/www.bellunopress.it\\\/#organization\",\"name\":\"Bellunopress\",\"url\":\"https:\\\/\\\/www.bellunopress.it\\\/\",\"logo\":{\"@type\":\"ImageObject\",\"inLanguage\":\"fr-FR\",\"@id\":\"https:\\\/\\\/www.bellunopress.it\\\/#\\\/schema\\\/logo\\\/image\\\/\",\"url\":\"https:\\\/\\\/www.bellunopress.it\\\/wp-content\\\/uploads\\\/2011\\\/05\\\/cropped-logo-bellunopress-.jpg\",\"contentUrl\":\"https:\\\/\\\/www.bellunopress.it\\\/wp-content\\\/uploads\\\/2011\\\/05\\\/cropped-logo-bellunopress-.jpg\",\"width\":512,\"height\":512,\"caption\":\"Bellunopress\"},\"image\":{\"@id\":\"https:\\\/\\\/www.bellunopress.it\\\/#\\\/schema\\\/logo\\\/image\\\/\"},\"sameAs\":[\"https:\\\/\\\/www.facebook.com\\\/profile.php?id=100008943462799\",\"https:\\\/\\\/x.com\\\/bellunopress\",\"https:\\\/\\\/www.linkedin.com\\\/hp\\\/?dnr=JBzUWaJfMUw8vbXJJ2tVW5-I3jZKvC4wsoxE&amp;amp;amp;amp;amp;amp;trk=nav_responsive_tab_home\",\"https:\\\/\\\/www.youtube.com\\\/channel\\\/UCxL0wu1uN0_3_7hGG0306cw\"]},{\"@type\":\"Person\",\"@id\":\"https:\\\/\\\/www.bellunopress.it\\\/#\\\/schema\\\/person\\\/79bb06722b37ece1c03d3e94beb30d73\",\"name\":\"redazione\",\"image\":{\"@type\":\"ImageObject\",\"inLanguage\":\"fr-FR\",\"@id\":\"https:\\\/\\\/secure.gravatar.com\\\/avatar\\\/37d968a2e67a6fd04c169c4bdef102d0bc5d31b2546345219e348575eb80e9a0?s=96&d=mm&r=g\",\"url\":\"https:\\\/\\\/secure.gravatar.com\\\/avatar\\\/37d968a2e67a6fd04c169c4bdef102d0bc5d31b2546345219e348575eb80e9a0?s=96&d=mm&r=g\",\"contentUrl\":\"https:\\\/\\\/secure.gravatar.com\\\/avatar\\\/37d968a2e67a6fd04c169c4bdef102d0bc5d31b2546345219e348575eb80e9a0?s=96&d=mm&r=g\",\"caption\":\"redazione\"},\"sameAs\":[\"http:\\\/\\\/www.bellunopress.it\",\"https:\\\/\\\/x.com\\\/bellunopress\"],\"url\":\"https:\\\/\\\/www.bellunopress.it\\\/fr\\\/author\\\/redazione\\\/\"}]}<\/script>\n<!-- \/ Yoast SEO plugin. -->","yoast_head_json":{"title":"Cortina 2026, lo sport prende voce: presentato ieri all'Astor di Belluno il successo del format \"Cortina come Olimpia\" - Bellunopress - Dolomiti","robots":{"index":"index","follow":"follow","max-snippet":"max-snippet:-1","max-image-preview":"max-image-preview:large","max-video-preview":"max-video-preview:-1"},"canonical":"https:\/\/www.bellunopress.it\/fr\/2026\/04\/09\/cortina-2026-lo-sport-prende-voce-presentato-ieri-allastor-di-belluno-il-successo-del-format-cortina-come-olimpia\/","og_locale":"fr_FR","og_type":"article","og_title":"Cortina 2026, lo sport prende voce: presentato ieri all'Astor di Belluno il successo del format \"Cortina come Olimpia\" - Bellunopress - Dolomiti","og_description":"Belluno, 09\/04\/2026 &#8211; Si \u00e8 tenuta ieri pomeriggio, nell panoramica cornice dell&#8217;Hotel Astor di Belluno, la conferenza stampa di presentazione dei risultati finali di &#8220;Cortina come Olimpia&#8221;, il format radiofonico che ha raccontato le Olimpiadi Invernali Milano Cortina 2026 direttamente dal cuore pulsante dell\u2019evento. I direttori di Radio Club 103 Dolomiti &#8211; Barbara Paolazzi, Radio [&hellip;]","og_url":"https:\/\/www.bellunopress.it\/fr\/2026\/04\/09\/cortina-2026-lo-sport-prende-voce-presentato-ieri-allastor-di-belluno-il-successo-del-format-cortina-come-olimpia\/","og_site_name":"Bellunopress - Dolomiti","article_publisher":"https:\/\/www.facebook.com\/profile.php?id=100008943462799","article_published_time":"2026-04-09T14:36:16+00:00","article_modified_time":"2026-04-09T14:54:45+00:00","og_image":[{"width":600,"height":434,"url":"https:\/\/www.bellunopress.it\/wp-content\/uploads\/2026\/04\/Astor-post-olimpiadi-cortina.jpg","type":"image\/jpeg"}],"author":"redazione","twitter_card":"summary_large_image","twitter_creator":"@bellunopress","twitter_site":"@bellunopress","twitter_misc":{"\u00c9crit par":"redazione","Dur\u00e9e de lecture estim\u00e9e":"5 minutes"},"schema":{"@context":"https:\/\/schema.org","@graph":[{"@type":"Article","@id":"https:\/\/www.bellunopress.it\/2026\/04\/09\/cortina-2026-lo-sport-prende-voce-presentato-ieri-allastor-di-belluno-il-successo-del-format-cortina-come-olimpia\/#article","isPartOf":{"@id":"https:\/\/www.bellunopress.it\/2026\/04\/09\/cortina-2026-lo-sport-prende-voce-presentato-ieri-allastor-di-belluno-il-successo-del-format-cortina-come-olimpia\/"},"author":{"name":"redazione","@id":"https:\/\/www.bellunopress.it\/#\/schema\/person\/79bb06722b37ece1c03d3e94beb30d73"},"headline":"Cortina 2026, lo sport prende voce: presentato ieri all&#8217;Astor di Belluno il successo del format &#8220;Cortina come Olimpia&#8221;","datePublished":"2026-04-09T14:36:16+00:00","dateModified":"2026-04-09T14:54:45+00:00","mainEntityOfPage":{"@id":"https:\/\/www.bellunopress.it\/2026\/04\/09\/cortina-2026-lo-sport-prende-voce-presentato-ieri-allastor-di-belluno-il-successo-del-format-cortina-come-olimpia\/"},"wordCount":957,"publisher":{"@id":"https:\/\/www.bellunopress.it\/#organization"},"image":{"@id":"https:\/\/www.bellunopress.it\/2026\/04\/09\/cortina-2026-lo-sport-prende-voce-presentato-ieri-allastor-di-belluno-il-successo-del-format-cortina-come-olimpia\/#primaryimage"},"thumbnailUrl":"https:\/\/www.bellunopress.it\/wp-content\/uploads\/2026\/04\/Astor-post-olimpiadi-cortina.jpg","keywords":["Olimpiadi MIlano Cortina 2026"],"articleSection":["Lavoro, Economia, Turismo","Prima Pagina"],"inLanguage":"fr-FR"},{"@type":"WebPage","@id":"https:\/\/www.bellunopress.it\/2026\/04\/09\/cortina-2026-lo-sport-prende-voce-presentato-ieri-allastor-di-belluno-il-successo-del-format-cortina-come-olimpia\/","url":"https:\/\/www.bellunopress.it\/2026\/04\/09\/cortina-2026-lo-sport-prende-voce-presentato-ieri-allastor-di-belluno-il-successo-del-format-cortina-come-olimpia\/","name":"Cortina 2026, lo sport prende voce: presentato ieri all'Astor di Belluno il successo del format \"Cortina come Olimpia\" - Bellunopress - Dolomiti","isPartOf":{"@id":"https:\/\/www.bellunopress.it\/#website"},"primaryImageOfPage":{"@id":"https:\/\/www.bellunopress.it\/2026\/04\/09\/cortina-2026-lo-sport-prende-voce-presentato-ieri-allastor-di-belluno-il-successo-del-format-cortina-come-olimpia\/#primaryimage"},"image":{"@id":"https:\/\/www.bellunopress.it\/2026\/04\/09\/cortina-2026-lo-sport-prende-voce-presentato-ieri-allastor-di-belluno-il-successo-del-format-cortina-come-olimpia\/#primaryimage"},"thumbnailUrl":"https:\/\/www.bellunopress.it\/wp-content\/uploads\/2026\/04\/Astor-post-olimpiadi-cortina.jpg","datePublished":"2026-04-09T14:36:16+00:00","dateModified":"2026-04-09T14:54:45+00:00","breadcrumb":{"@id":"https:\/\/www.bellunopress.it\/2026\/04\/09\/cortina-2026-lo-sport-prende-voce-presentato-ieri-allastor-di-belluno-il-successo-del-format-cortina-come-olimpia\/#breadcrumb"},"inLanguage":"fr-FR","potentialAction":[{"@type":"ReadAction","target":["https:\/\/www.bellunopress.it\/2026\/04\/09\/cortina-2026-lo-sport-prende-voce-presentato-ieri-allastor-di-belluno-il-successo-del-format-cortina-come-olimpia\/"]}]},{"@type":"ImageObject","inLanguage":"fr-FR","@id":"https:\/\/www.bellunopress.it\/2026\/04\/09\/cortina-2026-lo-sport-prende-voce-presentato-ieri-allastor-di-belluno-il-successo-del-format-cortina-come-olimpia\/#primaryimage","url":"https:\/\/www.bellunopress.it\/wp-content\/uploads\/2026\/04\/Astor-post-olimpiadi-cortina.jpg","contentUrl":"https:\/\/www.bellunopress.it\/wp-content\/uploads\/2026\/04\/Astor-post-olimpiadi-cortina.jpg","width":600,"height":434},{"@type":"BreadcrumbList","@id":"https:\/\/www.bellunopress.it\/2026\/04\/09\/cortina-2026-lo-sport-prende-voce-presentato-ieri-allastor-di-belluno-il-successo-del-format-cortina-come-olimpia\/#breadcrumb","itemListElement":[{"@type":"ListItem","position":1,"name":"Home","item":"https:\/\/www.bellunopress.it\/"},{"@type":"ListItem","position":2,"name":"Cortina 2026, lo sport prende voce: presentato ieri all&#8217;Astor di Belluno il successo del format &#8220;Cortina come Olimpia&#8221;"}]},{"@type":"WebSite","@id":"https:\/\/www.bellunopress.it\/#website","url":"https:\/\/www.bellunopress.it\/","name":"Bellunopress - Dolomiti","description":"e-mail: redazione@bellunopress.it","publisher":{"@id":"https:\/\/www.bellunopress.it\/#organization"},"potentialAction":[{"@type":"SearchAction","target":{"@type":"EntryPoint","urlTemplate":"https:\/\/www.bellunopress.it\/?s={search_term_string}"},"query-input":{"@type":"PropertyValueSpecification","valueRequired":true,"valueName":"search_term_string"}}],"inLanguage":"fr-FR"},{"@type":"Organization","@id":"https:\/\/www.bellunopress.it\/#organization","name":"Bellunopress","url":"https:\/\/www.bellunopress.it\/","logo":{"@type":"ImageObject","inLanguage":"fr-FR","@id":"https:\/\/www.bellunopress.it\/#\/schema\/logo\/image\/","url":"https:\/\/www.bellunopress.it\/wp-content\/uploads\/2011\/05\/cropped-logo-bellunopress-.jpg","contentUrl":"https:\/\/www.bellunopress.it\/wp-content\/uploads\/2011\/05\/cropped-logo-bellunopress-.jpg","width":512,"height":512,"caption":"Bellunopress"},"image":{"@id":"https:\/\/www.bellunopress.it\/#\/schema\/logo\/image\/"},"sameAs":["https:\/\/www.facebook.com\/profile.php?id=100008943462799","https:\/\/x.com\/bellunopress","https:\/\/www.linkedin.com\/hp\/?dnr=JBzUWaJfMUw8vbXJJ2tVW5-I3jZKvC4wsoxE&amp;amp;amp;amp;amp;amp;trk=nav_responsive_tab_home","https:\/\/www.youtube.com\/channel\/UCxL0wu1uN0_3_7hGG0306cw"]},{"@type":"Person","@id":"https:\/\/www.bellunopress.it\/#\/schema\/person\/79bb06722b37ece1c03d3e94beb30d73","name":"r\u00e9daction","image":{"@type":"ImageObject","inLanguage":"fr-FR","@id":"https:\/\/secure.gravatar.com\/avatar\/37d968a2e67a6fd04c169c4bdef102d0bc5d31b2546345219e348575eb80e9a0?s=96&d=mm&r=g","url":"https:\/\/secure.gravatar.com\/avatar\/37d968a2e67a6fd04c169c4bdef102d0bc5d31b2546345219e348575eb80e9a0?s=96&d=mm&r=g","contentUrl":"https:\/\/secure.gravatar.com\/avatar\/37d968a2e67a6fd04c169c4bdef102d0bc5d31b2546345219e348575eb80e9a0?s=96&d=mm&r=g","caption":"redazione"},"sameAs":["http:\/\/www.bellunopress.it","https:\/\/x.com\/bellunopress"],"url":"https:\/\/www.bellunopress.it\/fr\/author\/redazione\/"}]}},"_links":{"self":[{"href":"https:\/\/www.bellunopress.it\/fr\/wp-json\/wp\/v2\/posts\/168940","targetHints":{"allow":["GET"]}}],"collection":[{"href":"https:\/\/www.bellunopress.it\/fr\/wp-json\/wp\/v2\/posts"}],"about":[{"href":"https:\/\/www.bellunopress.it\/fr\/wp-json\/wp\/v2\/types\/post"}],"author":[{"embeddable":true,"href":"https:\/\/www.bellunopress.it\/fr\/wp-json\/wp\/v2\/users\/2"}],"replies":[{"embeddable":true,"href":"https:\/\/www.bellunopress.it\/fr\/wp-json\/wp\/v2\/comments?post=168940"}],"version-history":[{"count":4,"href":"https:\/\/www.bellunopress.it\/fr\/wp-json\/wp\/v2\/posts\/168940\/revisions"}],"predecessor-version":[{"id":168945,"href":"https:\/\/www.bellunopress.it\/fr\/wp-json\/wp\/v2\/posts\/168940\/revisions\/168945"}],"wp:featuredmedia":[{"embeddable":true,"href":"https:\/\/www.bellunopress.it\/fr\/wp-json\/wp\/v2\/media\/168941"}],"wp:attachment":[{"href":"https:\/\/www.bellunopress.it\/fr\/wp-json\/wp\/v2\/media?parent=168940"}],"wp:term":[{"taxonomy":"category","embeddable":true,"href":"https:\/\/www.bellunopress.it\/fr\/wp-json\/wp\/v2\/categories?post=168940"},{"taxonomy":"post_tag","embeddable":true,"href":"https:\/\/www.bellunopress.it\/fr\/wp-json\/wp\/v2\/tags?post=168940"}],"curies":[{"name":"wp","href":"https:\/\/api.w.org\/{rel}","templated":true}]}}