{"id":168938,"date":"2026-04-09T15:14:25","date_gmt":"2026-04-09T13:14:25","guid":{"rendered":"https:\/\/www.bellunopress.it\/?p=168938"},"modified":"2026-04-09T15:14:25","modified_gmt":"2026-04-09T13:14:25","slug":"belluno-le-precisazioni-dei-capifrazione-della-sinistra-piave-nessuna-volonta-di-abbandonare-lincarico-solo-il-desiderio-di-riportare-lattenzione-al-ruolo-che-ricopriamo","status":"publish","type":"post","link":"https:\/\/www.bellunopress.it\/fr\/2026\/04\/09\/belluno-le-precisazioni-dei-capifrazione-della-sinistra-piave-nessuna-volonta-di-abbandonare-lincarico-solo-il-desiderio-di-riportare-lattenzione-al-ruolo-che-ricopriamo\/","title":{"rendered":"Belluno. Le precisazioni dei capifrazione della Sinistra Piave: nessuna volont\u00e0 di abbandonare l\u2019incarico, solo il desiderio di riportare l\u2019attenzione al ruolo che ricopriamo"},"content":{"rendered":"<p class=\"Standard\">Belluno, 09\/04\/2026 &#8211; In merito alle recenti indiscrezioni apparse sulla stampa locale riguardanti presunte &#8220;dimissioni in massa&#8221; dei rappresentanti frazionali, i Capifrazione della Sinistra Piave intendono fare chiarezza con fermezza.<\/p>\n<p class=\"Standard\">Non c\u2019\u00e8 alcuna volont\u00e0 di abbandonare l\u2019incarico, ma c\u2019\u00e8 il forte desiderio di riportare l\u2019attenzione sul vero ruolo che ricopriamo.<\/p>\n<p class=\"Standard\"><strong>\u200bLa politica del &#8220;fare&#8221; contro la politica del &#8220;parlare&#8221;<\/strong><\/p>\n<p class=\"Standard\">\u200bQuando abbiamo deciso di candidarci per le assemblee frazionali, lo abbiamo fatto spinti da un\u2019unica motivazione: migliorare la vita nei nostri Paesi (un termine che preferiamo di gran lunga a quello burocratico di &#8220;frazioni&#8221;).<\/p>\n<p class=\"Standard\">\u200bIl nostro impegno non riguarda i grandi progetti &#8220;megagalattici&#8221; dai tempi infiniti, n\u00e9 le discussioni tecniche sui regolamenti edilizi che saturano le cronache quotidiane. Il cittadino, uscendo di casa, ha bisogno di risposte su:<\/p>\n<p class=\"Standard\">\u200bIl tombino sfondato o il lampione rotto.<\/p>\n<p class=\"Standard\">\u200bLa siepe che oscura la visibilit\u00e0 o il muro pericolante.<\/p>\n<p class=\"Standard\">\u200bL\u2019asfalto deteriorato e la sicurezza stradale.<\/p>\n<p class=\"Standard\">\u200bUn ponte tra cittadini e Comune<\/p>\n<p class=\"Standard\">\u200bCi mettiamo a disposizione gratuitamente \u2014 e spesso rimettendoci del nostro \u2014 per passione e senso civico. Non siamo qui per rappresentare simboli politici, n\u00e9 per questa n\u00e9 per future giunte. Il nostro obiettivo \u00e8 semplificare il rapporto tra il cittadino e l\u2019amministrazione, indipendentemente dal colore politico di chi governa.<\/p>\n<p class=\"Standard\">\u200b&#8221;A noi non interessa occupare spazio sui giornali ogni giorno con beghe politiche. Ci basta che un nostro concittadino ci dica &#8216;grazie&#8217; per strada per aver risolto un problema segnalato magari da anni.&#8221;<\/p>\n<p class=\"Standard\"><strong>\u200bConclusioni<\/strong><\/p>\n<p class=\"Standard\">\u200bRinnoviamo la nostra fiducia nella collaborazione con gli operai comunali, i servizi del territorio e la giunta, affinch\u00e9 gli interventi vengano realizzati nel minor tempo possibile. Il nostro tempo \u00e8 prezioso e preferiamo spenderlo tra la gente dei nostri paesi piuttosto che in continui comitati o assemblee sterili.<\/p>\n<p class=\"Standard\">\u200bSmentiamo quindi categoricamente le voci di una protesta finalizzata alle dimissioni: restiamo al nostro posto, al servizio della comunit\u00e0.<\/p>\n<p class=\"Standard\">\u200bTanto dovevamo.<\/p>\n<p class=\"Standard\"><strong>\u200bI Capifrazione della Sinistra Piave<\/strong><\/p>","protected":false},"excerpt":{"rendered":"<p>Belluno, 09\/04\/2026 &#8211; In merito alle recenti indiscrezioni apparse sulla stampa locale riguardanti presunte &#8220;dimissioni in massa&#8221; dei rappresentanti frazionali, i Capifrazione della Sinistra Piave intendono fare chiarezza con fermezza. Non c\u2019\u00e8 alcuna volont\u00e0 di abbandonare l\u2019incarico, ma c\u2019\u00e8 il forte desiderio di riportare l\u2019attenzione sul vero ruolo che ricopriamo. \u200bLa politica del &#8220;fare&#8221; contro [&hellip;]<\/p>\n","protected":false},"author":2,"featured_media":158795,"comment_status":"closed","ping_status":"open","sticky":false,"template":"","format":"standard","meta":{"footnotes":""},"categories":[5,1,26],"tags":[],"class_list":["post-168938","post","type-post","status-publish","format-standard","has-post-thumbnail","category-cronaca","category-leo","category-prima-pagina"],"yoast_head":"<!-- This site is optimized with the Yoast SEO plugin v28.4 - https:\/\/yoast.com\/product\/yoast-seo-wordpress\/ -->\n<title>Belluno. Le precisazioni dei capifrazione della Sinistra Piave: nessuna volont\u00e0 di abbandonare l\u2019incarico, solo il desiderio di riportare l\u2019attenzione al ruolo che ricopriamo - Bellunopress - Dolomiti<\/title>\n<meta name=\"robots\" content=\"index, follow, max-snippet:-1, max-image-preview:large, max-video-preview:-1\" \/>\n<link rel=\"canonical\" href=\"https:\/\/www.bellunopress.it\/fr\/2026\/04\/09\/belluno-le-precisazioni-dei-capifrazione-della-sinistra-piave-nessuna-volonta-di-abbandonare-lincarico-solo-il-desiderio-di-riportare-lattenzione-al-ruolo-che-ricopriamo\/\" \/>\n<meta property=\"og:locale\" content=\"fr_FR\" \/>\n<meta property=\"og:type\" content=\"article\" \/>\n<meta property=\"og:title\" content=\"Belluno. Le precisazioni dei capifrazione della Sinistra Piave: nessuna volont\u00e0 di abbandonare l\u2019incarico, solo il desiderio di riportare l\u2019attenzione al ruolo che ricopriamo - Bellunopress - Dolomiti\" \/>\n<meta property=\"og:description\" content=\"Belluno, 09\/04\/2026 &#8211; In merito alle recenti indiscrezioni apparse sulla stampa locale riguardanti presunte &#8220;dimissioni in massa&#8221; dei rappresentanti frazionali, i Capifrazione della Sinistra Piave intendono fare chiarezza con fermezza. Non c\u2019\u00e8 alcuna volont\u00e0 di abbandonare l\u2019incarico, ma c\u2019\u00e8 il forte desiderio di riportare l\u2019attenzione sul vero ruolo che ricopriamo. \u200bLa politica del &#8220;fare&#8221; contro [&hellip;]\" \/>\n<meta property=\"og:url\" content=\"https:\/\/www.bellunopress.it\/fr\/2026\/04\/09\/belluno-le-precisazioni-dei-capifrazione-della-sinistra-piave-nessuna-volonta-di-abbandonare-lincarico-solo-il-desiderio-di-riportare-lattenzione-al-ruolo-che-ricopriamo\/\" \/>\n<meta property=\"og:site_name\" content=\"Bellunopress - Dolomiti\" \/>\n<meta property=\"article:publisher\" content=\"https:\/\/www.facebook.com\/profile.php?id=100008943462799\" \/>\n<meta property=\"article:published_time\" content=\"2026-04-09T13:14:25+00:00\" \/>\n<meta property=\"og:image\" content=\"https:\/\/www.bellunopress.it\/wp-content\/uploads\/2025\/03\/Assemblea-dei-capifrazione_edited.jpg\" \/>\n\t<meta property=\"og:image:width\" content=\"1000\" \/>\n\t<meta property=\"og:image:height\" content=\"750\" \/>\n\t<meta property=\"og:image:type\" content=\"image\/jpeg\" \/>\n<meta name=\"author\" content=\"redazione\" \/>\n<meta name=\"twitter:card\" content=\"summary_large_image\" \/>\n<meta name=\"twitter:creator\" content=\"@bellunopress\" \/>\n<meta name=\"twitter:site\" content=\"@bellunopress\" \/>\n<meta name=\"twitter:label1\" content=\"\u00c9crit par\" \/>\n\t<meta name=\"twitter:data1\" content=\"redazione\" \/>\n\t<meta name=\"twitter:label2\" content=\"Dur\u00e9e de lecture estim\u00e9e\" \/>\n\t<meta name=\"twitter:data2\" content=\"2 minutes\" \/>\n<script type=\"application\/ld+json\" class=\"yoast-schema-graph\">{\"@context\":\"https:\\\/\\\/schema.org\",\"@graph\":[{\"@type\":\"Article\",\"@id\":\"https:\\\/\\\/www.bellunopress.it\\\/2026\\\/04\\\/09\\\/belluno-le-precisazioni-dei-capifrazione-della-sinistra-piave-nessuna-volonta-di-abbandonare-lincarico-solo-il-desiderio-di-riportare-lattenzione-al-ruolo-che-ricopriamo\\\/#article\",\"isPartOf\":{\"@id\":\"https:\\\/\\\/www.bellunopress.it\\\/2026\\\/04\\\/09\\\/belluno-le-precisazioni-dei-capifrazione-della-sinistra-piave-nessuna-volonta-di-abbandonare-lincarico-solo-il-desiderio-di-riportare-lattenzione-al-ruolo-che-ricopriamo\\\/\"},\"author\":{\"name\":\"redazione\",\"@id\":\"https:\\\/\\\/www.bellunopress.it\\\/#\\\/schema\\\/person\\\/79bb06722b37ece1c03d3e94beb30d73\"},\"headline\":\"Belluno. Le precisazioni dei capifrazione della Sinistra Piave: nessuna volont\u00e0 di abbandonare l\u2019incarico, solo il desiderio di riportare l\u2019attenzione al ruolo che ricopriamo\",\"datePublished\":\"2026-04-09T13:14:25+00:00\",\"mainEntityOfPage\":{\"@id\":\"https:\\\/\\\/www.bellunopress.it\\\/2026\\\/04\\\/09\\\/belluno-le-precisazioni-dei-capifrazione-della-sinistra-piave-nessuna-volonta-di-abbandonare-lincarico-solo-il-desiderio-di-riportare-lattenzione-al-ruolo-che-ricopriamo\\\/\"},\"wordCount\":339,\"publisher\":{\"@id\":\"https:\\\/\\\/www.bellunopress.it\\\/#organization\"},\"image\":{\"@id\":\"https:\\\/\\\/www.bellunopress.it\\\/2026\\\/04\\\/09\\\/belluno-le-precisazioni-dei-capifrazione-della-sinistra-piave-nessuna-volonta-di-abbandonare-lincarico-solo-il-desiderio-di-riportare-lattenzione-al-ruolo-che-ricopriamo\\\/#primaryimage\"},\"thumbnailUrl\":\"https:\\\/\\\/www.bellunopress.it\\\/wp-content\\\/uploads\\\/2025\\\/03\\\/Assemblea-dei-capifrazione_edited.jpg\",\"articleSection\":[\"Cronaca\\\/Politica\",\"Lettere Opinioni\",\"Prima Pagina\"],\"inLanguage\":\"fr-FR\"},{\"@type\":\"WebPage\",\"@id\":\"https:\\\/\\\/www.bellunopress.it\\\/2026\\\/04\\\/09\\\/belluno-le-precisazioni-dei-capifrazione-della-sinistra-piave-nessuna-volonta-di-abbandonare-lincarico-solo-il-desiderio-di-riportare-lattenzione-al-ruolo-che-ricopriamo\\\/\",\"url\":\"https:\\\/\\\/www.bellunopress.it\\\/2026\\\/04\\\/09\\\/belluno-le-precisazioni-dei-capifrazione-della-sinistra-piave-nessuna-volonta-di-abbandonare-lincarico-solo-il-desiderio-di-riportare-lattenzione-al-ruolo-che-ricopriamo\\\/\",\"name\":\"Belluno. Le precisazioni dei capifrazione della Sinistra Piave: nessuna volont\u00e0 di abbandonare l\u2019incarico, solo il desiderio di riportare l\u2019attenzione al ruolo che ricopriamo - Bellunopress - Dolomiti\",\"isPartOf\":{\"@id\":\"https:\\\/\\\/www.bellunopress.it\\\/#website\"},\"primaryImageOfPage\":{\"@id\":\"https:\\\/\\\/www.bellunopress.it\\\/2026\\\/04\\\/09\\\/belluno-le-precisazioni-dei-capifrazione-della-sinistra-piave-nessuna-volonta-di-abbandonare-lincarico-solo-il-desiderio-di-riportare-lattenzione-al-ruolo-che-ricopriamo\\\/#primaryimage\"},\"image\":{\"@id\":\"https:\\\/\\\/www.bellunopress.it\\\/2026\\\/04\\\/09\\\/belluno-le-precisazioni-dei-capifrazione-della-sinistra-piave-nessuna-volonta-di-abbandonare-lincarico-solo-il-desiderio-di-riportare-lattenzione-al-ruolo-che-ricopriamo\\\/#primaryimage\"},\"thumbnailUrl\":\"https:\\\/\\\/www.bellunopress.it\\\/wp-content\\\/uploads\\\/2025\\\/03\\\/Assemblea-dei-capifrazione_edited.jpg\",\"datePublished\":\"2026-04-09T13:14:25+00:00\",\"breadcrumb\":{\"@id\":\"https:\\\/\\\/www.bellunopress.it\\\/2026\\\/04\\\/09\\\/belluno-le-precisazioni-dei-capifrazione-della-sinistra-piave-nessuna-volonta-di-abbandonare-lincarico-solo-il-desiderio-di-riportare-lattenzione-al-ruolo-che-ricopriamo\\\/#breadcrumb\"},\"inLanguage\":\"fr-FR\",\"potentialAction\":[{\"@type\":\"ReadAction\",\"target\":[\"https:\\\/\\\/www.bellunopress.it\\\/2026\\\/04\\\/09\\\/belluno-le-precisazioni-dei-capifrazione-della-sinistra-piave-nessuna-volonta-di-abbandonare-lincarico-solo-il-desiderio-di-riportare-lattenzione-al-ruolo-che-ricopriamo\\\/\"]}]},{\"@type\":\"ImageObject\",\"inLanguage\":\"fr-FR\",\"@id\":\"https:\\\/\\\/www.bellunopress.it\\\/2026\\\/04\\\/09\\\/belluno-le-precisazioni-dei-capifrazione-della-sinistra-piave-nessuna-volonta-di-abbandonare-lincarico-solo-il-desiderio-di-riportare-lattenzione-al-ruolo-che-ricopriamo\\\/#primaryimage\",\"url\":\"https:\\\/\\\/www.bellunopress.it\\\/wp-content\\\/uploads\\\/2025\\\/03\\\/Assemblea-dei-capifrazione_edited.jpg\",\"contentUrl\":\"https:\\\/\\\/www.bellunopress.it\\\/wp-content\\\/uploads\\\/2025\\\/03\\\/Assemblea-dei-capifrazione_edited.jpg\",\"width\":1000,\"height\":750,\"caption\":\"Assemblea dei capifrazione - Belluno, Palazzo Rosso, marzo 2025\"},{\"@type\":\"BreadcrumbList\",\"@id\":\"https:\\\/\\\/www.bellunopress.it\\\/2026\\\/04\\\/09\\\/belluno-le-precisazioni-dei-capifrazione-della-sinistra-piave-nessuna-volonta-di-abbandonare-lincarico-solo-il-desiderio-di-riportare-lattenzione-al-ruolo-che-ricopriamo\\\/#breadcrumb\",\"itemListElement\":[{\"@type\":\"ListItem\",\"position\":1,\"name\":\"Home\",\"item\":\"https:\\\/\\\/www.bellunopress.it\\\/\"},{\"@type\":\"ListItem\",\"position\":2,\"name\":\"Belluno. Le precisazioni dei capifrazione della Sinistra Piave: nessuna volont\u00e0 di abbandonare l\u2019incarico, solo il desiderio di riportare l\u2019attenzione al ruolo che ricopriamo\"}]},{\"@type\":\"WebSite\",\"@id\":\"https:\\\/\\\/www.bellunopress.it\\\/#website\",\"url\":\"https:\\\/\\\/www.bellunopress.it\\\/\",\"name\":\"Bellunopress - Dolomiti\",\"description\":\"e-mail: redazione@bellunopress.it\",\"publisher\":{\"@id\":\"https:\\\/\\\/www.bellunopress.it\\\/#organization\"},\"potentialAction\":[{\"@type\":\"SearchAction\",\"target\":{\"@type\":\"EntryPoint\",\"urlTemplate\":\"https:\\\/\\\/www.bellunopress.it\\\/?s={search_term_string}\"},\"query-input\":{\"@type\":\"PropertyValueSpecification\",\"valueRequired\":true,\"valueName\":\"search_term_string\"}}],\"inLanguage\":\"fr-FR\"},{\"@type\":\"Organization\",\"@id\":\"https:\\\/\\\/www.bellunopress.it\\\/#organization\",\"name\":\"Bellunopress\",\"url\":\"https:\\\/\\\/www.bellunopress.it\\\/\",\"logo\":{\"@type\":\"ImageObject\",\"inLanguage\":\"fr-FR\",\"@id\":\"https:\\\/\\\/www.bellunopress.it\\\/#\\\/schema\\\/logo\\\/image\\\/\",\"url\":\"https:\\\/\\\/www.bellunopress.it\\\/wp-content\\\/uploads\\\/2011\\\/05\\\/cropped-logo-bellunopress-.jpg\",\"contentUrl\":\"https:\\\/\\\/www.bellunopress.it\\\/wp-content\\\/uploads\\\/2011\\\/05\\\/cropped-logo-bellunopress-.jpg\",\"width\":512,\"height\":512,\"caption\":\"Bellunopress\"},\"image\":{\"@id\":\"https:\\\/\\\/www.bellunopress.it\\\/#\\\/schema\\\/logo\\\/image\\\/\"},\"sameAs\":[\"https:\\\/\\\/www.facebook.com\\\/profile.php?id=100008943462799\",\"https:\\\/\\\/x.com\\\/bellunopress\",\"https:\\\/\\\/www.linkedin.com\\\/hp\\\/?dnr=JBzUWaJfMUw8vbXJJ2tVW5-I3jZKvC4wsoxE&amp;amp;amp;amp;amp;amp;trk=nav_responsive_tab_home\",\"https:\\\/\\\/www.youtube.com\\\/channel\\\/UCxL0wu1uN0_3_7hGG0306cw\"]},{\"@type\":\"Person\",\"@id\":\"https:\\\/\\\/www.bellunopress.it\\\/#\\\/schema\\\/person\\\/79bb06722b37ece1c03d3e94beb30d73\",\"name\":\"redazione\",\"image\":{\"@type\":\"ImageObject\",\"inLanguage\":\"fr-FR\",\"@id\":\"https:\\\/\\\/secure.gravatar.com\\\/avatar\\\/37d968a2e67a6fd04c169c4bdef102d0bc5d31b2546345219e348575eb80e9a0?s=96&d=mm&r=g\",\"url\":\"https:\\\/\\\/secure.gravatar.com\\\/avatar\\\/37d968a2e67a6fd04c169c4bdef102d0bc5d31b2546345219e348575eb80e9a0?s=96&d=mm&r=g\",\"contentUrl\":\"https:\\\/\\\/secure.gravatar.com\\\/avatar\\\/37d968a2e67a6fd04c169c4bdef102d0bc5d31b2546345219e348575eb80e9a0?s=96&d=mm&r=g\",\"caption\":\"redazione\"},\"sameAs\":[\"http:\\\/\\\/www.bellunopress.it\",\"https:\\\/\\\/x.com\\\/bellunopress\"],\"url\":\"https:\\\/\\\/www.bellunopress.it\\\/fr\\\/author\\\/redazione\\\/\"}]}<\/script>\n<!-- \/ Yoast SEO plugin. -->","yoast_head_json":{"title":"Belluno. Le precisazioni dei capifrazione della Sinistra Piave: nessuna volont\u00e0 di abbandonare l\u2019incarico, solo il desiderio di riportare l\u2019attenzione al ruolo che ricopriamo - Bellunopress - Dolomiti","robots":{"index":"index","follow":"follow","max-snippet":"max-snippet:-1","max-image-preview":"max-image-preview:large","max-video-preview":"max-video-preview:-1"},"canonical":"https:\/\/www.bellunopress.it\/fr\/2026\/04\/09\/belluno-le-precisazioni-dei-capifrazione-della-sinistra-piave-nessuna-volonta-di-abbandonare-lincarico-solo-il-desiderio-di-riportare-lattenzione-al-ruolo-che-ricopriamo\/","og_locale":"fr_FR","og_type":"article","og_title":"Belluno. Le precisazioni dei capifrazione della Sinistra Piave: nessuna volont\u00e0 di abbandonare l\u2019incarico, solo il desiderio di riportare l\u2019attenzione al ruolo che ricopriamo - Bellunopress - Dolomiti","og_description":"Belluno, 09\/04\/2026 &#8211; In merito alle recenti indiscrezioni apparse sulla stampa locale riguardanti presunte &#8220;dimissioni in massa&#8221; dei rappresentanti frazionali, i Capifrazione della Sinistra Piave intendono fare chiarezza con fermezza. Non c\u2019\u00e8 alcuna volont\u00e0 di abbandonare l\u2019incarico, ma c\u2019\u00e8 il forte desiderio di riportare l\u2019attenzione sul vero ruolo che ricopriamo. \u200bLa politica del &#8220;fare&#8221; contro [&hellip;]","og_url":"https:\/\/www.bellunopress.it\/fr\/2026\/04\/09\/belluno-le-precisazioni-dei-capifrazione-della-sinistra-piave-nessuna-volonta-di-abbandonare-lincarico-solo-il-desiderio-di-riportare-lattenzione-al-ruolo-che-ricopriamo\/","og_site_name":"Bellunopress - Dolomiti","article_publisher":"https:\/\/www.facebook.com\/profile.php?id=100008943462799","article_published_time":"2026-04-09T13:14:25+00:00","og_image":[{"width":1000,"height":750,"url":"https:\/\/www.bellunopress.it\/wp-content\/uploads\/2025\/03\/Assemblea-dei-capifrazione_edited.jpg","type":"image\/jpeg"}],"author":"redazione","twitter_card":"summary_large_image","twitter_creator":"@bellunopress","twitter_site":"@bellunopress","twitter_misc":{"\u00c9crit par":"redazione","Dur\u00e9e de lecture estim\u00e9e":"2 minutes"},"schema":{"@context":"https:\/\/schema.org","@graph":[{"@type":"Article","@id":"https:\/\/www.bellunopress.it\/2026\/04\/09\/belluno-le-precisazioni-dei-capifrazione-della-sinistra-piave-nessuna-volonta-di-abbandonare-lincarico-solo-il-desiderio-di-riportare-lattenzione-al-ruolo-che-ricopriamo\/#article","isPartOf":{"@id":"https:\/\/www.bellunopress.it\/2026\/04\/09\/belluno-le-precisazioni-dei-capifrazione-della-sinistra-piave-nessuna-volonta-di-abbandonare-lincarico-solo-il-desiderio-di-riportare-lattenzione-al-ruolo-che-ricopriamo\/"},"author":{"name":"redazione","@id":"https:\/\/www.bellunopress.it\/#\/schema\/person\/79bb06722b37ece1c03d3e94beb30d73"},"headline":"Belluno. Le precisazioni dei capifrazione della Sinistra Piave: nessuna volont\u00e0 di abbandonare l\u2019incarico, solo il desiderio di riportare l\u2019attenzione al ruolo che ricopriamo","datePublished":"2026-04-09T13:14:25+00:00","mainEntityOfPage":{"@id":"https:\/\/www.bellunopress.it\/2026\/04\/09\/belluno-le-precisazioni-dei-capifrazione-della-sinistra-piave-nessuna-volonta-di-abbandonare-lincarico-solo-il-desiderio-di-riportare-lattenzione-al-ruolo-che-ricopriamo\/"},"wordCount":339,"publisher":{"@id":"https:\/\/www.bellunopress.it\/#organization"},"image":{"@id":"https:\/\/www.bellunopress.it\/2026\/04\/09\/belluno-le-precisazioni-dei-capifrazione-della-sinistra-piave-nessuna-volonta-di-abbandonare-lincarico-solo-il-desiderio-di-riportare-lattenzione-al-ruolo-che-ricopriamo\/#primaryimage"},"thumbnailUrl":"https:\/\/www.bellunopress.it\/wp-content\/uploads\/2025\/03\/Assemblea-dei-capifrazione_edited.jpg","articleSection":["Cronaca\/Politica","Lettere Opinioni","Prima Pagina"],"inLanguage":"fr-FR"},{"@type":"WebPage","@id":"https:\/\/www.bellunopress.it\/2026\/04\/09\/belluno-le-precisazioni-dei-capifrazione-della-sinistra-piave-nessuna-volonta-di-abbandonare-lincarico-solo-il-desiderio-di-riportare-lattenzione-al-ruolo-che-ricopriamo\/","url":"https:\/\/www.bellunopress.it\/2026\/04\/09\/belluno-le-precisazioni-dei-capifrazione-della-sinistra-piave-nessuna-volonta-di-abbandonare-lincarico-solo-il-desiderio-di-riportare-lattenzione-al-ruolo-che-ricopriamo\/","name":"Belluno. Le precisazioni dei capifrazione della Sinistra Piave: nessuna volont\u00e0 di abbandonare l\u2019incarico, solo il desiderio di riportare l\u2019attenzione al ruolo che ricopriamo - Bellunopress - Dolomiti","isPartOf":{"@id":"https:\/\/www.bellunopress.it\/#website"},"primaryImageOfPage":{"@id":"https:\/\/www.bellunopress.it\/2026\/04\/09\/belluno-le-precisazioni-dei-capifrazione-della-sinistra-piave-nessuna-volonta-di-abbandonare-lincarico-solo-il-desiderio-di-riportare-lattenzione-al-ruolo-che-ricopriamo\/#primaryimage"},"image":{"@id":"https:\/\/www.bellunopress.it\/2026\/04\/09\/belluno-le-precisazioni-dei-capifrazione-della-sinistra-piave-nessuna-volonta-di-abbandonare-lincarico-solo-il-desiderio-di-riportare-lattenzione-al-ruolo-che-ricopriamo\/#primaryimage"},"thumbnailUrl":"https:\/\/www.bellunopress.it\/wp-content\/uploads\/2025\/03\/Assemblea-dei-capifrazione_edited.jpg","datePublished":"2026-04-09T13:14:25+00:00","breadcrumb":{"@id":"https:\/\/www.bellunopress.it\/2026\/04\/09\/belluno-le-precisazioni-dei-capifrazione-della-sinistra-piave-nessuna-volonta-di-abbandonare-lincarico-solo-il-desiderio-di-riportare-lattenzione-al-ruolo-che-ricopriamo\/#breadcrumb"},"inLanguage":"fr-FR","potentialAction":[{"@type":"ReadAction","target":["https:\/\/www.bellunopress.it\/2026\/04\/09\/belluno-le-precisazioni-dei-capifrazione-della-sinistra-piave-nessuna-volonta-di-abbandonare-lincarico-solo-il-desiderio-di-riportare-lattenzione-al-ruolo-che-ricopriamo\/"]}]},{"@type":"ImageObject","inLanguage":"fr-FR","@id":"https:\/\/www.bellunopress.it\/2026\/04\/09\/belluno-le-precisazioni-dei-capifrazione-della-sinistra-piave-nessuna-volonta-di-abbandonare-lincarico-solo-il-desiderio-di-riportare-lattenzione-al-ruolo-che-ricopriamo\/#primaryimage","url":"https:\/\/www.bellunopress.it\/wp-content\/uploads\/2025\/03\/Assemblea-dei-capifrazione_edited.jpg","contentUrl":"https:\/\/www.bellunopress.it\/wp-content\/uploads\/2025\/03\/Assemblea-dei-capifrazione_edited.jpg","width":1000,"height":750,"caption":"Assemblea dei capifrazione - Belluno, Palazzo Rosso, marzo 2025"},{"@type":"BreadcrumbList","@id":"https:\/\/www.bellunopress.it\/2026\/04\/09\/belluno-le-precisazioni-dei-capifrazione-della-sinistra-piave-nessuna-volonta-di-abbandonare-lincarico-solo-il-desiderio-di-riportare-lattenzione-al-ruolo-che-ricopriamo\/#breadcrumb","itemListElement":[{"@type":"ListItem","position":1,"name":"Home","item":"https:\/\/www.bellunopress.it\/"},{"@type":"ListItem","position":2,"name":"Belluno. Le precisazioni dei capifrazione della Sinistra Piave: nessuna volont\u00e0 di abbandonare l\u2019incarico, solo il desiderio di riportare l\u2019attenzione al ruolo che ricopriamo"}]},{"@type":"WebSite","@id":"https:\/\/www.bellunopress.it\/#website","url":"https:\/\/www.bellunopress.it\/","name":"Bellunopress - Dolomiti","description":"e-mail: redazione@bellunopress.it","publisher":{"@id":"https:\/\/www.bellunopress.it\/#organization"},"potentialAction":[{"@type":"SearchAction","target":{"@type":"EntryPoint","urlTemplate":"https:\/\/www.bellunopress.it\/?s={search_term_string}"},"query-input":{"@type":"PropertyValueSpecification","valueRequired":true,"valueName":"search_term_string"}}],"inLanguage":"fr-FR"},{"@type":"Organization","@id":"https:\/\/www.bellunopress.it\/#organization","name":"Bellunopress","url":"https:\/\/www.bellunopress.it\/","logo":{"@type":"ImageObject","inLanguage":"fr-FR","@id":"https:\/\/www.bellunopress.it\/#\/schema\/logo\/image\/","url":"https:\/\/www.bellunopress.it\/wp-content\/uploads\/2011\/05\/cropped-logo-bellunopress-.jpg","contentUrl":"https:\/\/www.bellunopress.it\/wp-content\/uploads\/2011\/05\/cropped-logo-bellunopress-.jpg","width":512,"height":512,"caption":"Bellunopress"},"image":{"@id":"https:\/\/www.bellunopress.it\/#\/schema\/logo\/image\/"},"sameAs":["https:\/\/www.facebook.com\/profile.php?id=100008943462799","https:\/\/x.com\/bellunopress","https:\/\/www.linkedin.com\/hp\/?dnr=JBzUWaJfMUw8vbXJJ2tVW5-I3jZKvC4wsoxE&amp;amp;amp;amp;amp;amp;trk=nav_responsive_tab_home","https:\/\/www.youtube.com\/channel\/UCxL0wu1uN0_3_7hGG0306cw"]},{"@type":"Person","@id":"https:\/\/www.bellunopress.it\/#\/schema\/person\/79bb06722b37ece1c03d3e94beb30d73","name":"r\u00e9daction","image":{"@type":"ImageObject","inLanguage":"fr-FR","@id":"https:\/\/secure.gravatar.com\/avatar\/37d968a2e67a6fd04c169c4bdef102d0bc5d31b2546345219e348575eb80e9a0?s=96&d=mm&r=g","url":"https:\/\/secure.gravatar.com\/avatar\/37d968a2e67a6fd04c169c4bdef102d0bc5d31b2546345219e348575eb80e9a0?s=96&d=mm&r=g","contentUrl":"https:\/\/secure.gravatar.com\/avatar\/37d968a2e67a6fd04c169c4bdef102d0bc5d31b2546345219e348575eb80e9a0?s=96&d=mm&r=g","caption":"redazione"},"sameAs":["http:\/\/www.bellunopress.it","https:\/\/x.com\/bellunopress"],"url":"https:\/\/www.bellunopress.it\/fr\/author\/redazione\/"}]}},"_links":{"self":[{"href":"https:\/\/www.bellunopress.it\/fr\/wp-json\/wp\/v2\/posts\/168938","targetHints":{"allow":["GET"]}}],"collection":[{"href":"https:\/\/www.bellunopress.it\/fr\/wp-json\/wp\/v2\/posts"}],"about":[{"href":"https:\/\/www.bellunopress.it\/fr\/wp-json\/wp\/v2\/types\/post"}],"author":[{"embeddable":true,"href":"https:\/\/www.bellunopress.it\/fr\/wp-json\/wp\/v2\/users\/2"}],"replies":[{"embeddable":true,"href":"https:\/\/www.bellunopress.it\/fr\/wp-json\/wp\/v2\/comments?post=168938"}],"version-history":[{"count":1,"href":"https:\/\/www.bellunopress.it\/fr\/wp-json\/wp\/v2\/posts\/168938\/revisions"}],"predecessor-version":[{"id":168939,"href":"https:\/\/www.bellunopress.it\/fr\/wp-json\/wp\/v2\/posts\/168938\/revisions\/168939"}],"wp:featuredmedia":[{"embeddable":true,"href":"https:\/\/www.bellunopress.it\/fr\/wp-json\/wp\/v2\/media\/158795"}],"wp:attachment":[{"href":"https:\/\/www.bellunopress.it\/fr\/wp-json\/wp\/v2\/media?parent=168938"}],"wp:term":[{"taxonomy":"category","embeddable":true,"href":"https:\/\/www.bellunopress.it\/fr\/wp-json\/wp\/v2\/categories?post=168938"},{"taxonomy":"post_tag","embeddable":true,"href":"https:\/\/www.bellunopress.it\/fr\/wp-json\/wp\/v2\/tags?post=168938"}],"curies":[{"name":"wp","href":"https:\/\/api.w.org\/{rel}","templated":true}]}}