{"id":168930,"date":"2026-04-09T13:04:48","date_gmt":"2026-04-09T11:04:48","guid":{"rendered":"https:\/\/www.bellunopress.it\/?p=168930"},"modified":"2026-04-09T13:04:48","modified_gmt":"2026-04-09T11:04:48","slug":"la-cer-dolomiti-verso-la-piena-operativita","status":"publish","type":"post","link":"https:\/\/www.bellunopress.it\/fr\/2026\/04\/09\/la-cer-dolomiti-verso-la-piena-operativita\/","title":{"rendered":"La CER Dolomiti verso la piena operativit\u00e0"},"content":{"rendered":"<p><strong>A Roma confronto con Enel. La gestione dell&#8217;energia \u00e8 la leva pi\u00f9 importante per lo sviluppo del territorio<\/strong><\/p>\n<p>Belluno, 09 aprile 2026\u00a0 &#8211;\u00a0 Un passo concreto verso la piena operativit\u00e0 della CER Dolomiti. Nei giorni scorsi a Roma c&#8217;\u00e8 stato un confronto tra i vertici della Comunit\u00e0 energetica rinnovabile di area vasta e il personale di Enel, finalizzato a definire gli aspetti operativi del service che accompagner\u00e0 lo sviluppo della comunit\u00e0 energetica sul territorio.<\/p>\n<p>Il confronto con Enel, principale operatore del settore energetico in Italia, rientra nell&#8217;ambito di una pi\u00f9 ampia ricognizione degli impianti potenzialmente idonei a popolare la CER e il loro collegamento alla rete. Dal lato consumatori, La CER Dolomiti sta procedendo al popolamento con la ricerca di utenti per ogni cabina di distribuzione elettrica primaria interessata con l&#8217;obiettivo di generare la maggior energia condivisa possibile. Tra le ipotesi di collaborazione in campo anche il supporto per la gestione delle pratiche con il GSE (Gestore Servizi Energetici), l&#8217;implementazione di un cruscotto per studiare l&#8217;efficienza relativa ad ogni configurazione, il calcolo della ripartizione degli incentivi e dei benefici e infine un supporto sul servizio commerciale e sul grado di soddisfazione dei clienti e degli aderenti.<\/p>\n<p>All&#8217;incontro hanno partecipato Antonio Barattin, presidente del Consiglio di amministrazione della CER Dolomiti, e Marco Genova, consigliere del CDA.<\/p>\n<p>Il confronto con Enel segna il passaggio dalla fase di progettazione alla costruzione concreta di un nuovo modello di gestione dell&#8217;energia, capace di integrare produzione, condivisione e redistribuzione dei benefici a livello locale. La CER Dolomiti si propone infatti come un modello innovativo, in grado di promuovere la sostenibilit\u00e0 ambientale, generare benefici economici per cittadini e imprese, rafforzare la coesione territoriale e infine valorizzare le specificit\u00e0 delle aree montane.<\/p>\n<p>\u00abLa sfida che stiamo affrontando\u00bb, sottolinea Antonio Barattin, \u00ab\u00e8 quella di utilizzare l&#8217;energia rinnovabile come strumento per generare valore sul territorio, costruendo un sistema sostenibile dal punto di vista ambientale, ma anche economico e sociale\u00bb.<\/p>\n<p>\u00abil confronto con un partner di rilievo nazionale come Enel rappresenta un elemento strategico per dare solidit\u00e0 al progetto e garantire una gestione efficiente della comunit\u00e0 energetica, in un contesto complesso come quello delle aree montane\u00bb, rileva Marco Genova.<\/p>\n<p>La gestione dell&#8217;energia rinnovabile \u00e8 infatti intesa non solo come risposta alla transizione energetica, ma \u00e8 la leva pi\u00f9 importante per lo sviluppo territoriale della provincia di Belluno. \u00c8 il principio che guida il percorso della Comunit\u00e0 Energetica Rinnovabile di Area Vasta Dolomiti.<\/p>\n<p>In questo quadro, la provincia di Belluno si candida a diventare un laboratorio di riferimento per la sperimentazione di nuove forme di gestione dell&#8217;energia, dimostrando come anche territori meno densamente popolati possano essere protagonisti di processi innovativi. Il percorso della CER Dolomiti proseguir\u00e0 nei prossimi mesi con il coinvolgimento progressivo di cittadini, imprese ed enti pubblici, con l&#8217;obiettivo di consolidare un sistema energetico locale capace di generare benefici diffusi e duraturi.<\/p>\n<p>SCHEDA<\/p>\n<p>La Comunit\u00e0 Energetica Rinnovabile &#8211; C.E.R. Dolomiti ETS \u00e8 una Fondazione di partecipazione, costituita il 18 luglio 2024 grazie alla volont\u00e0 dei Comuni bellunesi per il tramite del Consorzio BIM Piave-Belluno, della Camera di Commercio Treviso-Belluno Dolomiti, del Comune di Belluno e del Comune di Feltre. La CER Dolomiti favorisce la nascita e la gestione di Configurazioni locali, ovvero gruppi di cittadini, enti pubblici e imprese che decidono di unire le forze per produrre, consumare e condividere energia rinnovabile all&#8217;interno di ognuna delle 18 cabine elettriche primarie di distribuzione presenti in Provincia.<\/p>\n<p>Ad oggi, oltre ai soci fondatori e alla manifestazione di interesse a partecipare alla Comunit\u00e0 da parte di diverse associazioni di categoria, della Diocesi di Belluno e Feltre e di numerose associazioni del terzo settore, la CER Dolomiti ha raccolto la richiesta di partecipazione da parte di centinaia tra cittadini e famiglie in tutta la Provincia.<\/p>\n<p>Il regolamento della CER Dolomiti prevede l&#8217;adesione gratuita da parte di chiunque (salvo le grandi imprese) e un modello di partecipazione trasparente e democratico. Gli incentivi per la produzione e condivisione di energia elettrica sono distribuiti tra produttore, consumatori e in parte destinati alla realizzazione di progetti a scopo sociale. Ciascuna configurazione sar\u00e0 governata da un&#8217;assemblea che decider\u00e0 a quali progetti destinare la parte di incentivi destinata al sociale.<\/p>","protected":false},"excerpt":{"rendered":"<p>A Roma confronto con Enel. La gestione dell&#8217;energia \u00e8 la leva pi\u00f9 importante per lo sviluppo del territorio Belluno, 09 aprile 2026\u00a0 &#8211;\u00a0 Un passo concreto verso la piena operativit\u00e0 della CER Dolomiti. Nei giorni scorsi a Roma c&#8217;\u00e8 stato un confronto tra i vertici della Comunit\u00e0 energetica rinnovabile di area vasta e il personale [&hellip;]<\/p>\n","protected":false},"author":2,"featured_media":168931,"comment_status":"closed","ping_status":"open","sticky":false,"template":"","format":"standard","meta":{"footnotes":""},"categories":[36,26],"tags":[],"class_list":["post-168930","post","type-post","status-publish","format-standard","has-post-thumbnail","category-lavoro-economia","category-prima-pagina"],"yoast_head":"<!-- This site is optimized with the Yoast SEO plugin v28.4 - https:\/\/yoast.com\/product\/yoast-seo-wordpress\/ -->\n<title>La CER Dolomiti verso la piena operativit\u00e0 - Bellunopress - Dolomiti<\/title>\n<meta name=\"robots\" content=\"index, follow, max-snippet:-1, max-image-preview:large, max-video-preview:-1\" \/>\n<link rel=\"canonical\" href=\"https:\/\/www.bellunopress.it\/fr\/2026\/04\/09\/la-cer-dolomiti-verso-la-piena-operativita\/\" \/>\n<meta property=\"og:locale\" content=\"fr_FR\" \/>\n<meta property=\"og:type\" content=\"article\" \/>\n<meta property=\"og:title\" content=\"La CER Dolomiti verso la piena operativit\u00e0 - Bellunopress - Dolomiti\" \/>\n<meta property=\"og:description\" content=\"A Roma confronto con Enel. La gestione dell&#8217;energia \u00e8 la leva pi\u00f9 importante per lo sviluppo del territorio Belluno, 09 aprile 2026\u00a0 &#8211;\u00a0 Un passo concreto verso la piena operativit\u00e0 della CER Dolomiti. Nei giorni scorsi a Roma c&#8217;\u00e8 stato un confronto tra i vertici della Comunit\u00e0 energetica rinnovabile di area vasta e il personale [&hellip;]\" \/>\n<meta property=\"og:url\" content=\"https:\/\/www.bellunopress.it\/fr\/2026\/04\/09\/la-cer-dolomiti-verso-la-piena-operativita\/\" \/>\n<meta property=\"og:site_name\" content=\"Bellunopress - Dolomiti\" \/>\n<meta property=\"article:publisher\" content=\"https:\/\/www.facebook.com\/profile.php?id=100008943462799\" \/>\n<meta property=\"article:published_time\" content=\"2026-04-09T11:04:48+00:00\" \/>\n<meta property=\"og:image\" content=\"https:\/\/www.bellunopress.it\/wp-content\/uploads\/2026\/04\/Cer-Dolomiti-logo.jpg\" \/>\n\t<meta property=\"og:image:width\" content=\"600\" \/>\n\t<meta property=\"og:image:height\" content=\"600\" \/>\n\t<meta property=\"og:image:type\" content=\"image\/jpeg\" \/>\n<meta name=\"author\" content=\"redazione\" \/>\n<meta name=\"twitter:card\" content=\"summary_large_image\" \/>\n<meta name=\"twitter:creator\" content=\"@bellunopress\" \/>\n<meta name=\"twitter:site\" content=\"@bellunopress\" \/>\n<meta name=\"twitter:label1\" content=\"\u00c9crit par\" \/>\n\t<meta name=\"twitter:data1\" content=\"redazione\" \/>\n\t<meta name=\"twitter:label2\" content=\"Dur\u00e9e de lecture estim\u00e9e\" \/>\n\t<meta name=\"twitter:data2\" content=\"3 minutes\" \/>\n<script type=\"application\/ld+json\" class=\"yoast-schema-graph\">{\"@context\":\"https:\\\/\\\/schema.org\",\"@graph\":[{\"@type\":\"Article\",\"@id\":\"https:\\\/\\\/www.bellunopress.it\\\/2026\\\/04\\\/09\\\/la-cer-dolomiti-verso-la-piena-operativita\\\/#article\",\"isPartOf\":{\"@id\":\"https:\\\/\\\/www.bellunopress.it\\\/2026\\\/04\\\/09\\\/la-cer-dolomiti-verso-la-piena-operativita\\\/\"},\"author\":{\"name\":\"redazione\",\"@id\":\"https:\\\/\\\/www.bellunopress.it\\\/#\\\/schema\\\/person\\\/79bb06722b37ece1c03d3e94beb30d73\"},\"headline\":\"La CER Dolomiti verso la piena operativit\u00e0\",\"datePublished\":\"2026-04-09T11:04:48+00:00\",\"mainEntityOfPage\":{\"@id\":\"https:\\\/\\\/www.bellunopress.it\\\/2026\\\/04\\\/09\\\/la-cer-dolomiti-verso-la-piena-operativita\\\/\"},\"wordCount\":702,\"publisher\":{\"@id\":\"https:\\\/\\\/www.bellunopress.it\\\/#organization\"},\"image\":{\"@id\":\"https:\\\/\\\/www.bellunopress.it\\\/2026\\\/04\\\/09\\\/la-cer-dolomiti-verso-la-piena-operativita\\\/#primaryimage\"},\"thumbnailUrl\":\"https:\\\/\\\/www.bellunopress.it\\\/wp-content\\\/uploads\\\/2026\\\/04\\\/Cer-Dolomiti-logo.jpg\",\"articleSection\":[\"Lavoro, Economia, Turismo\",\"Prima Pagina\"],\"inLanguage\":\"fr-FR\"},{\"@type\":\"WebPage\",\"@id\":\"https:\\\/\\\/www.bellunopress.it\\\/2026\\\/04\\\/09\\\/la-cer-dolomiti-verso-la-piena-operativita\\\/\",\"url\":\"https:\\\/\\\/www.bellunopress.it\\\/2026\\\/04\\\/09\\\/la-cer-dolomiti-verso-la-piena-operativita\\\/\",\"name\":\"La CER Dolomiti verso la piena operativit\u00e0 - Bellunopress - Dolomiti\",\"isPartOf\":{\"@id\":\"https:\\\/\\\/www.bellunopress.it\\\/#website\"},\"primaryImageOfPage\":{\"@id\":\"https:\\\/\\\/www.bellunopress.it\\\/2026\\\/04\\\/09\\\/la-cer-dolomiti-verso-la-piena-operativita\\\/#primaryimage\"},\"image\":{\"@id\":\"https:\\\/\\\/www.bellunopress.it\\\/2026\\\/04\\\/09\\\/la-cer-dolomiti-verso-la-piena-operativita\\\/#primaryimage\"},\"thumbnailUrl\":\"https:\\\/\\\/www.bellunopress.it\\\/wp-content\\\/uploads\\\/2026\\\/04\\\/Cer-Dolomiti-logo.jpg\",\"datePublished\":\"2026-04-09T11:04:48+00:00\",\"breadcrumb\":{\"@id\":\"https:\\\/\\\/www.bellunopress.it\\\/2026\\\/04\\\/09\\\/la-cer-dolomiti-verso-la-piena-operativita\\\/#breadcrumb\"},\"inLanguage\":\"fr-FR\",\"potentialAction\":[{\"@type\":\"ReadAction\",\"target\":[\"https:\\\/\\\/www.bellunopress.it\\\/2026\\\/04\\\/09\\\/la-cer-dolomiti-verso-la-piena-operativita\\\/\"]}]},{\"@type\":\"ImageObject\",\"inLanguage\":\"fr-FR\",\"@id\":\"https:\\\/\\\/www.bellunopress.it\\\/2026\\\/04\\\/09\\\/la-cer-dolomiti-verso-la-piena-operativita\\\/#primaryimage\",\"url\":\"https:\\\/\\\/www.bellunopress.it\\\/wp-content\\\/uploads\\\/2026\\\/04\\\/Cer-Dolomiti-logo.jpg\",\"contentUrl\":\"https:\\\/\\\/www.bellunopress.it\\\/wp-content\\\/uploads\\\/2026\\\/04\\\/Cer-Dolomiti-logo.jpg\",\"width\":600,\"height\":600},{\"@type\":\"BreadcrumbList\",\"@id\":\"https:\\\/\\\/www.bellunopress.it\\\/2026\\\/04\\\/09\\\/la-cer-dolomiti-verso-la-piena-operativita\\\/#breadcrumb\",\"itemListElement\":[{\"@type\":\"ListItem\",\"position\":1,\"name\":\"Home\",\"item\":\"https:\\\/\\\/www.bellunopress.it\\\/\"},{\"@type\":\"ListItem\",\"position\":2,\"name\":\"La CER Dolomiti verso la piena operativit\u00e0\"}]},{\"@type\":\"WebSite\",\"@id\":\"https:\\\/\\\/www.bellunopress.it\\\/#website\",\"url\":\"https:\\\/\\\/www.bellunopress.it\\\/\",\"name\":\"Bellunopress - Dolomiti\",\"description\":\"e-mail: redazione@bellunopress.it\",\"publisher\":{\"@id\":\"https:\\\/\\\/www.bellunopress.it\\\/#organization\"},\"potentialAction\":[{\"@type\":\"SearchAction\",\"target\":{\"@type\":\"EntryPoint\",\"urlTemplate\":\"https:\\\/\\\/www.bellunopress.it\\\/?s={search_term_string}\"},\"query-input\":{\"@type\":\"PropertyValueSpecification\",\"valueRequired\":true,\"valueName\":\"search_term_string\"}}],\"inLanguage\":\"fr-FR\"},{\"@type\":\"Organization\",\"@id\":\"https:\\\/\\\/www.bellunopress.it\\\/#organization\",\"name\":\"Bellunopress\",\"url\":\"https:\\\/\\\/www.bellunopress.it\\\/\",\"logo\":{\"@type\":\"ImageObject\",\"inLanguage\":\"fr-FR\",\"@id\":\"https:\\\/\\\/www.bellunopress.it\\\/#\\\/schema\\\/logo\\\/image\\\/\",\"url\":\"https:\\\/\\\/www.bellunopress.it\\\/wp-content\\\/uploads\\\/2011\\\/05\\\/cropped-logo-bellunopress-.jpg\",\"contentUrl\":\"https:\\\/\\\/www.bellunopress.it\\\/wp-content\\\/uploads\\\/2011\\\/05\\\/cropped-logo-bellunopress-.jpg\",\"width\":512,\"height\":512,\"caption\":\"Bellunopress\"},\"image\":{\"@id\":\"https:\\\/\\\/www.bellunopress.it\\\/#\\\/schema\\\/logo\\\/image\\\/\"},\"sameAs\":[\"https:\\\/\\\/www.facebook.com\\\/profile.php?id=100008943462799\",\"https:\\\/\\\/x.com\\\/bellunopress\",\"https:\\\/\\\/www.linkedin.com\\\/hp\\\/?dnr=JBzUWaJfMUw8vbXJJ2tVW5-I3jZKvC4wsoxE&amp;amp;amp;amp;amp;amp;trk=nav_responsive_tab_home\",\"https:\\\/\\\/www.youtube.com\\\/channel\\\/UCxL0wu1uN0_3_7hGG0306cw\"]},{\"@type\":\"Person\",\"@id\":\"https:\\\/\\\/www.bellunopress.it\\\/#\\\/schema\\\/person\\\/79bb06722b37ece1c03d3e94beb30d73\",\"name\":\"redazione\",\"image\":{\"@type\":\"ImageObject\",\"inLanguage\":\"fr-FR\",\"@id\":\"https:\\\/\\\/secure.gravatar.com\\\/avatar\\\/37d968a2e67a6fd04c169c4bdef102d0bc5d31b2546345219e348575eb80e9a0?s=96&d=mm&r=g\",\"url\":\"https:\\\/\\\/secure.gravatar.com\\\/avatar\\\/37d968a2e67a6fd04c169c4bdef102d0bc5d31b2546345219e348575eb80e9a0?s=96&d=mm&r=g\",\"contentUrl\":\"https:\\\/\\\/secure.gravatar.com\\\/avatar\\\/37d968a2e67a6fd04c169c4bdef102d0bc5d31b2546345219e348575eb80e9a0?s=96&d=mm&r=g\",\"caption\":\"redazione\"},\"sameAs\":[\"http:\\\/\\\/www.bellunopress.it\",\"https:\\\/\\\/x.com\\\/bellunopress\"],\"url\":\"https:\\\/\\\/www.bellunopress.it\\\/fr\\\/author\\\/redazione\\\/\"}]}<\/script>\n<!-- \/ Yoast SEO plugin. -->","yoast_head_json":{"title":"La CER Dolomiti verso la piena operativit\u00e0 - Bellunopress - Dolomiti","robots":{"index":"index","follow":"follow","max-snippet":"max-snippet:-1","max-image-preview":"max-image-preview:large","max-video-preview":"max-video-preview:-1"},"canonical":"https:\/\/www.bellunopress.it\/fr\/2026\/04\/09\/la-cer-dolomiti-verso-la-piena-operativita\/","og_locale":"fr_FR","og_type":"article","og_title":"La CER Dolomiti verso la piena operativit\u00e0 - Bellunopress - Dolomiti","og_description":"A Roma confronto con Enel. La gestione dell&#8217;energia \u00e8 la leva pi\u00f9 importante per lo sviluppo del territorio Belluno, 09 aprile 2026\u00a0 &#8211;\u00a0 Un passo concreto verso la piena operativit\u00e0 della CER Dolomiti. Nei giorni scorsi a Roma c&#8217;\u00e8 stato un confronto tra i vertici della Comunit\u00e0 energetica rinnovabile di area vasta e il personale [&hellip;]","og_url":"https:\/\/www.bellunopress.it\/fr\/2026\/04\/09\/la-cer-dolomiti-verso-la-piena-operativita\/","og_site_name":"Bellunopress - Dolomiti","article_publisher":"https:\/\/www.facebook.com\/profile.php?id=100008943462799","article_published_time":"2026-04-09T11:04:48+00:00","og_image":[{"width":600,"height":600,"url":"https:\/\/www.bellunopress.it\/wp-content\/uploads\/2026\/04\/Cer-Dolomiti-logo.jpg","type":"image\/jpeg"}],"author":"redazione","twitter_card":"summary_large_image","twitter_creator":"@bellunopress","twitter_site":"@bellunopress","twitter_misc":{"\u00c9crit par":"redazione","Dur\u00e9e de lecture estim\u00e9e":"3 minutes"},"schema":{"@context":"https:\/\/schema.org","@graph":[{"@type":"Article","@id":"https:\/\/www.bellunopress.it\/2026\/04\/09\/la-cer-dolomiti-verso-la-piena-operativita\/#article","isPartOf":{"@id":"https:\/\/www.bellunopress.it\/2026\/04\/09\/la-cer-dolomiti-verso-la-piena-operativita\/"},"author":{"name":"redazione","@id":"https:\/\/www.bellunopress.it\/#\/schema\/person\/79bb06722b37ece1c03d3e94beb30d73"},"headline":"La CER Dolomiti verso la piena operativit\u00e0","datePublished":"2026-04-09T11:04:48+00:00","mainEntityOfPage":{"@id":"https:\/\/www.bellunopress.it\/2026\/04\/09\/la-cer-dolomiti-verso-la-piena-operativita\/"},"wordCount":702,"publisher":{"@id":"https:\/\/www.bellunopress.it\/#organization"},"image":{"@id":"https:\/\/www.bellunopress.it\/2026\/04\/09\/la-cer-dolomiti-verso-la-piena-operativita\/#primaryimage"},"thumbnailUrl":"https:\/\/www.bellunopress.it\/wp-content\/uploads\/2026\/04\/Cer-Dolomiti-logo.jpg","articleSection":["Lavoro, Economia, Turismo","Prima Pagina"],"inLanguage":"fr-FR"},{"@type":"WebPage","@id":"https:\/\/www.bellunopress.it\/2026\/04\/09\/la-cer-dolomiti-verso-la-piena-operativita\/","url":"https:\/\/www.bellunopress.it\/2026\/04\/09\/la-cer-dolomiti-verso-la-piena-operativita\/","name":"La CER Dolomiti verso la piena operativit\u00e0 - Bellunopress - Dolomiti","isPartOf":{"@id":"https:\/\/www.bellunopress.it\/#website"},"primaryImageOfPage":{"@id":"https:\/\/www.bellunopress.it\/2026\/04\/09\/la-cer-dolomiti-verso-la-piena-operativita\/#primaryimage"},"image":{"@id":"https:\/\/www.bellunopress.it\/2026\/04\/09\/la-cer-dolomiti-verso-la-piena-operativita\/#primaryimage"},"thumbnailUrl":"https:\/\/www.bellunopress.it\/wp-content\/uploads\/2026\/04\/Cer-Dolomiti-logo.jpg","datePublished":"2026-04-09T11:04:48+00:00","breadcrumb":{"@id":"https:\/\/www.bellunopress.it\/2026\/04\/09\/la-cer-dolomiti-verso-la-piena-operativita\/#breadcrumb"},"inLanguage":"fr-FR","potentialAction":[{"@type":"ReadAction","target":["https:\/\/www.bellunopress.it\/2026\/04\/09\/la-cer-dolomiti-verso-la-piena-operativita\/"]}]},{"@type":"ImageObject","inLanguage":"fr-FR","@id":"https:\/\/www.bellunopress.it\/2026\/04\/09\/la-cer-dolomiti-verso-la-piena-operativita\/#primaryimage","url":"https:\/\/www.bellunopress.it\/wp-content\/uploads\/2026\/04\/Cer-Dolomiti-logo.jpg","contentUrl":"https:\/\/www.bellunopress.it\/wp-content\/uploads\/2026\/04\/Cer-Dolomiti-logo.jpg","width":600,"height":600},{"@type":"BreadcrumbList","@id":"https:\/\/www.bellunopress.it\/2026\/04\/09\/la-cer-dolomiti-verso-la-piena-operativita\/#breadcrumb","itemListElement":[{"@type":"ListItem","position":1,"name":"Home","item":"https:\/\/www.bellunopress.it\/"},{"@type":"ListItem","position":2,"name":"La CER Dolomiti verso la piena operativit\u00e0"}]},{"@type":"WebSite","@id":"https:\/\/www.bellunopress.it\/#website","url":"https:\/\/www.bellunopress.it\/","name":"Bellunopress - Dolomiti","description":"e-mail: redazione@bellunopress.it","publisher":{"@id":"https:\/\/www.bellunopress.it\/#organization"},"potentialAction":[{"@type":"SearchAction","target":{"@type":"EntryPoint","urlTemplate":"https:\/\/www.bellunopress.it\/?s={search_term_string}"},"query-input":{"@type":"PropertyValueSpecification","valueRequired":true,"valueName":"search_term_string"}}],"inLanguage":"fr-FR"},{"@type":"Organization","@id":"https:\/\/www.bellunopress.it\/#organization","name":"Bellunopress","url":"https:\/\/www.bellunopress.it\/","logo":{"@type":"ImageObject","inLanguage":"fr-FR","@id":"https:\/\/www.bellunopress.it\/#\/schema\/logo\/image\/","url":"https:\/\/www.bellunopress.it\/wp-content\/uploads\/2011\/05\/cropped-logo-bellunopress-.jpg","contentUrl":"https:\/\/www.bellunopress.it\/wp-content\/uploads\/2011\/05\/cropped-logo-bellunopress-.jpg","width":512,"height":512,"caption":"Bellunopress"},"image":{"@id":"https:\/\/www.bellunopress.it\/#\/schema\/logo\/image\/"},"sameAs":["https:\/\/www.facebook.com\/profile.php?id=100008943462799","https:\/\/x.com\/bellunopress","https:\/\/www.linkedin.com\/hp\/?dnr=JBzUWaJfMUw8vbXJJ2tVW5-I3jZKvC4wsoxE&amp;amp;amp;amp;amp;amp;trk=nav_responsive_tab_home","https:\/\/www.youtube.com\/channel\/UCxL0wu1uN0_3_7hGG0306cw"]},{"@type":"Person","@id":"https:\/\/www.bellunopress.it\/#\/schema\/person\/79bb06722b37ece1c03d3e94beb30d73","name":"r\u00e9daction","image":{"@type":"ImageObject","inLanguage":"fr-FR","@id":"https:\/\/secure.gravatar.com\/avatar\/37d968a2e67a6fd04c169c4bdef102d0bc5d31b2546345219e348575eb80e9a0?s=96&d=mm&r=g","url":"https:\/\/secure.gravatar.com\/avatar\/37d968a2e67a6fd04c169c4bdef102d0bc5d31b2546345219e348575eb80e9a0?s=96&d=mm&r=g","contentUrl":"https:\/\/secure.gravatar.com\/avatar\/37d968a2e67a6fd04c169c4bdef102d0bc5d31b2546345219e348575eb80e9a0?s=96&d=mm&r=g","caption":"redazione"},"sameAs":["http:\/\/www.bellunopress.it","https:\/\/x.com\/bellunopress"],"url":"https:\/\/www.bellunopress.it\/fr\/author\/redazione\/"}]}},"_links":{"self":[{"href":"https:\/\/www.bellunopress.it\/fr\/wp-json\/wp\/v2\/posts\/168930","targetHints":{"allow":["GET"]}}],"collection":[{"href":"https:\/\/www.bellunopress.it\/fr\/wp-json\/wp\/v2\/posts"}],"about":[{"href":"https:\/\/www.bellunopress.it\/fr\/wp-json\/wp\/v2\/types\/post"}],"author":[{"embeddable":true,"href":"https:\/\/www.bellunopress.it\/fr\/wp-json\/wp\/v2\/users\/2"}],"replies":[{"embeddable":true,"href":"https:\/\/www.bellunopress.it\/fr\/wp-json\/wp\/v2\/comments?post=168930"}],"version-history":[{"count":1,"href":"https:\/\/www.bellunopress.it\/fr\/wp-json\/wp\/v2\/posts\/168930\/revisions"}],"predecessor-version":[{"id":168932,"href":"https:\/\/www.bellunopress.it\/fr\/wp-json\/wp\/v2\/posts\/168930\/revisions\/168932"}],"wp:featuredmedia":[{"embeddable":true,"href":"https:\/\/www.bellunopress.it\/fr\/wp-json\/wp\/v2\/media\/168931"}],"wp:attachment":[{"href":"https:\/\/www.bellunopress.it\/fr\/wp-json\/wp\/v2\/media?parent=168930"}],"wp:term":[{"taxonomy":"category","embeddable":true,"href":"https:\/\/www.bellunopress.it\/fr\/wp-json\/wp\/v2\/categories?post=168930"},{"taxonomy":"post_tag","embeddable":true,"href":"https:\/\/www.bellunopress.it\/fr\/wp-json\/wp\/v2\/tags?post=168930"}],"curies":[{"name":"wp","href":"https:\/\/api.w.org\/{rel}","templated":true}]}}