{"id":168886,"date":"2026-04-08T09:45:40","date_gmt":"2026-04-08T07:45:40","guid":{"rendered":"https:\/\/www.bellunopress.it\/?p=168886"},"modified":"2026-04-07T22:33:08","modified_gmt":"2026-04-07T20:33:08","slug":"la-notte-piu-buia-della-valle-di-andrea-di-antonio-lettomanoppello-celebra-la-memoria-del-vajont","status":"publish","type":"post","link":"https:\/\/www.bellunopress.it\/fr\/2026\/04\/08\/la-notte-piu-buia-della-valle-di-andrea-di-antonio-lettomanoppello-celebra-la-memoria-del-vajont\/","title":{"rendered":"\u201cLa notte pi\u00f9 buia della valle\u201d di Andrea Di Antonio. Lettomanoppello celebra la memoria del Vajont"},"content":{"rendered":"<p>Lettomanoppello (Pescara) \u2013 Venerd\u00ec\u202f10\u202faprile\u202f2026, alle ore\u202f17.30, nella Sala Consiliare Wojtyla del Municipio di Lettomanoppello si terr\u00e0 la presentazione del volume La notte pi\u00f9 buia della valle a cura del dottore di ricerca Andrea Di Antonio.<\/p>\n<p>L\u2019autore, teramano di nascita, \u00e8 fisico dell\u2019atmosfera e pilota VDS, con un profondo interesse per il disastro del Vajont che coltiva fin dall\u2019infanzia. Questo volume, risultato di anni di meticolosa ricerca, offre una prospettiva innovativa sui complessi processi decisionali che portarono agli eventi drammatici del 9 ottobre 1963. Di Antonio applica principi tipici dell\u2019aviazione per analizzare le dinamiche che condussero al disastro, fornendo cos\u00ec un\u2019interpretazione unica e approfondita.<\/p>\n<p>L\u2019iniziativa, promossa dall\u2019autore con il convinto e fattivo sostegno del Sindaco di Lettomanoppello Simone Romano D\u2019Alfonso e dell\u2019Amministrazione comunale, \u00e8 realizzata con il patrocinio del Comune e della Pro Loco Tholos di Lettomanoppello, nonch\u00e9 dei Comuni e delle realt\u00e0 direttamente legate alla storia del Vajont: Erto e Casso, Longarone, Vajont, l\u2019EcoMuseo Vajont di Erto, la Fondazione Vajont e la Pro Loco di Longarone.<\/p>\n<p>La serata, moderata dal giornalista Alessandro Di Emidio, prevede la partecipazione dell\u2019autore e gli interventi di personalit\u00e0 legate alla memoria storica del Vajont: Agostino Nicolai, figlio e nipote degli \u201cacrobati delle dighe\u201d, operai specializzati originari di Lettomanoppello che contribuirono alla costruzione della diga, e Vittorio Valentini, gi\u00e0 sottotenente della Brigata Alpina Cadore tra i soccorritori intervenuti a Longarone subito dopo il disastro. Una testimonianza superstite, curata dalla Pro Loco di Longarone, arricchir\u00e0 l\u2019incontro di un forte valore umano e commemorativo.<\/p>\n<p>Nel corso dell\u2019evento saranno inoltre portati i saluti istituzionali di due Deputati della Repubblica che hanno voluto esprimere la propria vicinanza all\u2019iniziativa, sottolineandone l\u2019importanza per la riflessione collettiva sulla memoria storica: l\u2019On. Giulio Sottanelli e l\u2019On. Luciano D\u2019Alfonso.<\/p>\n<p>La presentazione rappresenta un\u2019importante occasione per riflettere su una delle pagine pi\u00f9 tragiche della storia italiana, con particolare attenzione al profondo legame con l\u2019Abruzzo. Questo legame \u00e8 stato recentemente rafforzato dalla sottoscrizione del Patto d\u2019Amicizia tra il Comune di Teramo e il Comune di Longarone, siglato il 22\u202fmaggio scorso su iniziativa dello stesso Di Antonio con il pieno sostegno delle amministrazioni coinvolte.<\/p>\n<p>L&#8217;incontro, aperto al pubblico, si terr\u00e0 venerd\u00ec 10 aprile alle ore 17.30 la Sala Consiliare Wojtyla del Municipio di Lettomanoppello.<\/p>","protected":false},"excerpt":{"rendered":"<p>Lettomanoppello (Pescara) \u2013 Venerd\u00ec\u202f10\u202faprile\u202f2026, alle ore\u202f17.30, nella Sala Consiliare Wojtyla del Municipio di Lettomanoppello si terr\u00e0 la presentazione del volume La notte pi\u00f9 buia della valle a cura del dottore di ricerca Andrea Di Antonio. L\u2019autore, teramano di nascita, \u00e8 fisico dell\u2019atmosfera e pilota VDS, con un profondo interesse per il disastro del Vajont che [&hellip;]<\/p>\n","protected":false},"author":2,"featured_media":168887,"comment_status":"closed","ping_status":"open","sticky":false,"template":"","format":"standard","meta":{"footnotes":""},"categories":[27,3],"tags":[],"class_list":["post-168886","post","type-post","status-publish","format-standard","has-post-thumbnail","category-appuntamenti","category-arte-cultura-spettacoli-scienza-archivi"],"yoast_head":"<!-- This site is optimized with the Yoast SEO plugin v28.4 - https:\/\/yoast.com\/product\/yoast-seo-wordpress\/ -->\n<title>\u201cLa notte pi\u00f9 buia della valle\u201d di Andrea Di Antonio. Lettomanoppello celebra la memoria del Vajont - Bellunopress - Dolomiti<\/title>\n<meta name=\"robots\" content=\"index, follow, max-snippet:-1, max-image-preview:large, max-video-preview:-1\" \/>\n<link rel=\"canonical\" href=\"https:\/\/www.bellunopress.it\/fr\/2026\/04\/08\/la-notte-piu-buia-della-valle-di-andrea-di-antonio-lettomanoppello-celebra-la-memoria-del-vajont\/\" \/>\n<meta property=\"og:locale\" content=\"fr_FR\" \/>\n<meta property=\"og:type\" content=\"article\" \/>\n<meta property=\"og:title\" content=\"\u201cLa notte pi\u00f9 buia della valle\u201d di Andrea Di Antonio. Lettomanoppello celebra la memoria del Vajont - Bellunopress - Dolomiti\" \/>\n<meta property=\"og:description\" content=\"Lettomanoppello (Pescara) \u2013 Venerd\u00ec\u202f10\u202faprile\u202f2026, alle ore\u202f17.30, nella Sala Consiliare Wojtyla del Municipio di Lettomanoppello si terr\u00e0 la presentazione del volume La notte pi\u00f9 buia della valle a cura del dottore di ricerca Andrea Di Antonio. L\u2019autore, teramano di nascita, \u00e8 fisico dell\u2019atmosfera e pilota VDS, con un profondo interesse per il disastro del Vajont che [&hellip;]\" \/>\n<meta property=\"og:url\" content=\"https:\/\/www.bellunopress.it\/fr\/2026\/04\/08\/la-notte-piu-buia-della-valle-di-andrea-di-antonio-lettomanoppello-celebra-la-memoria-del-vajont\/\" \/>\n<meta property=\"og:site_name\" content=\"Bellunopress - Dolomiti\" \/>\n<meta property=\"article:publisher\" content=\"https:\/\/www.facebook.com\/profile.php?id=100008943462799\" \/>\n<meta property=\"article:published_time\" content=\"2026-04-08T07:45:40+00:00\" \/>\n<meta property=\"og:image\" content=\"https:\/\/www.bellunopress.it\/wp-content\/uploads\/2026\/04\/Andrea-Di-Antonio-scrittore.jpg\" \/>\n\t<meta property=\"og:image:width\" content=\"500\" \/>\n\t<meta property=\"og:image:height\" content=\"420\" \/>\n\t<meta property=\"og:image:type\" content=\"image\/jpeg\" \/>\n<meta name=\"author\" content=\"redazione\" \/>\n<meta name=\"twitter:card\" content=\"summary_large_image\" \/>\n<meta name=\"twitter:creator\" content=\"@bellunopress\" \/>\n<meta name=\"twitter:site\" content=\"@bellunopress\" \/>\n<meta name=\"twitter:label1\" content=\"\u00c9crit par\" \/>\n\t<meta name=\"twitter:data1\" content=\"redazione\" \/>\n\t<meta name=\"twitter:label2\" content=\"Dur\u00e9e de lecture estim\u00e9e\" \/>\n\t<meta name=\"twitter:data2\" content=\"2 minutes\" \/>\n<script type=\"application\/ld+json\" class=\"yoast-schema-graph\">{\"@context\":\"https:\\\/\\\/schema.org\",\"@graph\":[{\"@type\":\"Article\",\"@id\":\"https:\\\/\\\/www.bellunopress.it\\\/2026\\\/04\\\/08\\\/la-notte-piu-buia-della-valle-di-andrea-di-antonio-lettomanoppello-celebra-la-memoria-del-vajont\\\/#article\",\"isPartOf\":{\"@id\":\"https:\\\/\\\/www.bellunopress.it\\\/2026\\\/04\\\/08\\\/la-notte-piu-buia-della-valle-di-andrea-di-antonio-lettomanoppello-celebra-la-memoria-del-vajont\\\/\"},\"author\":{\"name\":\"redazione\",\"@id\":\"https:\\\/\\\/www.bellunopress.it\\\/#\\\/schema\\\/person\\\/79bb06722b37ece1c03d3e94beb30d73\"},\"headline\":\"\u201cLa notte pi\u00f9 buia della valle\u201d di Andrea Di Antonio. Lettomanoppello celebra la memoria del Vajont\",\"datePublished\":\"2026-04-08T07:45:40+00:00\",\"mainEntityOfPage\":{\"@id\":\"https:\\\/\\\/www.bellunopress.it\\\/2026\\\/04\\\/08\\\/la-notte-piu-buia-della-valle-di-andrea-di-antonio-lettomanoppello-celebra-la-memoria-del-vajont\\\/\"},\"wordCount\":397,\"publisher\":{\"@id\":\"https:\\\/\\\/www.bellunopress.it\\\/#organization\"},\"image\":{\"@id\":\"https:\\\/\\\/www.bellunopress.it\\\/2026\\\/04\\\/08\\\/la-notte-piu-buia-della-valle-di-andrea-di-antonio-lettomanoppello-celebra-la-memoria-del-vajont\\\/#primaryimage\"},\"thumbnailUrl\":\"https:\\\/\\\/www.bellunopress.it\\\/wp-content\\\/uploads\\\/2026\\\/04\\\/Andrea-Di-Antonio-scrittore.jpg\",\"articleSection\":[\"Appuntamenti, Eventi\",\"Arte, Cultura, Spettacoli, Scienza\"],\"inLanguage\":\"fr-FR\"},{\"@type\":\"WebPage\",\"@id\":\"https:\\\/\\\/www.bellunopress.it\\\/2026\\\/04\\\/08\\\/la-notte-piu-buia-della-valle-di-andrea-di-antonio-lettomanoppello-celebra-la-memoria-del-vajont\\\/\",\"url\":\"https:\\\/\\\/www.bellunopress.it\\\/2026\\\/04\\\/08\\\/la-notte-piu-buia-della-valle-di-andrea-di-antonio-lettomanoppello-celebra-la-memoria-del-vajont\\\/\",\"name\":\"\u201cLa notte pi\u00f9 buia della valle\u201d di Andrea Di Antonio. Lettomanoppello celebra la memoria del Vajont - Bellunopress - Dolomiti\",\"isPartOf\":{\"@id\":\"https:\\\/\\\/www.bellunopress.it\\\/#website\"},\"primaryImageOfPage\":{\"@id\":\"https:\\\/\\\/www.bellunopress.it\\\/2026\\\/04\\\/08\\\/la-notte-piu-buia-della-valle-di-andrea-di-antonio-lettomanoppello-celebra-la-memoria-del-vajont\\\/#primaryimage\"},\"image\":{\"@id\":\"https:\\\/\\\/www.bellunopress.it\\\/2026\\\/04\\\/08\\\/la-notte-piu-buia-della-valle-di-andrea-di-antonio-lettomanoppello-celebra-la-memoria-del-vajont\\\/#primaryimage\"},\"thumbnailUrl\":\"https:\\\/\\\/www.bellunopress.it\\\/wp-content\\\/uploads\\\/2026\\\/04\\\/Andrea-Di-Antonio-scrittore.jpg\",\"datePublished\":\"2026-04-08T07:45:40+00:00\",\"breadcrumb\":{\"@id\":\"https:\\\/\\\/www.bellunopress.it\\\/2026\\\/04\\\/08\\\/la-notte-piu-buia-della-valle-di-andrea-di-antonio-lettomanoppello-celebra-la-memoria-del-vajont\\\/#breadcrumb\"},\"inLanguage\":\"fr-FR\",\"potentialAction\":[{\"@type\":\"ReadAction\",\"target\":[\"https:\\\/\\\/www.bellunopress.it\\\/2026\\\/04\\\/08\\\/la-notte-piu-buia-della-valle-di-andrea-di-antonio-lettomanoppello-celebra-la-memoria-del-vajont\\\/\"]}]},{\"@type\":\"ImageObject\",\"inLanguage\":\"fr-FR\",\"@id\":\"https:\\\/\\\/www.bellunopress.it\\\/2026\\\/04\\\/08\\\/la-notte-piu-buia-della-valle-di-andrea-di-antonio-lettomanoppello-celebra-la-memoria-del-vajont\\\/#primaryimage\",\"url\":\"https:\\\/\\\/www.bellunopress.it\\\/wp-content\\\/uploads\\\/2026\\\/04\\\/Andrea-Di-Antonio-scrittore.jpg\",\"contentUrl\":\"https:\\\/\\\/www.bellunopress.it\\\/wp-content\\\/uploads\\\/2026\\\/04\\\/Andrea-Di-Antonio-scrittore.jpg\",\"width\":500,\"height\":420,\"caption\":\"Andrea Di Antonio, scrittore\"},{\"@type\":\"BreadcrumbList\",\"@id\":\"https:\\\/\\\/www.bellunopress.it\\\/2026\\\/04\\\/08\\\/la-notte-piu-buia-della-valle-di-andrea-di-antonio-lettomanoppello-celebra-la-memoria-del-vajont\\\/#breadcrumb\",\"itemListElement\":[{\"@type\":\"ListItem\",\"position\":1,\"name\":\"Home\",\"item\":\"https:\\\/\\\/www.bellunopress.it\\\/\"},{\"@type\":\"ListItem\",\"position\":2,\"name\":\"\u201cLa notte pi\u00f9 buia della valle\u201d di Andrea Di Antonio. Lettomanoppello celebra la memoria del Vajont\"}]},{\"@type\":\"WebSite\",\"@id\":\"https:\\\/\\\/www.bellunopress.it\\\/#website\",\"url\":\"https:\\\/\\\/www.bellunopress.it\\\/\",\"name\":\"Bellunopress - Dolomiti\",\"description\":\"e-mail: redazione@bellunopress.it\",\"publisher\":{\"@id\":\"https:\\\/\\\/www.bellunopress.it\\\/#organization\"},\"potentialAction\":[{\"@type\":\"SearchAction\",\"target\":{\"@type\":\"EntryPoint\",\"urlTemplate\":\"https:\\\/\\\/www.bellunopress.it\\\/?s={search_term_string}\"},\"query-input\":{\"@type\":\"PropertyValueSpecification\",\"valueRequired\":true,\"valueName\":\"search_term_string\"}}],\"inLanguage\":\"fr-FR\"},{\"@type\":\"Organization\",\"@id\":\"https:\\\/\\\/www.bellunopress.it\\\/#organization\",\"name\":\"Bellunopress\",\"url\":\"https:\\\/\\\/www.bellunopress.it\\\/\",\"logo\":{\"@type\":\"ImageObject\",\"inLanguage\":\"fr-FR\",\"@id\":\"https:\\\/\\\/www.bellunopress.it\\\/#\\\/schema\\\/logo\\\/image\\\/\",\"url\":\"https:\\\/\\\/www.bellunopress.it\\\/wp-content\\\/uploads\\\/2011\\\/05\\\/cropped-logo-bellunopress-.jpg\",\"contentUrl\":\"https:\\\/\\\/www.bellunopress.it\\\/wp-content\\\/uploads\\\/2011\\\/05\\\/cropped-logo-bellunopress-.jpg\",\"width\":512,\"height\":512,\"caption\":\"Bellunopress\"},\"image\":{\"@id\":\"https:\\\/\\\/www.bellunopress.it\\\/#\\\/schema\\\/logo\\\/image\\\/\"},\"sameAs\":[\"https:\\\/\\\/www.facebook.com\\\/profile.php?id=100008943462799\",\"https:\\\/\\\/x.com\\\/bellunopress\",\"https:\\\/\\\/www.linkedin.com\\\/hp\\\/?dnr=JBzUWaJfMUw8vbXJJ2tVW5-I3jZKvC4wsoxE&amp;amp;amp;amp;amp;amp;trk=nav_responsive_tab_home\",\"https:\\\/\\\/www.youtube.com\\\/channel\\\/UCxL0wu1uN0_3_7hGG0306cw\"]},{\"@type\":\"Person\",\"@id\":\"https:\\\/\\\/www.bellunopress.it\\\/#\\\/schema\\\/person\\\/79bb06722b37ece1c03d3e94beb30d73\",\"name\":\"redazione\",\"image\":{\"@type\":\"ImageObject\",\"inLanguage\":\"fr-FR\",\"@id\":\"https:\\\/\\\/secure.gravatar.com\\\/avatar\\\/37d968a2e67a6fd04c169c4bdef102d0bc5d31b2546345219e348575eb80e9a0?s=96&d=mm&r=g\",\"url\":\"https:\\\/\\\/secure.gravatar.com\\\/avatar\\\/37d968a2e67a6fd04c169c4bdef102d0bc5d31b2546345219e348575eb80e9a0?s=96&d=mm&r=g\",\"contentUrl\":\"https:\\\/\\\/secure.gravatar.com\\\/avatar\\\/37d968a2e67a6fd04c169c4bdef102d0bc5d31b2546345219e348575eb80e9a0?s=96&d=mm&r=g\",\"caption\":\"redazione\"},\"sameAs\":[\"http:\\\/\\\/www.bellunopress.it\",\"https:\\\/\\\/x.com\\\/bellunopress\"],\"url\":\"https:\\\/\\\/www.bellunopress.it\\\/fr\\\/author\\\/redazione\\\/\"}]}<\/script>\n<!-- \/ Yoast SEO plugin. -->","yoast_head_json":{"title":"\u201cLa notte pi\u00f9 buia della valle\u201d di Andrea Di Antonio. Lettomanoppello celebra la memoria del Vajont - Bellunopress - Dolomiti","robots":{"index":"index","follow":"follow","max-snippet":"max-snippet:-1","max-image-preview":"max-image-preview:large","max-video-preview":"max-video-preview:-1"},"canonical":"https:\/\/www.bellunopress.it\/fr\/2026\/04\/08\/la-notte-piu-buia-della-valle-di-andrea-di-antonio-lettomanoppello-celebra-la-memoria-del-vajont\/","og_locale":"fr_FR","og_type":"article","og_title":"\u201cLa notte pi\u00f9 buia della valle\u201d di Andrea Di Antonio. Lettomanoppello celebra la memoria del Vajont - Bellunopress - Dolomiti","og_description":"Lettomanoppello (Pescara) \u2013 Venerd\u00ec\u202f10\u202faprile\u202f2026, alle ore\u202f17.30, nella Sala Consiliare Wojtyla del Municipio di Lettomanoppello si terr\u00e0 la presentazione del volume La notte pi\u00f9 buia della valle a cura del dottore di ricerca Andrea Di Antonio. L\u2019autore, teramano di nascita, \u00e8 fisico dell\u2019atmosfera e pilota VDS, con un profondo interesse per il disastro del Vajont che [&hellip;]","og_url":"https:\/\/www.bellunopress.it\/fr\/2026\/04\/08\/la-notte-piu-buia-della-valle-di-andrea-di-antonio-lettomanoppello-celebra-la-memoria-del-vajont\/","og_site_name":"Bellunopress - Dolomiti","article_publisher":"https:\/\/www.facebook.com\/profile.php?id=100008943462799","article_published_time":"2026-04-08T07:45:40+00:00","og_image":[{"width":500,"height":420,"url":"https:\/\/www.bellunopress.it\/wp-content\/uploads\/2026\/04\/Andrea-Di-Antonio-scrittore.jpg","type":"image\/jpeg"}],"author":"redazione","twitter_card":"summary_large_image","twitter_creator":"@bellunopress","twitter_site":"@bellunopress","twitter_misc":{"\u00c9crit par":"redazione","Dur\u00e9e de lecture estim\u00e9e":"2 minutes"},"schema":{"@context":"https:\/\/schema.org","@graph":[{"@type":"Article","@id":"https:\/\/www.bellunopress.it\/2026\/04\/08\/la-notte-piu-buia-della-valle-di-andrea-di-antonio-lettomanoppello-celebra-la-memoria-del-vajont\/#article","isPartOf":{"@id":"https:\/\/www.bellunopress.it\/2026\/04\/08\/la-notte-piu-buia-della-valle-di-andrea-di-antonio-lettomanoppello-celebra-la-memoria-del-vajont\/"},"author":{"name":"redazione","@id":"https:\/\/www.bellunopress.it\/#\/schema\/person\/79bb06722b37ece1c03d3e94beb30d73"},"headline":"\u201cLa notte pi\u00f9 buia della valle\u201d di Andrea Di Antonio. Lettomanoppello celebra la memoria del Vajont","datePublished":"2026-04-08T07:45:40+00:00","mainEntityOfPage":{"@id":"https:\/\/www.bellunopress.it\/2026\/04\/08\/la-notte-piu-buia-della-valle-di-andrea-di-antonio-lettomanoppello-celebra-la-memoria-del-vajont\/"},"wordCount":397,"publisher":{"@id":"https:\/\/www.bellunopress.it\/#organization"},"image":{"@id":"https:\/\/www.bellunopress.it\/2026\/04\/08\/la-notte-piu-buia-della-valle-di-andrea-di-antonio-lettomanoppello-celebra-la-memoria-del-vajont\/#primaryimage"},"thumbnailUrl":"https:\/\/www.bellunopress.it\/wp-content\/uploads\/2026\/04\/Andrea-Di-Antonio-scrittore.jpg","articleSection":["Appuntamenti, Eventi","Arte, Cultura, Spettacoli, Scienza"],"inLanguage":"fr-FR"},{"@type":"WebPage","@id":"https:\/\/www.bellunopress.it\/2026\/04\/08\/la-notte-piu-buia-della-valle-di-andrea-di-antonio-lettomanoppello-celebra-la-memoria-del-vajont\/","url":"https:\/\/www.bellunopress.it\/2026\/04\/08\/la-notte-piu-buia-della-valle-di-andrea-di-antonio-lettomanoppello-celebra-la-memoria-del-vajont\/","name":"\u201cLa notte pi\u00f9 buia della valle\u201d di Andrea Di Antonio. Lettomanoppello celebra la memoria del Vajont - Bellunopress - Dolomiti","isPartOf":{"@id":"https:\/\/www.bellunopress.it\/#website"},"primaryImageOfPage":{"@id":"https:\/\/www.bellunopress.it\/2026\/04\/08\/la-notte-piu-buia-della-valle-di-andrea-di-antonio-lettomanoppello-celebra-la-memoria-del-vajont\/#primaryimage"},"image":{"@id":"https:\/\/www.bellunopress.it\/2026\/04\/08\/la-notte-piu-buia-della-valle-di-andrea-di-antonio-lettomanoppello-celebra-la-memoria-del-vajont\/#primaryimage"},"thumbnailUrl":"https:\/\/www.bellunopress.it\/wp-content\/uploads\/2026\/04\/Andrea-Di-Antonio-scrittore.jpg","datePublished":"2026-04-08T07:45:40+00:00","breadcrumb":{"@id":"https:\/\/www.bellunopress.it\/2026\/04\/08\/la-notte-piu-buia-della-valle-di-andrea-di-antonio-lettomanoppello-celebra-la-memoria-del-vajont\/#breadcrumb"},"inLanguage":"fr-FR","potentialAction":[{"@type":"ReadAction","target":["https:\/\/www.bellunopress.it\/2026\/04\/08\/la-notte-piu-buia-della-valle-di-andrea-di-antonio-lettomanoppello-celebra-la-memoria-del-vajont\/"]}]},{"@type":"ImageObject","inLanguage":"fr-FR","@id":"https:\/\/www.bellunopress.it\/2026\/04\/08\/la-notte-piu-buia-della-valle-di-andrea-di-antonio-lettomanoppello-celebra-la-memoria-del-vajont\/#primaryimage","url":"https:\/\/www.bellunopress.it\/wp-content\/uploads\/2026\/04\/Andrea-Di-Antonio-scrittore.jpg","contentUrl":"https:\/\/www.bellunopress.it\/wp-content\/uploads\/2026\/04\/Andrea-Di-Antonio-scrittore.jpg","width":500,"height":420,"caption":"Andrea Di Antonio, scrittore"},{"@type":"BreadcrumbList","@id":"https:\/\/www.bellunopress.it\/2026\/04\/08\/la-notte-piu-buia-della-valle-di-andrea-di-antonio-lettomanoppello-celebra-la-memoria-del-vajont\/#breadcrumb","itemListElement":[{"@type":"ListItem","position":1,"name":"Home","item":"https:\/\/www.bellunopress.it\/"},{"@type":"ListItem","position":2,"name":"\u201cLa notte pi\u00f9 buia della valle\u201d di Andrea Di Antonio. Lettomanoppello celebra la memoria del Vajont"}]},{"@type":"WebSite","@id":"https:\/\/www.bellunopress.it\/#website","url":"https:\/\/www.bellunopress.it\/","name":"Bellunopress - Dolomiti","description":"e-mail: redazione@bellunopress.it","publisher":{"@id":"https:\/\/www.bellunopress.it\/#organization"},"potentialAction":[{"@type":"SearchAction","target":{"@type":"EntryPoint","urlTemplate":"https:\/\/www.bellunopress.it\/?s={search_term_string}"},"query-input":{"@type":"PropertyValueSpecification","valueRequired":true,"valueName":"search_term_string"}}],"inLanguage":"fr-FR"},{"@type":"Organization","@id":"https:\/\/www.bellunopress.it\/#organization","name":"Bellunopress","url":"https:\/\/www.bellunopress.it\/","logo":{"@type":"ImageObject","inLanguage":"fr-FR","@id":"https:\/\/www.bellunopress.it\/#\/schema\/logo\/image\/","url":"https:\/\/www.bellunopress.it\/wp-content\/uploads\/2011\/05\/cropped-logo-bellunopress-.jpg","contentUrl":"https:\/\/www.bellunopress.it\/wp-content\/uploads\/2011\/05\/cropped-logo-bellunopress-.jpg","width":512,"height":512,"caption":"Bellunopress"},"image":{"@id":"https:\/\/www.bellunopress.it\/#\/schema\/logo\/image\/"},"sameAs":["https:\/\/www.facebook.com\/profile.php?id=100008943462799","https:\/\/x.com\/bellunopress","https:\/\/www.linkedin.com\/hp\/?dnr=JBzUWaJfMUw8vbXJJ2tVW5-I3jZKvC4wsoxE&amp;amp;amp;amp;amp;amp;trk=nav_responsive_tab_home","https:\/\/www.youtube.com\/channel\/UCxL0wu1uN0_3_7hGG0306cw"]},{"@type":"Person","@id":"https:\/\/www.bellunopress.it\/#\/schema\/person\/79bb06722b37ece1c03d3e94beb30d73","name":"r\u00e9daction","image":{"@type":"ImageObject","inLanguage":"fr-FR","@id":"https:\/\/secure.gravatar.com\/avatar\/37d968a2e67a6fd04c169c4bdef102d0bc5d31b2546345219e348575eb80e9a0?s=96&d=mm&r=g","url":"https:\/\/secure.gravatar.com\/avatar\/37d968a2e67a6fd04c169c4bdef102d0bc5d31b2546345219e348575eb80e9a0?s=96&d=mm&r=g","contentUrl":"https:\/\/secure.gravatar.com\/avatar\/37d968a2e67a6fd04c169c4bdef102d0bc5d31b2546345219e348575eb80e9a0?s=96&d=mm&r=g","caption":"redazione"},"sameAs":["http:\/\/www.bellunopress.it","https:\/\/x.com\/bellunopress"],"url":"https:\/\/www.bellunopress.it\/fr\/author\/redazione\/"}]}},"_links":{"self":[{"href":"https:\/\/www.bellunopress.it\/fr\/wp-json\/wp\/v2\/posts\/168886","targetHints":{"allow":["GET"]}}],"collection":[{"href":"https:\/\/www.bellunopress.it\/fr\/wp-json\/wp\/v2\/posts"}],"about":[{"href":"https:\/\/www.bellunopress.it\/fr\/wp-json\/wp\/v2\/types\/post"}],"author":[{"embeddable":true,"href":"https:\/\/www.bellunopress.it\/fr\/wp-json\/wp\/v2\/users\/2"}],"replies":[{"embeddable":true,"href":"https:\/\/www.bellunopress.it\/fr\/wp-json\/wp\/v2\/comments?post=168886"}],"version-history":[{"count":1,"href":"https:\/\/www.bellunopress.it\/fr\/wp-json\/wp\/v2\/posts\/168886\/revisions"}],"predecessor-version":[{"id":168888,"href":"https:\/\/www.bellunopress.it\/fr\/wp-json\/wp\/v2\/posts\/168886\/revisions\/168888"}],"wp:featuredmedia":[{"embeddable":true,"href":"https:\/\/www.bellunopress.it\/fr\/wp-json\/wp\/v2\/media\/168887"}],"wp:attachment":[{"href":"https:\/\/www.bellunopress.it\/fr\/wp-json\/wp\/v2\/media?parent=168886"}],"wp:term":[{"taxonomy":"category","embeddable":true,"href":"https:\/\/www.bellunopress.it\/fr\/wp-json\/wp\/v2\/categories?post=168886"},{"taxonomy":"post_tag","embeddable":true,"href":"https:\/\/www.bellunopress.it\/fr\/wp-json\/wp\/v2\/tags?post=168886"}],"curies":[{"name":"wp","href":"https:\/\/api.w.org\/{rel}","templated":true}]}}