{"id":168881,"date":"2026-04-08T09:29:00","date_gmt":"2026-04-08T07:29:00","guid":{"rendered":"https:\/\/www.bellunopress.it\/?p=168881"},"modified":"2026-04-08T10:32:22","modified_gmt":"2026-04-08T08:32:22","slug":"168881","status":"publish","type":"post","link":"https:\/\/www.bellunopress.it\/fr\/2026\/04\/08\/168881\/","title":{"rendered":"Lega Navale Italiana Belluno. La presidente Sandra Deola: &#8220;Il circolo sta entrando con decisione nel panorama nazionale del Wing Foil&#8221;"},"content":{"rendered":"<p>Alpago, 08\/04\/2026 &#8211; Con l\u2019arrivo della primavera si \u00e8 aperta ufficialmente la stagione agonistica della vela, con gli atleti della Lega Navale Italiana \u2013 Sezione di Belluno che si sono presentati pronti e competitivi ai primi appuntamenti nazionali.<\/p>\n<p>A inaugurare gli impegni sportivi \u00e8 stato Enrico Tonon, protagonista della prima prova del Campionato Italiano Wing Foil. Enrico Tonon \u00e8 l\u2019atleta che ha introdotto e sviluppato questa disciplina all\u2019interno delle attivit\u00e0 del circolo bellunese: oltre a essere un surfista di altissimo livello, con risultati di rilievo sia in Italia che all\u2019estero (tra cui il 3\u00b0 posto al Campionato Mondiale Master 2025), \u00e8 anche il principale punto di riferimento per i corsi di avvicinamento e perfezionamento al Wing Foil che si svolgono sul lago di Santa Croce. A fine marzo Tonon ha preso parte alla tappa inaugurale del Campionato Italiano, ospitata sul litorale di Ostia dal Tognazzi Marine Village. Le condizioni meteo hanno reso la due giorni particolarmente impegnativa ma spettacolare: sabato la flotta ha regatato con venti tra i 15 e i 18 nodi, mentre domenica l\u2019intensit\u00e0 ha superato i 20 nodi. Alla partenza si sono presentati 32 surfer provenienti da tutta Italia, con alcune presenze internazionali di rilievo. Le condizioni favorevoli hanno permesso di disputare 12 prove tra le boe, dominate dal polacco Manowiecki. Tonon ha chiuso al 15\u00b0 posto assoluto, un risultato di grande spessore considerando che davanti a lui figurano esclusivamente giovani Under 21 e un solo atleta Master. Enrico Tonon infatti gareggia nella categoria Grand Master, riservata agli atleti pi\u00f9 esperti, e proprio qui ha conquistato il primo posto di categoria, con oltre 16 punti di vantaggio sul diretto inseguitore.<\/p>\n<p>\u201cIl prestigioso risultato ottenuto da Tonon\u201d, ha commentato la presidente della Lini Belluno, Sandra Deola, \u201cconferma come il nostro circolo stia entrando con decisione nel panorama nazionale del Wing Foil, una disciplina in forte crescita\u201d. \u201cLa nostra base nautica ha saputo coglierne fin da subito le potenzialit\u00e0 e sta investendo con convinzione nella sua diffusione e nel suo sviluppo tecnico, tanto che si \u00e8 passati da 1 a 5 istruttori per tale disciplina aggiungendo al veterano Nicola Bizzarini gli istruttori Davide Ruvio, Lorenzo Rigon, Mirco Girolimetto e Andrea Zanon\u201d, ha sottolineato Deola.<\/p>\n<p>Ezio Franceschini<\/p>\n<p>&nbsp;<\/p>","protected":false},"excerpt":{"rendered":"<p>Alpago, 08\/04\/2026 &#8211; Con l\u2019arrivo della primavera si \u00e8 aperta ufficialmente la stagione agonistica della vela, con gli atleti della Lega Navale Italiana \u2013 Sezione di Belluno che si sono presentati pronti e competitivi ai primi appuntamenti nazionali. A inaugurare gli impegni sportivi \u00e8 stato Enrico Tonon, protagonista della prima prova del Campionato Italiano Wing [&hellip;]<\/p>\n","protected":false},"author":2,"featured_media":114729,"comment_status":"closed","ping_status":"open","sticky":false,"template":"","format":"standard","meta":{"footnotes":""},"categories":[26,4],"tags":[],"class_list":["post-168881","post","type-post","status-publish","format-standard","has-post-thumbnail","category-prima-pagina","category-sport"],"yoast_head":"<!-- This site is optimized with the Yoast SEO plugin v28.4 - https:\/\/yoast.com\/product\/yoast-seo-wordpress\/ -->\n<title>Lega Navale Italiana Belluno. La presidente Sandra Deola: &quot;Il circolo sta entrando con decisione nel panorama nazionale del Wing Foil&quot; - Bellunopress - Dolomiti<\/title>\n<meta name=\"robots\" content=\"index, follow, max-snippet:-1, max-image-preview:large, max-video-preview:-1\" \/>\n<link rel=\"canonical\" href=\"https:\/\/www.bellunopress.it\/fr\/2026\/04\/08\/168881\/\" \/>\n<meta property=\"og:locale\" content=\"fr_FR\" \/>\n<meta property=\"og:type\" content=\"article\" \/>\n<meta property=\"og:title\" content=\"Lega Navale Italiana Belluno. La presidente Sandra Deola: &quot;Il circolo sta entrando con decisione nel panorama nazionale del Wing Foil&quot; - Bellunopress - Dolomiti\" \/>\n<meta property=\"og:description\" content=\"Alpago, 08\/04\/2026 &#8211; Con l\u2019arrivo della primavera si \u00e8 aperta ufficialmente la stagione agonistica della vela, con gli atleti della Lega Navale Italiana \u2013 Sezione di Belluno che si sono presentati pronti e competitivi ai primi appuntamenti nazionali. A inaugurare gli impegni sportivi \u00e8 stato Enrico Tonon, protagonista della prima prova del Campionato Italiano Wing [&hellip;]\" \/>\n<meta property=\"og:url\" content=\"https:\/\/www.bellunopress.it\/fr\/2026\/04\/08\/168881\/\" \/>\n<meta property=\"og:site_name\" content=\"Bellunopress - Dolomiti\" \/>\n<meta property=\"article:publisher\" content=\"https:\/\/www.facebook.com\/profile.php?id=100008943462799\" \/>\n<meta property=\"article:published_time\" content=\"2026-04-08T07:29:00+00:00\" \/>\n<meta property=\"article:modified_time\" content=\"2026-04-08T08:32:22+00:00\" \/>\n<meta property=\"og:image\" content=\"https:\/\/www.bellunopress.it\/wp-content\/uploads\/2020\/05\/lago-santa-croce-con-arcobaleno_edited.jpg\" \/>\n\t<meta property=\"og:image:width\" content=\"800\" \/>\n\t<meta property=\"og:image:height\" content=\"413\" \/>\n\t<meta property=\"og:image:type\" content=\"image\/jpeg\" \/>\n<meta name=\"author\" content=\"redazione\" \/>\n<meta name=\"twitter:card\" content=\"summary_large_image\" \/>\n<meta name=\"twitter:creator\" content=\"@bellunopress\" \/>\n<meta name=\"twitter:site\" content=\"@bellunopress\" \/>\n<meta name=\"twitter:label1\" content=\"\u00c9crit par\" \/>\n\t<meta name=\"twitter:data1\" content=\"redazione\" \/>\n\t<meta name=\"twitter:label2\" content=\"Dur\u00e9e de lecture estim\u00e9e\" \/>\n\t<meta name=\"twitter:data2\" content=\"2 minutes\" \/>\n<script type=\"application\/ld+json\" class=\"yoast-schema-graph\">{\"@context\":\"https:\\\/\\\/schema.org\",\"@graph\":[{\"@type\":\"Article\",\"@id\":\"https:\\\/\\\/www.bellunopress.it\\\/2026\\\/04\\\/08\\\/168881\\\/#article\",\"isPartOf\":{\"@id\":\"https:\\\/\\\/www.bellunopress.it\\\/2026\\\/04\\\/08\\\/168881\\\/\"},\"author\":{\"name\":\"redazione\",\"@id\":\"https:\\\/\\\/www.bellunopress.it\\\/#\\\/schema\\\/person\\\/79bb06722b37ece1c03d3e94beb30d73\"},\"headline\":\"Lega Navale Italiana Belluno. La presidente Sandra Deola: &#8220;Il circolo sta entrando con decisione nel panorama nazionale del Wing Foil&#8221;\",\"datePublished\":\"2026-04-08T07:29:00+00:00\",\"dateModified\":\"2026-04-08T08:32:22+00:00\",\"mainEntityOfPage\":{\"@id\":\"https:\\\/\\\/www.bellunopress.it\\\/2026\\\/04\\\/08\\\/168881\\\/\"},\"wordCount\":374,\"publisher\":{\"@id\":\"https:\\\/\\\/www.bellunopress.it\\\/#organization\"},\"image\":{\"@id\":\"https:\\\/\\\/www.bellunopress.it\\\/2026\\\/04\\\/08\\\/168881\\\/#primaryimage\"},\"thumbnailUrl\":\"https:\\\/\\\/www.bellunopress.it\\\/wp-content\\\/uploads\\\/2020\\\/05\\\/lago-santa-croce-con-arcobaleno_edited.jpg\",\"articleSection\":[\"Prima Pagina\",\"Sport, tempo libero\"],\"inLanguage\":\"fr-FR\"},{\"@type\":\"WebPage\",\"@id\":\"https:\\\/\\\/www.bellunopress.it\\\/2026\\\/04\\\/08\\\/168881\\\/\",\"url\":\"https:\\\/\\\/www.bellunopress.it\\\/2026\\\/04\\\/08\\\/168881\\\/\",\"name\":\"Lega Navale Italiana Belluno. La presidente Sandra Deola: \\\"Il circolo sta entrando con decisione nel panorama nazionale del Wing Foil\\\" - Bellunopress - Dolomiti\",\"isPartOf\":{\"@id\":\"https:\\\/\\\/www.bellunopress.it\\\/#website\"},\"primaryImageOfPage\":{\"@id\":\"https:\\\/\\\/www.bellunopress.it\\\/2026\\\/04\\\/08\\\/168881\\\/#primaryimage\"},\"image\":{\"@id\":\"https:\\\/\\\/www.bellunopress.it\\\/2026\\\/04\\\/08\\\/168881\\\/#primaryimage\"},\"thumbnailUrl\":\"https:\\\/\\\/www.bellunopress.it\\\/wp-content\\\/uploads\\\/2020\\\/05\\\/lago-santa-croce-con-arcobaleno_edited.jpg\",\"datePublished\":\"2026-04-08T07:29:00+00:00\",\"dateModified\":\"2026-04-08T08:32:22+00:00\",\"breadcrumb\":{\"@id\":\"https:\\\/\\\/www.bellunopress.it\\\/2026\\\/04\\\/08\\\/168881\\\/#breadcrumb\"},\"inLanguage\":\"fr-FR\",\"potentialAction\":[{\"@type\":\"ReadAction\",\"target\":[\"https:\\\/\\\/www.bellunopress.it\\\/2026\\\/04\\\/08\\\/168881\\\/\"]}]},{\"@type\":\"ImageObject\",\"inLanguage\":\"fr-FR\",\"@id\":\"https:\\\/\\\/www.bellunopress.it\\\/2026\\\/04\\\/08\\\/168881\\\/#primaryimage\",\"url\":\"https:\\\/\\\/www.bellunopress.it\\\/wp-content\\\/uploads\\\/2020\\\/05\\\/lago-santa-croce-con-arcobaleno_edited.jpg\",\"contentUrl\":\"https:\\\/\\\/www.bellunopress.it\\\/wp-content\\\/uploads\\\/2020\\\/05\\\/lago-santa-croce-con-arcobaleno_edited.jpg\",\"width\":800,\"height\":413,\"caption\":\"Lago di Santa Croce - Alpago\"},{\"@type\":\"BreadcrumbList\",\"@id\":\"https:\\\/\\\/www.bellunopress.it\\\/2026\\\/04\\\/08\\\/168881\\\/#breadcrumb\",\"itemListElement\":[{\"@type\":\"ListItem\",\"position\":1,\"name\":\"Home\",\"item\":\"https:\\\/\\\/www.bellunopress.it\\\/\"},{\"@type\":\"ListItem\",\"position\":2,\"name\":\"Lega Navale Italiana Belluno. La presidente Sandra Deola: &#8220;Il circolo sta entrando con decisione nel panorama nazionale del Wing Foil&#8221;\"}]},{\"@type\":\"WebSite\",\"@id\":\"https:\\\/\\\/www.bellunopress.it\\\/#website\",\"url\":\"https:\\\/\\\/www.bellunopress.it\\\/\",\"name\":\"Bellunopress - Dolomiti\",\"description\":\"e-mail: redazione@bellunopress.it\",\"publisher\":{\"@id\":\"https:\\\/\\\/www.bellunopress.it\\\/#organization\"},\"potentialAction\":[{\"@type\":\"SearchAction\",\"target\":{\"@type\":\"EntryPoint\",\"urlTemplate\":\"https:\\\/\\\/www.bellunopress.it\\\/?s={search_term_string}\"},\"query-input\":{\"@type\":\"PropertyValueSpecification\",\"valueRequired\":true,\"valueName\":\"search_term_string\"}}],\"inLanguage\":\"fr-FR\"},{\"@type\":\"Organization\",\"@id\":\"https:\\\/\\\/www.bellunopress.it\\\/#organization\",\"name\":\"Bellunopress\",\"url\":\"https:\\\/\\\/www.bellunopress.it\\\/\",\"logo\":{\"@type\":\"ImageObject\",\"inLanguage\":\"fr-FR\",\"@id\":\"https:\\\/\\\/www.bellunopress.it\\\/#\\\/schema\\\/logo\\\/image\\\/\",\"url\":\"https:\\\/\\\/www.bellunopress.it\\\/wp-content\\\/uploads\\\/2011\\\/05\\\/cropped-logo-bellunopress-.jpg\",\"contentUrl\":\"https:\\\/\\\/www.bellunopress.it\\\/wp-content\\\/uploads\\\/2011\\\/05\\\/cropped-logo-bellunopress-.jpg\",\"width\":512,\"height\":512,\"caption\":\"Bellunopress\"},\"image\":{\"@id\":\"https:\\\/\\\/www.bellunopress.it\\\/#\\\/schema\\\/logo\\\/image\\\/\"},\"sameAs\":[\"https:\\\/\\\/www.facebook.com\\\/profile.php?id=100008943462799\",\"https:\\\/\\\/x.com\\\/bellunopress\",\"https:\\\/\\\/www.linkedin.com\\\/hp\\\/?dnr=JBzUWaJfMUw8vbXJJ2tVW5-I3jZKvC4wsoxE&amp;amp;amp;amp;amp;amp;trk=nav_responsive_tab_home\",\"https:\\\/\\\/www.youtube.com\\\/channel\\\/UCxL0wu1uN0_3_7hGG0306cw\"]},{\"@type\":\"Person\",\"@id\":\"https:\\\/\\\/www.bellunopress.it\\\/#\\\/schema\\\/person\\\/79bb06722b37ece1c03d3e94beb30d73\",\"name\":\"redazione\",\"image\":{\"@type\":\"ImageObject\",\"inLanguage\":\"fr-FR\",\"@id\":\"https:\\\/\\\/secure.gravatar.com\\\/avatar\\\/37d968a2e67a6fd04c169c4bdef102d0bc5d31b2546345219e348575eb80e9a0?s=96&d=mm&r=g\",\"url\":\"https:\\\/\\\/secure.gravatar.com\\\/avatar\\\/37d968a2e67a6fd04c169c4bdef102d0bc5d31b2546345219e348575eb80e9a0?s=96&d=mm&r=g\",\"contentUrl\":\"https:\\\/\\\/secure.gravatar.com\\\/avatar\\\/37d968a2e67a6fd04c169c4bdef102d0bc5d31b2546345219e348575eb80e9a0?s=96&d=mm&r=g\",\"caption\":\"redazione\"},\"sameAs\":[\"http:\\\/\\\/www.bellunopress.it\",\"https:\\\/\\\/x.com\\\/bellunopress\"],\"url\":\"https:\\\/\\\/www.bellunopress.it\\\/fr\\\/author\\\/redazione\\\/\"}]}<\/script>\n<!-- \/ Yoast SEO plugin. -->","yoast_head_json":{"title":"Lega Navale Italiana Belluno. La presidente Sandra Deola: \"Il circolo sta entrando con decisione nel panorama nazionale del Wing Foil\" - Bellunopress - Dolomiti","robots":{"index":"index","follow":"follow","max-snippet":"max-snippet:-1","max-image-preview":"max-image-preview:large","max-video-preview":"max-video-preview:-1"},"canonical":"https:\/\/www.bellunopress.it\/fr\/2026\/04\/08\/168881\/","og_locale":"fr_FR","og_type":"article","og_title":"Lega Navale Italiana Belluno. La presidente Sandra Deola: \"Il circolo sta entrando con decisione nel panorama nazionale del Wing Foil\" - Bellunopress - Dolomiti","og_description":"Alpago, 08\/04\/2026 &#8211; Con l\u2019arrivo della primavera si \u00e8 aperta ufficialmente la stagione agonistica della vela, con gli atleti della Lega Navale Italiana \u2013 Sezione di Belluno che si sono presentati pronti e competitivi ai primi appuntamenti nazionali. A inaugurare gli impegni sportivi \u00e8 stato Enrico Tonon, protagonista della prima prova del Campionato Italiano Wing [&hellip;]","og_url":"https:\/\/www.bellunopress.it\/fr\/2026\/04\/08\/168881\/","og_site_name":"Bellunopress - Dolomiti","article_publisher":"https:\/\/www.facebook.com\/profile.php?id=100008943462799","article_published_time":"2026-04-08T07:29:00+00:00","article_modified_time":"2026-04-08T08:32:22+00:00","og_image":[{"width":800,"height":413,"url":"https:\/\/www.bellunopress.it\/wp-content\/uploads\/2020\/05\/lago-santa-croce-con-arcobaleno_edited.jpg","type":"image\/jpeg"}],"author":"redazione","twitter_card":"summary_large_image","twitter_creator":"@bellunopress","twitter_site":"@bellunopress","twitter_misc":{"\u00c9crit par":"redazione","Dur\u00e9e de lecture estim\u00e9e":"2 minutes"},"schema":{"@context":"https:\/\/schema.org","@graph":[{"@type":"Article","@id":"https:\/\/www.bellunopress.it\/2026\/04\/08\/168881\/#article","isPartOf":{"@id":"https:\/\/www.bellunopress.it\/2026\/04\/08\/168881\/"},"author":{"name":"redazione","@id":"https:\/\/www.bellunopress.it\/#\/schema\/person\/79bb06722b37ece1c03d3e94beb30d73"},"headline":"Lega Navale Italiana Belluno. La presidente Sandra Deola: &#8220;Il circolo sta entrando con decisione nel panorama nazionale del Wing Foil&#8221;","datePublished":"2026-04-08T07:29:00+00:00","dateModified":"2026-04-08T08:32:22+00:00","mainEntityOfPage":{"@id":"https:\/\/www.bellunopress.it\/2026\/04\/08\/168881\/"},"wordCount":374,"publisher":{"@id":"https:\/\/www.bellunopress.it\/#organization"},"image":{"@id":"https:\/\/www.bellunopress.it\/2026\/04\/08\/168881\/#primaryimage"},"thumbnailUrl":"https:\/\/www.bellunopress.it\/wp-content\/uploads\/2020\/05\/lago-santa-croce-con-arcobaleno_edited.jpg","articleSection":["Prima Pagina","Sport, tempo libero"],"inLanguage":"fr-FR"},{"@type":"WebPage","@id":"https:\/\/www.bellunopress.it\/2026\/04\/08\/168881\/","url":"https:\/\/www.bellunopress.it\/2026\/04\/08\/168881\/","name":"Lega Navale Italiana Belluno. La presidente Sandra Deola: \"Il circolo sta entrando con decisione nel panorama nazionale del Wing Foil\" - Bellunopress - Dolomiti","isPartOf":{"@id":"https:\/\/www.bellunopress.it\/#website"},"primaryImageOfPage":{"@id":"https:\/\/www.bellunopress.it\/2026\/04\/08\/168881\/#primaryimage"},"image":{"@id":"https:\/\/www.bellunopress.it\/2026\/04\/08\/168881\/#primaryimage"},"thumbnailUrl":"https:\/\/www.bellunopress.it\/wp-content\/uploads\/2020\/05\/lago-santa-croce-con-arcobaleno_edited.jpg","datePublished":"2026-04-08T07:29:00+00:00","dateModified":"2026-04-08T08:32:22+00:00","breadcrumb":{"@id":"https:\/\/www.bellunopress.it\/2026\/04\/08\/168881\/#breadcrumb"},"inLanguage":"fr-FR","potentialAction":[{"@type":"ReadAction","target":["https:\/\/www.bellunopress.it\/2026\/04\/08\/168881\/"]}]},{"@type":"ImageObject","inLanguage":"fr-FR","@id":"https:\/\/www.bellunopress.it\/2026\/04\/08\/168881\/#primaryimage","url":"https:\/\/www.bellunopress.it\/wp-content\/uploads\/2020\/05\/lago-santa-croce-con-arcobaleno_edited.jpg","contentUrl":"https:\/\/www.bellunopress.it\/wp-content\/uploads\/2020\/05\/lago-santa-croce-con-arcobaleno_edited.jpg","width":800,"height":413,"caption":"Lago di Santa Croce - Alpago"},{"@type":"BreadcrumbList","@id":"https:\/\/www.bellunopress.it\/2026\/04\/08\/168881\/#breadcrumb","itemListElement":[{"@type":"ListItem","position":1,"name":"Home","item":"https:\/\/www.bellunopress.it\/"},{"@type":"ListItem","position":2,"name":"Lega Navale Italiana Belluno. La presidente Sandra Deola: &#8220;Il circolo sta entrando con decisione nel panorama nazionale del Wing Foil&#8221;"}]},{"@type":"WebSite","@id":"https:\/\/www.bellunopress.it\/#website","url":"https:\/\/www.bellunopress.it\/","name":"Bellunopress - Dolomiti","description":"e-mail: redazione@bellunopress.it","publisher":{"@id":"https:\/\/www.bellunopress.it\/#organization"},"potentialAction":[{"@type":"SearchAction","target":{"@type":"EntryPoint","urlTemplate":"https:\/\/www.bellunopress.it\/?s={search_term_string}"},"query-input":{"@type":"PropertyValueSpecification","valueRequired":true,"valueName":"search_term_string"}}],"inLanguage":"fr-FR"},{"@type":"Organization","@id":"https:\/\/www.bellunopress.it\/#organization","name":"Bellunopress","url":"https:\/\/www.bellunopress.it\/","logo":{"@type":"ImageObject","inLanguage":"fr-FR","@id":"https:\/\/www.bellunopress.it\/#\/schema\/logo\/image\/","url":"https:\/\/www.bellunopress.it\/wp-content\/uploads\/2011\/05\/cropped-logo-bellunopress-.jpg","contentUrl":"https:\/\/www.bellunopress.it\/wp-content\/uploads\/2011\/05\/cropped-logo-bellunopress-.jpg","width":512,"height":512,"caption":"Bellunopress"},"image":{"@id":"https:\/\/www.bellunopress.it\/#\/schema\/logo\/image\/"},"sameAs":["https:\/\/www.facebook.com\/profile.php?id=100008943462799","https:\/\/x.com\/bellunopress","https:\/\/www.linkedin.com\/hp\/?dnr=JBzUWaJfMUw8vbXJJ2tVW5-I3jZKvC4wsoxE&amp;amp;amp;amp;amp;amp;trk=nav_responsive_tab_home","https:\/\/www.youtube.com\/channel\/UCxL0wu1uN0_3_7hGG0306cw"]},{"@type":"Person","@id":"https:\/\/www.bellunopress.it\/#\/schema\/person\/79bb06722b37ece1c03d3e94beb30d73","name":"r\u00e9daction","image":{"@type":"ImageObject","inLanguage":"fr-FR","@id":"https:\/\/secure.gravatar.com\/avatar\/37d968a2e67a6fd04c169c4bdef102d0bc5d31b2546345219e348575eb80e9a0?s=96&d=mm&r=g","url":"https:\/\/secure.gravatar.com\/avatar\/37d968a2e67a6fd04c169c4bdef102d0bc5d31b2546345219e348575eb80e9a0?s=96&d=mm&r=g","contentUrl":"https:\/\/secure.gravatar.com\/avatar\/37d968a2e67a6fd04c169c4bdef102d0bc5d31b2546345219e348575eb80e9a0?s=96&d=mm&r=g","caption":"redazione"},"sameAs":["http:\/\/www.bellunopress.it","https:\/\/x.com\/bellunopress"],"url":"https:\/\/www.bellunopress.it\/fr\/author\/redazione\/"}]}},"_links":{"self":[{"href":"https:\/\/www.bellunopress.it\/fr\/wp-json\/wp\/v2\/posts\/168881","targetHints":{"allow":["GET"]}}],"collection":[{"href":"https:\/\/www.bellunopress.it\/fr\/wp-json\/wp\/v2\/posts"}],"about":[{"href":"https:\/\/www.bellunopress.it\/fr\/wp-json\/wp\/v2\/types\/post"}],"author":[{"embeddable":true,"href":"https:\/\/www.bellunopress.it\/fr\/wp-json\/wp\/v2\/users\/2"}],"replies":[{"embeddable":true,"href":"https:\/\/www.bellunopress.it\/fr\/wp-json\/wp\/v2\/comments?post=168881"}],"version-history":[{"count":3,"href":"https:\/\/www.bellunopress.it\/fr\/wp-json\/wp\/v2\/posts\/168881\/revisions"}],"predecessor-version":[{"id":168890,"href":"https:\/\/www.bellunopress.it\/fr\/wp-json\/wp\/v2\/posts\/168881\/revisions\/168890"}],"wp:featuredmedia":[{"embeddable":true,"href":"https:\/\/www.bellunopress.it\/fr\/wp-json\/wp\/v2\/media\/114729"}],"wp:attachment":[{"href":"https:\/\/www.bellunopress.it\/fr\/wp-json\/wp\/v2\/media?parent=168881"}],"wp:term":[{"taxonomy":"category","embeddable":true,"href":"https:\/\/www.bellunopress.it\/fr\/wp-json\/wp\/v2\/categories?post=168881"},{"taxonomy":"post_tag","embeddable":true,"href":"https:\/\/www.bellunopress.it\/fr\/wp-json\/wp\/v2\/tags?post=168881"}],"curies":[{"name":"wp","href":"https:\/\/api.w.org\/{rel}","templated":true}]}}