{"id":168873,"date":"2026-04-07T18:14:13","date_gmt":"2026-04-07T16:14:13","guid":{"rendered":"https:\/\/www.bellunopress.it\/?p=168873"},"modified":"2026-04-07T18:14:13","modified_gmt":"2026-04-07T16:14:13","slug":"capi-frazione-ignorati-il-grido-dallarme-dellopposizione","status":"publish","type":"post","link":"https:\/\/www.bellunopress.it\/fr\/2026\/04\/07\/capi-frazione-ignorati-il-grido-dallarme-dellopposizione\/","title":{"rendered":"Capi frazione ignorati: il grido d&#8217;allarme dell&#8217;opposizione"},"content":{"rendered":"<h3 data-path-to-node=\"3\">&#8220;Partecipazione ridotta a mera chiacchiera&#8221;. I gruppi di minoranza denunciano un &#8220;vizio d&#8217;origine&#8221; nel regolamento che svuota di potere i rappresentanti locali.<\/h3>\n<p data-path-to-node=\"4\">Belluno, 07\/04\/2026\u00a0\u2013 Quello che doveva essere il fiore all\u2019occhiello della partecipazione cittadina si sta trasformando, mese dopo mese, in un esercizio di frustrazione. Il malessere dei capi frazione di Belluno non \u00e8 pi\u00f9 solo un sussurro tra i corridoi di Palazzo Rosso, ma diventa oggi una denuncia politica netta firmata dai consiglieri di opposizione Francesco Rasera Berna, Riccardo Samaria, Teresa Cassol e Anna Candeago.<\/p>\n<h3 data-path-to-node=\"5\">Un &#8220;vizio d&#8217;origine&#8221;<\/h3>\n<p data-path-to-node=\"6\">Secondo le opposizioni, il problema non \u00e8 solo politico, ma strutturale. Alla base dell\u2019istituzione delle frazioni ci sarebbe un &#8220;vizio d\u2019origine&#8221; scritto nero su bianco in un regolamento che non concede alcun potere reale. I rappresentanti del territorio, eletti con l&#8217;auspicio di dare voce alle periferie, si trovano oggi in una sorta di limbo istituzionale:<\/p>\n<ul data-path-to-node=\"7\">\n<li>\n<p data-path-to-node=\"7,0,0\">Zero consultazioni: Nessun obbligo per l&#8217;amministrazione di richiedere pareri sulle scelte urbanistiche.<\/p>\n<\/li>\n<li>\n<p data-path-to-node=\"7,1,0\">Scollegamento totale: Mancanza di un ponte diretto con il Consiglio Comunale.<\/p>\n<\/li>\n<li>\n<p data-path-to-node=\"7,2,0\">Bilancio blindato: Impossibilit\u00e0 di influire sulle politiche di spesa e sugli investimenti che riguardano i propri territori.<\/p>\n<\/li>\n<\/ul>\n<h3 data-path-to-node=\"8\">La democrazia del &#8220;sentito dire&#8221;<\/h3>\n<p data-path-to-node=\"9\"><i data-path-to-node=\"9\" data-index-in-node=\"0\">&#8220;L\u2019ascoltare \u00e8 diventato mera chiacchiera&#8221;<\/i>, scrivono duramente i consiglieri di <i data-path-to-node=\"9\" data-index-in-node=\"80\">Insieme per Belluno Bene Comune<\/i>, <i data-path-to-node=\"9\" data-index-in-node=\"113\">Valore Comune<\/i>, <i data-path-to-node=\"9\" data-index-in-node=\"128\">Partito Democratico<\/i> e <i data-path-to-node=\"9\" data-index-in-node=\"150\">Belluno D+<\/i>. L&#8217;accusa \u00e8 quella di aver creato una cornice democratica priva di quadro: tavoli di confronto che non decidono nulla e richieste che cadono nel vuoto di un&#8217;amministrazione definita &#8220;sorda&#8221;.<\/p>\n<p data-path-to-node=\"10\">Il rischio, sottolineano i firmatari del comunicato, \u00e8 che questa gestione possa uccidere la cittadinanza attiva per i prossimi anni. Chi si \u00e8 messo in gioco per la propria frazione, dedicando tempo ed energie, si ritrova oggi &#8220;bistrattato&#8221;, con il pericolo concreto di un allontanamento definitivo dei cittadini dalla gestione della cosa pubblica.<\/p>\n<h3 data-path-to-node=\"11\">Le proposte inascoltate<\/h3>\n<p data-path-to-node=\"12\">L&#8217;opposizione ricorda come, in fase di stesura del regolamento, fossero stati presentati emendamenti (poi bocciati) per permettere ai capi frazione di:<\/p>\n<ol start=\"1\" data-path-to-node=\"13\">\n<li>\n<p data-path-to-node=\"13,0,0\">Partecipare attivamente alla formazione del bilancio preventivo.<\/p>\n<\/li>\n<li>\n<p data-path-to-node=\"13,1,0\">Indicare priorit\u00e0 di investimento e ipotesi di sviluppo territoriale.<\/p>\n<\/li>\n<li>\n<p data-path-to-node=\"13,2,0\">Verificare i risultati in un dibattito aperto con i rappresentanti del Comune.<\/p>\n<\/li>\n<\/ol>\n<h3 data-path-to-node=\"14\">L&#8217;appello ai rappresentanti locali<\/h3>\n<p data-path-to-node=\"15\">Di fronte a quella che viene descritta come &#8220;demagogia&#8221;, i gruppi di minoranza passano al contrattacco e aprono le porte ai rappresentanti locali. <i data-path-to-node=\"15\" data-index-in-node=\"147\">&#8220;Diamo formalmente la nostra disponibilit\u00e0 a incontrare tutti i capi frazione che ne sentano la necessit\u00e0&#8221;<\/i>. L&#8217;obiettivo dichiarato \u00e8 quello di analizzare insieme prospettive future e soluzioni per evitare che l&#8217;impegno di chi vive le frazioni ogni giorno venga ridotto a una pratica inutile e demoralizzante.<\/p>\n<p data-path-to-node=\"16\">La palla passa ora all&#8217;amministrazione, chiamata a rispondere a un malcontento che dalle periferie sta arrivando dritto al cuore della politica cittadina.<\/p>","protected":false},"excerpt":{"rendered":"<p>&#8220;Partecipazione ridotta a mera chiacchiera&#8221;. I gruppi di minoranza denunciano un &#8220;vizio d&#8217;origine&#8221; nel regolamento che svuota di potere i rappresentanti locali. Belluno, 07\/04\/2026\u00a0\u2013 Quello che doveva essere il fiore all\u2019occhiello della partecipazione cittadina si sta trasformando, mese dopo mese, in un esercizio di frustrazione. Il malessere dei capi frazione di Belluno non \u00e8 pi\u00f9 [&hellip;]<\/p>\n","protected":false},"author":2,"featured_media":112706,"comment_status":"closed","ping_status":"open","sticky":false,"template":"","format":"standard","meta":{"footnotes":""},"categories":[5,3446,26],"tags":[],"class_list":["post-168873","post","type-post","status-publish","format-standard","has-post-thumbnail","category-cronaca","category-featured","category-prima-pagina"],"yoast_head":"<!-- This site is optimized with the Yoast SEO plugin v28.4 - https:\/\/yoast.com\/product\/yoast-seo-wordpress\/ -->\n<title>Capi frazione ignorati: il grido d&#039;allarme dell&#039;opposizione - Bellunopress - Dolomiti<\/title>\n<meta name=\"robots\" content=\"index, follow, max-snippet:-1, max-image-preview:large, max-video-preview:-1\" \/>\n<link rel=\"canonical\" href=\"https:\/\/www.bellunopress.it\/fr\/2026\/04\/07\/capi-frazione-ignorati-il-grido-dallarme-dellopposizione\/\" \/>\n<meta property=\"og:locale\" content=\"fr_FR\" \/>\n<meta property=\"og:type\" content=\"article\" \/>\n<meta property=\"og:title\" content=\"Capi frazione ignorati: il grido d&#039;allarme dell&#039;opposizione - Bellunopress - Dolomiti\" \/>\n<meta property=\"og:description\" content=\"&#8220;Partecipazione ridotta a mera chiacchiera&#8221;. I gruppi di minoranza denunciano un &#8220;vizio d&#8217;origine&#8221; nel regolamento che svuota di potere i rappresentanti locali. Belluno, 07\/04\/2026\u00a0\u2013 Quello che doveva essere il fiore all\u2019occhiello della partecipazione cittadina si sta trasformando, mese dopo mese, in un esercizio di frustrazione. Il malessere dei capi frazione di Belluno non \u00e8 pi\u00f9 [&hellip;]\" \/>\n<meta property=\"og:url\" content=\"https:\/\/www.bellunopress.it\/fr\/2026\/04\/07\/capi-frazione-ignorati-il-grido-dallarme-dellopposizione\/\" \/>\n<meta property=\"og:site_name\" content=\"Bellunopress - Dolomiti\" \/>\n<meta property=\"article:publisher\" content=\"https:\/\/www.facebook.com\/profile.php?id=100008943462799\" \/>\n<meta property=\"article:published_time\" content=\"2026-04-07T16:14:13+00:00\" \/>\n<meta property=\"og:image\" content=\"https:\/\/www.bellunopress.it\/wp-content\/uploads\/2020\/03\/palazzo-rosso-notte.jpg\" \/>\n\t<meta property=\"og:image:width\" content=\"900\" \/>\n\t<meta property=\"og:image:height\" content=\"688\" \/>\n\t<meta property=\"og:image:type\" content=\"image\/jpeg\" \/>\n<meta name=\"author\" content=\"redazione\" \/>\n<meta name=\"twitter:card\" content=\"summary_large_image\" \/>\n<meta name=\"twitter:creator\" content=\"@bellunopress\" \/>\n<meta name=\"twitter:site\" content=\"@bellunopress\" \/>\n<meta name=\"twitter:label1\" content=\"\u00c9crit par\" \/>\n\t<meta name=\"twitter:data1\" content=\"redazione\" \/>\n\t<meta name=\"twitter:label2\" content=\"Dur\u00e9e de lecture estim\u00e9e\" \/>\n\t<meta name=\"twitter:data2\" content=\"2 minutes\" \/>\n<script type=\"application\/ld+json\" class=\"yoast-schema-graph\">{\"@context\":\"https:\\\/\\\/schema.org\",\"@graph\":[{\"@type\":\"Article\",\"@id\":\"https:\\\/\\\/www.bellunopress.it\\\/2026\\\/04\\\/07\\\/capi-frazione-ignorati-il-grido-dallarme-dellopposizione\\\/#article\",\"isPartOf\":{\"@id\":\"https:\\\/\\\/www.bellunopress.it\\\/2026\\\/04\\\/07\\\/capi-frazione-ignorati-il-grido-dallarme-dellopposizione\\\/\"},\"author\":{\"name\":\"redazione\",\"@id\":\"https:\\\/\\\/www.bellunopress.it\\\/#\\\/schema\\\/person\\\/79bb06722b37ece1c03d3e94beb30d73\"},\"headline\":\"Capi frazione ignorati: il grido d&#8217;allarme dell&#8217;opposizione\",\"datePublished\":\"2026-04-07T16:14:13+00:00\",\"mainEntityOfPage\":{\"@id\":\"https:\\\/\\\/www.bellunopress.it\\\/2026\\\/04\\\/07\\\/capi-frazione-ignorati-il-grido-dallarme-dellopposizione\\\/\"},\"wordCount\":456,\"publisher\":{\"@id\":\"https:\\\/\\\/www.bellunopress.it\\\/#organization\"},\"image\":{\"@id\":\"https:\\\/\\\/www.bellunopress.it\\\/2026\\\/04\\\/07\\\/capi-frazione-ignorati-il-grido-dallarme-dellopposizione\\\/#primaryimage\"},\"thumbnailUrl\":\"https:\\\/\\\/www.bellunopress.it\\\/wp-content\\\/uploads\\\/2020\\\/03\\\/palazzo-rosso-notte.jpg\",\"articleSection\":[\"Cronaca\\\/Politica\",\"Featured\",\"Prima Pagina\"],\"inLanguage\":\"fr-FR\"},{\"@type\":\"WebPage\",\"@id\":\"https:\\\/\\\/www.bellunopress.it\\\/2026\\\/04\\\/07\\\/capi-frazione-ignorati-il-grido-dallarme-dellopposizione\\\/\",\"url\":\"https:\\\/\\\/www.bellunopress.it\\\/2026\\\/04\\\/07\\\/capi-frazione-ignorati-il-grido-dallarme-dellopposizione\\\/\",\"name\":\"Capi frazione ignorati: il grido d'allarme dell'opposizione - Bellunopress - Dolomiti\",\"isPartOf\":{\"@id\":\"https:\\\/\\\/www.bellunopress.it\\\/#website\"},\"primaryImageOfPage\":{\"@id\":\"https:\\\/\\\/www.bellunopress.it\\\/2026\\\/04\\\/07\\\/capi-frazione-ignorati-il-grido-dallarme-dellopposizione\\\/#primaryimage\"},\"image\":{\"@id\":\"https:\\\/\\\/www.bellunopress.it\\\/2026\\\/04\\\/07\\\/capi-frazione-ignorati-il-grido-dallarme-dellopposizione\\\/#primaryimage\"},\"thumbnailUrl\":\"https:\\\/\\\/www.bellunopress.it\\\/wp-content\\\/uploads\\\/2020\\\/03\\\/palazzo-rosso-notte.jpg\",\"datePublished\":\"2026-04-07T16:14:13+00:00\",\"breadcrumb\":{\"@id\":\"https:\\\/\\\/www.bellunopress.it\\\/2026\\\/04\\\/07\\\/capi-frazione-ignorati-il-grido-dallarme-dellopposizione\\\/#breadcrumb\"},\"inLanguage\":\"fr-FR\",\"potentialAction\":[{\"@type\":\"ReadAction\",\"target\":[\"https:\\\/\\\/www.bellunopress.it\\\/2026\\\/04\\\/07\\\/capi-frazione-ignorati-il-grido-dallarme-dellopposizione\\\/\"]}]},{\"@type\":\"ImageObject\",\"inLanguage\":\"fr-FR\",\"@id\":\"https:\\\/\\\/www.bellunopress.it\\\/2026\\\/04\\\/07\\\/capi-frazione-ignorati-il-grido-dallarme-dellopposizione\\\/#primaryimage\",\"url\":\"https:\\\/\\\/www.bellunopress.it\\\/wp-content\\\/uploads\\\/2020\\\/03\\\/palazzo-rosso-notte.jpg\",\"contentUrl\":\"https:\\\/\\\/www.bellunopress.it\\\/wp-content\\\/uploads\\\/2020\\\/03\\\/palazzo-rosso-notte.jpg\",\"width\":900,\"height\":688,\"caption\":\"Palazzo Rosso, sede dell'Amministrazione comunale di Belluno\"},{\"@type\":\"BreadcrumbList\",\"@id\":\"https:\\\/\\\/www.bellunopress.it\\\/2026\\\/04\\\/07\\\/capi-frazione-ignorati-il-grido-dallarme-dellopposizione\\\/#breadcrumb\",\"itemListElement\":[{\"@type\":\"ListItem\",\"position\":1,\"name\":\"Home\",\"item\":\"https:\\\/\\\/www.bellunopress.it\\\/\"},{\"@type\":\"ListItem\",\"position\":2,\"name\":\"Capi frazione ignorati: il grido d&#8217;allarme dell&#8217;opposizione\"}]},{\"@type\":\"WebSite\",\"@id\":\"https:\\\/\\\/www.bellunopress.it\\\/#website\",\"url\":\"https:\\\/\\\/www.bellunopress.it\\\/\",\"name\":\"Bellunopress - Dolomiti\",\"description\":\"e-mail: redazione@bellunopress.it\",\"publisher\":{\"@id\":\"https:\\\/\\\/www.bellunopress.it\\\/#organization\"},\"potentialAction\":[{\"@type\":\"SearchAction\",\"target\":{\"@type\":\"EntryPoint\",\"urlTemplate\":\"https:\\\/\\\/www.bellunopress.it\\\/?s={search_term_string}\"},\"query-input\":{\"@type\":\"PropertyValueSpecification\",\"valueRequired\":true,\"valueName\":\"search_term_string\"}}],\"inLanguage\":\"fr-FR\"},{\"@type\":\"Organization\",\"@id\":\"https:\\\/\\\/www.bellunopress.it\\\/#organization\",\"name\":\"Bellunopress\",\"url\":\"https:\\\/\\\/www.bellunopress.it\\\/\",\"logo\":{\"@type\":\"ImageObject\",\"inLanguage\":\"fr-FR\",\"@id\":\"https:\\\/\\\/www.bellunopress.it\\\/#\\\/schema\\\/logo\\\/image\\\/\",\"url\":\"https:\\\/\\\/www.bellunopress.it\\\/wp-content\\\/uploads\\\/2011\\\/05\\\/cropped-logo-bellunopress-.jpg\",\"contentUrl\":\"https:\\\/\\\/www.bellunopress.it\\\/wp-content\\\/uploads\\\/2011\\\/05\\\/cropped-logo-bellunopress-.jpg\",\"width\":512,\"height\":512,\"caption\":\"Bellunopress\"},\"image\":{\"@id\":\"https:\\\/\\\/www.bellunopress.it\\\/#\\\/schema\\\/logo\\\/image\\\/\"},\"sameAs\":[\"https:\\\/\\\/www.facebook.com\\\/profile.php?id=100008943462799\",\"https:\\\/\\\/x.com\\\/bellunopress\",\"https:\\\/\\\/www.linkedin.com\\\/hp\\\/?dnr=JBzUWaJfMUw8vbXJJ2tVW5-I3jZKvC4wsoxE&amp;amp;amp;amp;amp;amp;trk=nav_responsive_tab_home\",\"https:\\\/\\\/www.youtube.com\\\/channel\\\/UCxL0wu1uN0_3_7hGG0306cw\"]},{\"@type\":\"Person\",\"@id\":\"https:\\\/\\\/www.bellunopress.it\\\/#\\\/schema\\\/person\\\/79bb06722b37ece1c03d3e94beb30d73\",\"name\":\"redazione\",\"image\":{\"@type\":\"ImageObject\",\"inLanguage\":\"fr-FR\",\"@id\":\"https:\\\/\\\/secure.gravatar.com\\\/avatar\\\/37d968a2e67a6fd04c169c4bdef102d0bc5d31b2546345219e348575eb80e9a0?s=96&d=mm&r=g\",\"url\":\"https:\\\/\\\/secure.gravatar.com\\\/avatar\\\/37d968a2e67a6fd04c169c4bdef102d0bc5d31b2546345219e348575eb80e9a0?s=96&d=mm&r=g\",\"contentUrl\":\"https:\\\/\\\/secure.gravatar.com\\\/avatar\\\/37d968a2e67a6fd04c169c4bdef102d0bc5d31b2546345219e348575eb80e9a0?s=96&d=mm&r=g\",\"caption\":\"redazione\"},\"sameAs\":[\"http:\\\/\\\/www.bellunopress.it\",\"https:\\\/\\\/x.com\\\/bellunopress\"],\"url\":\"https:\\\/\\\/www.bellunopress.it\\\/fr\\\/author\\\/redazione\\\/\"}]}<\/script>\n<!-- \/ Yoast SEO plugin. -->","yoast_head_json":{"title":"Capi frazione ignorati: il grido d'allarme dell'opposizione - Bellunopress - Dolomiti","robots":{"index":"index","follow":"follow","max-snippet":"max-snippet:-1","max-image-preview":"max-image-preview:large","max-video-preview":"max-video-preview:-1"},"canonical":"https:\/\/www.bellunopress.it\/fr\/2026\/04\/07\/capi-frazione-ignorati-il-grido-dallarme-dellopposizione\/","og_locale":"fr_FR","og_type":"article","og_title":"Capi frazione ignorati: il grido d'allarme dell'opposizione - Bellunopress - Dolomiti","og_description":"&#8220;Partecipazione ridotta a mera chiacchiera&#8221;. I gruppi di minoranza denunciano un &#8220;vizio d&#8217;origine&#8221; nel regolamento che svuota di potere i rappresentanti locali. Belluno, 07\/04\/2026\u00a0\u2013 Quello che doveva essere il fiore all\u2019occhiello della partecipazione cittadina si sta trasformando, mese dopo mese, in un esercizio di frustrazione. Il malessere dei capi frazione di Belluno non \u00e8 pi\u00f9 [&hellip;]","og_url":"https:\/\/www.bellunopress.it\/fr\/2026\/04\/07\/capi-frazione-ignorati-il-grido-dallarme-dellopposizione\/","og_site_name":"Bellunopress - Dolomiti","article_publisher":"https:\/\/www.facebook.com\/profile.php?id=100008943462799","article_published_time":"2026-04-07T16:14:13+00:00","og_image":[{"width":900,"height":688,"url":"https:\/\/www.bellunopress.it\/wp-content\/uploads\/2020\/03\/palazzo-rosso-notte.jpg","type":"image\/jpeg"}],"author":"redazione","twitter_card":"summary_large_image","twitter_creator":"@bellunopress","twitter_site":"@bellunopress","twitter_misc":{"\u00c9crit par":"redazione","Dur\u00e9e de lecture estim\u00e9e":"2 minutes"},"schema":{"@context":"https:\/\/schema.org","@graph":[{"@type":"Article","@id":"https:\/\/www.bellunopress.it\/2026\/04\/07\/capi-frazione-ignorati-il-grido-dallarme-dellopposizione\/#article","isPartOf":{"@id":"https:\/\/www.bellunopress.it\/2026\/04\/07\/capi-frazione-ignorati-il-grido-dallarme-dellopposizione\/"},"author":{"name":"redazione","@id":"https:\/\/www.bellunopress.it\/#\/schema\/person\/79bb06722b37ece1c03d3e94beb30d73"},"headline":"Capi frazione ignorati: il grido d&#8217;allarme dell&#8217;opposizione","datePublished":"2026-04-07T16:14:13+00:00","mainEntityOfPage":{"@id":"https:\/\/www.bellunopress.it\/2026\/04\/07\/capi-frazione-ignorati-il-grido-dallarme-dellopposizione\/"},"wordCount":456,"publisher":{"@id":"https:\/\/www.bellunopress.it\/#organization"},"image":{"@id":"https:\/\/www.bellunopress.it\/2026\/04\/07\/capi-frazione-ignorati-il-grido-dallarme-dellopposizione\/#primaryimage"},"thumbnailUrl":"https:\/\/www.bellunopress.it\/wp-content\/uploads\/2020\/03\/palazzo-rosso-notte.jpg","articleSection":["Cronaca\/Politica","Featured","Prima Pagina"],"inLanguage":"fr-FR"},{"@type":"WebPage","@id":"https:\/\/www.bellunopress.it\/2026\/04\/07\/capi-frazione-ignorati-il-grido-dallarme-dellopposizione\/","url":"https:\/\/www.bellunopress.it\/2026\/04\/07\/capi-frazione-ignorati-il-grido-dallarme-dellopposizione\/","name":"Capi frazione ignorati: il grido d'allarme dell'opposizione - Bellunopress - Dolomiti","isPartOf":{"@id":"https:\/\/www.bellunopress.it\/#website"},"primaryImageOfPage":{"@id":"https:\/\/www.bellunopress.it\/2026\/04\/07\/capi-frazione-ignorati-il-grido-dallarme-dellopposizione\/#primaryimage"},"image":{"@id":"https:\/\/www.bellunopress.it\/2026\/04\/07\/capi-frazione-ignorati-il-grido-dallarme-dellopposizione\/#primaryimage"},"thumbnailUrl":"https:\/\/www.bellunopress.it\/wp-content\/uploads\/2020\/03\/palazzo-rosso-notte.jpg","datePublished":"2026-04-07T16:14:13+00:00","breadcrumb":{"@id":"https:\/\/www.bellunopress.it\/2026\/04\/07\/capi-frazione-ignorati-il-grido-dallarme-dellopposizione\/#breadcrumb"},"inLanguage":"fr-FR","potentialAction":[{"@type":"ReadAction","target":["https:\/\/www.bellunopress.it\/2026\/04\/07\/capi-frazione-ignorati-il-grido-dallarme-dellopposizione\/"]}]},{"@type":"ImageObject","inLanguage":"fr-FR","@id":"https:\/\/www.bellunopress.it\/2026\/04\/07\/capi-frazione-ignorati-il-grido-dallarme-dellopposizione\/#primaryimage","url":"https:\/\/www.bellunopress.it\/wp-content\/uploads\/2020\/03\/palazzo-rosso-notte.jpg","contentUrl":"https:\/\/www.bellunopress.it\/wp-content\/uploads\/2020\/03\/palazzo-rosso-notte.jpg","width":900,"height":688,"caption":"Palazzo Rosso, sede dell'Amministrazione comunale di Belluno"},{"@type":"BreadcrumbList","@id":"https:\/\/www.bellunopress.it\/2026\/04\/07\/capi-frazione-ignorati-il-grido-dallarme-dellopposizione\/#breadcrumb","itemListElement":[{"@type":"ListItem","position":1,"name":"Home","item":"https:\/\/www.bellunopress.it\/"},{"@type":"ListItem","position":2,"name":"Capi frazione ignorati: il grido d&#8217;allarme dell&#8217;opposizione"}]},{"@type":"WebSite","@id":"https:\/\/www.bellunopress.it\/#website","url":"https:\/\/www.bellunopress.it\/","name":"Bellunopress - Dolomiti","description":"e-mail: redazione@bellunopress.it","publisher":{"@id":"https:\/\/www.bellunopress.it\/#organization"},"potentialAction":[{"@type":"SearchAction","target":{"@type":"EntryPoint","urlTemplate":"https:\/\/www.bellunopress.it\/?s={search_term_string}"},"query-input":{"@type":"PropertyValueSpecification","valueRequired":true,"valueName":"search_term_string"}}],"inLanguage":"fr-FR"},{"@type":"Organization","@id":"https:\/\/www.bellunopress.it\/#organization","name":"Bellunopress","url":"https:\/\/www.bellunopress.it\/","logo":{"@type":"ImageObject","inLanguage":"fr-FR","@id":"https:\/\/www.bellunopress.it\/#\/schema\/logo\/image\/","url":"https:\/\/www.bellunopress.it\/wp-content\/uploads\/2011\/05\/cropped-logo-bellunopress-.jpg","contentUrl":"https:\/\/www.bellunopress.it\/wp-content\/uploads\/2011\/05\/cropped-logo-bellunopress-.jpg","width":512,"height":512,"caption":"Bellunopress"},"image":{"@id":"https:\/\/www.bellunopress.it\/#\/schema\/logo\/image\/"},"sameAs":["https:\/\/www.facebook.com\/profile.php?id=100008943462799","https:\/\/x.com\/bellunopress","https:\/\/www.linkedin.com\/hp\/?dnr=JBzUWaJfMUw8vbXJJ2tVW5-I3jZKvC4wsoxE&amp;amp;amp;amp;amp;amp;trk=nav_responsive_tab_home","https:\/\/www.youtube.com\/channel\/UCxL0wu1uN0_3_7hGG0306cw"]},{"@type":"Person","@id":"https:\/\/www.bellunopress.it\/#\/schema\/person\/79bb06722b37ece1c03d3e94beb30d73","name":"r\u00e9daction","image":{"@type":"ImageObject","inLanguage":"fr-FR","@id":"https:\/\/secure.gravatar.com\/avatar\/37d968a2e67a6fd04c169c4bdef102d0bc5d31b2546345219e348575eb80e9a0?s=96&d=mm&r=g","url":"https:\/\/secure.gravatar.com\/avatar\/37d968a2e67a6fd04c169c4bdef102d0bc5d31b2546345219e348575eb80e9a0?s=96&d=mm&r=g","contentUrl":"https:\/\/secure.gravatar.com\/avatar\/37d968a2e67a6fd04c169c4bdef102d0bc5d31b2546345219e348575eb80e9a0?s=96&d=mm&r=g","caption":"redazione"},"sameAs":["http:\/\/www.bellunopress.it","https:\/\/x.com\/bellunopress"],"url":"https:\/\/www.bellunopress.it\/fr\/author\/redazione\/"}]}},"_links":{"self":[{"href":"https:\/\/www.bellunopress.it\/fr\/wp-json\/wp\/v2\/posts\/168873","targetHints":{"allow":["GET"]}}],"collection":[{"href":"https:\/\/www.bellunopress.it\/fr\/wp-json\/wp\/v2\/posts"}],"about":[{"href":"https:\/\/www.bellunopress.it\/fr\/wp-json\/wp\/v2\/types\/post"}],"author":[{"embeddable":true,"href":"https:\/\/www.bellunopress.it\/fr\/wp-json\/wp\/v2\/users\/2"}],"replies":[{"embeddable":true,"href":"https:\/\/www.bellunopress.it\/fr\/wp-json\/wp\/v2\/comments?post=168873"}],"version-history":[{"count":1,"href":"https:\/\/www.bellunopress.it\/fr\/wp-json\/wp\/v2\/posts\/168873\/revisions"}],"predecessor-version":[{"id":168874,"href":"https:\/\/www.bellunopress.it\/fr\/wp-json\/wp\/v2\/posts\/168873\/revisions\/168874"}],"wp:featuredmedia":[{"embeddable":true,"href":"https:\/\/www.bellunopress.it\/fr\/wp-json\/wp\/v2\/media\/112706"}],"wp:attachment":[{"href":"https:\/\/www.bellunopress.it\/fr\/wp-json\/wp\/v2\/media?parent=168873"}],"wp:term":[{"taxonomy":"category","embeddable":true,"href":"https:\/\/www.bellunopress.it\/fr\/wp-json\/wp\/v2\/categories?post=168873"},{"taxonomy":"post_tag","embeddable":true,"href":"https:\/\/www.bellunopress.it\/fr\/wp-json\/wp\/v2\/tags?post=168873"}],"curies":[{"name":"wp","href":"https:\/\/api.w.org\/{rel}","templated":true}]}}