{"id":168869,"date":"2026-04-07T17:17:48","date_gmt":"2026-04-07T15:17:48","guid":{"rendered":"https:\/\/www.bellunopress.it\/?p=168869"},"modified":"2026-04-07T17:17:48","modified_gmt":"2026-04-07T15:17:48","slug":"aesha-balaha-la-regista-palestinese-di-gaza-city-sabato-a-revine-lago","status":"publish","type":"post","link":"https:\/\/www.bellunopress.it\/fr\/2026\/04\/07\/aesha-balaha-la-regista-palestinese-di-gaza-city-sabato-a-revine-lago\/","title":{"rendered":"Aesha Balaha, la regista palestinese di Gaza City, sabato a Revine Lago"},"content":{"rendered":"<p><strong>Not at home film residency: un progetto di Piattaforma Lago, Ennesimo Film Festival e Lago Film Fest per sostenere la creazione cinematografica palestinese e mantenere alta l&#8217;attenzione su Gaza. Quattro settimane tra le colline modenesi e il paesaggio prealpino di Revine Lago, per dare tempo, spazio e dignit\u00e0 a chi continua a creare nonostante l&#8217;esilio, la diaspora e la distruzione.<\/strong><\/p>\n<p>Sabato 11 aprile alle ore 18:30 presso l&#8217;Auditorium dell&#8217;Incontro di Santa Maria di Revine Lago si terr\u00e0 il primo momento pubblico della residenza: un incontro aperto alla comunit\u00e0 con la regista palestinese Aesha Balaha, originaria di Gaza City e attualmente residente in Italia.<\/p>\n<p>L&#8217;incontro, in dialogo con la psicologa e psicoterapeuta italo-statunitense (vittoriese di origine) Dott.ssa Silvia Da Re, sar\u00e0 l&#8217;occasione per presentare il percorso della regista, condividere il progetto che svilupper\u00e0 durante la residenza e aprire uno spazio di ascolto e confronto con il pubblico. A seguire, la proiezione di un suo cortometraggio e del documentario &#8220;Erode&#8221;, realizzato a Revine Lago.<\/p>\n<p>&nbsp;<\/p>\n<p>&nbsp;<\/p>\n<figure id=\"attachment_168871\" aria-describedby=\"caption-attachment-168871\" style=\"width: 495px\" class=\"wp-caption aligncenter\"><img loading=\"lazy\" decoding=\"async\" class=\"size-full wp-image-168871\" src=\"https:\/\/www.bellunopress.it\/wp-content\/uploads\/2026\/04\/regista-palestinese-Aesha-Balaha.jpg\" alt=\"\" width=\"495\" height=\"520\" srcset=\"https:\/\/www.bellunopress.it\/wp-content\/uploads\/2026\/04\/regista-palestinese-Aesha-Balaha.jpg 495w, https:\/\/www.bellunopress.it\/wp-content\/uploads\/2026\/04\/regista-palestinese-Aesha-Balaha-476x500.jpg 476w, https:\/\/www.bellunopress.it\/wp-content\/uploads\/2026\/04\/regista-palestinese-Aesha-Balaha-400x420.jpg 400w, https:\/\/www.bellunopress.it\/wp-content\/uploads\/2026\/04\/regista-palestinese-Aesha-Balaha-150x158.jpg 150w, https:\/\/www.bellunopress.it\/wp-content\/uploads\/2026\/04\/regista-palestinese-Aesha-Balaha-300x315.jpg 300w\" sizes=\"auto, (max-width: 495px) 100vw, 495px\" \/><figcaption id=\"caption-attachment-168871\" class=\"wp-caption-text\">Aesha Balaha. regista<\/figcaption><\/figure>\n<p><strong>L&#8217;ingresso \u00e8 gratuito ma i posti sono limitati<\/strong><\/p>\n<p>Aesha Balaha \u00e8 una filmmaker palestinese di documentari il cui lavoro esplora memoria, identit\u00e0 ed esperienza vissuta nei contesti palestinesi e diasporici, ed \u00e8 stato presentato in numerosi festival internazionali. Dopo una formazione in Business Administration, ha orientato il proprio percorso verso il cinema documentario come strumento di ricerca e narrazione. Durante la residenza lavorer\u00e0 a un nuovo cortometraggio dedicato al vivere tra due luoghi \u2014 la Palestina e l&#8217;Italia \u2014 attraversando temi di appartenenza, memoria e trasformazione, in una condizione sospesa tra perdita e nuovi inizi.<\/p>\n<p>Piattaforma Lago, Ennesimo Film Festival e Lago Film Fest annunciano la nascita di Not At Home Film Residency, la prima residenza artistica interamente dedicata a regist\u0259 palestinesi. Il progetto nasce come risposta culturale e simbolica a un momento storico di profondo dolore, un tempo in cui alle istituzioni culturali si chiede di assumersi la responsabilit\u00e0 di non restare in silenzio.<\/p>\n<p>&#8220;Premesso che non abbiamo strumenti concreti per incidere direttamente sul corso degli eventi,&#8221; commenta Carlo Migotto di Piattaforma Lago &#8211; &#8220;riteniamo che l&#8217;unica azione possibile &#8211; e necessaria &#8211; sia quella di tenere alta l&#8217;attenzione su quanto sta accadendo a Gaza, prendendo posizione e utilizzando gli strumenti che conosciamo meglio: il cinema, la cultura, la ricerca, la relazione con le comunit\u00e0.&#8221;<\/p>\n<p>\u00abIn un momento storico in cui ci si chiede, come operatori culturali, da che parte stare, Not At Home Film Residency \u00e8 il nostro modo di rispondere con un gesto concreto. Non possiamo incidere sulle macerie della storia, ma possiamo creare uno spazio in cui un&#8217;artista palestinese abbia il tempo, la dignit\u00e0 e la libert\u00e0 di continuare a raccontare. Crediamo nel cinema come atto di memoria e di resistenza, e questa residenza nasce proprio dal desiderio di proteggere e amplificare uno sguardo che oggi rischia di essere cancellato. \u00c8 un progetto piccolo, ma necessario. E per noi significa scegliere di non rimanere in silenzio.\u00bb, dichiara Viviana Carlet, direttrice artistica di Piattaforma Lago.<\/p>\n<p>Not At Home Film Residency \u00e8 un gesto piccolo ma profondamente concreto. L&#8217;obiettivo \u00e8 offrire a un\u0259 regista palestinese un tempo protetto e fertile per dedicarsi alla scrittura del proprio prossimo film, lontan\u0259 dalla violenza e dall&#8217;instabilit\u00e0. Il cinema, in questo senso, non \u00e8 solo un linguaggio creativo: \u00e8 un atto di memoria, un dispositivo di resistenza, un archivio emotivo e politico. Offrire spazio alla creazione palestinese significa contribuire alla sopravvivenza delle storie, degli sguardi e delle culture che rischiano di essere cancellate.<\/p>\n<p>La residenza si svolger\u00e0 dal 6 aprile al 6 maggio 2026, per una durata totale di quattro settimane. Le prime due settimane saranno gestite da Piattaforma Lago e Lago Film Fest nella cornice naturale di Revine Lago, tra montagne, laghi e il paesaggio UNESCO delle Colline del Prosecco; il periodo successivo si svolger\u00e0 a Fiorano Modenese e l&#8217;evento di chiusura della residenza si terr\u00e0 nei giorni dell&#8217;Ennesimo Film Festival. Durante il periodo di residenza, l3 regist3 selezionat3 lavorer\u00e0 al proprio progetto cinematografico, incontrer\u00e0 le comunit\u00e0 locali, parteciper\u00e0 a momenti pubblici di dialogo e confronto, sar\u00e0 accompagnat3 da tutor e professionist3 del settore e collaborer\u00e0 alla produzione di materiali audiovisivi che documenteranno il percorso.<\/p>\n<p>Lo spirito del progetto nasce dall&#8217;incontro fra realt\u00e0 che hanno fatto della relazione tra cinema e comunit\u00e0 la propria identit\u00e0. Piattaforma Lago \u00e8 un organismo culturale che lavora tutto l&#8217;anno con artist\u0259, associazioni e istituzioni per attivare territori periferici attraverso processi di ascolto e collaborazione, generando benessere sociale e culturale. Lago Film Fest, da oltre vent&#8217;anni, accoglie filmmaker da tutto il mondo in un borgo sospeso tra due laghi, trasformandolo ogni estate in un laboratorio internazionale di sperimentazione, incontro e ricerca. Ennesimo Film Festival, radicato a Fiorano Modenese, ha costruito negli anni un sistema culturale aperto, vivace e profondamente orientato alla formazione e al coinvolgimento delle comunit\u00e0, utilizzando il cinema breve come strumento di dialogo, crescita e consapevolezza.<\/p>\n<p>Maggiori informazioni su piattaformalago.org<\/p>","protected":false},"excerpt":{"rendered":"<p>Not at home film residency: un progetto di Piattaforma Lago, Ennesimo Film Festival e Lago Film Fest per sostenere la creazione cinematografica palestinese e mantenere alta l&#8217;attenzione su Gaza. Quattro settimane tra le colline modenesi e il paesaggio prealpino di Revine Lago, per dare tempo, spazio e dignit\u00e0 a chi continua a creare nonostante l&#8217;esilio, [&hellip;]<\/p>\n","protected":false},"author":2,"featured_media":168870,"comment_status":"closed","ping_status":"open","sticky":false,"template":"","format":"standard","meta":{"footnotes":""},"categories":[3,3394,25],"tags":[],"class_list":["post-168869","post","type-post","status-publish","format-standard","has-post-thumbnail","category-arte-cultura-spettacoli-scienza-archivi","category-cultura-e-spettacoli-fuori-provincia","category-pausa-caffe"],"yoast_head":"<!-- This site is optimized with the Yoast SEO plugin v28.4 - https:\/\/yoast.com\/product\/yoast-seo-wordpress\/ -->\n<title>Aesha Balaha, la regista palestinese di Gaza City, sabato a Revine Lago - Bellunopress - Dolomiti<\/title>\n<meta name=\"robots\" content=\"index, follow, max-snippet:-1, max-image-preview:large, max-video-preview:-1\" \/>\n<link rel=\"canonical\" href=\"https:\/\/www.bellunopress.it\/fr\/2026\/04\/07\/aesha-balaha-la-regista-palestinese-di-gaza-city-sabato-a-revine-lago\/\" \/>\n<meta property=\"og:locale\" content=\"fr_FR\" \/>\n<meta property=\"og:type\" content=\"article\" \/>\n<meta property=\"og:title\" content=\"Aesha Balaha, la regista palestinese di Gaza City, sabato a Revine Lago - Bellunopress - Dolomiti\" \/>\n<meta property=\"og:description\" content=\"Not at home film residency: un progetto di Piattaforma Lago, Ennesimo Film Festival e Lago Film Fest per sostenere la creazione cinematografica palestinese e mantenere alta l&#8217;attenzione su Gaza. Quattro settimane tra le colline modenesi e il paesaggio prealpino di Revine Lago, per dare tempo, spazio e dignit\u00e0 a chi continua a creare nonostante l&#8217;esilio, [&hellip;]\" \/>\n<meta property=\"og:url\" content=\"https:\/\/www.bellunopress.it\/fr\/2026\/04\/07\/aesha-balaha-la-regista-palestinese-di-gaza-city-sabato-a-revine-lago\/\" \/>\n<meta property=\"og:site_name\" content=\"Bellunopress - Dolomiti\" \/>\n<meta property=\"article:publisher\" content=\"https:\/\/www.facebook.com\/profile.php?id=100008943462799\" \/>\n<meta property=\"article:published_time\" content=\"2026-04-07T15:17:48+00:00\" \/>\n<meta property=\"og:image\" content=\"https:\/\/www.bellunopress.it\/wp-content\/uploads\/2026\/04\/regista-Aesha-Balaha-incontro-a-Revine.jpg\" \/>\n\t<meta property=\"og:image:width\" content=\"400\" \/>\n\t<meta property=\"og:image:height\" content=\"500\" \/>\n\t<meta property=\"og:image:type\" content=\"image\/jpeg\" \/>\n<meta name=\"author\" content=\"redazione\" \/>\n<meta name=\"twitter:card\" content=\"summary_large_image\" \/>\n<meta name=\"twitter:creator\" content=\"@bellunopress\" \/>\n<meta name=\"twitter:site\" content=\"@bellunopress\" \/>\n<meta name=\"twitter:label1\" content=\"\u00c9crit par\" \/>\n\t<meta name=\"twitter:data1\" content=\"redazione\" \/>\n\t<meta name=\"twitter:label2\" content=\"Dur\u00e9e de lecture estim\u00e9e\" \/>\n\t<meta name=\"twitter:data2\" content=\"4 minutes\" \/>\n<script type=\"application\/ld+json\" class=\"yoast-schema-graph\">{\"@context\":\"https:\\\/\\\/schema.org\",\"@graph\":[{\"@type\":\"Article\",\"@id\":\"https:\\\/\\\/www.bellunopress.it\\\/2026\\\/04\\\/07\\\/aesha-balaha-la-regista-palestinese-di-gaza-city-sabato-a-revine-lago\\\/#article\",\"isPartOf\":{\"@id\":\"https:\\\/\\\/www.bellunopress.it\\\/2026\\\/04\\\/07\\\/aesha-balaha-la-regista-palestinese-di-gaza-city-sabato-a-revine-lago\\\/\"},\"author\":{\"name\":\"redazione\",\"@id\":\"https:\\\/\\\/www.bellunopress.it\\\/#\\\/schema\\\/person\\\/79bb06722b37ece1c03d3e94beb30d73\"},\"headline\":\"Aesha Balaha, la regista palestinese di Gaza City, sabato a Revine Lago\",\"datePublished\":\"2026-04-07T15:17:48+00:00\",\"mainEntityOfPage\":{\"@id\":\"https:\\\/\\\/www.bellunopress.it\\\/2026\\\/04\\\/07\\\/aesha-balaha-la-regista-palestinese-di-gaza-city-sabato-a-revine-lago\\\/\"},\"wordCount\":835,\"publisher\":{\"@id\":\"https:\\\/\\\/www.bellunopress.it\\\/#organization\"},\"image\":{\"@id\":\"https:\\\/\\\/www.bellunopress.it\\\/2026\\\/04\\\/07\\\/aesha-balaha-la-regista-palestinese-di-gaza-city-sabato-a-revine-lago\\\/#primaryimage\"},\"thumbnailUrl\":\"https:\\\/\\\/www.bellunopress.it\\\/wp-content\\\/uploads\\\/2026\\\/04\\\/regista-Aesha-Balaha-incontro-a-Revine.jpg\",\"articleSection\":[\"Arte, Cultura, Spettacoli, Scienza\",\"Cultura e spettacoli, tempo libero, benessere, fuori provincia\",\"Pausa Caff\u00e8\"],\"inLanguage\":\"fr-FR\"},{\"@type\":\"WebPage\",\"@id\":\"https:\\\/\\\/www.bellunopress.it\\\/2026\\\/04\\\/07\\\/aesha-balaha-la-regista-palestinese-di-gaza-city-sabato-a-revine-lago\\\/\",\"url\":\"https:\\\/\\\/www.bellunopress.it\\\/2026\\\/04\\\/07\\\/aesha-balaha-la-regista-palestinese-di-gaza-city-sabato-a-revine-lago\\\/\",\"name\":\"Aesha Balaha, la regista palestinese di Gaza City, sabato a Revine Lago - Bellunopress - Dolomiti\",\"isPartOf\":{\"@id\":\"https:\\\/\\\/www.bellunopress.it\\\/#website\"},\"primaryImageOfPage\":{\"@id\":\"https:\\\/\\\/www.bellunopress.it\\\/2026\\\/04\\\/07\\\/aesha-balaha-la-regista-palestinese-di-gaza-city-sabato-a-revine-lago\\\/#primaryimage\"},\"image\":{\"@id\":\"https:\\\/\\\/www.bellunopress.it\\\/2026\\\/04\\\/07\\\/aesha-balaha-la-regista-palestinese-di-gaza-city-sabato-a-revine-lago\\\/#primaryimage\"},\"thumbnailUrl\":\"https:\\\/\\\/www.bellunopress.it\\\/wp-content\\\/uploads\\\/2026\\\/04\\\/regista-Aesha-Balaha-incontro-a-Revine.jpg\",\"datePublished\":\"2026-04-07T15:17:48+00:00\",\"breadcrumb\":{\"@id\":\"https:\\\/\\\/www.bellunopress.it\\\/2026\\\/04\\\/07\\\/aesha-balaha-la-regista-palestinese-di-gaza-city-sabato-a-revine-lago\\\/#breadcrumb\"},\"inLanguage\":\"fr-FR\",\"potentialAction\":[{\"@type\":\"ReadAction\",\"target\":[\"https:\\\/\\\/www.bellunopress.it\\\/2026\\\/04\\\/07\\\/aesha-balaha-la-regista-palestinese-di-gaza-city-sabato-a-revine-lago\\\/\"]}]},{\"@type\":\"ImageObject\",\"inLanguage\":\"fr-FR\",\"@id\":\"https:\\\/\\\/www.bellunopress.it\\\/2026\\\/04\\\/07\\\/aesha-balaha-la-regista-palestinese-di-gaza-city-sabato-a-revine-lago\\\/#primaryimage\",\"url\":\"https:\\\/\\\/www.bellunopress.it\\\/wp-content\\\/uploads\\\/2026\\\/04\\\/regista-Aesha-Balaha-incontro-a-Revine.jpg\",\"contentUrl\":\"https:\\\/\\\/www.bellunopress.it\\\/wp-content\\\/uploads\\\/2026\\\/04\\\/regista-Aesha-Balaha-incontro-a-Revine.jpg\",\"width\":400,\"height\":500},{\"@type\":\"BreadcrumbList\",\"@id\":\"https:\\\/\\\/www.bellunopress.it\\\/2026\\\/04\\\/07\\\/aesha-balaha-la-regista-palestinese-di-gaza-city-sabato-a-revine-lago\\\/#breadcrumb\",\"itemListElement\":[{\"@type\":\"ListItem\",\"position\":1,\"name\":\"Home\",\"item\":\"https:\\\/\\\/www.bellunopress.it\\\/\"},{\"@type\":\"ListItem\",\"position\":2,\"name\":\"Aesha Balaha, la regista palestinese di Gaza City, sabato a Revine Lago\"}]},{\"@type\":\"WebSite\",\"@id\":\"https:\\\/\\\/www.bellunopress.it\\\/#website\",\"url\":\"https:\\\/\\\/www.bellunopress.it\\\/\",\"name\":\"Bellunopress - Dolomiti\",\"description\":\"e-mail: redazione@bellunopress.it\",\"publisher\":{\"@id\":\"https:\\\/\\\/www.bellunopress.it\\\/#organization\"},\"potentialAction\":[{\"@type\":\"SearchAction\",\"target\":{\"@type\":\"EntryPoint\",\"urlTemplate\":\"https:\\\/\\\/www.bellunopress.it\\\/?s={search_term_string}\"},\"query-input\":{\"@type\":\"PropertyValueSpecification\",\"valueRequired\":true,\"valueName\":\"search_term_string\"}}],\"inLanguage\":\"fr-FR\"},{\"@type\":\"Organization\",\"@id\":\"https:\\\/\\\/www.bellunopress.it\\\/#organization\",\"name\":\"Bellunopress\",\"url\":\"https:\\\/\\\/www.bellunopress.it\\\/\",\"logo\":{\"@type\":\"ImageObject\",\"inLanguage\":\"fr-FR\",\"@id\":\"https:\\\/\\\/www.bellunopress.it\\\/#\\\/schema\\\/logo\\\/image\\\/\",\"url\":\"https:\\\/\\\/www.bellunopress.it\\\/wp-content\\\/uploads\\\/2011\\\/05\\\/cropped-logo-bellunopress-.jpg\",\"contentUrl\":\"https:\\\/\\\/www.bellunopress.it\\\/wp-content\\\/uploads\\\/2011\\\/05\\\/cropped-logo-bellunopress-.jpg\",\"width\":512,\"height\":512,\"caption\":\"Bellunopress\"},\"image\":{\"@id\":\"https:\\\/\\\/www.bellunopress.it\\\/#\\\/schema\\\/logo\\\/image\\\/\"},\"sameAs\":[\"https:\\\/\\\/www.facebook.com\\\/profile.php?id=100008943462799\",\"https:\\\/\\\/x.com\\\/bellunopress\",\"https:\\\/\\\/www.linkedin.com\\\/hp\\\/?dnr=JBzUWaJfMUw8vbXJJ2tVW5-I3jZKvC4wsoxE&amp;amp;amp;amp;amp;amp;trk=nav_responsive_tab_home\",\"https:\\\/\\\/www.youtube.com\\\/channel\\\/UCxL0wu1uN0_3_7hGG0306cw\"]},{\"@type\":\"Person\",\"@id\":\"https:\\\/\\\/www.bellunopress.it\\\/#\\\/schema\\\/person\\\/79bb06722b37ece1c03d3e94beb30d73\",\"name\":\"redazione\",\"image\":{\"@type\":\"ImageObject\",\"inLanguage\":\"fr-FR\",\"@id\":\"https:\\\/\\\/secure.gravatar.com\\\/avatar\\\/37d968a2e67a6fd04c169c4bdef102d0bc5d31b2546345219e348575eb80e9a0?s=96&d=mm&r=g\",\"url\":\"https:\\\/\\\/secure.gravatar.com\\\/avatar\\\/37d968a2e67a6fd04c169c4bdef102d0bc5d31b2546345219e348575eb80e9a0?s=96&d=mm&r=g\",\"contentUrl\":\"https:\\\/\\\/secure.gravatar.com\\\/avatar\\\/37d968a2e67a6fd04c169c4bdef102d0bc5d31b2546345219e348575eb80e9a0?s=96&d=mm&r=g\",\"caption\":\"redazione\"},\"sameAs\":[\"http:\\\/\\\/www.bellunopress.it\",\"https:\\\/\\\/x.com\\\/bellunopress\"],\"url\":\"https:\\\/\\\/www.bellunopress.it\\\/fr\\\/author\\\/redazione\\\/\"}]}<\/script>\n<!-- \/ Yoast SEO plugin. -->","yoast_head_json":{"title":"Aesha Balaha, la regista palestinese di Gaza City, sabato a Revine Lago - Bellunopress - Dolomiti","robots":{"index":"index","follow":"follow","max-snippet":"max-snippet:-1","max-image-preview":"max-image-preview:large","max-video-preview":"max-video-preview:-1"},"canonical":"https:\/\/www.bellunopress.it\/fr\/2026\/04\/07\/aesha-balaha-la-regista-palestinese-di-gaza-city-sabato-a-revine-lago\/","og_locale":"fr_FR","og_type":"article","og_title":"Aesha Balaha, la regista palestinese di Gaza City, sabato a Revine Lago - Bellunopress - Dolomiti","og_description":"Not at home film residency: un progetto di Piattaforma Lago, Ennesimo Film Festival e Lago Film Fest per sostenere la creazione cinematografica palestinese e mantenere alta l&#8217;attenzione su Gaza. Quattro settimane tra le colline modenesi e il paesaggio prealpino di Revine Lago, per dare tempo, spazio e dignit\u00e0 a chi continua a creare nonostante l&#8217;esilio, [&hellip;]","og_url":"https:\/\/www.bellunopress.it\/fr\/2026\/04\/07\/aesha-balaha-la-regista-palestinese-di-gaza-city-sabato-a-revine-lago\/","og_site_name":"Bellunopress - Dolomiti","article_publisher":"https:\/\/www.facebook.com\/profile.php?id=100008943462799","article_published_time":"2026-04-07T15:17:48+00:00","og_image":[{"width":400,"height":500,"url":"https:\/\/www.bellunopress.it\/wp-content\/uploads\/2026\/04\/regista-Aesha-Balaha-incontro-a-Revine.jpg","type":"image\/jpeg"}],"author":"redazione","twitter_card":"summary_large_image","twitter_creator":"@bellunopress","twitter_site":"@bellunopress","twitter_misc":{"\u00c9crit par":"redazione","Dur\u00e9e de lecture estim\u00e9e":"4 minutes"},"schema":{"@context":"https:\/\/schema.org","@graph":[{"@type":"Article","@id":"https:\/\/www.bellunopress.it\/2026\/04\/07\/aesha-balaha-la-regista-palestinese-di-gaza-city-sabato-a-revine-lago\/#article","isPartOf":{"@id":"https:\/\/www.bellunopress.it\/2026\/04\/07\/aesha-balaha-la-regista-palestinese-di-gaza-city-sabato-a-revine-lago\/"},"author":{"name":"redazione","@id":"https:\/\/www.bellunopress.it\/#\/schema\/person\/79bb06722b37ece1c03d3e94beb30d73"},"headline":"Aesha Balaha, la regista palestinese di Gaza City, sabato a Revine Lago","datePublished":"2026-04-07T15:17:48+00:00","mainEntityOfPage":{"@id":"https:\/\/www.bellunopress.it\/2026\/04\/07\/aesha-balaha-la-regista-palestinese-di-gaza-city-sabato-a-revine-lago\/"},"wordCount":835,"publisher":{"@id":"https:\/\/www.bellunopress.it\/#organization"},"image":{"@id":"https:\/\/www.bellunopress.it\/2026\/04\/07\/aesha-balaha-la-regista-palestinese-di-gaza-city-sabato-a-revine-lago\/#primaryimage"},"thumbnailUrl":"https:\/\/www.bellunopress.it\/wp-content\/uploads\/2026\/04\/regista-Aesha-Balaha-incontro-a-Revine.jpg","articleSection":["Arte, Cultura, Spettacoli, Scienza","Cultura e spettacoli, tempo libero, benessere, fuori provincia","Pausa Caff\u00e8"],"inLanguage":"fr-FR"},{"@type":"WebPage","@id":"https:\/\/www.bellunopress.it\/2026\/04\/07\/aesha-balaha-la-regista-palestinese-di-gaza-city-sabato-a-revine-lago\/","url":"https:\/\/www.bellunopress.it\/2026\/04\/07\/aesha-balaha-la-regista-palestinese-di-gaza-city-sabato-a-revine-lago\/","name":"Aesha Balaha, la regista palestinese di Gaza City, sabato a Revine Lago - Bellunopress - Dolomiti","isPartOf":{"@id":"https:\/\/www.bellunopress.it\/#website"},"primaryImageOfPage":{"@id":"https:\/\/www.bellunopress.it\/2026\/04\/07\/aesha-balaha-la-regista-palestinese-di-gaza-city-sabato-a-revine-lago\/#primaryimage"},"image":{"@id":"https:\/\/www.bellunopress.it\/2026\/04\/07\/aesha-balaha-la-regista-palestinese-di-gaza-city-sabato-a-revine-lago\/#primaryimage"},"thumbnailUrl":"https:\/\/www.bellunopress.it\/wp-content\/uploads\/2026\/04\/regista-Aesha-Balaha-incontro-a-Revine.jpg","datePublished":"2026-04-07T15:17:48+00:00","breadcrumb":{"@id":"https:\/\/www.bellunopress.it\/2026\/04\/07\/aesha-balaha-la-regista-palestinese-di-gaza-city-sabato-a-revine-lago\/#breadcrumb"},"inLanguage":"fr-FR","potentialAction":[{"@type":"ReadAction","target":["https:\/\/www.bellunopress.it\/2026\/04\/07\/aesha-balaha-la-regista-palestinese-di-gaza-city-sabato-a-revine-lago\/"]}]},{"@type":"ImageObject","inLanguage":"fr-FR","@id":"https:\/\/www.bellunopress.it\/2026\/04\/07\/aesha-balaha-la-regista-palestinese-di-gaza-city-sabato-a-revine-lago\/#primaryimage","url":"https:\/\/www.bellunopress.it\/wp-content\/uploads\/2026\/04\/regista-Aesha-Balaha-incontro-a-Revine.jpg","contentUrl":"https:\/\/www.bellunopress.it\/wp-content\/uploads\/2026\/04\/regista-Aesha-Balaha-incontro-a-Revine.jpg","width":400,"height":500},{"@type":"BreadcrumbList","@id":"https:\/\/www.bellunopress.it\/2026\/04\/07\/aesha-balaha-la-regista-palestinese-di-gaza-city-sabato-a-revine-lago\/#breadcrumb","itemListElement":[{"@type":"ListItem","position":1,"name":"Home","item":"https:\/\/www.bellunopress.it\/"},{"@type":"ListItem","position":2,"name":"Aesha Balaha, la regista palestinese di Gaza City, sabato a Revine Lago"}]},{"@type":"WebSite","@id":"https:\/\/www.bellunopress.it\/#website","url":"https:\/\/www.bellunopress.it\/","name":"Bellunopress - Dolomiti","description":"e-mail: redazione@bellunopress.it","publisher":{"@id":"https:\/\/www.bellunopress.it\/#organization"},"potentialAction":[{"@type":"SearchAction","target":{"@type":"EntryPoint","urlTemplate":"https:\/\/www.bellunopress.it\/?s={search_term_string}"},"query-input":{"@type":"PropertyValueSpecification","valueRequired":true,"valueName":"search_term_string"}}],"inLanguage":"fr-FR"},{"@type":"Organization","@id":"https:\/\/www.bellunopress.it\/#organization","name":"Bellunopress","url":"https:\/\/www.bellunopress.it\/","logo":{"@type":"ImageObject","inLanguage":"fr-FR","@id":"https:\/\/www.bellunopress.it\/#\/schema\/logo\/image\/","url":"https:\/\/www.bellunopress.it\/wp-content\/uploads\/2011\/05\/cropped-logo-bellunopress-.jpg","contentUrl":"https:\/\/www.bellunopress.it\/wp-content\/uploads\/2011\/05\/cropped-logo-bellunopress-.jpg","width":512,"height":512,"caption":"Bellunopress"},"image":{"@id":"https:\/\/www.bellunopress.it\/#\/schema\/logo\/image\/"},"sameAs":["https:\/\/www.facebook.com\/profile.php?id=100008943462799","https:\/\/x.com\/bellunopress","https:\/\/www.linkedin.com\/hp\/?dnr=JBzUWaJfMUw8vbXJJ2tVW5-I3jZKvC4wsoxE&amp;amp;amp;amp;amp;amp;trk=nav_responsive_tab_home","https:\/\/www.youtube.com\/channel\/UCxL0wu1uN0_3_7hGG0306cw"]},{"@type":"Person","@id":"https:\/\/www.bellunopress.it\/#\/schema\/person\/79bb06722b37ece1c03d3e94beb30d73","name":"r\u00e9daction","image":{"@type":"ImageObject","inLanguage":"fr-FR","@id":"https:\/\/secure.gravatar.com\/avatar\/37d968a2e67a6fd04c169c4bdef102d0bc5d31b2546345219e348575eb80e9a0?s=96&d=mm&r=g","url":"https:\/\/secure.gravatar.com\/avatar\/37d968a2e67a6fd04c169c4bdef102d0bc5d31b2546345219e348575eb80e9a0?s=96&d=mm&r=g","contentUrl":"https:\/\/secure.gravatar.com\/avatar\/37d968a2e67a6fd04c169c4bdef102d0bc5d31b2546345219e348575eb80e9a0?s=96&d=mm&r=g","caption":"redazione"},"sameAs":["http:\/\/www.bellunopress.it","https:\/\/x.com\/bellunopress"],"url":"https:\/\/www.bellunopress.it\/fr\/author\/redazione\/"}]}},"_links":{"self":[{"href":"https:\/\/www.bellunopress.it\/fr\/wp-json\/wp\/v2\/posts\/168869","targetHints":{"allow":["GET"]}}],"collection":[{"href":"https:\/\/www.bellunopress.it\/fr\/wp-json\/wp\/v2\/posts"}],"about":[{"href":"https:\/\/www.bellunopress.it\/fr\/wp-json\/wp\/v2\/types\/post"}],"author":[{"embeddable":true,"href":"https:\/\/www.bellunopress.it\/fr\/wp-json\/wp\/v2\/users\/2"}],"replies":[{"embeddable":true,"href":"https:\/\/www.bellunopress.it\/fr\/wp-json\/wp\/v2\/comments?post=168869"}],"version-history":[{"count":1,"href":"https:\/\/www.bellunopress.it\/fr\/wp-json\/wp\/v2\/posts\/168869\/revisions"}],"predecessor-version":[{"id":168872,"href":"https:\/\/www.bellunopress.it\/fr\/wp-json\/wp\/v2\/posts\/168869\/revisions\/168872"}],"wp:featuredmedia":[{"embeddable":true,"href":"https:\/\/www.bellunopress.it\/fr\/wp-json\/wp\/v2\/media\/168870"}],"wp:attachment":[{"href":"https:\/\/www.bellunopress.it\/fr\/wp-json\/wp\/v2\/media?parent=168869"}],"wp:term":[{"taxonomy":"category","embeddable":true,"href":"https:\/\/www.bellunopress.it\/fr\/wp-json\/wp\/v2\/categories?post=168869"},{"taxonomy":"post_tag","embeddable":true,"href":"https:\/\/www.bellunopress.it\/fr\/wp-json\/wp\/v2\/tags?post=168869"}],"curies":[{"name":"wp","href":"https:\/\/api.w.org\/{rel}","templated":true}]}}