{"id":168866,"date":"2026-04-07T17:04:31","date_gmt":"2026-04-07T15:04:31","guid":{"rendered":"https:\/\/www.bellunopress.it\/?p=168866"},"modified":"2026-04-07T17:04:31","modified_gmt":"2026-04-07T15:04:31","slug":"sala-teatro-rasai-presenta-il-progetto-muri-parlanti-arte-urbana-e-comunita-nel-segno-di-dino-buzzati","status":"publish","type":"post","link":"https:\/\/www.bellunopress.it\/fr\/2026\/04\/07\/sala-teatro-rasai-presenta-il-progetto-muri-parlanti-arte-urbana-e-comunita-nel-segno-di-dino-buzzati\/","title":{"rendered":"Sala Teatro Rasai presenta il progetto \u201cMuri Parlanti\u201d: arte urbana e comunit\u00e0 nel segno di Dino Buzzati"},"content":{"rendered":"<p>Seren del Grappa, 7 aprile 2026 &#8211; Sar\u00e0 presentato gioved\u00ec 9 aprile alle ore 20.30 in Sala Teatro di Rasai, nel comune di Seren del Grappa, il progetto \u201cMuri Parlanti: Rasai racconta Dino Buzzati\u201d, iniziativa culturale e di rigenerazione urbana promossa dal Comitato Sala Teatro Rasai APS.<\/p>\n<p>\u201cL\u2019incontro pubblico rappresenter\u00e0 il momento di avvio ufficiale del progetto, che intende trasformare alcuni spazi del paese in un percorso artistico e narrativo ispirato all\u2019immaginario del giornalista scrittore bellunese Dino Buzzati, attraverso la realizzazione di murales e interventi di arte urbana diffusi.\u201d spiega Denise Guadagnin, in qualit\u00e0 di socia del Comitato Sala Teatro Rasai.<\/p>\n<p>\u201cDino Buzzati \u00e8 il fulcro del progetto perch\u00e9 gi\u00e0 sulle pareti dell\u2019asilo del paese figurava un murales realizzato dall\u2019artista bellunese Giovanni Sogne, che fu purtroppo rimosso a seguito di opere di adeguamento sismico. Ci teniamo molto all\u2019identit\u00e0 che quel murales rappresentava e vogliamo \u201crigenerarlo\u201d grazie a questa nuova iniziativa, andando per\u00f2 allo stesso tempo a dare delle opere permanenti alla frazione, fruibili da tutti.\u201d. La serata si preannuncia ricca di spunti: \u201cAvremo con noi, tra gli altri ospiti ed interventi, la Dott.ssa Patrizia Dalla Rosa del Centro Studi Buzzati. Quello che stiamo costruendo \u00e8 un progetto che vuole dialogare con il territorio tutto e con le varie competenze che abitano e animano lo stesso\u201d conclude Guadagnin.<\/p>\n<p>Durante la serata verranno illustrate le fasi del progetto, il concept artistico e i primi muri che saranno interessati dagli interventi nei prossimi mesi, con l\u2019obiettivo di costruire nel tempo un vero e proprio itinerario culturale all\u2019interno del paese. Uno degli elementi centrali dell\u2019iniziativa \u00e8 il coinvolgimento della comunit\u00e0 e del mondo creativo. Per questo motivo, nel corso della presentazione sar\u00e0 lanciata una call aperta ad artisti interessati a partecipare al progetto con le proprie opere pittoriche, contribuendo alla realizzazione dei murales che caratterizzeranno il percorso, ma anche ai cittadini interessati a fornire un proprio muro come tela.<\/p>\n<p>Parallelamente, il progetto apre anche alla partecipazione di aziende, attivit\u00e0 economiche e sponsor che desiderino sostenere l\u2019iniziativa, contribuendo alla realizzazione delle opere e alla valorizzazione culturale del territorio.<br \/>\n\u201cMuri Parlanti &#8211; Rasai Racconta Dino Buzzati\u201d nasce con l\u2019intento di unire arte e comunit\u00e0, trasformando i muri del paese in superfici narrative capaci di raccontare storie, stimolare la curiosit\u00e0 e generare nuovi spazi di incontro e identit\u00e0 culturale. L\u2019ingresso \u00e8 libero.<\/p>\n<p>&nbsp;<\/p>","protected":false},"excerpt":{"rendered":"<p>Seren del Grappa, 7 aprile 2026 &#8211; Sar\u00e0 presentato gioved\u00ec 9 aprile alle ore 20.30 in Sala Teatro di Rasai, nel comune di Seren del Grappa, il progetto \u201cMuri Parlanti: Rasai racconta Dino Buzzati\u201d, iniziativa culturale e di rigenerazione urbana promossa dal Comitato Sala Teatro Rasai APS. \u201cL\u2019incontro pubblico rappresenter\u00e0 il momento di avvio ufficiale [&hellip;]<\/p>\n","protected":false},"author":2,"featured_media":168867,"comment_status":"closed","ping_status":"open","sticky":false,"template":"","format":"standard","meta":{"footnotes":""},"categories":[27,3,25],"tags":[],"class_list":["post-168866","post","type-post","status-publish","format-standard","has-post-thumbnail","category-appuntamenti","category-arte-cultura-spettacoli-scienza-archivi","category-pausa-caffe"],"yoast_head":"<!-- This site is optimized with the Yoast SEO plugin v28.4 - https:\/\/yoast.com\/product\/yoast-seo-wordpress\/ -->\n<title>Sala Teatro Rasai presenta il progetto \u201cMuri Parlanti\u201d: arte urbana e comunit\u00e0 nel segno di Dino Buzzati - Bellunopress - Dolomiti<\/title>\n<meta name=\"robots\" content=\"index, follow, max-snippet:-1, max-image-preview:large, max-video-preview:-1\" \/>\n<link rel=\"canonical\" href=\"https:\/\/www.bellunopress.it\/fr\/2026\/04\/07\/sala-teatro-rasai-presenta-il-progetto-muri-parlanti-arte-urbana-e-comunita-nel-segno-di-dino-buzzati\/\" \/>\n<meta property=\"og:locale\" content=\"fr_FR\" \/>\n<meta property=\"og:type\" content=\"article\" \/>\n<meta property=\"og:title\" content=\"Sala Teatro Rasai presenta il progetto \u201cMuri Parlanti\u201d: arte urbana e comunit\u00e0 nel segno di Dino Buzzati - Bellunopress - Dolomiti\" \/>\n<meta property=\"og:description\" content=\"Seren del Grappa, 7 aprile 2026 &#8211; Sar\u00e0 presentato gioved\u00ec 9 aprile alle ore 20.30 in Sala Teatro di Rasai, nel comune di Seren del Grappa, il progetto \u201cMuri Parlanti: Rasai racconta Dino Buzzati\u201d, iniziativa culturale e di rigenerazione urbana promossa dal Comitato Sala Teatro Rasai APS. \u201cL\u2019incontro pubblico rappresenter\u00e0 il momento di avvio ufficiale [&hellip;]\" \/>\n<meta property=\"og:url\" content=\"https:\/\/www.bellunopress.it\/fr\/2026\/04\/07\/sala-teatro-rasai-presenta-il-progetto-muri-parlanti-arte-urbana-e-comunita-nel-segno-di-dino-buzzati\/\" \/>\n<meta property=\"og:site_name\" content=\"Bellunopress - Dolomiti\" \/>\n<meta property=\"article:publisher\" content=\"https:\/\/www.facebook.com\/profile.php?id=100008943462799\" \/>\n<meta property=\"article:published_time\" content=\"2026-04-07T15:04:31+00:00\" \/>\n<meta property=\"og:image\" content=\"https:\/\/www.bellunopress.it\/wp-content\/uploads\/2026\/04\/MURI-PARLANTI.jpg\" \/>\n\t<meta property=\"og:image:width\" content=\"353\" \/>\n\t<meta property=\"og:image:height\" content=\"500\" \/>\n\t<meta property=\"og:image:type\" content=\"image\/jpeg\" \/>\n<meta name=\"author\" content=\"redazione\" \/>\n<meta name=\"twitter:card\" content=\"summary_large_image\" \/>\n<meta name=\"twitter:creator\" content=\"@bellunopress\" \/>\n<meta name=\"twitter:site\" content=\"@bellunopress\" \/>\n<meta name=\"twitter:label1\" content=\"\u00c9crit par\" \/>\n\t<meta name=\"twitter:data1\" content=\"redazione\" \/>\n\t<meta name=\"twitter:label2\" content=\"Dur\u00e9e de lecture estim\u00e9e\" \/>\n\t<meta name=\"twitter:data2\" content=\"2 minutes\" \/>\n<script type=\"application\/ld+json\" class=\"yoast-schema-graph\">{\"@context\":\"https:\\\/\\\/schema.org\",\"@graph\":[{\"@type\":\"Article\",\"@id\":\"https:\\\/\\\/www.bellunopress.it\\\/2026\\\/04\\\/07\\\/sala-teatro-rasai-presenta-il-progetto-muri-parlanti-arte-urbana-e-comunita-nel-segno-di-dino-buzzati\\\/#article\",\"isPartOf\":{\"@id\":\"https:\\\/\\\/www.bellunopress.it\\\/2026\\\/04\\\/07\\\/sala-teatro-rasai-presenta-il-progetto-muri-parlanti-arte-urbana-e-comunita-nel-segno-di-dino-buzzati\\\/\"},\"author\":{\"name\":\"redazione\",\"@id\":\"https:\\\/\\\/www.bellunopress.it\\\/#\\\/schema\\\/person\\\/79bb06722b37ece1c03d3e94beb30d73\"},\"headline\":\"Sala Teatro Rasai presenta il progetto \u201cMuri Parlanti\u201d: arte urbana e comunit\u00e0 nel segno di Dino Buzzati\",\"datePublished\":\"2026-04-07T15:04:31+00:00\",\"mainEntityOfPage\":{\"@id\":\"https:\\\/\\\/www.bellunopress.it\\\/2026\\\/04\\\/07\\\/sala-teatro-rasai-presenta-il-progetto-muri-parlanti-arte-urbana-e-comunita-nel-segno-di-dino-buzzati\\\/\"},\"wordCount\":407,\"publisher\":{\"@id\":\"https:\\\/\\\/www.bellunopress.it\\\/#organization\"},\"image\":{\"@id\":\"https:\\\/\\\/www.bellunopress.it\\\/2026\\\/04\\\/07\\\/sala-teatro-rasai-presenta-il-progetto-muri-parlanti-arte-urbana-e-comunita-nel-segno-di-dino-buzzati\\\/#primaryimage\"},\"thumbnailUrl\":\"https:\\\/\\\/www.bellunopress.it\\\/wp-content\\\/uploads\\\/2026\\\/04\\\/MURI-PARLANTI.jpg\",\"articleSection\":[\"Appuntamenti, Eventi\",\"Arte, Cultura, Spettacoli, Scienza\",\"Pausa Caff\u00e8\"],\"inLanguage\":\"fr-FR\"},{\"@type\":\"WebPage\",\"@id\":\"https:\\\/\\\/www.bellunopress.it\\\/2026\\\/04\\\/07\\\/sala-teatro-rasai-presenta-il-progetto-muri-parlanti-arte-urbana-e-comunita-nel-segno-di-dino-buzzati\\\/\",\"url\":\"https:\\\/\\\/www.bellunopress.it\\\/2026\\\/04\\\/07\\\/sala-teatro-rasai-presenta-il-progetto-muri-parlanti-arte-urbana-e-comunita-nel-segno-di-dino-buzzati\\\/\",\"name\":\"Sala Teatro Rasai presenta il progetto \u201cMuri Parlanti\u201d: arte urbana e comunit\u00e0 nel segno di Dino Buzzati - Bellunopress - Dolomiti\",\"isPartOf\":{\"@id\":\"https:\\\/\\\/www.bellunopress.it\\\/#website\"},\"primaryImageOfPage\":{\"@id\":\"https:\\\/\\\/www.bellunopress.it\\\/2026\\\/04\\\/07\\\/sala-teatro-rasai-presenta-il-progetto-muri-parlanti-arte-urbana-e-comunita-nel-segno-di-dino-buzzati\\\/#primaryimage\"},\"image\":{\"@id\":\"https:\\\/\\\/www.bellunopress.it\\\/2026\\\/04\\\/07\\\/sala-teatro-rasai-presenta-il-progetto-muri-parlanti-arte-urbana-e-comunita-nel-segno-di-dino-buzzati\\\/#primaryimage\"},\"thumbnailUrl\":\"https:\\\/\\\/www.bellunopress.it\\\/wp-content\\\/uploads\\\/2026\\\/04\\\/MURI-PARLANTI.jpg\",\"datePublished\":\"2026-04-07T15:04:31+00:00\",\"breadcrumb\":{\"@id\":\"https:\\\/\\\/www.bellunopress.it\\\/2026\\\/04\\\/07\\\/sala-teatro-rasai-presenta-il-progetto-muri-parlanti-arte-urbana-e-comunita-nel-segno-di-dino-buzzati\\\/#breadcrumb\"},\"inLanguage\":\"fr-FR\",\"potentialAction\":[{\"@type\":\"ReadAction\",\"target\":[\"https:\\\/\\\/www.bellunopress.it\\\/2026\\\/04\\\/07\\\/sala-teatro-rasai-presenta-il-progetto-muri-parlanti-arte-urbana-e-comunita-nel-segno-di-dino-buzzati\\\/\"]}]},{\"@type\":\"ImageObject\",\"inLanguage\":\"fr-FR\",\"@id\":\"https:\\\/\\\/www.bellunopress.it\\\/2026\\\/04\\\/07\\\/sala-teatro-rasai-presenta-il-progetto-muri-parlanti-arte-urbana-e-comunita-nel-segno-di-dino-buzzati\\\/#primaryimage\",\"url\":\"https:\\\/\\\/www.bellunopress.it\\\/wp-content\\\/uploads\\\/2026\\\/04\\\/MURI-PARLANTI.jpg\",\"contentUrl\":\"https:\\\/\\\/www.bellunopress.it\\\/wp-content\\\/uploads\\\/2026\\\/04\\\/MURI-PARLANTI.jpg\",\"width\":353,\"height\":500},{\"@type\":\"BreadcrumbList\",\"@id\":\"https:\\\/\\\/www.bellunopress.it\\\/2026\\\/04\\\/07\\\/sala-teatro-rasai-presenta-il-progetto-muri-parlanti-arte-urbana-e-comunita-nel-segno-di-dino-buzzati\\\/#breadcrumb\",\"itemListElement\":[{\"@type\":\"ListItem\",\"position\":1,\"name\":\"Home\",\"item\":\"https:\\\/\\\/www.bellunopress.it\\\/\"},{\"@type\":\"ListItem\",\"position\":2,\"name\":\"Sala Teatro Rasai presenta il progetto \u201cMuri Parlanti\u201d: arte urbana e comunit\u00e0 nel segno di Dino Buzzati\"}]},{\"@type\":\"WebSite\",\"@id\":\"https:\\\/\\\/www.bellunopress.it\\\/#website\",\"url\":\"https:\\\/\\\/www.bellunopress.it\\\/\",\"name\":\"Bellunopress - Dolomiti\",\"description\":\"e-mail: redazione@bellunopress.it\",\"publisher\":{\"@id\":\"https:\\\/\\\/www.bellunopress.it\\\/#organization\"},\"potentialAction\":[{\"@type\":\"SearchAction\",\"target\":{\"@type\":\"EntryPoint\",\"urlTemplate\":\"https:\\\/\\\/www.bellunopress.it\\\/?s={search_term_string}\"},\"query-input\":{\"@type\":\"PropertyValueSpecification\",\"valueRequired\":true,\"valueName\":\"search_term_string\"}}],\"inLanguage\":\"fr-FR\"},{\"@type\":\"Organization\",\"@id\":\"https:\\\/\\\/www.bellunopress.it\\\/#organization\",\"name\":\"Bellunopress\",\"url\":\"https:\\\/\\\/www.bellunopress.it\\\/\",\"logo\":{\"@type\":\"ImageObject\",\"inLanguage\":\"fr-FR\",\"@id\":\"https:\\\/\\\/www.bellunopress.it\\\/#\\\/schema\\\/logo\\\/image\\\/\",\"url\":\"https:\\\/\\\/www.bellunopress.it\\\/wp-content\\\/uploads\\\/2011\\\/05\\\/cropped-logo-bellunopress-.jpg\",\"contentUrl\":\"https:\\\/\\\/www.bellunopress.it\\\/wp-content\\\/uploads\\\/2011\\\/05\\\/cropped-logo-bellunopress-.jpg\",\"width\":512,\"height\":512,\"caption\":\"Bellunopress\"},\"image\":{\"@id\":\"https:\\\/\\\/www.bellunopress.it\\\/#\\\/schema\\\/logo\\\/image\\\/\"},\"sameAs\":[\"https:\\\/\\\/www.facebook.com\\\/profile.php?id=100008943462799\",\"https:\\\/\\\/x.com\\\/bellunopress\",\"https:\\\/\\\/www.linkedin.com\\\/hp\\\/?dnr=JBzUWaJfMUw8vbXJJ2tVW5-I3jZKvC4wsoxE&amp;amp;amp;amp;amp;amp;trk=nav_responsive_tab_home\",\"https:\\\/\\\/www.youtube.com\\\/channel\\\/UCxL0wu1uN0_3_7hGG0306cw\"]},{\"@type\":\"Person\",\"@id\":\"https:\\\/\\\/www.bellunopress.it\\\/#\\\/schema\\\/person\\\/79bb06722b37ece1c03d3e94beb30d73\",\"name\":\"redazione\",\"image\":{\"@type\":\"ImageObject\",\"inLanguage\":\"fr-FR\",\"@id\":\"https:\\\/\\\/secure.gravatar.com\\\/avatar\\\/37d968a2e67a6fd04c169c4bdef102d0bc5d31b2546345219e348575eb80e9a0?s=96&d=mm&r=g\",\"url\":\"https:\\\/\\\/secure.gravatar.com\\\/avatar\\\/37d968a2e67a6fd04c169c4bdef102d0bc5d31b2546345219e348575eb80e9a0?s=96&d=mm&r=g\",\"contentUrl\":\"https:\\\/\\\/secure.gravatar.com\\\/avatar\\\/37d968a2e67a6fd04c169c4bdef102d0bc5d31b2546345219e348575eb80e9a0?s=96&d=mm&r=g\",\"caption\":\"redazione\"},\"sameAs\":[\"http:\\\/\\\/www.bellunopress.it\",\"https:\\\/\\\/x.com\\\/bellunopress\"],\"url\":\"https:\\\/\\\/www.bellunopress.it\\\/fr\\\/author\\\/redazione\\\/\"}]}<\/script>\n<!-- \/ Yoast SEO plugin. -->","yoast_head_json":{"title":"Sala Teatro Rasai presenta il progetto \u201cMuri Parlanti\u201d: arte urbana e comunit\u00e0 nel segno di Dino Buzzati - Bellunopress - Dolomiti","robots":{"index":"index","follow":"follow","max-snippet":"max-snippet:-1","max-image-preview":"max-image-preview:large","max-video-preview":"max-video-preview:-1"},"canonical":"https:\/\/www.bellunopress.it\/fr\/2026\/04\/07\/sala-teatro-rasai-presenta-il-progetto-muri-parlanti-arte-urbana-e-comunita-nel-segno-di-dino-buzzati\/","og_locale":"fr_FR","og_type":"article","og_title":"Sala Teatro Rasai presenta il progetto \u201cMuri Parlanti\u201d: arte urbana e comunit\u00e0 nel segno di Dino Buzzati - Bellunopress - Dolomiti","og_description":"Seren del Grappa, 7 aprile 2026 &#8211; Sar\u00e0 presentato gioved\u00ec 9 aprile alle ore 20.30 in Sala Teatro di Rasai, nel comune di Seren del Grappa, il progetto \u201cMuri Parlanti: Rasai racconta Dino Buzzati\u201d, iniziativa culturale e di rigenerazione urbana promossa dal Comitato Sala Teatro Rasai APS. \u201cL\u2019incontro pubblico rappresenter\u00e0 il momento di avvio ufficiale [&hellip;]","og_url":"https:\/\/www.bellunopress.it\/fr\/2026\/04\/07\/sala-teatro-rasai-presenta-il-progetto-muri-parlanti-arte-urbana-e-comunita-nel-segno-di-dino-buzzati\/","og_site_name":"Bellunopress - Dolomiti","article_publisher":"https:\/\/www.facebook.com\/profile.php?id=100008943462799","article_published_time":"2026-04-07T15:04:31+00:00","og_image":[{"width":353,"height":500,"url":"https:\/\/www.bellunopress.it\/wp-content\/uploads\/2026\/04\/MURI-PARLANTI.jpg","type":"image\/jpeg"}],"author":"redazione","twitter_card":"summary_large_image","twitter_creator":"@bellunopress","twitter_site":"@bellunopress","twitter_misc":{"\u00c9crit par":"redazione","Dur\u00e9e de lecture estim\u00e9e":"2 minutes"},"schema":{"@context":"https:\/\/schema.org","@graph":[{"@type":"Article","@id":"https:\/\/www.bellunopress.it\/2026\/04\/07\/sala-teatro-rasai-presenta-il-progetto-muri-parlanti-arte-urbana-e-comunita-nel-segno-di-dino-buzzati\/#article","isPartOf":{"@id":"https:\/\/www.bellunopress.it\/2026\/04\/07\/sala-teatro-rasai-presenta-il-progetto-muri-parlanti-arte-urbana-e-comunita-nel-segno-di-dino-buzzati\/"},"author":{"name":"redazione","@id":"https:\/\/www.bellunopress.it\/#\/schema\/person\/79bb06722b37ece1c03d3e94beb30d73"},"headline":"Sala Teatro Rasai presenta il progetto \u201cMuri Parlanti\u201d: arte urbana e comunit\u00e0 nel segno di Dino Buzzati","datePublished":"2026-04-07T15:04:31+00:00","mainEntityOfPage":{"@id":"https:\/\/www.bellunopress.it\/2026\/04\/07\/sala-teatro-rasai-presenta-il-progetto-muri-parlanti-arte-urbana-e-comunita-nel-segno-di-dino-buzzati\/"},"wordCount":407,"publisher":{"@id":"https:\/\/www.bellunopress.it\/#organization"},"image":{"@id":"https:\/\/www.bellunopress.it\/2026\/04\/07\/sala-teatro-rasai-presenta-il-progetto-muri-parlanti-arte-urbana-e-comunita-nel-segno-di-dino-buzzati\/#primaryimage"},"thumbnailUrl":"https:\/\/www.bellunopress.it\/wp-content\/uploads\/2026\/04\/MURI-PARLANTI.jpg","articleSection":["Appuntamenti, Eventi","Arte, Cultura, Spettacoli, Scienza","Pausa Caff\u00e8"],"inLanguage":"fr-FR"},{"@type":"WebPage","@id":"https:\/\/www.bellunopress.it\/2026\/04\/07\/sala-teatro-rasai-presenta-il-progetto-muri-parlanti-arte-urbana-e-comunita-nel-segno-di-dino-buzzati\/","url":"https:\/\/www.bellunopress.it\/2026\/04\/07\/sala-teatro-rasai-presenta-il-progetto-muri-parlanti-arte-urbana-e-comunita-nel-segno-di-dino-buzzati\/","name":"Sala Teatro Rasai presenta il progetto \u201cMuri Parlanti\u201d: arte urbana e comunit\u00e0 nel segno di Dino Buzzati - Bellunopress - Dolomiti","isPartOf":{"@id":"https:\/\/www.bellunopress.it\/#website"},"primaryImageOfPage":{"@id":"https:\/\/www.bellunopress.it\/2026\/04\/07\/sala-teatro-rasai-presenta-il-progetto-muri-parlanti-arte-urbana-e-comunita-nel-segno-di-dino-buzzati\/#primaryimage"},"image":{"@id":"https:\/\/www.bellunopress.it\/2026\/04\/07\/sala-teatro-rasai-presenta-il-progetto-muri-parlanti-arte-urbana-e-comunita-nel-segno-di-dino-buzzati\/#primaryimage"},"thumbnailUrl":"https:\/\/www.bellunopress.it\/wp-content\/uploads\/2026\/04\/MURI-PARLANTI.jpg","datePublished":"2026-04-07T15:04:31+00:00","breadcrumb":{"@id":"https:\/\/www.bellunopress.it\/2026\/04\/07\/sala-teatro-rasai-presenta-il-progetto-muri-parlanti-arte-urbana-e-comunita-nel-segno-di-dino-buzzati\/#breadcrumb"},"inLanguage":"fr-FR","potentialAction":[{"@type":"ReadAction","target":["https:\/\/www.bellunopress.it\/2026\/04\/07\/sala-teatro-rasai-presenta-il-progetto-muri-parlanti-arte-urbana-e-comunita-nel-segno-di-dino-buzzati\/"]}]},{"@type":"ImageObject","inLanguage":"fr-FR","@id":"https:\/\/www.bellunopress.it\/2026\/04\/07\/sala-teatro-rasai-presenta-il-progetto-muri-parlanti-arte-urbana-e-comunita-nel-segno-di-dino-buzzati\/#primaryimage","url":"https:\/\/www.bellunopress.it\/wp-content\/uploads\/2026\/04\/MURI-PARLANTI.jpg","contentUrl":"https:\/\/www.bellunopress.it\/wp-content\/uploads\/2026\/04\/MURI-PARLANTI.jpg","width":353,"height":500},{"@type":"BreadcrumbList","@id":"https:\/\/www.bellunopress.it\/2026\/04\/07\/sala-teatro-rasai-presenta-il-progetto-muri-parlanti-arte-urbana-e-comunita-nel-segno-di-dino-buzzati\/#breadcrumb","itemListElement":[{"@type":"ListItem","position":1,"name":"Home","item":"https:\/\/www.bellunopress.it\/"},{"@type":"ListItem","position":2,"name":"Sala Teatro Rasai presenta il progetto \u201cMuri Parlanti\u201d: arte urbana e comunit\u00e0 nel segno di Dino Buzzati"}]},{"@type":"WebSite","@id":"https:\/\/www.bellunopress.it\/#website","url":"https:\/\/www.bellunopress.it\/","name":"Bellunopress - Dolomiti","description":"e-mail: redazione@bellunopress.it","publisher":{"@id":"https:\/\/www.bellunopress.it\/#organization"},"potentialAction":[{"@type":"SearchAction","target":{"@type":"EntryPoint","urlTemplate":"https:\/\/www.bellunopress.it\/?s={search_term_string}"},"query-input":{"@type":"PropertyValueSpecification","valueRequired":true,"valueName":"search_term_string"}}],"inLanguage":"fr-FR"},{"@type":"Organization","@id":"https:\/\/www.bellunopress.it\/#organization","name":"Bellunopress","url":"https:\/\/www.bellunopress.it\/","logo":{"@type":"ImageObject","inLanguage":"fr-FR","@id":"https:\/\/www.bellunopress.it\/#\/schema\/logo\/image\/","url":"https:\/\/www.bellunopress.it\/wp-content\/uploads\/2011\/05\/cropped-logo-bellunopress-.jpg","contentUrl":"https:\/\/www.bellunopress.it\/wp-content\/uploads\/2011\/05\/cropped-logo-bellunopress-.jpg","width":512,"height":512,"caption":"Bellunopress"},"image":{"@id":"https:\/\/www.bellunopress.it\/#\/schema\/logo\/image\/"},"sameAs":["https:\/\/www.facebook.com\/profile.php?id=100008943462799","https:\/\/x.com\/bellunopress","https:\/\/www.linkedin.com\/hp\/?dnr=JBzUWaJfMUw8vbXJJ2tVW5-I3jZKvC4wsoxE&amp;amp;amp;amp;amp;amp;trk=nav_responsive_tab_home","https:\/\/www.youtube.com\/channel\/UCxL0wu1uN0_3_7hGG0306cw"]},{"@type":"Person","@id":"https:\/\/www.bellunopress.it\/#\/schema\/person\/79bb06722b37ece1c03d3e94beb30d73","name":"r\u00e9daction","image":{"@type":"ImageObject","inLanguage":"fr-FR","@id":"https:\/\/secure.gravatar.com\/avatar\/37d968a2e67a6fd04c169c4bdef102d0bc5d31b2546345219e348575eb80e9a0?s=96&d=mm&r=g","url":"https:\/\/secure.gravatar.com\/avatar\/37d968a2e67a6fd04c169c4bdef102d0bc5d31b2546345219e348575eb80e9a0?s=96&d=mm&r=g","contentUrl":"https:\/\/secure.gravatar.com\/avatar\/37d968a2e67a6fd04c169c4bdef102d0bc5d31b2546345219e348575eb80e9a0?s=96&d=mm&r=g","caption":"redazione"},"sameAs":["http:\/\/www.bellunopress.it","https:\/\/x.com\/bellunopress"],"url":"https:\/\/www.bellunopress.it\/fr\/author\/redazione\/"}]}},"_links":{"self":[{"href":"https:\/\/www.bellunopress.it\/fr\/wp-json\/wp\/v2\/posts\/168866","targetHints":{"allow":["GET"]}}],"collection":[{"href":"https:\/\/www.bellunopress.it\/fr\/wp-json\/wp\/v2\/posts"}],"about":[{"href":"https:\/\/www.bellunopress.it\/fr\/wp-json\/wp\/v2\/types\/post"}],"author":[{"embeddable":true,"href":"https:\/\/www.bellunopress.it\/fr\/wp-json\/wp\/v2\/users\/2"}],"replies":[{"embeddable":true,"href":"https:\/\/www.bellunopress.it\/fr\/wp-json\/wp\/v2\/comments?post=168866"}],"version-history":[{"count":1,"href":"https:\/\/www.bellunopress.it\/fr\/wp-json\/wp\/v2\/posts\/168866\/revisions"}],"predecessor-version":[{"id":168868,"href":"https:\/\/www.bellunopress.it\/fr\/wp-json\/wp\/v2\/posts\/168866\/revisions\/168868"}],"wp:featuredmedia":[{"embeddable":true,"href":"https:\/\/www.bellunopress.it\/fr\/wp-json\/wp\/v2\/media\/168867"}],"wp:attachment":[{"href":"https:\/\/www.bellunopress.it\/fr\/wp-json\/wp\/v2\/media?parent=168866"}],"wp:term":[{"taxonomy":"category","embeddable":true,"href":"https:\/\/www.bellunopress.it\/fr\/wp-json\/wp\/v2\/categories?post=168866"},{"taxonomy":"post_tag","embeddable":true,"href":"https:\/\/www.bellunopress.it\/fr\/wp-json\/wp\/v2\/tags?post=168866"}],"curies":[{"name":"wp","href":"https:\/\/api.w.org\/{rel}","templated":true}]}}