{"id":168862,"date":"2026-04-07T16:43:27","date_gmt":"2026-04-07T14:43:27","guid":{"rendered":"https:\/\/www.bellunopress.it\/?p=168862"},"modified":"2026-04-07T16:58:50","modified_gmt":"2026-04-07T14:58:50","slug":"ripartiamo-insieme-frescura-annuncia-nome-e-simbolo-della-lista-a-vigo-di-cadore","status":"publish","type":"post","link":"https:\/\/www.bellunopress.it\/fr\/2026\/04\/07\/ripartiamo-insieme-frescura-annuncia-nome-e-simbolo-della-lista-a-vigo-di-cadore\/","title":{"rendered":"&#8220;Ripartiamo Insieme&#8221;: Frescura annuncia nome e simbolo della lista a Vigo di Cadore"},"content":{"rendered":"<p>Il Presidente nazionale di Giovani&amp;Futuro e candidato sindaco a Vigo di Cadore, Luca Frescura, annuncia il nome e il simbolo della lista che lo appogger\u00e0 alle prossime elezioni amministrative del 24 e 25 maggio.<br \/>\nLa lista si chiamer\u00e0 \u201cRipartiamo Insieme\u201d e sul simbolo svettano le montagne, \u201cle nostre montagne, quelle che se eletti difenderemo con tutte le forze\u201d esordisce Frescura.<br \/>\n\u201cRipartiamo Insieme \u00e8 il riassunto del nostro programma, che stiamo scrivendo in base alle esperienze dei membri della nostra lista e all\u2019ascolto quotidiano delle istanze della nostra comunit\u00e0. Il nostro Comune ha bisogno di ripartire, di tornare ad essere vivo, ha bisogno di un\u2019amministrazione che sia davvero dalla parte del cittadino. In questi anni il nostro paese \u00e8 stato mantenuto in vita dall\u2019eroismo dei volontari e delle poche realt\u00e0 economiche rimaste sul territorio. Ripartire vuol dire sostenere il tessuto economico, aiutando concretamente le attivit\u00e0 esistenti e magari sostenendo l\u2019apertura di nuove realt\u00e0.<\/p>\n<p>Ma Ripartire significa anche puntare su una valorizzazione a 360 gradi di tutto il paese e di tutte le sue frazioni. Ripartire significa investire guardando al futuro, promuovendo interventi che siano un investimento per garantire un domani al nostro Comune. Vuol dire far respirare famiglie e imprese riducendo le imposte, creare occasioni di lavoro e opportunit\u00e0 per i pi\u00f9 giovani, spazi di socialit\u00e0 per gli anziani\u201d afferma Frescura.<br \/>\n\u201cTutto questo vogliamo farlo per\u00f2 insieme, condividendo le scelte con i cittadini, con le associazioni, con le imprese. Il Municipio dovr\u00e0 tornare ad essere la Casa dei Cittadini e per questo intendiamo ampliare gli orari di accesso alla casa municipale cos\u00ec da venire in contro alle esigenze di tutti.<\/p>\n<p>Ma non solo: intendiamo ampliare i servizi offerti. Promuoveremo uno sportello di sostegno digitale, per esempio per prenotare o scaricare i referti delle visite, ma soprattutto uno sportello di accesso a fondi e bandi. Privati cittadini, associazioni e imprese potranno recarsi in comune per chiedere quali bandi e fondi sono disponibili e saranno seguiti nelle varie procedure. Cos\u00ec facendo aumenteremo la capacit\u00e0 del nostro paese di captare fondi regionali, nazionali ma soprattutto europei. Fondi che ci permetteranno di sostenere ed investire nel futuro del nostro comune, senza pesare sulle spalle dei contribuenti\u201d prosegue il candidato.<\/p>\n<figure id=\"attachment_166119\" aria-describedby=\"caption-attachment-166119\" style=\"width: 500px\" class=\"wp-caption aligncenter\"><img loading=\"lazy\" decoding=\"async\" class=\"size-full wp-image-166119\" src=\"https:\/\/www.bellunopress.it\/wp-content\/uploads\/2025\/12\/Luca-Frescura.jpg\" alt=\"\" width=\"500\" height=\"498\" srcset=\"https:\/\/www.bellunopress.it\/wp-content\/uploads\/2025\/12\/Luca-Frescura.jpg 500w, https:\/\/www.bellunopress.it\/wp-content\/uploads\/2025\/12\/Luca-Frescura-300x300.jpg 300w, https:\/\/www.bellunopress.it\/wp-content\/uploads\/2025\/12\/Luca-Frescura-422x420.jpg 422w\" sizes=\"auto, (max-width: 500px) 100vw, 500px\" \/><figcaption id=\"caption-attachment-166119\" class=\"wp-caption-text\">Luca Frescura<\/figcaption><\/figure>\n<p>\u201cSar\u00e0 fondamentale lavorare su una maggiore cura e pulizia del territorio, programmare le<br \/>\nmanutenzioni con visione, investire nella sicurezza stradale. Credo sia fondamentale sistemare il marciapiede di Pelos, in queste condizioni rappresenta un pericolo per tutti gli utenti della strada. Sar\u00e0 una delle nostre priorit\u00e0 se saremo eletti, cos\u00ec come concludere la sistemazione della Palestra. La comunit\u00e0 merita un luogo dove le nostre associazioni, i nostri giovani e chi vuole praticare sport possa allenarsi e socializzare. Se eletti ci sar\u00e0 una Consigliera delegata esclusivamente a concludere i lavori della Palestra: vogliamo vederla presto tornare a brulicare di giovani e persone pronte a tifare i nostri atleti\u201d continua Frescura.<br \/>\n\u201cDetesto le formalit\u00e0 e le ragazze e i ragazzi di Giovani&amp;Futuro lo sanno bene. Se sar\u00f2 eletto e qualcuno avr\u00e0 bisogno di parlare col Sindaco, mi trover\u00e0 a disposizione\u201d afferma Frescura, oggi docente di diritto romano, ma che se eletto si dedicher\u00e0 totalmente all\u2019attivit\u00e0 da primo cittadino.<br \/>\n\u201cSiamo in un periodo storico particolarmente complesso, segnato da una crisi che rischia di colpire duramente il nostro Paese e di conseguenza anche il nostro territorio. Un amministratore ha il dovere di dedicarsi interamente al suo mandato provando a superare le turbolenze. Se i cittadini ci daranno fiducia siamo pronti a farlo con passione e senso di responsabilit\u00e0\u201d conclude Frescura.<\/p>","protected":false},"excerpt":{"rendered":"<p>Il Presidente nazionale di Giovani&amp;Futuro e candidato sindaco a Vigo di Cadore, Luca Frescura, annuncia il nome e il simbolo della lista che lo appogger\u00e0 alle prossime elezioni amministrative del 24 e 25 maggio. La lista si chiamer\u00e0 \u201cRipartiamo Insieme\u201d e sul simbolo svettano le montagne, \u201cle nostre montagne, quelle che se eletti difenderemo con [&hellip;]<\/p>\n","protected":false},"author":2,"featured_media":168863,"comment_status":"closed","ping_status":"open","sticky":false,"template":"","format":"standard","meta":{"footnotes":""},"categories":[5,26],"tags":[],"class_list":["post-168862","post","type-post","status-publish","format-standard","has-post-thumbnail","category-cronaca","category-prima-pagina"],"yoast_head":"<!-- This site is optimized with the Yoast SEO plugin v28.4 - https:\/\/yoast.com\/product\/yoast-seo-wordpress\/ -->\n<title>&quot;Ripartiamo Insieme&quot;: Frescura annuncia nome e simbolo della lista a Vigo di Cadore - Bellunopress - Dolomiti<\/title>\n<meta name=\"robots\" content=\"index, follow, max-snippet:-1, max-image-preview:large, max-video-preview:-1\" \/>\n<link rel=\"canonical\" href=\"https:\/\/www.bellunopress.it\/fr\/2026\/04\/07\/ripartiamo-insieme-frescura-annuncia-nome-e-simbolo-della-lista-a-vigo-di-cadore\/\" \/>\n<meta property=\"og:locale\" content=\"fr_FR\" \/>\n<meta property=\"og:type\" content=\"article\" \/>\n<meta property=\"og:title\" content=\"&quot;Ripartiamo Insieme&quot;: Frescura annuncia nome e simbolo della lista a Vigo di Cadore - Bellunopress - Dolomiti\" \/>\n<meta property=\"og:description\" content=\"Il Presidente nazionale di Giovani&amp;Futuro e candidato sindaco a Vigo di Cadore, Luca Frescura, annuncia il nome e il simbolo della lista che lo appogger\u00e0 alle prossime elezioni amministrative del 24 e 25 maggio. La lista si chiamer\u00e0 \u201cRipartiamo Insieme\u201d e sul simbolo svettano le montagne, \u201cle nostre montagne, quelle che se eletti difenderemo con [&hellip;]\" \/>\n<meta property=\"og:url\" content=\"https:\/\/www.bellunopress.it\/fr\/2026\/04\/07\/ripartiamo-insieme-frescura-annuncia-nome-e-simbolo-della-lista-a-vigo-di-cadore\/\" \/>\n<meta property=\"og:site_name\" content=\"Bellunopress - Dolomiti\" \/>\n<meta property=\"article:publisher\" content=\"https:\/\/www.facebook.com\/profile.php?id=100008943462799\" \/>\n<meta property=\"article:published_time\" content=\"2026-04-07T14:43:27+00:00\" \/>\n<meta property=\"article:modified_time\" content=\"2026-04-07T14:58:50+00:00\" \/>\n<meta property=\"og:image\" content=\"https:\/\/www.bellunopress.it\/wp-content\/uploads\/2026\/04\/Ripartiamo-insieme-lista-civica-Vigo-Frescura-candidato.jpg\" \/>\n\t<meta property=\"og:image:width\" content=\"500\" \/>\n\t<meta property=\"og:image:height\" content=\"500\" \/>\n\t<meta property=\"og:image:type\" content=\"image\/jpeg\" \/>\n<meta name=\"author\" content=\"redazione\" \/>\n<meta name=\"twitter:card\" content=\"summary_large_image\" \/>\n<meta name=\"twitter:creator\" content=\"@bellunopress\" \/>\n<meta name=\"twitter:site\" content=\"@bellunopress\" \/>\n<meta name=\"twitter:label1\" content=\"\u00c9crit par\" \/>\n\t<meta name=\"twitter:data1\" content=\"redazione\" \/>\n\t<meta name=\"twitter:label2\" content=\"Dur\u00e9e de lecture estim\u00e9e\" \/>\n\t<meta name=\"twitter:data2\" content=\"3 minutes\" \/>\n<script type=\"application\/ld+json\" class=\"yoast-schema-graph\">{\"@context\":\"https:\\\/\\\/schema.org\",\"@graph\":[{\"@type\":\"Article\",\"@id\":\"https:\\\/\\\/www.bellunopress.it\\\/2026\\\/04\\\/07\\\/ripartiamo-insieme-frescura-annuncia-nome-e-simbolo-della-lista-a-vigo-di-cadore\\\/#article\",\"isPartOf\":{\"@id\":\"https:\\\/\\\/www.bellunopress.it\\\/2026\\\/04\\\/07\\\/ripartiamo-insieme-frescura-annuncia-nome-e-simbolo-della-lista-a-vigo-di-cadore\\\/\"},\"author\":{\"name\":\"redazione\",\"@id\":\"https:\\\/\\\/www.bellunopress.it\\\/#\\\/schema\\\/person\\\/79bb06722b37ece1c03d3e94beb30d73\"},\"headline\":\"&#8220;Ripartiamo Insieme&#8221;: Frescura annuncia nome e simbolo della lista a Vigo di Cadore\",\"datePublished\":\"2026-04-07T14:43:27+00:00\",\"dateModified\":\"2026-04-07T14:58:50+00:00\",\"mainEntityOfPage\":{\"@id\":\"https:\\\/\\\/www.bellunopress.it\\\/2026\\\/04\\\/07\\\/ripartiamo-insieme-frescura-annuncia-nome-e-simbolo-della-lista-a-vigo-di-cadore\\\/\"},\"wordCount\":605,\"publisher\":{\"@id\":\"https:\\\/\\\/www.bellunopress.it\\\/#organization\"},\"image\":{\"@id\":\"https:\\\/\\\/www.bellunopress.it\\\/2026\\\/04\\\/07\\\/ripartiamo-insieme-frescura-annuncia-nome-e-simbolo-della-lista-a-vigo-di-cadore\\\/#primaryimage\"},\"thumbnailUrl\":\"https:\\\/\\\/www.bellunopress.it\\\/wp-content\\\/uploads\\\/2026\\\/04\\\/Ripartiamo-insieme-lista-civica-Vigo-Frescura-candidato.jpg\",\"articleSection\":[\"Cronaca\\\/Politica\",\"Prima Pagina\"],\"inLanguage\":\"fr-FR\"},{\"@type\":\"WebPage\",\"@id\":\"https:\\\/\\\/www.bellunopress.it\\\/2026\\\/04\\\/07\\\/ripartiamo-insieme-frescura-annuncia-nome-e-simbolo-della-lista-a-vigo-di-cadore\\\/\",\"url\":\"https:\\\/\\\/www.bellunopress.it\\\/2026\\\/04\\\/07\\\/ripartiamo-insieme-frescura-annuncia-nome-e-simbolo-della-lista-a-vigo-di-cadore\\\/\",\"name\":\"\\\"Ripartiamo Insieme\\\": Frescura annuncia nome e simbolo della lista a Vigo di Cadore - Bellunopress - Dolomiti\",\"isPartOf\":{\"@id\":\"https:\\\/\\\/www.bellunopress.it\\\/#website\"},\"primaryImageOfPage\":{\"@id\":\"https:\\\/\\\/www.bellunopress.it\\\/2026\\\/04\\\/07\\\/ripartiamo-insieme-frescura-annuncia-nome-e-simbolo-della-lista-a-vigo-di-cadore\\\/#primaryimage\"},\"image\":{\"@id\":\"https:\\\/\\\/www.bellunopress.it\\\/2026\\\/04\\\/07\\\/ripartiamo-insieme-frescura-annuncia-nome-e-simbolo-della-lista-a-vigo-di-cadore\\\/#primaryimage\"},\"thumbnailUrl\":\"https:\\\/\\\/www.bellunopress.it\\\/wp-content\\\/uploads\\\/2026\\\/04\\\/Ripartiamo-insieme-lista-civica-Vigo-Frescura-candidato.jpg\",\"datePublished\":\"2026-04-07T14:43:27+00:00\",\"dateModified\":\"2026-04-07T14:58:50+00:00\",\"breadcrumb\":{\"@id\":\"https:\\\/\\\/www.bellunopress.it\\\/2026\\\/04\\\/07\\\/ripartiamo-insieme-frescura-annuncia-nome-e-simbolo-della-lista-a-vigo-di-cadore\\\/#breadcrumb\"},\"inLanguage\":\"fr-FR\",\"potentialAction\":[{\"@type\":\"ReadAction\",\"target\":[\"https:\\\/\\\/www.bellunopress.it\\\/2026\\\/04\\\/07\\\/ripartiamo-insieme-frescura-annuncia-nome-e-simbolo-della-lista-a-vigo-di-cadore\\\/\"]}]},{\"@type\":\"ImageObject\",\"inLanguage\":\"fr-FR\",\"@id\":\"https:\\\/\\\/www.bellunopress.it\\\/2026\\\/04\\\/07\\\/ripartiamo-insieme-frescura-annuncia-nome-e-simbolo-della-lista-a-vigo-di-cadore\\\/#primaryimage\",\"url\":\"https:\\\/\\\/www.bellunopress.it\\\/wp-content\\\/uploads\\\/2026\\\/04\\\/Ripartiamo-insieme-lista-civica-Vigo-Frescura-candidato.jpg\",\"contentUrl\":\"https:\\\/\\\/www.bellunopress.it\\\/wp-content\\\/uploads\\\/2026\\\/04\\\/Ripartiamo-insieme-lista-civica-Vigo-Frescura-candidato.jpg\",\"width\":500,\"height\":500},{\"@type\":\"BreadcrumbList\",\"@id\":\"https:\\\/\\\/www.bellunopress.it\\\/2026\\\/04\\\/07\\\/ripartiamo-insieme-frescura-annuncia-nome-e-simbolo-della-lista-a-vigo-di-cadore\\\/#breadcrumb\",\"itemListElement\":[{\"@type\":\"ListItem\",\"position\":1,\"name\":\"Home\",\"item\":\"https:\\\/\\\/www.bellunopress.it\\\/\"},{\"@type\":\"ListItem\",\"position\":2,\"name\":\"&#8220;Ripartiamo Insieme&#8221;: Frescura annuncia nome e simbolo della lista a Vigo di Cadore\"}]},{\"@type\":\"WebSite\",\"@id\":\"https:\\\/\\\/www.bellunopress.it\\\/#website\",\"url\":\"https:\\\/\\\/www.bellunopress.it\\\/\",\"name\":\"Bellunopress - Dolomiti\",\"description\":\"e-mail: redazione@bellunopress.it\",\"publisher\":{\"@id\":\"https:\\\/\\\/www.bellunopress.it\\\/#organization\"},\"potentialAction\":[{\"@type\":\"SearchAction\",\"target\":{\"@type\":\"EntryPoint\",\"urlTemplate\":\"https:\\\/\\\/www.bellunopress.it\\\/?s={search_term_string}\"},\"query-input\":{\"@type\":\"PropertyValueSpecification\",\"valueRequired\":true,\"valueName\":\"search_term_string\"}}],\"inLanguage\":\"fr-FR\"},{\"@type\":\"Organization\",\"@id\":\"https:\\\/\\\/www.bellunopress.it\\\/#organization\",\"name\":\"Bellunopress\",\"url\":\"https:\\\/\\\/www.bellunopress.it\\\/\",\"logo\":{\"@type\":\"ImageObject\",\"inLanguage\":\"fr-FR\",\"@id\":\"https:\\\/\\\/www.bellunopress.it\\\/#\\\/schema\\\/logo\\\/image\\\/\",\"url\":\"https:\\\/\\\/www.bellunopress.it\\\/wp-content\\\/uploads\\\/2011\\\/05\\\/cropped-logo-bellunopress-.jpg\",\"contentUrl\":\"https:\\\/\\\/www.bellunopress.it\\\/wp-content\\\/uploads\\\/2011\\\/05\\\/cropped-logo-bellunopress-.jpg\",\"width\":512,\"height\":512,\"caption\":\"Bellunopress\"},\"image\":{\"@id\":\"https:\\\/\\\/www.bellunopress.it\\\/#\\\/schema\\\/logo\\\/image\\\/\"},\"sameAs\":[\"https:\\\/\\\/www.facebook.com\\\/profile.php?id=100008943462799\",\"https:\\\/\\\/x.com\\\/bellunopress\",\"https:\\\/\\\/www.linkedin.com\\\/hp\\\/?dnr=JBzUWaJfMUw8vbXJJ2tVW5-I3jZKvC4wsoxE&amp;amp;amp;amp;amp;amp;trk=nav_responsive_tab_home\",\"https:\\\/\\\/www.youtube.com\\\/channel\\\/UCxL0wu1uN0_3_7hGG0306cw\"]},{\"@type\":\"Person\",\"@id\":\"https:\\\/\\\/www.bellunopress.it\\\/#\\\/schema\\\/person\\\/79bb06722b37ece1c03d3e94beb30d73\",\"name\":\"redazione\",\"image\":{\"@type\":\"ImageObject\",\"inLanguage\":\"fr-FR\",\"@id\":\"https:\\\/\\\/secure.gravatar.com\\\/avatar\\\/37d968a2e67a6fd04c169c4bdef102d0bc5d31b2546345219e348575eb80e9a0?s=96&d=mm&r=g\",\"url\":\"https:\\\/\\\/secure.gravatar.com\\\/avatar\\\/37d968a2e67a6fd04c169c4bdef102d0bc5d31b2546345219e348575eb80e9a0?s=96&d=mm&r=g\",\"contentUrl\":\"https:\\\/\\\/secure.gravatar.com\\\/avatar\\\/37d968a2e67a6fd04c169c4bdef102d0bc5d31b2546345219e348575eb80e9a0?s=96&d=mm&r=g\",\"caption\":\"redazione\"},\"sameAs\":[\"http:\\\/\\\/www.bellunopress.it\",\"https:\\\/\\\/x.com\\\/bellunopress\"],\"url\":\"https:\\\/\\\/www.bellunopress.it\\\/fr\\\/author\\\/redazione\\\/\"}]}<\/script>\n<!-- \/ Yoast SEO plugin. -->","yoast_head_json":{"title":"\"Ripartiamo Insieme\": Frescura annuncia nome e simbolo della lista a Vigo di Cadore - Bellunopress - Dolomiti","robots":{"index":"index","follow":"follow","max-snippet":"max-snippet:-1","max-image-preview":"max-image-preview:large","max-video-preview":"max-video-preview:-1"},"canonical":"https:\/\/www.bellunopress.it\/fr\/2026\/04\/07\/ripartiamo-insieme-frescura-annuncia-nome-e-simbolo-della-lista-a-vigo-di-cadore\/","og_locale":"fr_FR","og_type":"article","og_title":"\"Ripartiamo Insieme\": Frescura annuncia nome e simbolo della lista a Vigo di Cadore - Bellunopress - Dolomiti","og_description":"Il Presidente nazionale di Giovani&amp;Futuro e candidato sindaco a Vigo di Cadore, Luca Frescura, annuncia il nome e il simbolo della lista che lo appogger\u00e0 alle prossime elezioni amministrative del 24 e 25 maggio. La lista si chiamer\u00e0 \u201cRipartiamo Insieme\u201d e sul simbolo svettano le montagne, \u201cle nostre montagne, quelle che se eletti difenderemo con [&hellip;]","og_url":"https:\/\/www.bellunopress.it\/fr\/2026\/04\/07\/ripartiamo-insieme-frescura-annuncia-nome-e-simbolo-della-lista-a-vigo-di-cadore\/","og_site_name":"Bellunopress - Dolomiti","article_publisher":"https:\/\/www.facebook.com\/profile.php?id=100008943462799","article_published_time":"2026-04-07T14:43:27+00:00","article_modified_time":"2026-04-07T14:58:50+00:00","og_image":[{"width":500,"height":500,"url":"https:\/\/www.bellunopress.it\/wp-content\/uploads\/2026\/04\/Ripartiamo-insieme-lista-civica-Vigo-Frescura-candidato.jpg","type":"image\/jpeg"}],"author":"redazione","twitter_card":"summary_large_image","twitter_creator":"@bellunopress","twitter_site":"@bellunopress","twitter_misc":{"\u00c9crit par":"redazione","Dur\u00e9e de lecture estim\u00e9e":"3 minutes"},"schema":{"@context":"https:\/\/schema.org","@graph":[{"@type":"Article","@id":"https:\/\/www.bellunopress.it\/2026\/04\/07\/ripartiamo-insieme-frescura-annuncia-nome-e-simbolo-della-lista-a-vigo-di-cadore\/#article","isPartOf":{"@id":"https:\/\/www.bellunopress.it\/2026\/04\/07\/ripartiamo-insieme-frescura-annuncia-nome-e-simbolo-della-lista-a-vigo-di-cadore\/"},"author":{"name":"redazione","@id":"https:\/\/www.bellunopress.it\/#\/schema\/person\/79bb06722b37ece1c03d3e94beb30d73"},"headline":"&#8220;Ripartiamo Insieme&#8221;: Frescura annuncia nome e simbolo della lista a Vigo di Cadore","datePublished":"2026-04-07T14:43:27+00:00","dateModified":"2026-04-07T14:58:50+00:00","mainEntityOfPage":{"@id":"https:\/\/www.bellunopress.it\/2026\/04\/07\/ripartiamo-insieme-frescura-annuncia-nome-e-simbolo-della-lista-a-vigo-di-cadore\/"},"wordCount":605,"publisher":{"@id":"https:\/\/www.bellunopress.it\/#organization"},"image":{"@id":"https:\/\/www.bellunopress.it\/2026\/04\/07\/ripartiamo-insieme-frescura-annuncia-nome-e-simbolo-della-lista-a-vigo-di-cadore\/#primaryimage"},"thumbnailUrl":"https:\/\/www.bellunopress.it\/wp-content\/uploads\/2026\/04\/Ripartiamo-insieme-lista-civica-Vigo-Frescura-candidato.jpg","articleSection":["Cronaca\/Politica","Prima Pagina"],"inLanguage":"fr-FR"},{"@type":"WebPage","@id":"https:\/\/www.bellunopress.it\/2026\/04\/07\/ripartiamo-insieme-frescura-annuncia-nome-e-simbolo-della-lista-a-vigo-di-cadore\/","url":"https:\/\/www.bellunopress.it\/2026\/04\/07\/ripartiamo-insieme-frescura-annuncia-nome-e-simbolo-della-lista-a-vigo-di-cadore\/","name":"\"Ripartiamo Insieme\": Frescura annuncia nome e simbolo della lista a Vigo di Cadore - Bellunopress - Dolomiti","isPartOf":{"@id":"https:\/\/www.bellunopress.it\/#website"},"primaryImageOfPage":{"@id":"https:\/\/www.bellunopress.it\/2026\/04\/07\/ripartiamo-insieme-frescura-annuncia-nome-e-simbolo-della-lista-a-vigo-di-cadore\/#primaryimage"},"image":{"@id":"https:\/\/www.bellunopress.it\/2026\/04\/07\/ripartiamo-insieme-frescura-annuncia-nome-e-simbolo-della-lista-a-vigo-di-cadore\/#primaryimage"},"thumbnailUrl":"https:\/\/www.bellunopress.it\/wp-content\/uploads\/2026\/04\/Ripartiamo-insieme-lista-civica-Vigo-Frescura-candidato.jpg","datePublished":"2026-04-07T14:43:27+00:00","dateModified":"2026-04-07T14:58:50+00:00","breadcrumb":{"@id":"https:\/\/www.bellunopress.it\/2026\/04\/07\/ripartiamo-insieme-frescura-annuncia-nome-e-simbolo-della-lista-a-vigo-di-cadore\/#breadcrumb"},"inLanguage":"fr-FR","potentialAction":[{"@type":"ReadAction","target":["https:\/\/www.bellunopress.it\/2026\/04\/07\/ripartiamo-insieme-frescura-annuncia-nome-e-simbolo-della-lista-a-vigo-di-cadore\/"]}]},{"@type":"ImageObject","inLanguage":"fr-FR","@id":"https:\/\/www.bellunopress.it\/2026\/04\/07\/ripartiamo-insieme-frescura-annuncia-nome-e-simbolo-della-lista-a-vigo-di-cadore\/#primaryimage","url":"https:\/\/www.bellunopress.it\/wp-content\/uploads\/2026\/04\/Ripartiamo-insieme-lista-civica-Vigo-Frescura-candidato.jpg","contentUrl":"https:\/\/www.bellunopress.it\/wp-content\/uploads\/2026\/04\/Ripartiamo-insieme-lista-civica-Vigo-Frescura-candidato.jpg","width":500,"height":500},{"@type":"BreadcrumbList","@id":"https:\/\/www.bellunopress.it\/2026\/04\/07\/ripartiamo-insieme-frescura-annuncia-nome-e-simbolo-della-lista-a-vigo-di-cadore\/#breadcrumb","itemListElement":[{"@type":"ListItem","position":1,"name":"Home","item":"https:\/\/www.bellunopress.it\/"},{"@type":"ListItem","position":2,"name":"&#8220;Ripartiamo Insieme&#8221;: Frescura annuncia nome e simbolo della lista a Vigo di Cadore"}]},{"@type":"WebSite","@id":"https:\/\/www.bellunopress.it\/#website","url":"https:\/\/www.bellunopress.it\/","name":"Bellunopress - Dolomiti","description":"e-mail: redazione@bellunopress.it","publisher":{"@id":"https:\/\/www.bellunopress.it\/#organization"},"potentialAction":[{"@type":"SearchAction","target":{"@type":"EntryPoint","urlTemplate":"https:\/\/www.bellunopress.it\/?s={search_term_string}"},"query-input":{"@type":"PropertyValueSpecification","valueRequired":true,"valueName":"search_term_string"}}],"inLanguage":"fr-FR"},{"@type":"Organization","@id":"https:\/\/www.bellunopress.it\/#organization","name":"Bellunopress","url":"https:\/\/www.bellunopress.it\/","logo":{"@type":"ImageObject","inLanguage":"fr-FR","@id":"https:\/\/www.bellunopress.it\/#\/schema\/logo\/image\/","url":"https:\/\/www.bellunopress.it\/wp-content\/uploads\/2011\/05\/cropped-logo-bellunopress-.jpg","contentUrl":"https:\/\/www.bellunopress.it\/wp-content\/uploads\/2011\/05\/cropped-logo-bellunopress-.jpg","width":512,"height":512,"caption":"Bellunopress"},"image":{"@id":"https:\/\/www.bellunopress.it\/#\/schema\/logo\/image\/"},"sameAs":["https:\/\/www.facebook.com\/profile.php?id=100008943462799","https:\/\/x.com\/bellunopress","https:\/\/www.linkedin.com\/hp\/?dnr=JBzUWaJfMUw8vbXJJ2tVW5-I3jZKvC4wsoxE&amp;amp;amp;amp;amp;amp;trk=nav_responsive_tab_home","https:\/\/www.youtube.com\/channel\/UCxL0wu1uN0_3_7hGG0306cw"]},{"@type":"Person","@id":"https:\/\/www.bellunopress.it\/#\/schema\/person\/79bb06722b37ece1c03d3e94beb30d73","name":"r\u00e9daction","image":{"@type":"ImageObject","inLanguage":"fr-FR","@id":"https:\/\/secure.gravatar.com\/avatar\/37d968a2e67a6fd04c169c4bdef102d0bc5d31b2546345219e348575eb80e9a0?s=96&d=mm&r=g","url":"https:\/\/secure.gravatar.com\/avatar\/37d968a2e67a6fd04c169c4bdef102d0bc5d31b2546345219e348575eb80e9a0?s=96&d=mm&r=g","contentUrl":"https:\/\/secure.gravatar.com\/avatar\/37d968a2e67a6fd04c169c4bdef102d0bc5d31b2546345219e348575eb80e9a0?s=96&d=mm&r=g","caption":"redazione"},"sameAs":["http:\/\/www.bellunopress.it","https:\/\/x.com\/bellunopress"],"url":"https:\/\/www.bellunopress.it\/fr\/author\/redazione\/"}]}},"_links":{"self":[{"href":"https:\/\/www.bellunopress.it\/fr\/wp-json\/wp\/v2\/posts\/168862","targetHints":{"allow":["GET"]}}],"collection":[{"href":"https:\/\/www.bellunopress.it\/fr\/wp-json\/wp\/v2\/posts"}],"about":[{"href":"https:\/\/www.bellunopress.it\/fr\/wp-json\/wp\/v2\/types\/post"}],"author":[{"embeddable":true,"href":"https:\/\/www.bellunopress.it\/fr\/wp-json\/wp\/v2\/users\/2"}],"replies":[{"embeddable":true,"href":"https:\/\/www.bellunopress.it\/fr\/wp-json\/wp\/v2\/comments?post=168862"}],"version-history":[{"count":2,"href":"https:\/\/www.bellunopress.it\/fr\/wp-json\/wp\/v2\/posts\/168862\/revisions"}],"predecessor-version":[{"id":168865,"href":"https:\/\/www.bellunopress.it\/fr\/wp-json\/wp\/v2\/posts\/168862\/revisions\/168865"}],"wp:featuredmedia":[{"embeddable":true,"href":"https:\/\/www.bellunopress.it\/fr\/wp-json\/wp\/v2\/media\/168863"}],"wp:attachment":[{"href":"https:\/\/www.bellunopress.it\/fr\/wp-json\/wp\/v2\/media?parent=168862"}],"wp:term":[{"taxonomy":"category","embeddable":true,"href":"https:\/\/www.bellunopress.it\/fr\/wp-json\/wp\/v2\/categories?post=168862"},{"taxonomy":"post_tag","embeddable":true,"href":"https:\/\/www.bellunopress.it\/fr\/wp-json\/wp\/v2\/tags?post=168862"}],"curies":[{"name":"wp","href":"https:\/\/api.w.org\/{rel}","templated":true}]}}