{"id":168854,"date":"2026-04-07T16:05:10","date_gmt":"2026-04-07T14:05:10","guid":{"rendered":"https:\/\/www.bellunopress.it\/?p=168854"},"modified":"2026-04-07T16:05:10","modified_gmt":"2026-04-07T14:05:10","slug":"scegli-la-speranza-diventa-volontario-del-servizio-civile-universale","status":"publish","type":"post","link":"https:\/\/www.bellunopress.it\/fr\/2026\/04\/07\/scegli-la-speranza-diventa-volontario-del-servizio-civile-universale\/","title":{"rendered":"\u201cScegli la speranza\u201d Diventa volontario del Servizio Civile Universale"},"content":{"rendered":"<p>Il Centro Italiano di Solidariet\u00e0 di Belluno onlus nell\u2019ambito del Progetto:<br \/>\n\u201cOperatori di speranza 2025\u201d del Servizio Civile Universale cod. PTX540026325013209NMTX, ricerca n. 10 volontari di et\u00e0 compresa tra i 18 e i 28 anni da selezionare entro la data di proroga del 16\/04\/2026 ore 14:00.<br \/>\nIl Servizio \u00e8 organizzato in: 25 ore settimanali; durata un anno; rimborso mensile \u20ac 519,47<\/p>\n<p><strong>Sono previsti tre settori di svolgimento:<\/strong><br \/>\n1. Volontariato nelle Comunit\u00e0 Terapeutiche Residenziali per persone dipendenti da sostanze d\u2019abuso, per servizi di accompagnamento in attivit\u00e0 di socializzazione, ricreative o di gestione della quotidianit\u00e0 in affiancamento agli operatori delle equipe multiprofessionali.<br \/>\n2. Volontariato nel settore di progettazione sociale e collaborazione nella realizzazione di progetti di prevenzione del disagio sociale e di contrasto alla povert\u00e0 educativa.<br \/>\n3. Volontariato nel settore dell\u2019inserimento lavorativo presso la Cooperativa Sociale Integra, con mansioni di accompagnamento di soggetti svantaggiati inseriti in percorsi di riabilitazione socio-lavorativa.<\/p>\n<p>Per informazioni: telefonare al numero 0437 950895 o scrivere a info@ceisbelluno.org<\/p>","protected":false},"excerpt":{"rendered":"<p>Il Centro Italiano di Solidariet\u00e0 di Belluno onlus nell\u2019ambito del Progetto: \u201cOperatori di speranza 2025\u201d del Servizio Civile Universale cod. PTX540026325013209NMTX, ricerca n. 10 volontari di et\u00e0 compresa tra i 18 e i 28 anni da selezionare entro la data di proroga del 16\/04\/2026 ore 14:00. Il Servizio \u00e8 organizzato in: 25 ore settimanali; durata [&hellip;]<\/p>\n","protected":false},"author":2,"featured_media":16021,"comment_status":"closed","ping_status":"open","sticky":false,"template":"","format":"standard","meta":{"footnotes":""},"categories":[8],"tags":[],"class_list":["post-168854","post","type-post","status-publish","format-standard","has-post-thumbnail","category-societa-istituzioni"],"yoast_head":"<!-- This site is optimized with the Yoast SEO plugin v28.4 - https:\/\/yoast.com\/product\/yoast-seo-wordpress\/ -->\n<title>\u201cScegli la speranza\u201d Diventa volontario del Servizio Civile Universale - Bellunopress - Dolomiti<\/title>\n<meta name=\"robots\" content=\"index, follow, max-snippet:-1, max-image-preview:large, max-video-preview:-1\" \/>\n<link rel=\"canonical\" href=\"https:\/\/www.bellunopress.it\/fr\/2026\/04\/07\/scegli-la-speranza-diventa-volontario-del-servizio-civile-universale\/\" \/>\n<meta property=\"og:locale\" content=\"fr_FR\" \/>\n<meta property=\"og:type\" content=\"article\" \/>\n<meta property=\"og:title\" content=\"\u201cScegli la speranza\u201d Diventa volontario del Servizio Civile Universale - Bellunopress - Dolomiti\" \/>\n<meta property=\"og:description\" content=\"Il Centro Italiano di Solidariet\u00e0 di Belluno onlus nell\u2019ambito del Progetto: \u201cOperatori di speranza 2025\u201d del Servizio Civile Universale cod. PTX540026325013209NMTX, ricerca n. 10 volontari di et\u00e0 compresa tra i 18 e i 28 anni da selezionare entro la data di proroga del 16\/04\/2026 ore 14:00. Il Servizio \u00e8 organizzato in: 25 ore settimanali; durata [&hellip;]\" \/>\n<meta property=\"og:url\" content=\"https:\/\/www.bellunopress.it\/fr\/2026\/04\/07\/scegli-la-speranza-diventa-volontario-del-servizio-civile-universale\/\" \/>\n<meta property=\"og:site_name\" content=\"Bellunopress - Dolomiti\" \/>\n<meta property=\"article:publisher\" content=\"https:\/\/www.facebook.com\/profile.php?id=100008943462799\" \/>\n<meta property=\"article:published_time\" content=\"2026-04-07T14:05:10+00:00\" \/>\n<meta property=\"og:image\" content=\"https:\/\/www.bellunopress.it\/wp-content\/uploads\/2010\/06\/ceis.gif\" \/>\n\t<meta property=\"og:image:width\" content=\"160\" \/>\n\t<meta property=\"og:image:height\" content=\"35\" \/>\n\t<meta property=\"og:image:type\" content=\"image\/gif\" \/>\n<meta name=\"author\" content=\"redazione\" \/>\n<meta name=\"twitter:card\" content=\"summary_large_image\" \/>\n<meta name=\"twitter:creator\" content=\"@bellunopress\" \/>\n<meta name=\"twitter:site\" content=\"@bellunopress\" \/>\n<meta name=\"twitter:label1\" content=\"\u00c9crit par\" \/>\n\t<meta name=\"twitter:data1\" content=\"redazione\" \/>\n\t<meta name=\"twitter:label2\" content=\"Dur\u00e9e de lecture estim\u00e9e\" \/>\n\t<meta name=\"twitter:data2\" content=\"1 minute\" \/>\n<script type=\"application\/ld+json\" class=\"yoast-schema-graph\">{\"@context\":\"https:\\\/\\\/schema.org\",\"@graph\":[{\"@type\":\"Article\",\"@id\":\"https:\\\/\\\/www.bellunopress.it\\\/2026\\\/04\\\/07\\\/scegli-la-speranza-diventa-volontario-del-servizio-civile-universale\\\/#article\",\"isPartOf\":{\"@id\":\"https:\\\/\\\/www.bellunopress.it\\\/2026\\\/04\\\/07\\\/scegli-la-speranza-diventa-volontario-del-servizio-civile-universale\\\/\"},\"author\":{\"name\":\"redazione\",\"@id\":\"https:\\\/\\\/www.bellunopress.it\\\/#\\\/schema\\\/person\\\/79bb06722b37ece1c03d3e94beb30d73\"},\"headline\":\"\u201cScegli la speranza\u201d Diventa volontario del Servizio Civile Universale\",\"datePublished\":\"2026-04-07T14:05:10+00:00\",\"mainEntityOfPage\":{\"@id\":\"https:\\\/\\\/www.bellunopress.it\\\/2026\\\/04\\\/07\\\/scegli-la-speranza-diventa-volontario-del-servizio-civile-universale\\\/\"},\"wordCount\":159,\"publisher\":{\"@id\":\"https:\\\/\\\/www.bellunopress.it\\\/#organization\"},\"image\":{\"@id\":\"https:\\\/\\\/www.bellunopress.it\\\/2026\\\/04\\\/07\\\/scegli-la-speranza-diventa-volontario-del-servizio-civile-universale\\\/#primaryimage\"},\"thumbnailUrl\":\"https:\\\/\\\/www.bellunopress.it\\\/wp-content\\\/uploads\\\/2010\\\/06\\\/ceis.gif\",\"articleSection\":[\"Societ\u00e0, Associazioni, Istituzioni\"],\"inLanguage\":\"fr-FR\"},{\"@type\":\"WebPage\",\"@id\":\"https:\\\/\\\/www.bellunopress.it\\\/2026\\\/04\\\/07\\\/scegli-la-speranza-diventa-volontario-del-servizio-civile-universale\\\/\",\"url\":\"https:\\\/\\\/www.bellunopress.it\\\/2026\\\/04\\\/07\\\/scegli-la-speranza-diventa-volontario-del-servizio-civile-universale\\\/\",\"name\":\"\u201cScegli la speranza\u201d Diventa volontario del Servizio Civile Universale - Bellunopress - Dolomiti\",\"isPartOf\":{\"@id\":\"https:\\\/\\\/www.bellunopress.it\\\/#website\"},\"primaryImageOfPage\":{\"@id\":\"https:\\\/\\\/www.bellunopress.it\\\/2026\\\/04\\\/07\\\/scegli-la-speranza-diventa-volontario-del-servizio-civile-universale\\\/#primaryimage\"},\"image\":{\"@id\":\"https:\\\/\\\/www.bellunopress.it\\\/2026\\\/04\\\/07\\\/scegli-la-speranza-diventa-volontario-del-servizio-civile-universale\\\/#primaryimage\"},\"thumbnailUrl\":\"https:\\\/\\\/www.bellunopress.it\\\/wp-content\\\/uploads\\\/2010\\\/06\\\/ceis.gif\",\"datePublished\":\"2026-04-07T14:05:10+00:00\",\"breadcrumb\":{\"@id\":\"https:\\\/\\\/www.bellunopress.it\\\/2026\\\/04\\\/07\\\/scegli-la-speranza-diventa-volontario-del-servizio-civile-universale\\\/#breadcrumb\"},\"inLanguage\":\"fr-FR\",\"potentialAction\":[{\"@type\":\"ReadAction\",\"target\":[\"https:\\\/\\\/www.bellunopress.it\\\/2026\\\/04\\\/07\\\/scegli-la-speranza-diventa-volontario-del-servizio-civile-universale\\\/\"]}]},{\"@type\":\"ImageObject\",\"inLanguage\":\"fr-FR\",\"@id\":\"https:\\\/\\\/www.bellunopress.it\\\/2026\\\/04\\\/07\\\/scegli-la-speranza-diventa-volontario-del-servizio-civile-universale\\\/#primaryimage\",\"url\":\"https:\\\/\\\/www.bellunopress.it\\\/wp-content\\\/uploads\\\/2010\\\/06\\\/ceis.gif\",\"contentUrl\":\"https:\\\/\\\/www.bellunopress.it\\\/wp-content\\\/uploads\\\/2010\\\/06\\\/ceis.gif\",\"width\":160,\"height\":35},{\"@type\":\"BreadcrumbList\",\"@id\":\"https:\\\/\\\/www.bellunopress.it\\\/2026\\\/04\\\/07\\\/scegli-la-speranza-diventa-volontario-del-servizio-civile-universale\\\/#breadcrumb\",\"itemListElement\":[{\"@type\":\"ListItem\",\"position\":1,\"name\":\"Home\",\"item\":\"https:\\\/\\\/www.bellunopress.it\\\/\"},{\"@type\":\"ListItem\",\"position\":2,\"name\":\"\u201cScegli la speranza\u201d Diventa volontario del Servizio Civile Universale\"}]},{\"@type\":\"WebSite\",\"@id\":\"https:\\\/\\\/www.bellunopress.it\\\/#website\",\"url\":\"https:\\\/\\\/www.bellunopress.it\\\/\",\"name\":\"Bellunopress - Dolomiti\",\"description\":\"e-mail: redazione@bellunopress.it\",\"publisher\":{\"@id\":\"https:\\\/\\\/www.bellunopress.it\\\/#organization\"},\"potentialAction\":[{\"@type\":\"SearchAction\",\"target\":{\"@type\":\"EntryPoint\",\"urlTemplate\":\"https:\\\/\\\/www.bellunopress.it\\\/?s={search_term_string}\"},\"query-input\":{\"@type\":\"PropertyValueSpecification\",\"valueRequired\":true,\"valueName\":\"search_term_string\"}}],\"inLanguage\":\"fr-FR\"},{\"@type\":\"Organization\",\"@id\":\"https:\\\/\\\/www.bellunopress.it\\\/#organization\",\"name\":\"Bellunopress\",\"url\":\"https:\\\/\\\/www.bellunopress.it\\\/\",\"logo\":{\"@type\":\"ImageObject\",\"inLanguage\":\"fr-FR\",\"@id\":\"https:\\\/\\\/www.bellunopress.it\\\/#\\\/schema\\\/logo\\\/image\\\/\",\"url\":\"https:\\\/\\\/www.bellunopress.it\\\/wp-content\\\/uploads\\\/2011\\\/05\\\/cropped-logo-bellunopress-.jpg\",\"contentUrl\":\"https:\\\/\\\/www.bellunopress.it\\\/wp-content\\\/uploads\\\/2011\\\/05\\\/cropped-logo-bellunopress-.jpg\",\"width\":512,\"height\":512,\"caption\":\"Bellunopress\"},\"image\":{\"@id\":\"https:\\\/\\\/www.bellunopress.it\\\/#\\\/schema\\\/logo\\\/image\\\/\"},\"sameAs\":[\"https:\\\/\\\/www.facebook.com\\\/profile.php?id=100008943462799\",\"https:\\\/\\\/x.com\\\/bellunopress\",\"https:\\\/\\\/www.linkedin.com\\\/hp\\\/?dnr=JBzUWaJfMUw8vbXJJ2tVW5-I3jZKvC4wsoxE&amp;amp;amp;amp;amp;amp;trk=nav_responsive_tab_home\",\"https:\\\/\\\/www.youtube.com\\\/channel\\\/UCxL0wu1uN0_3_7hGG0306cw\"]},{\"@type\":\"Person\",\"@id\":\"https:\\\/\\\/www.bellunopress.it\\\/#\\\/schema\\\/person\\\/79bb06722b37ece1c03d3e94beb30d73\",\"name\":\"redazione\",\"image\":{\"@type\":\"ImageObject\",\"inLanguage\":\"fr-FR\",\"@id\":\"https:\\\/\\\/secure.gravatar.com\\\/avatar\\\/37d968a2e67a6fd04c169c4bdef102d0bc5d31b2546345219e348575eb80e9a0?s=96&d=mm&r=g\",\"url\":\"https:\\\/\\\/secure.gravatar.com\\\/avatar\\\/37d968a2e67a6fd04c169c4bdef102d0bc5d31b2546345219e348575eb80e9a0?s=96&d=mm&r=g\",\"contentUrl\":\"https:\\\/\\\/secure.gravatar.com\\\/avatar\\\/37d968a2e67a6fd04c169c4bdef102d0bc5d31b2546345219e348575eb80e9a0?s=96&d=mm&r=g\",\"caption\":\"redazione\"},\"sameAs\":[\"http:\\\/\\\/www.bellunopress.it\",\"https:\\\/\\\/x.com\\\/bellunopress\"],\"url\":\"https:\\\/\\\/www.bellunopress.it\\\/fr\\\/author\\\/redazione\\\/\"}]}<\/script>\n<!-- \/ Yoast SEO plugin. -->","yoast_head_json":{"title":"\u201cScegli la speranza\u201d Diventa volontario del Servizio Civile Universale - Bellunopress - Dolomiti","robots":{"index":"index","follow":"follow","max-snippet":"max-snippet:-1","max-image-preview":"max-image-preview:large","max-video-preview":"max-video-preview:-1"},"canonical":"https:\/\/www.bellunopress.it\/fr\/2026\/04\/07\/scegli-la-speranza-diventa-volontario-del-servizio-civile-universale\/","og_locale":"fr_FR","og_type":"article","og_title":"\u201cScegli la speranza\u201d Diventa volontario del Servizio Civile Universale - Bellunopress - Dolomiti","og_description":"Il Centro Italiano di Solidariet\u00e0 di Belluno onlus nell\u2019ambito del Progetto: \u201cOperatori di speranza 2025\u201d del Servizio Civile Universale cod. PTX540026325013209NMTX, ricerca n. 10 volontari di et\u00e0 compresa tra i 18 e i 28 anni da selezionare entro la data di proroga del 16\/04\/2026 ore 14:00. Il Servizio \u00e8 organizzato in: 25 ore settimanali; durata [&hellip;]","og_url":"https:\/\/www.bellunopress.it\/fr\/2026\/04\/07\/scegli-la-speranza-diventa-volontario-del-servizio-civile-universale\/","og_site_name":"Bellunopress - Dolomiti","article_publisher":"https:\/\/www.facebook.com\/profile.php?id=100008943462799","article_published_time":"2026-04-07T14:05:10+00:00","og_image":[{"width":160,"height":35,"url":"https:\/\/www.bellunopress.it\/wp-content\/uploads\/2010\/06\/ceis.gif","type":"image\/gif"}],"author":"redazione","twitter_card":"summary_large_image","twitter_creator":"@bellunopress","twitter_site":"@bellunopress","twitter_misc":{"\u00c9crit par":"redazione","Dur\u00e9e de lecture estim\u00e9e":"1 minute"},"schema":{"@context":"https:\/\/schema.org","@graph":[{"@type":"Article","@id":"https:\/\/www.bellunopress.it\/2026\/04\/07\/scegli-la-speranza-diventa-volontario-del-servizio-civile-universale\/#article","isPartOf":{"@id":"https:\/\/www.bellunopress.it\/2026\/04\/07\/scegli-la-speranza-diventa-volontario-del-servizio-civile-universale\/"},"author":{"name":"redazione","@id":"https:\/\/www.bellunopress.it\/#\/schema\/person\/79bb06722b37ece1c03d3e94beb30d73"},"headline":"\u201cScegli la speranza\u201d Diventa volontario del Servizio Civile Universale","datePublished":"2026-04-07T14:05:10+00:00","mainEntityOfPage":{"@id":"https:\/\/www.bellunopress.it\/2026\/04\/07\/scegli-la-speranza-diventa-volontario-del-servizio-civile-universale\/"},"wordCount":159,"publisher":{"@id":"https:\/\/www.bellunopress.it\/#organization"},"image":{"@id":"https:\/\/www.bellunopress.it\/2026\/04\/07\/scegli-la-speranza-diventa-volontario-del-servizio-civile-universale\/#primaryimage"},"thumbnailUrl":"https:\/\/www.bellunopress.it\/wp-content\/uploads\/2010\/06\/ceis.gif","articleSection":["Societ\u00e0, Associazioni, Istituzioni"],"inLanguage":"fr-FR"},{"@type":"WebPage","@id":"https:\/\/www.bellunopress.it\/2026\/04\/07\/scegli-la-speranza-diventa-volontario-del-servizio-civile-universale\/","url":"https:\/\/www.bellunopress.it\/2026\/04\/07\/scegli-la-speranza-diventa-volontario-del-servizio-civile-universale\/","name":"\u201cScegli la speranza\u201d Diventa volontario del Servizio Civile Universale - Bellunopress - Dolomiti","isPartOf":{"@id":"https:\/\/www.bellunopress.it\/#website"},"primaryImageOfPage":{"@id":"https:\/\/www.bellunopress.it\/2026\/04\/07\/scegli-la-speranza-diventa-volontario-del-servizio-civile-universale\/#primaryimage"},"image":{"@id":"https:\/\/www.bellunopress.it\/2026\/04\/07\/scegli-la-speranza-diventa-volontario-del-servizio-civile-universale\/#primaryimage"},"thumbnailUrl":"https:\/\/www.bellunopress.it\/wp-content\/uploads\/2010\/06\/ceis.gif","datePublished":"2026-04-07T14:05:10+00:00","breadcrumb":{"@id":"https:\/\/www.bellunopress.it\/2026\/04\/07\/scegli-la-speranza-diventa-volontario-del-servizio-civile-universale\/#breadcrumb"},"inLanguage":"fr-FR","potentialAction":[{"@type":"ReadAction","target":["https:\/\/www.bellunopress.it\/2026\/04\/07\/scegli-la-speranza-diventa-volontario-del-servizio-civile-universale\/"]}]},{"@type":"ImageObject","inLanguage":"fr-FR","@id":"https:\/\/www.bellunopress.it\/2026\/04\/07\/scegli-la-speranza-diventa-volontario-del-servizio-civile-universale\/#primaryimage","url":"https:\/\/www.bellunopress.it\/wp-content\/uploads\/2010\/06\/ceis.gif","contentUrl":"https:\/\/www.bellunopress.it\/wp-content\/uploads\/2010\/06\/ceis.gif","width":160,"height":35},{"@type":"BreadcrumbList","@id":"https:\/\/www.bellunopress.it\/2026\/04\/07\/scegli-la-speranza-diventa-volontario-del-servizio-civile-universale\/#breadcrumb","itemListElement":[{"@type":"ListItem","position":1,"name":"Home","item":"https:\/\/www.bellunopress.it\/"},{"@type":"ListItem","position":2,"name":"\u201cScegli la speranza\u201d Diventa volontario del Servizio Civile Universale"}]},{"@type":"WebSite","@id":"https:\/\/www.bellunopress.it\/#website","url":"https:\/\/www.bellunopress.it\/","name":"Bellunopress - Dolomiti","description":"e-mail: redazione@bellunopress.it","publisher":{"@id":"https:\/\/www.bellunopress.it\/#organization"},"potentialAction":[{"@type":"SearchAction","target":{"@type":"EntryPoint","urlTemplate":"https:\/\/www.bellunopress.it\/?s={search_term_string}"},"query-input":{"@type":"PropertyValueSpecification","valueRequired":true,"valueName":"search_term_string"}}],"inLanguage":"fr-FR"},{"@type":"Organization","@id":"https:\/\/www.bellunopress.it\/#organization","name":"Bellunopress","url":"https:\/\/www.bellunopress.it\/","logo":{"@type":"ImageObject","inLanguage":"fr-FR","@id":"https:\/\/www.bellunopress.it\/#\/schema\/logo\/image\/","url":"https:\/\/www.bellunopress.it\/wp-content\/uploads\/2011\/05\/cropped-logo-bellunopress-.jpg","contentUrl":"https:\/\/www.bellunopress.it\/wp-content\/uploads\/2011\/05\/cropped-logo-bellunopress-.jpg","width":512,"height":512,"caption":"Bellunopress"},"image":{"@id":"https:\/\/www.bellunopress.it\/#\/schema\/logo\/image\/"},"sameAs":["https:\/\/www.facebook.com\/profile.php?id=100008943462799","https:\/\/x.com\/bellunopress","https:\/\/www.linkedin.com\/hp\/?dnr=JBzUWaJfMUw8vbXJJ2tVW5-I3jZKvC4wsoxE&amp;amp;amp;amp;amp;amp;trk=nav_responsive_tab_home","https:\/\/www.youtube.com\/channel\/UCxL0wu1uN0_3_7hGG0306cw"]},{"@type":"Person","@id":"https:\/\/www.bellunopress.it\/#\/schema\/person\/79bb06722b37ece1c03d3e94beb30d73","name":"r\u00e9daction","image":{"@type":"ImageObject","inLanguage":"fr-FR","@id":"https:\/\/secure.gravatar.com\/avatar\/37d968a2e67a6fd04c169c4bdef102d0bc5d31b2546345219e348575eb80e9a0?s=96&d=mm&r=g","url":"https:\/\/secure.gravatar.com\/avatar\/37d968a2e67a6fd04c169c4bdef102d0bc5d31b2546345219e348575eb80e9a0?s=96&d=mm&r=g","contentUrl":"https:\/\/secure.gravatar.com\/avatar\/37d968a2e67a6fd04c169c4bdef102d0bc5d31b2546345219e348575eb80e9a0?s=96&d=mm&r=g","caption":"redazione"},"sameAs":["http:\/\/www.bellunopress.it","https:\/\/x.com\/bellunopress"],"url":"https:\/\/www.bellunopress.it\/fr\/author\/redazione\/"}]}},"_links":{"self":[{"href":"https:\/\/www.bellunopress.it\/fr\/wp-json\/wp\/v2\/posts\/168854","targetHints":{"allow":["GET"]}}],"collection":[{"href":"https:\/\/www.bellunopress.it\/fr\/wp-json\/wp\/v2\/posts"}],"about":[{"href":"https:\/\/www.bellunopress.it\/fr\/wp-json\/wp\/v2\/types\/post"}],"author":[{"embeddable":true,"href":"https:\/\/www.bellunopress.it\/fr\/wp-json\/wp\/v2\/users\/2"}],"replies":[{"embeddable":true,"href":"https:\/\/www.bellunopress.it\/fr\/wp-json\/wp\/v2\/comments?post=168854"}],"version-history":[{"count":1,"href":"https:\/\/www.bellunopress.it\/fr\/wp-json\/wp\/v2\/posts\/168854\/revisions"}],"predecessor-version":[{"id":168855,"href":"https:\/\/www.bellunopress.it\/fr\/wp-json\/wp\/v2\/posts\/168854\/revisions\/168855"}],"wp:featuredmedia":[{"embeddable":true,"href":"https:\/\/www.bellunopress.it\/fr\/wp-json\/wp\/v2\/media\/16021"}],"wp:attachment":[{"href":"https:\/\/www.bellunopress.it\/fr\/wp-json\/wp\/v2\/media?parent=168854"}],"wp:term":[{"taxonomy":"category","embeddable":true,"href":"https:\/\/www.bellunopress.it\/fr\/wp-json\/wp\/v2\/categories?post=168854"},{"taxonomy":"post_tag","embeddable":true,"href":"https:\/\/www.bellunopress.it\/fr\/wp-json\/wp\/v2\/tags?post=168854"}],"curies":[{"name":"wp","href":"https:\/\/api.w.org\/{rel}","templated":true}]}}