{"id":168830,"date":"2026-04-06T06:54:18","date_gmt":"2026-04-06T04:54:18","guid":{"rendered":"https:\/\/www.bellunopress.it\/?p=168830"},"modified":"2026-04-07T07:59:13","modified_gmt":"2026-04-07T05:59:13","slug":"mel-borgo-valbelluna-sabato-28-marzo-250-ragazzi-si-sono-confrontati-nella-fase-promozionale-distrettuale-di-atletica-leggera","status":"publish","type":"post","link":"https:\/\/www.bellunopress.it\/fr\/2026\/04\/06\/mel-borgo-valbelluna-sabato-28-marzo-250-ragazzi-si-sono-confrontati-nella-fase-promozionale-distrettuale-di-atletica-leggera\/","title":{"rendered":"Mel Borgo Valbelluna: sabato 28 marzo 250 ragazzi si sono confrontati nella fase promozionale distrettuale di atletica leggera"},"content":{"rendered":"<p>Borgo Valbelluna, 06\/04\/2026 &#8211; Mattinata intensa sabato 28 marzo al centro sportivo di Pagogna di Mel gremito per la fase promozionale distrettuale di atletica leggera che ha visti coinvolti circa 250 ragazzi delle categorie cadetti\/e di seconda e terza media dell&#8217;Istituto Comprensivo di Mel (plessi di Mel e di Lentiai) e l\u2019Istituto Comprensivo di Trichiana (plessi di Trichiana e Limana) in una splendida giornata di sole incorniciata da monti innevati.<\/p>\n<p>L\u2019ottima riuscita della manifestazione \u00e8 stata resa possibile non solo grazie all\u2019impegno delle docenti di educazione motoria, Egle Possamai e Silvia Slongo, e dei numerosi insegnanti coinvolti, ma anche alla collaborazione de La Piave 2000, sempre disponibile a supportare la scuola nelle varie manifestazioni sportive vicine all\u2019atletica, e\u00a0 dell\u2019Istituto Sportivo di Agordo, che ha messo a disposizione una ventina di ragazzi nella veste di giudici di gara coordinati dagli insegnanti Luigi Franzot\u00a0 e Luca Marchet.<\/p>\n<p>Quattro le specialit\u00e0 che hanno visti coinvolti i giovani e promettenti atleti: la velocit\u00e0 su gli 80 m., il salto in lungo, il lancio del vortex e la corsa di resistenza sui 800m. Ogni alunno ha partecipato a due gare: una corsa e un concorso. Momento particolarmente partecipato la prova della staffetta speciale 8&#215;100 anche mista, maschi e femmine insieme, organizzata dai ragazzi di Mel, Lentiai e Limana alla fine della manifestazione: 4 batterie per sei corsie che hanno visto in campo 96 velocisti passarsi il testimone per poi concludere con un emozionante giro di campo tutti insieme anche con alcuni insegnanti.<\/p>\n<p>Per le Premiazioni sono intervenuti i dirigenti dei due istituti Alessandra Nuti e Umberto De Col, atleti di spicco come la campionessa italiana indoor 2025 dei 60 ostacoli Elena Nessenzia, Agnese Possamai atleta olimpica e Ivano Da Canal, della societ\u00e0 Assi Sport, atleta di curling e handbike, e l&#8217;Assessore allo sport di Borgo Valbelluna Herman Beninc\u00e0.<\/p>\n<p>Luned\u00ec 30 si \u00e8 tenuta la fase provinciale di corsa campestre che ha visto salire sul podio Emma Bellumat terza classificata seconda categoria secondarie di primo grado mentre nella staffetta integrata si sono guadagnati la partecipazione alla fase regionale di Vicenza del 10 aprile: Ryan Steave Ndeky accompagnato Nicol\u00f2 Rold e Zineb Hachad con Emma Bellumat.<\/p>\n<p>Di seguito le classifiche e i nomi di coloro che si sono aggiudicati un posto alla fase provinciale di atletica:<\/p>\n<p>&nbsp;<\/p>\n<table width=\"469\">\n<tbody>\n<tr>\n<td colspan=\"5\" width=\"469\">CLASSIFICA FINALE 80M CADETTI<\/td>\n<\/tr>\n<tr>\n<td width=\"95\"><strong>POSIZIONE<\/strong><\/td>\n<td width=\"94\"><strong><em>TEMPO<\/em><\/strong><\/td>\n<td width=\"93\"><strong><em>COGNOME<\/em><\/strong><\/td>\n<td width=\"94\"><strong><em>NOME<\/em><\/strong><\/td>\n<td width=\"93\"><strong><em>SCUOLA<\/em><\/strong><\/td>\n<\/tr>\n<tr>\n<td width=\"95\">1<\/td>\n<td width=\"94\">10,66<\/td>\n<td width=\"93\">DAL MAS<\/td>\n<td width=\"94\">FABIO<\/td>\n<td width=\"93\">TRICHIANA<\/td>\n<\/tr>\n<tr>\n<td width=\"95\">2<\/td>\n<td width=\"94\">10,75<\/td>\n<td width=\"93\">DI LORENZO<\/td>\n<td width=\"94\">DAVIDE<\/td>\n<td width=\"93\">LIMANA<\/td>\n<\/tr>\n<tr>\n<td width=\"95\">3<\/td>\n<td width=\"94\">10,81<\/td>\n<td width=\"93\">DAL MAS<\/td>\n<td width=\"94\">SIMONE<\/td>\n<td width=\"93\">TRICHIANA<\/td>\n<\/tr>\n<\/tbody>\n<\/table>\n<p>&nbsp;<\/p>\n<p>&nbsp;<\/p>\n<table width=\"469\">\n<tbody>\n<tr>\n<td colspan=\"5\" width=\"469\">CLASSIFICA FINALE 80M CADETTI<\/td>\n<\/tr>\n<tr>\n<td width=\"95\"><strong>POSIZIONE<\/strong><\/td>\n<td width=\"94\"><strong><em>TEMPO<\/em><\/strong><\/td>\n<td width=\"93\"><strong><em>COGNOME<\/em><\/strong><\/td>\n<td width=\"94\"><strong><em>NOME<\/em><\/strong><\/td>\n<td width=\"93\"><strong><em>SCUOLA<\/em><\/strong><\/td>\n<\/tr>\n<tr>\n<td width=\"95\">1<\/td>\n<td width=\"94\">11,5<\/td>\n<td width=\"93\">SCARTON<\/td>\n<td width=\"94\">ADELAIDE<\/td>\n<td width=\"93\">MEL<\/td>\n<\/tr>\n<tr>\n<td width=\"95\">2<\/td>\n<td width=\"94\">11,91<\/td>\n<td width=\"93\">CAVACECE<\/td>\n<td width=\"94\">ANGELICE<\/td>\n<td width=\"93\">MEL<\/td>\n<\/tr>\n<tr>\n<td width=\"95\">3<\/td>\n<td width=\"94\">12<\/td>\n<td width=\"93\">COMIOTTO<\/td>\n<td width=\"94\">MARTINA<\/td>\n<td width=\"93\">MEL<\/td>\n<\/tr>\n<\/tbody>\n<\/table>\n<p>&nbsp;<\/p>\n<p>&nbsp;<\/p>\n<p>&nbsp;<\/p>\n<p>LUNGO MASCHILE<\/p>\n<table width=\"750\">\n<tbody>\n<tr>\n<td width=\"55\">1<\/td>\n<td width=\"87\">DAL MAS<\/td>\n<td width=\"87\">SIMONE<\/td>\n<td width=\"95\">TRICHIANA<\/td>\n<td width=\"426\">4,46 m<\/td>\n<\/tr>\n<tr>\n<td width=\"55\">2<\/td>\n<td width=\"87\">GUSATTO<\/td>\n<td width=\"87\">ANDREA<\/td>\n<td width=\"95\">LIMANA<\/td>\n<td width=\"426\">4,45 m<\/td>\n<\/tr>\n<tr>\n<td width=\"55\">3<\/td>\n<td width=\"87\">SOMACAL<\/td>\n<td width=\"87\">RAUL<\/td>\n<td width=\"95\">LENTIAI<\/td>\n<td width=\"426\">4,32 m<\/td>\n<\/tr>\n<\/tbody>\n<\/table>\n<p>&nbsp;<\/p>\n<p>&nbsp;<\/p>\n<table width=\"749\">\n<tbody>\n<tr>\n<td width=\"30\">&nbsp;<\/td>\n<td colspan=\"2\" width=\"214\"><strong>Lungo Cadette<\/strong><\/td>\n<td width=\"132\">&nbsp;<\/td>\n<td width=\"373\">&nbsp;<\/td>\n<\/tr>\n<tr>\n<td width=\"30\">&nbsp;<\/td>\n<td width=\"84\"><strong>Cognome<\/strong><\/td>\n<td width=\"130\"><strong>Nome<\/strong><\/td>\n<td width=\"132\"><strong>\u00c9cole<\/strong><\/td>\n<td width=\"373\"><strong>RISULTATO<\/strong><\/td>\n<\/tr>\n<tr>\n<td width=\"30\">1<\/td>\n<td width=\"84\">CONTE<\/td>\n<td width=\"130\">BEATRICE<\/td>\n<td width=\"132\">LIMANA<\/td>\n<td width=\"373\">4 m<\/td>\n<\/tr>\n<tr>\n<td width=\"30\">2<\/td>\n<td width=\"84\">TRES<\/td>\n<td width=\"130\">LAURA<\/td>\n<td width=\"132\">MEL<\/td>\n<td width=\"373\">3,6 m<\/td>\n<\/tr>\n<tr>\n<td width=\"30\">3<\/td>\n<td width=\"84\">TIEPPO<\/td>\n<td width=\"130\">VIOLETTA Maria<\/td>\n<td width=\"132\">LENTIAI<\/td>\n<td width=\"373\">3,48 m<\/td>\n<\/tr>\n<\/tbody>\n<\/table>\n<p>&nbsp;<\/p>\n<table width=\"750\">\n<tbody>\n<tr>\n<td width=\"36\">&nbsp;<\/td>\n<td colspan=\"2\" width=\"202\"><strong>Vortex Cadette<\/strong><\/td>\n<td width=\"78\">&nbsp;<\/td>\n<td width=\"434\"><strong>RISULTATO<\/strong><\/td>\n<\/tr>\n<tr>\n<td width=\"36\">1<\/td>\n<td width=\"100\">COMIOTTO<\/td>\n<td width=\"102\">MARTINA<\/td>\n<td width=\"78\">MEL<\/td>\n<td width=\"434\">39<\/td>\n<\/tr>\n<tr>\n<td width=\"36\">2<\/td>\n<td width=\"100\">SPANO&#8217;<\/td>\n<td width=\"102\">GIULIA<\/td>\n<td width=\"78\">LIMANA<\/td>\n<td width=\"434\">34<\/td>\n<\/tr>\n<tr>\n<td width=\"36\">3<\/td>\n<td width=\"100\">SITTA<\/td>\n<td width=\"102\">ELEONORA<\/td>\n<td width=\"78\">MEL<\/td>\n<td width=\"434\">32<\/td>\n<\/tr>\n<\/tbody>\n<\/table>\n<p>&nbsp;<\/p>\n<p>&nbsp;<\/p>\n<table width=\"486\">\n<tbody>\n<tr>\n<td colspan=\"2\" width=\"252\"><strong>Vortex Cadetti<\/strong><\/td>\n<td width=\"139\">&nbsp;<\/td>\n<td width=\"94\">&nbsp;<\/td>\n<\/tr>\n<tr>\n<td width=\"95\"><strong>Cognome<\/strong><\/td>\n<td width=\"157\"><strong>Nome<\/strong><\/td>\n<td width=\"139\"><strong>\u00c9cole<\/strong><\/td>\n<td width=\"94\"><strong>RISULTATO<\/strong><\/td>\n<\/tr>\n<tr>\n<td width=\"95\">DAL MAS<\/td>\n<td width=\"157\">FABIO<\/td>\n<td width=\"139\">TRICHIANA<\/td>\n<td width=\"94\">47<\/td>\n<\/tr>\n<tr>\n<td width=\"95\">TIAZZOLDI<\/td>\n<td width=\"157\">DAVIDE<\/td>\n<td width=\"139\">LIMANA<\/td>\n<td width=\"94\">45<\/td>\n<\/tr>\n<tr>\n<td width=\"95\">BALLADORE<\/td>\n<td width=\"157\">RICCARDO<\/td>\n<td width=\"139\">MEL<\/td>\n<td width=\"94\">44<\/td>\n<\/tr>\n<\/tbody>\n<\/table>\n<p>&nbsp;<\/p>\n<p>&nbsp;<\/p>\n<p>800 femm cadette<\/p>\n<table width=\"657\">\n<tbody>\n<tr>\n<td width=\"95\"><strong>POSIZIONE<\/strong><\/td>\n<td width=\"93\"><strong>COGNOME<\/strong><\/td>\n<td width=\"187\"><strong>NOME<\/strong><\/td>\n<td width=\"186\"><strong>ISTITUTO<\/strong><\/td>\n<td width=\"94\"><strong>TEMPO<\/strong><\/td>\n<\/tr>\n<tr>\n<td width=\"95\">1<\/td>\n<td width=\"93\">DAL MAS<\/td>\n<td width=\"187\">VIOLA<\/td>\n<td width=\"186\">TRICHIANA<\/td>\n<td width=\"94\">2,43,52<\/td>\n<\/tr>\n<tr>\n<td width=\"95\">2<\/td>\n<td width=\"93\">SITTA<\/td>\n<td width=\"187\">ELEONORA<\/td>\n<td width=\"186\">MEL<\/td>\n<td width=\"94\">03,01,00<\/td>\n<\/tr>\n<tr>\n<td width=\"95\">3<\/td>\n<td width=\"93\">ZANELLA<\/td>\n<td width=\"187\">MAIA<\/td>\n<td width=\"186\">MEL<\/td>\n<td width=\"94\">03,02,85<\/td>\n<\/tr>\n<\/tbody>\n<\/table>\n<p>&nbsp;<\/p>\n<p>800 masch cadetti<\/p>\n<p>&nbsp;<\/p>\n<table width=\"656\">\n<tbody>\n<tr>\n<td colspan=\"7\" width=\"656\">CLASSIFICA FINALE 800M CADETTI<\/td>\n<\/tr>\n<tr>\n<td width=\"95\"><strong>POSIZIONE<\/strong><\/td>\n<td width=\"93\"><strong>COGNOME<\/strong><\/td>\n<td width=\"93\"><strong>NOME<\/strong><\/td>\n<td width=\"93\"><strong>\u00a0<\/strong><\/td>\n<td width=\"94\"><strong>\u00a0<\/strong><\/td>\n<td width=\"93\"><strong>ISTITUTO<\/strong><\/td>\n<td width=\"93\"><strong>TEMPO<\/strong><\/td>\n<\/tr>\n<tr>\n<td width=\"95\">1<\/td>\n<td width=\"93\">SPADA<\/td>\n<td width=\"93\">NICOLO&#8217;<\/td>\n<td width=\"93\">&nbsp;<\/td>\n<td width=\"94\">&nbsp;<\/td>\n<td width=\"93\">LENTIAI<\/td>\n<td width=\"93\">2,31,47<\/td>\n<\/tr>\n<tr>\n<td width=\"95\">2<\/td>\n<td width=\"93\">DA ROZZE<\/td>\n<td width=\"93\">TOMMASO<\/td>\n<td width=\"93\">&nbsp;<\/td>\n<td width=\"94\">&nbsp;<\/td>\n<td width=\"93\">LIMANA<\/td>\n<td width=\"93\">2,36,47<\/td>\n<\/tr>\n<tr>\n<td width=\"95\">3<\/td>\n<td width=\"93\">BALLADORE<\/td>\n<td width=\"93\">RICCARDO<\/td>\n<td width=\"93\">&nbsp;<\/td>\n<td width=\"94\">&nbsp;<\/td>\n<td width=\"93\">MEL<\/td>\n<td width=\"93\">2,36,83<\/td>\n<\/tr>\n<\/tbody>\n<\/table>\n<p>&nbsp;<\/p>\n<p>&nbsp;<\/p>","protected":false},"excerpt":{"rendered":"<p>Borgo Valbelluna, 06\/04\/2026 &#8211; Mattinata intensa sabato 28 marzo al centro sportivo di Pagogna di Mel gremito per la fase promozionale distrettuale di atletica leggera che ha visti coinvolti circa 250 ragazzi delle categorie cadetti\/e di seconda e terza media dell&#8217;Istituto Comprensivo di Mel (plessi di Mel e di Lentiai) e l\u2019Istituto Comprensivo di Trichiana [&hellip;]<\/p>\n","protected":false},"author":2,"featured_media":158227,"comment_status":"closed","ping_status":"open","sticky":false,"template":"","format":"standard","meta":{"footnotes":""},"categories":[15,4],"tags":[],"class_list":["post-168830","post","type-post","status-publish","format-standard","has-post-thumbnail","category-scuola","category-sport"],"yoast_head":"<!-- This site is optimized with the Yoast SEO plugin v28.4 - https:\/\/yoast.com\/product\/yoast-seo-wordpress\/ -->\n<title>Mel Borgo Valbelluna: sabato 28 marzo 250 ragazzi si sono confrontati nella fase promozionale distrettuale di atletica leggera - Bellunopress - Dolomiti<\/title>\n<meta name=\"robots\" content=\"index, follow, max-snippet:-1, max-image-preview:large, max-video-preview:-1\" \/>\n<link rel=\"canonical\" href=\"https:\/\/www.bellunopress.it\/fr\/2026\/04\/06\/mel-borgo-valbelluna-sabato-28-marzo-250-ragazzi-si-sono-confrontati-nella-fase-promozionale-distrettuale-di-atletica-leggera\/\" \/>\n<meta property=\"og:locale\" content=\"fr_FR\" \/>\n<meta property=\"og:type\" content=\"article\" \/>\n<meta property=\"og:title\" content=\"Mel Borgo Valbelluna: sabato 28 marzo 250 ragazzi si sono confrontati nella fase promozionale distrettuale di atletica leggera - Bellunopress - Dolomiti\" \/>\n<meta property=\"og:description\" content=\"Borgo Valbelluna, 06\/04\/2026 &#8211; Mattinata intensa sabato 28 marzo al centro sportivo di Pagogna di Mel gremito per la fase promozionale distrettuale di atletica leggera che ha visti coinvolti circa 250 ragazzi delle categorie cadetti\/e di seconda e terza media dell&#8217;Istituto Comprensivo di Mel (plessi di Mel e di Lentiai) e l\u2019Istituto Comprensivo di Trichiana [&hellip;]\" \/>\n<meta property=\"og:url\" content=\"https:\/\/www.bellunopress.it\/fr\/2026\/04\/06\/mel-borgo-valbelluna-sabato-28-marzo-250-ragazzi-si-sono-confrontati-nella-fase-promozionale-distrettuale-di-atletica-leggera\/\" \/>\n<meta property=\"og:site_name\" content=\"Bellunopress - Dolomiti\" \/>\n<meta property=\"article:publisher\" content=\"https:\/\/www.facebook.com\/profile.php?id=100008943462799\" \/>\n<meta property=\"article:published_time\" content=\"2026-04-06T04:54:18+00:00\" \/>\n<meta property=\"article:modified_time\" content=\"2026-04-07T05:59:13+00:00\" \/>\n<meta property=\"og:image\" content=\"https:\/\/www.bellunopress.it\/wp-content\/uploads\/2025\/02\/istituto-comprensivo-di-Mel_edited.jpg\" \/>\n\t<meta property=\"og:image:width\" content=\"990\" \/>\n\t<meta property=\"og:image:height\" content=\"542\" \/>\n\t<meta property=\"og:image:type\" content=\"image\/jpeg\" \/>\n<meta name=\"author\" content=\"redazione\" \/>\n<meta name=\"twitter:card\" content=\"summary_large_image\" \/>\n<meta name=\"twitter:creator\" content=\"@bellunopress\" \/>\n<meta name=\"twitter:site\" content=\"@bellunopress\" \/>\n<meta name=\"twitter:label1\" content=\"\u00c9crit par\" \/>\n\t<meta name=\"twitter:data1\" content=\"redazione\" \/>\n\t<meta name=\"twitter:label2\" content=\"Dur\u00e9e de lecture estim\u00e9e\" \/>\n\t<meta name=\"twitter:data2\" content=\"3 minutes\" \/>\n<script type=\"application\/ld+json\" class=\"yoast-schema-graph\">{\"@context\":\"https:\\\/\\\/schema.org\",\"@graph\":[{\"@type\":\"Article\",\"@id\":\"https:\\\/\\\/www.bellunopress.it\\\/2026\\\/04\\\/06\\\/mel-borgo-valbelluna-sabato-28-marzo-250-ragazzi-si-sono-confrontati-nella-fase-promozionale-distrettuale-di-atletica-leggera\\\/#article\",\"isPartOf\":{\"@id\":\"https:\\\/\\\/www.bellunopress.it\\\/2026\\\/04\\\/06\\\/mel-borgo-valbelluna-sabato-28-marzo-250-ragazzi-si-sono-confrontati-nella-fase-promozionale-distrettuale-di-atletica-leggera\\\/\"},\"author\":{\"name\":\"redazione\",\"@id\":\"https:\\\/\\\/www.bellunopress.it\\\/#\\\/schema\\\/person\\\/79bb06722b37ece1c03d3e94beb30d73\"},\"headline\":\"Mel Borgo Valbelluna: sabato 28 marzo 250 ragazzi si sono confrontati nella fase promozionale distrettuale di atletica leggera\",\"datePublished\":\"2026-04-06T04:54:18+00:00\",\"dateModified\":\"2026-04-07T05:59:13+00:00\",\"mainEntityOfPage\":{\"@id\":\"https:\\\/\\\/www.bellunopress.it\\\/2026\\\/04\\\/06\\\/mel-borgo-valbelluna-sabato-28-marzo-250-ragazzi-si-sono-confrontati-nella-fase-promozionale-distrettuale-di-atletica-leggera\\\/\"},\"wordCount\":560,\"publisher\":{\"@id\":\"https:\\\/\\\/www.bellunopress.it\\\/#organization\"},\"image\":{\"@id\":\"https:\\\/\\\/www.bellunopress.it\\\/2026\\\/04\\\/06\\\/mel-borgo-valbelluna-sabato-28-marzo-250-ragazzi-si-sono-confrontati-nella-fase-promozionale-distrettuale-di-atletica-leggera\\\/#primaryimage\"},\"thumbnailUrl\":\"https:\\\/\\\/www.bellunopress.it\\\/wp-content\\\/uploads\\\/2025\\\/02\\\/istituto-comprensivo-di-Mel_edited.jpg\",\"articleSection\":[\"Scuola\",\"Sport, tempo libero\"],\"inLanguage\":\"fr-FR\"},{\"@type\":\"WebPage\",\"@id\":\"https:\\\/\\\/www.bellunopress.it\\\/2026\\\/04\\\/06\\\/mel-borgo-valbelluna-sabato-28-marzo-250-ragazzi-si-sono-confrontati-nella-fase-promozionale-distrettuale-di-atletica-leggera\\\/\",\"url\":\"https:\\\/\\\/www.bellunopress.it\\\/2026\\\/04\\\/06\\\/mel-borgo-valbelluna-sabato-28-marzo-250-ragazzi-si-sono-confrontati-nella-fase-promozionale-distrettuale-di-atletica-leggera\\\/\",\"name\":\"Mel Borgo Valbelluna: sabato 28 marzo 250 ragazzi si sono confrontati nella fase promozionale distrettuale di atletica leggera - Bellunopress - Dolomiti\",\"isPartOf\":{\"@id\":\"https:\\\/\\\/www.bellunopress.it\\\/#website\"},\"primaryImageOfPage\":{\"@id\":\"https:\\\/\\\/www.bellunopress.it\\\/2026\\\/04\\\/06\\\/mel-borgo-valbelluna-sabato-28-marzo-250-ragazzi-si-sono-confrontati-nella-fase-promozionale-distrettuale-di-atletica-leggera\\\/#primaryimage\"},\"image\":{\"@id\":\"https:\\\/\\\/www.bellunopress.it\\\/2026\\\/04\\\/06\\\/mel-borgo-valbelluna-sabato-28-marzo-250-ragazzi-si-sono-confrontati-nella-fase-promozionale-distrettuale-di-atletica-leggera\\\/#primaryimage\"},\"thumbnailUrl\":\"https:\\\/\\\/www.bellunopress.it\\\/wp-content\\\/uploads\\\/2025\\\/02\\\/istituto-comprensivo-di-Mel_edited.jpg\",\"datePublished\":\"2026-04-06T04:54:18+00:00\",\"dateModified\":\"2026-04-07T05:59:13+00:00\",\"breadcrumb\":{\"@id\":\"https:\\\/\\\/www.bellunopress.it\\\/2026\\\/04\\\/06\\\/mel-borgo-valbelluna-sabato-28-marzo-250-ragazzi-si-sono-confrontati-nella-fase-promozionale-distrettuale-di-atletica-leggera\\\/#breadcrumb\"},\"inLanguage\":\"fr-FR\",\"potentialAction\":[{\"@type\":\"ReadAction\",\"target\":[\"https:\\\/\\\/www.bellunopress.it\\\/2026\\\/04\\\/06\\\/mel-borgo-valbelluna-sabato-28-marzo-250-ragazzi-si-sono-confrontati-nella-fase-promozionale-distrettuale-di-atletica-leggera\\\/\"]}]},{\"@type\":\"ImageObject\",\"inLanguage\":\"fr-FR\",\"@id\":\"https:\\\/\\\/www.bellunopress.it\\\/2026\\\/04\\\/06\\\/mel-borgo-valbelluna-sabato-28-marzo-250-ragazzi-si-sono-confrontati-nella-fase-promozionale-distrettuale-di-atletica-leggera\\\/#primaryimage\",\"url\":\"https:\\\/\\\/www.bellunopress.it\\\/wp-content\\\/uploads\\\/2025\\\/02\\\/istituto-comprensivo-di-Mel_edited.jpg\",\"contentUrl\":\"https:\\\/\\\/www.bellunopress.it\\\/wp-content\\\/uploads\\\/2025\\\/02\\\/istituto-comprensivo-di-Mel_edited.jpg\",\"width\":990,\"height\":542,\"caption\":\"Istituto comprensivo di Mel (Borgo Valbelluna)\"},{\"@type\":\"BreadcrumbList\",\"@id\":\"https:\\\/\\\/www.bellunopress.it\\\/2026\\\/04\\\/06\\\/mel-borgo-valbelluna-sabato-28-marzo-250-ragazzi-si-sono-confrontati-nella-fase-promozionale-distrettuale-di-atletica-leggera\\\/#breadcrumb\",\"itemListElement\":[{\"@type\":\"ListItem\",\"position\":1,\"name\":\"Home\",\"item\":\"https:\\\/\\\/www.bellunopress.it\\\/\"},{\"@type\":\"ListItem\",\"position\":2,\"name\":\"Mel Borgo Valbelluna: sabato 28 marzo 250 ragazzi si sono confrontati nella fase promozionale distrettuale di atletica leggera\"}]},{\"@type\":\"WebSite\",\"@id\":\"https:\\\/\\\/www.bellunopress.it\\\/#website\",\"url\":\"https:\\\/\\\/www.bellunopress.it\\\/\",\"name\":\"Bellunopress - Dolomiti\",\"description\":\"e-mail: redazione@bellunopress.it\",\"publisher\":{\"@id\":\"https:\\\/\\\/www.bellunopress.it\\\/#organization\"},\"potentialAction\":[{\"@type\":\"SearchAction\",\"target\":{\"@type\":\"EntryPoint\",\"urlTemplate\":\"https:\\\/\\\/www.bellunopress.it\\\/?s={search_term_string}\"},\"query-input\":{\"@type\":\"PropertyValueSpecification\",\"valueRequired\":true,\"valueName\":\"search_term_string\"}}],\"inLanguage\":\"fr-FR\"},{\"@type\":\"Organization\",\"@id\":\"https:\\\/\\\/www.bellunopress.it\\\/#organization\",\"name\":\"Bellunopress\",\"url\":\"https:\\\/\\\/www.bellunopress.it\\\/\",\"logo\":{\"@type\":\"ImageObject\",\"inLanguage\":\"fr-FR\",\"@id\":\"https:\\\/\\\/www.bellunopress.it\\\/#\\\/schema\\\/logo\\\/image\\\/\",\"url\":\"https:\\\/\\\/www.bellunopress.it\\\/wp-content\\\/uploads\\\/2011\\\/05\\\/cropped-logo-bellunopress-.jpg\",\"contentUrl\":\"https:\\\/\\\/www.bellunopress.it\\\/wp-content\\\/uploads\\\/2011\\\/05\\\/cropped-logo-bellunopress-.jpg\",\"width\":512,\"height\":512,\"caption\":\"Bellunopress\"},\"image\":{\"@id\":\"https:\\\/\\\/www.bellunopress.it\\\/#\\\/schema\\\/logo\\\/image\\\/\"},\"sameAs\":[\"https:\\\/\\\/www.facebook.com\\\/profile.php?id=100008943462799\",\"https:\\\/\\\/x.com\\\/bellunopress\",\"https:\\\/\\\/www.linkedin.com\\\/hp\\\/?dnr=JBzUWaJfMUw8vbXJJ2tVW5-I3jZKvC4wsoxE&amp;amp;amp;amp;amp;amp;trk=nav_responsive_tab_home\",\"https:\\\/\\\/www.youtube.com\\\/channel\\\/UCxL0wu1uN0_3_7hGG0306cw\"]},{\"@type\":\"Person\",\"@id\":\"https:\\\/\\\/www.bellunopress.it\\\/#\\\/schema\\\/person\\\/79bb06722b37ece1c03d3e94beb30d73\",\"name\":\"redazione\",\"image\":{\"@type\":\"ImageObject\",\"inLanguage\":\"fr-FR\",\"@id\":\"https:\\\/\\\/secure.gravatar.com\\\/avatar\\\/37d968a2e67a6fd04c169c4bdef102d0bc5d31b2546345219e348575eb80e9a0?s=96&d=mm&r=g\",\"url\":\"https:\\\/\\\/secure.gravatar.com\\\/avatar\\\/37d968a2e67a6fd04c169c4bdef102d0bc5d31b2546345219e348575eb80e9a0?s=96&d=mm&r=g\",\"contentUrl\":\"https:\\\/\\\/secure.gravatar.com\\\/avatar\\\/37d968a2e67a6fd04c169c4bdef102d0bc5d31b2546345219e348575eb80e9a0?s=96&d=mm&r=g\",\"caption\":\"redazione\"},\"sameAs\":[\"http:\\\/\\\/www.bellunopress.it\",\"https:\\\/\\\/x.com\\\/bellunopress\"],\"url\":\"https:\\\/\\\/www.bellunopress.it\\\/fr\\\/author\\\/redazione\\\/\"}]}<\/script>\n<!-- \/ Yoast SEO plugin. -->","yoast_head_json":{"title":"Mel Borgo Valbelluna: sabato 28 marzo 250 ragazzi si sono confrontati nella fase promozionale distrettuale di atletica leggera - Bellunopress - Dolomiti","robots":{"index":"index","follow":"follow","max-snippet":"max-snippet:-1","max-image-preview":"max-image-preview:large","max-video-preview":"max-video-preview:-1"},"canonical":"https:\/\/www.bellunopress.it\/fr\/2026\/04\/06\/mel-borgo-valbelluna-sabato-28-marzo-250-ragazzi-si-sono-confrontati-nella-fase-promozionale-distrettuale-di-atletica-leggera\/","og_locale":"fr_FR","og_type":"article","og_title":"Mel Borgo Valbelluna: sabato 28 marzo 250 ragazzi si sono confrontati nella fase promozionale distrettuale di atletica leggera - Bellunopress - Dolomiti","og_description":"Borgo Valbelluna, 06\/04\/2026 &#8211; Mattinata intensa sabato 28 marzo al centro sportivo di Pagogna di Mel gremito per la fase promozionale distrettuale di atletica leggera che ha visti coinvolti circa 250 ragazzi delle categorie cadetti\/e di seconda e terza media dell&#8217;Istituto Comprensivo di Mel (plessi di Mel e di Lentiai) e l\u2019Istituto Comprensivo di Trichiana [&hellip;]","og_url":"https:\/\/www.bellunopress.it\/fr\/2026\/04\/06\/mel-borgo-valbelluna-sabato-28-marzo-250-ragazzi-si-sono-confrontati-nella-fase-promozionale-distrettuale-di-atletica-leggera\/","og_site_name":"Bellunopress - Dolomiti","article_publisher":"https:\/\/www.facebook.com\/profile.php?id=100008943462799","article_published_time":"2026-04-06T04:54:18+00:00","article_modified_time":"2026-04-07T05:59:13+00:00","og_image":[{"width":990,"height":542,"url":"https:\/\/www.bellunopress.it\/wp-content\/uploads\/2025\/02\/istituto-comprensivo-di-Mel_edited.jpg","type":"image\/jpeg"}],"author":"redazione","twitter_card":"summary_large_image","twitter_creator":"@bellunopress","twitter_site":"@bellunopress","twitter_misc":{"\u00c9crit par":"redazione","Dur\u00e9e de lecture estim\u00e9e":"3 minutes"},"schema":{"@context":"https:\/\/schema.org","@graph":[{"@type":"Article","@id":"https:\/\/www.bellunopress.it\/2026\/04\/06\/mel-borgo-valbelluna-sabato-28-marzo-250-ragazzi-si-sono-confrontati-nella-fase-promozionale-distrettuale-di-atletica-leggera\/#article","isPartOf":{"@id":"https:\/\/www.bellunopress.it\/2026\/04\/06\/mel-borgo-valbelluna-sabato-28-marzo-250-ragazzi-si-sono-confrontati-nella-fase-promozionale-distrettuale-di-atletica-leggera\/"},"author":{"name":"redazione","@id":"https:\/\/www.bellunopress.it\/#\/schema\/person\/79bb06722b37ece1c03d3e94beb30d73"},"headline":"Mel Borgo Valbelluna: sabato 28 marzo 250 ragazzi si sono confrontati nella fase promozionale distrettuale di atletica leggera","datePublished":"2026-04-06T04:54:18+00:00","dateModified":"2026-04-07T05:59:13+00:00","mainEntityOfPage":{"@id":"https:\/\/www.bellunopress.it\/2026\/04\/06\/mel-borgo-valbelluna-sabato-28-marzo-250-ragazzi-si-sono-confrontati-nella-fase-promozionale-distrettuale-di-atletica-leggera\/"},"wordCount":560,"publisher":{"@id":"https:\/\/www.bellunopress.it\/#organization"},"image":{"@id":"https:\/\/www.bellunopress.it\/2026\/04\/06\/mel-borgo-valbelluna-sabato-28-marzo-250-ragazzi-si-sono-confrontati-nella-fase-promozionale-distrettuale-di-atletica-leggera\/#primaryimage"},"thumbnailUrl":"https:\/\/www.bellunopress.it\/wp-content\/uploads\/2025\/02\/istituto-comprensivo-di-Mel_edited.jpg","articleSection":["Scuola","Sport, tempo libero"],"inLanguage":"fr-FR"},{"@type":"WebPage","@id":"https:\/\/www.bellunopress.it\/2026\/04\/06\/mel-borgo-valbelluna-sabato-28-marzo-250-ragazzi-si-sono-confrontati-nella-fase-promozionale-distrettuale-di-atletica-leggera\/","url":"https:\/\/www.bellunopress.it\/2026\/04\/06\/mel-borgo-valbelluna-sabato-28-marzo-250-ragazzi-si-sono-confrontati-nella-fase-promozionale-distrettuale-di-atletica-leggera\/","name":"Mel Borgo Valbelluna: sabato 28 marzo 250 ragazzi si sono confrontati nella fase promozionale distrettuale di atletica leggera - Bellunopress - Dolomiti","isPartOf":{"@id":"https:\/\/www.bellunopress.it\/#website"},"primaryImageOfPage":{"@id":"https:\/\/www.bellunopress.it\/2026\/04\/06\/mel-borgo-valbelluna-sabato-28-marzo-250-ragazzi-si-sono-confrontati-nella-fase-promozionale-distrettuale-di-atletica-leggera\/#primaryimage"},"image":{"@id":"https:\/\/www.bellunopress.it\/2026\/04\/06\/mel-borgo-valbelluna-sabato-28-marzo-250-ragazzi-si-sono-confrontati-nella-fase-promozionale-distrettuale-di-atletica-leggera\/#primaryimage"},"thumbnailUrl":"https:\/\/www.bellunopress.it\/wp-content\/uploads\/2025\/02\/istituto-comprensivo-di-Mel_edited.jpg","datePublished":"2026-04-06T04:54:18+00:00","dateModified":"2026-04-07T05:59:13+00:00","breadcrumb":{"@id":"https:\/\/www.bellunopress.it\/2026\/04\/06\/mel-borgo-valbelluna-sabato-28-marzo-250-ragazzi-si-sono-confrontati-nella-fase-promozionale-distrettuale-di-atletica-leggera\/#breadcrumb"},"inLanguage":"fr-FR","potentialAction":[{"@type":"ReadAction","target":["https:\/\/www.bellunopress.it\/2026\/04\/06\/mel-borgo-valbelluna-sabato-28-marzo-250-ragazzi-si-sono-confrontati-nella-fase-promozionale-distrettuale-di-atletica-leggera\/"]}]},{"@type":"ImageObject","inLanguage":"fr-FR","@id":"https:\/\/www.bellunopress.it\/2026\/04\/06\/mel-borgo-valbelluna-sabato-28-marzo-250-ragazzi-si-sono-confrontati-nella-fase-promozionale-distrettuale-di-atletica-leggera\/#primaryimage","url":"https:\/\/www.bellunopress.it\/wp-content\/uploads\/2025\/02\/istituto-comprensivo-di-Mel_edited.jpg","contentUrl":"https:\/\/www.bellunopress.it\/wp-content\/uploads\/2025\/02\/istituto-comprensivo-di-Mel_edited.jpg","width":990,"height":542,"caption":"Istituto comprensivo di Mel (Borgo Valbelluna)"},{"@type":"BreadcrumbList","@id":"https:\/\/www.bellunopress.it\/2026\/04\/06\/mel-borgo-valbelluna-sabato-28-marzo-250-ragazzi-si-sono-confrontati-nella-fase-promozionale-distrettuale-di-atletica-leggera\/#breadcrumb","itemListElement":[{"@type":"ListItem","position":1,"name":"Home","item":"https:\/\/www.bellunopress.it\/"},{"@type":"ListItem","position":2,"name":"Mel Borgo Valbelluna: sabato 28 marzo 250 ragazzi si sono confrontati nella fase promozionale distrettuale di atletica leggera"}]},{"@type":"WebSite","@id":"https:\/\/www.bellunopress.it\/#website","url":"https:\/\/www.bellunopress.it\/","name":"Bellunopress - Dolomiti","description":"e-mail: redazione@bellunopress.it","publisher":{"@id":"https:\/\/www.bellunopress.it\/#organization"},"potentialAction":[{"@type":"SearchAction","target":{"@type":"EntryPoint","urlTemplate":"https:\/\/www.bellunopress.it\/?s={search_term_string}"},"query-input":{"@type":"PropertyValueSpecification","valueRequired":true,"valueName":"search_term_string"}}],"inLanguage":"fr-FR"},{"@type":"Organization","@id":"https:\/\/www.bellunopress.it\/#organization","name":"Bellunopress","url":"https:\/\/www.bellunopress.it\/","logo":{"@type":"ImageObject","inLanguage":"fr-FR","@id":"https:\/\/www.bellunopress.it\/#\/schema\/logo\/image\/","url":"https:\/\/www.bellunopress.it\/wp-content\/uploads\/2011\/05\/cropped-logo-bellunopress-.jpg","contentUrl":"https:\/\/www.bellunopress.it\/wp-content\/uploads\/2011\/05\/cropped-logo-bellunopress-.jpg","width":512,"height":512,"caption":"Bellunopress"},"image":{"@id":"https:\/\/www.bellunopress.it\/#\/schema\/logo\/image\/"},"sameAs":["https:\/\/www.facebook.com\/profile.php?id=100008943462799","https:\/\/x.com\/bellunopress","https:\/\/www.linkedin.com\/hp\/?dnr=JBzUWaJfMUw8vbXJJ2tVW5-I3jZKvC4wsoxE&amp;amp;amp;amp;amp;amp;trk=nav_responsive_tab_home","https:\/\/www.youtube.com\/channel\/UCxL0wu1uN0_3_7hGG0306cw"]},{"@type":"Person","@id":"https:\/\/www.bellunopress.it\/#\/schema\/person\/79bb06722b37ece1c03d3e94beb30d73","name":"r\u00e9daction","image":{"@type":"ImageObject","inLanguage":"fr-FR","@id":"https:\/\/secure.gravatar.com\/avatar\/37d968a2e67a6fd04c169c4bdef102d0bc5d31b2546345219e348575eb80e9a0?s=96&d=mm&r=g","url":"https:\/\/secure.gravatar.com\/avatar\/37d968a2e67a6fd04c169c4bdef102d0bc5d31b2546345219e348575eb80e9a0?s=96&d=mm&r=g","contentUrl":"https:\/\/secure.gravatar.com\/avatar\/37d968a2e67a6fd04c169c4bdef102d0bc5d31b2546345219e348575eb80e9a0?s=96&d=mm&r=g","caption":"redazione"},"sameAs":["http:\/\/www.bellunopress.it","https:\/\/x.com\/bellunopress"],"url":"https:\/\/www.bellunopress.it\/fr\/author\/redazione\/"}]}},"_links":{"self":[{"href":"https:\/\/www.bellunopress.it\/fr\/wp-json\/wp\/v2\/posts\/168830","targetHints":{"allow":["GET"]}}],"collection":[{"href":"https:\/\/www.bellunopress.it\/fr\/wp-json\/wp\/v2\/posts"}],"about":[{"href":"https:\/\/www.bellunopress.it\/fr\/wp-json\/wp\/v2\/types\/post"}],"author":[{"embeddable":true,"href":"https:\/\/www.bellunopress.it\/fr\/wp-json\/wp\/v2\/users\/2"}],"replies":[{"embeddable":true,"href":"https:\/\/www.bellunopress.it\/fr\/wp-json\/wp\/v2\/comments?post=168830"}],"version-history":[{"count":1,"href":"https:\/\/www.bellunopress.it\/fr\/wp-json\/wp\/v2\/posts\/168830\/revisions"}],"predecessor-version":[{"id":168831,"href":"https:\/\/www.bellunopress.it\/fr\/wp-json\/wp\/v2\/posts\/168830\/revisions\/168831"}],"wp:featuredmedia":[{"embeddable":true,"href":"https:\/\/www.bellunopress.it\/fr\/wp-json\/wp\/v2\/media\/158227"}],"wp:attachment":[{"href":"https:\/\/www.bellunopress.it\/fr\/wp-json\/wp\/v2\/media?parent=168830"}],"wp:term":[{"taxonomy":"category","embeddable":true,"href":"https:\/\/www.bellunopress.it\/fr\/wp-json\/wp\/v2\/categories?post=168830"},{"taxonomy":"post_tag","embeddable":true,"href":"https:\/\/www.bellunopress.it\/fr\/wp-json\/wp\/v2\/tags?post=168830"}],"curies":[{"name":"wp","href":"https:\/\/api.w.org\/{rel}","templated":true}]}}