{"id":168806,"date":"2026-04-06T09:30:06","date_gmt":"2026-04-06T07:30:06","guid":{"rendered":"https:\/\/www.bellunopress.it\/?p=168806"},"modified":"2026-04-04T21:29:03","modified_gmt":"2026-04-04T19:29:03","slug":"belluno-tra-cronaca-nera-e-storia-tre-cold-case-del-novecento-venerdi-allhotel-dante","status":"publish","type":"post","link":"https:\/\/www.bellunopress.it\/fr\/2026\/04\/06\/belluno-tra-cronaca-nera-e-storia-tre-cold-case-del-novecento-venerdi-allhotel-dante\/","title":{"rendered":"Belluno, tra cronaca nera e storia: tre &#8220;cold case&#8221; del Novecento venerd\u00ec all\u2019Hotel Dante"},"content":{"rendered":"<p>Ponte nelle Alpi, 6 aprile 2026 \u2013 Un viaggio a ritroso nel tempo, tra le pieghe oscure della cronaca nera bellunese del secolo scorso.<\/p>\n<p>Venerd\u00ec 10 aprile, alle ore 18:00, la sala dell\u2019Hotel Dante in localit\u00e0 La Secca di Ponte nelle Alpi ospiter\u00e0 una serata dedicata alla ricostruzione storica e giudiziaria di tre delitti che hanno segnato il territorio.<\/p>\n<p>All\u2019incontro sar\u00e0 presente Roberto De Nart, giornalista e autore dei tre libri, che dialogher\u00e0 con l\u2019avvocato Anna Polifroni, del Foro di Belluno, per svelare i dettagli emersi dalle sue ultime ricerche bibliografiche e d&#8217;archivio.<\/p>\n<p>Non si tratta di semplici romanzi, ma di un lavoro di ricostruzione storica. De Nart ha riportato alla luce queste vicende analizzando gli atti processuali del Tribunale di Belluno, consultando i documenti dell\u2019Archivio di Stato di Venezia e spulciando le cronache dei quotidiani dell\u2019epoca. Il risultato \u00e8 una trilogia della memoria che restituisce dignit\u00e0 alle vittime e analizza le dinamiche sociali del passato.<\/p>\n<p><strong>I tre casi al centro del dibattito<\/strong><\/p>\n<p>Il percorso narrativo proposto dall\u2019autore si articola attraverso tre vicende simbolo del Novecento bellunese:<\/p>\n<p>\u201cLa signora con due pistole\u201d (Alleghe, 1922): Molto pi\u00f9 di un fatto di sangue. \u00c8 la storia di una donna esasperata che, dopo anni di vessazioni, umiliazioni e silenzi imposti, trasforma la violenza nell\u2019ultimo, tragico strumento di ribellione.<\/p>\n<p>\u201cL\u2019inquietante morte di Lea Luzzatto\u201d (Belluno, 1946): Un mistero irrisolto che ancora oggi solleva dubbi. La giovane professoressa fu trovata senza vita nella gelida notte del 17 dicembre. Fu una fatalit\u00e0 o un omicidio? Il racconto ripercorre le tappe di un processo che ha lasciato aperte molte ferite e perplessit\u00e0 nella comunit\u00e0 bellunese.<\/p>\n<p>\u201cOmicidio di Emma Canton\u201d (Sant\u2019Antonio di Tortal, 1933): Una vicenda di sconcertante attualit\u00e0. Nella notte del 5 febbraio 1933, la giovane Emma fu vittima della furia dell&#8217;ex fidanzato. Un delitto efferato che, a distanza di quasi un secolo, presenta le medesime dinamiche e la stessa spietatezza di quelli che oggi definiamo tristemente femminicidi.<\/p>\n<p><strong>Un appuntamento con la memoria<\/strong><\/p>\n<p>L\u2019appuntamento di venerd\u00ec rappresenta un&#8217;occasione unica per riflettere su come la violenza di genere e i misteri giudiziari abbiano attraversato le epoche, restando spesso immutati nella loro tragicit\u00e0. L\u2019ingresso \u00e8 aperto al pubblico interessato ad approfondire una pagina di storia locale che, grazie ai tre libri pubblicati smette di essere solo &#8220;polvere d&#8217;archivio&#8221; per diventare cronaca viva.<\/p>","protected":false},"excerpt":{"rendered":"<p>Ponte nelle Alpi, 6 aprile 2026 \u2013 Un viaggio a ritroso nel tempo, tra le pieghe oscure della cronaca nera bellunese del secolo scorso. Venerd\u00ec 10 aprile, alle ore 18:00, la sala dell\u2019Hotel Dante in localit\u00e0 La Secca di Ponte nelle Alpi ospiter\u00e0 una serata dedicata alla ricostruzione storica e giudiziaria di tre delitti che [&hellip;]<\/p>\n","protected":false},"author":2,"featured_media":168807,"comment_status":"closed","ping_status":"open","sticky":false,"template":"","format":"standard","meta":{"footnotes":""},"categories":[27,3,3446,25],"tags":[],"class_list":["post-168806","post","type-post","status-publish","format-standard","has-post-thumbnail","category-appuntamenti","category-arte-cultura-spettacoli-scienza-archivi","category-featured","category-pausa-caffe"],"yoast_head":"<!-- This site is optimized with the Yoast SEO plugin v28.4 - https:\/\/yoast.com\/product\/yoast-seo-wordpress\/ -->\n<title>Belluno, tra cronaca nera e storia: tre &quot;cold case&quot; del Novecento venerd\u00ec all\u2019Hotel Dante - Bellunopress - Dolomiti<\/title>\n<meta name=\"robots\" content=\"index, follow, max-snippet:-1, max-image-preview:large, max-video-preview:-1\" \/>\n<link rel=\"canonical\" href=\"https:\/\/www.bellunopress.it\/fr\/2026\/04\/06\/belluno-tra-cronaca-nera-e-storia-tre-cold-case-del-novecento-venerdi-allhotel-dante\/\" \/>\n<meta property=\"og:locale\" content=\"fr_FR\" \/>\n<meta property=\"og:type\" content=\"article\" \/>\n<meta property=\"og:title\" content=\"Belluno, tra cronaca nera e storia: tre &quot;cold case&quot; del Novecento venerd\u00ec all\u2019Hotel Dante - Bellunopress - Dolomiti\" \/>\n<meta property=\"og:description\" content=\"Ponte nelle Alpi, 6 aprile 2026 \u2013 Un viaggio a ritroso nel tempo, tra le pieghe oscure della cronaca nera bellunese del secolo scorso. Venerd\u00ec 10 aprile, alle ore 18:00, la sala dell\u2019Hotel Dante in localit\u00e0 La Secca di Ponte nelle Alpi ospiter\u00e0 una serata dedicata alla ricostruzione storica e giudiziaria di tre delitti che [&hellip;]\" \/>\n<meta property=\"og:url\" content=\"https:\/\/www.bellunopress.it\/fr\/2026\/04\/06\/belluno-tra-cronaca-nera-e-storia-tre-cold-case-del-novecento-venerdi-allhotel-dante\/\" \/>\n<meta property=\"og:site_name\" content=\"Bellunopress - Dolomiti\" \/>\n<meta property=\"article:publisher\" content=\"https:\/\/www.facebook.com\/profile.php?id=100008943462799\" \/>\n<meta property=\"article:published_time\" content=\"2026-04-06T07:30:06+00:00\" \/>\n<meta property=\"og:image\" content=\"https:\/\/www.bellunopress.it\/wp-content\/uploads\/2026\/04\/locandina-10-aprile-per-Bellunopress.jpg\" \/>\n\t<meta property=\"og:image:width\" content=\"800\" \/>\n\t<meta property=\"og:image:height\" content=\"446\" \/>\n\t<meta property=\"og:image:type\" content=\"image\/jpeg\" \/>\n<meta name=\"author\" content=\"redazione\" \/>\n<meta name=\"twitter:card\" content=\"summary_large_image\" \/>\n<meta name=\"twitter:creator\" content=\"@bellunopress\" \/>\n<meta name=\"twitter:site\" content=\"@bellunopress\" \/>\n<meta name=\"twitter:label1\" content=\"\u00c9crit par\" \/>\n\t<meta name=\"twitter:data1\" content=\"redazione\" \/>\n\t<meta name=\"twitter:label2\" content=\"Dur\u00e9e de lecture estim\u00e9e\" \/>\n\t<meta name=\"twitter:data2\" content=\"2 minutes\" \/>\n<script type=\"application\/ld+json\" class=\"yoast-schema-graph\">{\"@context\":\"https:\\\/\\\/schema.org\",\"@graph\":[{\"@type\":\"Article\",\"@id\":\"https:\\\/\\\/www.bellunopress.it\\\/2026\\\/04\\\/06\\\/belluno-tra-cronaca-nera-e-storia-tre-cold-case-del-novecento-venerdi-allhotel-dante\\\/#article\",\"isPartOf\":{\"@id\":\"https:\\\/\\\/www.bellunopress.it\\\/2026\\\/04\\\/06\\\/belluno-tra-cronaca-nera-e-storia-tre-cold-case-del-novecento-venerdi-allhotel-dante\\\/\"},\"author\":{\"name\":\"redazione\",\"@id\":\"https:\\\/\\\/www.bellunopress.it\\\/#\\\/schema\\\/person\\\/79bb06722b37ece1c03d3e94beb30d73\"},\"headline\":\"Belluno, tra cronaca nera e storia: tre &#8220;cold case&#8221; del Novecento venerd\u00ec all\u2019Hotel Dante\",\"datePublished\":\"2026-04-06T07:30:06+00:00\",\"mainEntityOfPage\":{\"@id\":\"https:\\\/\\\/www.bellunopress.it\\\/2026\\\/04\\\/06\\\/belluno-tra-cronaca-nera-e-storia-tre-cold-case-del-novecento-venerdi-allhotel-dante\\\/\"},\"wordCount\":399,\"publisher\":{\"@id\":\"https:\\\/\\\/www.bellunopress.it\\\/#organization\"},\"image\":{\"@id\":\"https:\\\/\\\/www.bellunopress.it\\\/2026\\\/04\\\/06\\\/belluno-tra-cronaca-nera-e-storia-tre-cold-case-del-novecento-venerdi-allhotel-dante\\\/#primaryimage\"},\"thumbnailUrl\":\"https:\\\/\\\/www.bellunopress.it\\\/wp-content\\\/uploads\\\/2026\\\/04\\\/locandina-10-aprile-per-Bellunopress.jpg\",\"articleSection\":[\"Appuntamenti, Eventi\",\"Arte, Cultura, Spettacoli, Scienza\",\"Featured\",\"Pausa Caff\u00e8\"],\"inLanguage\":\"fr-FR\"},{\"@type\":\"WebPage\",\"@id\":\"https:\\\/\\\/www.bellunopress.it\\\/2026\\\/04\\\/06\\\/belluno-tra-cronaca-nera-e-storia-tre-cold-case-del-novecento-venerdi-allhotel-dante\\\/\",\"url\":\"https:\\\/\\\/www.bellunopress.it\\\/2026\\\/04\\\/06\\\/belluno-tra-cronaca-nera-e-storia-tre-cold-case-del-novecento-venerdi-allhotel-dante\\\/\",\"name\":\"Belluno, tra cronaca nera e storia: tre \\\"cold case\\\" del Novecento venerd\u00ec all\u2019Hotel Dante - Bellunopress - Dolomiti\",\"isPartOf\":{\"@id\":\"https:\\\/\\\/www.bellunopress.it\\\/#website\"},\"primaryImageOfPage\":{\"@id\":\"https:\\\/\\\/www.bellunopress.it\\\/2026\\\/04\\\/06\\\/belluno-tra-cronaca-nera-e-storia-tre-cold-case-del-novecento-venerdi-allhotel-dante\\\/#primaryimage\"},\"image\":{\"@id\":\"https:\\\/\\\/www.bellunopress.it\\\/2026\\\/04\\\/06\\\/belluno-tra-cronaca-nera-e-storia-tre-cold-case-del-novecento-venerdi-allhotel-dante\\\/#primaryimage\"},\"thumbnailUrl\":\"https:\\\/\\\/www.bellunopress.it\\\/wp-content\\\/uploads\\\/2026\\\/04\\\/locandina-10-aprile-per-Bellunopress.jpg\",\"datePublished\":\"2026-04-06T07:30:06+00:00\",\"breadcrumb\":{\"@id\":\"https:\\\/\\\/www.bellunopress.it\\\/2026\\\/04\\\/06\\\/belluno-tra-cronaca-nera-e-storia-tre-cold-case-del-novecento-venerdi-allhotel-dante\\\/#breadcrumb\"},\"inLanguage\":\"fr-FR\",\"potentialAction\":[{\"@type\":\"ReadAction\",\"target\":[\"https:\\\/\\\/www.bellunopress.it\\\/2026\\\/04\\\/06\\\/belluno-tra-cronaca-nera-e-storia-tre-cold-case-del-novecento-venerdi-allhotel-dante\\\/\"]}]},{\"@type\":\"ImageObject\",\"inLanguage\":\"fr-FR\",\"@id\":\"https:\\\/\\\/www.bellunopress.it\\\/2026\\\/04\\\/06\\\/belluno-tra-cronaca-nera-e-storia-tre-cold-case-del-novecento-venerdi-allhotel-dante\\\/#primaryimage\",\"url\":\"https:\\\/\\\/www.bellunopress.it\\\/wp-content\\\/uploads\\\/2026\\\/04\\\/locandina-10-aprile-per-Bellunopress.jpg\",\"contentUrl\":\"https:\\\/\\\/www.bellunopress.it\\\/wp-content\\\/uploads\\\/2026\\\/04\\\/locandina-10-aprile-per-Bellunopress.jpg\",\"width\":800,\"height\":446},{\"@type\":\"BreadcrumbList\",\"@id\":\"https:\\\/\\\/www.bellunopress.it\\\/2026\\\/04\\\/06\\\/belluno-tra-cronaca-nera-e-storia-tre-cold-case-del-novecento-venerdi-allhotel-dante\\\/#breadcrumb\",\"itemListElement\":[{\"@type\":\"ListItem\",\"position\":1,\"name\":\"Home\",\"item\":\"https:\\\/\\\/www.bellunopress.it\\\/\"},{\"@type\":\"ListItem\",\"position\":2,\"name\":\"Belluno, tra cronaca nera e storia: tre &#8220;cold case&#8221; del Novecento venerd\u00ec all\u2019Hotel Dante\"}]},{\"@type\":\"WebSite\",\"@id\":\"https:\\\/\\\/www.bellunopress.it\\\/#website\",\"url\":\"https:\\\/\\\/www.bellunopress.it\\\/\",\"name\":\"Bellunopress - Dolomiti\",\"description\":\"e-mail: redazione@bellunopress.it\",\"publisher\":{\"@id\":\"https:\\\/\\\/www.bellunopress.it\\\/#organization\"},\"potentialAction\":[{\"@type\":\"SearchAction\",\"target\":{\"@type\":\"EntryPoint\",\"urlTemplate\":\"https:\\\/\\\/www.bellunopress.it\\\/?s={search_term_string}\"},\"query-input\":{\"@type\":\"PropertyValueSpecification\",\"valueRequired\":true,\"valueName\":\"search_term_string\"}}],\"inLanguage\":\"fr-FR\"},{\"@type\":\"Organization\",\"@id\":\"https:\\\/\\\/www.bellunopress.it\\\/#organization\",\"name\":\"Bellunopress\",\"url\":\"https:\\\/\\\/www.bellunopress.it\\\/\",\"logo\":{\"@type\":\"ImageObject\",\"inLanguage\":\"fr-FR\",\"@id\":\"https:\\\/\\\/www.bellunopress.it\\\/#\\\/schema\\\/logo\\\/image\\\/\",\"url\":\"https:\\\/\\\/www.bellunopress.it\\\/wp-content\\\/uploads\\\/2011\\\/05\\\/cropped-logo-bellunopress-.jpg\",\"contentUrl\":\"https:\\\/\\\/www.bellunopress.it\\\/wp-content\\\/uploads\\\/2011\\\/05\\\/cropped-logo-bellunopress-.jpg\",\"width\":512,\"height\":512,\"caption\":\"Bellunopress\"},\"image\":{\"@id\":\"https:\\\/\\\/www.bellunopress.it\\\/#\\\/schema\\\/logo\\\/image\\\/\"},\"sameAs\":[\"https:\\\/\\\/www.facebook.com\\\/profile.php?id=100008943462799\",\"https:\\\/\\\/x.com\\\/bellunopress\",\"https:\\\/\\\/www.linkedin.com\\\/hp\\\/?dnr=JBzUWaJfMUw8vbXJJ2tVW5-I3jZKvC4wsoxE&amp;amp;amp;amp;amp;amp;trk=nav_responsive_tab_home\",\"https:\\\/\\\/www.youtube.com\\\/channel\\\/UCxL0wu1uN0_3_7hGG0306cw\"]},{\"@type\":\"Person\",\"@id\":\"https:\\\/\\\/www.bellunopress.it\\\/#\\\/schema\\\/person\\\/79bb06722b37ece1c03d3e94beb30d73\",\"name\":\"redazione\",\"image\":{\"@type\":\"ImageObject\",\"inLanguage\":\"fr-FR\",\"@id\":\"https:\\\/\\\/secure.gravatar.com\\\/avatar\\\/37d968a2e67a6fd04c169c4bdef102d0bc5d31b2546345219e348575eb80e9a0?s=96&d=mm&r=g\",\"url\":\"https:\\\/\\\/secure.gravatar.com\\\/avatar\\\/37d968a2e67a6fd04c169c4bdef102d0bc5d31b2546345219e348575eb80e9a0?s=96&d=mm&r=g\",\"contentUrl\":\"https:\\\/\\\/secure.gravatar.com\\\/avatar\\\/37d968a2e67a6fd04c169c4bdef102d0bc5d31b2546345219e348575eb80e9a0?s=96&d=mm&r=g\",\"caption\":\"redazione\"},\"sameAs\":[\"http:\\\/\\\/www.bellunopress.it\",\"https:\\\/\\\/x.com\\\/bellunopress\"],\"url\":\"https:\\\/\\\/www.bellunopress.it\\\/fr\\\/author\\\/redazione\\\/\"}]}<\/script>\n<!-- \/ Yoast SEO plugin. -->","yoast_head_json":{"title":"Belluno, tra cronaca nera e storia: tre \"cold case\" del Novecento venerd\u00ec all\u2019Hotel Dante - Bellunopress - Dolomiti","robots":{"index":"index","follow":"follow","max-snippet":"max-snippet:-1","max-image-preview":"max-image-preview:large","max-video-preview":"max-video-preview:-1"},"canonical":"https:\/\/www.bellunopress.it\/fr\/2026\/04\/06\/belluno-tra-cronaca-nera-e-storia-tre-cold-case-del-novecento-venerdi-allhotel-dante\/","og_locale":"fr_FR","og_type":"article","og_title":"Belluno, tra cronaca nera e storia: tre \"cold case\" del Novecento venerd\u00ec all\u2019Hotel Dante - Bellunopress - Dolomiti","og_description":"Ponte nelle Alpi, 6 aprile 2026 \u2013 Un viaggio a ritroso nel tempo, tra le pieghe oscure della cronaca nera bellunese del secolo scorso. Venerd\u00ec 10 aprile, alle ore 18:00, la sala dell\u2019Hotel Dante in localit\u00e0 La Secca di Ponte nelle Alpi ospiter\u00e0 una serata dedicata alla ricostruzione storica e giudiziaria di tre delitti che [&hellip;]","og_url":"https:\/\/www.bellunopress.it\/fr\/2026\/04\/06\/belluno-tra-cronaca-nera-e-storia-tre-cold-case-del-novecento-venerdi-allhotel-dante\/","og_site_name":"Bellunopress - Dolomiti","article_publisher":"https:\/\/www.facebook.com\/profile.php?id=100008943462799","article_published_time":"2026-04-06T07:30:06+00:00","og_image":[{"width":800,"height":446,"url":"https:\/\/www.bellunopress.it\/wp-content\/uploads\/2026\/04\/locandina-10-aprile-per-Bellunopress.jpg","type":"image\/jpeg"}],"author":"redazione","twitter_card":"summary_large_image","twitter_creator":"@bellunopress","twitter_site":"@bellunopress","twitter_misc":{"\u00c9crit par":"redazione","Dur\u00e9e de lecture estim\u00e9e":"2 minutes"},"schema":{"@context":"https:\/\/schema.org","@graph":[{"@type":"Article","@id":"https:\/\/www.bellunopress.it\/2026\/04\/06\/belluno-tra-cronaca-nera-e-storia-tre-cold-case-del-novecento-venerdi-allhotel-dante\/#article","isPartOf":{"@id":"https:\/\/www.bellunopress.it\/2026\/04\/06\/belluno-tra-cronaca-nera-e-storia-tre-cold-case-del-novecento-venerdi-allhotel-dante\/"},"author":{"name":"redazione","@id":"https:\/\/www.bellunopress.it\/#\/schema\/person\/79bb06722b37ece1c03d3e94beb30d73"},"headline":"Belluno, tra cronaca nera e storia: tre &#8220;cold case&#8221; del Novecento venerd\u00ec all\u2019Hotel Dante","datePublished":"2026-04-06T07:30:06+00:00","mainEntityOfPage":{"@id":"https:\/\/www.bellunopress.it\/2026\/04\/06\/belluno-tra-cronaca-nera-e-storia-tre-cold-case-del-novecento-venerdi-allhotel-dante\/"},"wordCount":399,"publisher":{"@id":"https:\/\/www.bellunopress.it\/#organization"},"image":{"@id":"https:\/\/www.bellunopress.it\/2026\/04\/06\/belluno-tra-cronaca-nera-e-storia-tre-cold-case-del-novecento-venerdi-allhotel-dante\/#primaryimage"},"thumbnailUrl":"https:\/\/www.bellunopress.it\/wp-content\/uploads\/2026\/04\/locandina-10-aprile-per-Bellunopress.jpg","articleSection":["Appuntamenti, Eventi","Arte, Cultura, Spettacoli, Scienza","Featured","Pausa Caff\u00e8"],"inLanguage":"fr-FR"},{"@type":"WebPage","@id":"https:\/\/www.bellunopress.it\/2026\/04\/06\/belluno-tra-cronaca-nera-e-storia-tre-cold-case-del-novecento-venerdi-allhotel-dante\/","url":"https:\/\/www.bellunopress.it\/2026\/04\/06\/belluno-tra-cronaca-nera-e-storia-tre-cold-case-del-novecento-venerdi-allhotel-dante\/","name":"Belluno, tra cronaca nera e storia: tre \"cold case\" del Novecento venerd\u00ec all\u2019Hotel Dante - Bellunopress - Dolomiti","isPartOf":{"@id":"https:\/\/www.bellunopress.it\/#website"},"primaryImageOfPage":{"@id":"https:\/\/www.bellunopress.it\/2026\/04\/06\/belluno-tra-cronaca-nera-e-storia-tre-cold-case-del-novecento-venerdi-allhotel-dante\/#primaryimage"},"image":{"@id":"https:\/\/www.bellunopress.it\/2026\/04\/06\/belluno-tra-cronaca-nera-e-storia-tre-cold-case-del-novecento-venerdi-allhotel-dante\/#primaryimage"},"thumbnailUrl":"https:\/\/www.bellunopress.it\/wp-content\/uploads\/2026\/04\/locandina-10-aprile-per-Bellunopress.jpg","datePublished":"2026-04-06T07:30:06+00:00","breadcrumb":{"@id":"https:\/\/www.bellunopress.it\/2026\/04\/06\/belluno-tra-cronaca-nera-e-storia-tre-cold-case-del-novecento-venerdi-allhotel-dante\/#breadcrumb"},"inLanguage":"fr-FR","potentialAction":[{"@type":"ReadAction","target":["https:\/\/www.bellunopress.it\/2026\/04\/06\/belluno-tra-cronaca-nera-e-storia-tre-cold-case-del-novecento-venerdi-allhotel-dante\/"]}]},{"@type":"ImageObject","inLanguage":"fr-FR","@id":"https:\/\/www.bellunopress.it\/2026\/04\/06\/belluno-tra-cronaca-nera-e-storia-tre-cold-case-del-novecento-venerdi-allhotel-dante\/#primaryimage","url":"https:\/\/www.bellunopress.it\/wp-content\/uploads\/2026\/04\/locandina-10-aprile-per-Bellunopress.jpg","contentUrl":"https:\/\/www.bellunopress.it\/wp-content\/uploads\/2026\/04\/locandina-10-aprile-per-Bellunopress.jpg","width":800,"height":446},{"@type":"BreadcrumbList","@id":"https:\/\/www.bellunopress.it\/2026\/04\/06\/belluno-tra-cronaca-nera-e-storia-tre-cold-case-del-novecento-venerdi-allhotel-dante\/#breadcrumb","itemListElement":[{"@type":"ListItem","position":1,"name":"Home","item":"https:\/\/www.bellunopress.it\/"},{"@type":"ListItem","position":2,"name":"Belluno, tra cronaca nera e storia: tre &#8220;cold case&#8221; del Novecento venerd\u00ec all\u2019Hotel Dante"}]},{"@type":"WebSite","@id":"https:\/\/www.bellunopress.it\/#website","url":"https:\/\/www.bellunopress.it\/","name":"Bellunopress - Dolomiti","description":"e-mail: redazione@bellunopress.it","publisher":{"@id":"https:\/\/www.bellunopress.it\/#organization"},"potentialAction":[{"@type":"SearchAction","target":{"@type":"EntryPoint","urlTemplate":"https:\/\/www.bellunopress.it\/?s={search_term_string}"},"query-input":{"@type":"PropertyValueSpecification","valueRequired":true,"valueName":"search_term_string"}}],"inLanguage":"fr-FR"},{"@type":"Organization","@id":"https:\/\/www.bellunopress.it\/#organization","name":"Bellunopress","url":"https:\/\/www.bellunopress.it\/","logo":{"@type":"ImageObject","inLanguage":"fr-FR","@id":"https:\/\/www.bellunopress.it\/#\/schema\/logo\/image\/","url":"https:\/\/www.bellunopress.it\/wp-content\/uploads\/2011\/05\/cropped-logo-bellunopress-.jpg","contentUrl":"https:\/\/www.bellunopress.it\/wp-content\/uploads\/2011\/05\/cropped-logo-bellunopress-.jpg","width":512,"height":512,"caption":"Bellunopress"},"image":{"@id":"https:\/\/www.bellunopress.it\/#\/schema\/logo\/image\/"},"sameAs":["https:\/\/www.facebook.com\/profile.php?id=100008943462799","https:\/\/x.com\/bellunopress","https:\/\/www.linkedin.com\/hp\/?dnr=JBzUWaJfMUw8vbXJJ2tVW5-I3jZKvC4wsoxE&amp;amp;amp;amp;amp;amp;trk=nav_responsive_tab_home","https:\/\/www.youtube.com\/channel\/UCxL0wu1uN0_3_7hGG0306cw"]},{"@type":"Person","@id":"https:\/\/www.bellunopress.it\/#\/schema\/person\/79bb06722b37ece1c03d3e94beb30d73","name":"r\u00e9daction","image":{"@type":"ImageObject","inLanguage":"fr-FR","@id":"https:\/\/secure.gravatar.com\/avatar\/37d968a2e67a6fd04c169c4bdef102d0bc5d31b2546345219e348575eb80e9a0?s=96&d=mm&r=g","url":"https:\/\/secure.gravatar.com\/avatar\/37d968a2e67a6fd04c169c4bdef102d0bc5d31b2546345219e348575eb80e9a0?s=96&d=mm&r=g","contentUrl":"https:\/\/secure.gravatar.com\/avatar\/37d968a2e67a6fd04c169c4bdef102d0bc5d31b2546345219e348575eb80e9a0?s=96&d=mm&r=g","caption":"redazione"},"sameAs":["http:\/\/www.bellunopress.it","https:\/\/x.com\/bellunopress"],"url":"https:\/\/www.bellunopress.it\/fr\/author\/redazione\/"}]}},"_links":{"self":[{"href":"https:\/\/www.bellunopress.it\/fr\/wp-json\/wp\/v2\/posts\/168806","targetHints":{"allow":["GET"]}}],"collection":[{"href":"https:\/\/www.bellunopress.it\/fr\/wp-json\/wp\/v2\/posts"}],"about":[{"href":"https:\/\/www.bellunopress.it\/fr\/wp-json\/wp\/v2\/types\/post"}],"author":[{"embeddable":true,"href":"https:\/\/www.bellunopress.it\/fr\/wp-json\/wp\/v2\/users\/2"}],"replies":[{"embeddable":true,"href":"https:\/\/www.bellunopress.it\/fr\/wp-json\/wp\/v2\/comments?post=168806"}],"version-history":[{"count":1,"href":"https:\/\/www.bellunopress.it\/fr\/wp-json\/wp\/v2\/posts\/168806\/revisions"}],"predecessor-version":[{"id":168808,"href":"https:\/\/www.bellunopress.it\/fr\/wp-json\/wp\/v2\/posts\/168806\/revisions\/168808"}],"wp:featuredmedia":[{"embeddable":true,"href":"https:\/\/www.bellunopress.it\/fr\/wp-json\/wp\/v2\/media\/168807"}],"wp:attachment":[{"href":"https:\/\/www.bellunopress.it\/fr\/wp-json\/wp\/v2\/media?parent=168806"}],"wp:term":[{"taxonomy":"category","embeddable":true,"href":"https:\/\/www.bellunopress.it\/fr\/wp-json\/wp\/v2\/categories?post=168806"},{"taxonomy":"post_tag","embeddable":true,"href":"https:\/\/www.bellunopress.it\/fr\/wp-json\/wp\/v2\/tags?post=168806"}],"curies":[{"name":"wp","href":"https:\/\/api.w.org\/{rel}","templated":true}]}}