{"id":168787,"date":"2026-04-04T14:03:58","date_gmt":"2026-04-04T12:03:58","guid":{"rendered":"https:\/\/www.bellunopress.it\/?p=168787"},"modified":"2026-04-04T14:03:58","modified_gmt":"2026-04-04T12:03:58","slug":"in-cammino-oltre-le-barriere","status":"publish","type":"post","link":"https:\/\/www.bellunopress.it\/fr\/2026\/04\/04\/in-cammino-oltre-le-barriere\/","title":{"rendered":"In cammino oltre le barriere"},"content":{"rendered":"<p><strong>Borgo Valbelluna : Venerd\u00ec 10 aprile, ore 20.45, Auditorium S. Pietro Mel: Camminando Festival, esperienze, sensazioni, emozioni incontra Lola Delnevo per camminare oltre le barriere\u00a0<\/strong><\/p>\n<p>Riprendono gli appuntamenti culturali di Camminando Festival, esperienze, sensazioni, emozioni con tre venerd\u00ec dedicati ad atleti, scrittori, giornalisti.<br \/>\nSi parte venerd\u00ec 10 aprile alle 20.45, Auditorium S. Pietro Mel, con In cammino oltre le barriere insieme alla viaggiatrice, esploratrice e alpinista disabile Eleonora Delnevo e le immagini delle sue spettacolari avventure.<\/p>\n<p>Classe 1980, Lola, come tutti la conoscono, \u00e8 consulente ambientale e da sempre sportiva per passione. Oltre all\u2019alpinismo ha praticato molti sport diventando la seconda donna a far parte dello storico e prestigioso gruppo dei Ragni di Lecco. Nel 2015 la sua vita cambia drammaticamente: un incidente lungo una cascata di ghiaccio, che crolla completamente addosso a lei e ai suoi compagni di scalata, le fa perdere irrimediabilmente l&#8217;uso delle gambe.<br \/>\nIl trauma sembra insuperabile, ma grazie anche alle sorella gemella e agli amici decide che non deve arrendersi e che piangersi addosso non porter\u00e0 da nessuna parte.<\/p>\n<p>Impara a distinguere che cosa pu\u00f2 fare e ci\u00f2 che deve mettere da parte, perch\u00e9 solo tentarci le fa male. Male fuori e male dentro. Certi gesti le saranno per sempre preclusi e questo \u00e8 un dato di fatto che pu\u00f2 solo accettare.<\/p>\n<p>Saranno sempre i suoi amici a creare la condizione giusta per ripartire: una discesa in canoa. Da l\u00ec la nuova vita, Lola back to the top questo il motto che l\u2019accompagna senza pi\u00f9 guardare indietro al passato e che le ha permesso di andare avanti.<br \/>\nRiprende a viaggiare e a mettersi alla prova anche arrampicando: nel 2018 sale l\u2019iconica via Zodiac a El Capitan nella Yosemite Valley in California. Nel 2023 attraversa la Patagonia in handbike da El Chalten a Ushuaia. e intanto continua ad andare in kayak sino a discendere nel 2024 il fiume Yukon in Canada.<\/p>\n<p>E perch\u00e9 smettere di sognare quando si pu\u00f2 continuare a farlo, magari in modo diverso? Bisogna camminare oltre le barriere, che a volte non sono solo fisiche, ma mentali e anche culturali. Questo il messaggio che dar\u00e0 in sala ai presenti e l\u2019indomani anche ai ragazzi delle classi seconde delle secondarie di Mel e Lentiai. Infatti non poteva mancare quel coniugare disabilit\u00e0 e mondo della scuola, che da sempre ha caratterizzato Camminando Festival. Oltre a Lola la mattina di sabato 11 aprile i ragazzi incontreranno gli Spingitori Inaffidabili Aps che da molti anni si impegnano ad accompagnare persone che non possono camminare a manifestazioni sportive anche di corsa. Una realt\u00e0 solida e importante in provincia, riferimento per molti disabili che vogliano provare l\u2019ebrezza magari di correre anche una maratona. Insieme a loro e a Lola i ragazzi chiuderanno la mattinanta andandi in cammino oltre le barriere lungo un percorso appositamente pensato.<\/p>\n<p><strong>I prossimi appuntamenti:<\/strong><br \/>\nVenerd\u00ec 17 aprile:18:30 \u2013 Biblioteca Trichiana \u2013 Borgo Valbelluna verr\u00e0 presentato il libro Nessuno dei miei passi \u00e8 stato inutile dello scrittore camminatore Massimo Bernardi.<br \/>\nVenerd\u00ec 24 aprile: 20:45 \u2013 Sala Auditorium di San Pietro &#8211; Mel \u2013 Borgo Valbelluna. un grande ritorno con Andrea Bianchi, fondatore de Il silenzio dei passi prima scuola di barefoot hiking e del Metodo Hot Mind. che presenter\u00e0 il libro L\u2019importanza del camminare, mentre l\u2019indomani camminata esperienziale insieme a lui lungo l\u2019incantevole e misterioso percorso di CAVARNERE<\/p>","protected":false},"excerpt":{"rendered":"<p>Borgo Valbelluna : Venerd\u00ec 10 aprile, ore 20.45, Auditorium S. Pietro Mel: Camminando Festival, esperienze, sensazioni, emozioni incontra Lola Delnevo per camminare oltre le barriere\u00a0 Riprendono gli appuntamenti culturali di Camminando Festival, esperienze, sensazioni, emozioni con tre venerd\u00ec dedicati ad atleti, scrittori, giornalisti. Si parte venerd\u00ec 10 aprile alle 20.45, Auditorium S. Pietro Mel, con [&hellip;]<\/p>\n","protected":false},"author":2,"featured_media":168788,"comment_status":"closed","ping_status":"open","sticky":false,"template":"","format":"standard","meta":{"footnotes":""},"categories":[27,3,25],"tags":[],"class_list":["post-168787","post","type-post","status-publish","format-standard","has-post-thumbnail","category-appuntamenti","category-arte-cultura-spettacoli-scienza-archivi","category-pausa-caffe"],"yoast_head":"<!-- This site is optimized with the Yoast SEO plugin v28.4 - https:\/\/yoast.com\/product\/yoast-seo-wordpress\/ -->\n<title>In cammino oltre le barriere - Bellunopress - Dolomiti<\/title>\n<meta name=\"robots\" content=\"index, follow, max-snippet:-1, max-image-preview:large, max-video-preview:-1\" \/>\n<link rel=\"canonical\" href=\"https:\/\/www.bellunopress.it\/fr\/2026\/04\/04\/in-cammino-oltre-le-barriere\/\" \/>\n<meta property=\"og:locale\" content=\"fr_FR\" \/>\n<meta property=\"og:type\" content=\"article\" \/>\n<meta property=\"og:title\" content=\"In cammino oltre le barriere - Bellunopress - Dolomiti\" \/>\n<meta property=\"og:description\" content=\"Borgo Valbelluna : Venerd\u00ec 10 aprile, ore 20.45, Auditorium S. Pietro Mel: Camminando Festival, esperienze, sensazioni, emozioni incontra Lola Delnevo per camminare oltre le barriere\u00a0 Riprendono gli appuntamenti culturali di Camminando Festival, esperienze, sensazioni, emozioni con tre venerd\u00ec dedicati ad atleti, scrittori, giornalisti. Si parte venerd\u00ec 10 aprile alle 20.45, Auditorium S. Pietro Mel, con [&hellip;]\" \/>\n<meta property=\"og:url\" content=\"https:\/\/www.bellunopress.it\/fr\/2026\/04\/04\/in-cammino-oltre-le-barriere\/\" \/>\n<meta property=\"og:site_name\" content=\"Bellunopress - Dolomiti\" \/>\n<meta property=\"article:publisher\" content=\"https:\/\/www.facebook.com\/profile.php?id=100008943462799\" \/>\n<meta property=\"article:published_time\" content=\"2026-04-04T12:03:58+00:00\" \/>\n<meta property=\"og:image\" content=\"https:\/\/www.bellunopress.it\/wp-content\/uploads\/2026\/04\/Locandina-Lola.jpeg\" \/>\n\t<meta property=\"og:image:width\" content=\"353\" \/>\n\t<meta property=\"og:image:height\" content=\"500\" \/>\n\t<meta property=\"og:image:type\" content=\"image\/jpeg\" \/>\n<meta name=\"author\" content=\"redazione\" \/>\n<meta name=\"twitter:card\" content=\"summary_large_image\" \/>\n<meta name=\"twitter:creator\" content=\"@bellunopress\" \/>\n<meta name=\"twitter:site\" content=\"@bellunopress\" \/>\n<meta name=\"twitter:label1\" content=\"\u00c9crit par\" \/>\n\t<meta name=\"twitter:data1\" content=\"redazione\" \/>\n\t<meta name=\"twitter:label2\" content=\"Dur\u00e9e de lecture estim\u00e9e\" \/>\n\t<meta name=\"twitter:data2\" content=\"3 minutes\" \/>\n<script type=\"application\/ld+json\" class=\"yoast-schema-graph\">{\"@context\":\"https:\\\/\\\/schema.org\",\"@graph\":[{\"@type\":\"Article\",\"@id\":\"https:\\\/\\\/www.bellunopress.it\\\/2026\\\/04\\\/04\\\/in-cammino-oltre-le-barriere\\\/#article\",\"isPartOf\":{\"@id\":\"https:\\\/\\\/www.bellunopress.it\\\/2026\\\/04\\\/04\\\/in-cammino-oltre-le-barriere\\\/\"},\"author\":{\"name\":\"redazione\",\"@id\":\"https:\\\/\\\/www.bellunopress.it\\\/#\\\/schema\\\/person\\\/79bb06722b37ece1c03d3e94beb30d73\"},\"headline\":\"In cammino oltre le barriere\",\"datePublished\":\"2026-04-04T12:03:58+00:00\",\"mainEntityOfPage\":{\"@id\":\"https:\\\/\\\/www.bellunopress.it\\\/2026\\\/04\\\/04\\\/in-cammino-oltre-le-barriere\\\/\"},\"wordCount\":545,\"publisher\":{\"@id\":\"https:\\\/\\\/www.bellunopress.it\\\/#organization\"},\"image\":{\"@id\":\"https:\\\/\\\/www.bellunopress.it\\\/2026\\\/04\\\/04\\\/in-cammino-oltre-le-barriere\\\/#primaryimage\"},\"thumbnailUrl\":\"https:\\\/\\\/www.bellunopress.it\\\/wp-content\\\/uploads\\\/2026\\\/04\\\/Locandina-Lola.jpeg\",\"articleSection\":[\"Appuntamenti, Eventi\",\"Arte, Cultura, Spettacoli, Scienza\",\"Pausa Caff\u00e8\"],\"inLanguage\":\"fr-FR\"},{\"@type\":\"WebPage\",\"@id\":\"https:\\\/\\\/www.bellunopress.it\\\/2026\\\/04\\\/04\\\/in-cammino-oltre-le-barriere\\\/\",\"url\":\"https:\\\/\\\/www.bellunopress.it\\\/2026\\\/04\\\/04\\\/in-cammino-oltre-le-barriere\\\/\",\"name\":\"In cammino oltre le barriere - Bellunopress - Dolomiti\",\"isPartOf\":{\"@id\":\"https:\\\/\\\/www.bellunopress.it\\\/#website\"},\"primaryImageOfPage\":{\"@id\":\"https:\\\/\\\/www.bellunopress.it\\\/2026\\\/04\\\/04\\\/in-cammino-oltre-le-barriere\\\/#primaryimage\"},\"image\":{\"@id\":\"https:\\\/\\\/www.bellunopress.it\\\/2026\\\/04\\\/04\\\/in-cammino-oltre-le-barriere\\\/#primaryimage\"},\"thumbnailUrl\":\"https:\\\/\\\/www.bellunopress.it\\\/wp-content\\\/uploads\\\/2026\\\/04\\\/Locandina-Lola.jpeg\",\"datePublished\":\"2026-04-04T12:03:58+00:00\",\"breadcrumb\":{\"@id\":\"https:\\\/\\\/www.bellunopress.it\\\/2026\\\/04\\\/04\\\/in-cammino-oltre-le-barriere\\\/#breadcrumb\"},\"inLanguage\":\"fr-FR\",\"potentialAction\":[{\"@type\":\"ReadAction\",\"target\":[\"https:\\\/\\\/www.bellunopress.it\\\/2026\\\/04\\\/04\\\/in-cammino-oltre-le-barriere\\\/\"]}]},{\"@type\":\"ImageObject\",\"inLanguage\":\"fr-FR\",\"@id\":\"https:\\\/\\\/www.bellunopress.it\\\/2026\\\/04\\\/04\\\/in-cammino-oltre-le-barriere\\\/#primaryimage\",\"url\":\"https:\\\/\\\/www.bellunopress.it\\\/wp-content\\\/uploads\\\/2026\\\/04\\\/Locandina-Lola.jpeg\",\"contentUrl\":\"https:\\\/\\\/www.bellunopress.it\\\/wp-content\\\/uploads\\\/2026\\\/04\\\/Locandina-Lola.jpeg\",\"width\":353,\"height\":500},{\"@type\":\"BreadcrumbList\",\"@id\":\"https:\\\/\\\/www.bellunopress.it\\\/2026\\\/04\\\/04\\\/in-cammino-oltre-le-barriere\\\/#breadcrumb\",\"itemListElement\":[{\"@type\":\"ListItem\",\"position\":1,\"name\":\"Home\",\"item\":\"https:\\\/\\\/www.bellunopress.it\\\/\"},{\"@type\":\"ListItem\",\"position\":2,\"name\":\"In cammino oltre le barriere\"}]},{\"@type\":\"WebSite\",\"@id\":\"https:\\\/\\\/www.bellunopress.it\\\/#website\",\"url\":\"https:\\\/\\\/www.bellunopress.it\\\/\",\"name\":\"Bellunopress - Dolomiti\",\"description\":\"e-mail: redazione@bellunopress.it\",\"publisher\":{\"@id\":\"https:\\\/\\\/www.bellunopress.it\\\/#organization\"},\"potentialAction\":[{\"@type\":\"SearchAction\",\"target\":{\"@type\":\"EntryPoint\",\"urlTemplate\":\"https:\\\/\\\/www.bellunopress.it\\\/?s={search_term_string}\"},\"query-input\":{\"@type\":\"PropertyValueSpecification\",\"valueRequired\":true,\"valueName\":\"search_term_string\"}}],\"inLanguage\":\"fr-FR\"},{\"@type\":\"Organization\",\"@id\":\"https:\\\/\\\/www.bellunopress.it\\\/#organization\",\"name\":\"Bellunopress\",\"url\":\"https:\\\/\\\/www.bellunopress.it\\\/\",\"logo\":{\"@type\":\"ImageObject\",\"inLanguage\":\"fr-FR\",\"@id\":\"https:\\\/\\\/www.bellunopress.it\\\/#\\\/schema\\\/logo\\\/image\\\/\",\"url\":\"https:\\\/\\\/www.bellunopress.it\\\/wp-content\\\/uploads\\\/2011\\\/05\\\/cropped-logo-bellunopress-.jpg\",\"contentUrl\":\"https:\\\/\\\/www.bellunopress.it\\\/wp-content\\\/uploads\\\/2011\\\/05\\\/cropped-logo-bellunopress-.jpg\",\"width\":512,\"height\":512,\"caption\":\"Bellunopress\"},\"image\":{\"@id\":\"https:\\\/\\\/www.bellunopress.it\\\/#\\\/schema\\\/logo\\\/image\\\/\"},\"sameAs\":[\"https:\\\/\\\/www.facebook.com\\\/profile.php?id=100008943462799\",\"https:\\\/\\\/x.com\\\/bellunopress\",\"https:\\\/\\\/www.linkedin.com\\\/hp\\\/?dnr=JBzUWaJfMUw8vbXJJ2tVW5-I3jZKvC4wsoxE&amp;amp;amp;amp;amp;amp;trk=nav_responsive_tab_home\",\"https:\\\/\\\/www.youtube.com\\\/channel\\\/UCxL0wu1uN0_3_7hGG0306cw\"]},{\"@type\":\"Person\",\"@id\":\"https:\\\/\\\/www.bellunopress.it\\\/#\\\/schema\\\/person\\\/79bb06722b37ece1c03d3e94beb30d73\",\"name\":\"redazione\",\"image\":{\"@type\":\"ImageObject\",\"inLanguage\":\"fr-FR\",\"@id\":\"https:\\\/\\\/secure.gravatar.com\\\/avatar\\\/37d968a2e67a6fd04c169c4bdef102d0bc5d31b2546345219e348575eb80e9a0?s=96&d=mm&r=g\",\"url\":\"https:\\\/\\\/secure.gravatar.com\\\/avatar\\\/37d968a2e67a6fd04c169c4bdef102d0bc5d31b2546345219e348575eb80e9a0?s=96&d=mm&r=g\",\"contentUrl\":\"https:\\\/\\\/secure.gravatar.com\\\/avatar\\\/37d968a2e67a6fd04c169c4bdef102d0bc5d31b2546345219e348575eb80e9a0?s=96&d=mm&r=g\",\"caption\":\"redazione\"},\"sameAs\":[\"http:\\\/\\\/www.bellunopress.it\",\"https:\\\/\\\/x.com\\\/bellunopress\"],\"url\":\"https:\\\/\\\/www.bellunopress.it\\\/fr\\\/author\\\/redazione\\\/\"}]}<\/script>\n<!-- \/ Yoast SEO plugin. -->","yoast_head_json":{"title":"In cammino oltre le barriere - Bellunopress - Dolomiti","robots":{"index":"index","follow":"follow","max-snippet":"max-snippet:-1","max-image-preview":"max-image-preview:large","max-video-preview":"max-video-preview:-1"},"canonical":"https:\/\/www.bellunopress.it\/fr\/2026\/04\/04\/in-cammino-oltre-le-barriere\/","og_locale":"fr_FR","og_type":"article","og_title":"In cammino oltre le barriere - Bellunopress - Dolomiti","og_description":"Borgo Valbelluna : Venerd\u00ec 10 aprile, ore 20.45, Auditorium S. Pietro Mel: Camminando Festival, esperienze, sensazioni, emozioni incontra Lola Delnevo per camminare oltre le barriere\u00a0 Riprendono gli appuntamenti culturali di Camminando Festival, esperienze, sensazioni, emozioni con tre venerd\u00ec dedicati ad atleti, scrittori, giornalisti. Si parte venerd\u00ec 10 aprile alle 20.45, Auditorium S. Pietro Mel, con [&hellip;]","og_url":"https:\/\/www.bellunopress.it\/fr\/2026\/04\/04\/in-cammino-oltre-le-barriere\/","og_site_name":"Bellunopress - Dolomiti","article_publisher":"https:\/\/www.facebook.com\/profile.php?id=100008943462799","article_published_time":"2026-04-04T12:03:58+00:00","og_image":[{"width":353,"height":500,"url":"https:\/\/www.bellunopress.it\/wp-content\/uploads\/2026\/04\/Locandina-Lola.jpeg","type":"image\/jpeg"}],"author":"redazione","twitter_card":"summary_large_image","twitter_creator":"@bellunopress","twitter_site":"@bellunopress","twitter_misc":{"\u00c9crit par":"redazione","Dur\u00e9e de lecture estim\u00e9e":"3 minutes"},"schema":{"@context":"https:\/\/schema.org","@graph":[{"@type":"Article","@id":"https:\/\/www.bellunopress.it\/2026\/04\/04\/in-cammino-oltre-le-barriere\/#article","isPartOf":{"@id":"https:\/\/www.bellunopress.it\/2026\/04\/04\/in-cammino-oltre-le-barriere\/"},"author":{"name":"redazione","@id":"https:\/\/www.bellunopress.it\/#\/schema\/person\/79bb06722b37ece1c03d3e94beb30d73"},"headline":"In cammino oltre le barriere","datePublished":"2026-04-04T12:03:58+00:00","mainEntityOfPage":{"@id":"https:\/\/www.bellunopress.it\/2026\/04\/04\/in-cammino-oltre-le-barriere\/"},"wordCount":545,"publisher":{"@id":"https:\/\/www.bellunopress.it\/#organization"},"image":{"@id":"https:\/\/www.bellunopress.it\/2026\/04\/04\/in-cammino-oltre-le-barriere\/#primaryimage"},"thumbnailUrl":"https:\/\/www.bellunopress.it\/wp-content\/uploads\/2026\/04\/Locandina-Lola.jpeg","articleSection":["Appuntamenti, Eventi","Arte, Cultura, Spettacoli, Scienza","Pausa Caff\u00e8"],"inLanguage":"fr-FR"},{"@type":"WebPage","@id":"https:\/\/www.bellunopress.it\/2026\/04\/04\/in-cammino-oltre-le-barriere\/","url":"https:\/\/www.bellunopress.it\/2026\/04\/04\/in-cammino-oltre-le-barriere\/","name":"In cammino oltre le barriere - Bellunopress - Dolomiti","isPartOf":{"@id":"https:\/\/www.bellunopress.it\/#website"},"primaryImageOfPage":{"@id":"https:\/\/www.bellunopress.it\/2026\/04\/04\/in-cammino-oltre-le-barriere\/#primaryimage"},"image":{"@id":"https:\/\/www.bellunopress.it\/2026\/04\/04\/in-cammino-oltre-le-barriere\/#primaryimage"},"thumbnailUrl":"https:\/\/www.bellunopress.it\/wp-content\/uploads\/2026\/04\/Locandina-Lola.jpeg","datePublished":"2026-04-04T12:03:58+00:00","breadcrumb":{"@id":"https:\/\/www.bellunopress.it\/2026\/04\/04\/in-cammino-oltre-le-barriere\/#breadcrumb"},"inLanguage":"fr-FR","potentialAction":[{"@type":"ReadAction","target":["https:\/\/www.bellunopress.it\/2026\/04\/04\/in-cammino-oltre-le-barriere\/"]}]},{"@type":"ImageObject","inLanguage":"fr-FR","@id":"https:\/\/www.bellunopress.it\/2026\/04\/04\/in-cammino-oltre-le-barriere\/#primaryimage","url":"https:\/\/www.bellunopress.it\/wp-content\/uploads\/2026\/04\/Locandina-Lola.jpeg","contentUrl":"https:\/\/www.bellunopress.it\/wp-content\/uploads\/2026\/04\/Locandina-Lola.jpeg","width":353,"height":500},{"@type":"BreadcrumbList","@id":"https:\/\/www.bellunopress.it\/2026\/04\/04\/in-cammino-oltre-le-barriere\/#breadcrumb","itemListElement":[{"@type":"ListItem","position":1,"name":"Home","item":"https:\/\/www.bellunopress.it\/"},{"@type":"ListItem","position":2,"name":"In cammino oltre le barriere"}]},{"@type":"WebSite","@id":"https:\/\/www.bellunopress.it\/#website","url":"https:\/\/www.bellunopress.it\/","name":"Bellunopress - Dolomiti","description":"e-mail: redazione@bellunopress.it","publisher":{"@id":"https:\/\/www.bellunopress.it\/#organization"},"potentialAction":[{"@type":"SearchAction","target":{"@type":"EntryPoint","urlTemplate":"https:\/\/www.bellunopress.it\/?s={search_term_string}"},"query-input":{"@type":"PropertyValueSpecification","valueRequired":true,"valueName":"search_term_string"}}],"inLanguage":"fr-FR"},{"@type":"Organization","@id":"https:\/\/www.bellunopress.it\/#organization","name":"Bellunopress","url":"https:\/\/www.bellunopress.it\/","logo":{"@type":"ImageObject","inLanguage":"fr-FR","@id":"https:\/\/www.bellunopress.it\/#\/schema\/logo\/image\/","url":"https:\/\/www.bellunopress.it\/wp-content\/uploads\/2011\/05\/cropped-logo-bellunopress-.jpg","contentUrl":"https:\/\/www.bellunopress.it\/wp-content\/uploads\/2011\/05\/cropped-logo-bellunopress-.jpg","width":512,"height":512,"caption":"Bellunopress"},"image":{"@id":"https:\/\/www.bellunopress.it\/#\/schema\/logo\/image\/"},"sameAs":["https:\/\/www.facebook.com\/profile.php?id=100008943462799","https:\/\/x.com\/bellunopress","https:\/\/www.linkedin.com\/hp\/?dnr=JBzUWaJfMUw8vbXJJ2tVW5-I3jZKvC4wsoxE&amp;amp;amp;amp;amp;amp;trk=nav_responsive_tab_home","https:\/\/www.youtube.com\/channel\/UCxL0wu1uN0_3_7hGG0306cw"]},{"@type":"Person","@id":"https:\/\/www.bellunopress.it\/#\/schema\/person\/79bb06722b37ece1c03d3e94beb30d73","name":"r\u00e9daction","image":{"@type":"ImageObject","inLanguage":"fr-FR","@id":"https:\/\/secure.gravatar.com\/avatar\/37d968a2e67a6fd04c169c4bdef102d0bc5d31b2546345219e348575eb80e9a0?s=96&d=mm&r=g","url":"https:\/\/secure.gravatar.com\/avatar\/37d968a2e67a6fd04c169c4bdef102d0bc5d31b2546345219e348575eb80e9a0?s=96&d=mm&r=g","contentUrl":"https:\/\/secure.gravatar.com\/avatar\/37d968a2e67a6fd04c169c4bdef102d0bc5d31b2546345219e348575eb80e9a0?s=96&d=mm&r=g","caption":"redazione"},"sameAs":["http:\/\/www.bellunopress.it","https:\/\/x.com\/bellunopress"],"url":"https:\/\/www.bellunopress.it\/fr\/author\/redazione\/"}]}},"_links":{"self":[{"href":"https:\/\/www.bellunopress.it\/fr\/wp-json\/wp\/v2\/posts\/168787","targetHints":{"allow":["GET"]}}],"collection":[{"href":"https:\/\/www.bellunopress.it\/fr\/wp-json\/wp\/v2\/posts"}],"about":[{"href":"https:\/\/www.bellunopress.it\/fr\/wp-json\/wp\/v2\/types\/post"}],"author":[{"embeddable":true,"href":"https:\/\/www.bellunopress.it\/fr\/wp-json\/wp\/v2\/users\/2"}],"replies":[{"embeddable":true,"href":"https:\/\/www.bellunopress.it\/fr\/wp-json\/wp\/v2\/comments?post=168787"}],"version-history":[{"count":1,"href":"https:\/\/www.bellunopress.it\/fr\/wp-json\/wp\/v2\/posts\/168787\/revisions"}],"predecessor-version":[{"id":168789,"href":"https:\/\/www.bellunopress.it\/fr\/wp-json\/wp\/v2\/posts\/168787\/revisions\/168789"}],"wp:featuredmedia":[{"embeddable":true,"href":"https:\/\/www.bellunopress.it\/fr\/wp-json\/wp\/v2\/media\/168788"}],"wp:attachment":[{"href":"https:\/\/www.bellunopress.it\/fr\/wp-json\/wp\/v2\/media?parent=168787"}],"wp:term":[{"taxonomy":"category","embeddable":true,"href":"https:\/\/www.bellunopress.it\/fr\/wp-json\/wp\/v2\/categories?post=168787"},{"taxonomy":"post_tag","embeddable":true,"href":"https:\/\/www.bellunopress.it\/fr\/wp-json\/wp\/v2\/tags?post=168787"}],"curies":[{"name":"wp","href":"https:\/\/api.w.org\/{rel}","templated":true}]}}