{"id":168784,"date":"2026-04-03T21:01:49","date_gmt":"2026-04-03T19:01:49","guid":{"rendered":"https:\/\/www.bellunopress.it\/?p=168784"},"modified":"2026-04-03T21:01:49","modified_gmt":"2026-04-03T19:01:49","slug":"area-ex-agip-lassemblea-valuta-un-eventuale-ricorso-al-tar-di-luigi-filippo-daniele","status":"publish","type":"post","link":"https:\/\/www.bellunopress.it\/fr\/2026\/04\/03\/area-ex-agip-lassemblea-valuta-un-eventuale-ricorso-al-tar-di-luigi-filippo-daniele\/","title":{"rendered":"Area ex Agip: l\u2019assemblea valuta un eventuale ricorso al Tar  * di Luigi Filippo Daniele"},"content":{"rendered":"<p>Belluno, 03\/04\/2026 \u2013 La frazione di Baldenich ha deliberato la possibilit\u00e0 di un eventuale ricorso al Tribunale amministrativo regionale sulla contestata vicenda dell\u2019ex area Agip. \u00c8 questo l\u2019esito principale dell\u2019assemblea frazionale che si \u00e8 svolta ieri sera nella sala De Luca della Scuola dei Maestri di Sci, con una partecipazione di 79 presenti .<\/p>\n<p>Al centro dell\u2019incontro, l\u2019analisi delle osservazioni presentate dal quartiere e delle controdeduzioni formulate dal Comune di Belluno in merito al Piano urbanistico attuativo (PUA) in variante. A illustrare nel dettaglio i contenuti \u00e8 stato il capofrazione Luigi Filippo Daniele, che ha ripercorso punto per punto le questioni sollevate dai cittadini, contestando le risposte dell\u2019amministrazione comunale.<\/p>\n<p>Nel corso della serata sono stati affrontati anche temi tecnici rilevanti: dalla Valutazione Ambientale Strategica (VAS) alle opere di urbanizzazione primaria, passando per la questione della bonifica dell\u2019area e il parere espresso dalla Commissione regionale VAS, con le relative prescrizioni. Un confronto articolato, arricchito da diversi interventi dei residenti.<\/p>\n<p>Proprio sul tema della bonifica sono emersi alcuni degli elementi pi\u00f9 critici. Durante l\u2019assemblea \u00e8 stato infatti esposto un documento di autocertificazione relativo agli interventi effettuati sull\u2019area, che \u2013 secondo quanto evidenziato \u2013 non riporterebbe n\u00e9 il nome n\u00e9 il cognome del soggetto dichiarante, n\u00e9 gli estremi di un documento di identit\u00e0 allegato. Inoltre, mancherebbero allegati ritenuti fondamentali sotto il profilo tecnico: in particolare, la documentazione contenente i certificati delle analisi chimiche del suolo e le attestazioni relative al conferimento dei rifiuti speciali in discariche autorizzate. Elementi che, se confermati, aprirebbero interrogativi sulla completezza e sulla verificabilit\u00e0 delle procedure dichiarate.<\/p>\n<p>Il passaggio pi\u00f9 significativo \u00e8 arrivato al termine dell\u2019assemblea, con la votazione sull\u2019eventualit\u00e0 di un ricorso al Tar contro la delibera consiliare di approvazione del PUA, comprensiva delle controdeduzioni. L\u2019esito \u00e8 stato netto: su 79 presenti, 1 voto contrario, 2 astenuti, una non partecipazione al voto. La frazione ha quindi espresso un \u201cappoggio morale\u201d alla possibilit\u00e0 di intraprendere un\u2019azione legale.<\/p>\n<p>Sia chiaro : Non si tratta ancora di un ricorso formalizzato. Si \u00e8 infatti chiarito che sar\u00e0 necessario individuare un legale e verificare preliminarmente la sussistenza degli estremi giuridici. Tuttavia, alcuni elementi di criticit\u00e0 sono gi\u00e0 stati messi sul tavolo. Tra questi, il possibile utilizzo del contributo compensativo al di fuori del perimetro del PUA, ritenuto in contrasto con la logica dell&#8217;art 16 del DPR 380 del 2001 in materia edilizia , e presunte incongruenze della variante con gli obiettivi del Piano degli Interventi. Altri dubbi riguardano l\u2019equilibrio tra interesse pubblico e privato, con la variante giudicata eccessivamente sbilanciata.<\/p>\n<p>Con la stessa votazione, l\u2019assemblea ha inoltre delegato il capofrazione a inviare una richiesta formale ad Arpav per sollecitare un\u2019analisi preliminare del sottosuolo dell\u2019area ex Agip, da effettuare \u201cante operam\u201d e con carattere di urgenza. Una richiesta che si inserisce nel solco delle riserve gi\u00e0 espresse a livello regionale sulla possibile contaminazione del sito.<\/p>\n<p>Resta ora da capire chi sar\u00e0 il soggetto che potr\u00e0 farsi carico di un eventuale ricorso, sia sotto il profilo giuridico sia sotto quello organizzativo ed economico, anche se dei soggetti disposti a ricorrere e legittimati ci sono gi\u00e0. Intanto, la posizione emersa dall\u2019assemblea segna un ulteriore passo su una delle partite urbanistiche pi\u00f9 delicate degli ultimi anni per il quartiere.<\/p>\n<p>Luigi Filippo Daniele<\/p>\n<figure id=\"attachment_168548\" aria-describedby=\"caption-attachment-168548\" style=\"width: 434px\" class=\"wp-caption aligncenter\"><img loading=\"lazy\" decoding=\"async\" class=\"size-full wp-image-168548\" src=\"https:\/\/www.bellunopress.it\/wp-content\/uploads\/2026\/03\/Luigi-Filippo-Daniele-capofrazione-Baldenich.jpg\" alt=\"\" width=\"434\" height=\"500\" srcset=\"https:\/\/www.bellunopress.it\/wp-content\/uploads\/2026\/03\/Luigi-Filippo-Daniele-capofrazione-Baldenich.jpg 434w, https:\/\/www.bellunopress.it\/wp-content\/uploads\/2026\/03\/Luigi-Filippo-Daniele-capofrazione-Baldenich-365x420.jpg 365w, https:\/\/www.bellunopress.it\/wp-content\/uploads\/2026\/03\/Luigi-Filippo-Daniele-capofrazione-Baldenich-150x173.jpg 150w, https:\/\/www.bellunopress.it\/wp-content\/uploads\/2026\/03\/Luigi-Filippo-Daniele-capofrazione-Baldenich-300x346.jpg 300w\" sizes=\"auto, (max-width: 434px) 100vw, 434px\" \/><figcaption id=\"caption-attachment-168548\" class=\"wp-caption-text\">Luigi Filippo Daniele &#8211; Capofrazione di Baldenich (Belluno)<\/figcaption><\/figure>","protected":false},"excerpt":{"rendered":"<p>Belluno, 03\/04\/2026 \u2013 La frazione di Baldenich ha deliberato la possibilit\u00e0 di un eventuale ricorso al Tribunale amministrativo regionale sulla contestata vicenda dell\u2019ex area Agip. \u00c8 questo l\u2019esito principale dell\u2019assemblea frazionale che si \u00e8 svolta ieri sera nella sala De Luca della Scuola dei Maestri di Sci, con una partecipazione di 79 presenti . Al [&hellip;]<\/p>\n","protected":false},"author":2,"featured_media":168785,"comment_status":"closed","ping_status":"open","sticky":false,"template":"","format":"standard","meta":{"footnotes":""},"categories":[5,26],"tags":[],"class_list":["post-168784","post","type-post","status-publish","format-standard","has-post-thumbnail","category-cronaca","category-prima-pagina"],"yoast_head":"<!-- This site is optimized with the Yoast SEO plugin v28.4 - https:\/\/yoast.com\/product\/yoast-seo-wordpress\/ -->\n<title>Area ex Agip: l\u2019assemblea valuta un eventuale ricorso al Tar * di Luigi Filippo Daniele - Bellunopress - Dolomiti<\/title>\n<meta name=\"robots\" content=\"index, follow, max-snippet:-1, max-image-preview:large, max-video-preview:-1\" \/>\n<link rel=\"canonical\" href=\"https:\/\/www.bellunopress.it\/fr\/2026\/04\/03\/area-ex-agip-lassemblea-valuta-un-eventuale-ricorso-al-tar-di-luigi-filippo-daniele\/\" \/>\n<meta property=\"og:locale\" content=\"fr_FR\" \/>\n<meta property=\"og:type\" content=\"article\" \/>\n<meta property=\"og:title\" content=\"Area ex Agip: l\u2019assemblea valuta un eventuale ricorso al Tar * di Luigi Filippo Daniele - Bellunopress - Dolomiti\" \/>\n<meta property=\"og:description\" content=\"Belluno, 03\/04\/2026 \u2013 La frazione di Baldenich ha deliberato la possibilit\u00e0 di un eventuale ricorso al Tribunale amministrativo regionale sulla contestata vicenda dell\u2019ex area Agip. \u00c8 questo l\u2019esito principale dell\u2019assemblea frazionale che si \u00e8 svolta ieri sera nella sala De Luca della Scuola dei Maestri di Sci, con una partecipazione di 79 presenti . Al [&hellip;]\" \/>\n<meta property=\"og:url\" content=\"https:\/\/www.bellunopress.it\/fr\/2026\/04\/03\/area-ex-agip-lassemblea-valuta-un-eventuale-ricorso-al-tar-di-luigi-filippo-daniele\/\" \/>\n<meta property=\"og:site_name\" content=\"Bellunopress - Dolomiti\" \/>\n<meta property=\"article:publisher\" content=\"https:\/\/www.facebook.com\/profile.php?id=100008943462799\" \/>\n<meta property=\"article:published_time\" content=\"2026-04-03T19:01:49+00:00\" \/>\n<meta property=\"og:image\" content=\"https:\/\/www.bellunopress.it\/wp-content\/uploads\/2026\/04\/assemblea-ex-area-Agip.jpeg\" \/>\n\t<meta property=\"og:image:width\" content=\"600\" \/>\n\t<meta property=\"og:image:height\" content=\"337\" \/>\n\t<meta property=\"og:image:type\" content=\"image\/jpeg\" \/>\n<meta name=\"author\" content=\"redazione\" \/>\n<meta name=\"twitter:card\" content=\"summary_large_image\" \/>\n<meta name=\"twitter:creator\" content=\"@bellunopress\" \/>\n<meta name=\"twitter:site\" content=\"@bellunopress\" \/>\n<meta name=\"twitter:label1\" content=\"Written by\" \/>\n\t<meta name=\"twitter:data1\" content=\"redazione\" \/>\n\t<meta name=\"twitter:label2\" content=\"Est. reading time\" \/>\n\t<meta name=\"twitter:data2\" content=\"3 minutes\" \/>\n<script type=\"application\/ld+json\" class=\"yoast-schema-graph\">{\"@context\":\"https:\\\/\\\/schema.org\",\"@graph\":[{\"@type\":\"Article\",\"@id\":\"https:\\\/\\\/www.bellunopress.it\\\/2026\\\/04\\\/03\\\/area-ex-agip-lassemblea-valuta-un-eventuale-ricorso-al-tar-di-luigi-filippo-daniele\\\/#article\",\"isPartOf\":{\"@id\":\"https:\\\/\\\/www.bellunopress.it\\\/2026\\\/04\\\/03\\\/area-ex-agip-lassemblea-valuta-un-eventuale-ricorso-al-tar-di-luigi-filippo-daniele\\\/\"},\"author\":{\"name\":\"redazione\",\"@id\":\"https:\\\/\\\/www.bellunopress.it\\\/#\\\/schema\\\/person\\\/79bb06722b37ece1c03d3e94beb30d73\"},\"headline\":\"Area ex Agip: l\u2019assemblea valuta un eventuale ricorso al Tar * di Luigi Filippo Daniele\",\"datePublished\":\"2026-04-03T19:01:49+00:00\",\"mainEntityOfPage\":{\"@id\":\"https:\\\/\\\/www.bellunopress.it\\\/2026\\\/04\\\/03\\\/area-ex-agip-lassemblea-valuta-un-eventuale-ricorso-al-tar-di-luigi-filippo-daniele\\\/\"},\"wordCount\":563,\"publisher\":{\"@id\":\"https:\\\/\\\/www.bellunopress.it\\\/#organization\"},\"image\":{\"@id\":\"https:\\\/\\\/www.bellunopress.it\\\/2026\\\/04\\\/03\\\/area-ex-agip-lassemblea-valuta-un-eventuale-ricorso-al-tar-di-luigi-filippo-daniele\\\/#primaryimage\"},\"thumbnailUrl\":\"https:\\\/\\\/www.bellunopress.it\\\/wp-content\\\/uploads\\\/2026\\\/04\\\/assemblea-ex-area-Agip.jpeg\",\"articleSection\":[\"Cronaca\\\/Politica\",\"Prima Pagina\"],\"inLanguage\":\"fr-FR\"},{\"@type\":\"WebPage\",\"@id\":\"https:\\\/\\\/www.bellunopress.it\\\/2026\\\/04\\\/03\\\/area-ex-agip-lassemblea-valuta-un-eventuale-ricorso-al-tar-di-luigi-filippo-daniele\\\/\",\"url\":\"https:\\\/\\\/www.bellunopress.it\\\/2026\\\/04\\\/03\\\/area-ex-agip-lassemblea-valuta-un-eventuale-ricorso-al-tar-di-luigi-filippo-daniele\\\/\",\"name\":\"Area ex Agip: l\u2019assemblea valuta un eventuale ricorso al Tar * di Luigi Filippo Daniele - Bellunopress - Dolomiti\",\"isPartOf\":{\"@id\":\"https:\\\/\\\/www.bellunopress.it\\\/#website\"},\"primaryImageOfPage\":{\"@id\":\"https:\\\/\\\/www.bellunopress.it\\\/2026\\\/04\\\/03\\\/area-ex-agip-lassemblea-valuta-un-eventuale-ricorso-al-tar-di-luigi-filippo-daniele\\\/#primaryimage\"},\"image\":{\"@id\":\"https:\\\/\\\/www.bellunopress.it\\\/2026\\\/04\\\/03\\\/area-ex-agip-lassemblea-valuta-un-eventuale-ricorso-al-tar-di-luigi-filippo-daniele\\\/#primaryimage\"},\"thumbnailUrl\":\"https:\\\/\\\/www.bellunopress.it\\\/wp-content\\\/uploads\\\/2026\\\/04\\\/assemblea-ex-area-Agip.jpeg\",\"datePublished\":\"2026-04-03T19:01:49+00:00\",\"breadcrumb\":{\"@id\":\"https:\\\/\\\/www.bellunopress.it\\\/2026\\\/04\\\/03\\\/area-ex-agip-lassemblea-valuta-un-eventuale-ricorso-al-tar-di-luigi-filippo-daniele\\\/#breadcrumb\"},\"inLanguage\":\"fr-FR\",\"potentialAction\":[{\"@type\":\"ReadAction\",\"target\":[\"https:\\\/\\\/www.bellunopress.it\\\/2026\\\/04\\\/03\\\/area-ex-agip-lassemblea-valuta-un-eventuale-ricorso-al-tar-di-luigi-filippo-daniele\\\/\"]}]},{\"@type\":\"ImageObject\",\"inLanguage\":\"fr-FR\",\"@id\":\"https:\\\/\\\/www.bellunopress.it\\\/2026\\\/04\\\/03\\\/area-ex-agip-lassemblea-valuta-un-eventuale-ricorso-al-tar-di-luigi-filippo-daniele\\\/#primaryimage\",\"url\":\"https:\\\/\\\/www.bellunopress.it\\\/wp-content\\\/uploads\\\/2026\\\/04\\\/assemblea-ex-area-Agip.jpeg\",\"contentUrl\":\"https:\\\/\\\/www.bellunopress.it\\\/wp-content\\\/uploads\\\/2026\\\/04\\\/assemblea-ex-area-Agip.jpeg\",\"width\":600,\"height\":337,\"caption\":\"Assemblea ex Area Agip Baldenich del 02\\\/04\\\/2026\"},{\"@type\":\"BreadcrumbList\",\"@id\":\"https:\\\/\\\/www.bellunopress.it\\\/2026\\\/04\\\/03\\\/area-ex-agip-lassemblea-valuta-un-eventuale-ricorso-al-tar-di-luigi-filippo-daniele\\\/#breadcrumb\",\"itemListElement\":[{\"@type\":\"ListItem\",\"position\":1,\"name\":\"Home\",\"item\":\"https:\\\/\\\/www.bellunopress.it\\\/\"},{\"@type\":\"ListItem\",\"position\":2,\"name\":\"Area ex Agip: l\u2019assemblea valuta un eventuale ricorso al Tar * di Luigi Filippo Daniele\"}]},{\"@type\":\"WebSite\",\"@id\":\"https:\\\/\\\/www.bellunopress.it\\\/#website\",\"url\":\"https:\\\/\\\/www.bellunopress.it\\\/\",\"name\":\"Bellunopress - Dolomiti\",\"description\":\"e-mail: redazione@bellunopress.it\",\"publisher\":{\"@id\":\"https:\\\/\\\/www.bellunopress.it\\\/#organization\"},\"potentialAction\":[{\"@type\":\"SearchAction\",\"target\":{\"@type\":\"EntryPoint\",\"urlTemplate\":\"https:\\\/\\\/www.bellunopress.it\\\/?s={search_term_string}\"},\"query-input\":{\"@type\":\"PropertyValueSpecification\",\"valueRequired\":true,\"valueName\":\"search_term_string\"}}],\"inLanguage\":\"fr-FR\"},{\"@type\":\"Organization\",\"@id\":\"https:\\\/\\\/www.bellunopress.it\\\/#organization\",\"name\":\"Bellunopress\",\"url\":\"https:\\\/\\\/www.bellunopress.it\\\/\",\"logo\":{\"@type\":\"ImageObject\",\"inLanguage\":\"fr-FR\",\"@id\":\"https:\\\/\\\/www.bellunopress.it\\\/#\\\/schema\\\/logo\\\/image\\\/\",\"url\":\"https:\\\/\\\/www.bellunopress.it\\\/wp-content\\\/uploads\\\/2011\\\/05\\\/cropped-logo-bellunopress-.jpg\",\"contentUrl\":\"https:\\\/\\\/www.bellunopress.it\\\/wp-content\\\/uploads\\\/2011\\\/05\\\/cropped-logo-bellunopress-.jpg\",\"width\":512,\"height\":512,\"caption\":\"Bellunopress\"},\"image\":{\"@id\":\"https:\\\/\\\/www.bellunopress.it\\\/#\\\/schema\\\/logo\\\/image\\\/\"},\"sameAs\":[\"https:\\\/\\\/www.facebook.com\\\/profile.php?id=100008943462799\",\"https:\\\/\\\/x.com\\\/bellunopress\",\"https:\\\/\\\/www.linkedin.com\\\/hp\\\/?dnr=JBzUWaJfMUw8vbXJJ2tVW5-I3jZKvC4wsoxE&amp;amp;amp;amp;amp;amp;trk=nav_responsive_tab_home\",\"https:\\\/\\\/www.youtube.com\\\/channel\\\/UCxL0wu1uN0_3_7hGG0306cw\"]},{\"@type\":\"Person\",\"@id\":\"https:\\\/\\\/www.bellunopress.it\\\/#\\\/schema\\\/person\\\/79bb06722b37ece1c03d3e94beb30d73\",\"name\":\"redazione\",\"image\":{\"@type\":\"ImageObject\",\"inLanguage\":\"fr-FR\",\"@id\":\"https:\\\/\\\/secure.gravatar.com\\\/avatar\\\/37d968a2e67a6fd04c169c4bdef102d0bc5d31b2546345219e348575eb80e9a0?s=96&d=mm&r=g\",\"url\":\"https:\\\/\\\/secure.gravatar.com\\\/avatar\\\/37d968a2e67a6fd04c169c4bdef102d0bc5d31b2546345219e348575eb80e9a0?s=96&d=mm&r=g\",\"contentUrl\":\"https:\\\/\\\/secure.gravatar.com\\\/avatar\\\/37d968a2e67a6fd04c169c4bdef102d0bc5d31b2546345219e348575eb80e9a0?s=96&d=mm&r=g\",\"caption\":\"redazione\"},\"sameAs\":[\"http:\\\/\\\/www.bellunopress.it\",\"https:\\\/\\\/x.com\\\/bellunopress\"],\"url\":\"https:\\\/\\\/www.bellunopress.it\\\/fr\\\/author\\\/redazione\\\/\"}]}<\/script>\n<!-- \/ Yoast SEO plugin. -->","yoast_head_json":{"title":"Area ex Agip: l\u2019assemblea valuta un eventuale ricorso al Tar * di Luigi Filippo Daniele - Bellunopress - Dolomiti","robots":{"index":"index","follow":"follow","max-snippet":"max-snippet:-1","max-image-preview":"max-image-preview:large","max-video-preview":"max-video-preview:-1"},"canonical":"https:\/\/www.bellunopress.it\/fr\/2026\/04\/03\/area-ex-agip-lassemblea-valuta-un-eventuale-ricorso-al-tar-di-luigi-filippo-daniele\/","og_locale":"fr_FR","og_type":"article","og_title":"Area ex Agip: l\u2019assemblea valuta un eventuale ricorso al Tar * di Luigi Filippo Daniele - Bellunopress - Dolomiti","og_description":"Belluno, 03\/04\/2026 \u2013 La frazione di Baldenich ha deliberato la possibilit\u00e0 di un eventuale ricorso al Tribunale amministrativo regionale sulla contestata vicenda dell\u2019ex area Agip. \u00c8 questo l\u2019esito principale dell\u2019assemblea frazionale che si \u00e8 svolta ieri sera nella sala De Luca della Scuola dei Maestri di Sci, con una partecipazione di 79 presenti . Al [&hellip;]","og_url":"https:\/\/www.bellunopress.it\/fr\/2026\/04\/03\/area-ex-agip-lassemblea-valuta-un-eventuale-ricorso-al-tar-di-luigi-filippo-daniele\/","og_site_name":"Bellunopress - Dolomiti","article_publisher":"https:\/\/www.facebook.com\/profile.php?id=100008943462799","article_published_time":"2026-04-03T19:01:49+00:00","og_image":[{"width":600,"height":337,"url":"https:\/\/www.bellunopress.it\/wp-content\/uploads\/2026\/04\/assemblea-ex-area-Agip.jpeg","type":"image\/jpeg"}],"author":"redazione","twitter_card":"summary_large_image","twitter_creator":"@bellunopress","twitter_site":"@bellunopress","twitter_misc":{"Written by":"redazione","Est. reading time":"3 minutes"},"schema":{"@context":"https:\/\/schema.org","@graph":[{"@type":"Article","@id":"https:\/\/www.bellunopress.it\/2026\/04\/03\/area-ex-agip-lassemblea-valuta-un-eventuale-ricorso-al-tar-di-luigi-filippo-daniele\/#article","isPartOf":{"@id":"https:\/\/www.bellunopress.it\/2026\/04\/03\/area-ex-agip-lassemblea-valuta-un-eventuale-ricorso-al-tar-di-luigi-filippo-daniele\/"},"author":{"name":"redazione","@id":"https:\/\/www.bellunopress.it\/#\/schema\/person\/79bb06722b37ece1c03d3e94beb30d73"},"headline":"Area ex Agip: l\u2019assemblea valuta un eventuale ricorso al Tar * di Luigi Filippo Daniele","datePublished":"2026-04-03T19:01:49+00:00","mainEntityOfPage":{"@id":"https:\/\/www.bellunopress.it\/2026\/04\/03\/area-ex-agip-lassemblea-valuta-un-eventuale-ricorso-al-tar-di-luigi-filippo-daniele\/"},"wordCount":563,"publisher":{"@id":"https:\/\/www.bellunopress.it\/#organization"},"image":{"@id":"https:\/\/www.bellunopress.it\/2026\/04\/03\/area-ex-agip-lassemblea-valuta-un-eventuale-ricorso-al-tar-di-luigi-filippo-daniele\/#primaryimage"},"thumbnailUrl":"https:\/\/www.bellunopress.it\/wp-content\/uploads\/2026\/04\/assemblea-ex-area-Agip.jpeg","articleSection":["Cronaca\/Politica","Prima Pagina"],"inLanguage":"fr-FR"},{"@type":"WebPage","@id":"https:\/\/www.bellunopress.it\/2026\/04\/03\/area-ex-agip-lassemblea-valuta-un-eventuale-ricorso-al-tar-di-luigi-filippo-daniele\/","url":"https:\/\/www.bellunopress.it\/2026\/04\/03\/area-ex-agip-lassemblea-valuta-un-eventuale-ricorso-al-tar-di-luigi-filippo-daniele\/","name":"Area ex Agip: l\u2019assemblea valuta un eventuale ricorso al Tar * di Luigi Filippo Daniele - Bellunopress - Dolomiti","isPartOf":{"@id":"https:\/\/www.bellunopress.it\/#website"},"primaryImageOfPage":{"@id":"https:\/\/www.bellunopress.it\/2026\/04\/03\/area-ex-agip-lassemblea-valuta-un-eventuale-ricorso-al-tar-di-luigi-filippo-daniele\/#primaryimage"},"image":{"@id":"https:\/\/www.bellunopress.it\/2026\/04\/03\/area-ex-agip-lassemblea-valuta-un-eventuale-ricorso-al-tar-di-luigi-filippo-daniele\/#primaryimage"},"thumbnailUrl":"https:\/\/www.bellunopress.it\/wp-content\/uploads\/2026\/04\/assemblea-ex-area-Agip.jpeg","datePublished":"2026-04-03T19:01:49+00:00","breadcrumb":{"@id":"https:\/\/www.bellunopress.it\/2026\/04\/03\/area-ex-agip-lassemblea-valuta-un-eventuale-ricorso-al-tar-di-luigi-filippo-daniele\/#breadcrumb"},"inLanguage":"fr-FR","potentialAction":[{"@type":"ReadAction","target":["https:\/\/www.bellunopress.it\/2026\/04\/03\/area-ex-agip-lassemblea-valuta-un-eventuale-ricorso-al-tar-di-luigi-filippo-daniele\/"]}]},{"@type":"ImageObject","inLanguage":"fr-FR","@id":"https:\/\/www.bellunopress.it\/2026\/04\/03\/area-ex-agip-lassemblea-valuta-un-eventuale-ricorso-al-tar-di-luigi-filippo-daniele\/#primaryimage","url":"https:\/\/www.bellunopress.it\/wp-content\/uploads\/2026\/04\/assemblea-ex-area-Agip.jpeg","contentUrl":"https:\/\/www.bellunopress.it\/wp-content\/uploads\/2026\/04\/assemblea-ex-area-Agip.jpeg","width":600,"height":337,"caption":"Assemblea ex Area Agip Baldenich del 02\/04\/2026"},{"@type":"BreadcrumbList","@id":"https:\/\/www.bellunopress.it\/2026\/04\/03\/area-ex-agip-lassemblea-valuta-un-eventuale-ricorso-al-tar-di-luigi-filippo-daniele\/#breadcrumb","itemListElement":[{"@type":"ListItem","position":1,"name":"Home","item":"https:\/\/www.bellunopress.it\/"},{"@type":"ListItem","position":2,"name":"Area ex Agip: l\u2019assemblea valuta un eventuale ricorso al Tar * di Luigi Filippo Daniele"}]},{"@type":"WebSite","@id":"https:\/\/www.bellunopress.it\/#website","url":"https:\/\/www.bellunopress.it\/","name":"Bellunopress - Dolomiti","description":"e-mail: redazione@bellunopress.it","publisher":{"@id":"https:\/\/www.bellunopress.it\/#organization"},"potentialAction":[{"@type":"SearchAction","target":{"@type":"EntryPoint","urlTemplate":"https:\/\/www.bellunopress.it\/?s={search_term_string}"},"query-input":{"@type":"PropertyValueSpecification","valueRequired":true,"valueName":"search_term_string"}}],"inLanguage":"fr-FR"},{"@type":"Organization","@id":"https:\/\/www.bellunopress.it\/#organization","name":"Bellunopress","url":"https:\/\/www.bellunopress.it\/","logo":{"@type":"ImageObject","inLanguage":"fr-FR","@id":"https:\/\/www.bellunopress.it\/#\/schema\/logo\/image\/","url":"https:\/\/www.bellunopress.it\/wp-content\/uploads\/2011\/05\/cropped-logo-bellunopress-.jpg","contentUrl":"https:\/\/www.bellunopress.it\/wp-content\/uploads\/2011\/05\/cropped-logo-bellunopress-.jpg","width":512,"height":512,"caption":"Bellunopress"},"image":{"@id":"https:\/\/www.bellunopress.it\/#\/schema\/logo\/image\/"},"sameAs":["https:\/\/www.facebook.com\/profile.php?id=100008943462799","https:\/\/x.com\/bellunopress","https:\/\/www.linkedin.com\/hp\/?dnr=JBzUWaJfMUw8vbXJJ2tVW5-I3jZKvC4wsoxE&amp;amp;amp;amp;amp;amp;trk=nav_responsive_tab_home","https:\/\/www.youtube.com\/channel\/UCxL0wu1uN0_3_7hGG0306cw"]},{"@type":"Person","@id":"https:\/\/www.bellunopress.it\/#\/schema\/person\/79bb06722b37ece1c03d3e94beb30d73","name":"r\u00e9daction","image":{"@type":"ImageObject","inLanguage":"fr-FR","@id":"https:\/\/secure.gravatar.com\/avatar\/37d968a2e67a6fd04c169c4bdef102d0bc5d31b2546345219e348575eb80e9a0?s=96&d=mm&r=g","url":"https:\/\/secure.gravatar.com\/avatar\/37d968a2e67a6fd04c169c4bdef102d0bc5d31b2546345219e348575eb80e9a0?s=96&d=mm&r=g","contentUrl":"https:\/\/secure.gravatar.com\/avatar\/37d968a2e67a6fd04c169c4bdef102d0bc5d31b2546345219e348575eb80e9a0?s=96&d=mm&r=g","caption":"redazione"},"sameAs":["http:\/\/www.bellunopress.it","https:\/\/x.com\/bellunopress"],"url":"https:\/\/www.bellunopress.it\/fr\/author\/redazione\/"}]}},"_links":{"self":[{"href":"https:\/\/www.bellunopress.it\/fr\/wp-json\/wp\/v2\/posts\/168784","targetHints":{"allow":["GET"]}}],"collection":[{"href":"https:\/\/www.bellunopress.it\/fr\/wp-json\/wp\/v2\/posts"}],"about":[{"href":"https:\/\/www.bellunopress.it\/fr\/wp-json\/wp\/v2\/types\/post"}],"author":[{"embeddable":true,"href":"https:\/\/www.bellunopress.it\/fr\/wp-json\/wp\/v2\/users\/2"}],"replies":[{"embeddable":true,"href":"https:\/\/www.bellunopress.it\/fr\/wp-json\/wp\/v2\/comments?post=168784"}],"version-history":[{"count":1,"href":"https:\/\/www.bellunopress.it\/fr\/wp-json\/wp\/v2\/posts\/168784\/revisions"}],"predecessor-version":[{"id":168786,"href":"https:\/\/www.bellunopress.it\/fr\/wp-json\/wp\/v2\/posts\/168784\/revisions\/168786"}],"wp:featuredmedia":[{"embeddable":true,"href":"https:\/\/www.bellunopress.it\/fr\/wp-json\/wp\/v2\/media\/168785"}],"wp:attachment":[{"href":"https:\/\/www.bellunopress.it\/fr\/wp-json\/wp\/v2\/media?parent=168784"}],"wp:term":[{"taxonomy":"category","embeddable":true,"href":"https:\/\/www.bellunopress.it\/fr\/wp-json\/wp\/v2\/categories?post=168784"},{"taxonomy":"post_tag","embeddable":true,"href":"https:\/\/www.bellunopress.it\/fr\/wp-json\/wp\/v2\/tags?post=168784"}],"curies":[{"name":"wp","href":"https:\/\/api.w.org\/{rel}","templated":true}]}}