{"id":168781,"date":"2026-04-03T20:47:11","date_gmt":"2026-04-03T18:47:11","guid":{"rendered":"https:\/\/www.bellunopress.it\/?p=168781"},"modified":"2026-04-03T20:47:11","modified_gmt":"2026-04-03T18:47:11","slug":"via-feltre-unoccasione-per-ripensare-davvero-lo-spazio-pubblico-di-giulia-de-negri","status":"publish","type":"post","link":"https:\/\/www.bellunopress.it\/fr\/2026\/04\/03\/via-feltre-unoccasione-per-ripensare-davvero-lo-spazio-pubblico-di-giulia-de-negri\/","title":{"rendered":"Via Feltre, un&#8217;occasione per ripensare davvero lo spazio pubblico\u00a0 * di Giulia De Negri"},"content":{"rendered":"<p>Copenaghen, 03\/04\/2026 &#8211; Sono nata e cresciuta a Belluno e oggi vivo e lavoro a Copenaghen come architetto urbano presso Gehl. Questo significa guardare la mia citt\u00e0 con uno sguardo duplice: quello affettivo di chi la conosce da sempre e quello professionale di chi ogni giorno lavora su progetti di strade, piazze e quartieri in contesti internazionali e in continuo mutamento.<\/p>\n<p>La donazione destinata alla riqualificazione di Via Feltre rappresenta una possibilit\u00e0 rara. Non si tratta semplicemente di rifare una strada, ma di ridefinire uno degli accessi principali al centro storico e, in un certo senso, di decidere che tipo di citt\u00e0 Belluno vuole essere nei prossimi anni.<\/p>\n<p>Quello che colpisce nel progetto attuale \u00e8 che la strada viene ancora interpretata soprattutto come infrastruttura per il traffico, mentre oggi in molte citt\u00e0 europee si parte da un principio diverso: la strada \u00e8 prima di tutto uno spazio pubblico. Non significa eliminare le auto, ma ridisegnare le priorit\u00e0.<\/p>\n<p>Se penso a come potrebbe essere Via Feltre, la immagino come una strada pi\u00f9 semplice ma anche pi\u00f9 equilibrata. Una carreggiata leggermente ridotta, che naturalmente rallenti il traffico senza bisogno di interventi invasivi; marciapiedi continui e pi\u00f9 ampi, senza interruzioni e senza ostacoli; una pista ciclabile chiara, sicura e leggibile, pensata per essere utilizzata da tutti, non solo da chi \u00e8 gi\u00e0 abituato ad andare in bicicletta.<\/p>\n<p>Ma soprattutto immagino una strada che non sia solo da attraversare, ma da vivere. Questo significa inserire piccoli spazi di sosta lungo il percorso, panchine semplici ma ben posizionate, punti d&#8217;ombra continui, alberature che accompagnano la strada e non solo episodi isolati di verde. Non serve fare qualcosa di spettacolare: serve fare qualcosa di coerente e continuo.<\/p>\n<p>Via Feltre ha tutte le condizioni per diventare una strada di questo tipo. \u00c8 pianeggiante, attraversa una zona residenziale con famiglie e scuole, \u00e8 gi\u00e0 servita da parcheggi e porta direttamente verso il centro storico. Proprio per questo potrebbe diventare un invito a tornare a muoversi a piedi, soprattutto per una popolazione che sta progressivamente invecchiando e che ha bisogno di spazi urbani pi\u00f9 accessibili e pi\u00f9 confortevoli.<\/p>\n<p>Anche il tema dei parcheggi merita di essere affrontato con uno sguardo pi\u00f9 ampio. Lungo Via Feltre esistono gi\u00e0 diverse opportunit\u00e0 di sosta al di fuori dell&#8217;asse stradale: molti esercizi commerciali dispongono di spazi auto propri, numerosi residenti hanno garage condominiali o parcheggi privati, e nelle immediate vicinanze sono presenti parcheggi pubblici gi\u00e0 utilizzabili, come l&#8217;area dell&#8217;ex MOI. Questo significa che una eventuale riduzione della sosta direttamente su strada non sarebbe una perdita, ma potrebbe diventare un&#8217;opportunit\u00e0: lo spazio recuperato potrebbe essere utilizzato per marciapiedi pi\u00f9 ampi, verde, zone d&#8217;ombra, sedute e percorsi ciclabili sicuri, migliorando la qualit\u00e0 della strada sia per i residenti sia per chi la attraversa ogni giorno.<\/p>\n<p>C&#8217;\u00e8 poi un tema che oggi non pu\u00f2 pi\u00f9 essere secondario: il clima. Anche Belluno, negli ultimi anni, ha vissuto estati sempre pi\u00f9 calde e piogge sempre pi\u00f9 intense. Ridisegnare una strada oggi significa pensare anche a questo: pi\u00f9 alberi, pi\u00f9 ombra, superfici drenanti, meno asfalto e pi\u00f9 materiali che rendano lo spazio pi\u00f9 fresco e pi\u00f9 vivibile. Non \u00e8 solo una scelta estetica, \u00e8 una scelta che riguarda la qualit\u00e0 della vita quotidiana.<\/p>\n<p>Belluno sta inoltre vivendo un momento importante dal punto di vista internazionale, anche grazie alle Olimpiadi e alla crescente attenzione verso il turismo legato alla montagna. Come capoluogo, la citt\u00e0 ha l&#8217;occasione di dare un segnale chiaro: mostrare che il rapporto con la natura non esiste solo in montagna, ma pu\u00f2 essere parte integrante anche dello spazio urbano. Chi arriva qui per il paesaggio si aspetta di trovare la stessa qualit\u00e0 anche nelle strade della citt\u00e0.<\/p>\n<p>Un ultimo aspetto riguarda il modo in cui progetti come questo vengono costruiti. Anche se la donazione arriva da un privato, il suolo su cui si interviene resta uno spazio pubblico. E lo spazio pubblico appartiene ai cittadini. Per questo sarebbe bello che questo progetto diventasse anche un punto di partenza per un coinvolgimento pi\u00f9 diretto dei residenti, delle scuole, dei commercianti e delle associazioni del quartiere. Non come un passaggio formale, ma come un vero processo di ascolto che possa aiutare a capire come le persone vivono davvero quella strada ogni giorno.<\/p>\n<p>Via Feltre potrebbe diventare molto pi\u00f9 di una strada riqualificata: potrebbe diventare un esempio concreto di come anche una citt\u00e0 piccola possa progettare spazi pubblici contemporanei, semplici, accessibili e pensati per le persone. Il mio non \u00e8 uno sguardo critico, ma uno sguardo affettuoso e fiducioso. Proprio perch\u00e9 Belluno ha tutte le potenzialit\u00e0 per essere una citt\u00e0 che guarda avanti, vale la pena immaginare qualcosa di pi\u00f9 ambizioso.<\/p>\n<p>Giulia De Negri<\/p>\n<p>&nbsp;<\/p>","protected":false},"excerpt":{"rendered":"<p>Copenaghen, 03\/04\/2026 &#8211; Sono nata e cresciuta a Belluno e oggi vivo e lavoro a Copenaghen come architetto urbano presso Gehl. Questo significa guardare la mia citt\u00e0 con uno sguardo duplice: quello affettivo di chi la conosce da sempre e quello professionale di chi ogni giorno lavora su progetti di strade, piazze e quartieri in [&hellip;]<\/p>\n","protected":false},"author":2,"featured_media":168782,"comment_status":"closed","ping_status":"open","sticky":false,"template":"","format":"standard","meta":{"footnotes":""},"categories":[1,26],"tags":[],"class_list":["post-168781","post","type-post","status-publish","format-standard","has-post-thumbnail","category-leo","category-prima-pagina"],"yoast_head":"<!-- This site is optimized with the Yoast SEO plugin v28.4 - https:\/\/yoast.com\/product\/yoast-seo-wordpress\/ -->\n<title>Via Feltre, un&#039;occasione per ripensare davvero lo spazio pubblico\u00a0 * di Giulia De Negri - Bellunopress - Dolomiti<\/title>\n<meta name=\"robots\" content=\"index, follow, max-snippet:-1, max-image-preview:large, max-video-preview:-1\" \/>\n<link rel=\"canonical\" href=\"https:\/\/www.bellunopress.it\/fr\/2026\/04\/03\/via-feltre-unoccasione-per-ripensare-davvero-lo-spazio-pubblico-di-giulia-de-negri\/\" \/>\n<meta property=\"og:locale\" content=\"fr_FR\" \/>\n<meta property=\"og:type\" content=\"article\" \/>\n<meta property=\"og:title\" content=\"Via Feltre, un&#039;occasione per ripensare davvero lo spazio pubblico\u00a0 * di Giulia De Negri - Bellunopress - Dolomiti\" \/>\n<meta property=\"og:description\" content=\"Copenaghen, 03\/04\/2026 &#8211; Sono nata e cresciuta a Belluno e oggi vivo e lavoro a Copenaghen come architetto urbano presso Gehl. Questo significa guardare la mia citt\u00e0 con uno sguardo duplice: quello affettivo di chi la conosce da sempre e quello professionale di chi ogni giorno lavora su progetti di strade, piazze e quartieri in [&hellip;]\" \/>\n<meta property=\"og:url\" content=\"https:\/\/www.bellunopress.it\/fr\/2026\/04\/03\/via-feltre-unoccasione-per-ripensare-davvero-lo-spazio-pubblico-di-giulia-de-negri\/\" \/>\n<meta property=\"og:site_name\" content=\"Bellunopress - Dolomiti\" \/>\n<meta property=\"article:publisher\" content=\"https:\/\/www.facebook.com\/profile.php?id=100008943462799\" \/>\n<meta property=\"article:published_time\" content=\"2026-04-03T18:47:11+00:00\" \/>\n<meta property=\"og:image\" content=\"https:\/\/www.bellunopress.it\/wp-content\/uploads\/2026\/04\/via-Feltre-render-Giulia-De-Negri.jpg\" \/>\n\t<meta property=\"og:image:width\" content=\"600\" \/>\n\t<meta property=\"og:image:height\" content=\"424\" \/>\n\t<meta property=\"og:image:type\" content=\"image\/jpeg\" \/>\n<meta name=\"author\" content=\"redazione\" \/>\n<meta name=\"twitter:card\" content=\"summary_large_image\" \/>\n<meta name=\"twitter:creator\" content=\"@bellunopress\" \/>\n<meta name=\"twitter:site\" content=\"@bellunopress\" \/>\n<meta name=\"twitter:label1\" content=\"\u00c9crit par\" \/>\n\t<meta name=\"twitter:data1\" content=\"redazione\" \/>\n\t<meta name=\"twitter:label2\" content=\"Dur\u00e9e de lecture estim\u00e9e\" \/>\n\t<meta name=\"twitter:data2\" content=\"4 minutes\" \/>\n<script type=\"application\/ld+json\" class=\"yoast-schema-graph\">{\"@context\":\"https:\\\/\\\/schema.org\",\"@graph\":[{\"@type\":\"Article\",\"@id\":\"https:\\\/\\\/www.bellunopress.it\\\/2026\\\/04\\\/03\\\/via-feltre-unoccasione-per-ripensare-davvero-lo-spazio-pubblico-di-giulia-de-negri\\\/#article\",\"isPartOf\":{\"@id\":\"https:\\\/\\\/www.bellunopress.it\\\/2026\\\/04\\\/03\\\/via-feltre-unoccasione-per-ripensare-davvero-lo-spazio-pubblico-di-giulia-de-negri\\\/\"},\"author\":{\"name\":\"redazione\",\"@id\":\"https:\\\/\\\/www.bellunopress.it\\\/#\\\/schema\\\/person\\\/79bb06722b37ece1c03d3e94beb30d73\"},\"headline\":\"Via Feltre, un&#8217;occasione per ripensare davvero lo spazio pubblico\u00a0 * di Giulia De Negri\",\"datePublished\":\"2026-04-03T18:47:11+00:00\",\"mainEntityOfPage\":{\"@id\":\"https:\\\/\\\/www.bellunopress.it\\\/2026\\\/04\\\/03\\\/via-feltre-unoccasione-per-ripensare-davvero-lo-spazio-pubblico-di-giulia-de-negri\\\/\"},\"wordCount\":787,\"publisher\":{\"@id\":\"https:\\\/\\\/www.bellunopress.it\\\/#organization\"},\"image\":{\"@id\":\"https:\\\/\\\/www.bellunopress.it\\\/2026\\\/04\\\/03\\\/via-feltre-unoccasione-per-ripensare-davvero-lo-spazio-pubblico-di-giulia-de-negri\\\/#primaryimage\"},\"thumbnailUrl\":\"https:\\\/\\\/www.bellunopress.it\\\/wp-content\\\/uploads\\\/2026\\\/04\\\/via-Feltre-render-Giulia-De-Negri.jpg\",\"articleSection\":[\"Lettere Opinioni\",\"Prima Pagina\"],\"inLanguage\":\"fr-FR\"},{\"@type\":\"WebPage\",\"@id\":\"https:\\\/\\\/www.bellunopress.it\\\/2026\\\/04\\\/03\\\/via-feltre-unoccasione-per-ripensare-davvero-lo-spazio-pubblico-di-giulia-de-negri\\\/\",\"url\":\"https:\\\/\\\/www.bellunopress.it\\\/2026\\\/04\\\/03\\\/via-feltre-unoccasione-per-ripensare-davvero-lo-spazio-pubblico-di-giulia-de-negri\\\/\",\"name\":\"Via Feltre, un'occasione per ripensare davvero lo spazio pubblico\u00a0 * di Giulia De Negri - Bellunopress - Dolomiti\",\"isPartOf\":{\"@id\":\"https:\\\/\\\/www.bellunopress.it\\\/#website\"},\"primaryImageOfPage\":{\"@id\":\"https:\\\/\\\/www.bellunopress.it\\\/2026\\\/04\\\/03\\\/via-feltre-unoccasione-per-ripensare-davvero-lo-spazio-pubblico-di-giulia-de-negri\\\/#primaryimage\"},\"image\":{\"@id\":\"https:\\\/\\\/www.bellunopress.it\\\/2026\\\/04\\\/03\\\/via-feltre-unoccasione-per-ripensare-davvero-lo-spazio-pubblico-di-giulia-de-negri\\\/#primaryimage\"},\"thumbnailUrl\":\"https:\\\/\\\/www.bellunopress.it\\\/wp-content\\\/uploads\\\/2026\\\/04\\\/via-Feltre-render-Giulia-De-Negri.jpg\",\"datePublished\":\"2026-04-03T18:47:11+00:00\",\"breadcrumb\":{\"@id\":\"https:\\\/\\\/www.bellunopress.it\\\/2026\\\/04\\\/03\\\/via-feltre-unoccasione-per-ripensare-davvero-lo-spazio-pubblico-di-giulia-de-negri\\\/#breadcrumb\"},\"inLanguage\":\"fr-FR\",\"potentialAction\":[{\"@type\":\"ReadAction\",\"target\":[\"https:\\\/\\\/www.bellunopress.it\\\/2026\\\/04\\\/03\\\/via-feltre-unoccasione-per-ripensare-davvero-lo-spazio-pubblico-di-giulia-de-negri\\\/\"]}]},{\"@type\":\"ImageObject\",\"inLanguage\":\"fr-FR\",\"@id\":\"https:\\\/\\\/www.bellunopress.it\\\/2026\\\/04\\\/03\\\/via-feltre-unoccasione-per-ripensare-davvero-lo-spazio-pubblico-di-giulia-de-negri\\\/#primaryimage\",\"url\":\"https:\\\/\\\/www.bellunopress.it\\\/wp-content\\\/uploads\\\/2026\\\/04\\\/via-Feltre-render-Giulia-De-Negri.jpg\",\"contentUrl\":\"https:\\\/\\\/www.bellunopress.it\\\/wp-content\\\/uploads\\\/2026\\\/04\\\/via-Feltre-render-Giulia-De-Negri.jpg\",\"width\":600,\"height\":424},{\"@type\":\"BreadcrumbList\",\"@id\":\"https:\\\/\\\/www.bellunopress.it\\\/2026\\\/04\\\/03\\\/via-feltre-unoccasione-per-ripensare-davvero-lo-spazio-pubblico-di-giulia-de-negri\\\/#breadcrumb\",\"itemListElement\":[{\"@type\":\"ListItem\",\"position\":1,\"name\":\"Home\",\"item\":\"https:\\\/\\\/www.bellunopress.it\\\/\"},{\"@type\":\"ListItem\",\"position\":2,\"name\":\"Via Feltre, un&#8217;occasione per ripensare davvero lo spazio pubblico\u00a0 * di Giulia De Negri\"}]},{\"@type\":\"WebSite\",\"@id\":\"https:\\\/\\\/www.bellunopress.it\\\/#website\",\"url\":\"https:\\\/\\\/www.bellunopress.it\\\/\",\"name\":\"Bellunopress - Dolomiti\",\"description\":\"e-mail: redazione@bellunopress.it\",\"publisher\":{\"@id\":\"https:\\\/\\\/www.bellunopress.it\\\/#organization\"},\"potentialAction\":[{\"@type\":\"SearchAction\",\"target\":{\"@type\":\"EntryPoint\",\"urlTemplate\":\"https:\\\/\\\/www.bellunopress.it\\\/?s={search_term_string}\"},\"query-input\":{\"@type\":\"PropertyValueSpecification\",\"valueRequired\":true,\"valueName\":\"search_term_string\"}}],\"inLanguage\":\"fr-FR\"},{\"@type\":\"Organization\",\"@id\":\"https:\\\/\\\/www.bellunopress.it\\\/#organization\",\"name\":\"Bellunopress\",\"url\":\"https:\\\/\\\/www.bellunopress.it\\\/\",\"logo\":{\"@type\":\"ImageObject\",\"inLanguage\":\"fr-FR\",\"@id\":\"https:\\\/\\\/www.bellunopress.it\\\/#\\\/schema\\\/logo\\\/image\\\/\",\"url\":\"https:\\\/\\\/www.bellunopress.it\\\/wp-content\\\/uploads\\\/2011\\\/05\\\/cropped-logo-bellunopress-.jpg\",\"contentUrl\":\"https:\\\/\\\/www.bellunopress.it\\\/wp-content\\\/uploads\\\/2011\\\/05\\\/cropped-logo-bellunopress-.jpg\",\"width\":512,\"height\":512,\"caption\":\"Bellunopress\"},\"image\":{\"@id\":\"https:\\\/\\\/www.bellunopress.it\\\/#\\\/schema\\\/logo\\\/image\\\/\"},\"sameAs\":[\"https:\\\/\\\/www.facebook.com\\\/profile.php?id=100008943462799\",\"https:\\\/\\\/x.com\\\/bellunopress\",\"https:\\\/\\\/www.linkedin.com\\\/hp\\\/?dnr=JBzUWaJfMUw8vbXJJ2tVW5-I3jZKvC4wsoxE&amp;amp;amp;amp;amp;amp;trk=nav_responsive_tab_home\",\"https:\\\/\\\/www.youtube.com\\\/channel\\\/UCxL0wu1uN0_3_7hGG0306cw\"]},{\"@type\":\"Person\",\"@id\":\"https:\\\/\\\/www.bellunopress.it\\\/#\\\/schema\\\/person\\\/79bb06722b37ece1c03d3e94beb30d73\",\"name\":\"redazione\",\"image\":{\"@type\":\"ImageObject\",\"inLanguage\":\"fr-FR\",\"@id\":\"https:\\\/\\\/secure.gravatar.com\\\/avatar\\\/37d968a2e67a6fd04c169c4bdef102d0bc5d31b2546345219e348575eb80e9a0?s=96&d=mm&r=g\",\"url\":\"https:\\\/\\\/secure.gravatar.com\\\/avatar\\\/37d968a2e67a6fd04c169c4bdef102d0bc5d31b2546345219e348575eb80e9a0?s=96&d=mm&r=g\",\"contentUrl\":\"https:\\\/\\\/secure.gravatar.com\\\/avatar\\\/37d968a2e67a6fd04c169c4bdef102d0bc5d31b2546345219e348575eb80e9a0?s=96&d=mm&r=g\",\"caption\":\"redazione\"},\"sameAs\":[\"http:\\\/\\\/www.bellunopress.it\",\"https:\\\/\\\/x.com\\\/bellunopress\"],\"url\":\"https:\\\/\\\/www.bellunopress.it\\\/fr\\\/author\\\/redazione\\\/\"}]}<\/script>\n<!-- \/ Yoast SEO plugin. -->","yoast_head_json":{"title":"Via Feltre, un'occasione per ripensare davvero lo spazio pubblico\u00a0 * di Giulia De Negri - Bellunopress - Dolomiti","robots":{"index":"index","follow":"follow","max-snippet":"max-snippet:-1","max-image-preview":"max-image-preview:large","max-video-preview":"max-video-preview:-1"},"canonical":"https:\/\/www.bellunopress.it\/fr\/2026\/04\/03\/via-feltre-unoccasione-per-ripensare-davvero-lo-spazio-pubblico-di-giulia-de-negri\/","og_locale":"fr_FR","og_type":"article","og_title":"Via Feltre, un'occasione per ripensare davvero lo spazio pubblico\u00a0 * di Giulia De Negri - Bellunopress - Dolomiti","og_description":"Copenaghen, 03\/04\/2026 &#8211; Sono nata e cresciuta a Belluno e oggi vivo e lavoro a Copenaghen come architetto urbano presso Gehl. Questo significa guardare la mia citt\u00e0 con uno sguardo duplice: quello affettivo di chi la conosce da sempre e quello professionale di chi ogni giorno lavora su progetti di strade, piazze e quartieri in [&hellip;]","og_url":"https:\/\/www.bellunopress.it\/fr\/2026\/04\/03\/via-feltre-unoccasione-per-ripensare-davvero-lo-spazio-pubblico-di-giulia-de-negri\/","og_site_name":"Bellunopress - Dolomiti","article_publisher":"https:\/\/www.facebook.com\/profile.php?id=100008943462799","article_published_time":"2026-04-03T18:47:11+00:00","og_image":[{"width":600,"height":424,"url":"https:\/\/www.bellunopress.it\/wp-content\/uploads\/2026\/04\/via-Feltre-render-Giulia-De-Negri.jpg","type":"image\/jpeg"}],"author":"redazione","twitter_card":"summary_large_image","twitter_creator":"@bellunopress","twitter_site":"@bellunopress","twitter_misc":{"\u00c9crit par":"redazione","Dur\u00e9e de lecture estim\u00e9e":"4 minutes"},"schema":{"@context":"https:\/\/schema.org","@graph":[{"@type":"Article","@id":"https:\/\/www.bellunopress.it\/2026\/04\/03\/via-feltre-unoccasione-per-ripensare-davvero-lo-spazio-pubblico-di-giulia-de-negri\/#article","isPartOf":{"@id":"https:\/\/www.bellunopress.it\/2026\/04\/03\/via-feltre-unoccasione-per-ripensare-davvero-lo-spazio-pubblico-di-giulia-de-negri\/"},"author":{"name":"redazione","@id":"https:\/\/www.bellunopress.it\/#\/schema\/person\/79bb06722b37ece1c03d3e94beb30d73"},"headline":"Via Feltre, un&#8217;occasione per ripensare davvero lo spazio pubblico\u00a0 * di Giulia De Negri","datePublished":"2026-04-03T18:47:11+00:00","mainEntityOfPage":{"@id":"https:\/\/www.bellunopress.it\/2026\/04\/03\/via-feltre-unoccasione-per-ripensare-davvero-lo-spazio-pubblico-di-giulia-de-negri\/"},"wordCount":787,"publisher":{"@id":"https:\/\/www.bellunopress.it\/#organization"},"image":{"@id":"https:\/\/www.bellunopress.it\/2026\/04\/03\/via-feltre-unoccasione-per-ripensare-davvero-lo-spazio-pubblico-di-giulia-de-negri\/#primaryimage"},"thumbnailUrl":"https:\/\/www.bellunopress.it\/wp-content\/uploads\/2026\/04\/via-Feltre-render-Giulia-De-Negri.jpg","articleSection":["Lettere Opinioni","Prima Pagina"],"inLanguage":"fr-FR"},{"@type":"WebPage","@id":"https:\/\/www.bellunopress.it\/2026\/04\/03\/via-feltre-unoccasione-per-ripensare-davvero-lo-spazio-pubblico-di-giulia-de-negri\/","url":"https:\/\/www.bellunopress.it\/2026\/04\/03\/via-feltre-unoccasione-per-ripensare-davvero-lo-spazio-pubblico-di-giulia-de-negri\/","name":"Via Feltre, un'occasione per ripensare davvero lo spazio pubblico\u00a0 * di Giulia De Negri - Bellunopress - Dolomiti","isPartOf":{"@id":"https:\/\/www.bellunopress.it\/#website"},"primaryImageOfPage":{"@id":"https:\/\/www.bellunopress.it\/2026\/04\/03\/via-feltre-unoccasione-per-ripensare-davvero-lo-spazio-pubblico-di-giulia-de-negri\/#primaryimage"},"image":{"@id":"https:\/\/www.bellunopress.it\/2026\/04\/03\/via-feltre-unoccasione-per-ripensare-davvero-lo-spazio-pubblico-di-giulia-de-negri\/#primaryimage"},"thumbnailUrl":"https:\/\/www.bellunopress.it\/wp-content\/uploads\/2026\/04\/via-Feltre-render-Giulia-De-Negri.jpg","datePublished":"2026-04-03T18:47:11+00:00","breadcrumb":{"@id":"https:\/\/www.bellunopress.it\/2026\/04\/03\/via-feltre-unoccasione-per-ripensare-davvero-lo-spazio-pubblico-di-giulia-de-negri\/#breadcrumb"},"inLanguage":"fr-FR","potentialAction":[{"@type":"ReadAction","target":["https:\/\/www.bellunopress.it\/2026\/04\/03\/via-feltre-unoccasione-per-ripensare-davvero-lo-spazio-pubblico-di-giulia-de-negri\/"]}]},{"@type":"ImageObject","inLanguage":"fr-FR","@id":"https:\/\/www.bellunopress.it\/2026\/04\/03\/via-feltre-unoccasione-per-ripensare-davvero-lo-spazio-pubblico-di-giulia-de-negri\/#primaryimage","url":"https:\/\/www.bellunopress.it\/wp-content\/uploads\/2026\/04\/via-Feltre-render-Giulia-De-Negri.jpg","contentUrl":"https:\/\/www.bellunopress.it\/wp-content\/uploads\/2026\/04\/via-Feltre-render-Giulia-De-Negri.jpg","width":600,"height":424},{"@type":"BreadcrumbList","@id":"https:\/\/www.bellunopress.it\/2026\/04\/03\/via-feltre-unoccasione-per-ripensare-davvero-lo-spazio-pubblico-di-giulia-de-negri\/#breadcrumb","itemListElement":[{"@type":"ListItem","position":1,"name":"Home","item":"https:\/\/www.bellunopress.it\/"},{"@type":"ListItem","position":2,"name":"Via Feltre, un&#8217;occasione per ripensare davvero lo spazio pubblico\u00a0 * di Giulia De Negri"}]},{"@type":"WebSite","@id":"https:\/\/www.bellunopress.it\/#website","url":"https:\/\/www.bellunopress.it\/","name":"Bellunopress - Dolomiti","description":"e-mail: redazione@bellunopress.it","publisher":{"@id":"https:\/\/www.bellunopress.it\/#organization"},"potentialAction":[{"@type":"SearchAction","target":{"@type":"EntryPoint","urlTemplate":"https:\/\/www.bellunopress.it\/?s={search_term_string}"},"query-input":{"@type":"PropertyValueSpecification","valueRequired":true,"valueName":"search_term_string"}}],"inLanguage":"fr-FR"},{"@type":"Organization","@id":"https:\/\/www.bellunopress.it\/#organization","name":"Bellunopress","url":"https:\/\/www.bellunopress.it\/","logo":{"@type":"ImageObject","inLanguage":"fr-FR","@id":"https:\/\/www.bellunopress.it\/#\/schema\/logo\/image\/","url":"https:\/\/www.bellunopress.it\/wp-content\/uploads\/2011\/05\/cropped-logo-bellunopress-.jpg","contentUrl":"https:\/\/www.bellunopress.it\/wp-content\/uploads\/2011\/05\/cropped-logo-bellunopress-.jpg","width":512,"height":512,"caption":"Bellunopress"},"image":{"@id":"https:\/\/www.bellunopress.it\/#\/schema\/logo\/image\/"},"sameAs":["https:\/\/www.facebook.com\/profile.php?id=100008943462799","https:\/\/x.com\/bellunopress","https:\/\/www.linkedin.com\/hp\/?dnr=JBzUWaJfMUw8vbXJJ2tVW5-I3jZKvC4wsoxE&amp;amp;amp;amp;amp;amp;trk=nav_responsive_tab_home","https:\/\/www.youtube.com\/channel\/UCxL0wu1uN0_3_7hGG0306cw"]},{"@type":"Person","@id":"https:\/\/www.bellunopress.it\/#\/schema\/person\/79bb06722b37ece1c03d3e94beb30d73","name":"r\u00e9daction","image":{"@type":"ImageObject","inLanguage":"fr-FR","@id":"https:\/\/secure.gravatar.com\/avatar\/37d968a2e67a6fd04c169c4bdef102d0bc5d31b2546345219e348575eb80e9a0?s=96&d=mm&r=g","url":"https:\/\/secure.gravatar.com\/avatar\/37d968a2e67a6fd04c169c4bdef102d0bc5d31b2546345219e348575eb80e9a0?s=96&d=mm&r=g","contentUrl":"https:\/\/secure.gravatar.com\/avatar\/37d968a2e67a6fd04c169c4bdef102d0bc5d31b2546345219e348575eb80e9a0?s=96&d=mm&r=g","caption":"redazione"},"sameAs":["http:\/\/www.bellunopress.it","https:\/\/x.com\/bellunopress"],"url":"https:\/\/www.bellunopress.it\/fr\/author\/redazione\/"}]}},"_links":{"self":[{"href":"https:\/\/www.bellunopress.it\/fr\/wp-json\/wp\/v2\/posts\/168781","targetHints":{"allow":["GET"]}}],"collection":[{"href":"https:\/\/www.bellunopress.it\/fr\/wp-json\/wp\/v2\/posts"}],"about":[{"href":"https:\/\/www.bellunopress.it\/fr\/wp-json\/wp\/v2\/types\/post"}],"author":[{"embeddable":true,"href":"https:\/\/www.bellunopress.it\/fr\/wp-json\/wp\/v2\/users\/2"}],"replies":[{"embeddable":true,"href":"https:\/\/www.bellunopress.it\/fr\/wp-json\/wp\/v2\/comments?post=168781"}],"version-history":[{"count":1,"href":"https:\/\/www.bellunopress.it\/fr\/wp-json\/wp\/v2\/posts\/168781\/revisions"}],"predecessor-version":[{"id":168783,"href":"https:\/\/www.bellunopress.it\/fr\/wp-json\/wp\/v2\/posts\/168781\/revisions\/168783"}],"wp:featuredmedia":[{"embeddable":true,"href":"https:\/\/www.bellunopress.it\/fr\/wp-json\/wp\/v2\/media\/168782"}],"wp:attachment":[{"href":"https:\/\/www.bellunopress.it\/fr\/wp-json\/wp\/v2\/media?parent=168781"}],"wp:term":[{"taxonomy":"category","embeddable":true,"href":"https:\/\/www.bellunopress.it\/fr\/wp-json\/wp\/v2\/categories?post=168781"},{"taxonomy":"post_tag","embeddable":true,"href":"https:\/\/www.bellunopress.it\/fr\/wp-json\/wp\/v2\/tags?post=168781"}],"curies":[{"name":"wp","href":"https:\/\/api.w.org\/{rel}","templated":true}]}}