{"id":168779,"date":"2026-04-05T18:18:48","date_gmt":"2026-04-05T16:18:48","guid":{"rendered":"https:\/\/www.bellunopress.it\/?p=168779"},"modified":"2026-04-03T18:39:57","modified_gmt":"2026-04-03T16:39:57","slug":"matteo-gracis-lunedi-al-comunale-con-il-suo-monologo-fuorilegge","status":"publish","type":"post","link":"https:\/\/www.bellunopress.it\/fr\/2026\/04\/05\/matteo-gracis-lunedi-al-comunale-con-il-suo-monologo-fuorilegge\/","title":{"rendered":"Matteo Gracis luned\u00ec al Comunale con il suo monologo &#8220;Fuorilegge&#8221;"},"content":{"rendered":"<p>Luned\u00ec 13 aprile alle ore 21:00 al Teatro Buzzati di Belluno va in scena Matteo Gracis, giornalista indipendente e fondatore del progetto L&#8217;Indipendente, con il monologo il &#8220;Fuorilegge&#8221;.<\/p>\n<p>Fuori Gregge non \u00e8 solo uno spettacolo, ma un momento di confronto e stimolo: un invito a uscire dalla massa, a rompere gli schemi mentali imposti e ad abbracciare una visione pi\u00f9 consapevole, critica e autonoma della realt\u00e0. Un evento pensato per chi non si accontenta, per chi cerca risposte, ma soprattutto per chi ha ancora il coraggio di farsi domande.<\/p>\n<p>Lo spettacolo esplora il complesso rapporto tra informazione e percezione: come si formano le opinioni, chi orienta il racconto pubblico e quanto ci\u00f2 che vediamo corrisponda davvero ai fatti. Con uno sguardo critico e mai accomodante, Gracis attraversa i grandi temi del presente \u2014 dalla geopolitica ai conflitti fino alle dinamiche del consenso \u2014 portando alla luce contraddizioni e zone d\u2019ombra.<\/p>\n<p>Tra satira e denuncia, approfondimento e ironia, Gracis costruisce un racconto tagliente e provocatorio, che rompe schemi consolidati e coinvolge direttamente il pubblico, invitandolo a interrogarsi e a riconsiderare il proprio sguardo sulla realt\u00e0.<\/p>\n<p>Oltre alla critica, emerge una direzione chiara: \u201cFUORIGREGGE\u201d \u00e8 anche un inno alla consapevolezza, un percorso che invita ad andare oltre il disincanto e le contraddizioni del presente.<\/p>\n<p>Perch\u00e9, nonostante i temi complessi affrontati, a prevalere \u00e8 un messaggio positivo, capace di infondere coraggio, fiducia e gratitudine, restituendo valore al pensiero critico e alla responsabilit\u00e0 individuale.<\/p>\n<p>Matteo Gracis \u00e8 nato a Pieve di Cadore nel 1983. Giornalista, pensatore libero e autore bestseller, \u00e8 direttore della rivista Dolce Vita e fondatore del giornale online L\u2019Indipendente. \u00c8 stato assistente alla comunicazione di un deputato della Repubblica Italiana. Con oltre 1,3 milioni di follower sulle varie piattaforme social, \u00e8 una figura di spicco nel panorama dell\u2019informazione indipendente, capace di intercettare con sempre maggior efficacia un pubblico ampio e trasversale.<\/p>\n<p>Parallelamente all&#8217;attivit\u00e0 giornalistica ha pubblicato diversi libri tra cui &#8220;Il Sorriso del Guerriero&#8221;, &#8220;Tutto il bene del mondo&#8221;, &#8220;Manuale di sopravvivenza per esseri umani che si sentono alieni&#8221;, &#8220;Compiti per anima irrequieta&#8221;, &#8220;Canapa. Una storia incredibile&#8221; e &#8220;Lontano. Dieci viaggi che cambiano la vita&#8221;.<\/p>\n<p>&nbsp;<\/p>","protected":false},"excerpt":{"rendered":"<p>Luned\u00ec 13 aprile alle ore 21:00 al Teatro Buzzati di Belluno va in scena Matteo Gracis, giornalista indipendente e fondatore del progetto L&#8217;Indipendente, con il monologo il &#8220;Fuorilegge&#8221;. Fuori Gregge non \u00e8 solo uno spettacolo, ma un momento di confronto e stimolo: un invito a uscire dalla massa, a rompere gli schemi mentali imposti e [&hellip;]<\/p>\n","protected":false},"author":2,"featured_media":155535,"comment_status":"closed","ping_status":"open","sticky":false,"template":"","format":"standard","meta":{"footnotes":""},"categories":[27],"tags":[],"class_list":["post-168779","post","type-post","status-publish","format-standard","has-post-thumbnail","category-appuntamenti"],"yoast_head":"<!-- This site is optimized with the Yoast SEO plugin v28.4 - https:\/\/yoast.com\/product\/yoast-seo-wordpress\/ -->\n<title>Matteo Gracis luned\u00ec al Comunale con il suo monologo &quot;Fuorilegge&quot; - Bellunopress - Dolomiti<\/title>\n<meta name=\"robots\" content=\"index, follow, max-snippet:-1, max-image-preview:large, max-video-preview:-1\" \/>\n<link rel=\"canonical\" href=\"https:\/\/www.bellunopress.it\/fr\/2026\/04\/05\/matteo-gracis-lunedi-al-comunale-con-il-suo-monologo-fuorilegge\/\" \/>\n<meta property=\"og:locale\" content=\"fr_FR\" \/>\n<meta property=\"og:type\" content=\"article\" \/>\n<meta property=\"og:title\" content=\"Matteo Gracis luned\u00ec al Comunale con il suo monologo &quot;Fuorilegge&quot; - Bellunopress - Dolomiti\" \/>\n<meta property=\"og:description\" content=\"Luned\u00ec 13 aprile alle ore 21:00 al Teatro Buzzati di Belluno va in scena Matteo Gracis, giornalista indipendente e fondatore del progetto L&#8217;Indipendente, con il monologo il &#8220;Fuorilegge&#8221;. Fuori Gregge non \u00e8 solo uno spettacolo, ma un momento di confronto e stimolo: un invito a uscire dalla massa, a rompere gli schemi mentali imposti e [&hellip;]\" \/>\n<meta property=\"og:url\" content=\"https:\/\/www.bellunopress.it\/fr\/2026\/04\/05\/matteo-gracis-lunedi-al-comunale-con-il-suo-monologo-fuorilegge\/\" \/>\n<meta property=\"og:site_name\" content=\"Bellunopress - Dolomiti\" \/>\n<meta property=\"article:publisher\" content=\"https:\/\/www.facebook.com\/profile.php?id=100008943462799\" \/>\n<meta property=\"article:published_time\" content=\"2026-04-05T16:18:48+00:00\" \/>\n<meta property=\"og:image\" content=\"https:\/\/www.bellunopress.it\/wp-content\/uploads\/2024\/11\/teatro-comunale-dino-buzzati.jpg\" \/>\n\t<meta property=\"og:image:width\" content=\"1000\" \/>\n\t<meta property=\"og:image:height\" content=\"750\" \/>\n\t<meta property=\"og:image:type\" content=\"image\/jpeg\" \/>\n<meta name=\"author\" content=\"redazione\" \/>\n<meta name=\"twitter:card\" content=\"summary_large_image\" \/>\n<meta name=\"twitter:creator\" content=\"@bellunopress\" \/>\n<meta name=\"twitter:site\" content=\"@bellunopress\" \/>\n<meta name=\"twitter:label1\" content=\"\u00c9crit par\" \/>\n\t<meta name=\"twitter:data1\" content=\"redazione\" \/>\n\t<meta name=\"twitter:label2\" content=\"Dur\u00e9e de lecture estim\u00e9e\" \/>\n\t<meta name=\"twitter:data2\" content=\"2 minutes\" \/>\n<script type=\"application\/ld+json\" class=\"yoast-schema-graph\">{\"@context\":\"https:\\\/\\\/schema.org\",\"@graph\":[{\"@type\":\"Article\",\"@id\":\"https:\\\/\\\/www.bellunopress.it\\\/2026\\\/04\\\/05\\\/matteo-gracis-lunedi-al-comunale-con-il-suo-monologo-fuorilegge\\\/#article\",\"isPartOf\":{\"@id\":\"https:\\\/\\\/www.bellunopress.it\\\/2026\\\/04\\\/05\\\/matteo-gracis-lunedi-al-comunale-con-il-suo-monologo-fuorilegge\\\/\"},\"author\":{\"name\":\"redazione\",\"@id\":\"https:\\\/\\\/www.bellunopress.it\\\/#\\\/schema\\\/person\\\/79bb06722b37ece1c03d3e94beb30d73\"},\"headline\":\"Matteo Gracis luned\u00ec al Comunale con il suo monologo &#8220;Fuorilegge&#8221;\",\"datePublished\":\"2026-04-05T16:18:48+00:00\",\"mainEntityOfPage\":{\"@id\":\"https:\\\/\\\/www.bellunopress.it\\\/2026\\\/04\\\/05\\\/matteo-gracis-lunedi-al-comunale-con-il-suo-monologo-fuorilegge\\\/\"},\"wordCount\":357,\"publisher\":{\"@id\":\"https:\\\/\\\/www.bellunopress.it\\\/#organization\"},\"image\":{\"@id\":\"https:\\\/\\\/www.bellunopress.it\\\/2026\\\/04\\\/05\\\/matteo-gracis-lunedi-al-comunale-con-il-suo-monologo-fuorilegge\\\/#primaryimage\"},\"thumbnailUrl\":\"https:\\\/\\\/www.bellunopress.it\\\/wp-content\\\/uploads\\\/2024\\\/11\\\/teatro-comunale-dino-buzzati.jpg\",\"articleSection\":[\"Appuntamenti, Eventi\"],\"inLanguage\":\"fr-FR\"},{\"@type\":\"WebPage\",\"@id\":\"https:\\\/\\\/www.bellunopress.it\\\/2026\\\/04\\\/05\\\/matteo-gracis-lunedi-al-comunale-con-il-suo-monologo-fuorilegge\\\/\",\"url\":\"https:\\\/\\\/www.bellunopress.it\\\/2026\\\/04\\\/05\\\/matteo-gracis-lunedi-al-comunale-con-il-suo-monologo-fuorilegge\\\/\",\"name\":\"Matteo Gracis luned\u00ec al Comunale con il suo monologo \\\"Fuorilegge\\\" - Bellunopress - Dolomiti\",\"isPartOf\":{\"@id\":\"https:\\\/\\\/www.bellunopress.it\\\/#website\"},\"primaryImageOfPage\":{\"@id\":\"https:\\\/\\\/www.bellunopress.it\\\/2026\\\/04\\\/05\\\/matteo-gracis-lunedi-al-comunale-con-il-suo-monologo-fuorilegge\\\/#primaryimage\"},\"image\":{\"@id\":\"https:\\\/\\\/www.bellunopress.it\\\/2026\\\/04\\\/05\\\/matteo-gracis-lunedi-al-comunale-con-il-suo-monologo-fuorilegge\\\/#primaryimage\"},\"thumbnailUrl\":\"https:\\\/\\\/www.bellunopress.it\\\/wp-content\\\/uploads\\\/2024\\\/11\\\/teatro-comunale-dino-buzzati.jpg\",\"datePublished\":\"2026-04-05T16:18:48+00:00\",\"breadcrumb\":{\"@id\":\"https:\\\/\\\/www.bellunopress.it\\\/2026\\\/04\\\/05\\\/matteo-gracis-lunedi-al-comunale-con-il-suo-monologo-fuorilegge\\\/#breadcrumb\"},\"inLanguage\":\"fr-FR\",\"potentialAction\":[{\"@type\":\"ReadAction\",\"target\":[\"https:\\\/\\\/www.bellunopress.it\\\/2026\\\/04\\\/05\\\/matteo-gracis-lunedi-al-comunale-con-il-suo-monologo-fuorilegge\\\/\"]}]},{\"@type\":\"ImageObject\",\"inLanguage\":\"fr-FR\",\"@id\":\"https:\\\/\\\/www.bellunopress.it\\\/2026\\\/04\\\/05\\\/matteo-gracis-lunedi-al-comunale-con-il-suo-monologo-fuorilegge\\\/#primaryimage\",\"url\":\"https:\\\/\\\/www.bellunopress.it\\\/wp-content\\\/uploads\\\/2024\\\/11\\\/teatro-comunale-dino-buzzati.jpg\",\"contentUrl\":\"https:\\\/\\\/www.bellunopress.it\\\/wp-content\\\/uploads\\\/2024\\\/11\\\/teatro-comunale-dino-buzzati.jpg\",\"width\":1000,\"height\":750,\"caption\":\"Teatro Comunale \\\"Dino Buzzati\\\" di Belluno\"},{\"@type\":\"BreadcrumbList\",\"@id\":\"https:\\\/\\\/www.bellunopress.it\\\/2026\\\/04\\\/05\\\/matteo-gracis-lunedi-al-comunale-con-il-suo-monologo-fuorilegge\\\/#breadcrumb\",\"itemListElement\":[{\"@type\":\"ListItem\",\"position\":1,\"name\":\"Home\",\"item\":\"https:\\\/\\\/www.bellunopress.it\\\/\"},{\"@type\":\"ListItem\",\"position\":2,\"name\":\"Matteo Gracis luned\u00ec al Comunale con il suo monologo &#8220;Fuorilegge&#8221;\"}]},{\"@type\":\"WebSite\",\"@id\":\"https:\\\/\\\/www.bellunopress.it\\\/#website\",\"url\":\"https:\\\/\\\/www.bellunopress.it\\\/\",\"name\":\"Bellunopress - Dolomiti\",\"description\":\"e-mail: redazione@bellunopress.it\",\"publisher\":{\"@id\":\"https:\\\/\\\/www.bellunopress.it\\\/#organization\"},\"potentialAction\":[{\"@type\":\"SearchAction\",\"target\":{\"@type\":\"EntryPoint\",\"urlTemplate\":\"https:\\\/\\\/www.bellunopress.it\\\/?s={search_term_string}\"},\"query-input\":{\"@type\":\"PropertyValueSpecification\",\"valueRequired\":true,\"valueName\":\"search_term_string\"}}],\"inLanguage\":\"fr-FR\"},{\"@type\":\"Organization\",\"@id\":\"https:\\\/\\\/www.bellunopress.it\\\/#organization\",\"name\":\"Bellunopress\",\"url\":\"https:\\\/\\\/www.bellunopress.it\\\/\",\"logo\":{\"@type\":\"ImageObject\",\"inLanguage\":\"fr-FR\",\"@id\":\"https:\\\/\\\/www.bellunopress.it\\\/#\\\/schema\\\/logo\\\/image\\\/\",\"url\":\"https:\\\/\\\/www.bellunopress.it\\\/wp-content\\\/uploads\\\/2011\\\/05\\\/cropped-logo-bellunopress-.jpg\",\"contentUrl\":\"https:\\\/\\\/www.bellunopress.it\\\/wp-content\\\/uploads\\\/2011\\\/05\\\/cropped-logo-bellunopress-.jpg\",\"width\":512,\"height\":512,\"caption\":\"Bellunopress\"},\"image\":{\"@id\":\"https:\\\/\\\/www.bellunopress.it\\\/#\\\/schema\\\/logo\\\/image\\\/\"},\"sameAs\":[\"https:\\\/\\\/www.facebook.com\\\/profile.php?id=100008943462799\",\"https:\\\/\\\/x.com\\\/bellunopress\",\"https:\\\/\\\/www.linkedin.com\\\/hp\\\/?dnr=JBzUWaJfMUw8vbXJJ2tVW5-I3jZKvC4wsoxE&amp;amp;amp;amp;amp;amp;trk=nav_responsive_tab_home\",\"https:\\\/\\\/www.youtube.com\\\/channel\\\/UCxL0wu1uN0_3_7hGG0306cw\"]},{\"@type\":\"Person\",\"@id\":\"https:\\\/\\\/www.bellunopress.it\\\/#\\\/schema\\\/person\\\/79bb06722b37ece1c03d3e94beb30d73\",\"name\":\"redazione\",\"image\":{\"@type\":\"ImageObject\",\"inLanguage\":\"fr-FR\",\"@id\":\"https:\\\/\\\/secure.gravatar.com\\\/avatar\\\/37d968a2e67a6fd04c169c4bdef102d0bc5d31b2546345219e348575eb80e9a0?s=96&d=mm&r=g\",\"url\":\"https:\\\/\\\/secure.gravatar.com\\\/avatar\\\/37d968a2e67a6fd04c169c4bdef102d0bc5d31b2546345219e348575eb80e9a0?s=96&d=mm&r=g\",\"contentUrl\":\"https:\\\/\\\/secure.gravatar.com\\\/avatar\\\/37d968a2e67a6fd04c169c4bdef102d0bc5d31b2546345219e348575eb80e9a0?s=96&d=mm&r=g\",\"caption\":\"redazione\"},\"sameAs\":[\"http:\\\/\\\/www.bellunopress.it\",\"https:\\\/\\\/x.com\\\/bellunopress\"],\"url\":\"https:\\\/\\\/www.bellunopress.it\\\/fr\\\/author\\\/redazione\\\/\"}]}<\/script>\n<!-- \/ Yoast SEO plugin. -->","yoast_head_json":{"title":"Matteo Gracis luned\u00ec al Comunale con il suo monologo \"Fuorilegge\" - Bellunopress - Dolomiti","robots":{"index":"index","follow":"follow","max-snippet":"max-snippet:-1","max-image-preview":"max-image-preview:large","max-video-preview":"max-video-preview:-1"},"canonical":"https:\/\/www.bellunopress.it\/fr\/2026\/04\/05\/matteo-gracis-lunedi-al-comunale-con-il-suo-monologo-fuorilegge\/","og_locale":"fr_FR","og_type":"article","og_title":"Matteo Gracis luned\u00ec al Comunale con il suo monologo \"Fuorilegge\" - Bellunopress - Dolomiti","og_description":"Luned\u00ec 13 aprile alle ore 21:00 al Teatro Buzzati di Belluno va in scena Matteo Gracis, giornalista indipendente e fondatore del progetto L&#8217;Indipendente, con il monologo il &#8220;Fuorilegge&#8221;. Fuori Gregge non \u00e8 solo uno spettacolo, ma un momento di confronto e stimolo: un invito a uscire dalla massa, a rompere gli schemi mentali imposti e [&hellip;]","og_url":"https:\/\/www.bellunopress.it\/fr\/2026\/04\/05\/matteo-gracis-lunedi-al-comunale-con-il-suo-monologo-fuorilegge\/","og_site_name":"Bellunopress - Dolomiti","article_publisher":"https:\/\/www.facebook.com\/profile.php?id=100008943462799","article_published_time":"2026-04-05T16:18:48+00:00","og_image":[{"width":1000,"height":750,"url":"https:\/\/www.bellunopress.it\/wp-content\/uploads\/2024\/11\/teatro-comunale-dino-buzzati.jpg","type":"image\/jpeg"}],"author":"redazione","twitter_card":"summary_large_image","twitter_creator":"@bellunopress","twitter_site":"@bellunopress","twitter_misc":{"\u00c9crit par":"redazione","Dur\u00e9e de lecture estim\u00e9e":"2 minutes"},"schema":{"@context":"https:\/\/schema.org","@graph":[{"@type":"Article","@id":"https:\/\/www.bellunopress.it\/2026\/04\/05\/matteo-gracis-lunedi-al-comunale-con-il-suo-monologo-fuorilegge\/#article","isPartOf":{"@id":"https:\/\/www.bellunopress.it\/2026\/04\/05\/matteo-gracis-lunedi-al-comunale-con-il-suo-monologo-fuorilegge\/"},"author":{"name":"redazione","@id":"https:\/\/www.bellunopress.it\/#\/schema\/person\/79bb06722b37ece1c03d3e94beb30d73"},"headline":"Matteo Gracis luned\u00ec al Comunale con il suo monologo &#8220;Fuorilegge&#8221;","datePublished":"2026-04-05T16:18:48+00:00","mainEntityOfPage":{"@id":"https:\/\/www.bellunopress.it\/2026\/04\/05\/matteo-gracis-lunedi-al-comunale-con-il-suo-monologo-fuorilegge\/"},"wordCount":357,"publisher":{"@id":"https:\/\/www.bellunopress.it\/#organization"},"image":{"@id":"https:\/\/www.bellunopress.it\/2026\/04\/05\/matteo-gracis-lunedi-al-comunale-con-il-suo-monologo-fuorilegge\/#primaryimage"},"thumbnailUrl":"https:\/\/www.bellunopress.it\/wp-content\/uploads\/2024\/11\/teatro-comunale-dino-buzzati.jpg","articleSection":["Appuntamenti, Eventi"],"inLanguage":"fr-FR"},{"@type":"WebPage","@id":"https:\/\/www.bellunopress.it\/2026\/04\/05\/matteo-gracis-lunedi-al-comunale-con-il-suo-monologo-fuorilegge\/","url":"https:\/\/www.bellunopress.it\/2026\/04\/05\/matteo-gracis-lunedi-al-comunale-con-il-suo-monologo-fuorilegge\/","name":"Matteo Gracis luned\u00ec al Comunale con il suo monologo \"Fuorilegge\" - Bellunopress - Dolomiti","isPartOf":{"@id":"https:\/\/www.bellunopress.it\/#website"},"primaryImageOfPage":{"@id":"https:\/\/www.bellunopress.it\/2026\/04\/05\/matteo-gracis-lunedi-al-comunale-con-il-suo-monologo-fuorilegge\/#primaryimage"},"image":{"@id":"https:\/\/www.bellunopress.it\/2026\/04\/05\/matteo-gracis-lunedi-al-comunale-con-il-suo-monologo-fuorilegge\/#primaryimage"},"thumbnailUrl":"https:\/\/www.bellunopress.it\/wp-content\/uploads\/2024\/11\/teatro-comunale-dino-buzzati.jpg","datePublished":"2026-04-05T16:18:48+00:00","breadcrumb":{"@id":"https:\/\/www.bellunopress.it\/2026\/04\/05\/matteo-gracis-lunedi-al-comunale-con-il-suo-monologo-fuorilegge\/#breadcrumb"},"inLanguage":"fr-FR","potentialAction":[{"@type":"ReadAction","target":["https:\/\/www.bellunopress.it\/2026\/04\/05\/matteo-gracis-lunedi-al-comunale-con-il-suo-monologo-fuorilegge\/"]}]},{"@type":"ImageObject","inLanguage":"fr-FR","@id":"https:\/\/www.bellunopress.it\/2026\/04\/05\/matteo-gracis-lunedi-al-comunale-con-il-suo-monologo-fuorilegge\/#primaryimage","url":"https:\/\/www.bellunopress.it\/wp-content\/uploads\/2024\/11\/teatro-comunale-dino-buzzati.jpg","contentUrl":"https:\/\/www.bellunopress.it\/wp-content\/uploads\/2024\/11\/teatro-comunale-dino-buzzati.jpg","width":1000,"height":750,"caption":"Teatro Comunale \"Dino Buzzati\" di Belluno"},{"@type":"BreadcrumbList","@id":"https:\/\/www.bellunopress.it\/2026\/04\/05\/matteo-gracis-lunedi-al-comunale-con-il-suo-monologo-fuorilegge\/#breadcrumb","itemListElement":[{"@type":"ListItem","position":1,"name":"Home","item":"https:\/\/www.bellunopress.it\/"},{"@type":"ListItem","position":2,"name":"Matteo Gracis luned\u00ec al Comunale con il suo monologo &#8220;Fuorilegge&#8221;"}]},{"@type":"WebSite","@id":"https:\/\/www.bellunopress.it\/#website","url":"https:\/\/www.bellunopress.it\/","name":"Bellunopress - Dolomiti","description":"e-mail: redazione@bellunopress.it","publisher":{"@id":"https:\/\/www.bellunopress.it\/#organization"},"potentialAction":[{"@type":"SearchAction","target":{"@type":"EntryPoint","urlTemplate":"https:\/\/www.bellunopress.it\/?s={search_term_string}"},"query-input":{"@type":"PropertyValueSpecification","valueRequired":true,"valueName":"search_term_string"}}],"inLanguage":"fr-FR"},{"@type":"Organization","@id":"https:\/\/www.bellunopress.it\/#organization","name":"Bellunopress","url":"https:\/\/www.bellunopress.it\/","logo":{"@type":"ImageObject","inLanguage":"fr-FR","@id":"https:\/\/www.bellunopress.it\/#\/schema\/logo\/image\/","url":"https:\/\/www.bellunopress.it\/wp-content\/uploads\/2011\/05\/cropped-logo-bellunopress-.jpg","contentUrl":"https:\/\/www.bellunopress.it\/wp-content\/uploads\/2011\/05\/cropped-logo-bellunopress-.jpg","width":512,"height":512,"caption":"Bellunopress"},"image":{"@id":"https:\/\/www.bellunopress.it\/#\/schema\/logo\/image\/"},"sameAs":["https:\/\/www.facebook.com\/profile.php?id=100008943462799","https:\/\/x.com\/bellunopress","https:\/\/www.linkedin.com\/hp\/?dnr=JBzUWaJfMUw8vbXJJ2tVW5-I3jZKvC4wsoxE&amp;amp;amp;amp;amp;amp;trk=nav_responsive_tab_home","https:\/\/www.youtube.com\/channel\/UCxL0wu1uN0_3_7hGG0306cw"]},{"@type":"Person","@id":"https:\/\/www.bellunopress.it\/#\/schema\/person\/79bb06722b37ece1c03d3e94beb30d73","name":"r\u00e9daction","image":{"@type":"ImageObject","inLanguage":"fr-FR","@id":"https:\/\/secure.gravatar.com\/avatar\/37d968a2e67a6fd04c169c4bdef102d0bc5d31b2546345219e348575eb80e9a0?s=96&d=mm&r=g","url":"https:\/\/secure.gravatar.com\/avatar\/37d968a2e67a6fd04c169c4bdef102d0bc5d31b2546345219e348575eb80e9a0?s=96&d=mm&r=g","contentUrl":"https:\/\/secure.gravatar.com\/avatar\/37d968a2e67a6fd04c169c4bdef102d0bc5d31b2546345219e348575eb80e9a0?s=96&d=mm&r=g","caption":"redazione"},"sameAs":["http:\/\/www.bellunopress.it","https:\/\/x.com\/bellunopress"],"url":"https:\/\/www.bellunopress.it\/fr\/author\/redazione\/"}]}},"_links":{"self":[{"href":"https:\/\/www.bellunopress.it\/fr\/wp-json\/wp\/v2\/posts\/168779","targetHints":{"allow":["GET"]}}],"collection":[{"href":"https:\/\/www.bellunopress.it\/fr\/wp-json\/wp\/v2\/posts"}],"about":[{"href":"https:\/\/www.bellunopress.it\/fr\/wp-json\/wp\/v2\/types\/post"}],"author":[{"embeddable":true,"href":"https:\/\/www.bellunopress.it\/fr\/wp-json\/wp\/v2\/users\/2"}],"replies":[{"embeddable":true,"href":"https:\/\/www.bellunopress.it\/fr\/wp-json\/wp\/v2\/comments?post=168779"}],"version-history":[{"count":1,"href":"https:\/\/www.bellunopress.it\/fr\/wp-json\/wp\/v2\/posts\/168779\/revisions"}],"predecessor-version":[{"id":168780,"href":"https:\/\/www.bellunopress.it\/fr\/wp-json\/wp\/v2\/posts\/168779\/revisions\/168780"}],"wp:featuredmedia":[{"embeddable":true,"href":"https:\/\/www.bellunopress.it\/fr\/wp-json\/wp\/v2\/media\/155535"}],"wp:attachment":[{"href":"https:\/\/www.bellunopress.it\/fr\/wp-json\/wp\/v2\/media?parent=168779"}],"wp:term":[{"taxonomy":"category","embeddable":true,"href":"https:\/\/www.bellunopress.it\/fr\/wp-json\/wp\/v2\/categories?post=168779"},{"taxonomy":"post_tag","embeddable":true,"href":"https:\/\/www.bellunopress.it\/fr\/wp-json\/wp\/v2\/tags?post=168779"}],"curies":[{"name":"wp","href":"https:\/\/api.w.org\/{rel}","templated":true}]}}