{"id":168766,"date":"2026-04-03T07:34:53","date_gmt":"2026-04-03T05:34:53","guid":{"rendered":"https:\/\/www.bellunopress.it\/?p=168766"},"modified":"2026-04-03T07:34:53","modified_gmt":"2026-04-03T05:34:53","slug":"sicurezza-sul-lavoro-lallarme-di-fillea-e-cgil-a-belluno-troppi-infortuni-non-chiamateli-fatalita","status":"publish","type":"post","link":"https:\/\/www.bellunopress.it\/fr\/2026\/04\/03\/sicurezza-sul-lavoro-lallarme-di-fillea-e-cgil-a-belluno-troppi-infortuni-non-chiamateli-fatalita\/","title":{"rendered":"Sicurezza sul lavoro, l&#8217;allarme di Fillea e Cgil: \u00abA Belluno troppi infortuni, non chiamateli fatalit\u00e0\u00bb"},"content":{"rendered":"<p data-path-to-node=\"3\"><b data-path-to-node=\"3\" data-index-in-node=\"0\">Crescono le denunce nei primi mesi del 2026. Sotto accusa le cadute dall&#8217;alto e la formazione &#8220;fittizia&#8221;. Il sindacato: \u00abNon \u00e8 un costo, ma un diritto: servono controlli serrati e stop alla precariet\u00e0\u00bb.<\/b><\/p>\n<p data-path-to-node=\"4\">Belluno, 03\/04\/2026\u00a0\u2013 Non \u00e8 un bollettino di guerra, ma i numeri iniziano a somigliargli terribilmente. La provincia di Belluno si scopre vulnerabile e ferita dai continui incidenti nei cantieri edili. L\u2019ultimo grido d\u2019allarme arriva congiuntamente da Fillea e Cgil Belluno, che denunciano una situazione ormai insostenibile: una scia di infortuni che, nelle ultime settimane, ha visto come tragico denominatore comune la caduta dall\u2019alto.<\/p>\n<h3 data-path-to-node=\"5\">I numeri della crisi<\/h3>\n<p data-path-to-node=\"6\">I dati INAIL scattano una fotografia nitida e preoccupante del territorio. Se il 2025 si era chiuso con un bilancio pesante di 2.881 infortuni denunciati in provincia, l\u2019inizio del 2026 segna un\u2019accelerazione preoccupante:<\/p>\n<ul data-path-to-node=\"7\">\n<li>\n<p data-path-to-node=\"7,0,0\">Gennaio 2025: 216 denunce<\/p>\n<\/li>\n<li>\n<p data-path-to-node=\"7,1,0\">Gennaio 2026: 242 denunce<\/p>\n<\/li>\n<\/ul>\n<p data-path-to-node=\"8\">Un incremento che dimostra come, nonostante la tecnologia e le normative, il rischio per chi lavora sui tetti o sui ponteggi del bellunese sia in costante aumento.<\/p>\n<h3 data-path-to-node=\"9\">Oltre la &#8220;fatalit\u00e0&#8221;: il peso dei subappalti<\/h3>\n<p data-path-to-node=\"10\">Per il sindacato, parlare di sfortuna \u00e8 un errore concettuale e morale. \u00abNon si tratta di fatalit\u00e0\u00bb, chiariscono i rappresentanti dei lavoratori. \u00abLa maggior parte di questi incidenti \u00e8 prevedibile e prevenibile\u00bb.<\/p>\n<p data-path-to-node=\"11\">Il dito \u00e8 puntato contro un sistema che spesso sacrifica la vita umana sull&#8217;altare della produttivit\u00e0. Tra le cause identificate figurano:<\/p>\n<ol start=\"1\" data-path-to-node=\"12\">\n<li>\n<p data-path-to-node=\"12,0,0\">Ritmi serrati: La fretta di chiudere i cantieri, spesso legata a scadenze burocratiche o incentivi.<\/p>\n<\/li>\n<li>\n<p data-path-to-node=\"12,1,0\">Catena dei subappalti: Una frammentazione che rende difficili i controlli e diluisce le responsabilit\u00e0.<\/p>\n<\/li>\n<li>\n<p data-path-to-node=\"12,2,0\">Controlli insufficienti: La carenza di ispezioni sul campo che permette il persistere di situazioni irregolari.<\/p>\n<\/li>\n<\/ol>\n<h3 data-path-to-node=\"13\">La proposta: formazione &#8220;reale&#8221; contro la burocrazia<\/h3>\n<p data-path-to-node=\"14\">La ricetta proposta da Fillea e Cgil per invertire la rotta non si limita alla richiesta di maggiori sanzioni. Il fulcro della prevenzione deve essere la formazione, ma a una condizione: che non sia un mero adempimento burocratico.<\/p>\n<blockquote data-path-to-node=\"15\">\n<h6 style=\"text-align: left;\" data-path-to-node=\"15,0\">\u00abLa formazione dei lavoratori non pu\u00f2 ridursi a poche ore formali. \u00c8 necessario che i percorsi siano affidati a enti qualificati del settore, come le <b data-path-to-node=\"15,0\" data-index-in-node=\"150\">scuole edili<\/b> e gli <b data-path-to-node=\"15,0\" data-index-in-node=\"169\">enti bilaterali<\/b>\u00bb, si legge nella nota sindacale.<\/h6>\n<\/blockquote>\n<p data-path-to-node=\"16\">L\u2019obiettivo \u00e8 passare da una sicurezza &#8220;sulla carta&#8221; a una vera cultura del cantiere, dove ogni operaio sia realmente preparato ad affrontare i rischi specifici del territorio montano e delle strutture in costruzione.<\/p>\n<h3 data-path-to-node=\"17\">Un appello alla dignit\u00e0<\/h3>\n<p data-path-to-node=\"18\">Mentre la provincia vive una fase di crescita edilizia e moltiplicazione dei cantieri, il sindacato lancia un monito definitivo: la sicurezza non pu\u00f2 essere considerata un costo da tagliare. \u00abOgni caduta dall\u2019alto \u00e8 un fallimento del sistema di prevenzione\u00bb, concludono Fillea e Cgil. Il lavoro deve garantire dignit\u00e0, non diventare un azzardo per la propria vita.<\/p>","protected":false},"excerpt":{"rendered":"<p>Crescono le denunce nei primi mesi del 2026. Sotto accusa le cadute dall&#8217;alto e la formazione &#8220;fittizia&#8221;. Il sindacato: \u00abNon \u00e8 un costo, ma un diritto: servono controlli serrati e stop alla precariet\u00e0\u00bb. Belluno, 03\/04\/2026\u00a0\u2013 Non \u00e8 un bollettino di guerra, ma i numeri iniziano a somigliargli terribilmente. La provincia di Belluno si scopre vulnerabile [&hellip;]<\/p>\n","protected":false},"author":2,"featured_media":148347,"comment_status":"closed","ping_status":"open","sticky":false,"template":"","format":"standard","meta":{"footnotes":""},"categories":[36,26],"tags":[],"class_list":["post-168766","post","type-post","status-publish","format-standard","has-post-thumbnail","category-lavoro-economia","category-prima-pagina"],"yoast_head":"<!-- This site is optimized with the Yoast SEO plugin v28.4 - https:\/\/yoast.com\/product\/yoast-seo-wordpress\/ -->\n<title>Sicurezza sul lavoro, l&#039;allarme di Fillea e Cgil: \u00abA Belluno troppi infortuni, non chiamateli fatalit\u00e0\u00bb - Bellunopress - Dolomiti<\/title>\n<meta name=\"robots\" content=\"index, follow, max-snippet:-1, max-image-preview:large, max-video-preview:-1\" \/>\n<link rel=\"canonical\" href=\"https:\/\/www.bellunopress.it\/fr\/2026\/04\/03\/sicurezza-sul-lavoro-lallarme-di-fillea-e-cgil-a-belluno-troppi-infortuni-non-chiamateli-fatalita\/\" \/>\n<meta property=\"og:locale\" content=\"fr_FR\" \/>\n<meta property=\"og:type\" content=\"article\" \/>\n<meta property=\"og:title\" content=\"Sicurezza sul lavoro, l&#039;allarme di Fillea e Cgil: \u00abA Belluno troppi infortuni, non chiamateli fatalit\u00e0\u00bb - Bellunopress - Dolomiti\" \/>\n<meta property=\"og:description\" content=\"Crescono le denunce nei primi mesi del 2026. Sotto accusa le cadute dall&#8217;alto e la formazione &#8220;fittizia&#8221;. Il sindacato: \u00abNon \u00e8 un costo, ma un diritto: servono controlli serrati e stop alla precariet\u00e0\u00bb. Belluno, 03\/04\/2026\u00a0\u2013 Non \u00e8 un bollettino di guerra, ma i numeri iniziano a somigliargli terribilmente. La provincia di Belluno si scopre vulnerabile [&hellip;]\" \/>\n<meta property=\"og:url\" content=\"https:\/\/www.bellunopress.it\/fr\/2026\/04\/03\/sicurezza-sul-lavoro-lallarme-di-fillea-e-cgil-a-belluno-troppi-infortuni-non-chiamateli-fatalita\/\" \/>\n<meta property=\"og:site_name\" content=\"Bellunopress - Dolomiti\" \/>\n<meta property=\"article:publisher\" content=\"https:\/\/www.facebook.com\/profile.php?id=100008943462799\" \/>\n<meta property=\"article:published_time\" content=\"2026-04-03T05:34:53+00:00\" \/>\n<meta property=\"og:image\" content=\"https:\/\/www.bellunopress.it\/wp-content\/uploads\/2024\/02\/CGIL-FILLEA.jpg\" \/>\n\t<meta property=\"og:image:width\" content=\"890\" \/>\n\t<meta property=\"og:image:height\" content=\"500\" \/>\n\t<meta property=\"og:image:type\" content=\"image\/jpeg\" \/>\n<meta name=\"author\" content=\"redazione\" \/>\n<meta name=\"twitter:card\" content=\"summary_large_image\" \/>\n<meta name=\"twitter:creator\" content=\"@bellunopress\" \/>\n<meta name=\"twitter:site\" content=\"@bellunopress\" \/>\n<meta name=\"twitter:label1\" content=\"\u00c9crit par\" \/>\n\t<meta name=\"twitter:data1\" content=\"redazione\" \/>\n\t<meta name=\"twitter:label2\" content=\"Dur\u00e9e de lecture estim\u00e9e\" \/>\n\t<meta name=\"twitter:data2\" content=\"2 minutes\" \/>\n<script type=\"application\/ld+json\" class=\"yoast-schema-graph\">{\"@context\":\"https:\\\/\\\/schema.org\",\"@graph\":[{\"@type\":\"Article\",\"@id\":\"https:\\\/\\\/www.bellunopress.it\\\/2026\\\/04\\\/03\\\/sicurezza-sul-lavoro-lallarme-di-fillea-e-cgil-a-belluno-troppi-infortuni-non-chiamateli-fatalita\\\/#article\",\"isPartOf\":{\"@id\":\"https:\\\/\\\/www.bellunopress.it\\\/2026\\\/04\\\/03\\\/sicurezza-sul-lavoro-lallarme-di-fillea-e-cgil-a-belluno-troppi-infortuni-non-chiamateli-fatalita\\\/\"},\"author\":{\"name\":\"redazione\",\"@id\":\"https:\\\/\\\/www.bellunopress.it\\\/#\\\/schema\\\/person\\\/79bb06722b37ece1c03d3e94beb30d73\"},\"headline\":\"Sicurezza sul lavoro, l&#8217;allarme di Fillea e Cgil: \u00abA Belluno troppi infortuni, non chiamateli fatalit\u00e0\u00bb\",\"datePublished\":\"2026-04-03T05:34:53+00:00\",\"mainEntityOfPage\":{\"@id\":\"https:\\\/\\\/www.bellunopress.it\\\/2026\\\/04\\\/03\\\/sicurezza-sul-lavoro-lallarme-di-fillea-e-cgil-a-belluno-troppi-infortuni-non-chiamateli-fatalita\\\/\"},\"wordCount\":454,\"publisher\":{\"@id\":\"https:\\\/\\\/www.bellunopress.it\\\/#organization\"},\"image\":{\"@id\":\"https:\\\/\\\/www.bellunopress.it\\\/2026\\\/04\\\/03\\\/sicurezza-sul-lavoro-lallarme-di-fillea-e-cgil-a-belluno-troppi-infortuni-non-chiamateli-fatalita\\\/#primaryimage\"},\"thumbnailUrl\":\"https:\\\/\\\/www.bellunopress.it\\\/wp-content\\\/uploads\\\/2024\\\/02\\\/CGIL-FILLEA.jpg\",\"articleSection\":[\"Lavoro, Economia, Turismo\",\"Prima Pagina\"],\"inLanguage\":\"fr-FR\"},{\"@type\":\"WebPage\",\"@id\":\"https:\\\/\\\/www.bellunopress.it\\\/2026\\\/04\\\/03\\\/sicurezza-sul-lavoro-lallarme-di-fillea-e-cgil-a-belluno-troppi-infortuni-non-chiamateli-fatalita\\\/\",\"url\":\"https:\\\/\\\/www.bellunopress.it\\\/2026\\\/04\\\/03\\\/sicurezza-sul-lavoro-lallarme-di-fillea-e-cgil-a-belluno-troppi-infortuni-non-chiamateli-fatalita\\\/\",\"name\":\"Sicurezza sul lavoro, l'allarme di Fillea e Cgil: \u00abA Belluno troppi infortuni, non chiamateli fatalit\u00e0\u00bb - Bellunopress - Dolomiti\",\"isPartOf\":{\"@id\":\"https:\\\/\\\/www.bellunopress.it\\\/#website\"},\"primaryImageOfPage\":{\"@id\":\"https:\\\/\\\/www.bellunopress.it\\\/2026\\\/04\\\/03\\\/sicurezza-sul-lavoro-lallarme-di-fillea-e-cgil-a-belluno-troppi-infortuni-non-chiamateli-fatalita\\\/#primaryimage\"},\"image\":{\"@id\":\"https:\\\/\\\/www.bellunopress.it\\\/2026\\\/04\\\/03\\\/sicurezza-sul-lavoro-lallarme-di-fillea-e-cgil-a-belluno-troppi-infortuni-non-chiamateli-fatalita\\\/#primaryimage\"},\"thumbnailUrl\":\"https:\\\/\\\/www.bellunopress.it\\\/wp-content\\\/uploads\\\/2024\\\/02\\\/CGIL-FILLEA.jpg\",\"datePublished\":\"2026-04-03T05:34:53+00:00\",\"breadcrumb\":{\"@id\":\"https:\\\/\\\/www.bellunopress.it\\\/2026\\\/04\\\/03\\\/sicurezza-sul-lavoro-lallarme-di-fillea-e-cgil-a-belluno-troppi-infortuni-non-chiamateli-fatalita\\\/#breadcrumb\"},\"inLanguage\":\"fr-FR\",\"potentialAction\":[{\"@type\":\"ReadAction\",\"target\":[\"https:\\\/\\\/www.bellunopress.it\\\/2026\\\/04\\\/03\\\/sicurezza-sul-lavoro-lallarme-di-fillea-e-cgil-a-belluno-troppi-infortuni-non-chiamateli-fatalita\\\/\"]}]},{\"@type\":\"ImageObject\",\"inLanguage\":\"fr-FR\",\"@id\":\"https:\\\/\\\/www.bellunopress.it\\\/2026\\\/04\\\/03\\\/sicurezza-sul-lavoro-lallarme-di-fillea-e-cgil-a-belluno-troppi-infortuni-non-chiamateli-fatalita\\\/#primaryimage\",\"url\":\"https:\\\/\\\/www.bellunopress.it\\\/wp-content\\\/uploads\\\/2024\\\/02\\\/CGIL-FILLEA.jpg\",\"contentUrl\":\"https:\\\/\\\/www.bellunopress.it\\\/wp-content\\\/uploads\\\/2024\\\/02\\\/CGIL-FILLEA.jpg\",\"width\":890,\"height\":500},{\"@type\":\"BreadcrumbList\",\"@id\":\"https:\\\/\\\/www.bellunopress.it\\\/2026\\\/04\\\/03\\\/sicurezza-sul-lavoro-lallarme-di-fillea-e-cgil-a-belluno-troppi-infortuni-non-chiamateli-fatalita\\\/#breadcrumb\",\"itemListElement\":[{\"@type\":\"ListItem\",\"position\":1,\"name\":\"Home\",\"item\":\"https:\\\/\\\/www.bellunopress.it\\\/\"},{\"@type\":\"ListItem\",\"position\":2,\"name\":\"Sicurezza sul lavoro, l&#8217;allarme di Fillea e Cgil: \u00abA Belluno troppi infortuni, non chiamateli fatalit\u00e0\u00bb\"}]},{\"@type\":\"WebSite\",\"@id\":\"https:\\\/\\\/www.bellunopress.it\\\/#website\",\"url\":\"https:\\\/\\\/www.bellunopress.it\\\/\",\"name\":\"Bellunopress - Dolomiti\",\"description\":\"e-mail: redazione@bellunopress.it\",\"publisher\":{\"@id\":\"https:\\\/\\\/www.bellunopress.it\\\/#organization\"},\"potentialAction\":[{\"@type\":\"SearchAction\",\"target\":{\"@type\":\"EntryPoint\",\"urlTemplate\":\"https:\\\/\\\/www.bellunopress.it\\\/?s={search_term_string}\"},\"query-input\":{\"@type\":\"PropertyValueSpecification\",\"valueRequired\":true,\"valueName\":\"search_term_string\"}}],\"inLanguage\":\"fr-FR\"},{\"@type\":\"Organization\",\"@id\":\"https:\\\/\\\/www.bellunopress.it\\\/#organization\",\"name\":\"Bellunopress\",\"url\":\"https:\\\/\\\/www.bellunopress.it\\\/\",\"logo\":{\"@type\":\"ImageObject\",\"inLanguage\":\"fr-FR\",\"@id\":\"https:\\\/\\\/www.bellunopress.it\\\/#\\\/schema\\\/logo\\\/image\\\/\",\"url\":\"https:\\\/\\\/www.bellunopress.it\\\/wp-content\\\/uploads\\\/2011\\\/05\\\/cropped-logo-bellunopress-.jpg\",\"contentUrl\":\"https:\\\/\\\/www.bellunopress.it\\\/wp-content\\\/uploads\\\/2011\\\/05\\\/cropped-logo-bellunopress-.jpg\",\"width\":512,\"height\":512,\"caption\":\"Bellunopress\"},\"image\":{\"@id\":\"https:\\\/\\\/www.bellunopress.it\\\/#\\\/schema\\\/logo\\\/image\\\/\"},\"sameAs\":[\"https:\\\/\\\/www.facebook.com\\\/profile.php?id=100008943462799\",\"https:\\\/\\\/x.com\\\/bellunopress\",\"https:\\\/\\\/www.linkedin.com\\\/hp\\\/?dnr=JBzUWaJfMUw8vbXJJ2tVW5-I3jZKvC4wsoxE&amp;amp;amp;amp;amp;amp;trk=nav_responsive_tab_home\",\"https:\\\/\\\/www.youtube.com\\\/channel\\\/UCxL0wu1uN0_3_7hGG0306cw\"]},{\"@type\":\"Person\",\"@id\":\"https:\\\/\\\/www.bellunopress.it\\\/#\\\/schema\\\/person\\\/79bb06722b37ece1c03d3e94beb30d73\",\"name\":\"redazione\",\"image\":{\"@type\":\"ImageObject\",\"inLanguage\":\"fr-FR\",\"@id\":\"https:\\\/\\\/secure.gravatar.com\\\/avatar\\\/37d968a2e67a6fd04c169c4bdef102d0bc5d31b2546345219e348575eb80e9a0?s=96&d=mm&r=g\",\"url\":\"https:\\\/\\\/secure.gravatar.com\\\/avatar\\\/37d968a2e67a6fd04c169c4bdef102d0bc5d31b2546345219e348575eb80e9a0?s=96&d=mm&r=g\",\"contentUrl\":\"https:\\\/\\\/secure.gravatar.com\\\/avatar\\\/37d968a2e67a6fd04c169c4bdef102d0bc5d31b2546345219e348575eb80e9a0?s=96&d=mm&r=g\",\"caption\":\"redazione\"},\"sameAs\":[\"http:\\\/\\\/www.bellunopress.it\",\"https:\\\/\\\/x.com\\\/bellunopress\"],\"url\":\"https:\\\/\\\/www.bellunopress.it\\\/fr\\\/author\\\/redazione\\\/\"}]}<\/script>\n<!-- \/ Yoast SEO plugin. -->","yoast_head_json":{"title":"Sicurezza sul lavoro, l'allarme di Fillea e Cgil: \u00abA Belluno troppi infortuni, non chiamateli fatalit\u00e0\u00bb - Bellunopress - Dolomiti","robots":{"index":"index","follow":"follow","max-snippet":"max-snippet:-1","max-image-preview":"max-image-preview:large","max-video-preview":"max-video-preview:-1"},"canonical":"https:\/\/www.bellunopress.it\/fr\/2026\/04\/03\/sicurezza-sul-lavoro-lallarme-di-fillea-e-cgil-a-belluno-troppi-infortuni-non-chiamateli-fatalita\/","og_locale":"fr_FR","og_type":"article","og_title":"Sicurezza sul lavoro, l'allarme di Fillea e Cgil: \u00abA Belluno troppi infortuni, non chiamateli fatalit\u00e0\u00bb - Bellunopress - Dolomiti","og_description":"Crescono le denunce nei primi mesi del 2026. Sotto accusa le cadute dall&#8217;alto e la formazione &#8220;fittizia&#8221;. Il sindacato: \u00abNon \u00e8 un costo, ma un diritto: servono controlli serrati e stop alla precariet\u00e0\u00bb. Belluno, 03\/04\/2026\u00a0\u2013 Non \u00e8 un bollettino di guerra, ma i numeri iniziano a somigliargli terribilmente. La provincia di Belluno si scopre vulnerabile [&hellip;]","og_url":"https:\/\/www.bellunopress.it\/fr\/2026\/04\/03\/sicurezza-sul-lavoro-lallarme-di-fillea-e-cgil-a-belluno-troppi-infortuni-non-chiamateli-fatalita\/","og_site_name":"Bellunopress - Dolomiti","article_publisher":"https:\/\/www.facebook.com\/profile.php?id=100008943462799","article_published_time":"2026-04-03T05:34:53+00:00","og_image":[{"width":890,"height":500,"url":"https:\/\/www.bellunopress.it\/wp-content\/uploads\/2024\/02\/CGIL-FILLEA.jpg","type":"image\/jpeg"}],"author":"redazione","twitter_card":"summary_large_image","twitter_creator":"@bellunopress","twitter_site":"@bellunopress","twitter_misc":{"\u00c9crit par":"redazione","Dur\u00e9e de lecture estim\u00e9e":"2 minutes"},"schema":{"@context":"https:\/\/schema.org","@graph":[{"@type":"Article","@id":"https:\/\/www.bellunopress.it\/2026\/04\/03\/sicurezza-sul-lavoro-lallarme-di-fillea-e-cgil-a-belluno-troppi-infortuni-non-chiamateli-fatalita\/#article","isPartOf":{"@id":"https:\/\/www.bellunopress.it\/2026\/04\/03\/sicurezza-sul-lavoro-lallarme-di-fillea-e-cgil-a-belluno-troppi-infortuni-non-chiamateli-fatalita\/"},"author":{"name":"redazione","@id":"https:\/\/www.bellunopress.it\/#\/schema\/person\/79bb06722b37ece1c03d3e94beb30d73"},"headline":"Sicurezza sul lavoro, l&#8217;allarme di Fillea e Cgil: \u00abA Belluno troppi infortuni, non chiamateli fatalit\u00e0\u00bb","datePublished":"2026-04-03T05:34:53+00:00","mainEntityOfPage":{"@id":"https:\/\/www.bellunopress.it\/2026\/04\/03\/sicurezza-sul-lavoro-lallarme-di-fillea-e-cgil-a-belluno-troppi-infortuni-non-chiamateli-fatalita\/"},"wordCount":454,"publisher":{"@id":"https:\/\/www.bellunopress.it\/#organization"},"image":{"@id":"https:\/\/www.bellunopress.it\/2026\/04\/03\/sicurezza-sul-lavoro-lallarme-di-fillea-e-cgil-a-belluno-troppi-infortuni-non-chiamateli-fatalita\/#primaryimage"},"thumbnailUrl":"https:\/\/www.bellunopress.it\/wp-content\/uploads\/2024\/02\/CGIL-FILLEA.jpg","articleSection":["Lavoro, Economia, Turismo","Prima Pagina"],"inLanguage":"fr-FR"},{"@type":"WebPage","@id":"https:\/\/www.bellunopress.it\/2026\/04\/03\/sicurezza-sul-lavoro-lallarme-di-fillea-e-cgil-a-belluno-troppi-infortuni-non-chiamateli-fatalita\/","url":"https:\/\/www.bellunopress.it\/2026\/04\/03\/sicurezza-sul-lavoro-lallarme-di-fillea-e-cgil-a-belluno-troppi-infortuni-non-chiamateli-fatalita\/","name":"Sicurezza sul lavoro, l'allarme di Fillea e Cgil: \u00abA Belluno troppi infortuni, non chiamateli fatalit\u00e0\u00bb - Bellunopress - Dolomiti","isPartOf":{"@id":"https:\/\/www.bellunopress.it\/#website"},"primaryImageOfPage":{"@id":"https:\/\/www.bellunopress.it\/2026\/04\/03\/sicurezza-sul-lavoro-lallarme-di-fillea-e-cgil-a-belluno-troppi-infortuni-non-chiamateli-fatalita\/#primaryimage"},"image":{"@id":"https:\/\/www.bellunopress.it\/2026\/04\/03\/sicurezza-sul-lavoro-lallarme-di-fillea-e-cgil-a-belluno-troppi-infortuni-non-chiamateli-fatalita\/#primaryimage"},"thumbnailUrl":"https:\/\/www.bellunopress.it\/wp-content\/uploads\/2024\/02\/CGIL-FILLEA.jpg","datePublished":"2026-04-03T05:34:53+00:00","breadcrumb":{"@id":"https:\/\/www.bellunopress.it\/2026\/04\/03\/sicurezza-sul-lavoro-lallarme-di-fillea-e-cgil-a-belluno-troppi-infortuni-non-chiamateli-fatalita\/#breadcrumb"},"inLanguage":"fr-FR","potentialAction":[{"@type":"ReadAction","target":["https:\/\/www.bellunopress.it\/2026\/04\/03\/sicurezza-sul-lavoro-lallarme-di-fillea-e-cgil-a-belluno-troppi-infortuni-non-chiamateli-fatalita\/"]}]},{"@type":"ImageObject","inLanguage":"fr-FR","@id":"https:\/\/www.bellunopress.it\/2026\/04\/03\/sicurezza-sul-lavoro-lallarme-di-fillea-e-cgil-a-belluno-troppi-infortuni-non-chiamateli-fatalita\/#primaryimage","url":"https:\/\/www.bellunopress.it\/wp-content\/uploads\/2024\/02\/CGIL-FILLEA.jpg","contentUrl":"https:\/\/www.bellunopress.it\/wp-content\/uploads\/2024\/02\/CGIL-FILLEA.jpg","width":890,"height":500},{"@type":"BreadcrumbList","@id":"https:\/\/www.bellunopress.it\/2026\/04\/03\/sicurezza-sul-lavoro-lallarme-di-fillea-e-cgil-a-belluno-troppi-infortuni-non-chiamateli-fatalita\/#breadcrumb","itemListElement":[{"@type":"ListItem","position":1,"name":"Home","item":"https:\/\/www.bellunopress.it\/"},{"@type":"ListItem","position":2,"name":"Sicurezza sul lavoro, l&#8217;allarme di Fillea e Cgil: \u00abA Belluno troppi infortuni, non chiamateli fatalit\u00e0\u00bb"}]},{"@type":"WebSite","@id":"https:\/\/www.bellunopress.it\/#website","url":"https:\/\/www.bellunopress.it\/","name":"Bellunopress - Dolomiti","description":"e-mail: redazione@bellunopress.it","publisher":{"@id":"https:\/\/www.bellunopress.it\/#organization"},"potentialAction":[{"@type":"SearchAction","target":{"@type":"EntryPoint","urlTemplate":"https:\/\/www.bellunopress.it\/?s={search_term_string}"},"query-input":{"@type":"PropertyValueSpecification","valueRequired":true,"valueName":"search_term_string"}}],"inLanguage":"fr-FR"},{"@type":"Organization","@id":"https:\/\/www.bellunopress.it\/#organization","name":"Bellunopress","url":"https:\/\/www.bellunopress.it\/","logo":{"@type":"ImageObject","inLanguage":"fr-FR","@id":"https:\/\/www.bellunopress.it\/#\/schema\/logo\/image\/","url":"https:\/\/www.bellunopress.it\/wp-content\/uploads\/2011\/05\/cropped-logo-bellunopress-.jpg","contentUrl":"https:\/\/www.bellunopress.it\/wp-content\/uploads\/2011\/05\/cropped-logo-bellunopress-.jpg","width":512,"height":512,"caption":"Bellunopress"},"image":{"@id":"https:\/\/www.bellunopress.it\/#\/schema\/logo\/image\/"},"sameAs":["https:\/\/www.facebook.com\/profile.php?id=100008943462799","https:\/\/x.com\/bellunopress","https:\/\/www.linkedin.com\/hp\/?dnr=JBzUWaJfMUw8vbXJJ2tVW5-I3jZKvC4wsoxE&amp;amp;amp;amp;amp;amp;trk=nav_responsive_tab_home","https:\/\/www.youtube.com\/channel\/UCxL0wu1uN0_3_7hGG0306cw"]},{"@type":"Person","@id":"https:\/\/www.bellunopress.it\/#\/schema\/person\/79bb06722b37ece1c03d3e94beb30d73","name":"r\u00e9daction","image":{"@type":"ImageObject","inLanguage":"fr-FR","@id":"https:\/\/secure.gravatar.com\/avatar\/37d968a2e67a6fd04c169c4bdef102d0bc5d31b2546345219e348575eb80e9a0?s=96&d=mm&r=g","url":"https:\/\/secure.gravatar.com\/avatar\/37d968a2e67a6fd04c169c4bdef102d0bc5d31b2546345219e348575eb80e9a0?s=96&d=mm&r=g","contentUrl":"https:\/\/secure.gravatar.com\/avatar\/37d968a2e67a6fd04c169c4bdef102d0bc5d31b2546345219e348575eb80e9a0?s=96&d=mm&r=g","caption":"redazione"},"sameAs":["http:\/\/www.bellunopress.it","https:\/\/x.com\/bellunopress"],"url":"https:\/\/www.bellunopress.it\/fr\/author\/redazione\/"}]}},"_links":{"self":[{"href":"https:\/\/www.bellunopress.it\/fr\/wp-json\/wp\/v2\/posts\/168766","targetHints":{"allow":["GET"]}}],"collection":[{"href":"https:\/\/www.bellunopress.it\/fr\/wp-json\/wp\/v2\/posts"}],"about":[{"href":"https:\/\/www.bellunopress.it\/fr\/wp-json\/wp\/v2\/types\/post"}],"author":[{"embeddable":true,"href":"https:\/\/www.bellunopress.it\/fr\/wp-json\/wp\/v2\/users\/2"}],"replies":[{"embeddable":true,"href":"https:\/\/www.bellunopress.it\/fr\/wp-json\/wp\/v2\/comments?post=168766"}],"version-history":[{"count":1,"href":"https:\/\/www.bellunopress.it\/fr\/wp-json\/wp\/v2\/posts\/168766\/revisions"}],"predecessor-version":[{"id":168767,"href":"https:\/\/www.bellunopress.it\/fr\/wp-json\/wp\/v2\/posts\/168766\/revisions\/168767"}],"wp:featuredmedia":[{"embeddable":true,"href":"https:\/\/www.bellunopress.it\/fr\/wp-json\/wp\/v2\/media\/148347"}],"wp:attachment":[{"href":"https:\/\/www.bellunopress.it\/fr\/wp-json\/wp\/v2\/media?parent=168766"}],"wp:term":[{"taxonomy":"category","embeddable":true,"href":"https:\/\/www.bellunopress.it\/fr\/wp-json\/wp\/v2\/categories?post=168766"},{"taxonomy":"post_tag","embeddable":true,"href":"https:\/\/www.bellunopress.it\/fr\/wp-json\/wp\/v2\/tags?post=168766"}],"curies":[{"name":"wp","href":"https:\/\/api.w.org\/{rel}","templated":true}]}}