{"id":168763,"date":"2026-04-03T07:20:20","date_gmt":"2026-04-03T05:20:20","guid":{"rendered":"https:\/\/www.bellunopress.it\/?p=168763"},"modified":"2026-04-03T07:20:20","modified_gmt":"2026-04-03T05:20:20","slug":"poverta-in-calo-solo-sulla-carta-oltre-13-milioni-di-italiani-a-rischio","status":"publish","type":"post","link":"https:\/\/www.bellunopress.it\/fr\/2026\/04\/03\/poverta-in-calo-solo-sulla-carta-oltre-13-milioni-di-italiani-a-rischio\/","title":{"rendered":"Povert\u00e0 in calo solo sulla carta: oltre 13 milioni di italiani a rischio"},"content":{"rendered":"<p data-path-to-node=\"3\"><b data-path-to-node=\"3\" data-index-in-node=\"0\">I dati Istat 2025 mostrano un lieve calo statistico, ma la realt\u00e0 racconta un\u2019altra storia: aumentano le persone in grave deprivazione. Il CNDDU: &#8220;Anche il lavoro qualificato, come quello dei docenti fuorisede, non garantisce pi\u00f9 una vita dignitosa&#8221;.<\/b><\/p>\n<p data-path-to-node=\"4\">Roma, 03\/04\/2026\u00a0\u2013 La povert\u00e0 in Italia sta cambiando volto, diventando pi\u00f9 silenziosa e, paradossalmente, pi\u00f9 profonda. Se i dati macroeconomici sembrano suggerire un timido miglioramento, la realt\u00e0 vissuta da milioni di cittadini parla di una crisi che morde sempre pi\u00f9 forte. \u00c8 questo il grido d&#8217;allarme lanciato dal Coordinamento Nazionale Docenti della disciplina dei Diritti Umani (CNDDU), a seguito dell&#8217;analisi degli ultimi dati Istat.<\/p>\n<h2 data-path-to-node=\"5\">La trappola delle statistiche<\/h2>\n<p data-path-to-node=\"6\">A prima vista, il quadro presentato per il 2025 sembrerebbe positivo: la popolazione a rischio povert\u00e0 o esclusione sociale \u00e8 scesa al 22,6% (circa 13 milioni e 265mila persone), rispetto al 23,1% dell\u2019anno precedente. Tuttavia, il Presidente del CNDDU, il prof. Romano Pesavento, avverte che si tratta di un calo &#8220;solo sulla carta&#8221;.<\/p>\n<p data-path-to-node=\"7\">Mentre diminuisce il numero di famiglie a bassa intensit\u00e0 lavorativa, cresce in modo preoccupante la quota di chi vive in grave deprivazione materiale e sociale, balzata dal 4,6% al 5,2%. Questo significa che, pur lavorando, un numero crescente di italiani non riesce a garantire a se stesso e alla propria famiglia i beni e i servizi essenziali.<\/p>\n<h3 data-path-to-node=\"8\">Chi sono i nuovi vulnerabili?<\/h3>\n<p data-path-to-node=\"9\">Le disuguaglianze restano profonde e si accaniscono su specifiche categorie:<\/p>\n<ul data-path-to-node=\"10\">\n<li>\n<p data-path-to-node=\"10,0,0\">Nuclei monogenitoriali: il rischio povert\u00e0 tocca il 31,6%.<\/p>\n<\/li>\n<li>\n<p data-path-to-node=\"10,1,0\">Famiglie numerose: nonostante un lieve miglioramento, il 30,6% delle famiglie con tre o pi\u00f9 figli \u00e8 in difficolt\u00e0.<\/p>\n<\/li>\n<li>\n<p data-path-to-node=\"10,2,0\">Cittadini stranieri: la situazione \u00e8 critica, con un rischio che sale al 41,5%.<\/p>\n<\/li>\n<li>\n<p data-path-to-node=\"10,3,0\">Persone sole: quasi un individuo su tre (tra il 28,6% e il 29,6%) \u00e8 a rischio esclusione.<\/p>\n<\/li>\n<\/ul>\n<h2 data-path-to-node=\"12\">Il paradosso dei docenti: occupati ma &#8220;poveri&#8221;<\/h2>\n<p data-path-to-node=\"13\">Il comunicato pone l\u2019accento su una categoria simbolo di questa &#8220;nuova povert\u00e0&#8221;: i docenti fuorisede. Professionisti qualificati, con un impiego statale stabile, che si ritrovano a lottare con affitti proibitivi nelle grandi citt\u00e0 e costi di trasporto insostenibili.<\/p>\n<blockquote data-path-to-node=\"14\">\n<h6 style=\"text-align: left;\" data-path-to-node=\"14,0\">&#8220;Il reddito percepito da molti insegnanti si avvicina pericolosamente alla soglia di rischio povert\u00e0, fissata a 13.237 euro annui equivalenti,&#8221; sottolinea Pesavento.<\/h6>\n<\/blockquote>\n<p data-path-to-node=\"15\">Il lavoro, dunque, non \u00e8 pi\u00f9 uno scudo contro la precariet\u00e0 economica. Quando il pilastro del sistema educativo \u2013 chi deve formare i cittadini di domani \u2013 vive in condizioni di incertezza finanziaria, il problema cessa di essere individuale per diventare una criticit\u00e0 sistemica.<\/p>\n<table data-path-to-node=\"16\">\n<thead>\n<tr>\n<td><strong>Categoria Famigliare<\/strong><\/td>\n<td><strong>Rischio Povert\u00e0\/Esclusione (2025)<\/strong><\/td>\n<\/tr>\n<\/thead>\n<tbody>\n<tr>\n<td><span data-path-to-node=\"16,1,0,0\">Coppie giovani senza figli<\/span><\/td>\n<td><span data-path-to-node=\"16,1,1,0\">~16%<\/span><\/td>\n<\/tr>\n<tr>\n<td><span data-path-to-node=\"16,2,0,0\">Persone sole<\/span><\/td>\n<td><span data-path-to-node=\"16,2,1,0\">28,6% &#8211; 29,6%<\/span><\/td>\n<\/tr>\n<tr>\n<td><span data-path-to-node=\"16,3,0,0\">Famiglie con 3+ figli<\/span><\/td>\n<td><span data-path-to-node=\"16,3,1,0\">30,6%<\/span><\/td>\n<\/tr>\n<tr>\n<td><span data-path-to-node=\"16,4,0,0\">Nuclei monogenitoriali<\/span><\/td>\n<td><span data-path-to-node=\"16,4,1,0\">31,6%<\/span><\/td>\n<\/tr>\n<tr>\n<td><span data-path-to-node=\"16,5,0,0\">Famiglie con cittadini stranieri<\/span><\/td>\n<td><span data-path-to-node=\"16,5,1,0\">41,5%<\/span><\/td>\n<\/tr>\n<\/tbody>\n<\/table>\n<h2 data-path-to-node=\"17\">Un segnale per la democrazia<\/h2>\n<p data-path-to-node=\"18\">La conclusione del CNDDU \u00e8 netta: fermarsi alla superficie dei dati significa ignorare una trasformazione qualitativa del disagio sociale. La stabilit\u00e0 del posto di lavoro \u00e8 ormai disgiunta dalla dignit\u00e0 della vita. Senza interventi strutturali che garantiscero il potere d&#8217;acquisto, specialmente per chi svolge funzioni essenziali come l&#8217;istruzione, a rischio non c&#8217;\u00e8 solo il benessere dei singoli, ma la tenuta democratica e la coesione sociale del Paese.<\/p>","protected":false},"excerpt":{"rendered":"<p>I dati Istat 2025 mostrano un lieve calo statistico, ma la realt\u00e0 racconta un\u2019altra storia: aumentano le persone in grave deprivazione. Il CNDDU: &#8220;Anche il lavoro qualificato, come quello dei docenti fuorisede, non garantisce pi\u00f9 una vita dignitosa&#8221;. Roma, 03\/04\/2026\u00a0\u2013 La povert\u00e0 in Italia sta cambiando volto, diventando pi\u00f9 silenziosa e, paradossalmente, pi\u00f9 profonda. Se [&hellip;]<\/p>\n","protected":false},"author":2,"featured_media":168764,"comment_status":"closed","ping_status":"open","sticky":false,"template":"","format":"standard","meta":{"footnotes":""},"categories":[26,15,8],"tags":[],"class_list":["post-168763","post","type-post","status-publish","format-standard","has-post-thumbnail","category-prima-pagina","category-scuola","category-societa-istituzioni"],"yoast_head":"<!-- This site is optimized with the Yoast SEO plugin v28.4 - https:\/\/yoast.com\/product\/yoast-seo-wordpress\/ -->\n<title>Povert\u00e0 in calo solo sulla carta: oltre 13 milioni di italiani a rischio - Bellunopress - Dolomiti<\/title>\n<meta name=\"robots\" content=\"index, follow, max-snippet:-1, max-image-preview:large, max-video-preview:-1\" \/>\n<link rel=\"canonical\" href=\"https:\/\/www.bellunopress.it\/fr\/2026\/04\/03\/poverta-in-calo-solo-sulla-carta-oltre-13-milioni-di-italiani-a-rischio\/\" \/>\n<meta property=\"og:locale\" content=\"fr_FR\" \/>\n<meta property=\"og:type\" content=\"article\" \/>\n<meta property=\"og:title\" content=\"Povert\u00e0 in calo solo sulla carta: oltre 13 milioni di italiani a rischio - Bellunopress - Dolomiti\" \/>\n<meta property=\"og:description\" content=\"I dati Istat 2025 mostrano un lieve calo statistico, ma la realt\u00e0 racconta un\u2019altra storia: aumentano le persone in grave deprivazione. Il CNDDU: &#8220;Anche il lavoro qualificato, come quello dei docenti fuorisede, non garantisce pi\u00f9 una vita dignitosa&#8221;. Roma, 03\/04\/2026\u00a0\u2013 La povert\u00e0 in Italia sta cambiando volto, diventando pi\u00f9 silenziosa e, paradossalmente, pi\u00f9 profonda. Se [&hellip;]\" \/>\n<meta property=\"og:url\" content=\"https:\/\/www.bellunopress.it\/fr\/2026\/04\/03\/poverta-in-calo-solo-sulla-carta-oltre-13-milioni-di-italiani-a-rischio\/\" \/>\n<meta property=\"og:site_name\" content=\"Bellunopress - Dolomiti\" \/>\n<meta property=\"article:publisher\" content=\"https:\/\/www.facebook.com\/profile.php?id=100008943462799\" \/>\n<meta property=\"article:published_time\" content=\"2026-04-03T05:20:20+00:00\" \/>\n<meta property=\"og:image\" content=\"https:\/\/www.bellunopress.it\/wp-content\/uploads\/2026\/04\/prof.-Romano-Pesavento-presidente-CNDDU.jpg\" \/>\n\t<meta property=\"og:image:width\" content=\"500\" \/>\n\t<meta property=\"og:image:height\" content=\"360\" \/>\n\t<meta property=\"og:image:type\" content=\"image\/jpeg\" \/>\n<meta name=\"author\" content=\"redazione\" \/>\n<meta name=\"twitter:card\" content=\"summary_large_image\" \/>\n<meta name=\"twitter:creator\" content=\"@bellunopress\" \/>\n<meta name=\"twitter:site\" content=\"@bellunopress\" \/>\n<meta name=\"twitter:label1\" content=\"\u00c9crit par\" \/>\n\t<meta name=\"twitter:data1\" content=\"redazione\" \/>\n\t<meta name=\"twitter:label2\" content=\"Dur\u00e9e de lecture estim\u00e9e\" \/>\n\t<meta name=\"twitter:data2\" content=\"2 minutes\" \/>\n<script type=\"application\/ld+json\" class=\"yoast-schema-graph\">{\"@context\":\"https:\\\/\\\/schema.org\",\"@graph\":[{\"@type\":\"Article\",\"@id\":\"https:\\\/\\\/www.bellunopress.it\\\/2026\\\/04\\\/03\\\/poverta-in-calo-solo-sulla-carta-oltre-13-milioni-di-italiani-a-rischio\\\/#article\",\"isPartOf\":{\"@id\":\"https:\\\/\\\/www.bellunopress.it\\\/2026\\\/04\\\/03\\\/poverta-in-calo-solo-sulla-carta-oltre-13-milioni-di-italiani-a-rischio\\\/\"},\"author\":{\"name\":\"redazione\",\"@id\":\"https:\\\/\\\/www.bellunopress.it\\\/#\\\/schema\\\/person\\\/79bb06722b37ece1c03d3e94beb30d73\"},\"headline\":\"Povert\u00e0 in calo solo sulla carta: oltre 13 milioni di italiani a rischio\",\"datePublished\":\"2026-04-03T05:20:20+00:00\",\"mainEntityOfPage\":{\"@id\":\"https:\\\/\\\/www.bellunopress.it\\\/2026\\\/04\\\/03\\\/poverta-in-calo-solo-sulla-carta-oltre-13-milioni-di-italiani-a-rischio\\\/\"},\"wordCount\":486,\"publisher\":{\"@id\":\"https:\\\/\\\/www.bellunopress.it\\\/#organization\"},\"image\":{\"@id\":\"https:\\\/\\\/www.bellunopress.it\\\/2026\\\/04\\\/03\\\/poverta-in-calo-solo-sulla-carta-oltre-13-milioni-di-italiani-a-rischio\\\/#primaryimage\"},\"thumbnailUrl\":\"https:\\\/\\\/www.bellunopress.it\\\/wp-content\\\/uploads\\\/2026\\\/04\\\/prof.-Romano-Pesavento-presidente-CNDDU.jpg\",\"articleSection\":[\"Prima Pagina\",\"Scuola\",\"Societ\u00e0, Associazioni, Istituzioni\"],\"inLanguage\":\"fr-FR\"},{\"@type\":\"WebPage\",\"@id\":\"https:\\\/\\\/www.bellunopress.it\\\/2026\\\/04\\\/03\\\/poverta-in-calo-solo-sulla-carta-oltre-13-milioni-di-italiani-a-rischio\\\/\",\"url\":\"https:\\\/\\\/www.bellunopress.it\\\/2026\\\/04\\\/03\\\/poverta-in-calo-solo-sulla-carta-oltre-13-milioni-di-italiani-a-rischio\\\/\",\"name\":\"Povert\u00e0 in calo solo sulla carta: oltre 13 milioni di italiani a rischio - Bellunopress - Dolomiti\",\"isPartOf\":{\"@id\":\"https:\\\/\\\/www.bellunopress.it\\\/#website\"},\"primaryImageOfPage\":{\"@id\":\"https:\\\/\\\/www.bellunopress.it\\\/2026\\\/04\\\/03\\\/poverta-in-calo-solo-sulla-carta-oltre-13-milioni-di-italiani-a-rischio\\\/#primaryimage\"},\"image\":{\"@id\":\"https:\\\/\\\/www.bellunopress.it\\\/2026\\\/04\\\/03\\\/poverta-in-calo-solo-sulla-carta-oltre-13-milioni-di-italiani-a-rischio\\\/#primaryimage\"},\"thumbnailUrl\":\"https:\\\/\\\/www.bellunopress.it\\\/wp-content\\\/uploads\\\/2026\\\/04\\\/prof.-Romano-Pesavento-presidente-CNDDU.jpg\",\"datePublished\":\"2026-04-03T05:20:20+00:00\",\"breadcrumb\":{\"@id\":\"https:\\\/\\\/www.bellunopress.it\\\/2026\\\/04\\\/03\\\/poverta-in-calo-solo-sulla-carta-oltre-13-milioni-di-italiani-a-rischio\\\/#breadcrumb\"},\"inLanguage\":\"fr-FR\",\"potentialAction\":[{\"@type\":\"ReadAction\",\"target\":[\"https:\\\/\\\/www.bellunopress.it\\\/2026\\\/04\\\/03\\\/poverta-in-calo-solo-sulla-carta-oltre-13-milioni-di-italiani-a-rischio\\\/\"]}]},{\"@type\":\"ImageObject\",\"inLanguage\":\"fr-FR\",\"@id\":\"https:\\\/\\\/www.bellunopress.it\\\/2026\\\/04\\\/03\\\/poverta-in-calo-solo-sulla-carta-oltre-13-milioni-di-italiani-a-rischio\\\/#primaryimage\",\"url\":\"https:\\\/\\\/www.bellunopress.it\\\/wp-content\\\/uploads\\\/2026\\\/04\\\/prof.-Romano-Pesavento-presidente-CNDDU.jpg\",\"contentUrl\":\"https:\\\/\\\/www.bellunopress.it\\\/wp-content\\\/uploads\\\/2026\\\/04\\\/prof.-Romano-Pesavento-presidente-CNDDU.jpg\",\"width\":500,\"height\":360,\"caption\":\"Prof. Romano Pesavento - presidente CNDDU\"},{\"@type\":\"BreadcrumbList\",\"@id\":\"https:\\\/\\\/www.bellunopress.it\\\/2026\\\/04\\\/03\\\/poverta-in-calo-solo-sulla-carta-oltre-13-milioni-di-italiani-a-rischio\\\/#breadcrumb\",\"itemListElement\":[{\"@type\":\"ListItem\",\"position\":1,\"name\":\"Home\",\"item\":\"https:\\\/\\\/www.bellunopress.it\\\/\"},{\"@type\":\"ListItem\",\"position\":2,\"name\":\"Povert\u00e0 in calo solo sulla carta: oltre 13 milioni di italiani a rischio\"}]},{\"@type\":\"WebSite\",\"@id\":\"https:\\\/\\\/www.bellunopress.it\\\/#website\",\"url\":\"https:\\\/\\\/www.bellunopress.it\\\/\",\"name\":\"Bellunopress - Dolomiti\",\"description\":\"e-mail: redazione@bellunopress.it\",\"publisher\":{\"@id\":\"https:\\\/\\\/www.bellunopress.it\\\/#organization\"},\"potentialAction\":[{\"@type\":\"SearchAction\",\"target\":{\"@type\":\"EntryPoint\",\"urlTemplate\":\"https:\\\/\\\/www.bellunopress.it\\\/?s={search_term_string}\"},\"query-input\":{\"@type\":\"PropertyValueSpecification\",\"valueRequired\":true,\"valueName\":\"search_term_string\"}}],\"inLanguage\":\"fr-FR\"},{\"@type\":\"Organization\",\"@id\":\"https:\\\/\\\/www.bellunopress.it\\\/#organization\",\"name\":\"Bellunopress\",\"url\":\"https:\\\/\\\/www.bellunopress.it\\\/\",\"logo\":{\"@type\":\"ImageObject\",\"inLanguage\":\"fr-FR\",\"@id\":\"https:\\\/\\\/www.bellunopress.it\\\/#\\\/schema\\\/logo\\\/image\\\/\",\"url\":\"https:\\\/\\\/www.bellunopress.it\\\/wp-content\\\/uploads\\\/2011\\\/05\\\/cropped-logo-bellunopress-.jpg\",\"contentUrl\":\"https:\\\/\\\/www.bellunopress.it\\\/wp-content\\\/uploads\\\/2011\\\/05\\\/cropped-logo-bellunopress-.jpg\",\"width\":512,\"height\":512,\"caption\":\"Bellunopress\"},\"image\":{\"@id\":\"https:\\\/\\\/www.bellunopress.it\\\/#\\\/schema\\\/logo\\\/image\\\/\"},\"sameAs\":[\"https:\\\/\\\/www.facebook.com\\\/profile.php?id=100008943462799\",\"https:\\\/\\\/x.com\\\/bellunopress\",\"https:\\\/\\\/www.linkedin.com\\\/hp\\\/?dnr=JBzUWaJfMUw8vbXJJ2tVW5-I3jZKvC4wsoxE&amp;amp;amp;amp;amp;amp;trk=nav_responsive_tab_home\",\"https:\\\/\\\/www.youtube.com\\\/channel\\\/UCxL0wu1uN0_3_7hGG0306cw\"]},{\"@type\":\"Person\",\"@id\":\"https:\\\/\\\/www.bellunopress.it\\\/#\\\/schema\\\/person\\\/79bb06722b37ece1c03d3e94beb30d73\",\"name\":\"redazione\",\"image\":{\"@type\":\"ImageObject\",\"inLanguage\":\"fr-FR\",\"@id\":\"https:\\\/\\\/secure.gravatar.com\\\/avatar\\\/37d968a2e67a6fd04c169c4bdef102d0bc5d31b2546345219e348575eb80e9a0?s=96&d=mm&r=g\",\"url\":\"https:\\\/\\\/secure.gravatar.com\\\/avatar\\\/37d968a2e67a6fd04c169c4bdef102d0bc5d31b2546345219e348575eb80e9a0?s=96&d=mm&r=g\",\"contentUrl\":\"https:\\\/\\\/secure.gravatar.com\\\/avatar\\\/37d968a2e67a6fd04c169c4bdef102d0bc5d31b2546345219e348575eb80e9a0?s=96&d=mm&r=g\",\"caption\":\"redazione\"},\"sameAs\":[\"http:\\\/\\\/www.bellunopress.it\",\"https:\\\/\\\/x.com\\\/bellunopress\"],\"url\":\"https:\\\/\\\/www.bellunopress.it\\\/fr\\\/author\\\/redazione\\\/\"}]}<\/script>\n<!-- \/ Yoast SEO plugin. -->","yoast_head_json":{"title":"Povert\u00e0 in calo solo sulla carta: oltre 13 milioni di italiani a rischio - Bellunopress - Dolomiti","robots":{"index":"index","follow":"follow","max-snippet":"max-snippet:-1","max-image-preview":"max-image-preview:large","max-video-preview":"max-video-preview:-1"},"canonical":"https:\/\/www.bellunopress.it\/fr\/2026\/04\/03\/poverta-in-calo-solo-sulla-carta-oltre-13-milioni-di-italiani-a-rischio\/","og_locale":"fr_FR","og_type":"article","og_title":"Povert\u00e0 in calo solo sulla carta: oltre 13 milioni di italiani a rischio - Bellunopress - Dolomiti","og_description":"I dati Istat 2025 mostrano un lieve calo statistico, ma la realt\u00e0 racconta un\u2019altra storia: aumentano le persone in grave deprivazione. Il CNDDU: &#8220;Anche il lavoro qualificato, come quello dei docenti fuorisede, non garantisce pi\u00f9 una vita dignitosa&#8221;. Roma, 03\/04\/2026\u00a0\u2013 La povert\u00e0 in Italia sta cambiando volto, diventando pi\u00f9 silenziosa e, paradossalmente, pi\u00f9 profonda. Se [&hellip;]","og_url":"https:\/\/www.bellunopress.it\/fr\/2026\/04\/03\/poverta-in-calo-solo-sulla-carta-oltre-13-milioni-di-italiani-a-rischio\/","og_site_name":"Bellunopress - Dolomiti","article_publisher":"https:\/\/www.facebook.com\/profile.php?id=100008943462799","article_published_time":"2026-04-03T05:20:20+00:00","og_image":[{"width":500,"height":360,"url":"https:\/\/www.bellunopress.it\/wp-content\/uploads\/2026\/04\/prof.-Romano-Pesavento-presidente-CNDDU.jpg","type":"image\/jpeg"}],"author":"redazione","twitter_card":"summary_large_image","twitter_creator":"@bellunopress","twitter_site":"@bellunopress","twitter_misc":{"\u00c9crit par":"redazione","Dur\u00e9e de lecture estim\u00e9e":"2 minutes"},"schema":{"@context":"https:\/\/schema.org","@graph":[{"@type":"Article","@id":"https:\/\/www.bellunopress.it\/2026\/04\/03\/poverta-in-calo-solo-sulla-carta-oltre-13-milioni-di-italiani-a-rischio\/#article","isPartOf":{"@id":"https:\/\/www.bellunopress.it\/2026\/04\/03\/poverta-in-calo-solo-sulla-carta-oltre-13-milioni-di-italiani-a-rischio\/"},"author":{"name":"redazione","@id":"https:\/\/www.bellunopress.it\/#\/schema\/person\/79bb06722b37ece1c03d3e94beb30d73"},"headline":"Povert\u00e0 in calo solo sulla carta: oltre 13 milioni di italiani a rischio","datePublished":"2026-04-03T05:20:20+00:00","mainEntityOfPage":{"@id":"https:\/\/www.bellunopress.it\/2026\/04\/03\/poverta-in-calo-solo-sulla-carta-oltre-13-milioni-di-italiani-a-rischio\/"},"wordCount":486,"publisher":{"@id":"https:\/\/www.bellunopress.it\/#organization"},"image":{"@id":"https:\/\/www.bellunopress.it\/2026\/04\/03\/poverta-in-calo-solo-sulla-carta-oltre-13-milioni-di-italiani-a-rischio\/#primaryimage"},"thumbnailUrl":"https:\/\/www.bellunopress.it\/wp-content\/uploads\/2026\/04\/prof.-Romano-Pesavento-presidente-CNDDU.jpg","articleSection":["Prima Pagina","Scuola","Societ\u00e0, Associazioni, Istituzioni"],"inLanguage":"fr-FR"},{"@type":"WebPage","@id":"https:\/\/www.bellunopress.it\/2026\/04\/03\/poverta-in-calo-solo-sulla-carta-oltre-13-milioni-di-italiani-a-rischio\/","url":"https:\/\/www.bellunopress.it\/2026\/04\/03\/poverta-in-calo-solo-sulla-carta-oltre-13-milioni-di-italiani-a-rischio\/","name":"Povert\u00e0 in calo solo sulla carta: oltre 13 milioni di italiani a rischio - Bellunopress - Dolomiti","isPartOf":{"@id":"https:\/\/www.bellunopress.it\/#website"},"primaryImageOfPage":{"@id":"https:\/\/www.bellunopress.it\/2026\/04\/03\/poverta-in-calo-solo-sulla-carta-oltre-13-milioni-di-italiani-a-rischio\/#primaryimage"},"image":{"@id":"https:\/\/www.bellunopress.it\/2026\/04\/03\/poverta-in-calo-solo-sulla-carta-oltre-13-milioni-di-italiani-a-rischio\/#primaryimage"},"thumbnailUrl":"https:\/\/www.bellunopress.it\/wp-content\/uploads\/2026\/04\/prof.-Romano-Pesavento-presidente-CNDDU.jpg","datePublished":"2026-04-03T05:20:20+00:00","breadcrumb":{"@id":"https:\/\/www.bellunopress.it\/2026\/04\/03\/poverta-in-calo-solo-sulla-carta-oltre-13-milioni-di-italiani-a-rischio\/#breadcrumb"},"inLanguage":"fr-FR","potentialAction":[{"@type":"ReadAction","target":["https:\/\/www.bellunopress.it\/2026\/04\/03\/poverta-in-calo-solo-sulla-carta-oltre-13-milioni-di-italiani-a-rischio\/"]}]},{"@type":"ImageObject","inLanguage":"fr-FR","@id":"https:\/\/www.bellunopress.it\/2026\/04\/03\/poverta-in-calo-solo-sulla-carta-oltre-13-milioni-di-italiani-a-rischio\/#primaryimage","url":"https:\/\/www.bellunopress.it\/wp-content\/uploads\/2026\/04\/prof.-Romano-Pesavento-presidente-CNDDU.jpg","contentUrl":"https:\/\/www.bellunopress.it\/wp-content\/uploads\/2026\/04\/prof.-Romano-Pesavento-presidente-CNDDU.jpg","width":500,"height":360,"caption":"Prof. Romano Pesavento - presidente CNDDU"},{"@type":"BreadcrumbList","@id":"https:\/\/www.bellunopress.it\/2026\/04\/03\/poverta-in-calo-solo-sulla-carta-oltre-13-milioni-di-italiani-a-rischio\/#breadcrumb","itemListElement":[{"@type":"ListItem","position":1,"name":"Home","item":"https:\/\/www.bellunopress.it\/"},{"@type":"ListItem","position":2,"name":"Povert\u00e0 in calo solo sulla carta: oltre 13 milioni di italiani a rischio"}]},{"@type":"WebSite","@id":"https:\/\/www.bellunopress.it\/#website","url":"https:\/\/www.bellunopress.it\/","name":"Bellunopress - Dolomiti","description":"e-mail: redazione@bellunopress.it","publisher":{"@id":"https:\/\/www.bellunopress.it\/#organization"},"potentialAction":[{"@type":"SearchAction","target":{"@type":"EntryPoint","urlTemplate":"https:\/\/www.bellunopress.it\/?s={search_term_string}"},"query-input":{"@type":"PropertyValueSpecification","valueRequired":true,"valueName":"search_term_string"}}],"inLanguage":"fr-FR"},{"@type":"Organization","@id":"https:\/\/www.bellunopress.it\/#organization","name":"Bellunopress","url":"https:\/\/www.bellunopress.it\/","logo":{"@type":"ImageObject","inLanguage":"fr-FR","@id":"https:\/\/www.bellunopress.it\/#\/schema\/logo\/image\/","url":"https:\/\/www.bellunopress.it\/wp-content\/uploads\/2011\/05\/cropped-logo-bellunopress-.jpg","contentUrl":"https:\/\/www.bellunopress.it\/wp-content\/uploads\/2011\/05\/cropped-logo-bellunopress-.jpg","width":512,"height":512,"caption":"Bellunopress"},"image":{"@id":"https:\/\/www.bellunopress.it\/#\/schema\/logo\/image\/"},"sameAs":["https:\/\/www.facebook.com\/profile.php?id=100008943462799","https:\/\/x.com\/bellunopress","https:\/\/www.linkedin.com\/hp\/?dnr=JBzUWaJfMUw8vbXJJ2tVW5-I3jZKvC4wsoxE&amp;amp;amp;amp;amp;amp;trk=nav_responsive_tab_home","https:\/\/www.youtube.com\/channel\/UCxL0wu1uN0_3_7hGG0306cw"]},{"@type":"Person","@id":"https:\/\/www.bellunopress.it\/#\/schema\/person\/79bb06722b37ece1c03d3e94beb30d73","name":"r\u00e9daction","image":{"@type":"ImageObject","inLanguage":"fr-FR","@id":"https:\/\/secure.gravatar.com\/avatar\/37d968a2e67a6fd04c169c4bdef102d0bc5d31b2546345219e348575eb80e9a0?s=96&d=mm&r=g","url":"https:\/\/secure.gravatar.com\/avatar\/37d968a2e67a6fd04c169c4bdef102d0bc5d31b2546345219e348575eb80e9a0?s=96&d=mm&r=g","contentUrl":"https:\/\/secure.gravatar.com\/avatar\/37d968a2e67a6fd04c169c4bdef102d0bc5d31b2546345219e348575eb80e9a0?s=96&d=mm&r=g","caption":"redazione"},"sameAs":["http:\/\/www.bellunopress.it","https:\/\/x.com\/bellunopress"],"url":"https:\/\/www.bellunopress.it\/fr\/author\/redazione\/"}]}},"_links":{"self":[{"href":"https:\/\/www.bellunopress.it\/fr\/wp-json\/wp\/v2\/posts\/168763","targetHints":{"allow":["GET"]}}],"collection":[{"href":"https:\/\/www.bellunopress.it\/fr\/wp-json\/wp\/v2\/posts"}],"about":[{"href":"https:\/\/www.bellunopress.it\/fr\/wp-json\/wp\/v2\/types\/post"}],"author":[{"embeddable":true,"href":"https:\/\/www.bellunopress.it\/fr\/wp-json\/wp\/v2\/users\/2"}],"replies":[{"embeddable":true,"href":"https:\/\/www.bellunopress.it\/fr\/wp-json\/wp\/v2\/comments?post=168763"}],"version-history":[{"count":1,"href":"https:\/\/www.bellunopress.it\/fr\/wp-json\/wp\/v2\/posts\/168763\/revisions"}],"predecessor-version":[{"id":168765,"href":"https:\/\/www.bellunopress.it\/fr\/wp-json\/wp\/v2\/posts\/168763\/revisions\/168765"}],"wp:featuredmedia":[{"embeddable":true,"href":"https:\/\/www.bellunopress.it\/fr\/wp-json\/wp\/v2\/media\/168764"}],"wp:attachment":[{"href":"https:\/\/www.bellunopress.it\/fr\/wp-json\/wp\/v2\/media?parent=168763"}],"wp:term":[{"taxonomy":"category","embeddable":true,"href":"https:\/\/www.bellunopress.it\/fr\/wp-json\/wp\/v2\/categories?post=168763"},{"taxonomy":"post_tag","embeddable":true,"href":"https:\/\/www.bellunopress.it\/fr\/wp-json\/wp\/v2\/tags?post=168763"}],"curies":[{"name":"wp","href":"https:\/\/api.w.org\/{rel}","templated":true}]}}