{"id":168760,"date":"2026-04-03T07:06:40","date_gmt":"2026-04-03T05:06:40","guid":{"rendered":"https:\/\/www.bellunopress.it\/?p=168760"},"modified":"2026-04-03T07:07:14","modified_gmt":"2026-04-03T05:07:14","slug":"nuoto-sportivamente-belluno-protagonista-a-riccione","status":"publish","type":"post","link":"https:\/\/www.bellunopress.it\/fr\/2026\/04\/03\/nuoto-sportivamente-belluno-protagonista-a-riccione\/","title":{"rendered":"Nuoto. Sportivamente Belluno protagonista a Riccione"},"content":{"rendered":"<p>Belluno, 02\/04\/2026 &#8211; Si chiude con risultati di assoluto rilievo l\u2019avventura di Sportivamente Belluno ai Criteria Nazionali Giovanili, la pi\u00f9 importante manifestazione italiana dedicata al nuoto giovanile.<\/p>\n<p>A Riccione, nello Stadio del Nuoto, sia il settore femminile, sia quello maschile hanno saputo mettersi in evidenza, confermando la crescita di una realt\u00e0 che continua a ritagliarsi spazi di rilievo sul palcoscenico nazionale.<\/p>\n<p>Nel settore femminile, la protagonista \u00e8 Greta Galanti, autrice di una rassegna solida e competitiva: sesto posto nei 200 misti (in 2\u201925\u201d41), ottavo nei 100 stile libero (1\u201900\u201d07), undicesimo nei 50 stile (27\u201d94) e ventiseiesimo nei 100 rana (1\u201917\u201d73). Prestazioni che testimoniano la sua versatilit\u00e0 e la capacit\u00e0 di migliorarsi gara dopo gara.<\/p>\n<p>Ottima pure la prova di Laura Ivessa negli 800 stile, chiusi in 9\u201918&#8243;34. Qualificata tra le migliori d\u2019Italia, ha interpretato la gara con determinazione chiudendo in ottava posizione e con un tempo di valore.<\/p>\n<p>Applausi, inoltre, ad Alessandro Morra, impegnato in cinque prove. Per lui un eccellente quinto posto nei 200 misti (2\u201912\u201d98), il quarto nei 50 rana in 30&#8243;73, a soli sette centesimi dal podio, il nono nei 100 farfalla (59\u201d48), il decimo nei 100 rana (1\u201907\u201d37: migliorato di oltre due secondi il personale) e il sedicesimo nei 100 dorso (1\u201900\u201d98).<\/p>\n<p>Buona anche la prestazione di Rodolfo Zanon nei 200 farfalla: al mattino nuota leggermente sopra il proprio tempo, ma \u00e8 capace comunque di scalare tre posizioni in classifica, dimostrando carattere in una gara particolarmente impegnativa.<\/p>\n<p>Al di l\u00e0 dei risultati e piazzamenti, ci\u00f2 che emerge \u00e8 il valore del collettivo costruito da Sportivamente Belluno. In una realt\u00e0 territoriale con numeri contenuti, la societ\u00e0 \u00e8 riuscita a portare pi\u00f9 atleti tra i migliori d\u2019Italia, frutto di un lavoro costante e programmato. Grande merito va allo staff tecnico che, con dedizione quotidiana e attenzione, ha creato un gruppo affiatato, competitivo e in grado di affrontare il palcoscenico italiano.<\/p>","protected":false},"excerpt":{"rendered":"<p>Belluno, 02\/04\/2026 &#8211; Si chiude con risultati di assoluto rilievo l\u2019avventura di Sportivamente Belluno ai Criteria Nazionali Giovanili, la pi\u00f9 importante manifestazione italiana dedicata al nuoto giovanile. A Riccione, nello Stadio del Nuoto, sia il settore femminile, sia quello maschile hanno saputo mettersi in evidenza, confermando la crescita di una realt\u00e0 che continua a ritagliarsi [&hellip;]<\/p>\n","protected":false},"author":2,"featured_media":168761,"comment_status":"closed","ping_status":"open","sticky":false,"template":"","format":"standard","meta":{"footnotes":""},"categories":[4],"tags":[],"class_list":["post-168760","post","type-post","status-publish","format-standard","has-post-thumbnail","category-sport"],"yoast_head":"<!-- This site is optimized with the Yoast SEO plugin v28.4 - https:\/\/yoast.com\/product\/yoast-seo-wordpress\/ -->\n<title>Nuoto. Sportivamente Belluno protagonista a Riccione - Bellunopress - Dolomiti<\/title>\n<meta name=\"robots\" content=\"index, follow, max-snippet:-1, max-image-preview:large, max-video-preview:-1\" \/>\n<link rel=\"canonical\" href=\"https:\/\/www.bellunopress.it\/fr\/2026\/04\/03\/nuoto-sportivamente-belluno-protagonista-a-riccione\/\" \/>\n<meta property=\"og:locale\" content=\"fr_FR\" \/>\n<meta property=\"og:type\" content=\"article\" \/>\n<meta property=\"og:title\" content=\"Nuoto. Sportivamente Belluno protagonista a Riccione - Bellunopress - Dolomiti\" \/>\n<meta property=\"og:description\" content=\"Belluno, 02\/04\/2026 &#8211; Si chiude con risultati di assoluto rilievo l\u2019avventura di Sportivamente Belluno ai Criteria Nazionali Giovanili, la pi\u00f9 importante manifestazione italiana dedicata al nuoto giovanile. A Riccione, nello Stadio del Nuoto, sia il settore femminile, sia quello maschile hanno saputo mettersi in evidenza, confermando la crescita di una realt\u00e0 che continua a ritagliarsi [&hellip;]\" \/>\n<meta property=\"og:url\" content=\"https:\/\/www.bellunopress.it\/fr\/2026\/04\/03\/nuoto-sportivamente-belluno-protagonista-a-riccione\/\" \/>\n<meta property=\"og:site_name\" content=\"Bellunopress - Dolomiti\" \/>\n<meta property=\"article:publisher\" content=\"https:\/\/www.facebook.com\/profile.php?id=100008943462799\" \/>\n<meta property=\"article:published_time\" content=\"2026-04-03T05:06:40+00:00\" \/>\n<meta property=\"article:modified_time\" content=\"2026-04-03T05:07:14+00:00\" \/>\n<meta property=\"og:image\" content=\"https:\/\/www.bellunopress.it\/wp-content\/uploads\/2026\/04\/Le_due_nuotatrici_bellunesi_a_Riccione.jpg\" \/>\n\t<meta property=\"og:image:width\" content=\"476\" \/>\n\t<meta property=\"og:image:height\" content=\"495\" \/>\n\t<meta property=\"og:image:type\" content=\"image\/jpeg\" \/>\n<meta name=\"author\" content=\"redazione\" \/>\n<meta name=\"twitter:card\" content=\"summary_large_image\" \/>\n<meta name=\"twitter:creator\" content=\"@bellunopress\" \/>\n<meta name=\"twitter:site\" content=\"@bellunopress\" \/>\n<meta name=\"twitter:label1\" content=\"\u00c9crit par\" \/>\n\t<meta name=\"twitter:data1\" content=\"redazione\" \/>\n\t<meta name=\"twitter:label2\" content=\"Dur\u00e9e de lecture estim\u00e9e\" \/>\n\t<meta name=\"twitter:data2\" content=\"1 minute\" \/>\n<script type=\"application\/ld+json\" class=\"yoast-schema-graph\">{\"@context\":\"https:\\\/\\\/schema.org\",\"@graph\":[{\"@type\":\"Article\",\"@id\":\"https:\\\/\\\/www.bellunopress.it\\\/2026\\\/04\\\/03\\\/nuoto-sportivamente-belluno-protagonista-a-riccione\\\/#article\",\"isPartOf\":{\"@id\":\"https:\\\/\\\/www.bellunopress.it\\\/2026\\\/04\\\/03\\\/nuoto-sportivamente-belluno-protagonista-a-riccione\\\/\"},\"author\":{\"name\":\"redazione\",\"@id\":\"https:\\\/\\\/www.bellunopress.it\\\/#\\\/schema\\\/person\\\/79bb06722b37ece1c03d3e94beb30d73\"},\"headline\":\"Nuoto. Sportivamente Belluno protagonista a Riccione\",\"datePublished\":\"2026-04-03T05:06:40+00:00\",\"dateModified\":\"2026-04-03T05:07:14+00:00\",\"mainEntityOfPage\":{\"@id\":\"https:\\\/\\\/www.bellunopress.it\\\/2026\\\/04\\\/03\\\/nuoto-sportivamente-belluno-protagonista-a-riccione\\\/\"},\"wordCount\":295,\"publisher\":{\"@id\":\"https:\\\/\\\/www.bellunopress.it\\\/#organization\"},\"image\":{\"@id\":\"https:\\\/\\\/www.bellunopress.it\\\/2026\\\/04\\\/03\\\/nuoto-sportivamente-belluno-protagonista-a-riccione\\\/#primaryimage\"},\"thumbnailUrl\":\"https:\\\/\\\/www.bellunopress.it\\\/wp-content\\\/uploads\\\/2026\\\/04\\\/Le_due_nuotatrici_bellunesi_a_Riccione.jpg\",\"articleSection\":[\"Sport, tempo libero\"],\"inLanguage\":\"fr-FR\"},{\"@type\":\"WebPage\",\"@id\":\"https:\\\/\\\/www.bellunopress.it\\\/2026\\\/04\\\/03\\\/nuoto-sportivamente-belluno-protagonista-a-riccione\\\/\",\"url\":\"https:\\\/\\\/www.bellunopress.it\\\/2026\\\/04\\\/03\\\/nuoto-sportivamente-belluno-protagonista-a-riccione\\\/\",\"name\":\"Nuoto. Sportivamente Belluno protagonista a Riccione - Bellunopress - Dolomiti\",\"isPartOf\":{\"@id\":\"https:\\\/\\\/www.bellunopress.it\\\/#website\"},\"primaryImageOfPage\":{\"@id\":\"https:\\\/\\\/www.bellunopress.it\\\/2026\\\/04\\\/03\\\/nuoto-sportivamente-belluno-protagonista-a-riccione\\\/#primaryimage\"},\"image\":{\"@id\":\"https:\\\/\\\/www.bellunopress.it\\\/2026\\\/04\\\/03\\\/nuoto-sportivamente-belluno-protagonista-a-riccione\\\/#primaryimage\"},\"thumbnailUrl\":\"https:\\\/\\\/www.bellunopress.it\\\/wp-content\\\/uploads\\\/2026\\\/04\\\/Le_due_nuotatrici_bellunesi_a_Riccione.jpg\",\"datePublished\":\"2026-04-03T05:06:40+00:00\",\"dateModified\":\"2026-04-03T05:07:14+00:00\",\"breadcrumb\":{\"@id\":\"https:\\\/\\\/www.bellunopress.it\\\/2026\\\/04\\\/03\\\/nuoto-sportivamente-belluno-protagonista-a-riccione\\\/#breadcrumb\"},\"inLanguage\":\"fr-FR\",\"potentialAction\":[{\"@type\":\"ReadAction\",\"target\":[\"https:\\\/\\\/www.bellunopress.it\\\/2026\\\/04\\\/03\\\/nuoto-sportivamente-belluno-protagonista-a-riccione\\\/\"]}]},{\"@type\":\"ImageObject\",\"inLanguage\":\"fr-FR\",\"@id\":\"https:\\\/\\\/www.bellunopress.it\\\/2026\\\/04\\\/03\\\/nuoto-sportivamente-belluno-protagonista-a-riccione\\\/#primaryimage\",\"url\":\"https:\\\/\\\/www.bellunopress.it\\\/wp-content\\\/uploads\\\/2026\\\/04\\\/Le_due_nuotatrici_bellunesi_a_Riccione.jpg\",\"contentUrl\":\"https:\\\/\\\/www.bellunopress.it\\\/wp-content\\\/uploads\\\/2026\\\/04\\\/Le_due_nuotatrici_bellunesi_a_Riccione.jpg\",\"width\":476,\"height\":495,\"caption\":\"Le due nuotatrici bellunesi: Greta Galanti e Laura Ivessa\"},{\"@type\":\"BreadcrumbList\",\"@id\":\"https:\\\/\\\/www.bellunopress.it\\\/2026\\\/04\\\/03\\\/nuoto-sportivamente-belluno-protagonista-a-riccione\\\/#breadcrumb\",\"itemListElement\":[{\"@type\":\"ListItem\",\"position\":1,\"name\":\"Home\",\"item\":\"https:\\\/\\\/www.bellunopress.it\\\/\"},{\"@type\":\"ListItem\",\"position\":2,\"name\":\"Nuoto. Sportivamente Belluno protagonista a Riccione\"}]},{\"@type\":\"WebSite\",\"@id\":\"https:\\\/\\\/www.bellunopress.it\\\/#website\",\"url\":\"https:\\\/\\\/www.bellunopress.it\\\/\",\"name\":\"Bellunopress - Dolomiti\",\"description\":\"e-mail: redazione@bellunopress.it\",\"publisher\":{\"@id\":\"https:\\\/\\\/www.bellunopress.it\\\/#organization\"},\"potentialAction\":[{\"@type\":\"SearchAction\",\"target\":{\"@type\":\"EntryPoint\",\"urlTemplate\":\"https:\\\/\\\/www.bellunopress.it\\\/?s={search_term_string}\"},\"query-input\":{\"@type\":\"PropertyValueSpecification\",\"valueRequired\":true,\"valueName\":\"search_term_string\"}}],\"inLanguage\":\"fr-FR\"},{\"@type\":\"Organization\",\"@id\":\"https:\\\/\\\/www.bellunopress.it\\\/#organization\",\"name\":\"Bellunopress\",\"url\":\"https:\\\/\\\/www.bellunopress.it\\\/\",\"logo\":{\"@type\":\"ImageObject\",\"inLanguage\":\"fr-FR\",\"@id\":\"https:\\\/\\\/www.bellunopress.it\\\/#\\\/schema\\\/logo\\\/image\\\/\",\"url\":\"https:\\\/\\\/www.bellunopress.it\\\/wp-content\\\/uploads\\\/2011\\\/05\\\/cropped-logo-bellunopress-.jpg\",\"contentUrl\":\"https:\\\/\\\/www.bellunopress.it\\\/wp-content\\\/uploads\\\/2011\\\/05\\\/cropped-logo-bellunopress-.jpg\",\"width\":512,\"height\":512,\"caption\":\"Bellunopress\"},\"image\":{\"@id\":\"https:\\\/\\\/www.bellunopress.it\\\/#\\\/schema\\\/logo\\\/image\\\/\"},\"sameAs\":[\"https:\\\/\\\/www.facebook.com\\\/profile.php?id=100008943462799\",\"https:\\\/\\\/x.com\\\/bellunopress\",\"https:\\\/\\\/www.linkedin.com\\\/hp\\\/?dnr=JBzUWaJfMUw8vbXJJ2tVW5-I3jZKvC4wsoxE&amp;amp;amp;amp;amp;amp;trk=nav_responsive_tab_home\",\"https:\\\/\\\/www.youtube.com\\\/channel\\\/UCxL0wu1uN0_3_7hGG0306cw\"]},{\"@type\":\"Person\",\"@id\":\"https:\\\/\\\/www.bellunopress.it\\\/#\\\/schema\\\/person\\\/79bb06722b37ece1c03d3e94beb30d73\",\"name\":\"redazione\",\"image\":{\"@type\":\"ImageObject\",\"inLanguage\":\"fr-FR\",\"@id\":\"https:\\\/\\\/secure.gravatar.com\\\/avatar\\\/37d968a2e67a6fd04c169c4bdef102d0bc5d31b2546345219e348575eb80e9a0?s=96&d=mm&r=g\",\"url\":\"https:\\\/\\\/secure.gravatar.com\\\/avatar\\\/37d968a2e67a6fd04c169c4bdef102d0bc5d31b2546345219e348575eb80e9a0?s=96&d=mm&r=g\",\"contentUrl\":\"https:\\\/\\\/secure.gravatar.com\\\/avatar\\\/37d968a2e67a6fd04c169c4bdef102d0bc5d31b2546345219e348575eb80e9a0?s=96&d=mm&r=g\",\"caption\":\"redazione\"},\"sameAs\":[\"http:\\\/\\\/www.bellunopress.it\",\"https:\\\/\\\/x.com\\\/bellunopress\"],\"url\":\"https:\\\/\\\/www.bellunopress.it\\\/fr\\\/author\\\/redazione\\\/\"}]}<\/script>\n<!-- \/ Yoast SEO plugin. -->","yoast_head_json":{"title":"Nuoto. Sportivamente Belluno protagonista a Riccione - Bellunopress - Dolomiti","robots":{"index":"index","follow":"follow","max-snippet":"max-snippet:-1","max-image-preview":"max-image-preview:large","max-video-preview":"max-video-preview:-1"},"canonical":"https:\/\/www.bellunopress.it\/fr\/2026\/04\/03\/nuoto-sportivamente-belluno-protagonista-a-riccione\/","og_locale":"fr_FR","og_type":"article","og_title":"Nuoto. Sportivamente Belluno protagonista a Riccione - Bellunopress - Dolomiti","og_description":"Belluno, 02\/04\/2026 &#8211; Si chiude con risultati di assoluto rilievo l\u2019avventura di Sportivamente Belluno ai Criteria Nazionali Giovanili, la pi\u00f9 importante manifestazione italiana dedicata al nuoto giovanile. A Riccione, nello Stadio del Nuoto, sia il settore femminile, sia quello maschile hanno saputo mettersi in evidenza, confermando la crescita di una realt\u00e0 che continua a ritagliarsi [&hellip;]","og_url":"https:\/\/www.bellunopress.it\/fr\/2026\/04\/03\/nuoto-sportivamente-belluno-protagonista-a-riccione\/","og_site_name":"Bellunopress - Dolomiti","article_publisher":"https:\/\/www.facebook.com\/profile.php?id=100008943462799","article_published_time":"2026-04-03T05:06:40+00:00","article_modified_time":"2026-04-03T05:07:14+00:00","og_image":[{"width":476,"height":495,"url":"https:\/\/www.bellunopress.it\/wp-content\/uploads\/2026\/04\/Le_due_nuotatrici_bellunesi_a_Riccione.jpg","type":"image\/jpeg"}],"author":"redazione","twitter_card":"summary_large_image","twitter_creator":"@bellunopress","twitter_site":"@bellunopress","twitter_misc":{"\u00c9crit par":"redazione","Dur\u00e9e de lecture estim\u00e9e":"1 minute"},"schema":{"@context":"https:\/\/schema.org","@graph":[{"@type":"Article","@id":"https:\/\/www.bellunopress.it\/2026\/04\/03\/nuoto-sportivamente-belluno-protagonista-a-riccione\/#article","isPartOf":{"@id":"https:\/\/www.bellunopress.it\/2026\/04\/03\/nuoto-sportivamente-belluno-protagonista-a-riccione\/"},"author":{"name":"redazione","@id":"https:\/\/www.bellunopress.it\/#\/schema\/person\/79bb06722b37ece1c03d3e94beb30d73"},"headline":"Nuoto. Sportivamente Belluno protagonista a Riccione","datePublished":"2026-04-03T05:06:40+00:00","dateModified":"2026-04-03T05:07:14+00:00","mainEntityOfPage":{"@id":"https:\/\/www.bellunopress.it\/2026\/04\/03\/nuoto-sportivamente-belluno-protagonista-a-riccione\/"},"wordCount":295,"publisher":{"@id":"https:\/\/www.bellunopress.it\/#organization"},"image":{"@id":"https:\/\/www.bellunopress.it\/2026\/04\/03\/nuoto-sportivamente-belluno-protagonista-a-riccione\/#primaryimage"},"thumbnailUrl":"https:\/\/www.bellunopress.it\/wp-content\/uploads\/2026\/04\/Le_due_nuotatrici_bellunesi_a_Riccione.jpg","articleSection":["Sport, tempo libero"],"inLanguage":"fr-FR"},{"@type":"WebPage","@id":"https:\/\/www.bellunopress.it\/2026\/04\/03\/nuoto-sportivamente-belluno-protagonista-a-riccione\/","url":"https:\/\/www.bellunopress.it\/2026\/04\/03\/nuoto-sportivamente-belluno-protagonista-a-riccione\/","name":"Nuoto. Sportivamente Belluno protagonista a Riccione - Bellunopress - Dolomiti","isPartOf":{"@id":"https:\/\/www.bellunopress.it\/#website"},"primaryImageOfPage":{"@id":"https:\/\/www.bellunopress.it\/2026\/04\/03\/nuoto-sportivamente-belluno-protagonista-a-riccione\/#primaryimage"},"image":{"@id":"https:\/\/www.bellunopress.it\/2026\/04\/03\/nuoto-sportivamente-belluno-protagonista-a-riccione\/#primaryimage"},"thumbnailUrl":"https:\/\/www.bellunopress.it\/wp-content\/uploads\/2026\/04\/Le_due_nuotatrici_bellunesi_a_Riccione.jpg","datePublished":"2026-04-03T05:06:40+00:00","dateModified":"2026-04-03T05:07:14+00:00","breadcrumb":{"@id":"https:\/\/www.bellunopress.it\/2026\/04\/03\/nuoto-sportivamente-belluno-protagonista-a-riccione\/#breadcrumb"},"inLanguage":"fr-FR","potentialAction":[{"@type":"ReadAction","target":["https:\/\/www.bellunopress.it\/2026\/04\/03\/nuoto-sportivamente-belluno-protagonista-a-riccione\/"]}]},{"@type":"ImageObject","inLanguage":"fr-FR","@id":"https:\/\/www.bellunopress.it\/2026\/04\/03\/nuoto-sportivamente-belluno-protagonista-a-riccione\/#primaryimage","url":"https:\/\/www.bellunopress.it\/wp-content\/uploads\/2026\/04\/Le_due_nuotatrici_bellunesi_a_Riccione.jpg","contentUrl":"https:\/\/www.bellunopress.it\/wp-content\/uploads\/2026\/04\/Le_due_nuotatrici_bellunesi_a_Riccione.jpg","width":476,"height":495,"caption":"Le due nuotatrici bellunesi: Greta Galanti e Laura Ivessa"},{"@type":"BreadcrumbList","@id":"https:\/\/www.bellunopress.it\/2026\/04\/03\/nuoto-sportivamente-belluno-protagonista-a-riccione\/#breadcrumb","itemListElement":[{"@type":"ListItem","position":1,"name":"Home","item":"https:\/\/www.bellunopress.it\/"},{"@type":"ListItem","position":2,"name":"Nuoto. Sportivamente Belluno protagonista a Riccione"}]},{"@type":"WebSite","@id":"https:\/\/www.bellunopress.it\/#website","url":"https:\/\/www.bellunopress.it\/","name":"Bellunopress - Dolomiti","description":"e-mail: redazione@bellunopress.it","publisher":{"@id":"https:\/\/www.bellunopress.it\/#organization"},"potentialAction":[{"@type":"SearchAction","target":{"@type":"EntryPoint","urlTemplate":"https:\/\/www.bellunopress.it\/?s={search_term_string}"},"query-input":{"@type":"PropertyValueSpecification","valueRequired":true,"valueName":"search_term_string"}}],"inLanguage":"fr-FR"},{"@type":"Organization","@id":"https:\/\/www.bellunopress.it\/#organization","name":"Bellunopress","url":"https:\/\/www.bellunopress.it\/","logo":{"@type":"ImageObject","inLanguage":"fr-FR","@id":"https:\/\/www.bellunopress.it\/#\/schema\/logo\/image\/","url":"https:\/\/www.bellunopress.it\/wp-content\/uploads\/2011\/05\/cropped-logo-bellunopress-.jpg","contentUrl":"https:\/\/www.bellunopress.it\/wp-content\/uploads\/2011\/05\/cropped-logo-bellunopress-.jpg","width":512,"height":512,"caption":"Bellunopress"},"image":{"@id":"https:\/\/www.bellunopress.it\/#\/schema\/logo\/image\/"},"sameAs":["https:\/\/www.facebook.com\/profile.php?id=100008943462799","https:\/\/x.com\/bellunopress","https:\/\/www.linkedin.com\/hp\/?dnr=JBzUWaJfMUw8vbXJJ2tVW5-I3jZKvC4wsoxE&amp;amp;amp;amp;amp;amp;trk=nav_responsive_tab_home","https:\/\/www.youtube.com\/channel\/UCxL0wu1uN0_3_7hGG0306cw"]},{"@type":"Person","@id":"https:\/\/www.bellunopress.it\/#\/schema\/person\/79bb06722b37ece1c03d3e94beb30d73","name":"r\u00e9daction","image":{"@type":"ImageObject","inLanguage":"fr-FR","@id":"https:\/\/secure.gravatar.com\/avatar\/37d968a2e67a6fd04c169c4bdef102d0bc5d31b2546345219e348575eb80e9a0?s=96&d=mm&r=g","url":"https:\/\/secure.gravatar.com\/avatar\/37d968a2e67a6fd04c169c4bdef102d0bc5d31b2546345219e348575eb80e9a0?s=96&d=mm&r=g","contentUrl":"https:\/\/secure.gravatar.com\/avatar\/37d968a2e67a6fd04c169c4bdef102d0bc5d31b2546345219e348575eb80e9a0?s=96&d=mm&r=g","caption":"redazione"},"sameAs":["http:\/\/www.bellunopress.it","https:\/\/x.com\/bellunopress"],"url":"https:\/\/www.bellunopress.it\/fr\/author\/redazione\/"}]}},"_links":{"self":[{"href":"https:\/\/www.bellunopress.it\/fr\/wp-json\/wp\/v2\/posts\/168760","targetHints":{"allow":["GET"]}}],"collection":[{"href":"https:\/\/www.bellunopress.it\/fr\/wp-json\/wp\/v2\/posts"}],"about":[{"href":"https:\/\/www.bellunopress.it\/fr\/wp-json\/wp\/v2\/types\/post"}],"author":[{"embeddable":true,"href":"https:\/\/www.bellunopress.it\/fr\/wp-json\/wp\/v2\/users\/2"}],"replies":[{"embeddable":true,"href":"https:\/\/www.bellunopress.it\/fr\/wp-json\/wp\/v2\/comments?post=168760"}],"version-history":[{"count":1,"href":"https:\/\/www.bellunopress.it\/fr\/wp-json\/wp\/v2\/posts\/168760\/revisions"}],"predecessor-version":[{"id":168762,"href":"https:\/\/www.bellunopress.it\/fr\/wp-json\/wp\/v2\/posts\/168760\/revisions\/168762"}],"wp:featuredmedia":[{"embeddable":true,"href":"https:\/\/www.bellunopress.it\/fr\/wp-json\/wp\/v2\/media\/168761"}],"wp:attachment":[{"href":"https:\/\/www.bellunopress.it\/fr\/wp-json\/wp\/v2\/media?parent=168760"}],"wp:term":[{"taxonomy":"category","embeddable":true,"href":"https:\/\/www.bellunopress.it\/fr\/wp-json\/wp\/v2\/categories?post=168760"},{"taxonomy":"post_tag","embeddable":true,"href":"https:\/\/www.bellunopress.it\/fr\/wp-json\/wp\/v2\/tags?post=168760"}],"curies":[{"name":"wp","href":"https:\/\/api.w.org\/{rel}","templated":true}]}}