{"id":168755,"date":"2026-04-02T22:40:34","date_gmt":"2026-04-02T20:40:34","guid":{"rendered":"https:\/\/www.bellunopress.it\/?p=168755"},"modified":"2026-04-02T22:40:34","modified_gmt":"2026-04-02T20:40:34","slug":"feltre-la-torre-del-castello-si-illumina-di-blu-per-la-giornata-sullautismo","status":"publish","type":"post","link":"https:\/\/www.bellunopress.it\/fr\/2026\/04\/02\/feltre-la-torre-del-castello-si-illumina-di-blu-per-la-giornata-sullautismo\/","title":{"rendered":"Feltre. La torre del castello si illumina di blu per la Giornata sull&#8217;autismo"},"content":{"rendered":"<p>Feltre, 02\/04\/2026 &#8211; La Torre del Castello torna ad illuminarsi: lo fa questa sera in occasione della Giornata mondiale della consapevolezza sull\u2019autismo, ricorrenza istituita dall\u2019Assemblea Generale delle Nazioni Unite per richiamare l\u2019attenzione sui diritti delle persone nello spettro autistico e promuovere una cultura dell\u2019inclusione e della conoscenza.<\/p>\n<p>L\u2019illuminazione della Torre, luogo simbolico della Citt\u00e0, vuole essere un segno visibile di partecipazione a una giornata che richiama l\u2019importanza di costruire contesti sempre pi\u00f9 inclusivi, capaci di riconoscere i bisogni delle persone autistiche e di accompagnare le loro famiglie nel quotidiano. \u201cCon questa illuminazione blu Feltre vuole esprimere attenzione<br \/>\nverso un tema che riguarda da vicino molte persone e che ci invita a interrogarci sulla qualit\u00e0 delle relazioni, dei servizi e degli spazi che una comunit\u00e0 \u00e8 in grado di offrire \u2013 dichiara il sindaco Viviana Fusaro \u2013. Parlare di autismo significa prima di tutto mettere al centro la persona, con la sua unicit\u00e0, e riconoscere il diritto di ciascuno a sentirsi accolto, compreso e parte attiva della vita della comunit\u00e0. Anche un gesto simbolico come questo pu\u00f2 contribuire a tenere viva una consapevolezza che deve tradursi ogni giorno in ascolto, rispetto e inclusione concreta\u201d.<\/p>\n<p>La Giornata mondiale della consapevolezza sull\u2019autismo si celebra ogni anno il 2 aprile e vede, in tutto il mondo, l\u2019illuminazione in blu di monumenti e luoghi simbolici, insieme a iniziative di informazione e sensibilizzazione rivolte alla cittadinanza. Il blu \u00e8 infatti il colore scelto a livello internazionale per rappresentare questa ricorrenza. Anche Feltre aderisce dunque a questo importante momento di riflessione collettiva, scegliendo di illuminare uno dei suoi luoghi pi\u00f9 rappresentativi come segnale di attenzione e partecipazione.<\/p>\n<p>\u201cLa cultura ha anche questo compito: aiutare a guardare la realt\u00e0 con maggiore consapevolezza e profondit\u00e0 \u2013 afferma l\u2019assessora alla cultura Flavia Colle \u2013.<br \/>\nQuando si parla di autismo \u00e8 importante creare occasioni, anche simboliche, che invitino a riflettere e a maturare uno sguardo pi\u00f9 attento. Accendere di blu la Torre significa dare visibilit\u00e0 a un tema che merita attenzione non solo in una giornata dedicata, ma nel modo in cui ogni giorno costruiamo una citt\u00e0 capace di includere, di ascoltare e di riconoscere il valore di ogni persona\u201d.<\/p>","protected":false},"excerpt":{"rendered":"<p>Feltre, 02\/04\/2026 &#8211; La Torre del Castello torna ad illuminarsi: lo fa questa sera in occasione della Giornata mondiale della consapevolezza sull\u2019autismo, ricorrenza istituita dall\u2019Assemblea Generale delle Nazioni Unite per richiamare l\u2019attenzione sui diritti delle persone nello spettro autistico e promuovere una cultura dell\u2019inclusione e della conoscenza. L\u2019illuminazione della Torre, luogo simbolico della Citt\u00e0, vuole [&hellip;]<\/p>\n","protected":false},"author":2,"featured_media":168756,"comment_status":"closed","ping_status":"open","sticky":false,"template":"","format":"standard","meta":{"footnotes":""},"categories":[26,8],"tags":[],"class_list":["post-168755","post","type-post","status-publish","format-standard","has-post-thumbnail","category-prima-pagina","category-societa-istituzioni"],"yoast_head":"<!-- This site is optimized with the Yoast SEO plugin v28.4 - https:\/\/yoast.com\/product\/yoast-seo-wordpress\/ -->\n<title>Feltre. La torre del castello si illumina di blu per la Giornata sull&#039;autismo - Bellunopress - Dolomiti<\/title>\n<meta name=\"robots\" content=\"index, follow, max-snippet:-1, max-image-preview:large, max-video-preview:-1\" \/>\n<link rel=\"canonical\" href=\"https:\/\/www.bellunopress.it\/fr\/2026\/04\/02\/feltre-la-torre-del-castello-si-illumina-di-blu-per-la-giornata-sullautismo\/\" \/>\n<meta property=\"og:locale\" content=\"fr_FR\" \/>\n<meta property=\"og:type\" content=\"article\" \/>\n<meta property=\"og:title\" content=\"Feltre. La torre del castello si illumina di blu per la Giornata sull&#039;autismo - Bellunopress - Dolomiti\" \/>\n<meta property=\"og:description\" content=\"Feltre, 02\/04\/2026 &#8211; La Torre del Castello torna ad illuminarsi: lo fa questa sera in occasione della Giornata mondiale della consapevolezza sull\u2019autismo, ricorrenza istituita dall\u2019Assemblea Generale delle Nazioni Unite per richiamare l\u2019attenzione sui diritti delle persone nello spettro autistico e promuovere una cultura dell\u2019inclusione e della conoscenza. L\u2019illuminazione della Torre, luogo simbolico della Citt\u00e0, vuole [&hellip;]\" \/>\n<meta property=\"og:url\" content=\"https:\/\/www.bellunopress.it\/fr\/2026\/04\/02\/feltre-la-torre-del-castello-si-illumina-di-blu-per-la-giornata-sullautismo\/\" \/>\n<meta property=\"og:site_name\" content=\"Bellunopress - Dolomiti\" \/>\n<meta property=\"article:publisher\" content=\"https:\/\/www.facebook.com\/profile.php?id=100008943462799\" \/>\n<meta property=\"article:published_time\" content=\"2026-04-02T20:40:34+00:00\" \/>\n<meta property=\"og:image\" content=\"https:\/\/www.bellunopress.it\/wp-content\/uploads\/2026\/04\/Torre-castello-Feltre-blu-Giornata-autismo.jpg\" \/>\n\t<meta property=\"og:image:width\" content=\"600\" \/>\n\t<meta property=\"og:image:height\" content=\"450\" \/>\n\t<meta property=\"og:image:type\" content=\"image\/jpeg\" \/>\n<meta name=\"author\" content=\"redazione\" \/>\n<meta name=\"twitter:card\" content=\"summary_large_image\" \/>\n<meta name=\"twitter:creator\" content=\"@bellunopress\" \/>\n<meta name=\"twitter:site\" content=\"@bellunopress\" \/>\n<meta name=\"twitter:label1\" content=\"\u00c9crit par\" \/>\n\t<meta name=\"twitter:data1\" content=\"redazione\" \/>\n\t<meta name=\"twitter:label2\" content=\"Dur\u00e9e de lecture estim\u00e9e\" \/>\n\t<meta name=\"twitter:data2\" content=\"2 minutes\" \/>\n<script type=\"application\/ld+json\" class=\"yoast-schema-graph\">{\"@context\":\"https:\\\/\\\/schema.org\",\"@graph\":[{\"@type\":\"Article\",\"@id\":\"https:\\\/\\\/www.bellunopress.it\\\/2026\\\/04\\\/02\\\/feltre-la-torre-del-castello-si-illumina-di-blu-per-la-giornata-sullautismo\\\/#article\",\"isPartOf\":{\"@id\":\"https:\\\/\\\/www.bellunopress.it\\\/2026\\\/04\\\/02\\\/feltre-la-torre-del-castello-si-illumina-di-blu-per-la-giornata-sullautismo\\\/\"},\"author\":{\"name\":\"redazione\",\"@id\":\"https:\\\/\\\/www.bellunopress.it\\\/#\\\/schema\\\/person\\\/79bb06722b37ece1c03d3e94beb30d73\"},\"headline\":\"Feltre. La torre del castello si illumina di blu per la Giornata sull&#8217;autismo\",\"datePublished\":\"2026-04-02T20:40:34+00:00\",\"mainEntityOfPage\":{\"@id\":\"https:\\\/\\\/www.bellunopress.it\\\/2026\\\/04\\\/02\\\/feltre-la-torre-del-castello-si-illumina-di-blu-per-la-giornata-sullautismo\\\/\"},\"wordCount\":373,\"publisher\":{\"@id\":\"https:\\\/\\\/www.bellunopress.it\\\/#organization\"},\"image\":{\"@id\":\"https:\\\/\\\/www.bellunopress.it\\\/2026\\\/04\\\/02\\\/feltre-la-torre-del-castello-si-illumina-di-blu-per-la-giornata-sullautismo\\\/#primaryimage\"},\"thumbnailUrl\":\"https:\\\/\\\/www.bellunopress.it\\\/wp-content\\\/uploads\\\/2026\\\/04\\\/Torre-castello-Feltre-blu-Giornata-autismo.jpg\",\"articleSection\":[\"Prima Pagina\",\"Societ\u00e0, Associazioni, Istituzioni\"],\"inLanguage\":\"fr-FR\"},{\"@type\":\"WebPage\",\"@id\":\"https:\\\/\\\/www.bellunopress.it\\\/2026\\\/04\\\/02\\\/feltre-la-torre-del-castello-si-illumina-di-blu-per-la-giornata-sullautismo\\\/\",\"url\":\"https:\\\/\\\/www.bellunopress.it\\\/2026\\\/04\\\/02\\\/feltre-la-torre-del-castello-si-illumina-di-blu-per-la-giornata-sullautismo\\\/\",\"name\":\"Feltre. La torre del castello si illumina di blu per la Giornata sull'autismo - Bellunopress - Dolomiti\",\"isPartOf\":{\"@id\":\"https:\\\/\\\/www.bellunopress.it\\\/#website\"},\"primaryImageOfPage\":{\"@id\":\"https:\\\/\\\/www.bellunopress.it\\\/2026\\\/04\\\/02\\\/feltre-la-torre-del-castello-si-illumina-di-blu-per-la-giornata-sullautismo\\\/#primaryimage\"},\"image\":{\"@id\":\"https:\\\/\\\/www.bellunopress.it\\\/2026\\\/04\\\/02\\\/feltre-la-torre-del-castello-si-illumina-di-blu-per-la-giornata-sullautismo\\\/#primaryimage\"},\"thumbnailUrl\":\"https:\\\/\\\/www.bellunopress.it\\\/wp-content\\\/uploads\\\/2026\\\/04\\\/Torre-castello-Feltre-blu-Giornata-autismo.jpg\",\"datePublished\":\"2026-04-02T20:40:34+00:00\",\"breadcrumb\":{\"@id\":\"https:\\\/\\\/www.bellunopress.it\\\/2026\\\/04\\\/02\\\/feltre-la-torre-del-castello-si-illumina-di-blu-per-la-giornata-sullautismo\\\/#breadcrumb\"},\"inLanguage\":\"fr-FR\",\"potentialAction\":[{\"@type\":\"ReadAction\",\"target\":[\"https:\\\/\\\/www.bellunopress.it\\\/2026\\\/04\\\/02\\\/feltre-la-torre-del-castello-si-illumina-di-blu-per-la-giornata-sullautismo\\\/\"]}]},{\"@type\":\"ImageObject\",\"inLanguage\":\"fr-FR\",\"@id\":\"https:\\\/\\\/www.bellunopress.it\\\/2026\\\/04\\\/02\\\/feltre-la-torre-del-castello-si-illumina-di-blu-per-la-giornata-sullautismo\\\/#primaryimage\",\"url\":\"https:\\\/\\\/www.bellunopress.it\\\/wp-content\\\/uploads\\\/2026\\\/04\\\/Torre-castello-Feltre-blu-Giornata-autismo.jpg\",\"contentUrl\":\"https:\\\/\\\/www.bellunopress.it\\\/wp-content\\\/uploads\\\/2026\\\/04\\\/Torre-castello-Feltre-blu-Giornata-autismo.jpg\",\"width\":600,\"height\":450},{\"@type\":\"BreadcrumbList\",\"@id\":\"https:\\\/\\\/www.bellunopress.it\\\/2026\\\/04\\\/02\\\/feltre-la-torre-del-castello-si-illumina-di-blu-per-la-giornata-sullautismo\\\/#breadcrumb\",\"itemListElement\":[{\"@type\":\"ListItem\",\"position\":1,\"name\":\"Home\",\"item\":\"https:\\\/\\\/www.bellunopress.it\\\/\"},{\"@type\":\"ListItem\",\"position\":2,\"name\":\"Feltre. La torre del castello si illumina di blu per la Giornata sull&#8217;autismo\"}]},{\"@type\":\"WebSite\",\"@id\":\"https:\\\/\\\/www.bellunopress.it\\\/#website\",\"url\":\"https:\\\/\\\/www.bellunopress.it\\\/\",\"name\":\"Bellunopress - Dolomiti\",\"description\":\"e-mail: redazione@bellunopress.it\",\"publisher\":{\"@id\":\"https:\\\/\\\/www.bellunopress.it\\\/#organization\"},\"potentialAction\":[{\"@type\":\"SearchAction\",\"target\":{\"@type\":\"EntryPoint\",\"urlTemplate\":\"https:\\\/\\\/www.bellunopress.it\\\/?s={search_term_string}\"},\"query-input\":{\"@type\":\"PropertyValueSpecification\",\"valueRequired\":true,\"valueName\":\"search_term_string\"}}],\"inLanguage\":\"fr-FR\"},{\"@type\":\"Organization\",\"@id\":\"https:\\\/\\\/www.bellunopress.it\\\/#organization\",\"name\":\"Bellunopress\",\"url\":\"https:\\\/\\\/www.bellunopress.it\\\/\",\"logo\":{\"@type\":\"ImageObject\",\"inLanguage\":\"fr-FR\",\"@id\":\"https:\\\/\\\/www.bellunopress.it\\\/#\\\/schema\\\/logo\\\/image\\\/\",\"url\":\"https:\\\/\\\/www.bellunopress.it\\\/wp-content\\\/uploads\\\/2011\\\/05\\\/cropped-logo-bellunopress-.jpg\",\"contentUrl\":\"https:\\\/\\\/www.bellunopress.it\\\/wp-content\\\/uploads\\\/2011\\\/05\\\/cropped-logo-bellunopress-.jpg\",\"width\":512,\"height\":512,\"caption\":\"Bellunopress\"},\"image\":{\"@id\":\"https:\\\/\\\/www.bellunopress.it\\\/#\\\/schema\\\/logo\\\/image\\\/\"},\"sameAs\":[\"https:\\\/\\\/www.facebook.com\\\/profile.php?id=100008943462799\",\"https:\\\/\\\/x.com\\\/bellunopress\",\"https:\\\/\\\/www.linkedin.com\\\/hp\\\/?dnr=JBzUWaJfMUw8vbXJJ2tVW5-I3jZKvC4wsoxE&amp;amp;amp;amp;amp;amp;trk=nav_responsive_tab_home\",\"https:\\\/\\\/www.youtube.com\\\/channel\\\/UCxL0wu1uN0_3_7hGG0306cw\"]},{\"@type\":\"Person\",\"@id\":\"https:\\\/\\\/www.bellunopress.it\\\/#\\\/schema\\\/person\\\/79bb06722b37ece1c03d3e94beb30d73\",\"name\":\"redazione\",\"image\":{\"@type\":\"ImageObject\",\"inLanguage\":\"fr-FR\",\"@id\":\"https:\\\/\\\/secure.gravatar.com\\\/avatar\\\/37d968a2e67a6fd04c169c4bdef102d0bc5d31b2546345219e348575eb80e9a0?s=96&d=mm&r=g\",\"url\":\"https:\\\/\\\/secure.gravatar.com\\\/avatar\\\/37d968a2e67a6fd04c169c4bdef102d0bc5d31b2546345219e348575eb80e9a0?s=96&d=mm&r=g\",\"contentUrl\":\"https:\\\/\\\/secure.gravatar.com\\\/avatar\\\/37d968a2e67a6fd04c169c4bdef102d0bc5d31b2546345219e348575eb80e9a0?s=96&d=mm&r=g\",\"caption\":\"redazione\"},\"sameAs\":[\"http:\\\/\\\/www.bellunopress.it\",\"https:\\\/\\\/x.com\\\/bellunopress\"],\"url\":\"https:\\\/\\\/www.bellunopress.it\\\/fr\\\/author\\\/redazione\\\/\"}]}<\/script>\n<!-- \/ Yoast SEO plugin. -->","yoast_head_json":{"title":"Feltre. La torre del castello si illumina di blu per la Giornata sull'autismo - Bellunopress - Dolomiti","robots":{"index":"index","follow":"follow","max-snippet":"max-snippet:-1","max-image-preview":"max-image-preview:large","max-video-preview":"max-video-preview:-1"},"canonical":"https:\/\/www.bellunopress.it\/fr\/2026\/04\/02\/feltre-la-torre-del-castello-si-illumina-di-blu-per-la-giornata-sullautismo\/","og_locale":"fr_FR","og_type":"article","og_title":"Feltre. La torre del castello si illumina di blu per la Giornata sull'autismo - Bellunopress - Dolomiti","og_description":"Feltre, 02\/04\/2026 &#8211; La Torre del Castello torna ad illuminarsi: lo fa questa sera in occasione della Giornata mondiale della consapevolezza sull\u2019autismo, ricorrenza istituita dall\u2019Assemblea Generale delle Nazioni Unite per richiamare l\u2019attenzione sui diritti delle persone nello spettro autistico e promuovere una cultura dell\u2019inclusione e della conoscenza. L\u2019illuminazione della Torre, luogo simbolico della Citt\u00e0, vuole [&hellip;]","og_url":"https:\/\/www.bellunopress.it\/fr\/2026\/04\/02\/feltre-la-torre-del-castello-si-illumina-di-blu-per-la-giornata-sullautismo\/","og_site_name":"Bellunopress - Dolomiti","article_publisher":"https:\/\/www.facebook.com\/profile.php?id=100008943462799","article_published_time":"2026-04-02T20:40:34+00:00","og_image":[{"width":600,"height":450,"url":"https:\/\/www.bellunopress.it\/wp-content\/uploads\/2026\/04\/Torre-castello-Feltre-blu-Giornata-autismo.jpg","type":"image\/jpeg"}],"author":"redazione","twitter_card":"summary_large_image","twitter_creator":"@bellunopress","twitter_site":"@bellunopress","twitter_misc":{"\u00c9crit par":"redazione","Dur\u00e9e de lecture estim\u00e9e":"2 minutes"},"schema":{"@context":"https:\/\/schema.org","@graph":[{"@type":"Article","@id":"https:\/\/www.bellunopress.it\/2026\/04\/02\/feltre-la-torre-del-castello-si-illumina-di-blu-per-la-giornata-sullautismo\/#article","isPartOf":{"@id":"https:\/\/www.bellunopress.it\/2026\/04\/02\/feltre-la-torre-del-castello-si-illumina-di-blu-per-la-giornata-sullautismo\/"},"author":{"name":"redazione","@id":"https:\/\/www.bellunopress.it\/#\/schema\/person\/79bb06722b37ece1c03d3e94beb30d73"},"headline":"Feltre. La torre del castello si illumina di blu per la Giornata sull&#8217;autismo","datePublished":"2026-04-02T20:40:34+00:00","mainEntityOfPage":{"@id":"https:\/\/www.bellunopress.it\/2026\/04\/02\/feltre-la-torre-del-castello-si-illumina-di-blu-per-la-giornata-sullautismo\/"},"wordCount":373,"publisher":{"@id":"https:\/\/www.bellunopress.it\/#organization"},"image":{"@id":"https:\/\/www.bellunopress.it\/2026\/04\/02\/feltre-la-torre-del-castello-si-illumina-di-blu-per-la-giornata-sullautismo\/#primaryimage"},"thumbnailUrl":"https:\/\/www.bellunopress.it\/wp-content\/uploads\/2026\/04\/Torre-castello-Feltre-blu-Giornata-autismo.jpg","articleSection":["Prima Pagina","Societ\u00e0, Associazioni, Istituzioni"],"inLanguage":"fr-FR"},{"@type":"WebPage","@id":"https:\/\/www.bellunopress.it\/2026\/04\/02\/feltre-la-torre-del-castello-si-illumina-di-blu-per-la-giornata-sullautismo\/","url":"https:\/\/www.bellunopress.it\/2026\/04\/02\/feltre-la-torre-del-castello-si-illumina-di-blu-per-la-giornata-sullautismo\/","name":"Feltre. La torre del castello si illumina di blu per la Giornata sull'autismo - Bellunopress - Dolomiti","isPartOf":{"@id":"https:\/\/www.bellunopress.it\/#website"},"primaryImageOfPage":{"@id":"https:\/\/www.bellunopress.it\/2026\/04\/02\/feltre-la-torre-del-castello-si-illumina-di-blu-per-la-giornata-sullautismo\/#primaryimage"},"image":{"@id":"https:\/\/www.bellunopress.it\/2026\/04\/02\/feltre-la-torre-del-castello-si-illumina-di-blu-per-la-giornata-sullautismo\/#primaryimage"},"thumbnailUrl":"https:\/\/www.bellunopress.it\/wp-content\/uploads\/2026\/04\/Torre-castello-Feltre-blu-Giornata-autismo.jpg","datePublished":"2026-04-02T20:40:34+00:00","breadcrumb":{"@id":"https:\/\/www.bellunopress.it\/2026\/04\/02\/feltre-la-torre-del-castello-si-illumina-di-blu-per-la-giornata-sullautismo\/#breadcrumb"},"inLanguage":"fr-FR","potentialAction":[{"@type":"ReadAction","target":["https:\/\/www.bellunopress.it\/2026\/04\/02\/feltre-la-torre-del-castello-si-illumina-di-blu-per-la-giornata-sullautismo\/"]}]},{"@type":"ImageObject","inLanguage":"fr-FR","@id":"https:\/\/www.bellunopress.it\/2026\/04\/02\/feltre-la-torre-del-castello-si-illumina-di-blu-per-la-giornata-sullautismo\/#primaryimage","url":"https:\/\/www.bellunopress.it\/wp-content\/uploads\/2026\/04\/Torre-castello-Feltre-blu-Giornata-autismo.jpg","contentUrl":"https:\/\/www.bellunopress.it\/wp-content\/uploads\/2026\/04\/Torre-castello-Feltre-blu-Giornata-autismo.jpg","width":600,"height":450},{"@type":"BreadcrumbList","@id":"https:\/\/www.bellunopress.it\/2026\/04\/02\/feltre-la-torre-del-castello-si-illumina-di-blu-per-la-giornata-sullautismo\/#breadcrumb","itemListElement":[{"@type":"ListItem","position":1,"name":"Home","item":"https:\/\/www.bellunopress.it\/"},{"@type":"ListItem","position":2,"name":"Feltre. La torre del castello si illumina di blu per la Giornata sull&#8217;autismo"}]},{"@type":"WebSite","@id":"https:\/\/www.bellunopress.it\/#website","url":"https:\/\/www.bellunopress.it\/","name":"Bellunopress - Dolomiti","description":"e-mail: redazione@bellunopress.it","publisher":{"@id":"https:\/\/www.bellunopress.it\/#organization"},"potentialAction":[{"@type":"SearchAction","target":{"@type":"EntryPoint","urlTemplate":"https:\/\/www.bellunopress.it\/?s={search_term_string}"},"query-input":{"@type":"PropertyValueSpecification","valueRequired":true,"valueName":"search_term_string"}}],"inLanguage":"fr-FR"},{"@type":"Organization","@id":"https:\/\/www.bellunopress.it\/#organization","name":"Bellunopress","url":"https:\/\/www.bellunopress.it\/","logo":{"@type":"ImageObject","inLanguage":"fr-FR","@id":"https:\/\/www.bellunopress.it\/#\/schema\/logo\/image\/","url":"https:\/\/www.bellunopress.it\/wp-content\/uploads\/2011\/05\/cropped-logo-bellunopress-.jpg","contentUrl":"https:\/\/www.bellunopress.it\/wp-content\/uploads\/2011\/05\/cropped-logo-bellunopress-.jpg","width":512,"height":512,"caption":"Bellunopress"},"image":{"@id":"https:\/\/www.bellunopress.it\/#\/schema\/logo\/image\/"},"sameAs":["https:\/\/www.facebook.com\/profile.php?id=100008943462799","https:\/\/x.com\/bellunopress","https:\/\/www.linkedin.com\/hp\/?dnr=JBzUWaJfMUw8vbXJJ2tVW5-I3jZKvC4wsoxE&amp;amp;amp;amp;amp;amp;trk=nav_responsive_tab_home","https:\/\/www.youtube.com\/channel\/UCxL0wu1uN0_3_7hGG0306cw"]},{"@type":"Person","@id":"https:\/\/www.bellunopress.it\/#\/schema\/person\/79bb06722b37ece1c03d3e94beb30d73","name":"r\u00e9daction","image":{"@type":"ImageObject","inLanguage":"fr-FR","@id":"https:\/\/secure.gravatar.com\/avatar\/37d968a2e67a6fd04c169c4bdef102d0bc5d31b2546345219e348575eb80e9a0?s=96&d=mm&r=g","url":"https:\/\/secure.gravatar.com\/avatar\/37d968a2e67a6fd04c169c4bdef102d0bc5d31b2546345219e348575eb80e9a0?s=96&d=mm&r=g","contentUrl":"https:\/\/secure.gravatar.com\/avatar\/37d968a2e67a6fd04c169c4bdef102d0bc5d31b2546345219e348575eb80e9a0?s=96&d=mm&r=g","caption":"redazione"},"sameAs":["http:\/\/www.bellunopress.it","https:\/\/x.com\/bellunopress"],"url":"https:\/\/www.bellunopress.it\/fr\/author\/redazione\/"}]}},"_links":{"self":[{"href":"https:\/\/www.bellunopress.it\/fr\/wp-json\/wp\/v2\/posts\/168755","targetHints":{"allow":["GET"]}}],"collection":[{"href":"https:\/\/www.bellunopress.it\/fr\/wp-json\/wp\/v2\/posts"}],"about":[{"href":"https:\/\/www.bellunopress.it\/fr\/wp-json\/wp\/v2\/types\/post"}],"author":[{"embeddable":true,"href":"https:\/\/www.bellunopress.it\/fr\/wp-json\/wp\/v2\/users\/2"}],"replies":[{"embeddable":true,"href":"https:\/\/www.bellunopress.it\/fr\/wp-json\/wp\/v2\/comments?post=168755"}],"version-history":[{"count":1,"href":"https:\/\/www.bellunopress.it\/fr\/wp-json\/wp\/v2\/posts\/168755\/revisions"}],"predecessor-version":[{"id":168757,"href":"https:\/\/www.bellunopress.it\/fr\/wp-json\/wp\/v2\/posts\/168755\/revisions\/168757"}],"wp:featuredmedia":[{"embeddable":true,"href":"https:\/\/www.bellunopress.it\/fr\/wp-json\/wp\/v2\/media\/168756"}],"wp:attachment":[{"href":"https:\/\/www.bellunopress.it\/fr\/wp-json\/wp\/v2\/media?parent=168755"}],"wp:term":[{"taxonomy":"category","embeddable":true,"href":"https:\/\/www.bellunopress.it\/fr\/wp-json\/wp\/v2\/categories?post=168755"},{"taxonomy":"post_tag","embeddable":true,"href":"https:\/\/www.bellunopress.it\/fr\/wp-json\/wp\/v2\/tags?post=168755"}],"curies":[{"name":"wp","href":"https:\/\/api.w.org\/{rel}","templated":true}]}}