{"id":168746,"date":"2026-04-02T19:44:21","date_gmt":"2026-04-02T17:44:21","guid":{"rendered":"https:\/\/www.bellunopress.it\/?p=168746"},"modified":"2026-04-02T19:44:21","modified_gmt":"2026-04-02T17:44:21","slug":"fotovoltaico-su-terreni-agricoli-a-borgo-valbelluna-lopposizione-chiede-chiarezza","status":"publish","type":"post","link":"https:\/\/www.bellunopress.it\/fr\/2026\/04\/02\/fotovoltaico-su-terreni-agricoli-a-borgo-valbelluna-lopposizione-chiede-chiarezza\/","title":{"rendered":"Fotovoltaico su terreni agricoli. A Borgo Valbelluna l&#8217;opposizione chiede chiarezza"},"content":{"rendered":"<p id=\"p-rc_b4bd44bd70e51812-28\" data-path-to-node=\"3\"><span data-path-to-node=\"3,0\">Borgo Valbelluna, 02\/04\/2026\u00a0\u2013 Il dibattito sul consumo di suolo e sulla transizione energetica accende il Consiglio comunale di Borgo Valbelluna. <\/span><span data-path-to-node=\"3,2\"><span class=\"citation-21\">Il gruppo consiliare di opposizione <\/span><span class=\"citation-21\">&#8220;Costruiamo Borgo&#8221;<\/span><span class=\"citation-21\"> ha presentato una mozione ufficiale per chiedere trasparenza e approfondimenti in merito alla realizzazione di nuovi impianti fotovoltaici su aree agricole del territorio comunale<\/span><\/span><span data-path-to-node=\"3,4\">.<\/span><\/p>\n<h2 data-path-to-node=\"4\">Un&#8217;estensione da otto campi da calcio<\/h2>\n<p id=\"p-rc_b4bd44bd70e51812-29\" data-path-to-node=\"5\"><span data-path-to-node=\"5,1\"><span class=\"citation-20\">Al centro della protesta guidata da <\/span><span class=\"citation-20\">Dario Dal Magro<\/span><span class=\"citation-20\">, portavoce del gruppo, c\u2019\u00e8 l\u2019impatto visivo e ambientale dei progetti gi\u00e0 autorizzati<\/span><\/span><span data-path-to-node=\"5,3\">. <\/span><span data-path-to-node=\"5,5\"><span class=\"citation-19\">Secondo i dati riportati nella mozione, gli interventi interesserebbero una superficie complessiva di circa <\/span><span class=\"citation-19\">otto campi da calcio<\/span><\/span>.<\/p>\n<blockquote data-path-to-node=\"6\">\n<h6 id=\"p-rc_b4bd44bd70e51812-30\" style=\"text-align: left;\" data-path-to-node=\"6,0\"><span data-path-to-node=\"6,0,1\"><span class=\"citation-18\">&#8220;Interventi di tale rilevanza hanno un impatto significativo sotto il profilo ambientale, paesaggistico e agricolo&#8221; si legge nel documento presentato dai consiglieri<\/span><\/span><span data-path-to-node=\"6,0,3\">.<\/span><\/h6>\n<h6 style=\"text-align: left;\"><span style=\"color: #222222; font-family: Verdana, BlinkMacSystemFont, -apple-system, 'Segoe UI', Roboto, Oxygen, Ubuntu, Cantarell, 'Open Sans', 'Helvetica Neue', sans-serif; font-size: 15px;\" data-path-to-node=\"7,1\"><span class=\"citation-17\">L\u2019opposizione contesta la gestione della vicenda, lamentando un mancato coinvolgimento preventivo dell\u2019organo consiliare nelle scelte strategiche per il territorio<\/span><\/span><span style=\"color: #222222; font-family: Verdana, BlinkMacSystemFont, -apple-system, 'Segoe UI', Roboto, Oxygen, Ubuntu, Cantarell, 'Open Sans', 'Helvetica Neue', sans-serif; font-size: 15px;\" data-path-to-node=\"7,3\">.<\/span><\/h6>\n<\/blockquote>\n<h2 data-path-to-node=\"8\">Il nodo societario e normativo<\/h2>\n<p id=\"p-rc_b4bd44bd70e51812-32\" data-path-to-node=\"9\"><span data-path-to-node=\"9,0\">Uno dei punti pi\u00f9 critici sollevati da &#8220;Costruiamo Borgo&#8221; riguarda la struttura stessa dei progetti. <\/span><span data-path-to-node=\"9,2\"><span class=\"citation-16\">Risulta infatti che gli interventi siano stati articolati attraverso <\/span><span class=\"citation-16\">tre distinte societ\u00e0<\/span><\/span>. <span data-path-to-node=\"9,6\"><span class=\"citation-15\">Una circostanza che, secondo i firmatari, merita un approfondimento tecnico per verificare il rispetto della normativa vigente sui <\/span><span class=\"citation-15\">limiti dimensionali degli impianti<\/span><\/span><span data-path-to-node=\"9,8\">. Il sospetto sollevato \u00e8 che il frazionamento possa essere un modo per aggirare vincoli pi\u00f9 stringenti previsti per le grandi installazioni.<\/span><\/p>\n<div class=\"source-inline-chip-container ng-star-inserted\"><\/div>\n<h2 data-path-to-node=\"10\">Le richieste al Sindaco<\/h2>\n<p id=\"p-rc_b4bd44bd70e51812-33\" data-path-to-node=\"11\"><span data-path-to-node=\"11,1\"><span class=\"citation-14\">Con la mozione protocollata il <\/span><span class=\"citation-14\">2 aprile 2026<\/span><span class=\"citation-14\">, l&#8217;opposizione impegna formalmente il Sindaco e la Giunta a<\/span><\/span><span data-path-to-node=\"11,3\">:<\/span><\/p>\n<ul>\n<li data-path-to-node=\"11\"><span class=\"citation-13\">Riferire in aula<\/span><span class=\"citation-13\"> i dettagli tecnici, la localizzazione esatta e le ricadute territoriali dei progetti autorizzati<\/span>;<\/li>\n<li data-path-to-node=\"11\"><span class=\"citation-12\">Chiarire la legittimit\u00e0<\/span><span class=\"citation-12\"> della suddivisione degli interventi tra pi\u00f9 soggetti giuridici<\/span>;<\/li>\n<li data-path-to-node=\"11\"><span data-path-to-node=\"12,2,1,0\"><span class=\"citation-11\">Promuovere percorsi partecipativi<\/span><span class=\"citation-11\"> che coinvolgano la cittadinanza e il Consiglio per ogni futura iniziativa di analoga portata<\/span><\/span><span data-path-to-node=\"12,2,1,2\">.<\/span><\/li>\n<\/ul>\n<p data-path-to-node=\"13\">&#8220;L&#8217;obiettivo \u2013 conclude il gruppo \u2013 \u00e8 garantire la massima trasparenza e il rispetto dei ruoli istituzionali nell&#8217;interesse esclusivo della comunit\u00e0 di Borgo Valbelluna&#8221;.<\/p>","protected":false},"excerpt":{"rendered":"<p>Borgo Valbelluna, 02\/04\/2026\u00a0\u2013 Il dibattito sul consumo di suolo e sulla transizione energetica accende il Consiglio comunale di Borgo Valbelluna. Il gruppo consiliare di opposizione &#8220;Costruiamo Borgo&#8221; ha presentato una mozione ufficiale per chiedere trasparenza e approfondimenti in merito alla realizzazione di nuovi impianti fotovoltaici su aree agricole del territorio comunale. Un&#8217;estensione da otto campi [&hellip;]<\/p>\n","protected":false},"author":2,"featured_media":149482,"comment_status":"closed","ping_status":"open","sticky":false,"template":"","format":"standard","meta":{"footnotes":""},"categories":[5,26],"tags":[],"class_list":["post-168746","post","type-post","status-publish","format-standard","has-post-thumbnail","category-cronaca","category-prima-pagina"],"yoast_head":"<!-- This site is optimized with the Yoast SEO plugin v28.4 - https:\/\/yoast.com\/product\/yoast-seo-wordpress\/ -->\n<title>Fotovoltaico su terreni agricoli. A Borgo Valbelluna l&#039;opposizione chiede chiarezza - Bellunopress - Dolomiti<\/title>\n<meta name=\"robots\" content=\"index, follow, max-snippet:-1, max-image-preview:large, max-video-preview:-1\" \/>\n<link rel=\"canonical\" href=\"https:\/\/www.bellunopress.it\/fr\/2026\/04\/02\/fotovoltaico-su-terreni-agricoli-a-borgo-valbelluna-lopposizione-chiede-chiarezza\/\" \/>\n<meta property=\"og:locale\" content=\"fr_FR\" \/>\n<meta property=\"og:type\" content=\"article\" \/>\n<meta property=\"og:title\" content=\"Fotovoltaico su terreni agricoli. A Borgo Valbelluna l&#039;opposizione chiede chiarezza - Bellunopress - Dolomiti\" \/>\n<meta property=\"og:description\" content=\"Borgo Valbelluna, 02\/04\/2026\u00a0\u2013 Il dibattito sul consumo di suolo e sulla transizione energetica accende il Consiglio comunale di Borgo Valbelluna. Il gruppo consiliare di opposizione &#8220;Costruiamo Borgo&#8221; ha presentato una mozione ufficiale per chiedere trasparenza e approfondimenti in merito alla realizzazione di nuovi impianti fotovoltaici su aree agricole del territorio comunale. Un&#8217;estensione da otto campi [&hellip;]\" \/>\n<meta property=\"og:url\" content=\"https:\/\/www.bellunopress.it\/fr\/2026\/04\/02\/fotovoltaico-su-terreni-agricoli-a-borgo-valbelluna-lopposizione-chiede-chiarezza\/\" \/>\n<meta property=\"og:site_name\" content=\"Bellunopress - Dolomiti\" \/>\n<meta property=\"article:publisher\" content=\"https:\/\/www.facebook.com\/profile.php?id=100008943462799\" \/>\n<meta property=\"article:published_time\" content=\"2026-04-02T17:44:21+00:00\" \/>\n<meta property=\"og:image\" content=\"https:\/\/www.bellunopress.it\/wp-content\/uploads\/2024\/03\/Dario-Dal-Magro-candidato-sindaco-Borgo-Valbelluna-.jpg\" \/>\n\t<meta property=\"og:image:width\" content=\"1000\" \/>\n\t<meta property=\"og:image:height\" content=\"667\" \/>\n\t<meta property=\"og:image:type\" content=\"image\/jpeg\" \/>\n<meta name=\"author\" content=\"redazione\" \/>\n<meta name=\"twitter:card\" content=\"summary_large_image\" \/>\n<meta name=\"twitter:creator\" content=\"@bellunopress\" \/>\n<meta name=\"twitter:site\" content=\"@bellunopress\" \/>\n<meta name=\"twitter:label1\" content=\"\u00c9crit par\" \/>\n\t<meta name=\"twitter:data1\" content=\"redazione\" \/>\n\t<meta name=\"twitter:label2\" content=\"Dur\u00e9e de lecture estim\u00e9e\" \/>\n\t<meta name=\"twitter:data2\" content=\"1 minute\" \/>\n<script type=\"application\/ld+json\" class=\"yoast-schema-graph\">{\"@context\":\"https:\\\/\\\/schema.org\",\"@graph\":[{\"@type\":\"Article\",\"@id\":\"https:\\\/\\\/www.bellunopress.it\\\/2026\\\/04\\\/02\\\/fotovoltaico-su-terreni-agricoli-a-borgo-valbelluna-lopposizione-chiede-chiarezza\\\/#article\",\"isPartOf\":{\"@id\":\"https:\\\/\\\/www.bellunopress.it\\\/2026\\\/04\\\/02\\\/fotovoltaico-su-terreni-agricoli-a-borgo-valbelluna-lopposizione-chiede-chiarezza\\\/\"},\"author\":{\"name\":\"redazione\",\"@id\":\"https:\\\/\\\/www.bellunopress.it\\\/#\\\/schema\\\/person\\\/79bb06722b37ece1c03d3e94beb30d73\"},\"headline\":\"Fotovoltaico su terreni agricoli. A Borgo Valbelluna l&#8217;opposizione chiede chiarezza\",\"datePublished\":\"2026-04-02T17:44:21+00:00\",\"mainEntityOfPage\":{\"@id\":\"https:\\\/\\\/www.bellunopress.it\\\/2026\\\/04\\\/02\\\/fotovoltaico-su-terreni-agricoli-a-borgo-valbelluna-lopposizione-chiede-chiarezza\\\/\"},\"wordCount\":312,\"publisher\":{\"@id\":\"https:\\\/\\\/www.bellunopress.it\\\/#organization\"},\"image\":{\"@id\":\"https:\\\/\\\/www.bellunopress.it\\\/2026\\\/04\\\/02\\\/fotovoltaico-su-terreni-agricoli-a-borgo-valbelluna-lopposizione-chiede-chiarezza\\\/#primaryimage\"},\"thumbnailUrl\":\"https:\\\/\\\/www.bellunopress.it\\\/wp-content\\\/uploads\\\/2024\\\/03\\\/Dario-Dal-Magro-candidato-sindaco-Borgo-Valbelluna-.jpg\",\"articleSection\":[\"Cronaca\\\/Politica\",\"Prima Pagina\"],\"inLanguage\":\"fr-FR\"},{\"@type\":\"WebPage\",\"@id\":\"https:\\\/\\\/www.bellunopress.it\\\/2026\\\/04\\\/02\\\/fotovoltaico-su-terreni-agricoli-a-borgo-valbelluna-lopposizione-chiede-chiarezza\\\/\",\"url\":\"https:\\\/\\\/www.bellunopress.it\\\/2026\\\/04\\\/02\\\/fotovoltaico-su-terreni-agricoli-a-borgo-valbelluna-lopposizione-chiede-chiarezza\\\/\",\"name\":\"Fotovoltaico su terreni agricoli. A Borgo Valbelluna l'opposizione chiede chiarezza - Bellunopress - Dolomiti\",\"isPartOf\":{\"@id\":\"https:\\\/\\\/www.bellunopress.it\\\/#website\"},\"primaryImageOfPage\":{\"@id\":\"https:\\\/\\\/www.bellunopress.it\\\/2026\\\/04\\\/02\\\/fotovoltaico-su-terreni-agricoli-a-borgo-valbelluna-lopposizione-chiede-chiarezza\\\/#primaryimage\"},\"image\":{\"@id\":\"https:\\\/\\\/www.bellunopress.it\\\/2026\\\/04\\\/02\\\/fotovoltaico-su-terreni-agricoli-a-borgo-valbelluna-lopposizione-chiede-chiarezza\\\/#primaryimage\"},\"thumbnailUrl\":\"https:\\\/\\\/www.bellunopress.it\\\/wp-content\\\/uploads\\\/2024\\\/03\\\/Dario-Dal-Magro-candidato-sindaco-Borgo-Valbelluna-.jpg\",\"datePublished\":\"2026-04-02T17:44:21+00:00\",\"breadcrumb\":{\"@id\":\"https:\\\/\\\/www.bellunopress.it\\\/2026\\\/04\\\/02\\\/fotovoltaico-su-terreni-agricoli-a-borgo-valbelluna-lopposizione-chiede-chiarezza\\\/#breadcrumb\"},\"inLanguage\":\"fr-FR\",\"potentialAction\":[{\"@type\":\"ReadAction\",\"target\":[\"https:\\\/\\\/www.bellunopress.it\\\/2026\\\/04\\\/02\\\/fotovoltaico-su-terreni-agricoli-a-borgo-valbelluna-lopposizione-chiede-chiarezza\\\/\"]}]},{\"@type\":\"ImageObject\",\"inLanguage\":\"fr-FR\",\"@id\":\"https:\\\/\\\/www.bellunopress.it\\\/2026\\\/04\\\/02\\\/fotovoltaico-su-terreni-agricoli-a-borgo-valbelluna-lopposizione-chiede-chiarezza\\\/#primaryimage\",\"url\":\"https:\\\/\\\/www.bellunopress.it\\\/wp-content\\\/uploads\\\/2024\\\/03\\\/Dario-Dal-Magro-candidato-sindaco-Borgo-Valbelluna-.jpg\",\"contentUrl\":\"https:\\\/\\\/www.bellunopress.it\\\/wp-content\\\/uploads\\\/2024\\\/03\\\/Dario-Dal-Magro-candidato-sindaco-Borgo-Valbelluna-.jpg\",\"width\":1000,\"height\":667,\"caption\":\"Dario Dal Magro - Gruppo consiliare Costruiamo Borgo\"},{\"@type\":\"BreadcrumbList\",\"@id\":\"https:\\\/\\\/www.bellunopress.it\\\/2026\\\/04\\\/02\\\/fotovoltaico-su-terreni-agricoli-a-borgo-valbelluna-lopposizione-chiede-chiarezza\\\/#breadcrumb\",\"itemListElement\":[{\"@type\":\"ListItem\",\"position\":1,\"name\":\"Home\",\"item\":\"https:\\\/\\\/www.bellunopress.it\\\/\"},{\"@type\":\"ListItem\",\"position\":2,\"name\":\"Fotovoltaico su terreni agricoli. A Borgo Valbelluna l&#8217;opposizione chiede chiarezza\"}]},{\"@type\":\"WebSite\",\"@id\":\"https:\\\/\\\/www.bellunopress.it\\\/#website\",\"url\":\"https:\\\/\\\/www.bellunopress.it\\\/\",\"name\":\"Bellunopress - Dolomiti\",\"description\":\"e-mail: redazione@bellunopress.it\",\"publisher\":{\"@id\":\"https:\\\/\\\/www.bellunopress.it\\\/#organization\"},\"potentialAction\":[{\"@type\":\"SearchAction\",\"target\":{\"@type\":\"EntryPoint\",\"urlTemplate\":\"https:\\\/\\\/www.bellunopress.it\\\/?s={search_term_string}\"},\"query-input\":{\"@type\":\"PropertyValueSpecification\",\"valueRequired\":true,\"valueName\":\"search_term_string\"}}],\"inLanguage\":\"fr-FR\"},{\"@type\":\"Organization\",\"@id\":\"https:\\\/\\\/www.bellunopress.it\\\/#organization\",\"name\":\"Bellunopress\",\"url\":\"https:\\\/\\\/www.bellunopress.it\\\/\",\"logo\":{\"@type\":\"ImageObject\",\"inLanguage\":\"fr-FR\",\"@id\":\"https:\\\/\\\/www.bellunopress.it\\\/#\\\/schema\\\/logo\\\/image\\\/\",\"url\":\"https:\\\/\\\/www.bellunopress.it\\\/wp-content\\\/uploads\\\/2011\\\/05\\\/cropped-logo-bellunopress-.jpg\",\"contentUrl\":\"https:\\\/\\\/www.bellunopress.it\\\/wp-content\\\/uploads\\\/2011\\\/05\\\/cropped-logo-bellunopress-.jpg\",\"width\":512,\"height\":512,\"caption\":\"Bellunopress\"},\"image\":{\"@id\":\"https:\\\/\\\/www.bellunopress.it\\\/#\\\/schema\\\/logo\\\/image\\\/\"},\"sameAs\":[\"https:\\\/\\\/www.facebook.com\\\/profile.php?id=100008943462799\",\"https:\\\/\\\/x.com\\\/bellunopress\",\"https:\\\/\\\/www.linkedin.com\\\/hp\\\/?dnr=JBzUWaJfMUw8vbXJJ2tVW5-I3jZKvC4wsoxE&amp;amp;amp;amp;amp;amp;trk=nav_responsive_tab_home\",\"https:\\\/\\\/www.youtube.com\\\/channel\\\/UCxL0wu1uN0_3_7hGG0306cw\"]},{\"@type\":\"Person\",\"@id\":\"https:\\\/\\\/www.bellunopress.it\\\/#\\\/schema\\\/person\\\/79bb06722b37ece1c03d3e94beb30d73\",\"name\":\"redazione\",\"image\":{\"@type\":\"ImageObject\",\"inLanguage\":\"fr-FR\",\"@id\":\"https:\\\/\\\/secure.gravatar.com\\\/avatar\\\/37d968a2e67a6fd04c169c4bdef102d0bc5d31b2546345219e348575eb80e9a0?s=96&d=mm&r=g\",\"url\":\"https:\\\/\\\/secure.gravatar.com\\\/avatar\\\/37d968a2e67a6fd04c169c4bdef102d0bc5d31b2546345219e348575eb80e9a0?s=96&d=mm&r=g\",\"contentUrl\":\"https:\\\/\\\/secure.gravatar.com\\\/avatar\\\/37d968a2e67a6fd04c169c4bdef102d0bc5d31b2546345219e348575eb80e9a0?s=96&d=mm&r=g\",\"caption\":\"redazione\"},\"sameAs\":[\"http:\\\/\\\/www.bellunopress.it\",\"https:\\\/\\\/x.com\\\/bellunopress\"],\"url\":\"https:\\\/\\\/www.bellunopress.it\\\/fr\\\/author\\\/redazione\\\/\"}]}<\/script>\n<!-- \/ Yoast SEO plugin. -->","yoast_head_json":{"title":"Fotovoltaico su terreni agricoli. A Borgo Valbelluna l'opposizione chiede chiarezza - Bellunopress - Dolomiti","robots":{"index":"index","follow":"follow","max-snippet":"max-snippet:-1","max-image-preview":"max-image-preview:large","max-video-preview":"max-video-preview:-1"},"canonical":"https:\/\/www.bellunopress.it\/fr\/2026\/04\/02\/fotovoltaico-su-terreni-agricoli-a-borgo-valbelluna-lopposizione-chiede-chiarezza\/","og_locale":"fr_FR","og_type":"article","og_title":"Fotovoltaico su terreni agricoli. A Borgo Valbelluna l'opposizione chiede chiarezza - Bellunopress - Dolomiti","og_description":"Borgo Valbelluna, 02\/04\/2026\u00a0\u2013 Il dibattito sul consumo di suolo e sulla transizione energetica accende il Consiglio comunale di Borgo Valbelluna. Il gruppo consiliare di opposizione &#8220;Costruiamo Borgo&#8221; ha presentato una mozione ufficiale per chiedere trasparenza e approfondimenti in merito alla realizzazione di nuovi impianti fotovoltaici su aree agricole del territorio comunale. Un&#8217;estensione da otto campi [&hellip;]","og_url":"https:\/\/www.bellunopress.it\/fr\/2026\/04\/02\/fotovoltaico-su-terreni-agricoli-a-borgo-valbelluna-lopposizione-chiede-chiarezza\/","og_site_name":"Bellunopress - Dolomiti","article_publisher":"https:\/\/www.facebook.com\/profile.php?id=100008943462799","article_published_time":"2026-04-02T17:44:21+00:00","og_image":[{"width":1000,"height":667,"url":"https:\/\/www.bellunopress.it\/wp-content\/uploads\/2024\/03\/Dario-Dal-Magro-candidato-sindaco-Borgo-Valbelluna-.jpg","type":"image\/jpeg"}],"author":"redazione","twitter_card":"summary_large_image","twitter_creator":"@bellunopress","twitter_site":"@bellunopress","twitter_misc":{"\u00c9crit par":"redazione","Dur\u00e9e de lecture estim\u00e9e":"1 minute"},"schema":{"@context":"https:\/\/schema.org","@graph":[{"@type":"Article","@id":"https:\/\/www.bellunopress.it\/2026\/04\/02\/fotovoltaico-su-terreni-agricoli-a-borgo-valbelluna-lopposizione-chiede-chiarezza\/#article","isPartOf":{"@id":"https:\/\/www.bellunopress.it\/2026\/04\/02\/fotovoltaico-su-terreni-agricoli-a-borgo-valbelluna-lopposizione-chiede-chiarezza\/"},"author":{"name":"redazione","@id":"https:\/\/www.bellunopress.it\/#\/schema\/person\/79bb06722b37ece1c03d3e94beb30d73"},"headline":"Fotovoltaico su terreni agricoli. A Borgo Valbelluna l&#8217;opposizione chiede chiarezza","datePublished":"2026-04-02T17:44:21+00:00","mainEntityOfPage":{"@id":"https:\/\/www.bellunopress.it\/2026\/04\/02\/fotovoltaico-su-terreni-agricoli-a-borgo-valbelluna-lopposizione-chiede-chiarezza\/"},"wordCount":312,"publisher":{"@id":"https:\/\/www.bellunopress.it\/#organization"},"image":{"@id":"https:\/\/www.bellunopress.it\/2026\/04\/02\/fotovoltaico-su-terreni-agricoli-a-borgo-valbelluna-lopposizione-chiede-chiarezza\/#primaryimage"},"thumbnailUrl":"https:\/\/www.bellunopress.it\/wp-content\/uploads\/2024\/03\/Dario-Dal-Magro-candidato-sindaco-Borgo-Valbelluna-.jpg","articleSection":["Cronaca\/Politica","Prima Pagina"],"inLanguage":"fr-FR"},{"@type":"WebPage","@id":"https:\/\/www.bellunopress.it\/2026\/04\/02\/fotovoltaico-su-terreni-agricoli-a-borgo-valbelluna-lopposizione-chiede-chiarezza\/","url":"https:\/\/www.bellunopress.it\/2026\/04\/02\/fotovoltaico-su-terreni-agricoli-a-borgo-valbelluna-lopposizione-chiede-chiarezza\/","name":"Fotovoltaico su terreni agricoli. A Borgo Valbelluna l'opposizione chiede chiarezza - Bellunopress - Dolomiti","isPartOf":{"@id":"https:\/\/www.bellunopress.it\/#website"},"primaryImageOfPage":{"@id":"https:\/\/www.bellunopress.it\/2026\/04\/02\/fotovoltaico-su-terreni-agricoli-a-borgo-valbelluna-lopposizione-chiede-chiarezza\/#primaryimage"},"image":{"@id":"https:\/\/www.bellunopress.it\/2026\/04\/02\/fotovoltaico-su-terreni-agricoli-a-borgo-valbelluna-lopposizione-chiede-chiarezza\/#primaryimage"},"thumbnailUrl":"https:\/\/www.bellunopress.it\/wp-content\/uploads\/2024\/03\/Dario-Dal-Magro-candidato-sindaco-Borgo-Valbelluna-.jpg","datePublished":"2026-04-02T17:44:21+00:00","breadcrumb":{"@id":"https:\/\/www.bellunopress.it\/2026\/04\/02\/fotovoltaico-su-terreni-agricoli-a-borgo-valbelluna-lopposizione-chiede-chiarezza\/#breadcrumb"},"inLanguage":"fr-FR","potentialAction":[{"@type":"ReadAction","target":["https:\/\/www.bellunopress.it\/2026\/04\/02\/fotovoltaico-su-terreni-agricoli-a-borgo-valbelluna-lopposizione-chiede-chiarezza\/"]}]},{"@type":"ImageObject","inLanguage":"fr-FR","@id":"https:\/\/www.bellunopress.it\/2026\/04\/02\/fotovoltaico-su-terreni-agricoli-a-borgo-valbelluna-lopposizione-chiede-chiarezza\/#primaryimage","url":"https:\/\/www.bellunopress.it\/wp-content\/uploads\/2024\/03\/Dario-Dal-Magro-candidato-sindaco-Borgo-Valbelluna-.jpg","contentUrl":"https:\/\/www.bellunopress.it\/wp-content\/uploads\/2024\/03\/Dario-Dal-Magro-candidato-sindaco-Borgo-Valbelluna-.jpg","width":1000,"height":667,"caption":"Dario Dal Magro - Gruppo consiliare Costruiamo Borgo"},{"@type":"BreadcrumbList","@id":"https:\/\/www.bellunopress.it\/2026\/04\/02\/fotovoltaico-su-terreni-agricoli-a-borgo-valbelluna-lopposizione-chiede-chiarezza\/#breadcrumb","itemListElement":[{"@type":"ListItem","position":1,"name":"Home","item":"https:\/\/www.bellunopress.it\/"},{"@type":"ListItem","position":2,"name":"Fotovoltaico su terreni agricoli. A Borgo Valbelluna l&#8217;opposizione chiede chiarezza"}]},{"@type":"WebSite","@id":"https:\/\/www.bellunopress.it\/#website","url":"https:\/\/www.bellunopress.it\/","name":"Bellunopress - Dolomiti","description":"e-mail: redazione@bellunopress.it","publisher":{"@id":"https:\/\/www.bellunopress.it\/#organization"},"potentialAction":[{"@type":"SearchAction","target":{"@type":"EntryPoint","urlTemplate":"https:\/\/www.bellunopress.it\/?s={search_term_string}"},"query-input":{"@type":"PropertyValueSpecification","valueRequired":true,"valueName":"search_term_string"}}],"inLanguage":"fr-FR"},{"@type":"Organization","@id":"https:\/\/www.bellunopress.it\/#organization","name":"Bellunopress","url":"https:\/\/www.bellunopress.it\/","logo":{"@type":"ImageObject","inLanguage":"fr-FR","@id":"https:\/\/www.bellunopress.it\/#\/schema\/logo\/image\/","url":"https:\/\/www.bellunopress.it\/wp-content\/uploads\/2011\/05\/cropped-logo-bellunopress-.jpg","contentUrl":"https:\/\/www.bellunopress.it\/wp-content\/uploads\/2011\/05\/cropped-logo-bellunopress-.jpg","width":512,"height":512,"caption":"Bellunopress"},"image":{"@id":"https:\/\/www.bellunopress.it\/#\/schema\/logo\/image\/"},"sameAs":["https:\/\/www.facebook.com\/profile.php?id=100008943462799","https:\/\/x.com\/bellunopress","https:\/\/www.linkedin.com\/hp\/?dnr=JBzUWaJfMUw8vbXJJ2tVW5-I3jZKvC4wsoxE&amp;amp;amp;amp;amp;amp;trk=nav_responsive_tab_home","https:\/\/www.youtube.com\/channel\/UCxL0wu1uN0_3_7hGG0306cw"]},{"@type":"Person","@id":"https:\/\/www.bellunopress.it\/#\/schema\/person\/79bb06722b37ece1c03d3e94beb30d73","name":"r\u00e9daction","image":{"@type":"ImageObject","inLanguage":"fr-FR","@id":"https:\/\/secure.gravatar.com\/avatar\/37d968a2e67a6fd04c169c4bdef102d0bc5d31b2546345219e348575eb80e9a0?s=96&d=mm&r=g","url":"https:\/\/secure.gravatar.com\/avatar\/37d968a2e67a6fd04c169c4bdef102d0bc5d31b2546345219e348575eb80e9a0?s=96&d=mm&r=g","contentUrl":"https:\/\/secure.gravatar.com\/avatar\/37d968a2e67a6fd04c169c4bdef102d0bc5d31b2546345219e348575eb80e9a0?s=96&d=mm&r=g","caption":"redazione"},"sameAs":["http:\/\/www.bellunopress.it","https:\/\/x.com\/bellunopress"],"url":"https:\/\/www.bellunopress.it\/fr\/author\/redazione\/"}]}},"_links":{"self":[{"href":"https:\/\/www.bellunopress.it\/fr\/wp-json\/wp\/v2\/posts\/168746","targetHints":{"allow":["GET"]}}],"collection":[{"href":"https:\/\/www.bellunopress.it\/fr\/wp-json\/wp\/v2\/posts"}],"about":[{"href":"https:\/\/www.bellunopress.it\/fr\/wp-json\/wp\/v2\/types\/post"}],"author":[{"embeddable":true,"href":"https:\/\/www.bellunopress.it\/fr\/wp-json\/wp\/v2\/users\/2"}],"replies":[{"embeddable":true,"href":"https:\/\/www.bellunopress.it\/fr\/wp-json\/wp\/v2\/comments?post=168746"}],"version-history":[{"count":1,"href":"https:\/\/www.bellunopress.it\/fr\/wp-json\/wp\/v2\/posts\/168746\/revisions"}],"predecessor-version":[{"id":168747,"href":"https:\/\/www.bellunopress.it\/fr\/wp-json\/wp\/v2\/posts\/168746\/revisions\/168747"}],"wp:featuredmedia":[{"embeddable":true,"href":"https:\/\/www.bellunopress.it\/fr\/wp-json\/wp\/v2\/media\/149482"}],"wp:attachment":[{"href":"https:\/\/www.bellunopress.it\/fr\/wp-json\/wp\/v2\/media?parent=168746"}],"wp:term":[{"taxonomy":"category","embeddable":true,"href":"https:\/\/www.bellunopress.it\/fr\/wp-json\/wp\/v2\/categories?post=168746"},{"taxonomy":"post_tag","embeddable":true,"href":"https:\/\/www.bellunopress.it\/fr\/wp-json\/wp\/v2\/tags?post=168746"}],"curies":[{"name":"wp","href":"https:\/\/api.w.org\/{rel}","templated":true}]}}