{"id":168741,"date":"2026-04-06T17:08:33","date_gmt":"2026-04-06T15:08:33","guid":{"rendered":"https:\/\/www.bellunopress.it\/?p=168741"},"modified":"2026-04-02T17:13:28","modified_gmt":"2026-04-02T15:13:28","slug":"sinfonia-della-solidarieta-concerto-dellorchestra-della-speranza-sabato-11-aprile-allauditorium-intercomunale-di-primiero","status":"publish","type":"post","link":"https:\/\/www.bellunopress.it\/fr\/2026\/04\/06\/sinfonia-della-solidarieta-concerto-dellorchestra-della-speranza-sabato-11-aprile-allauditorium-intercomunale-di-primiero\/","title":{"rendered":"Sinfonia della Solidariet\u00e0: Concerto dell\u2019Orchestra della Speranza sabato 11 aprile all\u2019Auditorium intercomunale di Primiero"},"content":{"rendered":"<p>La musica come linguaggio universale di solidariet\u00e0 e comunit\u00e0. \u00c8 questo lo spirito di \u201cSinfonia della Solidariet\u00e0\u201d, il concerto dell\u2019Orchestra della Speranza in programma sabato 11 aprile alle ore 20.45 all&#8217;Auditorium Intercomunale di Primiero.<\/p>\n<p>L\u2019evento, della durata di circa due ore, sar\u00e0 un momento speciale di incontro tra musica, istituzioni e volontariato del territorio. L\u2019ingresso sar\u00e0 libero e gratuito e l\u2019intero ricavato raccolto attraverso le offerte del pubblico verr\u00e0 devoluto integralmente a due associazioni locali: l\u2019associazione di volontariato \u201cLa Formica\u201d ODV e la cooperativa \u201cLaboratorio Sociale\u201d di Primiero, realt\u00e0 impegnate quotidianamente in attivit\u00e0 di inclusione e supporto alla comunit\u00e0.<\/p>\n<p>La serata vedr\u00e0 la partecipazione delle principali istituzioni del territorio, tra cui, a portare il loro saluto, il Presidente della Comunit\u00e0 di Valle del Primiero anche in rappresentanza dei sindaci dei Comuni che la compongono, il vicepresidente di FPB Cassa di Fassa Primiero Belluno e il Presidente dell\u2019APT. Sar\u00e0 inoltre coinvolta la Scuola Musicale del Primiero, in un programma che alterner\u00e0 momenti orchestrali, un intervento delle associazioni beneficiarie e l\u2019esibizione di un solista.<\/p>\n<p>\u201cQuesto appuntamento rappresenta per noi molto pi\u00f9 di un concerto\u201d, spiega il presidente dell\u2019Orchestra della Speranza Aps Walter Buso, che aggiunge: \u201cDa un lato c\u2019\u00e8 il valore musicale di una serata che riunisce artisti e giovani musicisti del territorio, dall\u2019altro c\u2019\u00e8 la dimensione solidale che ne costituisce il cuore. Sinfonia della Solidariet\u00e0 \u00e8 l\u2019occasione per dimostrare come la musica possa diventare strumento concreto di vicinanza e sostegno alla comunit\u00e0\u201d. Sul palco il gruppo di circa 40 musicisti diretti dal maestro Luis Lanzarini, docente al Conservatorio di Castelfranco Veneto, proporr\u00e0 un repertorio di brani che spaziano dal pop al rock, dalle arie d\u2019opera alla musica leggera, in un vero e proprio show che integra le sonorit\u00e0 delle esecuzioni strumentali con immagini e performance visive di grande impatto.<\/p>\n<p>\u201cQuello di Primiero \u00e8 un appuntamento di particolare rilievo, anche perch\u00e9 apre un progetto nuovo, che porter\u00e0 la musica e i valori dell\u2019Orchestra della Speranza in un vero e proprio percorso all\u2019interno della provincia di Belluno con altre 3 o 4 date tra quest\u2019anno e il 2027\u201d, aggiunge Angelo Paganin, che con il Cantiere della Provvidenza coordina l\u2019organizzazione dell\u2019evento. \u201cDopo la bellissima esperienza sul palco del teatro di Belluno nel 2025 abbiamo pensato che questa musica e i suoi messaggi dovevano diventare un patrimonio condiviso; con i nostri partner di viaggio ci abbiamo creduto molto e i risultati, anche in termini di riscontri in fase di preparazione, sono estremamente positivi\u201d.<\/p>\n<p>Grande soddisfazione viene espressa anche dalle istituzioni locali. Bortolo Rattin, Presidente della Comunit\u00e0 di Primiero, sottolinea infatti il significato dell\u2019iniziativa per l\u2019intera Valle: \u201cA nome di tutti i sindaci e delle amministrazioni comunali del Primiero desidero esprimere riconoscenza per un\u2019iniziativa che unisce cultura, partecipazione e solidariet\u00e0. Eventi come questo rafforzano il senso di comunit\u00e0 e dimostrano quanto il nostro territorio sappia mobilitarsi per sostenere le realt\u00e0 associative che svolgono un lavoro prezioso\u201d.<\/p>\n<p>Fondamentale per la realizzazione dell\u2019evento \u00e8 il sostegno di FPB Cassa di Fassa Primiero Belluno, principale finanziatore dell\u2019iniziativa. Maurizio Bonelli, vicepresidente dell\u2019istituto di credito, evidenzia il valore dell\u2019impegno della banca a favore del territorio: \u201cLa nostra banca \u00e8 da sempre profondamente legata alle comunit\u00e0 in cui opera. Sostenere iniziative come Sinfonie della Solidariet\u00e0 significa contribuire concretamente al benessere del territorio, valorizzando al tempo stesso cultura, volontariato e partecipazione. \u00c8 un impegno che portiamo avanti con convinzione, perch\u00e9 crediamo che il ruolo di un istituto di credito cooperativo sia anche quello di promuovere e rafforzare la coesione sociale. L\u2019evento del prossimo 11 aprile si inserisce inoltre in un programma pi\u00f9 ampio, che vedr\u00e0 nei prossimi mesi altri appuntamenti simili in diverse zone del nostro territorio, sempre con il supporto primario della Cassa\u201d, conclude Bonelli.<\/p>\n<p>L\u2019invito alla partecipazione \u00e8 aperto a tutta la cittadinanza. Posti disponibili in ordine di arrivo sino ad esaurimento.<\/p>","protected":false},"excerpt":{"rendered":"<p>La musica come linguaggio universale di solidariet\u00e0 e comunit\u00e0. \u00c8 questo lo spirito di \u201cSinfonia della Solidariet\u00e0\u201d, il concerto dell\u2019Orchestra della Speranza in programma sabato 11 aprile alle ore 20.45 all&#8217;Auditorium Intercomunale di Primiero. L\u2019evento, della durata di circa due ore, sar\u00e0 un momento speciale di incontro tra musica, istituzioni e volontariato del territorio. L\u2019ingresso [&hellip;]<\/p>\n","protected":false},"author":2,"featured_media":168743,"comment_status":"closed","ping_status":"open","sticky":false,"template":"","format":"standard","meta":{"footnotes":""},"categories":[3394],"tags":[],"class_list":["post-168741","post","type-post","status-publish","format-standard","has-post-thumbnail","category-cultura-e-spettacoli-fuori-provincia"],"yoast_head":"<!-- This site is optimized with the Yoast SEO plugin v28.4 - https:\/\/yoast.com\/product\/yoast-seo-wordpress\/ -->\n<title>Sinfonia della Solidariet\u00e0: Concerto dell\u2019Orchestra della Speranza sabato 11 aprile all\u2019Auditorium intercomunale di Primiero - Bellunopress - Dolomiti<\/title>\n<meta name=\"robots\" content=\"index, follow, max-snippet:-1, max-image-preview:large, max-video-preview:-1\" \/>\n<link rel=\"canonical\" href=\"https:\/\/www.bellunopress.it\/fr\/2026\/04\/06\/sinfonia-della-solidarieta-concerto-dellorchestra-della-speranza-sabato-11-aprile-allauditorium-intercomunale-di-primiero\/\" \/>\n<meta property=\"og:locale\" content=\"fr_FR\" \/>\n<meta property=\"og:type\" content=\"article\" \/>\n<meta property=\"og:title\" content=\"Sinfonia della Solidariet\u00e0: Concerto dell\u2019Orchestra della Speranza sabato 11 aprile all\u2019Auditorium intercomunale di Primiero - Bellunopress - Dolomiti\" \/>\n<meta property=\"og:description\" content=\"La musica come linguaggio universale di solidariet\u00e0 e comunit\u00e0. \u00c8 questo lo spirito di \u201cSinfonia della Solidariet\u00e0\u201d, il concerto dell\u2019Orchestra della Speranza in programma sabato 11 aprile alle ore 20.45 all&#8217;Auditorium Intercomunale di Primiero. L\u2019evento, della durata di circa due ore, sar\u00e0 un momento speciale di incontro tra musica, istituzioni e volontariato del territorio. L\u2019ingresso [&hellip;]\" \/>\n<meta property=\"og:url\" content=\"https:\/\/www.bellunopress.it\/fr\/2026\/04\/06\/sinfonia-della-solidarieta-concerto-dellorchestra-della-speranza-sabato-11-aprile-allauditorium-intercomunale-di-primiero\/\" \/>\n<meta property=\"og:site_name\" content=\"Bellunopress - Dolomiti\" \/>\n<meta property=\"article:publisher\" content=\"https:\/\/www.facebook.com\/profile.php?id=100008943462799\" \/>\n<meta property=\"article:published_time\" content=\"2026-04-06T15:08:33+00:00\" \/>\n<meta property=\"og:image\" content=\"https:\/\/www.bellunopress.it\/wp-content\/uploads\/2026\/04\/Sinfonie-della-Solidarieta-in-Primiero.jpg\" \/>\n\t<meta property=\"og:image:width\" content=\"600\" \/>\n\t<meta property=\"og:image:height\" content=\"298\" \/>\n\t<meta property=\"og:image:type\" content=\"image\/jpeg\" \/>\n<meta name=\"author\" content=\"redazione\" \/>\n<meta name=\"twitter:card\" content=\"summary_large_image\" \/>\n<meta name=\"twitter:creator\" content=\"@bellunopress\" \/>\n<meta name=\"twitter:site\" content=\"@bellunopress\" \/>\n<meta name=\"twitter:label1\" content=\"\u00c9crit par\" \/>\n\t<meta name=\"twitter:data1\" content=\"redazione\" \/>\n\t<meta name=\"twitter:label2\" content=\"Dur\u00e9e de lecture estim\u00e9e\" \/>\n\t<meta name=\"twitter:data2\" content=\"3 minutes\" \/>\n<script type=\"application\/ld+json\" class=\"yoast-schema-graph\">{\"@context\":\"https:\\\/\\\/schema.org\",\"@graph\":[{\"@type\":\"Article\",\"@id\":\"https:\\\/\\\/www.bellunopress.it\\\/2026\\\/04\\\/06\\\/sinfonia-della-solidarieta-concerto-dellorchestra-della-speranza-sabato-11-aprile-allauditorium-intercomunale-di-primiero\\\/#article\",\"isPartOf\":{\"@id\":\"https:\\\/\\\/www.bellunopress.it\\\/2026\\\/04\\\/06\\\/sinfonia-della-solidarieta-concerto-dellorchestra-della-speranza-sabato-11-aprile-allauditorium-intercomunale-di-primiero\\\/\"},\"author\":{\"name\":\"redazione\",\"@id\":\"https:\\\/\\\/www.bellunopress.it\\\/#\\\/schema\\\/person\\\/79bb06722b37ece1c03d3e94beb30d73\"},\"headline\":\"Sinfonia della Solidariet\u00e0: Concerto dell\u2019Orchestra della Speranza sabato 11 aprile all\u2019Auditorium intercomunale di Primiero\",\"datePublished\":\"2026-04-06T15:08:33+00:00\",\"mainEntityOfPage\":{\"@id\":\"https:\\\/\\\/www.bellunopress.it\\\/2026\\\/04\\\/06\\\/sinfonia-della-solidarieta-concerto-dellorchestra-della-speranza-sabato-11-aprile-allauditorium-intercomunale-di-primiero\\\/\"},\"wordCount\":657,\"publisher\":{\"@id\":\"https:\\\/\\\/www.bellunopress.it\\\/#organization\"},\"image\":{\"@id\":\"https:\\\/\\\/www.bellunopress.it\\\/2026\\\/04\\\/06\\\/sinfonia-della-solidarieta-concerto-dellorchestra-della-speranza-sabato-11-aprile-allauditorium-intercomunale-di-primiero\\\/#primaryimage\"},\"thumbnailUrl\":\"https:\\\/\\\/www.bellunopress.it\\\/wp-content\\\/uploads\\\/2026\\\/04\\\/Sinfonie-della-Solidarieta-in-Primiero.jpg\",\"articleSection\":[\"Cultura e spettacoli, tempo libero, benessere, fuori provincia\"],\"inLanguage\":\"fr-FR\"},{\"@type\":\"WebPage\",\"@id\":\"https:\\\/\\\/www.bellunopress.it\\\/2026\\\/04\\\/06\\\/sinfonia-della-solidarieta-concerto-dellorchestra-della-speranza-sabato-11-aprile-allauditorium-intercomunale-di-primiero\\\/\",\"url\":\"https:\\\/\\\/www.bellunopress.it\\\/2026\\\/04\\\/06\\\/sinfonia-della-solidarieta-concerto-dellorchestra-della-speranza-sabato-11-aprile-allauditorium-intercomunale-di-primiero\\\/\",\"name\":\"Sinfonia della Solidariet\u00e0: Concerto dell\u2019Orchestra della Speranza sabato 11 aprile all\u2019Auditorium intercomunale di Primiero - Bellunopress - Dolomiti\",\"isPartOf\":{\"@id\":\"https:\\\/\\\/www.bellunopress.it\\\/#website\"},\"primaryImageOfPage\":{\"@id\":\"https:\\\/\\\/www.bellunopress.it\\\/2026\\\/04\\\/06\\\/sinfonia-della-solidarieta-concerto-dellorchestra-della-speranza-sabato-11-aprile-allauditorium-intercomunale-di-primiero\\\/#primaryimage\"},\"image\":{\"@id\":\"https:\\\/\\\/www.bellunopress.it\\\/2026\\\/04\\\/06\\\/sinfonia-della-solidarieta-concerto-dellorchestra-della-speranza-sabato-11-aprile-allauditorium-intercomunale-di-primiero\\\/#primaryimage\"},\"thumbnailUrl\":\"https:\\\/\\\/www.bellunopress.it\\\/wp-content\\\/uploads\\\/2026\\\/04\\\/Sinfonie-della-Solidarieta-in-Primiero.jpg\",\"datePublished\":\"2026-04-06T15:08:33+00:00\",\"breadcrumb\":{\"@id\":\"https:\\\/\\\/www.bellunopress.it\\\/2026\\\/04\\\/06\\\/sinfonia-della-solidarieta-concerto-dellorchestra-della-speranza-sabato-11-aprile-allauditorium-intercomunale-di-primiero\\\/#breadcrumb\"},\"inLanguage\":\"fr-FR\",\"potentialAction\":[{\"@type\":\"ReadAction\",\"target\":[\"https:\\\/\\\/www.bellunopress.it\\\/2026\\\/04\\\/06\\\/sinfonia-della-solidarieta-concerto-dellorchestra-della-speranza-sabato-11-aprile-allauditorium-intercomunale-di-primiero\\\/\"]}]},{\"@type\":\"ImageObject\",\"inLanguage\":\"fr-FR\",\"@id\":\"https:\\\/\\\/www.bellunopress.it\\\/2026\\\/04\\\/06\\\/sinfonia-della-solidarieta-concerto-dellorchestra-della-speranza-sabato-11-aprile-allauditorium-intercomunale-di-primiero\\\/#primaryimage\",\"url\":\"https:\\\/\\\/www.bellunopress.it\\\/wp-content\\\/uploads\\\/2026\\\/04\\\/Sinfonie-della-Solidarieta-in-Primiero.jpg\",\"contentUrl\":\"https:\\\/\\\/www.bellunopress.it\\\/wp-content\\\/uploads\\\/2026\\\/04\\\/Sinfonie-della-Solidarieta-in-Primiero.jpg\",\"width\":600,\"height\":298},{\"@type\":\"BreadcrumbList\",\"@id\":\"https:\\\/\\\/www.bellunopress.it\\\/2026\\\/04\\\/06\\\/sinfonia-della-solidarieta-concerto-dellorchestra-della-speranza-sabato-11-aprile-allauditorium-intercomunale-di-primiero\\\/#breadcrumb\",\"itemListElement\":[{\"@type\":\"ListItem\",\"position\":1,\"name\":\"Home\",\"item\":\"https:\\\/\\\/www.bellunopress.it\\\/\"},{\"@type\":\"ListItem\",\"position\":2,\"name\":\"Sinfonia della Solidariet\u00e0: Concerto dell\u2019Orchestra della Speranza sabato 11 aprile all\u2019Auditorium intercomunale di Primiero\"}]},{\"@type\":\"WebSite\",\"@id\":\"https:\\\/\\\/www.bellunopress.it\\\/#website\",\"url\":\"https:\\\/\\\/www.bellunopress.it\\\/\",\"name\":\"Bellunopress - Dolomiti\",\"description\":\"e-mail: redazione@bellunopress.it\",\"publisher\":{\"@id\":\"https:\\\/\\\/www.bellunopress.it\\\/#organization\"},\"potentialAction\":[{\"@type\":\"SearchAction\",\"target\":{\"@type\":\"EntryPoint\",\"urlTemplate\":\"https:\\\/\\\/www.bellunopress.it\\\/?s={search_term_string}\"},\"query-input\":{\"@type\":\"PropertyValueSpecification\",\"valueRequired\":true,\"valueName\":\"search_term_string\"}}],\"inLanguage\":\"fr-FR\"},{\"@type\":\"Organization\",\"@id\":\"https:\\\/\\\/www.bellunopress.it\\\/#organization\",\"name\":\"Bellunopress\",\"url\":\"https:\\\/\\\/www.bellunopress.it\\\/\",\"logo\":{\"@type\":\"ImageObject\",\"inLanguage\":\"fr-FR\",\"@id\":\"https:\\\/\\\/www.bellunopress.it\\\/#\\\/schema\\\/logo\\\/image\\\/\",\"url\":\"https:\\\/\\\/www.bellunopress.it\\\/wp-content\\\/uploads\\\/2011\\\/05\\\/cropped-logo-bellunopress-.jpg\",\"contentUrl\":\"https:\\\/\\\/www.bellunopress.it\\\/wp-content\\\/uploads\\\/2011\\\/05\\\/cropped-logo-bellunopress-.jpg\",\"width\":512,\"height\":512,\"caption\":\"Bellunopress\"},\"image\":{\"@id\":\"https:\\\/\\\/www.bellunopress.it\\\/#\\\/schema\\\/logo\\\/image\\\/\"},\"sameAs\":[\"https:\\\/\\\/www.facebook.com\\\/profile.php?id=100008943462799\",\"https:\\\/\\\/x.com\\\/bellunopress\",\"https:\\\/\\\/www.linkedin.com\\\/hp\\\/?dnr=JBzUWaJfMUw8vbXJJ2tVW5-I3jZKvC4wsoxE&amp;amp;amp;amp;amp;amp;trk=nav_responsive_tab_home\",\"https:\\\/\\\/www.youtube.com\\\/channel\\\/UCxL0wu1uN0_3_7hGG0306cw\"]},{\"@type\":\"Person\",\"@id\":\"https:\\\/\\\/www.bellunopress.it\\\/#\\\/schema\\\/person\\\/79bb06722b37ece1c03d3e94beb30d73\",\"name\":\"redazione\",\"image\":{\"@type\":\"ImageObject\",\"inLanguage\":\"fr-FR\",\"@id\":\"https:\\\/\\\/secure.gravatar.com\\\/avatar\\\/37d968a2e67a6fd04c169c4bdef102d0bc5d31b2546345219e348575eb80e9a0?s=96&d=mm&r=g\",\"url\":\"https:\\\/\\\/secure.gravatar.com\\\/avatar\\\/37d968a2e67a6fd04c169c4bdef102d0bc5d31b2546345219e348575eb80e9a0?s=96&d=mm&r=g\",\"contentUrl\":\"https:\\\/\\\/secure.gravatar.com\\\/avatar\\\/37d968a2e67a6fd04c169c4bdef102d0bc5d31b2546345219e348575eb80e9a0?s=96&d=mm&r=g\",\"caption\":\"redazione\"},\"sameAs\":[\"http:\\\/\\\/www.bellunopress.it\",\"https:\\\/\\\/x.com\\\/bellunopress\"],\"url\":\"https:\\\/\\\/www.bellunopress.it\\\/fr\\\/author\\\/redazione\\\/\"}]}<\/script>\n<!-- \/ Yoast SEO plugin. -->","yoast_head_json":{"title":"Sinfonia della Solidariet\u00e0: Concerto dell\u2019Orchestra della Speranza sabato 11 aprile all\u2019Auditorium intercomunale di Primiero - Bellunopress - Dolomiti","robots":{"index":"index","follow":"follow","max-snippet":"max-snippet:-1","max-image-preview":"max-image-preview:large","max-video-preview":"max-video-preview:-1"},"canonical":"https:\/\/www.bellunopress.it\/fr\/2026\/04\/06\/sinfonia-della-solidarieta-concerto-dellorchestra-della-speranza-sabato-11-aprile-allauditorium-intercomunale-di-primiero\/","og_locale":"fr_FR","og_type":"article","og_title":"Sinfonia della Solidariet\u00e0: Concerto dell\u2019Orchestra della Speranza sabato 11 aprile all\u2019Auditorium intercomunale di Primiero - Bellunopress - Dolomiti","og_description":"La musica come linguaggio universale di solidariet\u00e0 e comunit\u00e0. \u00c8 questo lo spirito di \u201cSinfonia della Solidariet\u00e0\u201d, il concerto dell\u2019Orchestra della Speranza in programma sabato 11 aprile alle ore 20.45 all&#8217;Auditorium Intercomunale di Primiero. L\u2019evento, della durata di circa due ore, sar\u00e0 un momento speciale di incontro tra musica, istituzioni e volontariato del territorio. L\u2019ingresso [&hellip;]","og_url":"https:\/\/www.bellunopress.it\/fr\/2026\/04\/06\/sinfonia-della-solidarieta-concerto-dellorchestra-della-speranza-sabato-11-aprile-allauditorium-intercomunale-di-primiero\/","og_site_name":"Bellunopress - Dolomiti","article_publisher":"https:\/\/www.facebook.com\/profile.php?id=100008943462799","article_published_time":"2026-04-06T15:08:33+00:00","og_image":[{"width":600,"height":298,"url":"https:\/\/www.bellunopress.it\/wp-content\/uploads\/2026\/04\/Sinfonie-della-Solidarieta-in-Primiero.jpg","type":"image\/jpeg"}],"author":"redazione","twitter_card":"summary_large_image","twitter_creator":"@bellunopress","twitter_site":"@bellunopress","twitter_misc":{"\u00c9crit par":"redazione","Dur\u00e9e de lecture estim\u00e9e":"3 minutes"},"schema":{"@context":"https:\/\/schema.org","@graph":[{"@type":"Article","@id":"https:\/\/www.bellunopress.it\/2026\/04\/06\/sinfonia-della-solidarieta-concerto-dellorchestra-della-speranza-sabato-11-aprile-allauditorium-intercomunale-di-primiero\/#article","isPartOf":{"@id":"https:\/\/www.bellunopress.it\/2026\/04\/06\/sinfonia-della-solidarieta-concerto-dellorchestra-della-speranza-sabato-11-aprile-allauditorium-intercomunale-di-primiero\/"},"author":{"name":"redazione","@id":"https:\/\/www.bellunopress.it\/#\/schema\/person\/79bb06722b37ece1c03d3e94beb30d73"},"headline":"Sinfonia della Solidariet\u00e0: Concerto dell\u2019Orchestra della Speranza sabato 11 aprile all\u2019Auditorium intercomunale di Primiero","datePublished":"2026-04-06T15:08:33+00:00","mainEntityOfPage":{"@id":"https:\/\/www.bellunopress.it\/2026\/04\/06\/sinfonia-della-solidarieta-concerto-dellorchestra-della-speranza-sabato-11-aprile-allauditorium-intercomunale-di-primiero\/"},"wordCount":657,"publisher":{"@id":"https:\/\/www.bellunopress.it\/#organization"},"image":{"@id":"https:\/\/www.bellunopress.it\/2026\/04\/06\/sinfonia-della-solidarieta-concerto-dellorchestra-della-speranza-sabato-11-aprile-allauditorium-intercomunale-di-primiero\/#primaryimage"},"thumbnailUrl":"https:\/\/www.bellunopress.it\/wp-content\/uploads\/2026\/04\/Sinfonie-della-Solidarieta-in-Primiero.jpg","articleSection":["Cultura e spettacoli, tempo libero, benessere, fuori provincia"],"inLanguage":"fr-FR"},{"@type":"WebPage","@id":"https:\/\/www.bellunopress.it\/2026\/04\/06\/sinfonia-della-solidarieta-concerto-dellorchestra-della-speranza-sabato-11-aprile-allauditorium-intercomunale-di-primiero\/","url":"https:\/\/www.bellunopress.it\/2026\/04\/06\/sinfonia-della-solidarieta-concerto-dellorchestra-della-speranza-sabato-11-aprile-allauditorium-intercomunale-di-primiero\/","name":"Sinfonia della Solidariet\u00e0: Concerto dell\u2019Orchestra della Speranza sabato 11 aprile all\u2019Auditorium intercomunale di Primiero - Bellunopress - Dolomiti","isPartOf":{"@id":"https:\/\/www.bellunopress.it\/#website"},"primaryImageOfPage":{"@id":"https:\/\/www.bellunopress.it\/2026\/04\/06\/sinfonia-della-solidarieta-concerto-dellorchestra-della-speranza-sabato-11-aprile-allauditorium-intercomunale-di-primiero\/#primaryimage"},"image":{"@id":"https:\/\/www.bellunopress.it\/2026\/04\/06\/sinfonia-della-solidarieta-concerto-dellorchestra-della-speranza-sabato-11-aprile-allauditorium-intercomunale-di-primiero\/#primaryimage"},"thumbnailUrl":"https:\/\/www.bellunopress.it\/wp-content\/uploads\/2026\/04\/Sinfonie-della-Solidarieta-in-Primiero.jpg","datePublished":"2026-04-06T15:08:33+00:00","breadcrumb":{"@id":"https:\/\/www.bellunopress.it\/2026\/04\/06\/sinfonia-della-solidarieta-concerto-dellorchestra-della-speranza-sabato-11-aprile-allauditorium-intercomunale-di-primiero\/#breadcrumb"},"inLanguage":"fr-FR","potentialAction":[{"@type":"ReadAction","target":["https:\/\/www.bellunopress.it\/2026\/04\/06\/sinfonia-della-solidarieta-concerto-dellorchestra-della-speranza-sabato-11-aprile-allauditorium-intercomunale-di-primiero\/"]}]},{"@type":"ImageObject","inLanguage":"fr-FR","@id":"https:\/\/www.bellunopress.it\/2026\/04\/06\/sinfonia-della-solidarieta-concerto-dellorchestra-della-speranza-sabato-11-aprile-allauditorium-intercomunale-di-primiero\/#primaryimage","url":"https:\/\/www.bellunopress.it\/wp-content\/uploads\/2026\/04\/Sinfonie-della-Solidarieta-in-Primiero.jpg","contentUrl":"https:\/\/www.bellunopress.it\/wp-content\/uploads\/2026\/04\/Sinfonie-della-Solidarieta-in-Primiero.jpg","width":600,"height":298},{"@type":"BreadcrumbList","@id":"https:\/\/www.bellunopress.it\/2026\/04\/06\/sinfonia-della-solidarieta-concerto-dellorchestra-della-speranza-sabato-11-aprile-allauditorium-intercomunale-di-primiero\/#breadcrumb","itemListElement":[{"@type":"ListItem","position":1,"name":"Home","item":"https:\/\/www.bellunopress.it\/"},{"@type":"ListItem","position":2,"name":"Sinfonia della Solidariet\u00e0: Concerto dell\u2019Orchestra della Speranza sabato 11 aprile all\u2019Auditorium intercomunale di Primiero"}]},{"@type":"WebSite","@id":"https:\/\/www.bellunopress.it\/#website","url":"https:\/\/www.bellunopress.it\/","name":"Bellunopress - Dolomiti","description":"e-mail: redazione@bellunopress.it","publisher":{"@id":"https:\/\/www.bellunopress.it\/#organization"},"potentialAction":[{"@type":"SearchAction","target":{"@type":"EntryPoint","urlTemplate":"https:\/\/www.bellunopress.it\/?s={search_term_string}"},"query-input":{"@type":"PropertyValueSpecification","valueRequired":true,"valueName":"search_term_string"}}],"inLanguage":"fr-FR"},{"@type":"Organization","@id":"https:\/\/www.bellunopress.it\/#organization","name":"Bellunopress","url":"https:\/\/www.bellunopress.it\/","logo":{"@type":"ImageObject","inLanguage":"fr-FR","@id":"https:\/\/www.bellunopress.it\/#\/schema\/logo\/image\/","url":"https:\/\/www.bellunopress.it\/wp-content\/uploads\/2011\/05\/cropped-logo-bellunopress-.jpg","contentUrl":"https:\/\/www.bellunopress.it\/wp-content\/uploads\/2011\/05\/cropped-logo-bellunopress-.jpg","width":512,"height":512,"caption":"Bellunopress"},"image":{"@id":"https:\/\/www.bellunopress.it\/#\/schema\/logo\/image\/"},"sameAs":["https:\/\/www.facebook.com\/profile.php?id=100008943462799","https:\/\/x.com\/bellunopress","https:\/\/www.linkedin.com\/hp\/?dnr=JBzUWaJfMUw8vbXJJ2tVW5-I3jZKvC4wsoxE&amp;amp;amp;amp;amp;amp;trk=nav_responsive_tab_home","https:\/\/www.youtube.com\/channel\/UCxL0wu1uN0_3_7hGG0306cw"]},{"@type":"Person","@id":"https:\/\/www.bellunopress.it\/#\/schema\/person\/79bb06722b37ece1c03d3e94beb30d73","name":"r\u00e9daction","image":{"@type":"ImageObject","inLanguage":"fr-FR","@id":"https:\/\/secure.gravatar.com\/avatar\/37d968a2e67a6fd04c169c4bdef102d0bc5d31b2546345219e348575eb80e9a0?s=96&d=mm&r=g","url":"https:\/\/secure.gravatar.com\/avatar\/37d968a2e67a6fd04c169c4bdef102d0bc5d31b2546345219e348575eb80e9a0?s=96&d=mm&r=g","contentUrl":"https:\/\/secure.gravatar.com\/avatar\/37d968a2e67a6fd04c169c4bdef102d0bc5d31b2546345219e348575eb80e9a0?s=96&d=mm&r=g","caption":"redazione"},"sameAs":["http:\/\/www.bellunopress.it","https:\/\/x.com\/bellunopress"],"url":"https:\/\/www.bellunopress.it\/fr\/author\/redazione\/"}]}},"_links":{"self":[{"href":"https:\/\/www.bellunopress.it\/fr\/wp-json\/wp\/v2\/posts\/168741","targetHints":{"allow":["GET"]}}],"collection":[{"href":"https:\/\/www.bellunopress.it\/fr\/wp-json\/wp\/v2\/posts"}],"about":[{"href":"https:\/\/www.bellunopress.it\/fr\/wp-json\/wp\/v2\/types\/post"}],"author":[{"embeddable":true,"href":"https:\/\/www.bellunopress.it\/fr\/wp-json\/wp\/v2\/users\/2"}],"replies":[{"embeddable":true,"href":"https:\/\/www.bellunopress.it\/fr\/wp-json\/wp\/v2\/comments?post=168741"}],"version-history":[{"count":1,"href":"https:\/\/www.bellunopress.it\/fr\/wp-json\/wp\/v2\/posts\/168741\/revisions"}],"predecessor-version":[{"id":168742,"href":"https:\/\/www.bellunopress.it\/fr\/wp-json\/wp\/v2\/posts\/168741\/revisions\/168742"}],"wp:featuredmedia":[{"embeddable":true,"href":"https:\/\/www.bellunopress.it\/fr\/wp-json\/wp\/v2\/media\/168743"}],"wp:attachment":[{"href":"https:\/\/www.bellunopress.it\/fr\/wp-json\/wp\/v2\/media?parent=168741"}],"wp:term":[{"taxonomy":"category","embeddable":true,"href":"https:\/\/www.bellunopress.it\/fr\/wp-json\/wp\/v2\/categories?post=168741"},{"taxonomy":"post_tag","embeddable":true,"href":"https:\/\/www.bellunopress.it\/fr\/wp-json\/wp\/v2\/tags?post=168741"}],"curies":[{"name":"wp","href":"https:\/\/api.w.org\/{rel}","templated":true}]}}