{"id":168734,"date":"2026-04-02T15:35:15","date_gmt":"2026-04-02T13:35:15","guid":{"rendered":"https:\/\/www.bellunopress.it\/?p=168734"},"modified":"2026-04-02T15:35:15","modified_gmt":"2026-04-02T13:35:15","slug":"la-proposta-szumski-e-lovat-pannelli-fotovoltaici-lungo-la-pedemontana-veneta","status":"publish","type":"post","link":"https:\/\/www.bellunopress.it\/fr\/2026\/04\/02\/la-proposta-szumski-e-lovat-pannelli-fotovoltaici-lungo-la-pedemontana-veneta\/","title":{"rendered":"La proposta. Szumski e Lovat: pannelli fotovoltaici lungo la Pedemontana veneta"},"content":{"rendered":"<p>Il Gruppo consiliare Szumski Resistere Veneto, lancia una proposta concreta per coniugare sostenibilit\u00e0 ambientale, innovazione e valorizzazione delle infrastrutture esistenti: l&#8217;installazione di pannelli fotovoltaici lungo le aree di pertinenza della Superstrada Pedemontana Veneta.<\/p>\n<p>L&#8217;iniziativa nasce dalla volont\u00e0 di sfruttare spazi gi\u00e0 coinvolti nella realizzazione dell&#8217;opera viaria per la produzione di energia rinnovabile, garantendo al contempo il pieno rispetto degli standard di sicurezza stradale. &#8220;Le aree marginali e accessorie della Pedemontana rappresentano un&#8217;opportunit\u00e0 strategica \u2013 dichiarano Szumski e Lovat \u2013 possiamo produrre energia pulita senza sottrarre ulteriore suolo agricolo, generando al contempo nuove entrate economiche&#8221;.<\/p>\n<p>Secondo i consiglieri, il progetto consentirebbe infatti di recuperare importanti risorse economiche, contribuendo alla sostenibilit\u00e0 finanziaria dell&#8217;infrastruttura e riducendo la necessit\u00e0 di destinare terreni agricoli alla realizzazione di impianti fotovoltaici a terra.<br \/>\nIl gruppo consiliare rivolge quindi un invito alla Giunta regionale del Veneto affinch\u00e9 intensifichi i colloqui con il concessionario Superstrada Pedemontana Veneta S.p.A. e con il gestore Consorzio Stabile SIS S.c.p.A., con l&#8217;obiettivo di individuare rapidamente le aree immediatamente idonee e avviare quanto prima la realizzazione dei primi impianti.<\/p>\n<p>&#8220;\u00c8 il momento di concretizzare iniziative immediatamente utili \u2013 concludono Szumski e Lovat \u2013 la Pedemontana pu\u00f2 diventare un modello virtuoso di valorizzazione delle nostre infrastrutture per produzione energetica sostenibile, con benefici concreti per il territorio, l&#8217;ambiente e i cittadini veneti&#8221;.<\/p>","protected":false},"excerpt":{"rendered":"<p>Il Gruppo consiliare Szumski Resistere Veneto, lancia una proposta concreta per coniugare sostenibilit\u00e0 ambientale, innovazione e valorizzazione delle infrastrutture esistenti: l&#8217;installazione di pannelli fotovoltaici lungo le aree di pertinenza della Superstrada Pedemontana Veneta. L&#8217;iniziativa nasce dalla volont\u00e0 di sfruttare spazi gi\u00e0 coinvolti nella realizzazione dell&#8217;opera viaria per la produzione di energia rinnovabile, garantendo al contempo [&hellip;]<\/p>\n","protected":false},"author":2,"featured_media":166973,"comment_status":"closed","ping_status":"open","sticky":false,"template":"","format":"standard","meta":{"footnotes":""},"categories":[5],"tags":[],"class_list":["post-168734","post","type-post","status-publish","format-standard","has-post-thumbnail","category-cronaca"],"yoast_head":"<!-- This site is optimized with the Yoast SEO plugin v28.4 - https:\/\/yoast.com\/product\/yoast-seo-wordpress\/ -->\n<title>La proposta. Szumski e Lovat: pannelli fotovoltaici lungo la Pedemontana veneta - Bellunopress - Dolomiti<\/title>\n<meta name=\"robots\" content=\"index, follow, max-snippet:-1, max-image-preview:large, max-video-preview:-1\" \/>\n<link rel=\"canonical\" href=\"https:\/\/www.bellunopress.it\/fr\/2026\/04\/02\/la-proposta-szumski-e-lovat-pannelli-fotovoltaici-lungo-la-pedemontana-veneta\/\" \/>\n<meta property=\"og:locale\" content=\"fr_FR\" \/>\n<meta property=\"og:type\" content=\"article\" \/>\n<meta property=\"og:title\" content=\"La proposta. Szumski e Lovat: pannelli fotovoltaici lungo la Pedemontana veneta - Bellunopress - Dolomiti\" \/>\n<meta property=\"og:description\" content=\"Il Gruppo consiliare Szumski Resistere Veneto, lancia una proposta concreta per coniugare sostenibilit\u00e0 ambientale, innovazione e valorizzazione delle infrastrutture esistenti: l&#8217;installazione di pannelli fotovoltaici lungo le aree di pertinenza della Superstrada Pedemontana Veneta. L&#8217;iniziativa nasce dalla volont\u00e0 di sfruttare spazi gi\u00e0 coinvolti nella realizzazione dell&#8217;opera viaria per la produzione di energia rinnovabile, garantendo al contempo [&hellip;]\" \/>\n<meta property=\"og:url\" content=\"https:\/\/www.bellunopress.it\/fr\/2026\/04\/02\/la-proposta-szumski-e-lovat-pannelli-fotovoltaici-lungo-la-pedemontana-veneta\/\" \/>\n<meta property=\"og:site_name\" content=\"Bellunopress - Dolomiti\" \/>\n<meta property=\"article:publisher\" content=\"https:\/\/www.facebook.com\/profile.php?id=100008943462799\" \/>\n<meta property=\"article:published_time\" content=\"2026-04-02T13:35:15+00:00\" \/>\n<meta property=\"og:image\" content=\"https:\/\/www.bellunopress.it\/wp-content\/uploads\/2026\/01\/Szumski-Resistere-Veneto.png\" \/>\n\t<meta property=\"og:image:width\" content=\"600\" \/>\n\t<meta property=\"og:image:height\" content=\"337\" \/>\n\t<meta property=\"og:image:type\" content=\"image\/png\" \/>\n<meta name=\"author\" content=\"redazione\" \/>\n<meta name=\"twitter:card\" content=\"summary_large_image\" \/>\n<meta name=\"twitter:creator\" content=\"@bellunopress\" \/>\n<meta name=\"twitter:site\" content=\"@bellunopress\" \/>\n<meta name=\"twitter:label1\" content=\"\u00c9crit par\" \/>\n\t<meta name=\"twitter:data1\" content=\"redazione\" \/>\n\t<meta name=\"twitter:label2\" content=\"Dur\u00e9e de lecture estim\u00e9e\" \/>\n\t<meta name=\"twitter:data2\" content=\"1 minute\" \/>\n<script type=\"application\/ld+json\" class=\"yoast-schema-graph\">{\"@context\":\"https:\\\/\\\/schema.org\",\"@graph\":[{\"@type\":\"Article\",\"@id\":\"https:\\\/\\\/www.bellunopress.it\\\/2026\\\/04\\\/02\\\/la-proposta-szumski-e-lovat-pannelli-fotovoltaici-lungo-la-pedemontana-veneta\\\/#article\",\"isPartOf\":{\"@id\":\"https:\\\/\\\/www.bellunopress.it\\\/2026\\\/04\\\/02\\\/la-proposta-szumski-e-lovat-pannelli-fotovoltaici-lungo-la-pedemontana-veneta\\\/\"},\"author\":{\"name\":\"redazione\",\"@id\":\"https:\\\/\\\/www.bellunopress.it\\\/#\\\/schema\\\/person\\\/79bb06722b37ece1c03d3e94beb30d73\"},\"headline\":\"La proposta. Szumski e Lovat: pannelli fotovoltaici lungo la Pedemontana veneta\",\"datePublished\":\"2026-04-02T13:35:15+00:00\",\"mainEntityOfPage\":{\"@id\":\"https:\\\/\\\/www.bellunopress.it\\\/2026\\\/04\\\/02\\\/la-proposta-szumski-e-lovat-pannelli-fotovoltaici-lungo-la-pedemontana-veneta\\\/\"},\"wordCount\":234,\"publisher\":{\"@id\":\"https:\\\/\\\/www.bellunopress.it\\\/#organization\"},\"image\":{\"@id\":\"https:\\\/\\\/www.bellunopress.it\\\/2026\\\/04\\\/02\\\/la-proposta-szumski-e-lovat-pannelli-fotovoltaici-lungo-la-pedemontana-veneta\\\/#primaryimage\"},\"thumbnailUrl\":\"https:\\\/\\\/www.bellunopress.it\\\/wp-content\\\/uploads\\\/2026\\\/01\\\/Szumski-Resistere-Veneto.png\",\"articleSection\":[\"Cronaca\\\/Politica\"],\"inLanguage\":\"fr-FR\"},{\"@type\":\"WebPage\",\"@id\":\"https:\\\/\\\/www.bellunopress.it\\\/2026\\\/04\\\/02\\\/la-proposta-szumski-e-lovat-pannelli-fotovoltaici-lungo-la-pedemontana-veneta\\\/\",\"url\":\"https:\\\/\\\/www.bellunopress.it\\\/2026\\\/04\\\/02\\\/la-proposta-szumski-e-lovat-pannelli-fotovoltaici-lungo-la-pedemontana-veneta\\\/\",\"name\":\"La proposta. Szumski e Lovat: pannelli fotovoltaici lungo la Pedemontana veneta - Bellunopress - Dolomiti\",\"isPartOf\":{\"@id\":\"https:\\\/\\\/www.bellunopress.it\\\/#website\"},\"primaryImageOfPage\":{\"@id\":\"https:\\\/\\\/www.bellunopress.it\\\/2026\\\/04\\\/02\\\/la-proposta-szumski-e-lovat-pannelli-fotovoltaici-lungo-la-pedemontana-veneta\\\/#primaryimage\"},\"image\":{\"@id\":\"https:\\\/\\\/www.bellunopress.it\\\/2026\\\/04\\\/02\\\/la-proposta-szumski-e-lovat-pannelli-fotovoltaici-lungo-la-pedemontana-veneta\\\/#primaryimage\"},\"thumbnailUrl\":\"https:\\\/\\\/www.bellunopress.it\\\/wp-content\\\/uploads\\\/2026\\\/01\\\/Szumski-Resistere-Veneto.png\",\"datePublished\":\"2026-04-02T13:35:15+00:00\",\"breadcrumb\":{\"@id\":\"https:\\\/\\\/www.bellunopress.it\\\/2026\\\/04\\\/02\\\/la-proposta-szumski-e-lovat-pannelli-fotovoltaici-lungo-la-pedemontana-veneta\\\/#breadcrumb\"},\"inLanguage\":\"fr-FR\",\"potentialAction\":[{\"@type\":\"ReadAction\",\"target\":[\"https:\\\/\\\/www.bellunopress.it\\\/2026\\\/04\\\/02\\\/la-proposta-szumski-e-lovat-pannelli-fotovoltaici-lungo-la-pedemontana-veneta\\\/\"]}]},{\"@type\":\"ImageObject\",\"inLanguage\":\"fr-FR\",\"@id\":\"https:\\\/\\\/www.bellunopress.it\\\/2026\\\/04\\\/02\\\/la-proposta-szumski-e-lovat-pannelli-fotovoltaici-lungo-la-pedemontana-veneta\\\/#primaryimage\",\"url\":\"https:\\\/\\\/www.bellunopress.it\\\/wp-content\\\/uploads\\\/2026\\\/01\\\/Szumski-Resistere-Veneto.png\",\"contentUrl\":\"https:\\\/\\\/www.bellunopress.it\\\/wp-content\\\/uploads\\\/2026\\\/01\\\/Szumski-Resistere-Veneto.png\",\"width\":600,\"height\":337},{\"@type\":\"BreadcrumbList\",\"@id\":\"https:\\\/\\\/www.bellunopress.it\\\/2026\\\/04\\\/02\\\/la-proposta-szumski-e-lovat-pannelli-fotovoltaici-lungo-la-pedemontana-veneta\\\/#breadcrumb\",\"itemListElement\":[{\"@type\":\"ListItem\",\"position\":1,\"name\":\"Home\",\"item\":\"https:\\\/\\\/www.bellunopress.it\\\/\"},{\"@type\":\"ListItem\",\"position\":2,\"name\":\"La proposta. Szumski e Lovat: pannelli fotovoltaici lungo la Pedemontana veneta\"}]},{\"@type\":\"WebSite\",\"@id\":\"https:\\\/\\\/www.bellunopress.it\\\/#website\",\"url\":\"https:\\\/\\\/www.bellunopress.it\\\/\",\"name\":\"Bellunopress - Dolomiti\",\"description\":\"e-mail: redazione@bellunopress.it\",\"publisher\":{\"@id\":\"https:\\\/\\\/www.bellunopress.it\\\/#organization\"},\"potentialAction\":[{\"@type\":\"SearchAction\",\"target\":{\"@type\":\"EntryPoint\",\"urlTemplate\":\"https:\\\/\\\/www.bellunopress.it\\\/?s={search_term_string}\"},\"query-input\":{\"@type\":\"PropertyValueSpecification\",\"valueRequired\":true,\"valueName\":\"search_term_string\"}}],\"inLanguage\":\"fr-FR\"},{\"@type\":\"Organization\",\"@id\":\"https:\\\/\\\/www.bellunopress.it\\\/#organization\",\"name\":\"Bellunopress\",\"url\":\"https:\\\/\\\/www.bellunopress.it\\\/\",\"logo\":{\"@type\":\"ImageObject\",\"inLanguage\":\"fr-FR\",\"@id\":\"https:\\\/\\\/www.bellunopress.it\\\/#\\\/schema\\\/logo\\\/image\\\/\",\"url\":\"https:\\\/\\\/www.bellunopress.it\\\/wp-content\\\/uploads\\\/2011\\\/05\\\/cropped-logo-bellunopress-.jpg\",\"contentUrl\":\"https:\\\/\\\/www.bellunopress.it\\\/wp-content\\\/uploads\\\/2011\\\/05\\\/cropped-logo-bellunopress-.jpg\",\"width\":512,\"height\":512,\"caption\":\"Bellunopress\"},\"image\":{\"@id\":\"https:\\\/\\\/www.bellunopress.it\\\/#\\\/schema\\\/logo\\\/image\\\/\"},\"sameAs\":[\"https:\\\/\\\/www.facebook.com\\\/profile.php?id=100008943462799\",\"https:\\\/\\\/x.com\\\/bellunopress\",\"https:\\\/\\\/www.linkedin.com\\\/hp\\\/?dnr=JBzUWaJfMUw8vbXJJ2tVW5-I3jZKvC4wsoxE&amp;amp;amp;amp;amp;amp;trk=nav_responsive_tab_home\",\"https:\\\/\\\/www.youtube.com\\\/channel\\\/UCxL0wu1uN0_3_7hGG0306cw\"]},{\"@type\":\"Person\",\"@id\":\"https:\\\/\\\/www.bellunopress.it\\\/#\\\/schema\\\/person\\\/79bb06722b37ece1c03d3e94beb30d73\",\"name\":\"redazione\",\"image\":{\"@type\":\"ImageObject\",\"inLanguage\":\"fr-FR\",\"@id\":\"https:\\\/\\\/secure.gravatar.com\\\/avatar\\\/37d968a2e67a6fd04c169c4bdef102d0bc5d31b2546345219e348575eb80e9a0?s=96&d=mm&r=g\",\"url\":\"https:\\\/\\\/secure.gravatar.com\\\/avatar\\\/37d968a2e67a6fd04c169c4bdef102d0bc5d31b2546345219e348575eb80e9a0?s=96&d=mm&r=g\",\"contentUrl\":\"https:\\\/\\\/secure.gravatar.com\\\/avatar\\\/37d968a2e67a6fd04c169c4bdef102d0bc5d31b2546345219e348575eb80e9a0?s=96&d=mm&r=g\",\"caption\":\"redazione\"},\"sameAs\":[\"http:\\\/\\\/www.bellunopress.it\",\"https:\\\/\\\/x.com\\\/bellunopress\"],\"url\":\"https:\\\/\\\/www.bellunopress.it\\\/fr\\\/author\\\/redazione\\\/\"}]}<\/script>\n<!-- \/ Yoast SEO plugin. -->","yoast_head_json":{"title":"La proposta. Szumski e Lovat: pannelli fotovoltaici lungo la Pedemontana veneta - Bellunopress - Dolomiti","robots":{"index":"index","follow":"follow","max-snippet":"max-snippet:-1","max-image-preview":"max-image-preview:large","max-video-preview":"max-video-preview:-1"},"canonical":"https:\/\/www.bellunopress.it\/fr\/2026\/04\/02\/la-proposta-szumski-e-lovat-pannelli-fotovoltaici-lungo-la-pedemontana-veneta\/","og_locale":"fr_FR","og_type":"article","og_title":"La proposta. Szumski e Lovat: pannelli fotovoltaici lungo la Pedemontana veneta - Bellunopress - Dolomiti","og_description":"Il Gruppo consiliare Szumski Resistere Veneto, lancia una proposta concreta per coniugare sostenibilit\u00e0 ambientale, innovazione e valorizzazione delle infrastrutture esistenti: l&#8217;installazione di pannelli fotovoltaici lungo le aree di pertinenza della Superstrada Pedemontana Veneta. L&#8217;iniziativa nasce dalla volont\u00e0 di sfruttare spazi gi\u00e0 coinvolti nella realizzazione dell&#8217;opera viaria per la produzione di energia rinnovabile, garantendo al contempo [&hellip;]","og_url":"https:\/\/www.bellunopress.it\/fr\/2026\/04\/02\/la-proposta-szumski-e-lovat-pannelli-fotovoltaici-lungo-la-pedemontana-veneta\/","og_site_name":"Bellunopress - Dolomiti","article_publisher":"https:\/\/www.facebook.com\/profile.php?id=100008943462799","article_published_time":"2026-04-02T13:35:15+00:00","og_image":[{"width":600,"height":337,"url":"https:\/\/www.bellunopress.it\/wp-content\/uploads\/2026\/01\/Szumski-Resistere-Veneto.png","type":"image\/png"}],"author":"redazione","twitter_card":"summary_large_image","twitter_creator":"@bellunopress","twitter_site":"@bellunopress","twitter_misc":{"\u00c9crit par":"redazione","Dur\u00e9e de lecture estim\u00e9e":"1 minute"},"schema":{"@context":"https:\/\/schema.org","@graph":[{"@type":"Article","@id":"https:\/\/www.bellunopress.it\/2026\/04\/02\/la-proposta-szumski-e-lovat-pannelli-fotovoltaici-lungo-la-pedemontana-veneta\/#article","isPartOf":{"@id":"https:\/\/www.bellunopress.it\/2026\/04\/02\/la-proposta-szumski-e-lovat-pannelli-fotovoltaici-lungo-la-pedemontana-veneta\/"},"author":{"name":"redazione","@id":"https:\/\/www.bellunopress.it\/#\/schema\/person\/79bb06722b37ece1c03d3e94beb30d73"},"headline":"La proposta. Szumski e Lovat: pannelli fotovoltaici lungo la Pedemontana veneta","datePublished":"2026-04-02T13:35:15+00:00","mainEntityOfPage":{"@id":"https:\/\/www.bellunopress.it\/2026\/04\/02\/la-proposta-szumski-e-lovat-pannelli-fotovoltaici-lungo-la-pedemontana-veneta\/"},"wordCount":234,"publisher":{"@id":"https:\/\/www.bellunopress.it\/#organization"},"image":{"@id":"https:\/\/www.bellunopress.it\/2026\/04\/02\/la-proposta-szumski-e-lovat-pannelli-fotovoltaici-lungo-la-pedemontana-veneta\/#primaryimage"},"thumbnailUrl":"https:\/\/www.bellunopress.it\/wp-content\/uploads\/2026\/01\/Szumski-Resistere-Veneto.png","articleSection":["Cronaca\/Politica"],"inLanguage":"fr-FR"},{"@type":"WebPage","@id":"https:\/\/www.bellunopress.it\/2026\/04\/02\/la-proposta-szumski-e-lovat-pannelli-fotovoltaici-lungo-la-pedemontana-veneta\/","url":"https:\/\/www.bellunopress.it\/2026\/04\/02\/la-proposta-szumski-e-lovat-pannelli-fotovoltaici-lungo-la-pedemontana-veneta\/","name":"La proposta. Szumski e Lovat: pannelli fotovoltaici lungo la Pedemontana veneta - Bellunopress - Dolomiti","isPartOf":{"@id":"https:\/\/www.bellunopress.it\/#website"},"primaryImageOfPage":{"@id":"https:\/\/www.bellunopress.it\/2026\/04\/02\/la-proposta-szumski-e-lovat-pannelli-fotovoltaici-lungo-la-pedemontana-veneta\/#primaryimage"},"image":{"@id":"https:\/\/www.bellunopress.it\/2026\/04\/02\/la-proposta-szumski-e-lovat-pannelli-fotovoltaici-lungo-la-pedemontana-veneta\/#primaryimage"},"thumbnailUrl":"https:\/\/www.bellunopress.it\/wp-content\/uploads\/2026\/01\/Szumski-Resistere-Veneto.png","datePublished":"2026-04-02T13:35:15+00:00","breadcrumb":{"@id":"https:\/\/www.bellunopress.it\/2026\/04\/02\/la-proposta-szumski-e-lovat-pannelli-fotovoltaici-lungo-la-pedemontana-veneta\/#breadcrumb"},"inLanguage":"fr-FR","potentialAction":[{"@type":"ReadAction","target":["https:\/\/www.bellunopress.it\/2026\/04\/02\/la-proposta-szumski-e-lovat-pannelli-fotovoltaici-lungo-la-pedemontana-veneta\/"]}]},{"@type":"ImageObject","inLanguage":"fr-FR","@id":"https:\/\/www.bellunopress.it\/2026\/04\/02\/la-proposta-szumski-e-lovat-pannelli-fotovoltaici-lungo-la-pedemontana-veneta\/#primaryimage","url":"https:\/\/www.bellunopress.it\/wp-content\/uploads\/2026\/01\/Szumski-Resistere-Veneto.png","contentUrl":"https:\/\/www.bellunopress.it\/wp-content\/uploads\/2026\/01\/Szumski-Resistere-Veneto.png","width":600,"height":337},{"@type":"BreadcrumbList","@id":"https:\/\/www.bellunopress.it\/2026\/04\/02\/la-proposta-szumski-e-lovat-pannelli-fotovoltaici-lungo-la-pedemontana-veneta\/#breadcrumb","itemListElement":[{"@type":"ListItem","position":1,"name":"Home","item":"https:\/\/www.bellunopress.it\/"},{"@type":"ListItem","position":2,"name":"La proposta. Szumski e Lovat: pannelli fotovoltaici lungo la Pedemontana veneta"}]},{"@type":"WebSite","@id":"https:\/\/www.bellunopress.it\/#website","url":"https:\/\/www.bellunopress.it\/","name":"Bellunopress - Dolomiti","description":"e-mail: redazione@bellunopress.it","publisher":{"@id":"https:\/\/www.bellunopress.it\/#organization"},"potentialAction":[{"@type":"SearchAction","target":{"@type":"EntryPoint","urlTemplate":"https:\/\/www.bellunopress.it\/?s={search_term_string}"},"query-input":{"@type":"PropertyValueSpecification","valueRequired":true,"valueName":"search_term_string"}}],"inLanguage":"fr-FR"},{"@type":"Organization","@id":"https:\/\/www.bellunopress.it\/#organization","name":"Bellunopress","url":"https:\/\/www.bellunopress.it\/","logo":{"@type":"ImageObject","inLanguage":"fr-FR","@id":"https:\/\/www.bellunopress.it\/#\/schema\/logo\/image\/","url":"https:\/\/www.bellunopress.it\/wp-content\/uploads\/2011\/05\/cropped-logo-bellunopress-.jpg","contentUrl":"https:\/\/www.bellunopress.it\/wp-content\/uploads\/2011\/05\/cropped-logo-bellunopress-.jpg","width":512,"height":512,"caption":"Bellunopress"},"image":{"@id":"https:\/\/www.bellunopress.it\/#\/schema\/logo\/image\/"},"sameAs":["https:\/\/www.facebook.com\/profile.php?id=100008943462799","https:\/\/x.com\/bellunopress","https:\/\/www.linkedin.com\/hp\/?dnr=JBzUWaJfMUw8vbXJJ2tVW5-I3jZKvC4wsoxE&amp;amp;amp;amp;amp;amp;trk=nav_responsive_tab_home","https:\/\/www.youtube.com\/channel\/UCxL0wu1uN0_3_7hGG0306cw"]},{"@type":"Person","@id":"https:\/\/www.bellunopress.it\/#\/schema\/person\/79bb06722b37ece1c03d3e94beb30d73","name":"r\u00e9daction","image":{"@type":"ImageObject","inLanguage":"fr-FR","@id":"https:\/\/secure.gravatar.com\/avatar\/37d968a2e67a6fd04c169c4bdef102d0bc5d31b2546345219e348575eb80e9a0?s=96&d=mm&r=g","url":"https:\/\/secure.gravatar.com\/avatar\/37d968a2e67a6fd04c169c4bdef102d0bc5d31b2546345219e348575eb80e9a0?s=96&d=mm&r=g","contentUrl":"https:\/\/secure.gravatar.com\/avatar\/37d968a2e67a6fd04c169c4bdef102d0bc5d31b2546345219e348575eb80e9a0?s=96&d=mm&r=g","caption":"redazione"},"sameAs":["http:\/\/www.bellunopress.it","https:\/\/x.com\/bellunopress"],"url":"https:\/\/www.bellunopress.it\/fr\/author\/redazione\/"}]}},"_links":{"self":[{"href":"https:\/\/www.bellunopress.it\/fr\/wp-json\/wp\/v2\/posts\/168734","targetHints":{"allow":["GET"]}}],"collection":[{"href":"https:\/\/www.bellunopress.it\/fr\/wp-json\/wp\/v2\/posts"}],"about":[{"href":"https:\/\/www.bellunopress.it\/fr\/wp-json\/wp\/v2\/types\/post"}],"author":[{"embeddable":true,"href":"https:\/\/www.bellunopress.it\/fr\/wp-json\/wp\/v2\/users\/2"}],"replies":[{"embeddable":true,"href":"https:\/\/www.bellunopress.it\/fr\/wp-json\/wp\/v2\/comments?post=168734"}],"version-history":[{"count":1,"href":"https:\/\/www.bellunopress.it\/fr\/wp-json\/wp\/v2\/posts\/168734\/revisions"}],"predecessor-version":[{"id":168735,"href":"https:\/\/www.bellunopress.it\/fr\/wp-json\/wp\/v2\/posts\/168734\/revisions\/168735"}],"wp:featuredmedia":[{"embeddable":true,"href":"https:\/\/www.bellunopress.it\/fr\/wp-json\/wp\/v2\/media\/166973"}],"wp:attachment":[{"href":"https:\/\/www.bellunopress.it\/fr\/wp-json\/wp\/v2\/media?parent=168734"}],"wp:term":[{"taxonomy":"category","embeddable":true,"href":"https:\/\/www.bellunopress.it\/fr\/wp-json\/wp\/v2\/categories?post=168734"},{"taxonomy":"post_tag","embeddable":true,"href":"https:\/\/www.bellunopress.it\/fr\/wp-json\/wp\/v2\/tags?post=168734"}],"curies":[{"name":"wp","href":"https:\/\/api.w.org\/{rel}","templated":true}]}}