{"id":168731,"date":"2026-04-02T15:20:15","date_gmt":"2026-04-02T13:20:15","guid":{"rendered":"https:\/\/www.bellunopress.it\/?p=168731"},"modified":"2026-04-02T15:20:15","modified_gmt":"2026-04-02T13:20:15","slug":"unicredit-inaugura-la-filiale-di-cortina-dampezzo","status":"publish","type":"post","link":"https:\/\/www.bellunopress.it\/fr\/2026\/04\/02\/unicredit-inaugura-la-filiale-di-cortina-dampezzo\/","title":{"rendered":"UniCredit inaugura la filiale di Cortina d\u2019Ampezzo"},"content":{"rendered":"<p>Cortina d\u2019Ampezzo, 2 aprile 2026 \u2013 Un segnale di continuit\u00e0 e innovazione nel cuore della &#8220;Perla delle Dolomiti&#8221;. UniCredit ha inaugurato ufficialmente oggi, 2 aprile 2026, la rinnovata filiale di Corso Italia 49, a Cortina d\u2019Ampezzo. Un intervento che non \u00e8 solo estetico, ma che sancisce il ruolo centrale della provincia di Belluno nelle strategie di crescita del gruppo bancario.<\/p>\n<p>La nuova sede si sviluppa su due livelli, progettati per integrare l&#8217;efficienza digitale con l&#8217;accoglienza fisica. Se da un lato i nuovi strumenti self-service permettono ai clienti di gestire le operazioni quotidiane in totale autonomia, dall&#8217;altro gli spazi sono stati ripensati per il private banking e la consulenza di alto profilo. L&#8217;obiettivo \u00e8 chiaro: liberare il tempo dei consulenti per dedicarlo ad attivit\u00e0 ad alto valore aggiunto, dove la relazione umana resta insostituibile.<\/p>\n<p>L&#8217;operazione rientra nel pi\u00f9 ampio &#8220;Piano Renewal&#8221;, che ha gi\u00e0 toccato centri come Arabba e Alano di Piave, e che ha visto il ritorno al tempo pieno (cinque giorni su cinque) per le filiali di Falcade e Auronzo di Cadore.<\/p>\n<p><strong>Numeri in crescita: +20% di credito alle imprese<\/strong><br \/>\nIl radicamento sul territorio \u00e8 supportato dai dati: UniCredit conta oggi 23 filiali nella provincia di Belluno. Nell&#8217;ultimo anno, la banca ha registrato un incremento del 20% nelle erogazioni creditizie a favore delle imprese locali. I motori di questa crescita sono i pilastri dell&#8217;economia ampezzana e bellunese:<\/p>\n<p>Turismo e ricettivit\u00e0;<\/p>\n<p>Supporto alle PMI d&#8217;eccellenza;<\/p>\n<p>Progetti di transizione energetica e internazionalizzazione.<\/p>\n<p><strong>Impegno nel sociale: droni per il soccorso e sport inclusivo<\/strong><br \/>\nL\u2019inaugurazione \u00e8 stata anche l\u2019occasione per confermare il sostegno alla comunit\u00e0 locale attraverso due donazioni significative:<\/p>\n<p>20.000 euro alla Croce Rossa Italiana per l&#8217;acquisto di un drone &#8220;ognitempo&#8221; specializzato nella ricerca di persone disperse in ambiente montano.<\/p>\n<p>15.000 euro all&#8217;Ente &#8220;The Game Never Ends ETS&#8221; di Cortina, destinati alla promozione dello sport inclusivo per atleti con disabilit\u00e0.<\/p>\n<p><strong>Le voci dei protagonisti<\/strong><br \/>\n&#8220;Il rinnovo di Cortina ci permette di offrire spazi efficienti dove la relazione umana resta al centro&#8221;, ha dichiarato Remo Taricani, Deputy Head of Italy di UniCredit. &#8220;Vogliamo essere una banca capace di accompagnare persone e imprese con semplicit\u00e0 e innovazione&#8221;.<\/p>\n<p>Soddisfazione espressa anche da Francesco Mario Iannella, Regional Manager Nord Est:\u00a0&#8220;La filiale \u00e8 stata pensata per brillare nella cornice di Cortina. Siamo orgogliosi di rafforzare la nostra presenza fisica nel Bellunese e di investire nella crescita professionale delle nostre risorse locali per rispondere alle esigenze di famiglie e imprese venete&#8221;.<\/p>","protected":false},"excerpt":{"rendered":"<p>Cortina d\u2019Ampezzo, 2 aprile 2026 \u2013 Un segnale di continuit\u00e0 e innovazione nel cuore della &#8220;Perla delle Dolomiti&#8221;. UniCredit ha inaugurato ufficialmente oggi, 2 aprile 2026, la rinnovata filiale di Corso Italia 49, a Cortina d\u2019Ampezzo. Un intervento che non \u00e8 solo estetico, ma che sancisce il ruolo centrale della provincia di Belluno nelle strategie [&hellip;]<\/p>\n","protected":false},"author":2,"featured_media":168732,"comment_status":"closed","ping_status":"open","sticky":false,"template":"","format":"standard","meta":{"footnotes":""},"categories":[5,8],"tags":[],"class_list":["post-168731","post","type-post","status-publish","format-standard","has-post-thumbnail","category-cronaca","category-societa-istituzioni"],"yoast_head":"<!-- This site is optimized with the Yoast SEO plugin v28.4 - https:\/\/yoast.com\/product\/yoast-seo-wordpress\/ -->\n<title>UniCredit inaugura la filiale di Cortina d\u2019Ampezzo - Bellunopress - Dolomiti<\/title>\n<meta name=\"robots\" content=\"index, follow, max-snippet:-1, max-image-preview:large, max-video-preview:-1\" \/>\n<link rel=\"canonical\" href=\"https:\/\/www.bellunopress.it\/fr\/2026\/04\/02\/unicredit-inaugura-la-filiale-di-cortina-dampezzo\/\" \/>\n<meta property=\"og:locale\" content=\"fr_FR\" \/>\n<meta property=\"og:type\" content=\"article\" \/>\n<meta property=\"og:title\" content=\"UniCredit inaugura la filiale di Cortina d\u2019Ampezzo - Bellunopress - Dolomiti\" \/>\n<meta property=\"og:description\" content=\"Cortina d\u2019Ampezzo, 2 aprile 2026 \u2013 Un segnale di continuit\u00e0 e innovazione nel cuore della &#8220;Perla delle Dolomiti&#8221;. UniCredit ha inaugurato ufficialmente oggi, 2 aprile 2026, la rinnovata filiale di Corso Italia 49, a Cortina d\u2019Ampezzo. Un intervento che non \u00e8 solo estetico, ma che sancisce il ruolo centrale della provincia di Belluno nelle strategie [&hellip;]\" \/>\n<meta property=\"og:url\" content=\"https:\/\/www.bellunopress.it\/fr\/2026\/04\/02\/unicredit-inaugura-la-filiale-di-cortina-dampezzo\/\" \/>\n<meta property=\"og:site_name\" content=\"Bellunopress - Dolomiti\" \/>\n<meta property=\"article:publisher\" content=\"https:\/\/www.facebook.com\/profile.php?id=100008943462799\" \/>\n<meta property=\"article:published_time\" content=\"2026-04-02T13:20:15+00:00\" \/>\n<meta property=\"og:image\" content=\"https:\/\/www.bellunopress.it\/wp-content\/uploads\/2026\/04\/Unicredit-Cortina.jpg\" \/>\n\t<meta property=\"og:image:width\" content=\"600\" \/>\n\t<meta property=\"og:image:height\" content=\"315\" \/>\n\t<meta property=\"og:image:type\" content=\"image\/jpeg\" \/>\n<meta name=\"author\" content=\"redazione\" \/>\n<meta name=\"twitter:card\" content=\"summary_large_image\" \/>\n<meta name=\"twitter:creator\" content=\"@bellunopress\" \/>\n<meta name=\"twitter:site\" content=\"@bellunopress\" \/>\n<meta name=\"twitter:label1\" content=\"\u00c9crit par\" \/>\n\t<meta name=\"twitter:data1\" content=\"redazione\" \/>\n\t<meta name=\"twitter:label2\" content=\"Dur\u00e9e de lecture estim\u00e9e\" \/>\n\t<meta name=\"twitter:data2\" content=\"2 minutes\" \/>\n<script type=\"application\/ld+json\" class=\"yoast-schema-graph\">{\"@context\":\"https:\\\/\\\/schema.org\",\"@graph\":[{\"@type\":\"Article\",\"@id\":\"https:\\\/\\\/www.bellunopress.it\\\/2026\\\/04\\\/02\\\/unicredit-inaugura-la-filiale-di-cortina-dampezzo\\\/#article\",\"isPartOf\":{\"@id\":\"https:\\\/\\\/www.bellunopress.it\\\/2026\\\/04\\\/02\\\/unicredit-inaugura-la-filiale-di-cortina-dampezzo\\\/\"},\"author\":{\"name\":\"redazione\",\"@id\":\"https:\\\/\\\/www.bellunopress.it\\\/#\\\/schema\\\/person\\\/79bb06722b37ece1c03d3e94beb30d73\"},\"headline\":\"UniCredit inaugura la filiale di Cortina d\u2019Ampezzo\",\"datePublished\":\"2026-04-02T13:20:15+00:00\",\"mainEntityOfPage\":{\"@id\":\"https:\\\/\\\/www.bellunopress.it\\\/2026\\\/04\\\/02\\\/unicredit-inaugura-la-filiale-di-cortina-dampezzo\\\/\"},\"wordCount\":410,\"publisher\":{\"@id\":\"https:\\\/\\\/www.bellunopress.it\\\/#organization\"},\"image\":{\"@id\":\"https:\\\/\\\/www.bellunopress.it\\\/2026\\\/04\\\/02\\\/unicredit-inaugura-la-filiale-di-cortina-dampezzo\\\/#primaryimage\"},\"thumbnailUrl\":\"https:\\\/\\\/www.bellunopress.it\\\/wp-content\\\/uploads\\\/2026\\\/04\\\/Unicredit-Cortina.jpg\",\"articleSection\":[\"Cronaca\\\/Politica\",\"Societ\u00e0, Associazioni, Istituzioni\"],\"inLanguage\":\"fr-FR\"},{\"@type\":\"WebPage\",\"@id\":\"https:\\\/\\\/www.bellunopress.it\\\/2026\\\/04\\\/02\\\/unicredit-inaugura-la-filiale-di-cortina-dampezzo\\\/\",\"url\":\"https:\\\/\\\/www.bellunopress.it\\\/2026\\\/04\\\/02\\\/unicredit-inaugura-la-filiale-di-cortina-dampezzo\\\/\",\"name\":\"UniCredit inaugura la filiale di Cortina d\u2019Ampezzo - Bellunopress - Dolomiti\",\"isPartOf\":{\"@id\":\"https:\\\/\\\/www.bellunopress.it\\\/#website\"},\"primaryImageOfPage\":{\"@id\":\"https:\\\/\\\/www.bellunopress.it\\\/2026\\\/04\\\/02\\\/unicredit-inaugura-la-filiale-di-cortina-dampezzo\\\/#primaryimage\"},\"image\":{\"@id\":\"https:\\\/\\\/www.bellunopress.it\\\/2026\\\/04\\\/02\\\/unicredit-inaugura-la-filiale-di-cortina-dampezzo\\\/#primaryimage\"},\"thumbnailUrl\":\"https:\\\/\\\/www.bellunopress.it\\\/wp-content\\\/uploads\\\/2026\\\/04\\\/Unicredit-Cortina.jpg\",\"datePublished\":\"2026-04-02T13:20:15+00:00\",\"breadcrumb\":{\"@id\":\"https:\\\/\\\/www.bellunopress.it\\\/2026\\\/04\\\/02\\\/unicredit-inaugura-la-filiale-di-cortina-dampezzo\\\/#breadcrumb\"},\"inLanguage\":\"fr-FR\",\"potentialAction\":[{\"@type\":\"ReadAction\",\"target\":[\"https:\\\/\\\/www.bellunopress.it\\\/2026\\\/04\\\/02\\\/unicredit-inaugura-la-filiale-di-cortina-dampezzo\\\/\"]}]},{\"@type\":\"ImageObject\",\"inLanguage\":\"fr-FR\",\"@id\":\"https:\\\/\\\/www.bellunopress.it\\\/2026\\\/04\\\/02\\\/unicredit-inaugura-la-filiale-di-cortina-dampezzo\\\/#primaryimage\",\"url\":\"https:\\\/\\\/www.bellunopress.it\\\/wp-content\\\/uploads\\\/2026\\\/04\\\/Unicredit-Cortina.jpg\",\"contentUrl\":\"https:\\\/\\\/www.bellunopress.it\\\/wp-content\\\/uploads\\\/2026\\\/04\\\/Unicredit-Cortina.jpg\",\"width\":600,\"height\":315,\"caption\":\"da sinistra nella foto: Simone Taffarello, Area Manager Retail Belluno Francesco Iannella, Regional Manager Nord Est Laura Rizzola, Head of Retail Nord Est Milena Mina Plaito, Direttrice della filiale Remo Taricani, Deputy Head of Italy\"},{\"@type\":\"BreadcrumbList\",\"@id\":\"https:\\\/\\\/www.bellunopress.it\\\/2026\\\/04\\\/02\\\/unicredit-inaugura-la-filiale-di-cortina-dampezzo\\\/#breadcrumb\",\"itemListElement\":[{\"@type\":\"ListItem\",\"position\":1,\"name\":\"Home\",\"item\":\"https:\\\/\\\/www.bellunopress.it\\\/\"},{\"@type\":\"ListItem\",\"position\":2,\"name\":\"UniCredit inaugura la filiale di Cortina d\u2019Ampezzo\"}]},{\"@type\":\"WebSite\",\"@id\":\"https:\\\/\\\/www.bellunopress.it\\\/#website\",\"url\":\"https:\\\/\\\/www.bellunopress.it\\\/\",\"name\":\"Bellunopress - Dolomiti\",\"description\":\"e-mail: redazione@bellunopress.it\",\"publisher\":{\"@id\":\"https:\\\/\\\/www.bellunopress.it\\\/#organization\"},\"potentialAction\":[{\"@type\":\"SearchAction\",\"target\":{\"@type\":\"EntryPoint\",\"urlTemplate\":\"https:\\\/\\\/www.bellunopress.it\\\/?s={search_term_string}\"},\"query-input\":{\"@type\":\"PropertyValueSpecification\",\"valueRequired\":true,\"valueName\":\"search_term_string\"}}],\"inLanguage\":\"fr-FR\"},{\"@type\":\"Organization\",\"@id\":\"https:\\\/\\\/www.bellunopress.it\\\/#organization\",\"name\":\"Bellunopress\",\"url\":\"https:\\\/\\\/www.bellunopress.it\\\/\",\"logo\":{\"@type\":\"ImageObject\",\"inLanguage\":\"fr-FR\",\"@id\":\"https:\\\/\\\/www.bellunopress.it\\\/#\\\/schema\\\/logo\\\/image\\\/\",\"url\":\"https:\\\/\\\/www.bellunopress.it\\\/wp-content\\\/uploads\\\/2011\\\/05\\\/cropped-logo-bellunopress-.jpg\",\"contentUrl\":\"https:\\\/\\\/www.bellunopress.it\\\/wp-content\\\/uploads\\\/2011\\\/05\\\/cropped-logo-bellunopress-.jpg\",\"width\":512,\"height\":512,\"caption\":\"Bellunopress\"},\"image\":{\"@id\":\"https:\\\/\\\/www.bellunopress.it\\\/#\\\/schema\\\/logo\\\/image\\\/\"},\"sameAs\":[\"https:\\\/\\\/www.facebook.com\\\/profile.php?id=100008943462799\",\"https:\\\/\\\/x.com\\\/bellunopress\",\"https:\\\/\\\/www.linkedin.com\\\/hp\\\/?dnr=JBzUWaJfMUw8vbXJJ2tVW5-I3jZKvC4wsoxE&amp;amp;amp;amp;amp;amp;trk=nav_responsive_tab_home\",\"https:\\\/\\\/www.youtube.com\\\/channel\\\/UCxL0wu1uN0_3_7hGG0306cw\"]},{\"@type\":\"Person\",\"@id\":\"https:\\\/\\\/www.bellunopress.it\\\/#\\\/schema\\\/person\\\/79bb06722b37ece1c03d3e94beb30d73\",\"name\":\"redazione\",\"image\":{\"@type\":\"ImageObject\",\"inLanguage\":\"fr-FR\",\"@id\":\"https:\\\/\\\/secure.gravatar.com\\\/avatar\\\/37d968a2e67a6fd04c169c4bdef102d0bc5d31b2546345219e348575eb80e9a0?s=96&d=mm&r=g\",\"url\":\"https:\\\/\\\/secure.gravatar.com\\\/avatar\\\/37d968a2e67a6fd04c169c4bdef102d0bc5d31b2546345219e348575eb80e9a0?s=96&d=mm&r=g\",\"contentUrl\":\"https:\\\/\\\/secure.gravatar.com\\\/avatar\\\/37d968a2e67a6fd04c169c4bdef102d0bc5d31b2546345219e348575eb80e9a0?s=96&d=mm&r=g\",\"caption\":\"redazione\"},\"sameAs\":[\"http:\\\/\\\/www.bellunopress.it\",\"https:\\\/\\\/x.com\\\/bellunopress\"],\"url\":\"https:\\\/\\\/www.bellunopress.it\\\/fr\\\/author\\\/redazione\\\/\"}]}<\/script>\n<!-- \/ Yoast SEO plugin. -->","yoast_head_json":{"title":"UniCredit inaugura la filiale di Cortina d\u2019Ampezzo - Bellunopress - Dolomiti","robots":{"index":"index","follow":"follow","max-snippet":"max-snippet:-1","max-image-preview":"max-image-preview:large","max-video-preview":"max-video-preview:-1"},"canonical":"https:\/\/www.bellunopress.it\/fr\/2026\/04\/02\/unicredit-inaugura-la-filiale-di-cortina-dampezzo\/","og_locale":"fr_FR","og_type":"article","og_title":"UniCredit inaugura la filiale di Cortina d\u2019Ampezzo - Bellunopress - Dolomiti","og_description":"Cortina d\u2019Ampezzo, 2 aprile 2026 \u2013 Un segnale di continuit\u00e0 e innovazione nel cuore della &#8220;Perla delle Dolomiti&#8221;. UniCredit ha inaugurato ufficialmente oggi, 2 aprile 2026, la rinnovata filiale di Corso Italia 49, a Cortina d\u2019Ampezzo. Un intervento che non \u00e8 solo estetico, ma che sancisce il ruolo centrale della provincia di Belluno nelle strategie [&hellip;]","og_url":"https:\/\/www.bellunopress.it\/fr\/2026\/04\/02\/unicredit-inaugura-la-filiale-di-cortina-dampezzo\/","og_site_name":"Bellunopress - Dolomiti","article_publisher":"https:\/\/www.facebook.com\/profile.php?id=100008943462799","article_published_time":"2026-04-02T13:20:15+00:00","og_image":[{"width":600,"height":315,"url":"https:\/\/www.bellunopress.it\/wp-content\/uploads\/2026\/04\/Unicredit-Cortina.jpg","type":"image\/jpeg"}],"author":"redazione","twitter_card":"summary_large_image","twitter_creator":"@bellunopress","twitter_site":"@bellunopress","twitter_misc":{"\u00c9crit par":"redazione","Dur\u00e9e de lecture estim\u00e9e":"2 minutes"},"schema":{"@context":"https:\/\/schema.org","@graph":[{"@type":"Article","@id":"https:\/\/www.bellunopress.it\/2026\/04\/02\/unicredit-inaugura-la-filiale-di-cortina-dampezzo\/#article","isPartOf":{"@id":"https:\/\/www.bellunopress.it\/2026\/04\/02\/unicredit-inaugura-la-filiale-di-cortina-dampezzo\/"},"author":{"name":"redazione","@id":"https:\/\/www.bellunopress.it\/#\/schema\/person\/79bb06722b37ece1c03d3e94beb30d73"},"headline":"UniCredit inaugura la filiale di Cortina d\u2019Ampezzo","datePublished":"2026-04-02T13:20:15+00:00","mainEntityOfPage":{"@id":"https:\/\/www.bellunopress.it\/2026\/04\/02\/unicredit-inaugura-la-filiale-di-cortina-dampezzo\/"},"wordCount":410,"publisher":{"@id":"https:\/\/www.bellunopress.it\/#organization"},"image":{"@id":"https:\/\/www.bellunopress.it\/2026\/04\/02\/unicredit-inaugura-la-filiale-di-cortina-dampezzo\/#primaryimage"},"thumbnailUrl":"https:\/\/www.bellunopress.it\/wp-content\/uploads\/2026\/04\/Unicredit-Cortina.jpg","articleSection":["Cronaca\/Politica","Societ\u00e0, Associazioni, Istituzioni"],"inLanguage":"fr-FR"},{"@type":"WebPage","@id":"https:\/\/www.bellunopress.it\/2026\/04\/02\/unicredit-inaugura-la-filiale-di-cortina-dampezzo\/","url":"https:\/\/www.bellunopress.it\/2026\/04\/02\/unicredit-inaugura-la-filiale-di-cortina-dampezzo\/","name":"UniCredit inaugura la filiale di Cortina d\u2019Ampezzo - Bellunopress - Dolomiti","isPartOf":{"@id":"https:\/\/www.bellunopress.it\/#website"},"primaryImageOfPage":{"@id":"https:\/\/www.bellunopress.it\/2026\/04\/02\/unicredit-inaugura-la-filiale-di-cortina-dampezzo\/#primaryimage"},"image":{"@id":"https:\/\/www.bellunopress.it\/2026\/04\/02\/unicredit-inaugura-la-filiale-di-cortina-dampezzo\/#primaryimage"},"thumbnailUrl":"https:\/\/www.bellunopress.it\/wp-content\/uploads\/2026\/04\/Unicredit-Cortina.jpg","datePublished":"2026-04-02T13:20:15+00:00","breadcrumb":{"@id":"https:\/\/www.bellunopress.it\/2026\/04\/02\/unicredit-inaugura-la-filiale-di-cortina-dampezzo\/#breadcrumb"},"inLanguage":"fr-FR","potentialAction":[{"@type":"ReadAction","target":["https:\/\/www.bellunopress.it\/2026\/04\/02\/unicredit-inaugura-la-filiale-di-cortina-dampezzo\/"]}]},{"@type":"ImageObject","inLanguage":"fr-FR","@id":"https:\/\/www.bellunopress.it\/2026\/04\/02\/unicredit-inaugura-la-filiale-di-cortina-dampezzo\/#primaryimage","url":"https:\/\/www.bellunopress.it\/wp-content\/uploads\/2026\/04\/Unicredit-Cortina.jpg","contentUrl":"https:\/\/www.bellunopress.it\/wp-content\/uploads\/2026\/04\/Unicredit-Cortina.jpg","width":600,"height":315,"caption":"da sinistra nella foto: Simone Taffarello, Area Manager Retail Belluno Francesco Iannella, Regional Manager Nord Est Laura Rizzola, Head of Retail Nord Est Milena Mina Plaito, Direttrice della filiale Remo Taricani, Deputy Head of Italy"},{"@type":"BreadcrumbList","@id":"https:\/\/www.bellunopress.it\/2026\/04\/02\/unicredit-inaugura-la-filiale-di-cortina-dampezzo\/#breadcrumb","itemListElement":[{"@type":"ListItem","position":1,"name":"Home","item":"https:\/\/www.bellunopress.it\/"},{"@type":"ListItem","position":2,"name":"UniCredit inaugura la filiale di Cortina d\u2019Ampezzo"}]},{"@type":"WebSite","@id":"https:\/\/www.bellunopress.it\/#website","url":"https:\/\/www.bellunopress.it\/","name":"Bellunopress - Dolomiti","description":"e-mail: redazione@bellunopress.it","publisher":{"@id":"https:\/\/www.bellunopress.it\/#organization"},"potentialAction":[{"@type":"SearchAction","target":{"@type":"EntryPoint","urlTemplate":"https:\/\/www.bellunopress.it\/?s={search_term_string}"},"query-input":{"@type":"PropertyValueSpecification","valueRequired":true,"valueName":"search_term_string"}}],"inLanguage":"fr-FR"},{"@type":"Organization","@id":"https:\/\/www.bellunopress.it\/#organization","name":"Bellunopress","url":"https:\/\/www.bellunopress.it\/","logo":{"@type":"ImageObject","inLanguage":"fr-FR","@id":"https:\/\/www.bellunopress.it\/#\/schema\/logo\/image\/","url":"https:\/\/www.bellunopress.it\/wp-content\/uploads\/2011\/05\/cropped-logo-bellunopress-.jpg","contentUrl":"https:\/\/www.bellunopress.it\/wp-content\/uploads\/2011\/05\/cropped-logo-bellunopress-.jpg","width":512,"height":512,"caption":"Bellunopress"},"image":{"@id":"https:\/\/www.bellunopress.it\/#\/schema\/logo\/image\/"},"sameAs":["https:\/\/www.facebook.com\/profile.php?id=100008943462799","https:\/\/x.com\/bellunopress","https:\/\/www.linkedin.com\/hp\/?dnr=JBzUWaJfMUw8vbXJJ2tVW5-I3jZKvC4wsoxE&amp;amp;amp;amp;amp;amp;trk=nav_responsive_tab_home","https:\/\/www.youtube.com\/channel\/UCxL0wu1uN0_3_7hGG0306cw"]},{"@type":"Person","@id":"https:\/\/www.bellunopress.it\/#\/schema\/person\/79bb06722b37ece1c03d3e94beb30d73","name":"r\u00e9daction","image":{"@type":"ImageObject","inLanguage":"fr-FR","@id":"https:\/\/secure.gravatar.com\/avatar\/37d968a2e67a6fd04c169c4bdef102d0bc5d31b2546345219e348575eb80e9a0?s=96&d=mm&r=g","url":"https:\/\/secure.gravatar.com\/avatar\/37d968a2e67a6fd04c169c4bdef102d0bc5d31b2546345219e348575eb80e9a0?s=96&d=mm&r=g","contentUrl":"https:\/\/secure.gravatar.com\/avatar\/37d968a2e67a6fd04c169c4bdef102d0bc5d31b2546345219e348575eb80e9a0?s=96&d=mm&r=g","caption":"redazione"},"sameAs":["http:\/\/www.bellunopress.it","https:\/\/x.com\/bellunopress"],"url":"https:\/\/www.bellunopress.it\/fr\/author\/redazione\/"}]}},"_links":{"self":[{"href":"https:\/\/www.bellunopress.it\/fr\/wp-json\/wp\/v2\/posts\/168731","targetHints":{"allow":["GET"]}}],"collection":[{"href":"https:\/\/www.bellunopress.it\/fr\/wp-json\/wp\/v2\/posts"}],"about":[{"href":"https:\/\/www.bellunopress.it\/fr\/wp-json\/wp\/v2\/types\/post"}],"author":[{"embeddable":true,"href":"https:\/\/www.bellunopress.it\/fr\/wp-json\/wp\/v2\/users\/2"}],"replies":[{"embeddable":true,"href":"https:\/\/www.bellunopress.it\/fr\/wp-json\/wp\/v2\/comments?post=168731"}],"version-history":[{"count":1,"href":"https:\/\/www.bellunopress.it\/fr\/wp-json\/wp\/v2\/posts\/168731\/revisions"}],"predecessor-version":[{"id":168733,"href":"https:\/\/www.bellunopress.it\/fr\/wp-json\/wp\/v2\/posts\/168731\/revisions\/168733"}],"wp:featuredmedia":[{"embeddable":true,"href":"https:\/\/www.bellunopress.it\/fr\/wp-json\/wp\/v2\/media\/168732"}],"wp:attachment":[{"href":"https:\/\/www.bellunopress.it\/fr\/wp-json\/wp\/v2\/media?parent=168731"}],"wp:term":[{"taxonomy":"category","embeddable":true,"href":"https:\/\/www.bellunopress.it\/fr\/wp-json\/wp\/v2\/categories?post=168731"},{"taxonomy":"post_tag","embeddable":true,"href":"https:\/\/www.bellunopress.it\/fr\/wp-json\/wp\/v2\/tags?post=168731"}],"curies":[{"name":"wp","href":"https:\/\/api.w.org\/{rel}","templated":true}]}}