{"id":168722,"date":"2026-04-02T09:06:27","date_gmt":"2026-04-02T07:06:27","guid":{"rendered":"https:\/\/www.bellunopress.it\/?p=168722"},"modified":"2026-04-02T09:04:21","modified_gmt":"2026-04-02T07:04:21","slug":"un-cadorino-firma-ladunata-degli-alpini-di-genova-omar-giacomelli-vince-il-concorso-per-manifesto-e-medaglia","status":"publish","type":"post","link":"https:\/\/www.bellunopress.it\/fr\/2026\/04\/02\/un-cadorino-firma-ladunata-degli-alpini-di-genova-omar-giacomelli-vince-il-concorso-per-manifesto-e-medaglia\/","title":{"rendered":"Un cadorino firma l&#8217;Adunata degli Alpini di Genova: Omar Giacomelli vince il concorso per manifesto e medaglia"},"content":{"rendered":"<p data-path-to-node=\"1\"><img loading=\"lazy\" decoding=\"async\" class=\"aligncenter size-full wp-image-168724\" src=\"https:\/\/www.bellunopress.it\/wp-content\/uploads\/2026\/04\/Medaglia-adunata-alpini.jpg\" alt=\"\" width=\"600\" height=\"300\" srcset=\"https:\/\/www.bellunopress.it\/wp-content\/uploads\/2026\/04\/Medaglia-adunata-alpini.jpg 600w, https:\/\/www.bellunopress.it\/wp-content\/uploads\/2026\/04\/Medaglia-adunata-alpini-500x250.jpg 500w, https:\/\/www.bellunopress.it\/wp-content\/uploads\/2026\/04\/Medaglia-adunata-alpini-150x75.jpg 150w, https:\/\/www.bellunopress.it\/wp-content\/uploads\/2026\/04\/Medaglia-adunata-alpini-300x150.jpg 300w\" sizes=\"auto, (max-width: 600px) 100vw, 600px\" \/> Calalzo di Cadore, 02\/04\/2026\u00a0\u2013 Sar\u00e0 il tocco di un cadorino a caratterizzare l\u2019estetica della 97\u00aa Adunata Nazionale degli Alpini, in programma a Genova il prossimo maggio. Omar Giacomelli, originario di Calalzo, si \u00e8 infatti aggiudicato il concorso per la realizzazione del manifesto e della medaglia ufficiali dell&#8217;evento.<\/p>\n<p data-path-to-node=\"2\">Un traguardo prestigioso che corona un periodo straordinario: Giacomelli \u00e8 stato recentemente protagonista anche ai Giochi Olimpici di Milano-Cortina 2026 nel ruolo di tedoforo, portando la fiamma olimpica in rappresentanza della sua terra.<\/p>\n<figure id=\"attachment_168723\" aria-describedby=\"caption-attachment-168723\" style=\"width: 500px\" class=\"wp-caption aligncenter\"><img loading=\"lazy\" decoding=\"async\" class=\"size-full wp-image-168723\" src=\"https:\/\/www.bellunopress.it\/wp-content\/uploads\/2026\/04\/Omar-Giacomelli-Afghanistan.jpg\" alt=\"\" width=\"500\" height=\"400\" srcset=\"https:\/\/www.bellunopress.it\/wp-content\/uploads\/2026\/04\/Omar-Giacomelli-Afghanistan.jpg 500w, https:\/\/www.bellunopress.it\/wp-content\/uploads\/2026\/04\/Omar-Giacomelli-Afghanistan-150x120.jpg 150w, https:\/\/www.bellunopress.it\/wp-content\/uploads\/2026\/04\/Omar-Giacomelli-Afghanistan-300x240.jpg 300w\" sizes=\"auto, (max-width: 500px) 100vw, 500px\" \/><figcaption id=\"caption-attachment-168723\" class=\"wp-caption-text\">Omar Giacomelli<\/figcaption><\/figure>\n<h3 data-path-to-node=\"3\"><b data-path-to-node=\"3\" data-index-in-node=\"0\">Una vita tra stellette e arte<\/b><\/h3>\n<p data-path-to-node=\"4\">Primo luogotenente degli Alpini in congedo dal dicembre 2024, Giacomelli vanta una carriera trentennale di altissimo profilo. Entrato nell\u2019Esercito nel 1988, ha servito nel 12\u00b0 Reggimento &#8220;Pieve di Cadore&#8221; e per quasi vent&#8217;anni al Centro Sportivo Esercito di Courmayeur. Esperto istruttore di alpinismo e specialista JTAC (coordinatore del supporto aereo), ha operato anche in ambito internazionale presso la NATO a Bruxelles.<\/p>\n<p data-path-to-node=\"5\">Nonostante gli impegni operativi, non ha mai abbandonato la passione per l&#8217;arte e la grafica, legandola indissolubilmente ai valori della montagna. Non \u00e8 la prima volta che il suo talento viene premiato dall&#8217;ANA: gi\u00e0 nel 2005 aveva firmato la medaglia per l&#8217;Adunata di Parma.<\/p>\n<h3 data-path-to-node=\"6\"><b data-path-to-node=\"6\" data-index-in-node=\"0\">Orgoglio bellunese<\/b><\/h3>\n<p data-path-to-node=\"7\">La vittoria di Giacomelli non \u00e8 solo un successo personale, ma un omaggio alle sue radici. &#8220;Essere cadorino non \u00e8 solo una provenienza, ma un modo di affrontare la vita&#8221;, si legge tra le motivazioni che celebrano il suo percorso. Con il manifesto di Genova, il Cadore torna cos\u00ec a essere protagonista del pi\u00f9 importante evento alpino nazionale, unendo tradizione militare, sensibilit\u00e0 artistica e identit\u00e0 montana.<\/p>","protected":false},"excerpt":{"rendered":"<p>Calalzo di Cadore, 02\/04\/2026\u00a0\u2013 Sar\u00e0 il tocco di un cadorino a caratterizzare l\u2019estetica della 97\u00aa Adunata Nazionale degli Alpini, in programma a Genova il prossimo maggio. Omar Giacomelli, originario di Calalzo, si \u00e8 infatti aggiudicato il concorso per la realizzazione del manifesto e della medaglia ufficiali dell&#8217;evento. Un traguardo prestigioso che corona un periodo straordinario: [&hellip;]<\/p>\n","protected":false},"author":2,"featured_media":168725,"comment_status":"closed","ping_status":"open","sticky":false,"template":"","format":"standard","meta":{"footnotes":""},"categories":[3,25],"tags":[],"class_list":["post-168722","post","type-post","status-publish","format-standard","has-post-thumbnail","category-arte-cultura-spettacoli-scienza-archivi","category-pausa-caffe"],"yoast_head":"<!-- This site is optimized with the Yoast SEO plugin v28.4 - https:\/\/yoast.com\/product\/yoast-seo-wordpress\/ -->\n<title>Un cadorino firma l&#039;Adunata degli Alpini di Genova: Omar Giacomelli vince il concorso per manifesto e medaglia - Bellunopress - Dolomiti<\/title>\n<meta name=\"robots\" content=\"index, follow, max-snippet:-1, max-image-preview:large, max-video-preview:-1\" \/>\n<link rel=\"canonical\" href=\"https:\/\/www.bellunopress.it\/fr\/2026\/04\/02\/un-cadorino-firma-ladunata-degli-alpini-di-genova-omar-giacomelli-vince-il-concorso-per-manifesto-e-medaglia\/\" \/>\n<meta property=\"og:locale\" content=\"fr_FR\" \/>\n<meta property=\"og:type\" content=\"article\" \/>\n<meta property=\"og:title\" content=\"Un cadorino firma l&#039;Adunata degli Alpini di Genova: Omar Giacomelli vince il concorso per manifesto e medaglia - Bellunopress - Dolomiti\" \/>\n<meta property=\"og:description\" content=\"Calalzo di Cadore, 02\/04\/2026\u00a0\u2013 Sar\u00e0 il tocco di un cadorino a caratterizzare l\u2019estetica della 97\u00aa Adunata Nazionale degli Alpini, in programma a Genova il prossimo maggio. Omar Giacomelli, originario di Calalzo, si \u00e8 infatti aggiudicato il concorso per la realizzazione del manifesto e della medaglia ufficiali dell&#8217;evento. Un traguardo prestigioso che corona un periodo straordinario: [&hellip;]\" \/>\n<meta property=\"og:url\" content=\"https:\/\/www.bellunopress.it\/fr\/2026\/04\/02\/un-cadorino-firma-ladunata-degli-alpini-di-genova-omar-giacomelli-vince-il-concorso-per-manifesto-e-medaglia\/\" \/>\n<meta property=\"og:site_name\" content=\"Bellunopress - Dolomiti\" \/>\n<meta property=\"article:publisher\" content=\"https:\/\/www.facebook.com\/profile.php?id=100008943462799\" \/>\n<meta property=\"article:published_time\" content=\"2026-04-02T07:06:27+00:00\" \/>\n<meta property=\"og:image\" content=\"https:\/\/www.bellunopress.it\/wp-content\/uploads\/2026\/04\/97-adunata-alpini-genova.jpg\" \/>\n\t<meta property=\"og:image:width\" content=\"349\" \/>\n\t<meta property=\"og:image:height\" content=\"500\" \/>\n\t<meta property=\"og:image:type\" content=\"image\/jpeg\" \/>\n<meta name=\"author\" content=\"redazione\" \/>\n<meta name=\"twitter:card\" content=\"summary_large_image\" \/>\n<meta name=\"twitter:creator\" content=\"@bellunopress\" \/>\n<meta name=\"twitter:site\" content=\"@bellunopress\" \/>\n<meta name=\"twitter:label1\" content=\"\u00c9crit par\" \/>\n\t<meta name=\"twitter:data1\" content=\"redazione\" \/>\n\t<meta name=\"twitter:label2\" content=\"Dur\u00e9e de lecture estim\u00e9e\" \/>\n\t<meta name=\"twitter:data2\" content=\"1 minute\" \/>\n<script type=\"application\/ld+json\" class=\"yoast-schema-graph\">{\"@context\":\"https:\\\/\\\/schema.org\",\"@graph\":[{\"@type\":\"Article\",\"@id\":\"https:\\\/\\\/www.bellunopress.it\\\/2026\\\/04\\\/02\\\/un-cadorino-firma-ladunata-degli-alpini-di-genova-omar-giacomelli-vince-il-concorso-per-manifesto-e-medaglia\\\/#article\",\"isPartOf\":{\"@id\":\"https:\\\/\\\/www.bellunopress.it\\\/2026\\\/04\\\/02\\\/un-cadorino-firma-ladunata-degli-alpini-di-genova-omar-giacomelli-vince-il-concorso-per-manifesto-e-medaglia\\\/\"},\"author\":{\"name\":\"redazione\",\"@id\":\"https:\\\/\\\/www.bellunopress.it\\\/#\\\/schema\\\/person\\\/79bb06722b37ece1c03d3e94beb30d73\"},\"headline\":\"Un cadorino firma l&#8217;Adunata degli Alpini di Genova: Omar Giacomelli vince il concorso per manifesto e medaglia\",\"datePublished\":\"2026-04-02T07:06:27+00:00\",\"mainEntityOfPage\":{\"@id\":\"https:\\\/\\\/www.bellunopress.it\\\/2026\\\/04\\\/02\\\/un-cadorino-firma-ladunata-degli-alpini-di-genova-omar-giacomelli-vince-il-concorso-per-manifesto-e-medaglia\\\/\"},\"wordCount\":281,\"publisher\":{\"@id\":\"https:\\\/\\\/www.bellunopress.it\\\/#organization\"},\"image\":{\"@id\":\"https:\\\/\\\/www.bellunopress.it\\\/2026\\\/04\\\/02\\\/un-cadorino-firma-ladunata-degli-alpini-di-genova-omar-giacomelli-vince-il-concorso-per-manifesto-e-medaglia\\\/#primaryimage\"},\"thumbnailUrl\":\"https:\\\/\\\/www.bellunopress.it\\\/wp-content\\\/uploads\\\/2026\\\/04\\\/97-adunata-alpini-genova.jpg\",\"articleSection\":[\"Arte, Cultura, Spettacoli, Scienza\",\"Pausa Caff\u00e8\"],\"inLanguage\":\"fr-FR\"},{\"@type\":\"WebPage\",\"@id\":\"https:\\\/\\\/www.bellunopress.it\\\/2026\\\/04\\\/02\\\/un-cadorino-firma-ladunata-degli-alpini-di-genova-omar-giacomelli-vince-il-concorso-per-manifesto-e-medaglia\\\/\",\"url\":\"https:\\\/\\\/www.bellunopress.it\\\/2026\\\/04\\\/02\\\/un-cadorino-firma-ladunata-degli-alpini-di-genova-omar-giacomelli-vince-il-concorso-per-manifesto-e-medaglia\\\/\",\"name\":\"Un cadorino firma l'Adunata degli Alpini di Genova: Omar Giacomelli vince il concorso per manifesto e medaglia - Bellunopress - Dolomiti\",\"isPartOf\":{\"@id\":\"https:\\\/\\\/www.bellunopress.it\\\/#website\"},\"primaryImageOfPage\":{\"@id\":\"https:\\\/\\\/www.bellunopress.it\\\/2026\\\/04\\\/02\\\/un-cadorino-firma-ladunata-degli-alpini-di-genova-omar-giacomelli-vince-il-concorso-per-manifesto-e-medaglia\\\/#primaryimage\"},\"image\":{\"@id\":\"https:\\\/\\\/www.bellunopress.it\\\/2026\\\/04\\\/02\\\/un-cadorino-firma-ladunata-degli-alpini-di-genova-omar-giacomelli-vince-il-concorso-per-manifesto-e-medaglia\\\/#primaryimage\"},\"thumbnailUrl\":\"https:\\\/\\\/www.bellunopress.it\\\/wp-content\\\/uploads\\\/2026\\\/04\\\/97-adunata-alpini-genova.jpg\",\"datePublished\":\"2026-04-02T07:06:27+00:00\",\"breadcrumb\":{\"@id\":\"https:\\\/\\\/www.bellunopress.it\\\/2026\\\/04\\\/02\\\/un-cadorino-firma-ladunata-degli-alpini-di-genova-omar-giacomelli-vince-il-concorso-per-manifesto-e-medaglia\\\/#breadcrumb\"},\"inLanguage\":\"fr-FR\",\"potentialAction\":[{\"@type\":\"ReadAction\",\"target\":[\"https:\\\/\\\/www.bellunopress.it\\\/2026\\\/04\\\/02\\\/un-cadorino-firma-ladunata-degli-alpini-di-genova-omar-giacomelli-vince-il-concorso-per-manifesto-e-medaglia\\\/\"]}]},{\"@type\":\"ImageObject\",\"inLanguage\":\"fr-FR\",\"@id\":\"https:\\\/\\\/www.bellunopress.it\\\/2026\\\/04\\\/02\\\/un-cadorino-firma-ladunata-degli-alpini-di-genova-omar-giacomelli-vince-il-concorso-per-manifesto-e-medaglia\\\/#primaryimage\",\"url\":\"https:\\\/\\\/www.bellunopress.it\\\/wp-content\\\/uploads\\\/2026\\\/04\\\/97-adunata-alpini-genova.jpg\",\"contentUrl\":\"https:\\\/\\\/www.bellunopress.it\\\/wp-content\\\/uploads\\\/2026\\\/04\\\/97-adunata-alpini-genova.jpg\",\"width\":349,\"height\":500},{\"@type\":\"BreadcrumbList\",\"@id\":\"https:\\\/\\\/www.bellunopress.it\\\/2026\\\/04\\\/02\\\/un-cadorino-firma-ladunata-degli-alpini-di-genova-omar-giacomelli-vince-il-concorso-per-manifesto-e-medaglia\\\/#breadcrumb\",\"itemListElement\":[{\"@type\":\"ListItem\",\"position\":1,\"name\":\"Home\",\"item\":\"https:\\\/\\\/www.bellunopress.it\\\/\"},{\"@type\":\"ListItem\",\"position\":2,\"name\":\"Un cadorino firma l&#8217;Adunata degli Alpini di Genova: Omar Giacomelli vince il concorso per manifesto e medaglia\"}]},{\"@type\":\"WebSite\",\"@id\":\"https:\\\/\\\/www.bellunopress.it\\\/#website\",\"url\":\"https:\\\/\\\/www.bellunopress.it\\\/\",\"name\":\"Bellunopress - Dolomiti\",\"description\":\"e-mail: redazione@bellunopress.it\",\"publisher\":{\"@id\":\"https:\\\/\\\/www.bellunopress.it\\\/#organization\"},\"potentialAction\":[{\"@type\":\"SearchAction\",\"target\":{\"@type\":\"EntryPoint\",\"urlTemplate\":\"https:\\\/\\\/www.bellunopress.it\\\/?s={search_term_string}\"},\"query-input\":{\"@type\":\"PropertyValueSpecification\",\"valueRequired\":true,\"valueName\":\"search_term_string\"}}],\"inLanguage\":\"fr-FR\"},{\"@type\":\"Organization\",\"@id\":\"https:\\\/\\\/www.bellunopress.it\\\/#organization\",\"name\":\"Bellunopress\",\"url\":\"https:\\\/\\\/www.bellunopress.it\\\/\",\"logo\":{\"@type\":\"ImageObject\",\"inLanguage\":\"fr-FR\",\"@id\":\"https:\\\/\\\/www.bellunopress.it\\\/#\\\/schema\\\/logo\\\/image\\\/\",\"url\":\"https:\\\/\\\/www.bellunopress.it\\\/wp-content\\\/uploads\\\/2011\\\/05\\\/cropped-logo-bellunopress-.jpg\",\"contentUrl\":\"https:\\\/\\\/www.bellunopress.it\\\/wp-content\\\/uploads\\\/2011\\\/05\\\/cropped-logo-bellunopress-.jpg\",\"width\":512,\"height\":512,\"caption\":\"Bellunopress\"},\"image\":{\"@id\":\"https:\\\/\\\/www.bellunopress.it\\\/#\\\/schema\\\/logo\\\/image\\\/\"},\"sameAs\":[\"https:\\\/\\\/www.facebook.com\\\/profile.php?id=100008943462799\",\"https:\\\/\\\/x.com\\\/bellunopress\",\"https:\\\/\\\/www.linkedin.com\\\/hp\\\/?dnr=JBzUWaJfMUw8vbXJJ2tVW5-I3jZKvC4wsoxE&amp;amp;amp;amp;amp;amp;trk=nav_responsive_tab_home\",\"https:\\\/\\\/www.youtube.com\\\/channel\\\/UCxL0wu1uN0_3_7hGG0306cw\"]},{\"@type\":\"Person\",\"@id\":\"https:\\\/\\\/www.bellunopress.it\\\/#\\\/schema\\\/person\\\/79bb06722b37ece1c03d3e94beb30d73\",\"name\":\"redazione\",\"image\":{\"@type\":\"ImageObject\",\"inLanguage\":\"fr-FR\",\"@id\":\"https:\\\/\\\/secure.gravatar.com\\\/avatar\\\/37d968a2e67a6fd04c169c4bdef102d0bc5d31b2546345219e348575eb80e9a0?s=96&d=mm&r=g\",\"url\":\"https:\\\/\\\/secure.gravatar.com\\\/avatar\\\/37d968a2e67a6fd04c169c4bdef102d0bc5d31b2546345219e348575eb80e9a0?s=96&d=mm&r=g\",\"contentUrl\":\"https:\\\/\\\/secure.gravatar.com\\\/avatar\\\/37d968a2e67a6fd04c169c4bdef102d0bc5d31b2546345219e348575eb80e9a0?s=96&d=mm&r=g\",\"caption\":\"redazione\"},\"sameAs\":[\"http:\\\/\\\/www.bellunopress.it\",\"https:\\\/\\\/x.com\\\/bellunopress\"],\"url\":\"https:\\\/\\\/www.bellunopress.it\\\/fr\\\/author\\\/redazione\\\/\"}]}<\/script>\n<!-- \/ Yoast SEO plugin. -->","yoast_head_json":{"title":"Un cadorino firma l'Adunata degli Alpini di Genova: Omar Giacomelli vince il concorso per manifesto e medaglia - Bellunopress - Dolomiti","robots":{"index":"index","follow":"follow","max-snippet":"max-snippet:-1","max-image-preview":"max-image-preview:large","max-video-preview":"max-video-preview:-1"},"canonical":"https:\/\/www.bellunopress.it\/fr\/2026\/04\/02\/un-cadorino-firma-ladunata-degli-alpini-di-genova-omar-giacomelli-vince-il-concorso-per-manifesto-e-medaglia\/","og_locale":"fr_FR","og_type":"article","og_title":"Un cadorino firma l'Adunata degli Alpini di Genova: Omar Giacomelli vince il concorso per manifesto e medaglia - Bellunopress - Dolomiti","og_description":"Calalzo di Cadore, 02\/04\/2026\u00a0\u2013 Sar\u00e0 il tocco di un cadorino a caratterizzare l\u2019estetica della 97\u00aa Adunata Nazionale degli Alpini, in programma a Genova il prossimo maggio. Omar Giacomelli, originario di Calalzo, si \u00e8 infatti aggiudicato il concorso per la realizzazione del manifesto e della medaglia ufficiali dell&#8217;evento. Un traguardo prestigioso che corona un periodo straordinario: [&hellip;]","og_url":"https:\/\/www.bellunopress.it\/fr\/2026\/04\/02\/un-cadorino-firma-ladunata-degli-alpini-di-genova-omar-giacomelli-vince-il-concorso-per-manifesto-e-medaglia\/","og_site_name":"Bellunopress - Dolomiti","article_publisher":"https:\/\/www.facebook.com\/profile.php?id=100008943462799","article_published_time":"2026-04-02T07:06:27+00:00","og_image":[{"width":349,"height":500,"url":"https:\/\/www.bellunopress.it\/wp-content\/uploads\/2026\/04\/97-adunata-alpini-genova.jpg","type":"image\/jpeg"}],"author":"redazione","twitter_card":"summary_large_image","twitter_creator":"@bellunopress","twitter_site":"@bellunopress","twitter_misc":{"\u00c9crit par":"redazione","Dur\u00e9e de lecture estim\u00e9e":"1 minute"},"schema":{"@context":"https:\/\/schema.org","@graph":[{"@type":"Article","@id":"https:\/\/www.bellunopress.it\/2026\/04\/02\/un-cadorino-firma-ladunata-degli-alpini-di-genova-omar-giacomelli-vince-il-concorso-per-manifesto-e-medaglia\/#article","isPartOf":{"@id":"https:\/\/www.bellunopress.it\/2026\/04\/02\/un-cadorino-firma-ladunata-degli-alpini-di-genova-omar-giacomelli-vince-il-concorso-per-manifesto-e-medaglia\/"},"author":{"name":"redazione","@id":"https:\/\/www.bellunopress.it\/#\/schema\/person\/79bb06722b37ece1c03d3e94beb30d73"},"headline":"Un cadorino firma l&#8217;Adunata degli Alpini di Genova: Omar Giacomelli vince il concorso per manifesto e medaglia","datePublished":"2026-04-02T07:06:27+00:00","mainEntityOfPage":{"@id":"https:\/\/www.bellunopress.it\/2026\/04\/02\/un-cadorino-firma-ladunata-degli-alpini-di-genova-omar-giacomelli-vince-il-concorso-per-manifesto-e-medaglia\/"},"wordCount":281,"publisher":{"@id":"https:\/\/www.bellunopress.it\/#organization"},"image":{"@id":"https:\/\/www.bellunopress.it\/2026\/04\/02\/un-cadorino-firma-ladunata-degli-alpini-di-genova-omar-giacomelli-vince-il-concorso-per-manifesto-e-medaglia\/#primaryimage"},"thumbnailUrl":"https:\/\/www.bellunopress.it\/wp-content\/uploads\/2026\/04\/97-adunata-alpini-genova.jpg","articleSection":["Arte, Cultura, Spettacoli, Scienza","Pausa Caff\u00e8"],"inLanguage":"fr-FR"},{"@type":"WebPage","@id":"https:\/\/www.bellunopress.it\/2026\/04\/02\/un-cadorino-firma-ladunata-degli-alpini-di-genova-omar-giacomelli-vince-il-concorso-per-manifesto-e-medaglia\/","url":"https:\/\/www.bellunopress.it\/2026\/04\/02\/un-cadorino-firma-ladunata-degli-alpini-di-genova-omar-giacomelli-vince-il-concorso-per-manifesto-e-medaglia\/","name":"Un cadorino firma l'Adunata degli Alpini di Genova: Omar Giacomelli vince il concorso per manifesto e medaglia - Bellunopress - Dolomiti","isPartOf":{"@id":"https:\/\/www.bellunopress.it\/#website"},"primaryImageOfPage":{"@id":"https:\/\/www.bellunopress.it\/2026\/04\/02\/un-cadorino-firma-ladunata-degli-alpini-di-genova-omar-giacomelli-vince-il-concorso-per-manifesto-e-medaglia\/#primaryimage"},"image":{"@id":"https:\/\/www.bellunopress.it\/2026\/04\/02\/un-cadorino-firma-ladunata-degli-alpini-di-genova-omar-giacomelli-vince-il-concorso-per-manifesto-e-medaglia\/#primaryimage"},"thumbnailUrl":"https:\/\/www.bellunopress.it\/wp-content\/uploads\/2026\/04\/97-adunata-alpini-genova.jpg","datePublished":"2026-04-02T07:06:27+00:00","breadcrumb":{"@id":"https:\/\/www.bellunopress.it\/2026\/04\/02\/un-cadorino-firma-ladunata-degli-alpini-di-genova-omar-giacomelli-vince-il-concorso-per-manifesto-e-medaglia\/#breadcrumb"},"inLanguage":"fr-FR","potentialAction":[{"@type":"ReadAction","target":["https:\/\/www.bellunopress.it\/2026\/04\/02\/un-cadorino-firma-ladunata-degli-alpini-di-genova-omar-giacomelli-vince-il-concorso-per-manifesto-e-medaglia\/"]}]},{"@type":"ImageObject","inLanguage":"fr-FR","@id":"https:\/\/www.bellunopress.it\/2026\/04\/02\/un-cadorino-firma-ladunata-degli-alpini-di-genova-omar-giacomelli-vince-il-concorso-per-manifesto-e-medaglia\/#primaryimage","url":"https:\/\/www.bellunopress.it\/wp-content\/uploads\/2026\/04\/97-adunata-alpini-genova.jpg","contentUrl":"https:\/\/www.bellunopress.it\/wp-content\/uploads\/2026\/04\/97-adunata-alpini-genova.jpg","width":349,"height":500},{"@type":"BreadcrumbList","@id":"https:\/\/www.bellunopress.it\/2026\/04\/02\/un-cadorino-firma-ladunata-degli-alpini-di-genova-omar-giacomelli-vince-il-concorso-per-manifesto-e-medaglia\/#breadcrumb","itemListElement":[{"@type":"ListItem","position":1,"name":"Home","item":"https:\/\/www.bellunopress.it\/"},{"@type":"ListItem","position":2,"name":"Un cadorino firma l&#8217;Adunata degli Alpini di Genova: Omar Giacomelli vince il concorso per manifesto e medaglia"}]},{"@type":"WebSite","@id":"https:\/\/www.bellunopress.it\/#website","url":"https:\/\/www.bellunopress.it\/","name":"Bellunopress - Dolomiti","description":"e-mail: redazione@bellunopress.it","publisher":{"@id":"https:\/\/www.bellunopress.it\/#organization"},"potentialAction":[{"@type":"SearchAction","target":{"@type":"EntryPoint","urlTemplate":"https:\/\/www.bellunopress.it\/?s={search_term_string}"},"query-input":{"@type":"PropertyValueSpecification","valueRequired":true,"valueName":"search_term_string"}}],"inLanguage":"fr-FR"},{"@type":"Organization","@id":"https:\/\/www.bellunopress.it\/#organization","name":"Bellunopress","url":"https:\/\/www.bellunopress.it\/","logo":{"@type":"ImageObject","inLanguage":"fr-FR","@id":"https:\/\/www.bellunopress.it\/#\/schema\/logo\/image\/","url":"https:\/\/www.bellunopress.it\/wp-content\/uploads\/2011\/05\/cropped-logo-bellunopress-.jpg","contentUrl":"https:\/\/www.bellunopress.it\/wp-content\/uploads\/2011\/05\/cropped-logo-bellunopress-.jpg","width":512,"height":512,"caption":"Bellunopress"},"image":{"@id":"https:\/\/www.bellunopress.it\/#\/schema\/logo\/image\/"},"sameAs":["https:\/\/www.facebook.com\/profile.php?id=100008943462799","https:\/\/x.com\/bellunopress","https:\/\/www.linkedin.com\/hp\/?dnr=JBzUWaJfMUw8vbXJJ2tVW5-I3jZKvC4wsoxE&amp;amp;amp;amp;amp;amp;trk=nav_responsive_tab_home","https:\/\/www.youtube.com\/channel\/UCxL0wu1uN0_3_7hGG0306cw"]},{"@type":"Person","@id":"https:\/\/www.bellunopress.it\/#\/schema\/person\/79bb06722b37ece1c03d3e94beb30d73","name":"r\u00e9daction","image":{"@type":"ImageObject","inLanguage":"fr-FR","@id":"https:\/\/secure.gravatar.com\/avatar\/37d968a2e67a6fd04c169c4bdef102d0bc5d31b2546345219e348575eb80e9a0?s=96&d=mm&r=g","url":"https:\/\/secure.gravatar.com\/avatar\/37d968a2e67a6fd04c169c4bdef102d0bc5d31b2546345219e348575eb80e9a0?s=96&d=mm&r=g","contentUrl":"https:\/\/secure.gravatar.com\/avatar\/37d968a2e67a6fd04c169c4bdef102d0bc5d31b2546345219e348575eb80e9a0?s=96&d=mm&r=g","caption":"redazione"},"sameAs":["http:\/\/www.bellunopress.it","https:\/\/x.com\/bellunopress"],"url":"https:\/\/www.bellunopress.it\/fr\/author\/redazione\/"}]}},"_links":{"self":[{"href":"https:\/\/www.bellunopress.it\/fr\/wp-json\/wp\/v2\/posts\/168722","targetHints":{"allow":["GET"]}}],"collection":[{"href":"https:\/\/www.bellunopress.it\/fr\/wp-json\/wp\/v2\/posts"}],"about":[{"href":"https:\/\/www.bellunopress.it\/fr\/wp-json\/wp\/v2\/types\/post"}],"author":[{"embeddable":true,"href":"https:\/\/www.bellunopress.it\/fr\/wp-json\/wp\/v2\/users\/2"}],"replies":[{"embeddable":true,"href":"https:\/\/www.bellunopress.it\/fr\/wp-json\/wp\/v2\/comments?post=168722"}],"version-history":[{"count":1,"href":"https:\/\/www.bellunopress.it\/fr\/wp-json\/wp\/v2\/posts\/168722\/revisions"}],"predecessor-version":[{"id":168726,"href":"https:\/\/www.bellunopress.it\/fr\/wp-json\/wp\/v2\/posts\/168722\/revisions\/168726"}],"wp:featuredmedia":[{"embeddable":true,"href":"https:\/\/www.bellunopress.it\/fr\/wp-json\/wp\/v2\/media\/168725"}],"wp:attachment":[{"href":"https:\/\/www.bellunopress.it\/fr\/wp-json\/wp\/v2\/media?parent=168722"}],"wp:term":[{"taxonomy":"category","embeddable":true,"href":"https:\/\/www.bellunopress.it\/fr\/wp-json\/wp\/v2\/categories?post=168722"},{"taxonomy":"post_tag","embeddable":true,"href":"https:\/\/www.bellunopress.it\/fr\/wp-json\/wp\/v2\/tags?post=168722"}],"curies":[{"name":"wp","href":"https:\/\/api.w.org\/{rel}","templated":true}]}}