{"id":168710,"date":"2026-04-05T20:10:27","date_gmt":"2026-04-05T18:10:27","guid":{"rendered":"https:\/\/www.bellunopress.it\/?p=168710"},"modified":"2026-04-01T20:18:18","modified_gmt":"2026-04-01T18:18:18","slug":"finanza-armata-e-nuovi-arsenali-a-belluno-il-convegno-sulla-via-europea-alla-guerra","status":"publish","type":"post","link":"https:\/\/www.bellunopress.it\/fr\/2026\/04\/05\/finanza-armata-e-nuovi-arsenali-a-belluno-il-convegno-sulla-via-europea-alla-guerra\/","title":{"rendered":"Finanza armata e nuovi arsenali: a Belluno il convegno sulla &#8220;via europea alla guerra&#8221;"},"content":{"rendered":"<p data-path-to-node=\"3\"><b data-path-to-node=\"3\" data-index-in-node=\"0\">Gioved\u00ec 9 aprile, esperti e associazioni si confrontano sul vertiginoso aumento della spesa militare e sul ruolo dei mercati finanziari nel riarmo strutturale dell&#8217;UE.<\/b><\/p>\n<p id=\"p-rc_8957c5fe2d49f8b2-19\" data-path-to-node=\"4\">Belluno\u00a0\u2013 Mentre il panorama internazionale appare sempre pi\u00f9 dominato dalla logica delle armi, un folto cartello di associazioni bellunesi lancia un momento di riflessione critica sul &#8220;cambio di paradigma&#8221; che sta trasformando l&#8217;economia e la societ\u00e0 europea. <span class=\"citation-31\">Gioved\u00ec 9 aprile 2026<\/span><span class=\"citation-31\">, alle ore <\/span><span class=\"citation-31\">20:15<\/span><span class=\"citation-31\">, la <\/span><span class=\"citation-31\">Sala Eliseo Dal Pont &#8220;Bianchi&#8221;<\/span><span class=\"citation-31\"> in viale Fantuzzi ospiter\u00e0 la conferenza dal titolo: <\/span><span class=\"citation-31\">&#8220;FINANZA ARMATA E RIARMO: la via europea alla guerra&#8221;<\/span>.<\/p>\n<div class=\"source-inline-chip-container ng-star-inserted\"><\/div>\n<h3 data-path-to-node=\"5\">I numeri del riarmo: 800 miliardi entro il 2030<\/h3>\n<p data-path-to-node=\"6\">L&#8217;appuntamento nasce dall&#8217;esigenza di analizzare dati senza precedenti: i Paesi dell&#8217;Unione Europea hanno approvato un piano di investimenti militari da 800 miliardi di euro entro il 2030. Una cifra che si inserisce nel contesto NATO, i cui Stati membri si preparano a spendere 6.800 miliardi di euro nei prossimi dieci anni. Si tratta di un impegno economico 10 volte superiore a quanto stanziato globalmente per il contrasto al cambiamento climatico, segnando il passaggio a un &#8220;riarmo strutturale&#8221; che influenza norme, finanza e informazione.<\/p>\n<h3 data-path-to-node=\"7\">Il ruolo dei mercati e della &#8220;finanza etica&#8221;<\/h3>\n<p data-path-to-node=\"8\">Uno dei nodi centrali del dibattito riguarder\u00e0 il coinvolgimento dei grandi fondi d&#8217;investimento (come BlackRock), banche e assicurazioni nella produzione di armamenti. Il paradosso evidenziato dagli organizzatori \u00e8 che spesso i risparmi dei cittadini finiscono in fondi classificati come &#8220;sostenibili&#8221; (ESG) che per\u00f2 includono produttori di armi, persino nucleari o al fosforo bianco.<\/p>\n<h3 data-path-to-node=\"9\">Gli interventi<\/h3>\n<p data-path-to-node=\"10\">La serata, moderata e animata da esperti del settore, vedr\u00e0 tre relazioni principali:<\/p>\n<p><span class=\"citation-30\">Simone Siliani<\/span><span class=\"citation-30\"> (Direttore Fondazione Finanza Etica): approfondir\u00e0 il legame tra mercati finanziari, guerra e le alternative offerte dalla finanza etica<\/span>.<\/p>\n<p id=\"p-rc_8957c5fe2d49f8b2-21\" data-path-to-node=\"11,1,1\"><span class=\"citation-29\">Paolo Valenti<\/span><span class=\"citation-29\"> (Giornalista de <\/span><i data-path-to-node=\"11,1,1,0\" data-index-in-node=\"30\"><span class=\"citation-29\">lavialibera<\/span><\/i><span class=\"citation-29\">): analizzer\u00e0 l&#8217;impatto economico e sociale del riarmo, con particolare attenzione ai tagli alla spesa sociale (sanit\u00e0, istruzione) che ne derivano<\/span>.<\/p>\n<p id=\"p-rc_8957c5fe2d49f8b2-22\" data-path-to-node=\"11,2,1\"><span class=\"citation-28\">Elena Ciccarello<\/span><span class=\"citation-28\"> (Direttrice de <\/span><i data-path-to-node=\"11,2,1,0\" data-index-in-node=\"32\"><span class=\"citation-28\">lavialibera<\/span><\/i><span class=\"citation-28\">): interverr\u00e0 sul delicato tema delle &#8220;universit\u00e0 al servizio del riarmo&#8221;, esplorando la militarizzazione della ricerca civile<\/span>.<\/p>\n<p><strong>Una rete per la pace<\/strong><\/p>\n<p><span data-path-to-node=\"13,1\"><span class=\"citation-27\">L&#8217;evento \u00e8 promosso da una vasta rete di realt\u00e0 locali, a dimostrazione della trasversalit\u00e0 del tema: <\/span><span class=\"citation-27\">Acli, ANPI, Insieme si pu\u00f2, AVS, CGIL, FIOM, Gas El Ceston, Banca Etica (GIT BL-TV), Libera, M5S, Pace &amp; Disarmo, Samarcanda e SPI-Cgil<\/span><\/span>.<\/p>\n<p>\u00abLa via della pace deve partire dalla razionalit\u00e0 e dalla diplomazia\u00bb, spiegano i promotori, invitando la cittadinanza a interrogarsi su cosa possano fare i cittadini di fronte a una deriva che sembra privilegiare il profitto bellico alla sicurezza comune e alla dignit\u00e0 dei popoli.<\/p>\n<p>L&#8217;incontro di Belluno sar\u00e0 replicato il giorno successivo a Treviso.<\/p>","protected":false},"excerpt":{"rendered":"<p>Gioved\u00ec 9 aprile, esperti e associazioni si confrontano sul vertiginoso aumento della spesa militare e sul ruolo dei mercati finanziari nel riarmo strutturale dell&#8217;UE. Belluno\u00a0\u2013 Mentre il panorama internazionale appare sempre pi\u00f9 dominato dalla logica delle armi, un folto cartello di associazioni bellunesi lancia un momento di riflessione critica sul &#8220;cambio di paradigma&#8221; che sta [&hellip;]<\/p>\n","protected":false},"author":2,"featured_media":168711,"comment_status":"closed","ping_status":"open","sticky":false,"template":"","format":"standard","meta":{"footnotes":""},"categories":[27,25],"tags":[],"class_list":["post-168710","post","type-post","status-publish","format-standard","has-post-thumbnail","category-appuntamenti","category-pausa-caffe"],"yoast_head":"<!-- This site is optimized with the Yoast SEO plugin v28.4 - https:\/\/yoast.com\/product\/yoast-seo-wordpress\/ -->\n<title>Finanza armata e nuovi arsenali: a Belluno il convegno sulla &quot;via europea alla guerra&quot; - Bellunopress - Dolomiti<\/title>\n<meta name=\"robots\" content=\"index, follow, max-snippet:-1, max-image-preview:large, max-video-preview:-1\" \/>\n<link rel=\"canonical\" href=\"https:\/\/www.bellunopress.it\/fr\/2026\/04\/05\/finanza-armata-e-nuovi-arsenali-a-belluno-il-convegno-sulla-via-europea-alla-guerra\/\" \/>\n<meta property=\"og:locale\" content=\"fr_FR\" \/>\n<meta property=\"og:type\" content=\"article\" \/>\n<meta property=\"og:title\" content=\"Finanza armata e nuovi arsenali: a Belluno il convegno sulla &quot;via europea alla guerra&quot; - Bellunopress - Dolomiti\" \/>\n<meta property=\"og:description\" content=\"Gioved\u00ec 9 aprile, esperti e associazioni si confrontano sul vertiginoso aumento della spesa militare e sul ruolo dei mercati finanziari nel riarmo strutturale dell&#8217;UE. Belluno\u00a0\u2013 Mentre il panorama internazionale appare sempre pi\u00f9 dominato dalla logica delle armi, un folto cartello di associazioni bellunesi lancia un momento di riflessione critica sul &#8220;cambio di paradigma&#8221; che sta [&hellip;]\" \/>\n<meta property=\"og:url\" content=\"https:\/\/www.bellunopress.it\/fr\/2026\/04\/05\/finanza-armata-e-nuovi-arsenali-a-belluno-il-convegno-sulla-via-europea-alla-guerra\/\" \/>\n<meta property=\"og:site_name\" content=\"Bellunopress - Dolomiti\" \/>\n<meta property=\"article:publisher\" content=\"https:\/\/www.facebook.com\/profile.php?id=100008943462799\" \/>\n<meta property=\"article:published_time\" content=\"2026-04-05T18:10:27+00:00\" \/>\n<meta property=\"og:image\" content=\"https:\/\/www.bellunopress.it\/wp-content\/uploads\/2026\/04\/Finanza-armata-e-riarmo.jpg\" \/>\n\t<meta property=\"og:image:width\" content=\"434\" \/>\n\t<meta property=\"og:image:height\" content=\"600\" \/>\n\t<meta property=\"og:image:type\" content=\"image\/jpeg\" \/>\n<meta name=\"author\" content=\"redazione\" \/>\n<meta name=\"twitter:card\" content=\"summary_large_image\" \/>\n<meta name=\"twitter:creator\" content=\"@bellunopress\" \/>\n<meta name=\"twitter:site\" content=\"@bellunopress\" \/>\n<meta name=\"twitter:label1\" content=\"\u00c9crit par\" \/>\n\t<meta name=\"twitter:data1\" content=\"redazione\" \/>\n\t<meta name=\"twitter:label2\" content=\"Dur\u00e9e de lecture estim\u00e9e\" \/>\n\t<meta name=\"twitter:data2\" content=\"2 minutes\" \/>\n<script type=\"application\/ld+json\" class=\"yoast-schema-graph\">{\"@context\":\"https:\\\/\\\/schema.org\",\"@graph\":[{\"@type\":\"Article\",\"@id\":\"https:\\\/\\\/www.bellunopress.it\\\/2026\\\/04\\\/05\\\/finanza-armata-e-nuovi-arsenali-a-belluno-il-convegno-sulla-via-europea-alla-guerra\\\/#article\",\"isPartOf\":{\"@id\":\"https:\\\/\\\/www.bellunopress.it\\\/2026\\\/04\\\/05\\\/finanza-armata-e-nuovi-arsenali-a-belluno-il-convegno-sulla-via-europea-alla-guerra\\\/\"},\"author\":{\"name\":\"redazione\",\"@id\":\"https:\\\/\\\/www.bellunopress.it\\\/#\\\/schema\\\/person\\\/79bb06722b37ece1c03d3e94beb30d73\"},\"headline\":\"Finanza armata e nuovi arsenali: a Belluno il convegno sulla &#8220;via europea alla guerra&#8221;\",\"datePublished\":\"2026-04-05T18:10:27+00:00\",\"mainEntityOfPage\":{\"@id\":\"https:\\\/\\\/www.bellunopress.it\\\/2026\\\/04\\\/05\\\/finanza-armata-e-nuovi-arsenali-a-belluno-il-convegno-sulla-via-europea-alla-guerra\\\/\"},\"wordCount\":435,\"publisher\":{\"@id\":\"https:\\\/\\\/www.bellunopress.it\\\/#organization\"},\"image\":{\"@id\":\"https:\\\/\\\/www.bellunopress.it\\\/2026\\\/04\\\/05\\\/finanza-armata-e-nuovi-arsenali-a-belluno-il-convegno-sulla-via-europea-alla-guerra\\\/#primaryimage\"},\"thumbnailUrl\":\"https:\\\/\\\/www.bellunopress.it\\\/wp-content\\\/uploads\\\/2026\\\/04\\\/Finanza-armata-e-riarmo.jpg\",\"articleSection\":[\"Appuntamenti, Eventi\",\"Pausa Caff\u00e8\"],\"inLanguage\":\"fr-FR\"},{\"@type\":\"WebPage\",\"@id\":\"https:\\\/\\\/www.bellunopress.it\\\/2026\\\/04\\\/05\\\/finanza-armata-e-nuovi-arsenali-a-belluno-il-convegno-sulla-via-europea-alla-guerra\\\/\",\"url\":\"https:\\\/\\\/www.bellunopress.it\\\/2026\\\/04\\\/05\\\/finanza-armata-e-nuovi-arsenali-a-belluno-il-convegno-sulla-via-europea-alla-guerra\\\/\",\"name\":\"Finanza armata e nuovi arsenali: a Belluno il convegno sulla \\\"via europea alla guerra\\\" - Bellunopress - Dolomiti\",\"isPartOf\":{\"@id\":\"https:\\\/\\\/www.bellunopress.it\\\/#website\"},\"primaryImageOfPage\":{\"@id\":\"https:\\\/\\\/www.bellunopress.it\\\/2026\\\/04\\\/05\\\/finanza-armata-e-nuovi-arsenali-a-belluno-il-convegno-sulla-via-europea-alla-guerra\\\/#primaryimage\"},\"image\":{\"@id\":\"https:\\\/\\\/www.bellunopress.it\\\/2026\\\/04\\\/05\\\/finanza-armata-e-nuovi-arsenali-a-belluno-il-convegno-sulla-via-europea-alla-guerra\\\/#primaryimage\"},\"thumbnailUrl\":\"https:\\\/\\\/www.bellunopress.it\\\/wp-content\\\/uploads\\\/2026\\\/04\\\/Finanza-armata-e-riarmo.jpg\",\"datePublished\":\"2026-04-05T18:10:27+00:00\",\"breadcrumb\":{\"@id\":\"https:\\\/\\\/www.bellunopress.it\\\/2026\\\/04\\\/05\\\/finanza-armata-e-nuovi-arsenali-a-belluno-il-convegno-sulla-via-europea-alla-guerra\\\/#breadcrumb\"},\"inLanguage\":\"fr-FR\",\"potentialAction\":[{\"@type\":\"ReadAction\",\"target\":[\"https:\\\/\\\/www.bellunopress.it\\\/2026\\\/04\\\/05\\\/finanza-armata-e-nuovi-arsenali-a-belluno-il-convegno-sulla-via-europea-alla-guerra\\\/\"]}]},{\"@type\":\"ImageObject\",\"inLanguage\":\"fr-FR\",\"@id\":\"https:\\\/\\\/www.bellunopress.it\\\/2026\\\/04\\\/05\\\/finanza-armata-e-nuovi-arsenali-a-belluno-il-convegno-sulla-via-europea-alla-guerra\\\/#primaryimage\",\"url\":\"https:\\\/\\\/www.bellunopress.it\\\/wp-content\\\/uploads\\\/2026\\\/04\\\/Finanza-armata-e-riarmo.jpg\",\"contentUrl\":\"https:\\\/\\\/www.bellunopress.it\\\/wp-content\\\/uploads\\\/2026\\\/04\\\/Finanza-armata-e-riarmo.jpg\",\"width\":434,\"height\":600},{\"@type\":\"BreadcrumbList\",\"@id\":\"https:\\\/\\\/www.bellunopress.it\\\/2026\\\/04\\\/05\\\/finanza-armata-e-nuovi-arsenali-a-belluno-il-convegno-sulla-via-europea-alla-guerra\\\/#breadcrumb\",\"itemListElement\":[{\"@type\":\"ListItem\",\"position\":1,\"name\":\"Home\",\"item\":\"https:\\\/\\\/www.bellunopress.it\\\/\"},{\"@type\":\"ListItem\",\"position\":2,\"name\":\"Finanza armata e nuovi arsenali: a Belluno il convegno sulla &#8220;via europea alla guerra&#8221;\"}]},{\"@type\":\"WebSite\",\"@id\":\"https:\\\/\\\/www.bellunopress.it\\\/#website\",\"url\":\"https:\\\/\\\/www.bellunopress.it\\\/\",\"name\":\"Bellunopress - Dolomiti\",\"description\":\"e-mail: redazione@bellunopress.it\",\"publisher\":{\"@id\":\"https:\\\/\\\/www.bellunopress.it\\\/#organization\"},\"potentialAction\":[{\"@type\":\"SearchAction\",\"target\":{\"@type\":\"EntryPoint\",\"urlTemplate\":\"https:\\\/\\\/www.bellunopress.it\\\/?s={search_term_string}\"},\"query-input\":{\"@type\":\"PropertyValueSpecification\",\"valueRequired\":true,\"valueName\":\"search_term_string\"}}],\"inLanguage\":\"fr-FR\"},{\"@type\":\"Organization\",\"@id\":\"https:\\\/\\\/www.bellunopress.it\\\/#organization\",\"name\":\"Bellunopress\",\"url\":\"https:\\\/\\\/www.bellunopress.it\\\/\",\"logo\":{\"@type\":\"ImageObject\",\"inLanguage\":\"fr-FR\",\"@id\":\"https:\\\/\\\/www.bellunopress.it\\\/#\\\/schema\\\/logo\\\/image\\\/\",\"url\":\"https:\\\/\\\/www.bellunopress.it\\\/wp-content\\\/uploads\\\/2011\\\/05\\\/cropped-logo-bellunopress-.jpg\",\"contentUrl\":\"https:\\\/\\\/www.bellunopress.it\\\/wp-content\\\/uploads\\\/2011\\\/05\\\/cropped-logo-bellunopress-.jpg\",\"width\":512,\"height\":512,\"caption\":\"Bellunopress\"},\"image\":{\"@id\":\"https:\\\/\\\/www.bellunopress.it\\\/#\\\/schema\\\/logo\\\/image\\\/\"},\"sameAs\":[\"https:\\\/\\\/www.facebook.com\\\/profile.php?id=100008943462799\",\"https:\\\/\\\/x.com\\\/bellunopress\",\"https:\\\/\\\/www.linkedin.com\\\/hp\\\/?dnr=JBzUWaJfMUw8vbXJJ2tVW5-I3jZKvC4wsoxE&amp;amp;amp;amp;amp;amp;trk=nav_responsive_tab_home\",\"https:\\\/\\\/www.youtube.com\\\/channel\\\/UCxL0wu1uN0_3_7hGG0306cw\"]},{\"@type\":\"Person\",\"@id\":\"https:\\\/\\\/www.bellunopress.it\\\/#\\\/schema\\\/person\\\/79bb06722b37ece1c03d3e94beb30d73\",\"name\":\"redazione\",\"image\":{\"@type\":\"ImageObject\",\"inLanguage\":\"fr-FR\",\"@id\":\"https:\\\/\\\/secure.gravatar.com\\\/avatar\\\/37d968a2e67a6fd04c169c4bdef102d0bc5d31b2546345219e348575eb80e9a0?s=96&d=mm&r=g\",\"url\":\"https:\\\/\\\/secure.gravatar.com\\\/avatar\\\/37d968a2e67a6fd04c169c4bdef102d0bc5d31b2546345219e348575eb80e9a0?s=96&d=mm&r=g\",\"contentUrl\":\"https:\\\/\\\/secure.gravatar.com\\\/avatar\\\/37d968a2e67a6fd04c169c4bdef102d0bc5d31b2546345219e348575eb80e9a0?s=96&d=mm&r=g\",\"caption\":\"redazione\"},\"sameAs\":[\"http:\\\/\\\/www.bellunopress.it\",\"https:\\\/\\\/x.com\\\/bellunopress\"],\"url\":\"https:\\\/\\\/www.bellunopress.it\\\/fr\\\/author\\\/redazione\\\/\"}]}<\/script>\n<!-- \/ Yoast SEO plugin. -->","yoast_head_json":{"title":"Finanza armata e nuovi arsenali: a Belluno il convegno sulla \"via europea alla guerra\" - Bellunopress - Dolomiti","robots":{"index":"index","follow":"follow","max-snippet":"max-snippet:-1","max-image-preview":"max-image-preview:large","max-video-preview":"max-video-preview:-1"},"canonical":"https:\/\/www.bellunopress.it\/fr\/2026\/04\/05\/finanza-armata-e-nuovi-arsenali-a-belluno-il-convegno-sulla-via-europea-alla-guerra\/","og_locale":"fr_FR","og_type":"article","og_title":"Finanza armata e nuovi arsenali: a Belluno il convegno sulla \"via europea alla guerra\" - Bellunopress - Dolomiti","og_description":"Gioved\u00ec 9 aprile, esperti e associazioni si confrontano sul vertiginoso aumento della spesa militare e sul ruolo dei mercati finanziari nel riarmo strutturale dell&#8217;UE. Belluno\u00a0\u2013 Mentre il panorama internazionale appare sempre pi\u00f9 dominato dalla logica delle armi, un folto cartello di associazioni bellunesi lancia un momento di riflessione critica sul &#8220;cambio di paradigma&#8221; che sta [&hellip;]","og_url":"https:\/\/www.bellunopress.it\/fr\/2026\/04\/05\/finanza-armata-e-nuovi-arsenali-a-belluno-il-convegno-sulla-via-europea-alla-guerra\/","og_site_name":"Bellunopress - Dolomiti","article_publisher":"https:\/\/www.facebook.com\/profile.php?id=100008943462799","article_published_time":"2026-04-05T18:10:27+00:00","og_image":[{"width":434,"height":600,"url":"https:\/\/www.bellunopress.it\/wp-content\/uploads\/2026\/04\/Finanza-armata-e-riarmo.jpg","type":"image\/jpeg"}],"author":"redazione","twitter_card":"summary_large_image","twitter_creator":"@bellunopress","twitter_site":"@bellunopress","twitter_misc":{"\u00c9crit par":"redazione","Dur\u00e9e de lecture estim\u00e9e":"2 minutes"},"schema":{"@context":"https:\/\/schema.org","@graph":[{"@type":"Article","@id":"https:\/\/www.bellunopress.it\/2026\/04\/05\/finanza-armata-e-nuovi-arsenali-a-belluno-il-convegno-sulla-via-europea-alla-guerra\/#article","isPartOf":{"@id":"https:\/\/www.bellunopress.it\/2026\/04\/05\/finanza-armata-e-nuovi-arsenali-a-belluno-il-convegno-sulla-via-europea-alla-guerra\/"},"author":{"name":"redazione","@id":"https:\/\/www.bellunopress.it\/#\/schema\/person\/79bb06722b37ece1c03d3e94beb30d73"},"headline":"Finanza armata e nuovi arsenali: a Belluno il convegno sulla &#8220;via europea alla guerra&#8221;","datePublished":"2026-04-05T18:10:27+00:00","mainEntityOfPage":{"@id":"https:\/\/www.bellunopress.it\/2026\/04\/05\/finanza-armata-e-nuovi-arsenali-a-belluno-il-convegno-sulla-via-europea-alla-guerra\/"},"wordCount":435,"publisher":{"@id":"https:\/\/www.bellunopress.it\/#organization"},"image":{"@id":"https:\/\/www.bellunopress.it\/2026\/04\/05\/finanza-armata-e-nuovi-arsenali-a-belluno-il-convegno-sulla-via-europea-alla-guerra\/#primaryimage"},"thumbnailUrl":"https:\/\/www.bellunopress.it\/wp-content\/uploads\/2026\/04\/Finanza-armata-e-riarmo.jpg","articleSection":["Appuntamenti, Eventi","Pausa Caff\u00e8"],"inLanguage":"fr-FR"},{"@type":"WebPage","@id":"https:\/\/www.bellunopress.it\/2026\/04\/05\/finanza-armata-e-nuovi-arsenali-a-belluno-il-convegno-sulla-via-europea-alla-guerra\/","url":"https:\/\/www.bellunopress.it\/2026\/04\/05\/finanza-armata-e-nuovi-arsenali-a-belluno-il-convegno-sulla-via-europea-alla-guerra\/","name":"Finanza armata e nuovi arsenali: a Belluno il convegno sulla \"via europea alla guerra\" - Bellunopress - Dolomiti","isPartOf":{"@id":"https:\/\/www.bellunopress.it\/#website"},"primaryImageOfPage":{"@id":"https:\/\/www.bellunopress.it\/2026\/04\/05\/finanza-armata-e-nuovi-arsenali-a-belluno-il-convegno-sulla-via-europea-alla-guerra\/#primaryimage"},"image":{"@id":"https:\/\/www.bellunopress.it\/2026\/04\/05\/finanza-armata-e-nuovi-arsenali-a-belluno-il-convegno-sulla-via-europea-alla-guerra\/#primaryimage"},"thumbnailUrl":"https:\/\/www.bellunopress.it\/wp-content\/uploads\/2026\/04\/Finanza-armata-e-riarmo.jpg","datePublished":"2026-04-05T18:10:27+00:00","breadcrumb":{"@id":"https:\/\/www.bellunopress.it\/2026\/04\/05\/finanza-armata-e-nuovi-arsenali-a-belluno-il-convegno-sulla-via-europea-alla-guerra\/#breadcrumb"},"inLanguage":"fr-FR","potentialAction":[{"@type":"ReadAction","target":["https:\/\/www.bellunopress.it\/2026\/04\/05\/finanza-armata-e-nuovi-arsenali-a-belluno-il-convegno-sulla-via-europea-alla-guerra\/"]}]},{"@type":"ImageObject","inLanguage":"fr-FR","@id":"https:\/\/www.bellunopress.it\/2026\/04\/05\/finanza-armata-e-nuovi-arsenali-a-belluno-il-convegno-sulla-via-europea-alla-guerra\/#primaryimage","url":"https:\/\/www.bellunopress.it\/wp-content\/uploads\/2026\/04\/Finanza-armata-e-riarmo.jpg","contentUrl":"https:\/\/www.bellunopress.it\/wp-content\/uploads\/2026\/04\/Finanza-armata-e-riarmo.jpg","width":434,"height":600},{"@type":"BreadcrumbList","@id":"https:\/\/www.bellunopress.it\/2026\/04\/05\/finanza-armata-e-nuovi-arsenali-a-belluno-il-convegno-sulla-via-europea-alla-guerra\/#breadcrumb","itemListElement":[{"@type":"ListItem","position":1,"name":"Home","item":"https:\/\/www.bellunopress.it\/"},{"@type":"ListItem","position":2,"name":"Finanza armata e nuovi arsenali: a Belluno il convegno sulla &#8220;via europea alla guerra&#8221;"}]},{"@type":"WebSite","@id":"https:\/\/www.bellunopress.it\/#website","url":"https:\/\/www.bellunopress.it\/","name":"Bellunopress - Dolomiti","description":"e-mail: redazione@bellunopress.it","publisher":{"@id":"https:\/\/www.bellunopress.it\/#organization"},"potentialAction":[{"@type":"SearchAction","target":{"@type":"EntryPoint","urlTemplate":"https:\/\/www.bellunopress.it\/?s={search_term_string}"},"query-input":{"@type":"PropertyValueSpecification","valueRequired":true,"valueName":"search_term_string"}}],"inLanguage":"fr-FR"},{"@type":"Organization","@id":"https:\/\/www.bellunopress.it\/#organization","name":"Bellunopress","url":"https:\/\/www.bellunopress.it\/","logo":{"@type":"ImageObject","inLanguage":"fr-FR","@id":"https:\/\/www.bellunopress.it\/#\/schema\/logo\/image\/","url":"https:\/\/www.bellunopress.it\/wp-content\/uploads\/2011\/05\/cropped-logo-bellunopress-.jpg","contentUrl":"https:\/\/www.bellunopress.it\/wp-content\/uploads\/2011\/05\/cropped-logo-bellunopress-.jpg","width":512,"height":512,"caption":"Bellunopress"},"image":{"@id":"https:\/\/www.bellunopress.it\/#\/schema\/logo\/image\/"},"sameAs":["https:\/\/www.facebook.com\/profile.php?id=100008943462799","https:\/\/x.com\/bellunopress","https:\/\/www.linkedin.com\/hp\/?dnr=JBzUWaJfMUw8vbXJJ2tVW5-I3jZKvC4wsoxE&amp;amp;amp;amp;amp;amp;trk=nav_responsive_tab_home","https:\/\/www.youtube.com\/channel\/UCxL0wu1uN0_3_7hGG0306cw"]},{"@type":"Person","@id":"https:\/\/www.bellunopress.it\/#\/schema\/person\/79bb06722b37ece1c03d3e94beb30d73","name":"r\u00e9daction","image":{"@type":"ImageObject","inLanguage":"fr-FR","@id":"https:\/\/secure.gravatar.com\/avatar\/37d968a2e67a6fd04c169c4bdef102d0bc5d31b2546345219e348575eb80e9a0?s=96&d=mm&r=g","url":"https:\/\/secure.gravatar.com\/avatar\/37d968a2e67a6fd04c169c4bdef102d0bc5d31b2546345219e348575eb80e9a0?s=96&d=mm&r=g","contentUrl":"https:\/\/secure.gravatar.com\/avatar\/37d968a2e67a6fd04c169c4bdef102d0bc5d31b2546345219e348575eb80e9a0?s=96&d=mm&r=g","caption":"redazione"},"sameAs":["http:\/\/www.bellunopress.it","https:\/\/x.com\/bellunopress"],"url":"https:\/\/www.bellunopress.it\/fr\/author\/redazione\/"}]}},"_links":{"self":[{"href":"https:\/\/www.bellunopress.it\/fr\/wp-json\/wp\/v2\/posts\/168710","targetHints":{"allow":["GET"]}}],"collection":[{"href":"https:\/\/www.bellunopress.it\/fr\/wp-json\/wp\/v2\/posts"}],"about":[{"href":"https:\/\/www.bellunopress.it\/fr\/wp-json\/wp\/v2\/types\/post"}],"author":[{"embeddable":true,"href":"https:\/\/www.bellunopress.it\/fr\/wp-json\/wp\/v2\/users\/2"}],"replies":[{"embeddable":true,"href":"https:\/\/www.bellunopress.it\/fr\/wp-json\/wp\/v2\/comments?post=168710"}],"version-history":[{"count":1,"href":"https:\/\/www.bellunopress.it\/fr\/wp-json\/wp\/v2\/posts\/168710\/revisions"}],"predecessor-version":[{"id":168712,"href":"https:\/\/www.bellunopress.it\/fr\/wp-json\/wp\/v2\/posts\/168710\/revisions\/168712"}],"wp:featuredmedia":[{"embeddable":true,"href":"https:\/\/www.bellunopress.it\/fr\/wp-json\/wp\/v2\/media\/168711"}],"wp:attachment":[{"href":"https:\/\/www.bellunopress.it\/fr\/wp-json\/wp\/v2\/media?parent=168710"}],"wp:term":[{"taxonomy":"category","embeddable":true,"href":"https:\/\/www.bellunopress.it\/fr\/wp-json\/wp\/v2\/categories?post=168710"},{"taxonomy":"post_tag","embeddable":true,"href":"https:\/\/www.bellunopress.it\/fr\/wp-json\/wp\/v2\/tags?post=168710"}],"curies":[{"name":"wp","href":"https:\/\/api.w.org\/{rel}","templated":true}]}}