{"id":168704,"date":"2026-04-01T18:33:12","date_gmt":"2026-04-01T16:33:12","guid":{"rendered":"https:\/\/www.bellunopress.it\/?p=168704"},"modified":"2026-04-01T18:33:12","modified_gmt":"2026-04-01T16:33:12","slug":"israele-approvata-la-pena-di-morte-solo-ai-palestinesi","status":"publish","type":"post","link":"https:\/\/www.bellunopress.it\/fr\/2026\/04\/01\/israele-approvata-la-pena-di-morte-solo-ai-palestinesi\/","title":{"rendered":"Israele: approvata la pena di morte solo ai palestinesi"},"content":{"rendered":"<p>Padova, 01\/04\/2026 &#8211; Israele \u00e8 sempre pi\u00f9 una fabbrica dell&#8217;orrore e del fascismo. Il Parlamento israeliano ha approvato con una maggioranza significativa (62 a 48) una legge razzista che istituisce la pena di morte in Israele per i soli palestinesi e che sar\u00e0 applicata da tribunali militari.<\/p>\n<p>Mentre viene garantita l&#8217;impunit\u00e0 ai coloni fascisti che ammazzano da anni civili palestinesi ora si applicher\u00e0 la pena di morte ai detenuti palestinesi accusati di terrorismo contro cittadini israeliani e senza diritto di appello.<\/p>\n<p>La pena di morte \u00e8 inaccettabile a prescindere, messa in atto su base etnica \u00e8 ancora pi\u00f9 netta rappresentazione dell&#8217;abisso di aberrazione fascista in cui \u00e8 precipitato lo Stato di Israele. Questa \u00e8 una legge per legittimare il genocidio. Inutile girarci intorno, un governo e un parlamento che approva tali leggi vanno isolati, politicamente e economicamente. Chi mantiene relazioni con Israele \u00e8 complice e connivente con questi crimini, ogni persona uccisa in nome del suprematismo israeliano, che richiama a tempi bui della Storia, peser\u00e0 sulla coscienza di chi tace o si volta dall&#8217;altra parte. Ci sono oltre 10.000 prigionieri palestinesi oggi in carcere, spesso senza neanche uno straccio di prova, in mano a tribunali militari. Un nome per tutti, Marwan Barghouti. Il 15 aprile prossimo saranno trascorsi 24 anni dal suo ultimo arresto. Fa paura a Israele perch\u00e9 \u00e8 reale rappresentazione dell&#8217;unit\u00e0 popolare e politica palestinese. Ancor di pi\u00f9 oggi chiediamo la liberazione sua e di tutti i prigionieri politici, la fine dell&#8217;apartheid e dell&#8217;occupazione, l&#8217;autodeterminazione del popolo palestinese e il diritto al ritorno. La complicit\u00e0 del governo italiano con Netanyahu \u00e8 una vergogna.<\/p>\n<p><strong>Maurizio Acerbo, Segretario nazionale<\/strong><br \/>\n<strong>Anna Camposampiero, Responsabile esteri, Partito della Rifondazione Comunista \u2013 Sinistra Europea<\/strong><\/p>","protected":false},"excerpt":{"rendered":"<p>Padova, 01\/04\/2026 &#8211; Israele \u00e8 sempre pi\u00f9 una fabbrica dell&#8217;orrore e del fascismo. Il Parlamento israeliano ha approvato con una maggioranza significativa (62 a 48) una legge razzista che istituisce la pena di morte in Israele per i soli palestinesi e che sar\u00e0 applicata da tribunali militari. Mentre viene garantita l&#8217;impunit\u00e0 ai coloni fascisti che [&hellip;]<\/p>\n","protected":false},"author":2,"featured_media":112629,"comment_status":"closed","ping_status":"open","sticky":false,"template":"","format":"standard","meta":{"footnotes":""},"categories":[5,26],"tags":[],"class_list":["post-168704","post","type-post","status-publish","format-standard","has-post-thumbnail","category-cronaca","category-prima-pagina"],"yoast_head":"<!-- This site is optimized with the Yoast SEO plugin v28.4 - https:\/\/yoast.com\/product\/yoast-seo-wordpress\/ -->\n<title>Israele: approvata la pena di morte solo ai palestinesi - Bellunopress - Dolomiti<\/title>\n<meta name=\"robots\" content=\"index, follow, max-snippet:-1, max-image-preview:large, max-video-preview:-1\" \/>\n<link rel=\"canonical\" href=\"https:\/\/www.bellunopress.it\/fr\/2026\/04\/01\/israele-approvata-la-pena-di-morte-solo-ai-palestinesi\/\" \/>\n<meta property=\"og:locale\" content=\"fr_FR\" \/>\n<meta property=\"og:type\" content=\"article\" \/>\n<meta property=\"og:title\" content=\"Israele: approvata la pena di morte solo ai palestinesi - Bellunopress - Dolomiti\" \/>\n<meta property=\"og:description\" content=\"Padova, 01\/04\/2026 &#8211; Israele \u00e8 sempre pi\u00f9 una fabbrica dell&#8217;orrore e del fascismo. Il Parlamento israeliano ha approvato con una maggioranza significativa (62 a 48) una legge razzista che istituisce la pena di morte in Israele per i soli palestinesi e che sar\u00e0 applicata da tribunali militari. Mentre viene garantita l&#8217;impunit\u00e0 ai coloni fascisti che [&hellip;]\" \/>\n<meta property=\"og:url\" content=\"https:\/\/www.bellunopress.it\/fr\/2026\/04\/01\/israele-approvata-la-pena-di-morte-solo-ai-palestinesi\/\" \/>\n<meta property=\"og:site_name\" content=\"Bellunopress - Dolomiti\" \/>\n<meta property=\"article:publisher\" content=\"https:\/\/www.facebook.com\/profile.php?id=100008943462799\" \/>\n<meta property=\"article:published_time\" content=\"2026-04-01T16:33:12+00:00\" \/>\n<meta property=\"og:image\" content=\"https:\/\/www.bellunopress.it\/wp-content\/uploads\/2020\/03\/Maurizio-Acerbo-Prc.jpg\" \/>\n\t<meta property=\"og:image:width\" content=\"394\" \/>\n\t<meta property=\"og:image:height\" content=\"264\" \/>\n\t<meta property=\"og:image:type\" content=\"image\/jpeg\" \/>\n<meta name=\"author\" content=\"redazione\" \/>\n<meta name=\"twitter:card\" content=\"summary_large_image\" \/>\n<meta name=\"twitter:creator\" content=\"@bellunopress\" \/>\n<meta name=\"twitter:site\" content=\"@bellunopress\" \/>\n<meta name=\"twitter:label1\" content=\"\u00c9crit par\" \/>\n\t<meta name=\"twitter:data1\" content=\"redazione\" \/>\n\t<meta name=\"twitter:label2\" content=\"Dur\u00e9e de lecture estim\u00e9e\" \/>\n\t<meta name=\"twitter:data2\" content=\"1 minute\" \/>\n<script type=\"application\/ld+json\" class=\"yoast-schema-graph\">{\"@context\":\"https:\\\/\\\/schema.org\",\"@graph\":[{\"@type\":\"Article\",\"@id\":\"https:\\\/\\\/www.bellunopress.it\\\/2026\\\/04\\\/01\\\/israele-approvata-la-pena-di-morte-solo-ai-palestinesi\\\/#article\",\"isPartOf\":{\"@id\":\"https:\\\/\\\/www.bellunopress.it\\\/2026\\\/04\\\/01\\\/israele-approvata-la-pena-di-morte-solo-ai-palestinesi\\\/\"},\"author\":{\"name\":\"redazione\",\"@id\":\"https:\\\/\\\/www.bellunopress.it\\\/#\\\/schema\\\/person\\\/79bb06722b37ece1c03d3e94beb30d73\"},\"headline\":\"Israele: approvata la pena di morte solo ai palestinesi\",\"datePublished\":\"2026-04-01T16:33:12+00:00\",\"mainEntityOfPage\":{\"@id\":\"https:\\\/\\\/www.bellunopress.it\\\/2026\\\/04\\\/01\\\/israele-approvata-la-pena-di-morte-solo-ai-palestinesi\\\/\"},\"wordCount\":282,\"publisher\":{\"@id\":\"https:\\\/\\\/www.bellunopress.it\\\/#organization\"},\"image\":{\"@id\":\"https:\\\/\\\/www.bellunopress.it\\\/2026\\\/04\\\/01\\\/israele-approvata-la-pena-di-morte-solo-ai-palestinesi\\\/#primaryimage\"},\"thumbnailUrl\":\"https:\\\/\\\/www.bellunopress.it\\\/wp-content\\\/uploads\\\/2020\\\/03\\\/Maurizio-Acerbo-Prc.jpg\",\"articleSection\":[\"Cronaca\\\/Politica\",\"Prima Pagina\"],\"inLanguage\":\"fr-FR\"},{\"@type\":\"WebPage\",\"@id\":\"https:\\\/\\\/www.bellunopress.it\\\/2026\\\/04\\\/01\\\/israele-approvata-la-pena-di-morte-solo-ai-palestinesi\\\/\",\"url\":\"https:\\\/\\\/www.bellunopress.it\\\/2026\\\/04\\\/01\\\/israele-approvata-la-pena-di-morte-solo-ai-palestinesi\\\/\",\"name\":\"Israele: approvata la pena di morte solo ai palestinesi - Bellunopress - Dolomiti\",\"isPartOf\":{\"@id\":\"https:\\\/\\\/www.bellunopress.it\\\/#website\"},\"primaryImageOfPage\":{\"@id\":\"https:\\\/\\\/www.bellunopress.it\\\/2026\\\/04\\\/01\\\/israele-approvata-la-pena-di-morte-solo-ai-palestinesi\\\/#primaryimage\"},\"image\":{\"@id\":\"https:\\\/\\\/www.bellunopress.it\\\/2026\\\/04\\\/01\\\/israele-approvata-la-pena-di-morte-solo-ai-palestinesi\\\/#primaryimage\"},\"thumbnailUrl\":\"https:\\\/\\\/www.bellunopress.it\\\/wp-content\\\/uploads\\\/2020\\\/03\\\/Maurizio-Acerbo-Prc.jpg\",\"datePublished\":\"2026-04-01T16:33:12+00:00\",\"breadcrumb\":{\"@id\":\"https:\\\/\\\/www.bellunopress.it\\\/2026\\\/04\\\/01\\\/israele-approvata-la-pena-di-morte-solo-ai-palestinesi\\\/#breadcrumb\"},\"inLanguage\":\"fr-FR\",\"potentialAction\":[{\"@type\":\"ReadAction\",\"target\":[\"https:\\\/\\\/www.bellunopress.it\\\/2026\\\/04\\\/01\\\/israele-approvata-la-pena-di-morte-solo-ai-palestinesi\\\/\"]}]},{\"@type\":\"ImageObject\",\"inLanguage\":\"fr-FR\",\"@id\":\"https:\\\/\\\/www.bellunopress.it\\\/2026\\\/04\\\/01\\\/israele-approvata-la-pena-di-morte-solo-ai-palestinesi\\\/#primaryimage\",\"url\":\"https:\\\/\\\/www.bellunopress.it\\\/wp-content\\\/uploads\\\/2020\\\/03\\\/Maurizio-Acerbo-Prc.jpg\",\"contentUrl\":\"https:\\\/\\\/www.bellunopress.it\\\/wp-content\\\/uploads\\\/2020\\\/03\\\/Maurizio-Acerbo-Prc.jpg\",\"width\":394,\"height\":264,\"caption\":\"Maurizio Acerbo, Segretario nazionale Prc\"},{\"@type\":\"BreadcrumbList\",\"@id\":\"https:\\\/\\\/www.bellunopress.it\\\/2026\\\/04\\\/01\\\/israele-approvata-la-pena-di-morte-solo-ai-palestinesi\\\/#breadcrumb\",\"itemListElement\":[{\"@type\":\"ListItem\",\"position\":1,\"name\":\"Home\",\"item\":\"https:\\\/\\\/www.bellunopress.it\\\/\"},{\"@type\":\"ListItem\",\"position\":2,\"name\":\"Israele: approvata la pena di morte solo ai palestinesi\"}]},{\"@type\":\"WebSite\",\"@id\":\"https:\\\/\\\/www.bellunopress.it\\\/#website\",\"url\":\"https:\\\/\\\/www.bellunopress.it\\\/\",\"name\":\"Bellunopress - Dolomiti\",\"description\":\"e-mail: redazione@bellunopress.it\",\"publisher\":{\"@id\":\"https:\\\/\\\/www.bellunopress.it\\\/#organization\"},\"potentialAction\":[{\"@type\":\"SearchAction\",\"target\":{\"@type\":\"EntryPoint\",\"urlTemplate\":\"https:\\\/\\\/www.bellunopress.it\\\/?s={search_term_string}\"},\"query-input\":{\"@type\":\"PropertyValueSpecification\",\"valueRequired\":true,\"valueName\":\"search_term_string\"}}],\"inLanguage\":\"fr-FR\"},{\"@type\":\"Organization\",\"@id\":\"https:\\\/\\\/www.bellunopress.it\\\/#organization\",\"name\":\"Bellunopress\",\"url\":\"https:\\\/\\\/www.bellunopress.it\\\/\",\"logo\":{\"@type\":\"ImageObject\",\"inLanguage\":\"fr-FR\",\"@id\":\"https:\\\/\\\/www.bellunopress.it\\\/#\\\/schema\\\/logo\\\/image\\\/\",\"url\":\"https:\\\/\\\/www.bellunopress.it\\\/wp-content\\\/uploads\\\/2011\\\/05\\\/cropped-logo-bellunopress-.jpg\",\"contentUrl\":\"https:\\\/\\\/www.bellunopress.it\\\/wp-content\\\/uploads\\\/2011\\\/05\\\/cropped-logo-bellunopress-.jpg\",\"width\":512,\"height\":512,\"caption\":\"Bellunopress\"},\"image\":{\"@id\":\"https:\\\/\\\/www.bellunopress.it\\\/#\\\/schema\\\/logo\\\/image\\\/\"},\"sameAs\":[\"https:\\\/\\\/www.facebook.com\\\/profile.php?id=100008943462799\",\"https:\\\/\\\/x.com\\\/bellunopress\",\"https:\\\/\\\/www.linkedin.com\\\/hp\\\/?dnr=JBzUWaJfMUw8vbXJJ2tVW5-I3jZKvC4wsoxE&amp;amp;amp;amp;amp;amp;trk=nav_responsive_tab_home\",\"https:\\\/\\\/www.youtube.com\\\/channel\\\/UCxL0wu1uN0_3_7hGG0306cw\"]},{\"@type\":\"Person\",\"@id\":\"https:\\\/\\\/www.bellunopress.it\\\/#\\\/schema\\\/person\\\/79bb06722b37ece1c03d3e94beb30d73\",\"name\":\"redazione\",\"image\":{\"@type\":\"ImageObject\",\"inLanguage\":\"fr-FR\",\"@id\":\"https:\\\/\\\/secure.gravatar.com\\\/avatar\\\/37d968a2e67a6fd04c169c4bdef102d0bc5d31b2546345219e348575eb80e9a0?s=96&d=mm&r=g\",\"url\":\"https:\\\/\\\/secure.gravatar.com\\\/avatar\\\/37d968a2e67a6fd04c169c4bdef102d0bc5d31b2546345219e348575eb80e9a0?s=96&d=mm&r=g\",\"contentUrl\":\"https:\\\/\\\/secure.gravatar.com\\\/avatar\\\/37d968a2e67a6fd04c169c4bdef102d0bc5d31b2546345219e348575eb80e9a0?s=96&d=mm&r=g\",\"caption\":\"redazione\"},\"sameAs\":[\"http:\\\/\\\/www.bellunopress.it\",\"https:\\\/\\\/x.com\\\/bellunopress\"],\"url\":\"https:\\\/\\\/www.bellunopress.it\\\/fr\\\/author\\\/redazione\\\/\"}]}<\/script>\n<!-- \/ Yoast SEO plugin. -->","yoast_head_json":{"title":"Israele: approvata la pena di morte solo ai palestinesi - Bellunopress - Dolomiti","robots":{"index":"index","follow":"follow","max-snippet":"max-snippet:-1","max-image-preview":"max-image-preview:large","max-video-preview":"max-video-preview:-1"},"canonical":"https:\/\/www.bellunopress.it\/fr\/2026\/04\/01\/israele-approvata-la-pena-di-morte-solo-ai-palestinesi\/","og_locale":"fr_FR","og_type":"article","og_title":"Israele: approvata la pena di morte solo ai palestinesi - Bellunopress - Dolomiti","og_description":"Padova, 01\/04\/2026 &#8211; Israele \u00e8 sempre pi\u00f9 una fabbrica dell&#8217;orrore e del fascismo. Il Parlamento israeliano ha approvato con una maggioranza significativa (62 a 48) una legge razzista che istituisce la pena di morte in Israele per i soli palestinesi e che sar\u00e0 applicata da tribunali militari. Mentre viene garantita l&#8217;impunit\u00e0 ai coloni fascisti che [&hellip;]","og_url":"https:\/\/www.bellunopress.it\/fr\/2026\/04\/01\/israele-approvata-la-pena-di-morte-solo-ai-palestinesi\/","og_site_name":"Bellunopress - Dolomiti","article_publisher":"https:\/\/www.facebook.com\/profile.php?id=100008943462799","article_published_time":"2026-04-01T16:33:12+00:00","og_image":[{"width":394,"height":264,"url":"https:\/\/www.bellunopress.it\/wp-content\/uploads\/2020\/03\/Maurizio-Acerbo-Prc.jpg","type":"image\/jpeg"}],"author":"redazione","twitter_card":"summary_large_image","twitter_creator":"@bellunopress","twitter_site":"@bellunopress","twitter_misc":{"\u00c9crit par":"redazione","Dur\u00e9e de lecture estim\u00e9e":"1 minute"},"schema":{"@context":"https:\/\/schema.org","@graph":[{"@type":"Article","@id":"https:\/\/www.bellunopress.it\/2026\/04\/01\/israele-approvata-la-pena-di-morte-solo-ai-palestinesi\/#article","isPartOf":{"@id":"https:\/\/www.bellunopress.it\/2026\/04\/01\/israele-approvata-la-pena-di-morte-solo-ai-palestinesi\/"},"author":{"name":"redazione","@id":"https:\/\/www.bellunopress.it\/#\/schema\/person\/79bb06722b37ece1c03d3e94beb30d73"},"headline":"Israele: approvata la pena di morte solo ai palestinesi","datePublished":"2026-04-01T16:33:12+00:00","mainEntityOfPage":{"@id":"https:\/\/www.bellunopress.it\/2026\/04\/01\/israele-approvata-la-pena-di-morte-solo-ai-palestinesi\/"},"wordCount":282,"publisher":{"@id":"https:\/\/www.bellunopress.it\/#organization"},"image":{"@id":"https:\/\/www.bellunopress.it\/2026\/04\/01\/israele-approvata-la-pena-di-morte-solo-ai-palestinesi\/#primaryimage"},"thumbnailUrl":"https:\/\/www.bellunopress.it\/wp-content\/uploads\/2020\/03\/Maurizio-Acerbo-Prc.jpg","articleSection":["Cronaca\/Politica","Prima Pagina"],"inLanguage":"fr-FR"},{"@type":"WebPage","@id":"https:\/\/www.bellunopress.it\/2026\/04\/01\/israele-approvata-la-pena-di-morte-solo-ai-palestinesi\/","url":"https:\/\/www.bellunopress.it\/2026\/04\/01\/israele-approvata-la-pena-di-morte-solo-ai-palestinesi\/","name":"Israele: approvata la pena di morte solo ai palestinesi - Bellunopress - Dolomiti","isPartOf":{"@id":"https:\/\/www.bellunopress.it\/#website"},"primaryImageOfPage":{"@id":"https:\/\/www.bellunopress.it\/2026\/04\/01\/israele-approvata-la-pena-di-morte-solo-ai-palestinesi\/#primaryimage"},"image":{"@id":"https:\/\/www.bellunopress.it\/2026\/04\/01\/israele-approvata-la-pena-di-morte-solo-ai-palestinesi\/#primaryimage"},"thumbnailUrl":"https:\/\/www.bellunopress.it\/wp-content\/uploads\/2020\/03\/Maurizio-Acerbo-Prc.jpg","datePublished":"2026-04-01T16:33:12+00:00","breadcrumb":{"@id":"https:\/\/www.bellunopress.it\/2026\/04\/01\/israele-approvata-la-pena-di-morte-solo-ai-palestinesi\/#breadcrumb"},"inLanguage":"fr-FR","potentialAction":[{"@type":"ReadAction","target":["https:\/\/www.bellunopress.it\/2026\/04\/01\/israele-approvata-la-pena-di-morte-solo-ai-palestinesi\/"]}]},{"@type":"ImageObject","inLanguage":"fr-FR","@id":"https:\/\/www.bellunopress.it\/2026\/04\/01\/israele-approvata-la-pena-di-morte-solo-ai-palestinesi\/#primaryimage","url":"https:\/\/www.bellunopress.it\/wp-content\/uploads\/2020\/03\/Maurizio-Acerbo-Prc.jpg","contentUrl":"https:\/\/www.bellunopress.it\/wp-content\/uploads\/2020\/03\/Maurizio-Acerbo-Prc.jpg","width":394,"height":264,"caption":"Maurizio Acerbo, Segretario nazionale Prc"},{"@type":"BreadcrumbList","@id":"https:\/\/www.bellunopress.it\/2026\/04\/01\/israele-approvata-la-pena-di-morte-solo-ai-palestinesi\/#breadcrumb","itemListElement":[{"@type":"ListItem","position":1,"name":"Home","item":"https:\/\/www.bellunopress.it\/"},{"@type":"ListItem","position":2,"name":"Israele: approvata la pena di morte solo ai palestinesi"}]},{"@type":"WebSite","@id":"https:\/\/www.bellunopress.it\/#website","url":"https:\/\/www.bellunopress.it\/","name":"Bellunopress - Dolomiti","description":"e-mail: redazione@bellunopress.it","publisher":{"@id":"https:\/\/www.bellunopress.it\/#organization"},"potentialAction":[{"@type":"SearchAction","target":{"@type":"EntryPoint","urlTemplate":"https:\/\/www.bellunopress.it\/?s={search_term_string}"},"query-input":{"@type":"PropertyValueSpecification","valueRequired":true,"valueName":"search_term_string"}}],"inLanguage":"fr-FR"},{"@type":"Organization","@id":"https:\/\/www.bellunopress.it\/#organization","name":"Bellunopress","url":"https:\/\/www.bellunopress.it\/","logo":{"@type":"ImageObject","inLanguage":"fr-FR","@id":"https:\/\/www.bellunopress.it\/#\/schema\/logo\/image\/","url":"https:\/\/www.bellunopress.it\/wp-content\/uploads\/2011\/05\/cropped-logo-bellunopress-.jpg","contentUrl":"https:\/\/www.bellunopress.it\/wp-content\/uploads\/2011\/05\/cropped-logo-bellunopress-.jpg","width":512,"height":512,"caption":"Bellunopress"},"image":{"@id":"https:\/\/www.bellunopress.it\/#\/schema\/logo\/image\/"},"sameAs":["https:\/\/www.facebook.com\/profile.php?id=100008943462799","https:\/\/x.com\/bellunopress","https:\/\/www.linkedin.com\/hp\/?dnr=JBzUWaJfMUw8vbXJJ2tVW5-I3jZKvC4wsoxE&amp;amp;amp;amp;amp;amp;trk=nav_responsive_tab_home","https:\/\/www.youtube.com\/channel\/UCxL0wu1uN0_3_7hGG0306cw"]},{"@type":"Person","@id":"https:\/\/www.bellunopress.it\/#\/schema\/person\/79bb06722b37ece1c03d3e94beb30d73","name":"r\u00e9daction","image":{"@type":"ImageObject","inLanguage":"fr-FR","@id":"https:\/\/secure.gravatar.com\/avatar\/37d968a2e67a6fd04c169c4bdef102d0bc5d31b2546345219e348575eb80e9a0?s=96&d=mm&r=g","url":"https:\/\/secure.gravatar.com\/avatar\/37d968a2e67a6fd04c169c4bdef102d0bc5d31b2546345219e348575eb80e9a0?s=96&d=mm&r=g","contentUrl":"https:\/\/secure.gravatar.com\/avatar\/37d968a2e67a6fd04c169c4bdef102d0bc5d31b2546345219e348575eb80e9a0?s=96&d=mm&r=g","caption":"redazione"},"sameAs":["http:\/\/www.bellunopress.it","https:\/\/x.com\/bellunopress"],"url":"https:\/\/www.bellunopress.it\/fr\/author\/redazione\/"}]}},"_links":{"self":[{"href":"https:\/\/www.bellunopress.it\/fr\/wp-json\/wp\/v2\/posts\/168704","targetHints":{"allow":["GET"]}}],"collection":[{"href":"https:\/\/www.bellunopress.it\/fr\/wp-json\/wp\/v2\/posts"}],"about":[{"href":"https:\/\/www.bellunopress.it\/fr\/wp-json\/wp\/v2\/types\/post"}],"author":[{"embeddable":true,"href":"https:\/\/www.bellunopress.it\/fr\/wp-json\/wp\/v2\/users\/2"}],"replies":[{"embeddable":true,"href":"https:\/\/www.bellunopress.it\/fr\/wp-json\/wp\/v2\/comments?post=168704"}],"version-history":[{"count":1,"href":"https:\/\/www.bellunopress.it\/fr\/wp-json\/wp\/v2\/posts\/168704\/revisions"}],"predecessor-version":[{"id":168705,"href":"https:\/\/www.bellunopress.it\/fr\/wp-json\/wp\/v2\/posts\/168704\/revisions\/168705"}],"wp:featuredmedia":[{"embeddable":true,"href":"https:\/\/www.bellunopress.it\/fr\/wp-json\/wp\/v2\/media\/112629"}],"wp:attachment":[{"href":"https:\/\/www.bellunopress.it\/fr\/wp-json\/wp\/v2\/media?parent=168704"}],"wp:term":[{"taxonomy":"category","embeddable":true,"href":"https:\/\/www.bellunopress.it\/fr\/wp-json\/wp\/v2\/categories?post=168704"},{"taxonomy":"post_tag","embeddable":true,"href":"https:\/\/www.bellunopress.it\/fr\/wp-json\/wp\/v2\/tags?post=168704"}],"curies":[{"name":"wp","href":"https:\/\/api.w.org\/{rel}","templated":true}]}}