{"id":168696,"date":"2026-04-01T14:25:10","date_gmt":"2026-04-01T12:25:10","guid":{"rendered":"https:\/\/www.bellunopress.it\/?p=168696"},"modified":"2026-04-01T14:25:10","modified_gmt":"2026-04-01T12:25:10","slug":"feltre-pulito-largine-del-rio-musil-nuovi-interventi-in-arrivo","status":"publish","type":"post","link":"https:\/\/www.bellunopress.it\/fr\/2026\/04\/01\/feltre-pulito-largine-del-rio-musil-nuovi-interventi-in-arrivo\/","title":{"rendered":"Feltre. Pulito l\u2019argine del rio Musil. Nuovi interventi in arrivo"},"content":{"rendered":"<p>Feltre, 01\/04\/2026 &#8211; Al via, con l\u2019arrivo della bella stagione, il piano di interventi di manutenzione lungo i corsi d\u2019acqua minori del comune di Feltre, fondamentali per la sicurezza idraulica del territorio.<\/p>\n<p>Nei giorni scorsi \u00e8 stato completato un intervento di pulizia dell\u2019alveo del rio Musil, finalizzato a garantire il corretto deflusso delle acque e a prevenire possibili criticit\u00e0 in caso di precipitazioni intense. L\u2019operazione \u00e8 parte di un piano pi\u00f9 ampio, realizzato da Veneto Agricoltura con fondi e progettazione dei Servizi forestali per prevenire i rischi idrogeologici e mantenere ordine e pulizia tanto nelle frazioni quanto lungo i corsi d\u2019acqua che<br \/>\nattraversano le aree del centro. \u201cGli interventi di manutenzione e pulizia degli<br \/>\nalvei rappresentano un\u2019attivit\u00e0 essenziale per la prevenzione del rischio idrogeologico e per la tutela della sicurezza del nostro territorio \u2013 dichiara il sindaco, Viviana Fusaro \u2013. La regolare rimozione della vegetazione infestante e dei materiali accumulati nei corsi d\u2019acqua consente di preservarne la piena funzionalit\u00e0 idraulica, riducendo il pericolo di occlusioni, allagamenti ed esondazioni in caso di precipitazioni intense. Si tratta di un lavoro costante e spesso silenzioso, ma fondamentale per la prevenzione e per mantenere ordine e pulizia sia nelle frazioni sia nelle aree urbane della Citt\u00e0\u201d.<\/p>\n<p><strong>L\u2019INTERVENTO<\/strong><br \/>\nL\u2019operazione ha riguardato la rimozione della vegetazione e del materiale accumulato nel corso del tempo all\u2019interno dell\u2019alveo. In particolare sono stati eliminati arbusti, piante schiantate, tronchi e detriti che avrebbero potuto restringere la sezione del torrente e ostacolare il passaggio dell\u2019acqua. Si tratta di lavorazioni che vengono effettuate periodicamente proprio per mantenere l\u2019efficienza idraulica dei corsi d\u2019acqua e ridurre il rischio di occlusioni o esondazioni. \u201cSi tratta di interventi fondamentali per la sicurezza del territorio \u2013 spiega l\u2019assessore Maurizio Zatta \u2013 perch\u00e9 garantiscono il corretto deflusso delle acque e riducono il rischio di criticit\u00e0 durante gli eventi meteorologici pi\u00f9 intensi\u201d.<br \/>\nLa manutenzione degli alvei consiste infatti soprattutto nella pulizia della vegetazione infestante e nella rimozione dei materiali depositati sul fondo o lungo<br \/>\nle sponde. Interventi spesso poco visibili ma di straordinaria importanza per il<br \/>\nterritorio, perch\u00e9 consentono di mantenere libero il passaggio dell\u2019acqua e di<br \/>\nproteggere infrastrutture, strade e abitazioni che si trovano nelle vicinanze dei<br \/>\ncorsi d\u2019acqua.<br \/>\nNel frattempo dal Servizio forestale regionale sede di Belluno \u00e8 stato approvato il progetto esecutivo per la manutenzione degli alvei di altri torrenti del Feltrino. Interventi, anche questi, che rientrano nelle attivit\u00e0 manutentive periodiche svolte dagli uffici regionali del Genio Civile e dei Servizi Forestali sui torrenti di rispettiva competenza.<\/p>\n<p>In particolare saranno coinvolti:<br \/>\n\u2022 il torrente Ligont, nel tratto tra Umin e Foen;<br \/>\n\u2022 il torrente Uniera, nel tratto tra via Molan e il ponte di Tezze;<br \/>\n\u2022 il torrente Remuglia, in localit\u00e0 Pren Lamen;<br \/>\n\u2022 il Torrente Rovinaghe, sempre in localit\u00e0 Pren Lamen.<\/p>\n<p>A questi lavori si aggiunge anche l\u2019intervento sul torrente Colmeda, seguito dal<br \/>\nGenio Civile. Alcune delle operazioni, in particolare quelle previste sul Colmeda e sull\u2019Uniera nel tratto urbano, sono state sollecitate anche in vista<br \/>\ndella partenza del Giro d\u2019Italia, che porter\u00e0 in Citt\u00e0 migliaia di persone e una<br \/>\ngrande visibilit\u00e0 mediatica.<\/p>\n<p>Un risultato che \u00e8 frutto di un lavoro di squadra all\u2019interno dell\u2019Amministrazione<br \/>\ncomunale. L\u2019intervento sul rio Musil e l\u2019avanzamento dei nuovi progetti sono<br \/>\nstati infatti seguiti in stretto coordinamento tra la giunta e i consiglieri delegati Sebastiano Slongo, Denis Zatta e Primo Meneguz, che hanno lavorato insieme agli uffici per monitorare le situazioni pi\u00f9 delicate e sollecitare gli interventi necessari.<\/p>","protected":false},"excerpt":{"rendered":"<p>Feltre, 01\/04\/2026 &#8211; Al via, con l\u2019arrivo della bella stagione, il piano di interventi di manutenzione lungo i corsi d\u2019acqua minori del comune di Feltre, fondamentali per la sicurezza idraulica del territorio. Nei giorni scorsi \u00e8 stato completato un intervento di pulizia dell\u2019alveo del rio Musil, finalizzato a garantire il corretto deflusso delle acque e [&hellip;]<\/p>\n","protected":false},"author":2,"featured_media":168697,"comment_status":"closed","ping_status":"open","sticky":false,"template":"","format":"standard","meta":{"footnotes":""},"categories":[26,8],"tags":[],"class_list":["post-168696","post","type-post","status-publish","format-standard","has-post-thumbnail","category-prima-pagina","category-societa-istituzioni"],"yoast_head":"<!-- This site is optimized with the Yoast SEO plugin v28.4 - https:\/\/yoast.com\/product\/yoast-seo-wordpress\/ -->\n<title>Feltre. Pulito l\u2019argine del rio Musil. Nuovi interventi in arrivo - Bellunopress - Dolomiti<\/title>\n<meta name=\"robots\" content=\"index, follow, max-snippet:-1, max-image-preview:large, max-video-preview:-1\" \/>\n<link rel=\"canonical\" href=\"https:\/\/www.bellunopress.it\/fr\/2026\/04\/01\/feltre-pulito-largine-del-rio-musil-nuovi-interventi-in-arrivo\/\" \/>\n<meta property=\"og:locale\" content=\"fr_FR\" \/>\n<meta property=\"og:type\" content=\"article\" \/>\n<meta property=\"og:title\" content=\"Feltre. Pulito l\u2019argine del rio Musil. Nuovi interventi in arrivo - Bellunopress - Dolomiti\" \/>\n<meta property=\"og:description\" content=\"Feltre, 01\/04\/2026 &#8211; Al via, con l\u2019arrivo della bella stagione, il piano di interventi di manutenzione lungo i corsi d\u2019acqua minori del comune di Feltre, fondamentali per la sicurezza idraulica del territorio. Nei giorni scorsi \u00e8 stato completato un intervento di pulizia dell\u2019alveo del rio Musil, finalizzato a garantire il corretto deflusso delle acque e [&hellip;]\" \/>\n<meta property=\"og:url\" content=\"https:\/\/www.bellunopress.it\/fr\/2026\/04\/01\/feltre-pulito-largine-del-rio-musil-nuovi-interventi-in-arrivo\/\" \/>\n<meta property=\"og:site_name\" content=\"Bellunopress - Dolomiti\" \/>\n<meta property=\"article:publisher\" content=\"https:\/\/www.facebook.com\/profile.php?id=100008943462799\" \/>\n<meta property=\"article:published_time\" content=\"2026-04-01T12:25:10+00:00\" \/>\n<meta property=\"og:image\" content=\"https:\/\/www.bellunopress.it\/wp-content\/uploads\/2026\/04\/Feltre-pulizia-rio-Musil.jpeg\" \/>\n\t<meta property=\"og:image:width\" content=\"337\" \/>\n\t<meta property=\"og:image:height\" content=\"600\" \/>\n\t<meta property=\"og:image:type\" content=\"image\/jpeg\" \/>\n<meta name=\"author\" content=\"redazione\" \/>\n<meta name=\"twitter:card\" content=\"summary_large_image\" \/>\n<meta name=\"twitter:creator\" content=\"@bellunopress\" \/>\n<meta name=\"twitter:site\" content=\"@bellunopress\" \/>\n<meta name=\"twitter:label1\" content=\"\u00c9crit par\" \/>\n\t<meta name=\"twitter:data1\" content=\"redazione\" \/>\n\t<meta name=\"twitter:label2\" content=\"Dur\u00e9e de lecture estim\u00e9e\" \/>\n\t<meta name=\"twitter:data2\" content=\"3 minutes\" \/>\n<script type=\"application\/ld+json\" class=\"yoast-schema-graph\">{\"@context\":\"https:\\\/\\\/schema.org\",\"@graph\":[{\"@type\":\"Article\",\"@id\":\"https:\\\/\\\/www.bellunopress.it\\\/2026\\\/04\\\/01\\\/feltre-pulito-largine-del-rio-musil-nuovi-interventi-in-arrivo\\\/#article\",\"isPartOf\":{\"@id\":\"https:\\\/\\\/www.bellunopress.it\\\/2026\\\/04\\\/01\\\/feltre-pulito-largine-del-rio-musil-nuovi-interventi-in-arrivo\\\/\"},\"author\":{\"name\":\"redazione\",\"@id\":\"https:\\\/\\\/www.bellunopress.it\\\/#\\\/schema\\\/person\\\/79bb06722b37ece1c03d3e94beb30d73\"},\"headline\":\"Feltre. Pulito l\u2019argine del rio Musil. Nuovi interventi in arrivo\",\"datePublished\":\"2026-04-01T12:25:10+00:00\",\"mainEntityOfPage\":{\"@id\":\"https:\\\/\\\/www.bellunopress.it\\\/2026\\\/04\\\/01\\\/feltre-pulito-largine-del-rio-musil-nuovi-interventi-in-arrivo\\\/\"},\"wordCount\":589,\"publisher\":{\"@id\":\"https:\\\/\\\/www.bellunopress.it\\\/#organization\"},\"image\":{\"@id\":\"https:\\\/\\\/www.bellunopress.it\\\/2026\\\/04\\\/01\\\/feltre-pulito-largine-del-rio-musil-nuovi-interventi-in-arrivo\\\/#primaryimage\"},\"thumbnailUrl\":\"https:\\\/\\\/www.bellunopress.it\\\/wp-content\\\/uploads\\\/2026\\\/04\\\/Feltre-pulizia-rio-Musil.jpeg\",\"articleSection\":[\"Prima Pagina\",\"Societ\u00e0, Associazioni, Istituzioni\"],\"inLanguage\":\"fr-FR\"},{\"@type\":\"WebPage\",\"@id\":\"https:\\\/\\\/www.bellunopress.it\\\/2026\\\/04\\\/01\\\/feltre-pulito-largine-del-rio-musil-nuovi-interventi-in-arrivo\\\/\",\"url\":\"https:\\\/\\\/www.bellunopress.it\\\/2026\\\/04\\\/01\\\/feltre-pulito-largine-del-rio-musil-nuovi-interventi-in-arrivo\\\/\",\"name\":\"Feltre. Pulito l\u2019argine del rio Musil. Nuovi interventi in arrivo - Bellunopress - Dolomiti\",\"isPartOf\":{\"@id\":\"https:\\\/\\\/www.bellunopress.it\\\/#website\"},\"primaryImageOfPage\":{\"@id\":\"https:\\\/\\\/www.bellunopress.it\\\/2026\\\/04\\\/01\\\/feltre-pulito-largine-del-rio-musil-nuovi-interventi-in-arrivo\\\/#primaryimage\"},\"image\":{\"@id\":\"https:\\\/\\\/www.bellunopress.it\\\/2026\\\/04\\\/01\\\/feltre-pulito-largine-del-rio-musil-nuovi-interventi-in-arrivo\\\/#primaryimage\"},\"thumbnailUrl\":\"https:\\\/\\\/www.bellunopress.it\\\/wp-content\\\/uploads\\\/2026\\\/04\\\/Feltre-pulizia-rio-Musil.jpeg\",\"datePublished\":\"2026-04-01T12:25:10+00:00\",\"breadcrumb\":{\"@id\":\"https:\\\/\\\/www.bellunopress.it\\\/2026\\\/04\\\/01\\\/feltre-pulito-largine-del-rio-musil-nuovi-interventi-in-arrivo\\\/#breadcrumb\"},\"inLanguage\":\"fr-FR\",\"potentialAction\":[{\"@type\":\"ReadAction\",\"target\":[\"https:\\\/\\\/www.bellunopress.it\\\/2026\\\/04\\\/01\\\/feltre-pulito-largine-del-rio-musil-nuovi-interventi-in-arrivo\\\/\"]}]},{\"@type\":\"ImageObject\",\"inLanguage\":\"fr-FR\",\"@id\":\"https:\\\/\\\/www.bellunopress.it\\\/2026\\\/04\\\/01\\\/feltre-pulito-largine-del-rio-musil-nuovi-interventi-in-arrivo\\\/#primaryimage\",\"url\":\"https:\\\/\\\/www.bellunopress.it\\\/wp-content\\\/uploads\\\/2026\\\/04\\\/Feltre-pulizia-rio-Musil.jpeg\",\"contentUrl\":\"https:\\\/\\\/www.bellunopress.it\\\/wp-content\\\/uploads\\\/2026\\\/04\\\/Feltre-pulizia-rio-Musil.jpeg\",\"width\":337,\"height\":600},{\"@type\":\"BreadcrumbList\",\"@id\":\"https:\\\/\\\/www.bellunopress.it\\\/2026\\\/04\\\/01\\\/feltre-pulito-largine-del-rio-musil-nuovi-interventi-in-arrivo\\\/#breadcrumb\",\"itemListElement\":[{\"@type\":\"ListItem\",\"position\":1,\"name\":\"Home\",\"item\":\"https:\\\/\\\/www.bellunopress.it\\\/\"},{\"@type\":\"ListItem\",\"position\":2,\"name\":\"Feltre. Pulito l\u2019argine del rio Musil. Nuovi interventi in arrivo\"}]},{\"@type\":\"WebSite\",\"@id\":\"https:\\\/\\\/www.bellunopress.it\\\/#website\",\"url\":\"https:\\\/\\\/www.bellunopress.it\\\/\",\"name\":\"Bellunopress - Dolomiti\",\"description\":\"e-mail: redazione@bellunopress.it\",\"publisher\":{\"@id\":\"https:\\\/\\\/www.bellunopress.it\\\/#organization\"},\"potentialAction\":[{\"@type\":\"SearchAction\",\"target\":{\"@type\":\"EntryPoint\",\"urlTemplate\":\"https:\\\/\\\/www.bellunopress.it\\\/?s={search_term_string}\"},\"query-input\":{\"@type\":\"PropertyValueSpecification\",\"valueRequired\":true,\"valueName\":\"search_term_string\"}}],\"inLanguage\":\"fr-FR\"},{\"@type\":\"Organization\",\"@id\":\"https:\\\/\\\/www.bellunopress.it\\\/#organization\",\"name\":\"Bellunopress\",\"url\":\"https:\\\/\\\/www.bellunopress.it\\\/\",\"logo\":{\"@type\":\"ImageObject\",\"inLanguage\":\"fr-FR\",\"@id\":\"https:\\\/\\\/www.bellunopress.it\\\/#\\\/schema\\\/logo\\\/image\\\/\",\"url\":\"https:\\\/\\\/www.bellunopress.it\\\/wp-content\\\/uploads\\\/2011\\\/05\\\/cropped-logo-bellunopress-.jpg\",\"contentUrl\":\"https:\\\/\\\/www.bellunopress.it\\\/wp-content\\\/uploads\\\/2011\\\/05\\\/cropped-logo-bellunopress-.jpg\",\"width\":512,\"height\":512,\"caption\":\"Bellunopress\"},\"image\":{\"@id\":\"https:\\\/\\\/www.bellunopress.it\\\/#\\\/schema\\\/logo\\\/image\\\/\"},\"sameAs\":[\"https:\\\/\\\/www.facebook.com\\\/profile.php?id=100008943462799\",\"https:\\\/\\\/x.com\\\/bellunopress\",\"https:\\\/\\\/www.linkedin.com\\\/hp\\\/?dnr=JBzUWaJfMUw8vbXJJ2tVW5-I3jZKvC4wsoxE&amp;amp;amp;amp;amp;amp;trk=nav_responsive_tab_home\",\"https:\\\/\\\/www.youtube.com\\\/channel\\\/UCxL0wu1uN0_3_7hGG0306cw\"]},{\"@type\":\"Person\",\"@id\":\"https:\\\/\\\/www.bellunopress.it\\\/#\\\/schema\\\/person\\\/79bb06722b37ece1c03d3e94beb30d73\",\"name\":\"redazione\",\"image\":{\"@type\":\"ImageObject\",\"inLanguage\":\"fr-FR\",\"@id\":\"https:\\\/\\\/secure.gravatar.com\\\/avatar\\\/37d968a2e67a6fd04c169c4bdef102d0bc5d31b2546345219e348575eb80e9a0?s=96&d=mm&r=g\",\"url\":\"https:\\\/\\\/secure.gravatar.com\\\/avatar\\\/37d968a2e67a6fd04c169c4bdef102d0bc5d31b2546345219e348575eb80e9a0?s=96&d=mm&r=g\",\"contentUrl\":\"https:\\\/\\\/secure.gravatar.com\\\/avatar\\\/37d968a2e67a6fd04c169c4bdef102d0bc5d31b2546345219e348575eb80e9a0?s=96&d=mm&r=g\",\"caption\":\"redazione\"},\"sameAs\":[\"http:\\\/\\\/www.bellunopress.it\",\"https:\\\/\\\/x.com\\\/bellunopress\"],\"url\":\"https:\\\/\\\/www.bellunopress.it\\\/fr\\\/author\\\/redazione\\\/\"}]}<\/script>\n<!-- \/ Yoast SEO plugin. -->","yoast_head_json":{"title":"Feltre. Pulito l\u2019argine del rio Musil. Nuovi interventi in arrivo - Bellunopress - Dolomiti","robots":{"index":"index","follow":"follow","max-snippet":"max-snippet:-1","max-image-preview":"max-image-preview:large","max-video-preview":"max-video-preview:-1"},"canonical":"https:\/\/www.bellunopress.it\/fr\/2026\/04\/01\/feltre-pulito-largine-del-rio-musil-nuovi-interventi-in-arrivo\/","og_locale":"fr_FR","og_type":"article","og_title":"Feltre. Pulito l\u2019argine del rio Musil. Nuovi interventi in arrivo - Bellunopress - Dolomiti","og_description":"Feltre, 01\/04\/2026 &#8211; Al via, con l\u2019arrivo della bella stagione, il piano di interventi di manutenzione lungo i corsi d\u2019acqua minori del comune di Feltre, fondamentali per la sicurezza idraulica del territorio. Nei giorni scorsi \u00e8 stato completato un intervento di pulizia dell\u2019alveo del rio Musil, finalizzato a garantire il corretto deflusso delle acque e [&hellip;]","og_url":"https:\/\/www.bellunopress.it\/fr\/2026\/04\/01\/feltre-pulito-largine-del-rio-musil-nuovi-interventi-in-arrivo\/","og_site_name":"Bellunopress - Dolomiti","article_publisher":"https:\/\/www.facebook.com\/profile.php?id=100008943462799","article_published_time":"2026-04-01T12:25:10+00:00","og_image":[{"width":337,"height":600,"url":"https:\/\/www.bellunopress.it\/wp-content\/uploads\/2026\/04\/Feltre-pulizia-rio-Musil.jpeg","type":"image\/jpeg"}],"author":"redazione","twitter_card":"summary_large_image","twitter_creator":"@bellunopress","twitter_site":"@bellunopress","twitter_misc":{"\u00c9crit par":"redazione","Dur\u00e9e de lecture estim\u00e9e":"3 minutes"},"schema":{"@context":"https:\/\/schema.org","@graph":[{"@type":"Article","@id":"https:\/\/www.bellunopress.it\/2026\/04\/01\/feltre-pulito-largine-del-rio-musil-nuovi-interventi-in-arrivo\/#article","isPartOf":{"@id":"https:\/\/www.bellunopress.it\/2026\/04\/01\/feltre-pulito-largine-del-rio-musil-nuovi-interventi-in-arrivo\/"},"author":{"name":"redazione","@id":"https:\/\/www.bellunopress.it\/#\/schema\/person\/79bb06722b37ece1c03d3e94beb30d73"},"headline":"Feltre. Pulito l\u2019argine del rio Musil. Nuovi interventi in arrivo","datePublished":"2026-04-01T12:25:10+00:00","mainEntityOfPage":{"@id":"https:\/\/www.bellunopress.it\/2026\/04\/01\/feltre-pulito-largine-del-rio-musil-nuovi-interventi-in-arrivo\/"},"wordCount":589,"publisher":{"@id":"https:\/\/www.bellunopress.it\/#organization"},"image":{"@id":"https:\/\/www.bellunopress.it\/2026\/04\/01\/feltre-pulito-largine-del-rio-musil-nuovi-interventi-in-arrivo\/#primaryimage"},"thumbnailUrl":"https:\/\/www.bellunopress.it\/wp-content\/uploads\/2026\/04\/Feltre-pulizia-rio-Musil.jpeg","articleSection":["Prima Pagina","Societ\u00e0, Associazioni, Istituzioni"],"inLanguage":"fr-FR"},{"@type":"WebPage","@id":"https:\/\/www.bellunopress.it\/2026\/04\/01\/feltre-pulito-largine-del-rio-musil-nuovi-interventi-in-arrivo\/","url":"https:\/\/www.bellunopress.it\/2026\/04\/01\/feltre-pulito-largine-del-rio-musil-nuovi-interventi-in-arrivo\/","name":"Feltre. Pulito l\u2019argine del rio Musil. Nuovi interventi in arrivo - Bellunopress - Dolomiti","isPartOf":{"@id":"https:\/\/www.bellunopress.it\/#website"},"primaryImageOfPage":{"@id":"https:\/\/www.bellunopress.it\/2026\/04\/01\/feltre-pulito-largine-del-rio-musil-nuovi-interventi-in-arrivo\/#primaryimage"},"image":{"@id":"https:\/\/www.bellunopress.it\/2026\/04\/01\/feltre-pulito-largine-del-rio-musil-nuovi-interventi-in-arrivo\/#primaryimage"},"thumbnailUrl":"https:\/\/www.bellunopress.it\/wp-content\/uploads\/2026\/04\/Feltre-pulizia-rio-Musil.jpeg","datePublished":"2026-04-01T12:25:10+00:00","breadcrumb":{"@id":"https:\/\/www.bellunopress.it\/2026\/04\/01\/feltre-pulito-largine-del-rio-musil-nuovi-interventi-in-arrivo\/#breadcrumb"},"inLanguage":"fr-FR","potentialAction":[{"@type":"ReadAction","target":["https:\/\/www.bellunopress.it\/2026\/04\/01\/feltre-pulito-largine-del-rio-musil-nuovi-interventi-in-arrivo\/"]}]},{"@type":"ImageObject","inLanguage":"fr-FR","@id":"https:\/\/www.bellunopress.it\/2026\/04\/01\/feltre-pulito-largine-del-rio-musil-nuovi-interventi-in-arrivo\/#primaryimage","url":"https:\/\/www.bellunopress.it\/wp-content\/uploads\/2026\/04\/Feltre-pulizia-rio-Musil.jpeg","contentUrl":"https:\/\/www.bellunopress.it\/wp-content\/uploads\/2026\/04\/Feltre-pulizia-rio-Musil.jpeg","width":337,"height":600},{"@type":"BreadcrumbList","@id":"https:\/\/www.bellunopress.it\/2026\/04\/01\/feltre-pulito-largine-del-rio-musil-nuovi-interventi-in-arrivo\/#breadcrumb","itemListElement":[{"@type":"ListItem","position":1,"name":"Home","item":"https:\/\/www.bellunopress.it\/"},{"@type":"ListItem","position":2,"name":"Feltre. Pulito l\u2019argine del rio Musil. Nuovi interventi in arrivo"}]},{"@type":"WebSite","@id":"https:\/\/www.bellunopress.it\/#website","url":"https:\/\/www.bellunopress.it\/","name":"Bellunopress - Dolomiti","description":"e-mail: redazione@bellunopress.it","publisher":{"@id":"https:\/\/www.bellunopress.it\/#organization"},"potentialAction":[{"@type":"SearchAction","target":{"@type":"EntryPoint","urlTemplate":"https:\/\/www.bellunopress.it\/?s={search_term_string}"},"query-input":{"@type":"PropertyValueSpecification","valueRequired":true,"valueName":"search_term_string"}}],"inLanguage":"fr-FR"},{"@type":"Organization","@id":"https:\/\/www.bellunopress.it\/#organization","name":"Bellunopress","url":"https:\/\/www.bellunopress.it\/","logo":{"@type":"ImageObject","inLanguage":"fr-FR","@id":"https:\/\/www.bellunopress.it\/#\/schema\/logo\/image\/","url":"https:\/\/www.bellunopress.it\/wp-content\/uploads\/2011\/05\/cropped-logo-bellunopress-.jpg","contentUrl":"https:\/\/www.bellunopress.it\/wp-content\/uploads\/2011\/05\/cropped-logo-bellunopress-.jpg","width":512,"height":512,"caption":"Bellunopress"},"image":{"@id":"https:\/\/www.bellunopress.it\/#\/schema\/logo\/image\/"},"sameAs":["https:\/\/www.facebook.com\/profile.php?id=100008943462799","https:\/\/x.com\/bellunopress","https:\/\/www.linkedin.com\/hp\/?dnr=JBzUWaJfMUw8vbXJJ2tVW5-I3jZKvC4wsoxE&amp;amp;amp;amp;amp;amp;trk=nav_responsive_tab_home","https:\/\/www.youtube.com\/channel\/UCxL0wu1uN0_3_7hGG0306cw"]},{"@type":"Person","@id":"https:\/\/www.bellunopress.it\/#\/schema\/person\/79bb06722b37ece1c03d3e94beb30d73","name":"r\u00e9daction","image":{"@type":"ImageObject","inLanguage":"fr-FR","@id":"https:\/\/secure.gravatar.com\/avatar\/37d968a2e67a6fd04c169c4bdef102d0bc5d31b2546345219e348575eb80e9a0?s=96&d=mm&r=g","url":"https:\/\/secure.gravatar.com\/avatar\/37d968a2e67a6fd04c169c4bdef102d0bc5d31b2546345219e348575eb80e9a0?s=96&d=mm&r=g","contentUrl":"https:\/\/secure.gravatar.com\/avatar\/37d968a2e67a6fd04c169c4bdef102d0bc5d31b2546345219e348575eb80e9a0?s=96&d=mm&r=g","caption":"redazione"},"sameAs":["http:\/\/www.bellunopress.it","https:\/\/x.com\/bellunopress"],"url":"https:\/\/www.bellunopress.it\/fr\/author\/redazione\/"}]}},"_links":{"self":[{"href":"https:\/\/www.bellunopress.it\/fr\/wp-json\/wp\/v2\/posts\/168696","targetHints":{"allow":["GET"]}}],"collection":[{"href":"https:\/\/www.bellunopress.it\/fr\/wp-json\/wp\/v2\/posts"}],"about":[{"href":"https:\/\/www.bellunopress.it\/fr\/wp-json\/wp\/v2\/types\/post"}],"author":[{"embeddable":true,"href":"https:\/\/www.bellunopress.it\/fr\/wp-json\/wp\/v2\/users\/2"}],"replies":[{"embeddable":true,"href":"https:\/\/www.bellunopress.it\/fr\/wp-json\/wp\/v2\/comments?post=168696"}],"version-history":[{"count":1,"href":"https:\/\/www.bellunopress.it\/fr\/wp-json\/wp\/v2\/posts\/168696\/revisions"}],"predecessor-version":[{"id":168698,"href":"https:\/\/www.bellunopress.it\/fr\/wp-json\/wp\/v2\/posts\/168696\/revisions\/168698"}],"wp:featuredmedia":[{"embeddable":true,"href":"https:\/\/www.bellunopress.it\/fr\/wp-json\/wp\/v2\/media\/168697"}],"wp:attachment":[{"href":"https:\/\/www.bellunopress.it\/fr\/wp-json\/wp\/v2\/media?parent=168696"}],"wp:term":[{"taxonomy":"category","embeddable":true,"href":"https:\/\/www.bellunopress.it\/fr\/wp-json\/wp\/v2\/categories?post=168696"},{"taxonomy":"post_tag","embeddable":true,"href":"https:\/\/www.bellunopress.it\/fr\/wp-json\/wp\/v2\/tags?post=168696"}],"curies":[{"name":"wp","href":"https:\/\/api.w.org\/{rel}","templated":true}]}}