{"id":168692,"date":"2026-04-01T09:26:33","date_gmt":"2026-04-01T07:26:33","guid":{"rendered":"https:\/\/www.bellunopress.it\/?p=168692"},"modified":"2026-04-01T09:25:40","modified_gmt":"2026-04-01T07:25:40","slug":"macroregione-veneto-e-friuli-la-proposta-della-liga-di-morosin-che-piace-al-bard-lo-scenario-e-lanalisi-dei-rischi","status":"publish","type":"post","link":"https:\/\/www.bellunopress.it\/fr\/2026\/04\/01\/macroregione-veneto-e-friuli-la-proposta-della-liga-di-morosin-che-piace-al-bard-lo-scenario-e-lanalisi-dei-rischi\/","title":{"rendered":"Macroregione Veneto e Friuli. La proposta della Liga di Morosin che piace al Bard. Lo scenario e l&#8217;analisi dei rischi"},"content":{"rendered":"<p data-path-to-node=\"3\">Venezia, 01\/04\/2026 \u2013 Non pi\u00f9 &#8220;briciole&#8221; da Roma, ma un nuovo peso specifico nel cuore dell&#8217;Europa. La proposta di Alessio Morosin, capogruppo della Liga Veneta Repubblica, presentata a Palazzo Ferro Fini: convocare un Consiglio regionale congiunto tra Veneto e Friuli-Venezia Giulia per discutere formalmente la fusione tra le due regioni. Un&#8217;ipotesi che trova terreno fertile a Belluno, dove il movimento BARD (Belluno Autonoma Regione Dolomiti) rivendica con orgoglio la paternit\u00e0 di una visione che oggi sembra contagiare anche la pianura.<\/p>\n<p data-path-to-node=\"5\">L&#8217;intervento di Morosin in Aula \u00e8 un attacco frontale all&#8217;attuale sistema di gestione delle risorse. Il dato politico \u00e8 supportato da quello economico: il residuo fiscale.<\/p>\n<blockquote data-path-to-node=\"6\">\n<h6 style=\"text-align: left;\" data-path-to-node=\"6,0\">\u00abIn queste due ore di Consiglio, dal Veneto sono gi\u00e0 usciti circa 3 milioni di euro\u00bb, ha denunciato Morosin. \u00ab\u00c8 come andare al ristorante, consumare per 100 e pagarne 125 per chi non paga\u00bb.<\/h6>\n<\/blockquote>\n<p data-path-to-node=\"7\">Secondo il consigliere, la sentenza 192\/2024 della Corte Costituzionale ha ridotto al lumicino le speranze di un&#8217;autonomia differenziata ottenuta per via ordinaria. Da qui la scelta di percorrere la strada maestra tracciata dall&#8217;articolo 132 della Costituzione, che permette la fusione di Regioni esistenti. Il risultato sarebbe un gigante da oltre 6,5 milioni di abitanti, una realt\u00e0 istituzionale capace di trattare alla pari con lo Stato e di invertire la rotta su una povert\u00e0 che in Veneto tocca ormai 600.000 persone.<\/p>\n<p data-path-to-node=\"9\">A Belluno la proposta non suona affatto nuova. Il movimento Belluno Autonoma Regione Dolomiti accoglie con favore l\u2019apertura veneziana, ricordando come la montagna sia stata pioniera in questa battaglia.<\/p>\n<p data-path-to-node=\"10\">\u00abDopo anni di retorica, finalmente si parla di temi concreti\u00bb, commentano dal movimento autonomista. Per il BARD, questa \u00e8 la naturale evoluzione di un percorso iniziato 13 anni fa con il referendum di Pieve di Cadore e proseguito con il passaggio di Sappada al Friuli nel 2017.<\/p>\n<blockquote data-path-to-node=\"11\">\n<h6 style=\"text-align: left;\" data-path-to-node=\"11,0\">\u00abIl fatto che quello che per molti era un semplice &#8220;mal di pancia&#8221; della montagna abbia ora contagiato molti comuni della pianura significa che ci avevamo visto giusto\u00bb, sottolineano dal BARD.<\/h6>\n<\/blockquote>\n<p data-path-to-node=\"13\">Il progetto punta a creare un soggetto politico ed economico con una forza d&#8217;urto senza precedenti nel panorama italiano. Per Morosin si tratta di un segnale &#8220;intelligente e a costo zero&#8221; da inviare a un governo centrale che sembra sordo alle richieste di autonomia.<\/p>\n<p data-path-to-node=\"14\">L&#8217;obiettivo dichiarato \u00e8 uscire dalla gestione ordinaria delle &#8220;briciole&#8221; di bilancio per diventare protagonisti del proprio destino. La palla passa ora alle istituzioni: il confronto con i colleghi friulani sar\u00e0 il primo banco di prova per capire se la &#8220;Macroregione del Nord-Est&#8221; possa passare dai comunicati stampa alla realt\u00e0 istituzionale.<\/p>\n<h1 data-path-to-node=\"1\"><\/h1>\n<h1 data-path-to-node=\"1\">Scenario, analisi dei rischi e delle dinamiche<\/h1>\n<h3 data-path-to-node=\"2\">1. Il vincolo del Patto di Stabilit\u00e0 e Crescita<\/h3>\n<p data-path-to-node=\"3\">L&#8217;Unione Europea non monitora solo il bilancio dello Stato centrale, ma quello delle Amministrazioni Pubbliche nel loro complesso (il cosiddetto &#8220;perimetro PA&#8221;).<\/p>\n<ul data-path-to-node=\"4\">\n<li>\n<p data-path-to-node=\"4,0,0\">Neutralit\u00e0 fiscale: se il Veneto e il Friuli si fondessero trattenendo pi\u00f9 risorse sul territorio, per l&#8217;Europa il deficit complessivo dell&#8217;Italia non cambierebbe necessariamente, a patto che lo Stato centrale tagli le sue spese in misura corrispondente a quanto non riceve pi\u00f9 da suddette regioni.<\/p>\n<\/li>\n<li>\n<p data-path-to-node=\"4,1,0\">Il rischio &#8220;buco&#8221;: il problema sorge se il minor gettito verso Roma non fosse compensato da un trasferimento di funzioni e oneri (scuole, infrastrutture, sanit\u00e0) dallo Stato alla nuova Macroregione. In quel caso, il bilancio dello Stato centrale andrebbe in sofferenza, rischiando di sforare i parametri del Patto di Stabilit\u00e0 rivisto nel 2024.<\/p>\n<\/li>\n<\/ul>\n<h3 data-path-to-node=\"5\">2. Lo spettro del 2011: Spread e mercati<\/h3>\n<p data-path-to-node=\"6\">Potrebbe verificarsi una crisi del governo simile a quella accaduta al governo Berlusconi del 2011 innescata dalla percezione di stabilit\u00e0. Poich\u00e9 Lo spread (il differenziale tra BTP italiani e Bund tedeschi) non aumenta solo per i numeri, ma anche per la fiducia.<\/p>\n<ul data-path-to-node=\"7\">\n<li>\n<p data-path-to-node=\"7,0,0\">Instabilit\u00e0 Istituzionale: i mercati temono l&#8217;incertezza. Una disputa costituzionale violenta tra Roma e una nuova entit\u00e0 territoriale forte potrebbe essere letta come un segnale di debolezza dello Stato centrale.<\/p>\n<\/li>\n<li>\n<p data-path-to-node=\"7,1,0\">Sostenibilit\u00e0 del debito: se gli investitori percepiscono che lo Stato centrale ha meno entrate fiscali per ripagare il debito pubblico (che resta in capo a Roma), potrebbero pretendere tassi di interesse pi\u00f9 alti (facendo salire lo spread) per compensare il rischio di insolvenza.<\/p>\n<\/li>\n<\/ul>\n<h3 data-path-to-node=\"8\">3. Il ruolo della Corte Costituzionale e della UE<\/h3>\n<p data-path-to-node=\"9\">La sentenza 192\/2024 ha gi\u00e0 messo dei paletti all&#8217;autonomia differenziata, proprio per garantire la coesione nazionale e la tenuta dei conti pubblici.<\/p>\n<ul data-path-to-node=\"10\">\n<li>\n<p data-path-to-node=\"10,0,0\">L&#8217;UE tende a preferire riforme che semplificano la burocrazia. Una fusione che riduca il numero di consiglieri e ottimizzi i costi potrebbe essere vista positivamente.<\/p>\n<\/li>\n<li>\n<p data-path-to-node=\"10,1,0\">Tuttavia, se la fusione diventasse il paravento per una &#8220;secessione di fatto&#8221; delle risorse, la Commissione Europea potrebbe inviare avvertimenti (le cosiddette <i data-path-to-node=\"10,1,0\" data-index-in-node=\"176\">Warning Letters<\/i>), influenzando indirettamente il sentiment dei mercati.<\/p>\n<\/li>\n<\/ul>\n<h3 data-path-to-node=\"11\">Confronto tra scenari<\/h3>\n<table data-path-to-node=\"12\">\n<thead>\n<tr>\n<td>Fattore<\/td>\n<td>Scenario 2011 (Crisi Debito)<\/td>\n<td>Scenario Macroregione (Fusione)<\/td>\n<\/tr>\n<\/thead>\n<tbody>\n<tr>\n<td>Causa scatenante<\/td>\n<td>Mancanza di fiducia nella sostenibilit\u00e0 del debito sovrano.<\/td>\n<td>Timore di erosione della base fiscale dello Stato centrale.<\/td>\n<\/tr>\n<tr>\n<td>Reazione UE<\/td>\n<td>Richiesta di riforme strutturali e austerity.<\/td>\n<td>Monitoraggio del rispetto dei LEA (Livelli Essenziali di Assistenza) e dei saldi di bilancio.<\/td>\n<\/tr>\n<tr>\n<td>Effetto Spread<\/td>\n<td>Esplosivo (&gt;500 punti base).<\/td>\n<td>Probabilmente moderato, legato alla stabilit\u00e0 politica del governo.<\/td>\n<\/tr>\n<\/tbody>\n<\/table>\n<p data-path-to-node=\"13\">\n<p data-path-to-node=\"13\">La Macroregione dunque non \u00e8 di per s\u00e9 un trigger per lo spread, ma lo diventa se la transizione appare caotica o se mina la capacit\u00e0 di Roma di onorare il debito pubblico. La sfida di Morosin e del BARD, insomma, non \u00e8 solo politica, ma ingegneria finanziaria: dimostrare che una gestione locale \u00e8 pi\u00f9 efficiente non significa necessariamente un fallimento dello Stato centrale. Ma la maggioranza parlamentare consentirebbe questo?<\/p>\n<h2 data-path-to-node=\"0\">Ipotesi di un effetto domino nel Nord Italia e costituzione di macro-aree europee. La nascita di una Macroregione del Nord-Ovest:<\/h2>\n<h3 data-path-to-node=\"2\">1. Un colosso economico da competizione globale<\/h3>\n<p data-path-to-node=\"3\">Una fusione tra Lombardia, Piemonte e Liguria creerebbe un&#8217;entit\u00e0 con circa 15 milioni di abitanti.<\/p>\n<ul data-path-to-node=\"4\">\n<li>\n<p data-path-to-node=\"4,0,0\">PIL e innovazione: metterebbe insieme il cuore finanziario e industriale (Milano e Torino) con il principale sbocco logistico e marittimo del Paese (Genova).<\/p>\n<\/li>\n<li>\n<p data-path-to-node=\"4,1,0\">Potere contrattuale: una realt\u00e0 del genere avrebbe un peso politico a Bruxelles superiore a quello di molti Stati membri dell&#8217;UE (come Belgio, Austria o Svezia), potendo gestire direttamente fondi strutturali e grandi reti di trasporto (TEN-T).<\/p>\n<\/li>\n<\/ul>\n<h3 data-path-to-node=\"5\">2. Il rischio di desertificazione fiscale per il Sud<\/h3>\n<p data-path-to-node=\"6\">Se le due grandi macroregioni del Nord (Nord-Est e Nord-Ovest) dovessero trattenere quote significative del proprio gettito fiscale, lo Stato centrale perderebbe la sua principale fonte di finanziamento per la perequazione nazionale.<\/p>\n<ul data-path-to-node=\"7\">\n<li>\n<p data-path-to-node=\"7,0,0\">Fondo di Solidariet\u00e0: il sistema attuale garantisce che le tasse pagate a Milano o Padova servano a finanziare ospedali e scuole in Calabria o Puglia.<\/p>\n<\/li>\n<li>\n<p data-path-to-node=\"7,1,0\">Tensione sociale: senza questi trasferimenti, o con una loro drastica riduzione, il rischio di un default dei servizi pubblici nelle regioni meno ricche diventerebbe concreto, alimentando tensioni sociali e migrazioni interne verso le macroregioni del Nord.<\/p>\n<\/li>\n<\/ul>\n<h3 data-path-to-node=\"8\">3. La reazione dei mercati e dell&#8217;Europa<\/h3>\n<p data-path-to-node=\"9\">Timore sullo spread. Se l&#8217;Italia si frammentasse in macroregioni forti e uno Stato centrale debole potrebbero verificarsi due ipotesi:<\/p>\n<ul data-path-to-node=\"10\">\n<li>\n<p data-path-to-node=\"10,0,0\">Il rating del debito: Le agenzie di rating potrebbero declassare i titoli di Stato italiani se ritenessero che Roma non ha pi\u00f9 il controllo sulle aree che producono la ricchezza necessaria a ripagare il debito.<\/p>\n<\/li>\n<li>\n<p data-path-to-node=\"10,1,0\">La risposta della BCE: L&#8217;Europa potrebbe vedere con favore l&#8217;efficienza amministrativa delle macroregioni, ma temerebbe l&#8217;instabilit\u00e0 politica di un Paese fondatore dell&#8217;Eurozona che cambia assetto in modo cos\u00ec repentino.<\/p>\n<\/li>\n<\/ul>\n<h3 data-path-to-node=\"11\">Confronto tra le potenziali Macroregioni<\/h3>\n<table data-path-to-node=\"12\">\n<thead>\n<tr>\n<td>Macroregione<\/td>\n<td>Popolazione (ca.)<\/td>\n<td>Asset Chiave<\/td>\n<td>Obiettivo Strategico<\/td>\n<\/tr>\n<\/thead>\n<tbody>\n<tr>\n<td>Nord-Est (VE+FVG)<\/td>\n<td>6,5 Milioni<\/td>\n<td>Logistica verso Est, Turismo, Manifattura<\/td>\n<td>Autonomia spinta, gestione residuo fiscale.<\/td>\n<\/tr>\n<tr>\n<td>Nord-Ovest (LO+PIE+LIG)<\/td>\n<td>15 Milioni<\/td>\n<td>Finanza, Automotive, Portualit\u00e0<\/td>\n<td>Competizione con i Land tedeschi e l&#8217;\u00cele-de-France.<\/td>\n<\/tr>\n<\/tbody>\n<\/table>\n<h3 data-path-to-node=\"13\">Il nodo costituzionale<\/h3>\n<p data-path-to-node=\"14\">Anche per il Nord-Ovest, la strada sarebbe l&#8217;Articolo 132. Tuttavia, mentre la fusione Veneto-Friuli \u00e8 facilitata da una continuit\u00e0 culturale e dal fatto che il Friuli \u00e8 gi\u00e0 a statuto speciale, una fusione a tre nel Nord-Ovest richiederebbe una complessa armonizzazione di bilanci e apparati burocratici immensi.<\/p>","protected":false},"excerpt":{"rendered":"<p>Venezia, 01\/04\/2026 \u2013 Non pi\u00f9 &#8220;briciole&#8221; da Roma, ma un nuovo peso specifico nel cuore dell&#8217;Europa. La proposta di Alessio Morosin, capogruppo della Liga Veneta Repubblica, presentata a Palazzo Ferro Fini: convocare un Consiglio regionale congiunto tra Veneto e Friuli-Venezia Giulia per discutere formalmente la fusione tra le due regioni. Un&#8217;ipotesi che trova terreno fertile [&hellip;]<\/p>\n","protected":false},"author":2,"featured_media":114469,"comment_status":"closed","ping_status":"open","sticky":false,"template":"","format":"standard","meta":{"footnotes":""},"categories":[5,3446,26],"tags":[],"class_list":["post-168692","post","type-post","status-publish","format-standard","has-post-thumbnail","category-cronaca","category-featured","category-prima-pagina"],"yoast_head":"<!-- This site is optimized with the Yoast SEO plugin v28.4 - https:\/\/yoast.com\/product\/yoast-seo-wordpress\/ -->\n<title>Macroregione Veneto e Friuli. La proposta della Liga di Morosin che piace al Bard. Lo scenario e l&#039;analisi dei rischi - Bellunopress - Dolomiti<\/title>\n<meta name=\"robots\" content=\"index, follow, max-snippet:-1, max-image-preview:large, max-video-preview:-1\" \/>\n<link rel=\"canonical\" href=\"https:\/\/www.bellunopress.it\/fr\/2026\/04\/01\/macroregione-veneto-e-friuli-la-proposta-della-liga-di-morosin-che-piace-al-bard-lo-scenario-e-lanalisi-dei-rischi\/\" \/>\n<meta property=\"og:locale\" content=\"fr_FR\" \/>\n<meta property=\"og:type\" content=\"article\" \/>\n<meta property=\"og:title\" content=\"Macroregione Veneto e Friuli. La proposta della Liga di Morosin che piace al Bard. Lo scenario e l&#039;analisi dei rischi - Bellunopress - Dolomiti\" \/>\n<meta property=\"og:description\" content=\"Venezia, 01\/04\/2026 \u2013 Non pi\u00f9 &#8220;briciole&#8221; da Roma, ma un nuovo peso specifico nel cuore dell&#8217;Europa. La proposta di Alessio Morosin, capogruppo della Liga Veneta Repubblica, presentata a Palazzo Ferro Fini: convocare un Consiglio regionale congiunto tra Veneto e Friuli-Venezia Giulia per discutere formalmente la fusione tra le due regioni. Un&#8217;ipotesi che trova terreno fertile [&hellip;]\" \/>\n<meta property=\"og:url\" content=\"https:\/\/www.bellunopress.it\/fr\/2026\/04\/01\/macroregione-veneto-e-friuli-la-proposta-della-liga-di-morosin-che-piace-al-bard-lo-scenario-e-lanalisi-dei-rischi\/\" \/>\n<meta property=\"og:site_name\" content=\"Bellunopress - Dolomiti\" \/>\n<meta property=\"article:publisher\" content=\"https:\/\/www.facebook.com\/profile.php?id=100008943462799\" \/>\n<meta property=\"article:published_time\" content=\"2026-04-01T07:26:33+00:00\" \/>\n<meta property=\"og:image\" content=\"https:\/\/www.bellunopress.it\/wp-content\/uploads\/2020\/05\/Regione-Veneto-Palazzo-Ferro-Fini-sede-del-Consiglio-regionale_edited.jpg\" \/>\n\t<meta property=\"og:image:width\" content=\"780\" \/>\n\t<meta property=\"og:image:height\" content=\"405\" \/>\n\t<meta property=\"og:image:type\" content=\"image\/jpeg\" \/>\n<meta name=\"author\" content=\"redazione\" \/>\n<meta name=\"twitter:card\" content=\"summary_large_image\" \/>\n<meta name=\"twitter:creator\" content=\"@bellunopress\" \/>\n<meta name=\"twitter:site\" content=\"@bellunopress\" \/>\n<meta name=\"twitter:label1\" content=\"\u00c9crit par\" \/>\n\t<meta name=\"twitter:data1\" content=\"redazione\" \/>\n\t<meta name=\"twitter:label2\" content=\"Dur\u00e9e de lecture estim\u00e9e\" \/>\n\t<meta name=\"twitter:data2\" content=\"6 minutes\" \/>\n<script type=\"application\/ld+json\" class=\"yoast-schema-graph\">{\"@context\":\"https:\\\/\\\/schema.org\",\"@graph\":[{\"@type\":\"Article\",\"@id\":\"https:\\\/\\\/www.bellunopress.it\\\/2026\\\/04\\\/01\\\/macroregione-veneto-e-friuli-la-proposta-della-liga-di-morosin-che-piace-al-bard-lo-scenario-e-lanalisi-dei-rischi\\\/#article\",\"isPartOf\":{\"@id\":\"https:\\\/\\\/www.bellunopress.it\\\/2026\\\/04\\\/01\\\/macroregione-veneto-e-friuli-la-proposta-della-liga-di-morosin-che-piace-al-bard-lo-scenario-e-lanalisi-dei-rischi\\\/\"},\"author\":{\"name\":\"redazione\",\"@id\":\"https:\\\/\\\/www.bellunopress.it\\\/#\\\/schema\\\/person\\\/79bb06722b37ece1c03d3e94beb30d73\"},\"headline\":\"Macroregione Veneto e Friuli. La proposta della Liga di Morosin che piace al Bard. Lo scenario e l&#8217;analisi dei rischi\",\"datePublished\":\"2026-04-01T07:26:33+00:00\",\"mainEntityOfPage\":{\"@id\":\"https:\\\/\\\/www.bellunopress.it\\\/2026\\\/04\\\/01\\\/macroregione-veneto-e-friuli-la-proposta-della-liga-di-morosin-che-piace-al-bard-lo-scenario-e-lanalisi-dei-rischi\\\/\"},\"wordCount\":1297,\"publisher\":{\"@id\":\"https:\\\/\\\/www.bellunopress.it\\\/#organization\"},\"image\":{\"@id\":\"https:\\\/\\\/www.bellunopress.it\\\/2026\\\/04\\\/01\\\/macroregione-veneto-e-friuli-la-proposta-della-liga-di-morosin-che-piace-al-bard-lo-scenario-e-lanalisi-dei-rischi\\\/#primaryimage\"},\"thumbnailUrl\":\"https:\\\/\\\/www.bellunopress.it\\\/wp-content\\\/uploads\\\/2020\\\/05\\\/Regione-Veneto-Palazzo-Ferro-Fini-sede-del-Consiglio-regionale_edited.jpg\",\"articleSection\":[\"Cronaca\\\/Politica\",\"Featured\",\"Prima Pagina\"],\"inLanguage\":\"fr-FR\"},{\"@type\":\"WebPage\",\"@id\":\"https:\\\/\\\/www.bellunopress.it\\\/2026\\\/04\\\/01\\\/macroregione-veneto-e-friuli-la-proposta-della-liga-di-morosin-che-piace-al-bard-lo-scenario-e-lanalisi-dei-rischi\\\/\",\"url\":\"https:\\\/\\\/www.bellunopress.it\\\/2026\\\/04\\\/01\\\/macroregione-veneto-e-friuli-la-proposta-della-liga-di-morosin-che-piace-al-bard-lo-scenario-e-lanalisi-dei-rischi\\\/\",\"name\":\"Macroregione Veneto e Friuli. La proposta della Liga di Morosin che piace al Bard. Lo scenario e l'analisi dei rischi - Bellunopress - Dolomiti\",\"isPartOf\":{\"@id\":\"https:\\\/\\\/www.bellunopress.it\\\/#website\"},\"primaryImageOfPage\":{\"@id\":\"https:\\\/\\\/www.bellunopress.it\\\/2026\\\/04\\\/01\\\/macroregione-veneto-e-friuli-la-proposta-della-liga-di-morosin-che-piace-al-bard-lo-scenario-e-lanalisi-dei-rischi\\\/#primaryimage\"},\"image\":{\"@id\":\"https:\\\/\\\/www.bellunopress.it\\\/2026\\\/04\\\/01\\\/macroregione-veneto-e-friuli-la-proposta-della-liga-di-morosin-che-piace-al-bard-lo-scenario-e-lanalisi-dei-rischi\\\/#primaryimage\"},\"thumbnailUrl\":\"https:\\\/\\\/www.bellunopress.it\\\/wp-content\\\/uploads\\\/2020\\\/05\\\/Regione-Veneto-Palazzo-Ferro-Fini-sede-del-Consiglio-regionale_edited.jpg\",\"datePublished\":\"2026-04-01T07:26:33+00:00\",\"breadcrumb\":{\"@id\":\"https:\\\/\\\/www.bellunopress.it\\\/2026\\\/04\\\/01\\\/macroregione-veneto-e-friuli-la-proposta-della-liga-di-morosin-che-piace-al-bard-lo-scenario-e-lanalisi-dei-rischi\\\/#breadcrumb\"},\"inLanguage\":\"fr-FR\",\"potentialAction\":[{\"@type\":\"ReadAction\",\"target\":[\"https:\\\/\\\/www.bellunopress.it\\\/2026\\\/04\\\/01\\\/macroregione-veneto-e-friuli-la-proposta-della-liga-di-morosin-che-piace-al-bard-lo-scenario-e-lanalisi-dei-rischi\\\/\"]}]},{\"@type\":\"ImageObject\",\"inLanguage\":\"fr-FR\",\"@id\":\"https:\\\/\\\/www.bellunopress.it\\\/2026\\\/04\\\/01\\\/macroregione-veneto-e-friuli-la-proposta-della-liga-di-morosin-che-piace-al-bard-lo-scenario-e-lanalisi-dei-rischi\\\/#primaryimage\",\"url\":\"https:\\\/\\\/www.bellunopress.it\\\/wp-content\\\/uploads\\\/2020\\\/05\\\/Regione-Veneto-Palazzo-Ferro-Fini-sede-del-Consiglio-regionale_edited.jpg\",\"contentUrl\":\"https:\\\/\\\/www.bellunopress.it\\\/wp-content\\\/uploads\\\/2020\\\/05\\\/Regione-Veneto-Palazzo-Ferro-Fini-sede-del-Consiglio-regionale_edited.jpg\",\"width\":780,\"height\":405,\"caption\":\"Palazzo Ferro Fini, sede del Consiglio regionale del Veneto\"},{\"@type\":\"BreadcrumbList\",\"@id\":\"https:\\\/\\\/www.bellunopress.it\\\/2026\\\/04\\\/01\\\/macroregione-veneto-e-friuli-la-proposta-della-liga-di-morosin-che-piace-al-bard-lo-scenario-e-lanalisi-dei-rischi\\\/#breadcrumb\",\"itemListElement\":[{\"@type\":\"ListItem\",\"position\":1,\"name\":\"Home\",\"item\":\"https:\\\/\\\/www.bellunopress.it\\\/\"},{\"@type\":\"ListItem\",\"position\":2,\"name\":\"Macroregione Veneto e Friuli. La proposta della Liga di Morosin che piace al Bard. Lo scenario e l&#8217;analisi dei rischi\"}]},{\"@type\":\"WebSite\",\"@id\":\"https:\\\/\\\/www.bellunopress.it\\\/#website\",\"url\":\"https:\\\/\\\/www.bellunopress.it\\\/\",\"name\":\"Bellunopress - Dolomiti\",\"description\":\"e-mail: redazione@bellunopress.it\",\"publisher\":{\"@id\":\"https:\\\/\\\/www.bellunopress.it\\\/#organization\"},\"potentialAction\":[{\"@type\":\"SearchAction\",\"target\":{\"@type\":\"EntryPoint\",\"urlTemplate\":\"https:\\\/\\\/www.bellunopress.it\\\/?s={search_term_string}\"},\"query-input\":{\"@type\":\"PropertyValueSpecification\",\"valueRequired\":true,\"valueName\":\"search_term_string\"}}],\"inLanguage\":\"fr-FR\"},{\"@type\":\"Organization\",\"@id\":\"https:\\\/\\\/www.bellunopress.it\\\/#organization\",\"name\":\"Bellunopress\",\"url\":\"https:\\\/\\\/www.bellunopress.it\\\/\",\"logo\":{\"@type\":\"ImageObject\",\"inLanguage\":\"fr-FR\",\"@id\":\"https:\\\/\\\/www.bellunopress.it\\\/#\\\/schema\\\/logo\\\/image\\\/\",\"url\":\"https:\\\/\\\/www.bellunopress.it\\\/wp-content\\\/uploads\\\/2011\\\/05\\\/cropped-logo-bellunopress-.jpg\",\"contentUrl\":\"https:\\\/\\\/www.bellunopress.it\\\/wp-content\\\/uploads\\\/2011\\\/05\\\/cropped-logo-bellunopress-.jpg\",\"width\":512,\"height\":512,\"caption\":\"Bellunopress\"},\"image\":{\"@id\":\"https:\\\/\\\/www.bellunopress.it\\\/#\\\/schema\\\/logo\\\/image\\\/\"},\"sameAs\":[\"https:\\\/\\\/www.facebook.com\\\/profile.php?id=100008943462799\",\"https:\\\/\\\/x.com\\\/bellunopress\",\"https:\\\/\\\/www.linkedin.com\\\/hp\\\/?dnr=JBzUWaJfMUw8vbXJJ2tVW5-I3jZKvC4wsoxE&amp;amp;amp;amp;amp;amp;trk=nav_responsive_tab_home\",\"https:\\\/\\\/www.youtube.com\\\/channel\\\/UCxL0wu1uN0_3_7hGG0306cw\"]},{\"@type\":\"Person\",\"@id\":\"https:\\\/\\\/www.bellunopress.it\\\/#\\\/schema\\\/person\\\/79bb06722b37ece1c03d3e94beb30d73\",\"name\":\"redazione\",\"image\":{\"@type\":\"ImageObject\",\"inLanguage\":\"fr-FR\",\"@id\":\"https:\\\/\\\/secure.gravatar.com\\\/avatar\\\/37d968a2e67a6fd04c169c4bdef102d0bc5d31b2546345219e348575eb80e9a0?s=96&d=mm&r=g\",\"url\":\"https:\\\/\\\/secure.gravatar.com\\\/avatar\\\/37d968a2e67a6fd04c169c4bdef102d0bc5d31b2546345219e348575eb80e9a0?s=96&d=mm&r=g\",\"contentUrl\":\"https:\\\/\\\/secure.gravatar.com\\\/avatar\\\/37d968a2e67a6fd04c169c4bdef102d0bc5d31b2546345219e348575eb80e9a0?s=96&d=mm&r=g\",\"caption\":\"redazione\"},\"sameAs\":[\"http:\\\/\\\/www.bellunopress.it\",\"https:\\\/\\\/x.com\\\/bellunopress\"],\"url\":\"https:\\\/\\\/www.bellunopress.it\\\/fr\\\/author\\\/redazione\\\/\"}]}<\/script>\n<!-- \/ Yoast SEO plugin. -->","yoast_head_json":{"title":"Macroregione Veneto e Friuli. La proposta della Liga di Morosin che piace al Bard. Lo scenario e l'analisi dei rischi - Bellunopress - Dolomiti","robots":{"index":"index","follow":"follow","max-snippet":"max-snippet:-1","max-image-preview":"max-image-preview:large","max-video-preview":"max-video-preview:-1"},"canonical":"https:\/\/www.bellunopress.it\/fr\/2026\/04\/01\/macroregione-veneto-e-friuli-la-proposta-della-liga-di-morosin-che-piace-al-bard-lo-scenario-e-lanalisi-dei-rischi\/","og_locale":"fr_FR","og_type":"article","og_title":"Macroregione Veneto e Friuli. La proposta della Liga di Morosin che piace al Bard. Lo scenario e l'analisi dei rischi - Bellunopress - Dolomiti","og_description":"Venezia, 01\/04\/2026 \u2013 Non pi\u00f9 &#8220;briciole&#8221; da Roma, ma un nuovo peso specifico nel cuore dell&#8217;Europa. La proposta di Alessio Morosin, capogruppo della Liga Veneta Repubblica, presentata a Palazzo Ferro Fini: convocare un Consiglio regionale congiunto tra Veneto e Friuli-Venezia Giulia per discutere formalmente la fusione tra le due regioni. Un&#8217;ipotesi che trova terreno fertile [&hellip;]","og_url":"https:\/\/www.bellunopress.it\/fr\/2026\/04\/01\/macroregione-veneto-e-friuli-la-proposta-della-liga-di-morosin-che-piace-al-bard-lo-scenario-e-lanalisi-dei-rischi\/","og_site_name":"Bellunopress - Dolomiti","article_publisher":"https:\/\/www.facebook.com\/profile.php?id=100008943462799","article_published_time":"2026-04-01T07:26:33+00:00","og_image":[{"width":780,"height":405,"url":"https:\/\/www.bellunopress.it\/wp-content\/uploads\/2020\/05\/Regione-Veneto-Palazzo-Ferro-Fini-sede-del-Consiglio-regionale_edited.jpg","type":"image\/jpeg"}],"author":"redazione","twitter_card":"summary_large_image","twitter_creator":"@bellunopress","twitter_site":"@bellunopress","twitter_misc":{"\u00c9crit par":"redazione","Dur\u00e9e de lecture estim\u00e9e":"6 minutes"},"schema":{"@context":"https:\/\/schema.org","@graph":[{"@type":"Article","@id":"https:\/\/www.bellunopress.it\/2026\/04\/01\/macroregione-veneto-e-friuli-la-proposta-della-liga-di-morosin-che-piace-al-bard-lo-scenario-e-lanalisi-dei-rischi\/#article","isPartOf":{"@id":"https:\/\/www.bellunopress.it\/2026\/04\/01\/macroregione-veneto-e-friuli-la-proposta-della-liga-di-morosin-che-piace-al-bard-lo-scenario-e-lanalisi-dei-rischi\/"},"author":{"name":"redazione","@id":"https:\/\/www.bellunopress.it\/#\/schema\/person\/79bb06722b37ece1c03d3e94beb30d73"},"headline":"Macroregione Veneto e Friuli. La proposta della Liga di Morosin che piace al Bard. Lo scenario e l&#8217;analisi dei rischi","datePublished":"2026-04-01T07:26:33+00:00","mainEntityOfPage":{"@id":"https:\/\/www.bellunopress.it\/2026\/04\/01\/macroregione-veneto-e-friuli-la-proposta-della-liga-di-morosin-che-piace-al-bard-lo-scenario-e-lanalisi-dei-rischi\/"},"wordCount":1297,"publisher":{"@id":"https:\/\/www.bellunopress.it\/#organization"},"image":{"@id":"https:\/\/www.bellunopress.it\/2026\/04\/01\/macroregione-veneto-e-friuli-la-proposta-della-liga-di-morosin-che-piace-al-bard-lo-scenario-e-lanalisi-dei-rischi\/#primaryimage"},"thumbnailUrl":"https:\/\/www.bellunopress.it\/wp-content\/uploads\/2020\/05\/Regione-Veneto-Palazzo-Ferro-Fini-sede-del-Consiglio-regionale_edited.jpg","articleSection":["Cronaca\/Politica","Featured","Prima Pagina"],"inLanguage":"fr-FR"},{"@type":"WebPage","@id":"https:\/\/www.bellunopress.it\/2026\/04\/01\/macroregione-veneto-e-friuli-la-proposta-della-liga-di-morosin-che-piace-al-bard-lo-scenario-e-lanalisi-dei-rischi\/","url":"https:\/\/www.bellunopress.it\/2026\/04\/01\/macroregione-veneto-e-friuli-la-proposta-della-liga-di-morosin-che-piace-al-bard-lo-scenario-e-lanalisi-dei-rischi\/","name":"Macroregione Veneto e Friuli. La proposta della Liga di Morosin che piace al Bard. Lo scenario e l'analisi dei rischi - Bellunopress - Dolomiti","isPartOf":{"@id":"https:\/\/www.bellunopress.it\/#website"},"primaryImageOfPage":{"@id":"https:\/\/www.bellunopress.it\/2026\/04\/01\/macroregione-veneto-e-friuli-la-proposta-della-liga-di-morosin-che-piace-al-bard-lo-scenario-e-lanalisi-dei-rischi\/#primaryimage"},"image":{"@id":"https:\/\/www.bellunopress.it\/2026\/04\/01\/macroregione-veneto-e-friuli-la-proposta-della-liga-di-morosin-che-piace-al-bard-lo-scenario-e-lanalisi-dei-rischi\/#primaryimage"},"thumbnailUrl":"https:\/\/www.bellunopress.it\/wp-content\/uploads\/2020\/05\/Regione-Veneto-Palazzo-Ferro-Fini-sede-del-Consiglio-regionale_edited.jpg","datePublished":"2026-04-01T07:26:33+00:00","breadcrumb":{"@id":"https:\/\/www.bellunopress.it\/2026\/04\/01\/macroregione-veneto-e-friuli-la-proposta-della-liga-di-morosin-che-piace-al-bard-lo-scenario-e-lanalisi-dei-rischi\/#breadcrumb"},"inLanguage":"fr-FR","potentialAction":[{"@type":"ReadAction","target":["https:\/\/www.bellunopress.it\/2026\/04\/01\/macroregione-veneto-e-friuli-la-proposta-della-liga-di-morosin-che-piace-al-bard-lo-scenario-e-lanalisi-dei-rischi\/"]}]},{"@type":"ImageObject","inLanguage":"fr-FR","@id":"https:\/\/www.bellunopress.it\/2026\/04\/01\/macroregione-veneto-e-friuli-la-proposta-della-liga-di-morosin-che-piace-al-bard-lo-scenario-e-lanalisi-dei-rischi\/#primaryimage","url":"https:\/\/www.bellunopress.it\/wp-content\/uploads\/2020\/05\/Regione-Veneto-Palazzo-Ferro-Fini-sede-del-Consiglio-regionale_edited.jpg","contentUrl":"https:\/\/www.bellunopress.it\/wp-content\/uploads\/2020\/05\/Regione-Veneto-Palazzo-Ferro-Fini-sede-del-Consiglio-regionale_edited.jpg","width":780,"height":405,"caption":"Palazzo Ferro Fini, sede del Consiglio regionale del Veneto"},{"@type":"BreadcrumbList","@id":"https:\/\/www.bellunopress.it\/2026\/04\/01\/macroregione-veneto-e-friuli-la-proposta-della-liga-di-morosin-che-piace-al-bard-lo-scenario-e-lanalisi-dei-rischi\/#breadcrumb","itemListElement":[{"@type":"ListItem","position":1,"name":"Home","item":"https:\/\/www.bellunopress.it\/"},{"@type":"ListItem","position":2,"name":"Macroregione Veneto e Friuli. La proposta della Liga di Morosin che piace al Bard. Lo scenario e l&#8217;analisi dei rischi"}]},{"@type":"WebSite","@id":"https:\/\/www.bellunopress.it\/#website","url":"https:\/\/www.bellunopress.it\/","name":"Bellunopress - Dolomiti","description":"e-mail: redazione@bellunopress.it","publisher":{"@id":"https:\/\/www.bellunopress.it\/#organization"},"potentialAction":[{"@type":"SearchAction","target":{"@type":"EntryPoint","urlTemplate":"https:\/\/www.bellunopress.it\/?s={search_term_string}"},"query-input":{"@type":"PropertyValueSpecification","valueRequired":true,"valueName":"search_term_string"}}],"inLanguage":"fr-FR"},{"@type":"Organization","@id":"https:\/\/www.bellunopress.it\/#organization","name":"Bellunopress","url":"https:\/\/www.bellunopress.it\/","logo":{"@type":"ImageObject","inLanguage":"fr-FR","@id":"https:\/\/www.bellunopress.it\/#\/schema\/logo\/image\/","url":"https:\/\/www.bellunopress.it\/wp-content\/uploads\/2011\/05\/cropped-logo-bellunopress-.jpg","contentUrl":"https:\/\/www.bellunopress.it\/wp-content\/uploads\/2011\/05\/cropped-logo-bellunopress-.jpg","width":512,"height":512,"caption":"Bellunopress"},"image":{"@id":"https:\/\/www.bellunopress.it\/#\/schema\/logo\/image\/"},"sameAs":["https:\/\/www.facebook.com\/profile.php?id=100008943462799","https:\/\/x.com\/bellunopress","https:\/\/www.linkedin.com\/hp\/?dnr=JBzUWaJfMUw8vbXJJ2tVW5-I3jZKvC4wsoxE&amp;amp;amp;amp;amp;amp;trk=nav_responsive_tab_home","https:\/\/www.youtube.com\/channel\/UCxL0wu1uN0_3_7hGG0306cw"]},{"@type":"Person","@id":"https:\/\/www.bellunopress.it\/#\/schema\/person\/79bb06722b37ece1c03d3e94beb30d73","name":"r\u00e9daction","image":{"@type":"ImageObject","inLanguage":"fr-FR","@id":"https:\/\/secure.gravatar.com\/avatar\/37d968a2e67a6fd04c169c4bdef102d0bc5d31b2546345219e348575eb80e9a0?s=96&d=mm&r=g","url":"https:\/\/secure.gravatar.com\/avatar\/37d968a2e67a6fd04c169c4bdef102d0bc5d31b2546345219e348575eb80e9a0?s=96&d=mm&r=g","contentUrl":"https:\/\/secure.gravatar.com\/avatar\/37d968a2e67a6fd04c169c4bdef102d0bc5d31b2546345219e348575eb80e9a0?s=96&d=mm&r=g","caption":"redazione"},"sameAs":["http:\/\/www.bellunopress.it","https:\/\/x.com\/bellunopress"],"url":"https:\/\/www.bellunopress.it\/fr\/author\/redazione\/"}]}},"_links":{"self":[{"href":"https:\/\/www.bellunopress.it\/fr\/wp-json\/wp\/v2\/posts\/168692","targetHints":{"allow":["GET"]}}],"collection":[{"href":"https:\/\/www.bellunopress.it\/fr\/wp-json\/wp\/v2\/posts"}],"about":[{"href":"https:\/\/www.bellunopress.it\/fr\/wp-json\/wp\/v2\/types\/post"}],"author":[{"embeddable":true,"href":"https:\/\/www.bellunopress.it\/fr\/wp-json\/wp\/v2\/users\/2"}],"replies":[{"embeddable":true,"href":"https:\/\/www.bellunopress.it\/fr\/wp-json\/wp\/v2\/comments?post=168692"}],"version-history":[{"count":1,"href":"https:\/\/www.bellunopress.it\/fr\/wp-json\/wp\/v2\/posts\/168692\/revisions"}],"predecessor-version":[{"id":168693,"href":"https:\/\/www.bellunopress.it\/fr\/wp-json\/wp\/v2\/posts\/168692\/revisions\/168693"}],"wp:featuredmedia":[{"embeddable":true,"href":"https:\/\/www.bellunopress.it\/fr\/wp-json\/wp\/v2\/media\/114469"}],"wp:attachment":[{"href":"https:\/\/www.bellunopress.it\/fr\/wp-json\/wp\/v2\/media?parent=168692"}],"wp:term":[{"taxonomy":"category","embeddable":true,"href":"https:\/\/www.bellunopress.it\/fr\/wp-json\/wp\/v2\/categories?post=168692"},{"taxonomy":"post_tag","embeddable":true,"href":"https:\/\/www.bellunopress.it\/fr\/wp-json\/wp\/v2\/tags?post=168692"}],"curies":[{"name":"wp","href":"https:\/\/api.w.org\/{rel}","templated":true}]}}