{"id":168689,"date":"2026-04-01T09:25:12","date_gmt":"2026-04-01T07:25:12","guid":{"rendered":"https:\/\/www.bellunopress.it\/?p=168689"},"modified":"2026-04-01T09:25:24","modified_gmt":"2026-04-01T07:25:24","slug":"fontane-di-nogare-conclusi-gli-interventi","status":"publish","type":"post","link":"https:\/\/www.bellunopress.it\/fr\/2026\/04\/01\/fontane-di-nogare-conclusi-gli-interventi\/","title":{"rendered":"Fontane di Nogar\u00e8: conclusi gli interventi"},"content":{"rendered":"<p><strong>Sindaco: \u201cUn\u2019area di grande pregio naturalistico riconsegnata alla Citt\u00e0\u201d<\/strong><\/p>\n<p>Belluno, 01\/04\/2026 &#8211;\u00a0Si sono conclusi nei giorni scorsi gli interventi straordinari di pulizia e messa in sicurezza dell\u2019area delle Fontane di Nogar\u00e8, che torna ora pienamente fruibile per cittadini, sportivi ed escursionisti. Grazie alla sinergia tra Comune di Belluno, Regione del Veneto e Veneto Agricoltura, \u00e8 stata infatti ripristinata la percorribilit\u00e0 dei percorsi naturalistici all\u2019interno di uno dei biotopi pi\u00f9 rilevanti del territorio comunale.<\/p>\n<p>\u201cSi tratta di un intervento dal duplice valore \u2013 dichiara il sindaco Oscar De Pellegrin \u2013. Da un lato c\u2019\u00e8 un importante aspetto forestale e di sicurezza, perch\u00e9 viene ripristinata la piena percorribilit\u00e0 della zona, fondamentale per consentire manutenzioni, controlli e tutti gli interventi necessari alla tutela dell\u2019area. Dall\u2019altro c\u2019\u00e8 un valore paesaggistico e turistico altrettanto significativo: le Fontane di Nogar\u00e8 rappresentano un\u2019area molto ampia, selvaggia, integra e di straordinario pregio naturalistico, particolarmente amata dai cittadini e da chi frequenta il nostro territorio. Si tratta inoltre di un percorso che si estende per diversi chilometri e che collega il comune di Belluno a quello di Ponte nelle Alpi. Ringrazio Veneto Agricoltura per l\u2019ottimo lavoro\u201d.<\/p>\n<p><strong>L\u2019INTERVENTO<\/strong><br \/>\nL\u2019intervento, finanziato e progettato dall\u2019Unit\u00e0 Operativa Servizi Forestali della Regione del Veneto e realizzato da AVISP \u2013 Veneto Agricoltura, ha consentito la pulizia completa del tracciato, la rimozione degli alberi e del materiale vegetale che ostruivano il passaggio e il completo rifacimento dei ponti lungo il percorso. Le opere sono state eseguite nell\u2019ambito del ripristino e del mantenimento dell\u2019efficienza della viabilit\u00e0 forestale \u201cL\u2019Anta \u2013 Fontane di Nogar\u00e8 \u2013 Safforze\u201d, con una funzione importante di prevenzione e contrasto agli incendi boschivi nell\u2019area di interfaccia urbano-foresta. Un intervento nato quindi con finalit\u00e0 di sicurezza e tutela ambientale, ma che restituisce al tempo stesso alla collettivit\u00e0 un luogo di grande valore naturalistico e paesaggistico. \u201cL\u2019operazione, condotta insieme ad altri Enti, \u00e8 stata fortemente voluta dal mio assessorato nella convinzione che quest\u2019area andasse ripristinata e salvaguardata sotto il profilo ambientale, e insieme restituita alla comunit\u00e0 in tutta la sua bellezza \u2013 spiega l\u2019assessore all\u2019ambiente Lorenza De Kunovich -. Il risultato ottenuto \u00e8 straordinario, erano anni che non avveniva una pulizia cos\u00ec approfondita; da Vaia in poi era rimasto a terra tanto materiale, schianti di rami e di intere piante, che oggi sono accatastati ai lati del tracciato lasciando libero il percorso\u201d.<\/p>\n<p>L\u2019operazione si inserisce in un pi\u00f9 ampio percorso di valorizzazione dell\u2019area. Parallelamente, infatti, SIB sta portando avanti il progetto definitivo per la sistemazione dell\u2019accesso al sito e per il miglioramento del sistema di sollevamento, finalizzato a convogliare i reflui dell\u2019area verso il depuratore di Marisiga. Si tratta di un intervento complementare che contribuir\u00e0 ancora di pi\u00f9 alla tutela ambientale del biotopo e ad una migliore accessibilit\u00e0.<br \/>\n\u201cQuest\u2019area possiede un grande valore naturalistico sia per la qualit\u00e0 delle acque che per la flora e la fauna che vi si incontrano \u2013 dichiara De Kunovich \u2013. La copertura vegetale \u00e8 molto diversificata: ai boschi caratterizzati dai pioppi e dalla robinia, si alternano vasti saliceti. Nelle zone umide si sviluppa una vegetazione molto caratteristica con cannuccia di palude e tifa, che all\u2019interno dei canali a lento corso lasciano il posto a piante tipiche degli ambienti umidi. Insomma \u00e8 uno spazio di grande valore ambientale, molto noto e apprezzato da chi ama la natura e le escursioni e che vorremmo ulteriormente far conoscere\u201d.<\/p>\n<p><strong>IL VALORE AMBIENTALE<\/strong><br \/>\nLe Fontane di Nogar\u00e8 rappresentano un vasto biotopo golenale appartenente all\u2019ecosistema fluviale del Piave, situato poco a monte di Belluno. Il luogo \u00e8 caratterizzato dalla presenza delle risorgive, affioramenti di acqua sotterranea dovuti a particolari condizioni geologiche, che danno vita a un ecosistema fluviale di grande pregio floristico e faunistico.<br \/>\nIl sito viene individuato dagli strumenti urbanistici e territoriali come zona umida di pregio e biotopo da tutelare e si estende per circa 18 ettari.<\/p>\n<p>&nbsp;<\/p>\n<p>&nbsp;<\/p>","protected":false},"excerpt":{"rendered":"<p>Sindaco: \u201cUn\u2019area di grande pregio naturalistico riconsegnata alla Citt\u00e0\u201d Belluno, 01\/04\/2026 &#8211;\u00a0Si sono conclusi nei giorni scorsi gli interventi straordinari di pulizia e messa in sicurezza dell\u2019area delle Fontane di Nogar\u00e8, che torna ora pienamente fruibile per cittadini, sportivi ed escursionisti. Grazie alla sinergia tra Comune di Belluno, Regione del Veneto e Veneto Agricoltura, \u00e8 [&hellip;]<\/p>\n","protected":false},"author":2,"featured_media":168690,"comment_status":"closed","ping_status":"open","sticky":false,"template":"","format":"standard","meta":{"footnotes":""},"categories":[38,8],"tags":[],"class_list":["post-168689","post","type-post","status-publish","format-standard","has-post-thumbnail","category-natura-ambiente","category-societa-istituzioni"],"yoast_head":"<!-- This site is optimized with the Yoast SEO plugin v28.4 - https:\/\/yoast.com\/product\/yoast-seo-wordpress\/ -->\n<title>Fontane di Nogar\u00e8: conclusi gli interventi - Bellunopress - Dolomiti<\/title>\n<meta name=\"robots\" content=\"index, follow, max-snippet:-1, max-image-preview:large, max-video-preview:-1\" \/>\n<link rel=\"canonical\" href=\"https:\/\/www.bellunopress.it\/fr\/2026\/04\/01\/fontane-di-nogare-conclusi-gli-interventi\/\" \/>\n<meta property=\"og:locale\" content=\"fr_FR\" \/>\n<meta property=\"og:type\" content=\"article\" \/>\n<meta property=\"og:title\" content=\"Fontane di Nogar\u00e8: conclusi gli interventi - Bellunopress - Dolomiti\" \/>\n<meta property=\"og:description\" content=\"Sindaco: \u201cUn\u2019area di grande pregio naturalistico riconsegnata alla Citt\u00e0\u201d Belluno, 01\/04\/2026 &#8211;\u00a0Si sono conclusi nei giorni scorsi gli interventi straordinari di pulizia e messa in sicurezza dell\u2019area delle Fontane di Nogar\u00e8, che torna ora pienamente fruibile per cittadini, sportivi ed escursionisti. Grazie alla sinergia tra Comune di Belluno, Regione del Veneto e Veneto Agricoltura, \u00e8 [&hellip;]\" \/>\n<meta property=\"og:url\" content=\"https:\/\/www.bellunopress.it\/fr\/2026\/04\/01\/fontane-di-nogare-conclusi-gli-interventi\/\" \/>\n<meta property=\"og:site_name\" content=\"Bellunopress - Dolomiti\" \/>\n<meta property=\"article:publisher\" content=\"https:\/\/www.facebook.com\/profile.php?id=100008943462799\" \/>\n<meta property=\"article:published_time\" content=\"2026-04-01T07:25:12+00:00\" \/>\n<meta property=\"article:modified_time\" content=\"2026-04-01T07:25:24+00:00\" \/>\n<meta property=\"og:image\" content=\"https:\/\/www.bellunopress.it\/wp-content\/uploads\/2026\/03\/Fontane-di-Nogare.jpeg\" \/>\n\t<meta property=\"og:image:width\" content=\"600\" \/>\n\t<meta property=\"og:image:height\" content=\"450\" \/>\n\t<meta property=\"og:image:type\" content=\"image\/jpeg\" \/>\n<meta name=\"author\" content=\"redazione\" \/>\n<meta name=\"twitter:card\" content=\"summary_large_image\" \/>\n<meta name=\"twitter:creator\" content=\"@bellunopress\" \/>\n<meta name=\"twitter:site\" content=\"@bellunopress\" \/>\n<meta name=\"twitter:label1\" content=\"\u00c9crit par\" \/>\n\t<meta name=\"twitter:data1\" content=\"redazione\" \/>\n\t<meta name=\"twitter:label2\" content=\"Dur\u00e9e de lecture estim\u00e9e\" \/>\n\t<meta name=\"twitter:data2\" content=\"3 minutes\" \/>\n<script type=\"application\/ld+json\" class=\"yoast-schema-graph\">{\"@context\":\"https:\\\/\\\/schema.org\",\"@graph\":[{\"@type\":\"Article\",\"@id\":\"https:\\\/\\\/www.bellunopress.it\\\/2026\\\/04\\\/01\\\/fontane-di-nogare-conclusi-gli-interventi\\\/#article\",\"isPartOf\":{\"@id\":\"https:\\\/\\\/www.bellunopress.it\\\/2026\\\/04\\\/01\\\/fontane-di-nogare-conclusi-gli-interventi\\\/\"},\"author\":{\"name\":\"redazione\",\"@id\":\"https:\\\/\\\/www.bellunopress.it\\\/#\\\/schema\\\/person\\\/79bb06722b37ece1c03d3e94beb30d73\"},\"headline\":\"Fontane di Nogar\u00e8: conclusi gli interventi\",\"datePublished\":\"2026-04-01T07:25:12+00:00\",\"dateModified\":\"2026-04-01T07:25:24+00:00\",\"mainEntityOfPage\":{\"@id\":\"https:\\\/\\\/www.bellunopress.it\\\/2026\\\/04\\\/01\\\/fontane-di-nogare-conclusi-gli-interventi\\\/\"},\"wordCount\":650,\"publisher\":{\"@id\":\"https:\\\/\\\/www.bellunopress.it\\\/#organization\"},\"image\":{\"@id\":\"https:\\\/\\\/www.bellunopress.it\\\/2026\\\/04\\\/01\\\/fontane-di-nogare-conclusi-gli-interventi\\\/#primaryimage\"},\"thumbnailUrl\":\"https:\\\/\\\/www.bellunopress.it\\\/wp-content\\\/uploads\\\/2026\\\/03\\\/Fontane-di-Nogare.jpeg\",\"articleSection\":[\"Meteo, natura, ambiente, animali\",\"Societ\u00e0, Associazioni, Istituzioni\"],\"inLanguage\":\"fr-FR\"},{\"@type\":\"WebPage\",\"@id\":\"https:\\\/\\\/www.bellunopress.it\\\/2026\\\/04\\\/01\\\/fontane-di-nogare-conclusi-gli-interventi\\\/\",\"url\":\"https:\\\/\\\/www.bellunopress.it\\\/2026\\\/04\\\/01\\\/fontane-di-nogare-conclusi-gli-interventi\\\/\",\"name\":\"Fontane di Nogar\u00e8: conclusi gli interventi - Bellunopress - Dolomiti\",\"isPartOf\":{\"@id\":\"https:\\\/\\\/www.bellunopress.it\\\/#website\"},\"primaryImageOfPage\":{\"@id\":\"https:\\\/\\\/www.bellunopress.it\\\/2026\\\/04\\\/01\\\/fontane-di-nogare-conclusi-gli-interventi\\\/#primaryimage\"},\"image\":{\"@id\":\"https:\\\/\\\/www.bellunopress.it\\\/2026\\\/04\\\/01\\\/fontane-di-nogare-conclusi-gli-interventi\\\/#primaryimage\"},\"thumbnailUrl\":\"https:\\\/\\\/www.bellunopress.it\\\/wp-content\\\/uploads\\\/2026\\\/03\\\/Fontane-di-Nogare.jpeg\",\"datePublished\":\"2026-04-01T07:25:12+00:00\",\"dateModified\":\"2026-04-01T07:25:24+00:00\",\"breadcrumb\":{\"@id\":\"https:\\\/\\\/www.bellunopress.it\\\/2026\\\/04\\\/01\\\/fontane-di-nogare-conclusi-gli-interventi\\\/#breadcrumb\"},\"inLanguage\":\"fr-FR\",\"potentialAction\":[{\"@type\":\"ReadAction\",\"target\":[\"https:\\\/\\\/www.bellunopress.it\\\/2026\\\/04\\\/01\\\/fontane-di-nogare-conclusi-gli-interventi\\\/\"]}]},{\"@type\":\"ImageObject\",\"inLanguage\":\"fr-FR\",\"@id\":\"https:\\\/\\\/www.bellunopress.it\\\/2026\\\/04\\\/01\\\/fontane-di-nogare-conclusi-gli-interventi\\\/#primaryimage\",\"url\":\"https:\\\/\\\/www.bellunopress.it\\\/wp-content\\\/uploads\\\/2026\\\/03\\\/Fontane-di-Nogare.jpeg\",\"contentUrl\":\"https:\\\/\\\/www.bellunopress.it\\\/wp-content\\\/uploads\\\/2026\\\/03\\\/Fontane-di-Nogare.jpeg\",\"width\":600,\"height\":450,\"caption\":\"Fontane di Nogar\u00e8 (Belluno)\"},{\"@type\":\"BreadcrumbList\",\"@id\":\"https:\\\/\\\/www.bellunopress.it\\\/2026\\\/04\\\/01\\\/fontane-di-nogare-conclusi-gli-interventi\\\/#breadcrumb\",\"itemListElement\":[{\"@type\":\"ListItem\",\"position\":1,\"name\":\"Home\",\"item\":\"https:\\\/\\\/www.bellunopress.it\\\/\"},{\"@type\":\"ListItem\",\"position\":2,\"name\":\"Fontane di Nogar\u00e8: conclusi gli interventi\"}]},{\"@type\":\"WebSite\",\"@id\":\"https:\\\/\\\/www.bellunopress.it\\\/#website\",\"url\":\"https:\\\/\\\/www.bellunopress.it\\\/\",\"name\":\"Bellunopress - Dolomiti\",\"description\":\"e-mail: redazione@bellunopress.it\",\"publisher\":{\"@id\":\"https:\\\/\\\/www.bellunopress.it\\\/#organization\"},\"potentialAction\":[{\"@type\":\"SearchAction\",\"target\":{\"@type\":\"EntryPoint\",\"urlTemplate\":\"https:\\\/\\\/www.bellunopress.it\\\/?s={search_term_string}\"},\"query-input\":{\"@type\":\"PropertyValueSpecification\",\"valueRequired\":true,\"valueName\":\"search_term_string\"}}],\"inLanguage\":\"fr-FR\"},{\"@type\":\"Organization\",\"@id\":\"https:\\\/\\\/www.bellunopress.it\\\/#organization\",\"name\":\"Bellunopress\",\"url\":\"https:\\\/\\\/www.bellunopress.it\\\/\",\"logo\":{\"@type\":\"ImageObject\",\"inLanguage\":\"fr-FR\",\"@id\":\"https:\\\/\\\/www.bellunopress.it\\\/#\\\/schema\\\/logo\\\/image\\\/\",\"url\":\"https:\\\/\\\/www.bellunopress.it\\\/wp-content\\\/uploads\\\/2011\\\/05\\\/cropped-logo-bellunopress-.jpg\",\"contentUrl\":\"https:\\\/\\\/www.bellunopress.it\\\/wp-content\\\/uploads\\\/2011\\\/05\\\/cropped-logo-bellunopress-.jpg\",\"width\":512,\"height\":512,\"caption\":\"Bellunopress\"},\"image\":{\"@id\":\"https:\\\/\\\/www.bellunopress.it\\\/#\\\/schema\\\/logo\\\/image\\\/\"},\"sameAs\":[\"https:\\\/\\\/www.facebook.com\\\/profile.php?id=100008943462799\",\"https:\\\/\\\/x.com\\\/bellunopress\",\"https:\\\/\\\/www.linkedin.com\\\/hp\\\/?dnr=JBzUWaJfMUw8vbXJJ2tVW5-I3jZKvC4wsoxE&amp;amp;amp;amp;amp;amp;trk=nav_responsive_tab_home\",\"https:\\\/\\\/www.youtube.com\\\/channel\\\/UCxL0wu1uN0_3_7hGG0306cw\"]},{\"@type\":\"Person\",\"@id\":\"https:\\\/\\\/www.bellunopress.it\\\/#\\\/schema\\\/person\\\/79bb06722b37ece1c03d3e94beb30d73\",\"name\":\"redazione\",\"image\":{\"@type\":\"ImageObject\",\"inLanguage\":\"fr-FR\",\"@id\":\"https:\\\/\\\/secure.gravatar.com\\\/avatar\\\/37d968a2e67a6fd04c169c4bdef102d0bc5d31b2546345219e348575eb80e9a0?s=96&d=mm&r=g\",\"url\":\"https:\\\/\\\/secure.gravatar.com\\\/avatar\\\/37d968a2e67a6fd04c169c4bdef102d0bc5d31b2546345219e348575eb80e9a0?s=96&d=mm&r=g\",\"contentUrl\":\"https:\\\/\\\/secure.gravatar.com\\\/avatar\\\/37d968a2e67a6fd04c169c4bdef102d0bc5d31b2546345219e348575eb80e9a0?s=96&d=mm&r=g\",\"caption\":\"redazione\"},\"sameAs\":[\"http:\\\/\\\/www.bellunopress.it\",\"https:\\\/\\\/x.com\\\/bellunopress\"],\"url\":\"https:\\\/\\\/www.bellunopress.it\\\/fr\\\/author\\\/redazione\\\/\"}]}<\/script>\n<!-- \/ Yoast SEO plugin. -->","yoast_head_json":{"title":"Fontane di Nogar\u00e8: conclusi gli interventi - Bellunopress - Dolomiti","robots":{"index":"index","follow":"follow","max-snippet":"max-snippet:-1","max-image-preview":"max-image-preview:large","max-video-preview":"max-video-preview:-1"},"canonical":"https:\/\/www.bellunopress.it\/fr\/2026\/04\/01\/fontane-di-nogare-conclusi-gli-interventi\/","og_locale":"fr_FR","og_type":"article","og_title":"Fontane di Nogar\u00e8: conclusi gli interventi - Bellunopress - Dolomiti","og_description":"Sindaco: \u201cUn\u2019area di grande pregio naturalistico riconsegnata alla Citt\u00e0\u201d Belluno, 01\/04\/2026 &#8211;\u00a0Si sono conclusi nei giorni scorsi gli interventi straordinari di pulizia e messa in sicurezza dell\u2019area delle Fontane di Nogar\u00e8, che torna ora pienamente fruibile per cittadini, sportivi ed escursionisti. Grazie alla sinergia tra Comune di Belluno, Regione del Veneto e Veneto Agricoltura, \u00e8 [&hellip;]","og_url":"https:\/\/www.bellunopress.it\/fr\/2026\/04\/01\/fontane-di-nogare-conclusi-gli-interventi\/","og_site_name":"Bellunopress - Dolomiti","article_publisher":"https:\/\/www.facebook.com\/profile.php?id=100008943462799","article_published_time":"2026-04-01T07:25:12+00:00","article_modified_time":"2026-04-01T07:25:24+00:00","og_image":[{"width":600,"height":450,"url":"https:\/\/www.bellunopress.it\/wp-content\/uploads\/2026\/03\/Fontane-di-Nogare.jpeg","type":"image\/jpeg"}],"author":"redazione","twitter_card":"summary_large_image","twitter_creator":"@bellunopress","twitter_site":"@bellunopress","twitter_misc":{"\u00c9crit par":"redazione","Dur\u00e9e de lecture estim\u00e9e":"3 minutes"},"schema":{"@context":"https:\/\/schema.org","@graph":[{"@type":"Article","@id":"https:\/\/www.bellunopress.it\/2026\/04\/01\/fontane-di-nogare-conclusi-gli-interventi\/#article","isPartOf":{"@id":"https:\/\/www.bellunopress.it\/2026\/04\/01\/fontane-di-nogare-conclusi-gli-interventi\/"},"author":{"name":"redazione","@id":"https:\/\/www.bellunopress.it\/#\/schema\/person\/79bb06722b37ece1c03d3e94beb30d73"},"headline":"Fontane di Nogar\u00e8: conclusi gli interventi","datePublished":"2026-04-01T07:25:12+00:00","dateModified":"2026-04-01T07:25:24+00:00","mainEntityOfPage":{"@id":"https:\/\/www.bellunopress.it\/2026\/04\/01\/fontane-di-nogare-conclusi-gli-interventi\/"},"wordCount":650,"publisher":{"@id":"https:\/\/www.bellunopress.it\/#organization"},"image":{"@id":"https:\/\/www.bellunopress.it\/2026\/04\/01\/fontane-di-nogare-conclusi-gli-interventi\/#primaryimage"},"thumbnailUrl":"https:\/\/www.bellunopress.it\/wp-content\/uploads\/2026\/03\/Fontane-di-Nogare.jpeg","articleSection":["Meteo, natura, ambiente, animali","Societ\u00e0, Associazioni, Istituzioni"],"inLanguage":"fr-FR"},{"@type":"WebPage","@id":"https:\/\/www.bellunopress.it\/2026\/04\/01\/fontane-di-nogare-conclusi-gli-interventi\/","url":"https:\/\/www.bellunopress.it\/2026\/04\/01\/fontane-di-nogare-conclusi-gli-interventi\/","name":"Fontane di Nogar\u00e8: conclusi gli interventi - Bellunopress - Dolomiti","isPartOf":{"@id":"https:\/\/www.bellunopress.it\/#website"},"primaryImageOfPage":{"@id":"https:\/\/www.bellunopress.it\/2026\/04\/01\/fontane-di-nogare-conclusi-gli-interventi\/#primaryimage"},"image":{"@id":"https:\/\/www.bellunopress.it\/2026\/04\/01\/fontane-di-nogare-conclusi-gli-interventi\/#primaryimage"},"thumbnailUrl":"https:\/\/www.bellunopress.it\/wp-content\/uploads\/2026\/03\/Fontane-di-Nogare.jpeg","datePublished":"2026-04-01T07:25:12+00:00","dateModified":"2026-04-01T07:25:24+00:00","breadcrumb":{"@id":"https:\/\/www.bellunopress.it\/2026\/04\/01\/fontane-di-nogare-conclusi-gli-interventi\/#breadcrumb"},"inLanguage":"fr-FR","potentialAction":[{"@type":"ReadAction","target":["https:\/\/www.bellunopress.it\/2026\/04\/01\/fontane-di-nogare-conclusi-gli-interventi\/"]}]},{"@type":"ImageObject","inLanguage":"fr-FR","@id":"https:\/\/www.bellunopress.it\/2026\/04\/01\/fontane-di-nogare-conclusi-gli-interventi\/#primaryimage","url":"https:\/\/www.bellunopress.it\/wp-content\/uploads\/2026\/03\/Fontane-di-Nogare.jpeg","contentUrl":"https:\/\/www.bellunopress.it\/wp-content\/uploads\/2026\/03\/Fontane-di-Nogare.jpeg","width":600,"height":450,"caption":"Fontane di Nogar\u00e8 (Belluno)"},{"@type":"BreadcrumbList","@id":"https:\/\/www.bellunopress.it\/2026\/04\/01\/fontane-di-nogare-conclusi-gli-interventi\/#breadcrumb","itemListElement":[{"@type":"ListItem","position":1,"name":"Home","item":"https:\/\/www.bellunopress.it\/"},{"@type":"ListItem","position":2,"name":"Fontane di Nogar\u00e8: conclusi gli interventi"}]},{"@type":"WebSite","@id":"https:\/\/www.bellunopress.it\/#website","url":"https:\/\/www.bellunopress.it\/","name":"Bellunopress - Dolomiti","description":"e-mail: redazione@bellunopress.it","publisher":{"@id":"https:\/\/www.bellunopress.it\/#organization"},"potentialAction":[{"@type":"SearchAction","target":{"@type":"EntryPoint","urlTemplate":"https:\/\/www.bellunopress.it\/?s={search_term_string}"},"query-input":{"@type":"PropertyValueSpecification","valueRequired":true,"valueName":"search_term_string"}}],"inLanguage":"fr-FR"},{"@type":"Organization","@id":"https:\/\/www.bellunopress.it\/#organization","name":"Bellunopress","url":"https:\/\/www.bellunopress.it\/","logo":{"@type":"ImageObject","inLanguage":"fr-FR","@id":"https:\/\/www.bellunopress.it\/#\/schema\/logo\/image\/","url":"https:\/\/www.bellunopress.it\/wp-content\/uploads\/2011\/05\/cropped-logo-bellunopress-.jpg","contentUrl":"https:\/\/www.bellunopress.it\/wp-content\/uploads\/2011\/05\/cropped-logo-bellunopress-.jpg","width":512,"height":512,"caption":"Bellunopress"},"image":{"@id":"https:\/\/www.bellunopress.it\/#\/schema\/logo\/image\/"},"sameAs":["https:\/\/www.facebook.com\/profile.php?id=100008943462799","https:\/\/x.com\/bellunopress","https:\/\/www.linkedin.com\/hp\/?dnr=JBzUWaJfMUw8vbXJJ2tVW5-I3jZKvC4wsoxE&amp;amp;amp;amp;amp;amp;trk=nav_responsive_tab_home","https:\/\/www.youtube.com\/channel\/UCxL0wu1uN0_3_7hGG0306cw"]},{"@type":"Person","@id":"https:\/\/www.bellunopress.it\/#\/schema\/person\/79bb06722b37ece1c03d3e94beb30d73","name":"r\u00e9daction","image":{"@type":"ImageObject","inLanguage":"fr-FR","@id":"https:\/\/secure.gravatar.com\/avatar\/37d968a2e67a6fd04c169c4bdef102d0bc5d31b2546345219e348575eb80e9a0?s=96&d=mm&r=g","url":"https:\/\/secure.gravatar.com\/avatar\/37d968a2e67a6fd04c169c4bdef102d0bc5d31b2546345219e348575eb80e9a0?s=96&d=mm&r=g","contentUrl":"https:\/\/secure.gravatar.com\/avatar\/37d968a2e67a6fd04c169c4bdef102d0bc5d31b2546345219e348575eb80e9a0?s=96&d=mm&r=g","caption":"redazione"},"sameAs":["http:\/\/www.bellunopress.it","https:\/\/x.com\/bellunopress"],"url":"https:\/\/www.bellunopress.it\/fr\/author\/redazione\/"}]}},"_links":{"self":[{"href":"https:\/\/www.bellunopress.it\/fr\/wp-json\/wp\/v2\/posts\/168689","targetHints":{"allow":["GET"]}}],"collection":[{"href":"https:\/\/www.bellunopress.it\/fr\/wp-json\/wp\/v2\/posts"}],"about":[{"href":"https:\/\/www.bellunopress.it\/fr\/wp-json\/wp\/v2\/types\/post"}],"author":[{"embeddable":true,"href":"https:\/\/www.bellunopress.it\/fr\/wp-json\/wp\/v2\/users\/2"}],"replies":[{"embeddable":true,"href":"https:\/\/www.bellunopress.it\/fr\/wp-json\/wp\/v2\/comments?post=168689"}],"version-history":[{"count":1,"href":"https:\/\/www.bellunopress.it\/fr\/wp-json\/wp\/v2\/posts\/168689\/revisions"}],"predecessor-version":[{"id":168691,"href":"https:\/\/www.bellunopress.it\/fr\/wp-json\/wp\/v2\/posts\/168689\/revisions\/168691"}],"wp:featuredmedia":[{"embeddable":true,"href":"https:\/\/www.bellunopress.it\/fr\/wp-json\/wp\/v2\/media\/168690"}],"wp:attachment":[{"href":"https:\/\/www.bellunopress.it\/fr\/wp-json\/wp\/v2\/media?parent=168689"}],"wp:term":[{"taxonomy":"category","embeddable":true,"href":"https:\/\/www.bellunopress.it\/fr\/wp-json\/wp\/v2\/categories?post=168689"},{"taxonomy":"post_tag","embeddable":true,"href":"https:\/\/www.bellunopress.it\/fr\/wp-json\/wp\/v2\/tags?post=168689"}],"curies":[{"name":"wp","href":"https:\/\/api.w.org\/{rel}","templated":true}]}}