{"id":168678,"date":"2026-03-31T18:43:50","date_gmt":"2026-03-31T16:43:50","guid":{"rendered":"https:\/\/www.bellunopress.it\/?p=168678"},"modified":"2026-03-31T18:43:50","modified_gmt":"2026-03-31T16:43:50","slug":"hydro-feltre-oggi-lincontro-al-ministero-per-il-futuro-del-sito","status":"publish","type":"post","link":"https:\/\/www.bellunopress.it\/fr\/2026\/03\/31\/hydro-feltre-oggi-lincontro-al-ministero-per-il-futuro-del-sito\/","title":{"rendered":"Hydro Feltre. Oggi l&#8217;incontro al Ministero per il futuro del sito"},"content":{"rendered":"<p>Roma, 31\/03\/2026 &#8211; L&#8217;incontro al Ministero delle Imprese e del Made in Italy conferma che la situazione \u00e8 ancora in una fase aperta e delicata, ma con primi segnali concreti sul fronte della reindustrializzazione. Sono stati contattati oltre 100 potenziali soggetti tra aziende e fondi, e a oggi si registrano 6 manifestazioni di interesse formali, mentre altri operatori sono in fase di valutazione. Questo dimostra che il sito ha valore, ma non c&#8217;\u00e8 ancora nulla di definito: la partita \u00e8 tutta da giocare e va seguita con la massima attenzione.<\/p>\n<p>&#8220;Come Organizzazioni Sindacali siamo stati chiari e lo ribadiamo senza ambiguit\u00e0: non accetteremo alcuna ipotesi di spezzatino. Fonderia e presse devono restare unite. Smembrare il sito significherebbe distruggere competenze, lavoro e prospettive industriali. Questo per noi \u00e8 un punto non negoziabile.<br \/>\nAllo stesso modo, \u00e8 fondamentale arrivare entro il 17 aprile al rinnovo della Cassa Integrazione. Non sono ammissibili ritardi n\u00e9 soluzioni al ribasso. Abbiamo chiesto con forza anche un miglioramento delle condizioni economiche, perch\u00e9 non possono essere sempre le lavoratrici e i lavoratori a pagare il prezzo di questa crisi.<br \/>\nIl Ministero ha dichiarato che la scelta del nuovo acquirente non sar\u00e0 basata solo sull&#8217;offerta economica. Per noi questo deve tradursi in fatti concreti: piena garanzia occupazionale, solidit\u00e0 reale del soggetto industriale e un progetto credibile che assicuri continuit\u00e0 produttiva. Non accetteremo operazioni speculative o prive di prospettiva.Le prossime settimane saranno decisive: ad aprile partiranno le visite tecniche degli interessati e si dovr\u00e0 chiudere il rinnovo della CIG; a seguire ci saranno verifiche pi\u00f9 approfondite fino alla presentazione di una proposta finale entro l&#8217;estate. \u00c8 in questa fase che si gioca il futuro del sito.Continueremo a presidiare ogni passaggio, senza arretrare di un millimetro sulla difesa del lavoro, dell&#8217;unit\u00e0 produttiva e del futuro industriale.&#8221; hanno dichiarato Fim e Fiom Belluno.<\/p>\n<p><strong>Il prossimo incontro \u00e8 fissato per il prossimo 11 Maggio.<\/strong><\/p>\n<p>&#8220;Tutte le istituzioni e le sigle sindacali sono pienamente schierate, in modo compatto e senza alcuna esitazione, al fianco delle lavoratrici e dei lavoratori per difendere il futuro del sito produttivo e la salvaguardia di ogni singolo posto di lavoro. L&#8217;incontro al Ministero rappresenta certamente un primo passo avanti, un segnale che conferma come vi sia ancora attenzione e interesse verso questa realt\u00e0 industriale, ma non possiamo in alcun modo permetterci di abbassare la guardia&#8221; cos\u00ec il sindaco di Feltre Viviana Fusaro a margine dell&#8217;incontro al Mimit di oggi.<\/p>","protected":false},"excerpt":{"rendered":"<p>Roma, 31\/03\/2026 &#8211; L&#8217;incontro al Ministero delle Imprese e del Made in Italy conferma che la situazione \u00e8 ancora in una fase aperta e delicata, ma con primi segnali concreti sul fronte della reindustrializzazione. Sono stati contattati oltre 100 potenziali soggetti tra aziende e fondi, e a oggi si registrano 6 manifestazioni di interesse formali, [&hellip;]<\/p>\n","protected":false},"author":2,"featured_media":165987,"comment_status":"closed","ping_status":"open","sticky":false,"template":"","format":"standard","meta":{"footnotes":""},"categories":[36],"tags":[],"class_list":["post-168678","post","type-post","status-publish","format-standard","has-post-thumbnail","category-lavoro-economia"],"yoast_head":"<!-- This site is optimized with the Yoast SEO plugin v28.4 - https:\/\/yoast.com\/product\/yoast-seo-wordpress\/ -->\n<title>Hydro Feltre. Oggi l&#039;incontro al Ministero per il futuro del sito - Bellunopress - Dolomiti<\/title>\n<meta name=\"robots\" content=\"index, follow, max-snippet:-1, max-image-preview:large, max-video-preview:-1\" \/>\n<link rel=\"canonical\" href=\"https:\/\/www.bellunopress.it\/fr\/2026\/03\/31\/hydro-feltre-oggi-lincontro-al-ministero-per-il-futuro-del-sito\/\" \/>\n<meta property=\"og:locale\" content=\"fr_FR\" \/>\n<meta property=\"og:type\" content=\"article\" \/>\n<meta property=\"og:title\" content=\"Hydro Feltre. Oggi l&#039;incontro al Ministero per il futuro del sito - Bellunopress - Dolomiti\" \/>\n<meta property=\"og:description\" content=\"Roma, 31\/03\/2026 &#8211; L&#8217;incontro al Ministero delle Imprese e del Made in Italy conferma che la situazione \u00e8 ancora in una fase aperta e delicata, ma con primi segnali concreti sul fronte della reindustrializzazione. Sono stati contattati oltre 100 potenziali soggetti tra aziende e fondi, e a oggi si registrano 6 manifestazioni di interesse formali, [&hellip;]\" \/>\n<meta property=\"og:url\" content=\"https:\/\/www.bellunopress.it\/fr\/2026\/03\/31\/hydro-feltre-oggi-lincontro-al-ministero-per-il-futuro-del-sito\/\" \/>\n<meta property=\"og:site_name\" content=\"Bellunopress - Dolomiti\" \/>\n<meta property=\"article:publisher\" content=\"https:\/\/www.facebook.com\/profile.php?id=100008943462799\" \/>\n<meta property=\"article:published_time\" content=\"2026-03-31T16:43:50+00:00\" \/>\n<meta property=\"og:image\" content=\"https:\/\/www.bellunopress.it\/wp-content\/uploads\/2025\/12\/Hydro-Feltre.jpg\" \/>\n\t<meta property=\"og:image:width\" content=\"600\" \/>\n\t<meta property=\"og:image:height\" content=\"338\" \/>\n\t<meta property=\"og:image:type\" content=\"image\/jpeg\" \/>\n<meta name=\"author\" content=\"redazione\" \/>\n<meta name=\"twitter:card\" content=\"summary_large_image\" \/>\n<meta name=\"twitter:creator\" content=\"@bellunopress\" \/>\n<meta name=\"twitter:site\" content=\"@bellunopress\" \/>\n<meta name=\"twitter:label1\" content=\"\u00c9crit par\" \/>\n\t<meta name=\"twitter:data1\" content=\"redazione\" \/>\n\t<meta name=\"twitter:label2\" content=\"Dur\u00e9e de lecture estim\u00e9e\" \/>\n\t<meta name=\"twitter:data2\" content=\"2 minutes\" \/>\n<script type=\"application\/ld+json\" class=\"yoast-schema-graph\">{\"@context\":\"https:\\\/\\\/schema.org\",\"@graph\":[{\"@type\":\"Article\",\"@id\":\"https:\\\/\\\/www.bellunopress.it\\\/2026\\\/03\\\/31\\\/hydro-feltre-oggi-lincontro-al-ministero-per-il-futuro-del-sito\\\/#article\",\"isPartOf\":{\"@id\":\"https:\\\/\\\/www.bellunopress.it\\\/2026\\\/03\\\/31\\\/hydro-feltre-oggi-lincontro-al-ministero-per-il-futuro-del-sito\\\/\"},\"author\":{\"name\":\"redazione\",\"@id\":\"https:\\\/\\\/www.bellunopress.it\\\/#\\\/schema\\\/person\\\/79bb06722b37ece1c03d3e94beb30d73\"},\"headline\":\"Hydro Feltre. Oggi l&#8217;incontro al Ministero per il futuro del sito\",\"datePublished\":\"2026-03-31T16:43:50+00:00\",\"mainEntityOfPage\":{\"@id\":\"https:\\\/\\\/www.bellunopress.it\\\/2026\\\/03\\\/31\\\/hydro-feltre-oggi-lincontro-al-ministero-per-il-futuro-del-sito\\\/\"},\"wordCount\":409,\"publisher\":{\"@id\":\"https:\\\/\\\/www.bellunopress.it\\\/#organization\"},\"image\":{\"@id\":\"https:\\\/\\\/www.bellunopress.it\\\/2026\\\/03\\\/31\\\/hydro-feltre-oggi-lincontro-al-ministero-per-il-futuro-del-sito\\\/#primaryimage\"},\"thumbnailUrl\":\"https:\\\/\\\/www.bellunopress.it\\\/wp-content\\\/uploads\\\/2025\\\/12\\\/Hydro-Feltre.jpg\",\"articleSection\":[\"Lavoro, Economia, Turismo\"],\"inLanguage\":\"fr-FR\"},{\"@type\":\"WebPage\",\"@id\":\"https:\\\/\\\/www.bellunopress.it\\\/2026\\\/03\\\/31\\\/hydro-feltre-oggi-lincontro-al-ministero-per-il-futuro-del-sito\\\/\",\"url\":\"https:\\\/\\\/www.bellunopress.it\\\/2026\\\/03\\\/31\\\/hydro-feltre-oggi-lincontro-al-ministero-per-il-futuro-del-sito\\\/\",\"name\":\"Hydro Feltre. Oggi l'incontro al Ministero per il futuro del sito - Bellunopress - Dolomiti\",\"isPartOf\":{\"@id\":\"https:\\\/\\\/www.bellunopress.it\\\/#website\"},\"primaryImageOfPage\":{\"@id\":\"https:\\\/\\\/www.bellunopress.it\\\/2026\\\/03\\\/31\\\/hydro-feltre-oggi-lincontro-al-ministero-per-il-futuro-del-sito\\\/#primaryimage\"},\"image\":{\"@id\":\"https:\\\/\\\/www.bellunopress.it\\\/2026\\\/03\\\/31\\\/hydro-feltre-oggi-lincontro-al-ministero-per-il-futuro-del-sito\\\/#primaryimage\"},\"thumbnailUrl\":\"https:\\\/\\\/www.bellunopress.it\\\/wp-content\\\/uploads\\\/2025\\\/12\\\/Hydro-Feltre.jpg\",\"datePublished\":\"2026-03-31T16:43:50+00:00\",\"breadcrumb\":{\"@id\":\"https:\\\/\\\/www.bellunopress.it\\\/2026\\\/03\\\/31\\\/hydro-feltre-oggi-lincontro-al-ministero-per-il-futuro-del-sito\\\/#breadcrumb\"},\"inLanguage\":\"fr-FR\",\"potentialAction\":[{\"@type\":\"ReadAction\",\"target\":[\"https:\\\/\\\/www.bellunopress.it\\\/2026\\\/03\\\/31\\\/hydro-feltre-oggi-lincontro-al-ministero-per-il-futuro-del-sito\\\/\"]}]},{\"@type\":\"ImageObject\",\"inLanguage\":\"fr-FR\",\"@id\":\"https:\\\/\\\/www.bellunopress.it\\\/2026\\\/03\\\/31\\\/hydro-feltre-oggi-lincontro-al-ministero-per-il-futuro-del-sito\\\/#primaryimage\",\"url\":\"https:\\\/\\\/www.bellunopress.it\\\/wp-content\\\/uploads\\\/2025\\\/12\\\/Hydro-Feltre.jpg\",\"contentUrl\":\"https:\\\/\\\/www.bellunopress.it\\\/wp-content\\\/uploads\\\/2025\\\/12\\\/Hydro-Feltre.jpg\",\"width\":600,\"height\":338,\"caption\":\"Stabilimento Hydro Feltre\"},{\"@type\":\"BreadcrumbList\",\"@id\":\"https:\\\/\\\/www.bellunopress.it\\\/2026\\\/03\\\/31\\\/hydro-feltre-oggi-lincontro-al-ministero-per-il-futuro-del-sito\\\/#breadcrumb\",\"itemListElement\":[{\"@type\":\"ListItem\",\"position\":1,\"name\":\"Home\",\"item\":\"https:\\\/\\\/www.bellunopress.it\\\/\"},{\"@type\":\"ListItem\",\"position\":2,\"name\":\"Hydro Feltre. Oggi l&#8217;incontro al Ministero per il futuro del sito\"}]},{\"@type\":\"WebSite\",\"@id\":\"https:\\\/\\\/www.bellunopress.it\\\/#website\",\"url\":\"https:\\\/\\\/www.bellunopress.it\\\/\",\"name\":\"Bellunopress - Dolomiti\",\"description\":\"e-mail: redazione@bellunopress.it\",\"publisher\":{\"@id\":\"https:\\\/\\\/www.bellunopress.it\\\/#organization\"},\"potentialAction\":[{\"@type\":\"SearchAction\",\"target\":{\"@type\":\"EntryPoint\",\"urlTemplate\":\"https:\\\/\\\/www.bellunopress.it\\\/?s={search_term_string}\"},\"query-input\":{\"@type\":\"PropertyValueSpecification\",\"valueRequired\":true,\"valueName\":\"search_term_string\"}}],\"inLanguage\":\"fr-FR\"},{\"@type\":\"Organization\",\"@id\":\"https:\\\/\\\/www.bellunopress.it\\\/#organization\",\"name\":\"Bellunopress\",\"url\":\"https:\\\/\\\/www.bellunopress.it\\\/\",\"logo\":{\"@type\":\"ImageObject\",\"inLanguage\":\"fr-FR\",\"@id\":\"https:\\\/\\\/www.bellunopress.it\\\/#\\\/schema\\\/logo\\\/image\\\/\",\"url\":\"https:\\\/\\\/www.bellunopress.it\\\/wp-content\\\/uploads\\\/2011\\\/05\\\/cropped-logo-bellunopress-.jpg\",\"contentUrl\":\"https:\\\/\\\/www.bellunopress.it\\\/wp-content\\\/uploads\\\/2011\\\/05\\\/cropped-logo-bellunopress-.jpg\",\"width\":512,\"height\":512,\"caption\":\"Bellunopress\"},\"image\":{\"@id\":\"https:\\\/\\\/www.bellunopress.it\\\/#\\\/schema\\\/logo\\\/image\\\/\"},\"sameAs\":[\"https:\\\/\\\/www.facebook.com\\\/profile.php?id=100008943462799\",\"https:\\\/\\\/x.com\\\/bellunopress\",\"https:\\\/\\\/www.linkedin.com\\\/hp\\\/?dnr=JBzUWaJfMUw8vbXJJ2tVW5-I3jZKvC4wsoxE&amp;amp;amp;amp;amp;amp;trk=nav_responsive_tab_home\",\"https:\\\/\\\/www.youtube.com\\\/channel\\\/UCxL0wu1uN0_3_7hGG0306cw\"]},{\"@type\":\"Person\",\"@id\":\"https:\\\/\\\/www.bellunopress.it\\\/#\\\/schema\\\/person\\\/79bb06722b37ece1c03d3e94beb30d73\",\"name\":\"redazione\",\"image\":{\"@type\":\"ImageObject\",\"inLanguage\":\"fr-FR\",\"@id\":\"https:\\\/\\\/secure.gravatar.com\\\/avatar\\\/37d968a2e67a6fd04c169c4bdef102d0bc5d31b2546345219e348575eb80e9a0?s=96&d=mm&r=g\",\"url\":\"https:\\\/\\\/secure.gravatar.com\\\/avatar\\\/37d968a2e67a6fd04c169c4bdef102d0bc5d31b2546345219e348575eb80e9a0?s=96&d=mm&r=g\",\"contentUrl\":\"https:\\\/\\\/secure.gravatar.com\\\/avatar\\\/37d968a2e67a6fd04c169c4bdef102d0bc5d31b2546345219e348575eb80e9a0?s=96&d=mm&r=g\",\"caption\":\"redazione\"},\"sameAs\":[\"http:\\\/\\\/www.bellunopress.it\",\"https:\\\/\\\/x.com\\\/bellunopress\"],\"url\":\"https:\\\/\\\/www.bellunopress.it\\\/fr\\\/author\\\/redazione\\\/\"}]}<\/script>\n<!-- \/ Yoast SEO plugin. -->","yoast_head_json":{"title":"Hydro Feltre. Oggi l'incontro al Ministero per il futuro del sito - Bellunopress - Dolomiti","robots":{"index":"index","follow":"follow","max-snippet":"max-snippet:-1","max-image-preview":"max-image-preview:large","max-video-preview":"max-video-preview:-1"},"canonical":"https:\/\/www.bellunopress.it\/fr\/2026\/03\/31\/hydro-feltre-oggi-lincontro-al-ministero-per-il-futuro-del-sito\/","og_locale":"fr_FR","og_type":"article","og_title":"Hydro Feltre. Oggi l'incontro al Ministero per il futuro del sito - Bellunopress - Dolomiti","og_description":"Roma, 31\/03\/2026 &#8211; L&#8217;incontro al Ministero delle Imprese e del Made in Italy conferma che la situazione \u00e8 ancora in una fase aperta e delicata, ma con primi segnali concreti sul fronte della reindustrializzazione. Sono stati contattati oltre 100 potenziali soggetti tra aziende e fondi, e a oggi si registrano 6 manifestazioni di interesse formali, [&hellip;]","og_url":"https:\/\/www.bellunopress.it\/fr\/2026\/03\/31\/hydro-feltre-oggi-lincontro-al-ministero-per-il-futuro-del-sito\/","og_site_name":"Bellunopress - Dolomiti","article_publisher":"https:\/\/www.facebook.com\/profile.php?id=100008943462799","article_published_time":"2026-03-31T16:43:50+00:00","og_image":[{"width":600,"height":338,"url":"https:\/\/www.bellunopress.it\/wp-content\/uploads\/2025\/12\/Hydro-Feltre.jpg","type":"image\/jpeg"}],"author":"redazione","twitter_card":"summary_large_image","twitter_creator":"@bellunopress","twitter_site":"@bellunopress","twitter_misc":{"\u00c9crit par":"redazione","Dur\u00e9e de lecture estim\u00e9e":"2 minutes"},"schema":{"@context":"https:\/\/schema.org","@graph":[{"@type":"Article","@id":"https:\/\/www.bellunopress.it\/2026\/03\/31\/hydro-feltre-oggi-lincontro-al-ministero-per-il-futuro-del-sito\/#article","isPartOf":{"@id":"https:\/\/www.bellunopress.it\/2026\/03\/31\/hydro-feltre-oggi-lincontro-al-ministero-per-il-futuro-del-sito\/"},"author":{"name":"redazione","@id":"https:\/\/www.bellunopress.it\/#\/schema\/person\/79bb06722b37ece1c03d3e94beb30d73"},"headline":"Hydro Feltre. Oggi l&#8217;incontro al Ministero per il futuro del sito","datePublished":"2026-03-31T16:43:50+00:00","mainEntityOfPage":{"@id":"https:\/\/www.bellunopress.it\/2026\/03\/31\/hydro-feltre-oggi-lincontro-al-ministero-per-il-futuro-del-sito\/"},"wordCount":409,"publisher":{"@id":"https:\/\/www.bellunopress.it\/#organization"},"image":{"@id":"https:\/\/www.bellunopress.it\/2026\/03\/31\/hydro-feltre-oggi-lincontro-al-ministero-per-il-futuro-del-sito\/#primaryimage"},"thumbnailUrl":"https:\/\/www.bellunopress.it\/wp-content\/uploads\/2025\/12\/Hydro-Feltre.jpg","articleSection":["Lavoro, Economia, Turismo"],"inLanguage":"fr-FR"},{"@type":"WebPage","@id":"https:\/\/www.bellunopress.it\/2026\/03\/31\/hydro-feltre-oggi-lincontro-al-ministero-per-il-futuro-del-sito\/","url":"https:\/\/www.bellunopress.it\/2026\/03\/31\/hydro-feltre-oggi-lincontro-al-ministero-per-il-futuro-del-sito\/","name":"Hydro Feltre. Oggi l'incontro al Ministero per il futuro del sito - Bellunopress - Dolomiti","isPartOf":{"@id":"https:\/\/www.bellunopress.it\/#website"},"primaryImageOfPage":{"@id":"https:\/\/www.bellunopress.it\/2026\/03\/31\/hydro-feltre-oggi-lincontro-al-ministero-per-il-futuro-del-sito\/#primaryimage"},"image":{"@id":"https:\/\/www.bellunopress.it\/2026\/03\/31\/hydro-feltre-oggi-lincontro-al-ministero-per-il-futuro-del-sito\/#primaryimage"},"thumbnailUrl":"https:\/\/www.bellunopress.it\/wp-content\/uploads\/2025\/12\/Hydro-Feltre.jpg","datePublished":"2026-03-31T16:43:50+00:00","breadcrumb":{"@id":"https:\/\/www.bellunopress.it\/2026\/03\/31\/hydro-feltre-oggi-lincontro-al-ministero-per-il-futuro-del-sito\/#breadcrumb"},"inLanguage":"fr-FR","potentialAction":[{"@type":"ReadAction","target":["https:\/\/www.bellunopress.it\/2026\/03\/31\/hydro-feltre-oggi-lincontro-al-ministero-per-il-futuro-del-sito\/"]}]},{"@type":"ImageObject","inLanguage":"fr-FR","@id":"https:\/\/www.bellunopress.it\/2026\/03\/31\/hydro-feltre-oggi-lincontro-al-ministero-per-il-futuro-del-sito\/#primaryimage","url":"https:\/\/www.bellunopress.it\/wp-content\/uploads\/2025\/12\/Hydro-Feltre.jpg","contentUrl":"https:\/\/www.bellunopress.it\/wp-content\/uploads\/2025\/12\/Hydro-Feltre.jpg","width":600,"height":338,"caption":"Stabilimento Hydro Feltre"},{"@type":"BreadcrumbList","@id":"https:\/\/www.bellunopress.it\/2026\/03\/31\/hydro-feltre-oggi-lincontro-al-ministero-per-il-futuro-del-sito\/#breadcrumb","itemListElement":[{"@type":"ListItem","position":1,"name":"Home","item":"https:\/\/www.bellunopress.it\/"},{"@type":"ListItem","position":2,"name":"Hydro Feltre. Oggi l&#8217;incontro al Ministero per il futuro del sito"}]},{"@type":"WebSite","@id":"https:\/\/www.bellunopress.it\/#website","url":"https:\/\/www.bellunopress.it\/","name":"Bellunopress - Dolomiti","description":"e-mail: redazione@bellunopress.it","publisher":{"@id":"https:\/\/www.bellunopress.it\/#organization"},"potentialAction":[{"@type":"SearchAction","target":{"@type":"EntryPoint","urlTemplate":"https:\/\/www.bellunopress.it\/?s={search_term_string}"},"query-input":{"@type":"PropertyValueSpecification","valueRequired":true,"valueName":"search_term_string"}}],"inLanguage":"fr-FR"},{"@type":"Organization","@id":"https:\/\/www.bellunopress.it\/#organization","name":"Bellunopress","url":"https:\/\/www.bellunopress.it\/","logo":{"@type":"ImageObject","inLanguage":"fr-FR","@id":"https:\/\/www.bellunopress.it\/#\/schema\/logo\/image\/","url":"https:\/\/www.bellunopress.it\/wp-content\/uploads\/2011\/05\/cropped-logo-bellunopress-.jpg","contentUrl":"https:\/\/www.bellunopress.it\/wp-content\/uploads\/2011\/05\/cropped-logo-bellunopress-.jpg","width":512,"height":512,"caption":"Bellunopress"},"image":{"@id":"https:\/\/www.bellunopress.it\/#\/schema\/logo\/image\/"},"sameAs":["https:\/\/www.facebook.com\/profile.php?id=100008943462799","https:\/\/x.com\/bellunopress","https:\/\/www.linkedin.com\/hp\/?dnr=JBzUWaJfMUw8vbXJJ2tVW5-I3jZKvC4wsoxE&amp;amp;amp;amp;amp;amp;trk=nav_responsive_tab_home","https:\/\/www.youtube.com\/channel\/UCxL0wu1uN0_3_7hGG0306cw"]},{"@type":"Person","@id":"https:\/\/www.bellunopress.it\/#\/schema\/person\/79bb06722b37ece1c03d3e94beb30d73","name":"r\u00e9daction","image":{"@type":"ImageObject","inLanguage":"fr-FR","@id":"https:\/\/secure.gravatar.com\/avatar\/37d968a2e67a6fd04c169c4bdef102d0bc5d31b2546345219e348575eb80e9a0?s=96&d=mm&r=g","url":"https:\/\/secure.gravatar.com\/avatar\/37d968a2e67a6fd04c169c4bdef102d0bc5d31b2546345219e348575eb80e9a0?s=96&d=mm&r=g","contentUrl":"https:\/\/secure.gravatar.com\/avatar\/37d968a2e67a6fd04c169c4bdef102d0bc5d31b2546345219e348575eb80e9a0?s=96&d=mm&r=g","caption":"redazione"},"sameAs":["http:\/\/www.bellunopress.it","https:\/\/x.com\/bellunopress"],"url":"https:\/\/www.bellunopress.it\/fr\/author\/redazione\/"}]}},"_links":{"self":[{"href":"https:\/\/www.bellunopress.it\/fr\/wp-json\/wp\/v2\/posts\/168678","targetHints":{"allow":["GET"]}}],"collection":[{"href":"https:\/\/www.bellunopress.it\/fr\/wp-json\/wp\/v2\/posts"}],"about":[{"href":"https:\/\/www.bellunopress.it\/fr\/wp-json\/wp\/v2\/types\/post"}],"author":[{"embeddable":true,"href":"https:\/\/www.bellunopress.it\/fr\/wp-json\/wp\/v2\/users\/2"}],"replies":[{"embeddable":true,"href":"https:\/\/www.bellunopress.it\/fr\/wp-json\/wp\/v2\/comments?post=168678"}],"version-history":[{"count":1,"href":"https:\/\/www.bellunopress.it\/fr\/wp-json\/wp\/v2\/posts\/168678\/revisions"}],"predecessor-version":[{"id":168679,"href":"https:\/\/www.bellunopress.it\/fr\/wp-json\/wp\/v2\/posts\/168678\/revisions\/168679"}],"wp:featuredmedia":[{"embeddable":true,"href":"https:\/\/www.bellunopress.it\/fr\/wp-json\/wp\/v2\/media\/165987"}],"wp:attachment":[{"href":"https:\/\/www.bellunopress.it\/fr\/wp-json\/wp\/v2\/media?parent=168678"}],"wp:term":[{"taxonomy":"category","embeddable":true,"href":"https:\/\/www.bellunopress.it\/fr\/wp-json\/wp\/v2\/categories?post=168678"},{"taxonomy":"post_tag","embeddable":true,"href":"https:\/\/www.bellunopress.it\/fr\/wp-json\/wp\/v2\/tags?post=168678"}],"curies":[{"name":"wp","href":"https:\/\/api.w.org\/{rel}","templated":true}]}}