{"id":168675,"date":"2026-03-31T18:35:04","date_gmt":"2026-03-31T16:35:04","guid":{"rendered":"https:\/\/www.bellunopress.it\/?p=168675"},"modified":"2026-03-31T18:36:47","modified_gmt":"2026-03-31T16:36:47","slug":"addio-allusa-e-getta-a-ponte-nelle-alpi-arriva-la-stoviglioteca-di-giorgia-e-simonetta","status":"publish","type":"post","link":"https:\/\/www.bellunopress.it\/fr\/2026\/03\/31\/addio-allusa-e-getta-a-ponte-nelle-alpi-arriva-la-stoviglioteca-di-giorgia-e-simonetta\/","title":{"rendered":"Addio all&#8217;usa e getta: a Ponte nelle Alpi arriva la Stoviglioteca di Giorgia e Simonetta"},"content":{"rendered":"<h3 data-path-to-node=\"3\">Piatti e posate in prestito gratuito per feste ed eventi: il progetto di due mamme, sostenuto dal Comune, punta a ridurre i rifiuti e a promuovere l&#8217;economia circolare.<\/h3>\n<p data-path-to-node=\"4\">Ponte nelle Alpi, 31\/03\/2026\u00a0\u2013 Un compleanno, una cena tra amici o una festa dell&#8217;associazione locale: momenti di gioia che, troppo spesso, lasciano in eredit\u00e0 sacchi neri colmi di plastica e materiali monouso. Da oggi, a Ponte nelle Alpi, esiste un\u2019alternativa concreta e gratuita per dire addio allo spreco: nasce la Stoviglioteca.<\/p>\n<p data-path-to-node=\"5\">L\u2019iniziativa, che trasforma il concetto di biblioteca applicandolo agli oggetti di uso quotidiano, \u00e8 frutto dell&#8217;intuizione di Giorgia Olivotto e Simonetta Sogne. Il progetto ha subito trovato il sostegno economico e il patrocinio dell\u2019amministrazione comunale, confermando la vocazione ecologista del territorio pontalpino.<\/p>\n<h3 data-path-to-node=\"7\">Come funziona il servizio<\/h3>\n<p data-path-to-node=\"8\">Il meccanismo \u00e8 semplice e intuitivo. Cittadini, scuole e realt\u00e0 locali possono prendere in prestito dei kit completi di stoviglie riutilizzabili per i propri eventi. Attualmente sono disponibili due kit da 30 coperti ciascuno, composti da:<\/p>\n<ul data-path-to-node=\"9\">\n<li>\n<p data-path-to-node=\"9,0,0\">Piatti e ciotole<\/p>\n<\/li>\n<li>\n<p data-path-to-node=\"9,1,0\">Posate<\/p>\n<\/li>\n<li>\n<p data-path-to-node=\"9,2,0\">51 bicchieri per set (una scelta mirata, dato che sono gli oggetti pi\u00f9 utilizzati durante le feste).<\/p>\n<\/li>\n<\/ul>\n<p data-path-to-node=\"10\">Il servizio \u00e8 completamente gratuito, sebbene sia prevista una cauzione al momento della consegna per tutelare l&#8217;integrit\u00e0 del materiale. Chi lo desidera pu\u00f2 inoltre lasciare un\u2019offerta libera per sostenere la crescita del progetto.<\/p>\n<h3 data-path-to-node=\"11\">Dalla sensibilit\u00e0 privata al bene comune<\/h3>\n<p data-path-to-node=\"12\">L\u2019idea affonda le radici nell&#8217;esperienza personale delle due ideatrici. <i data-path-to-node=\"12\" data-index-in-node=\"72\">&#8220;In questi anni abbiamo utilizzato stoviglie riutilizzabili per le nostre feste private, suscitando spesso la curiosit\u00e0 degli ospiti,&#8221;<\/i> spiega Giorgia Olivotto. <i data-path-to-node=\"12\" data-index-in-node=\"232\">&#8220;Da qui \u00e8 nata la voglia di trasformare questa pratica in un servizio per tutti, per alleggerire il peso dei rifiuti, specialmente della plastica.&#8221;<\/i><\/p>\n<p data-path-to-node=\"13\">Essendo entrambe mamme, Giorgia e Simonetta conoscono bene sia l&#8217;impatto ambientale che l&#8217;impegno economico derivante dall&#8217;acquisto di prodotti usa e getta per le feste dei bambini. La Stoviglioteca abbatte entrambi i costi, offrendo una soluzione che unisce risparmio e sostenibilit\u00e0.<\/p>\n<blockquote data-path-to-node=\"14\">\n<h6 style=\"text-align: left;\" data-path-to-node=\"14,0\">&#8220;Non \u00e8 solo un servizio pratico, ma uno strumento culturale per riscoprire il valore del riuso e rafforzare il senso di comunit\u00e0.&#8221;<\/h6>\n<\/blockquote>\n<h3 data-path-to-node=\"15\">Un modello per il territorio<\/h3>\n<p data-path-to-node=\"16\">Il Comune di Ponte nelle Alpi ha accolto con entusiasmo la proposta, inserendola in un quadro pi\u00f9 ampio di politiche orientate all&#8217;economia circolare. Per garantire il corretto utilizzo e standard igienici adeguati, \u00e8 stato redatto un apposito regolamento d&#8217;uso.<\/p>\n<p data-path-to-node=\"17\">La Stoviglioteca non \u00e8 solo una risposta all&#8217;emergenza rifiuti, ma un invito alla condivisione. Se il progetto dovesse riscuotere il successo sperato, l&#8217;obiettivo futuro \u00e8 quello di aumentare la dotazione di coperti, rendendo Ponte nelle Alpi un modello di innovazione sociale replicabile anche in altri comuni della provincia.<\/p>\n<p data-path-to-node=\"19\"><strong>INFO E CONTATTI<\/strong> Per prenotare i kit o richiedere informazioni sul regolamento, \u00e8 possibile contattare le ideatrici all&#8217;indirizzo email: simonettasogne@libero.it<\/p>","protected":false},"excerpt":{"rendered":"<p>Piatti e posate in prestito gratuito per feste ed eventi: il progetto di due mamme, sostenuto dal Comune, punta a ridurre i rifiuti e a promuovere l&#8217;economia circolare. Ponte nelle Alpi, 31\/03\/2026\u00a0\u2013 Un compleanno, una cena tra amici o una festa dell&#8217;associazione locale: momenti di gioia che, troppo spesso, lasciano in eredit\u00e0 sacchi neri colmi [&hellip;]<\/p>\n","protected":false},"author":2,"featured_media":168676,"comment_status":"closed","ping_status":"open","sticky":false,"template":"","format":"standard","meta":{"footnotes":""},"categories":[25,8],"tags":[],"class_list":["post-168675","post","type-post","status-publish","format-standard","has-post-thumbnail","category-pausa-caffe","category-societa-istituzioni"],"yoast_head":"<!-- This site is optimized with the Yoast SEO plugin v28.4 - https:\/\/yoast.com\/product\/yoast-seo-wordpress\/ -->\n<title>Addio all&#039;usa e getta: a Ponte nelle Alpi arriva la Stoviglioteca di Giorgia e Simonetta - Bellunopress - Dolomiti<\/title>\n<meta name=\"robots\" content=\"index, follow, max-snippet:-1, max-image-preview:large, max-video-preview:-1\" \/>\n<link rel=\"canonical\" href=\"https:\/\/www.bellunopress.it\/fr\/2026\/03\/31\/addio-allusa-e-getta-a-ponte-nelle-alpi-arriva-la-stoviglioteca-di-giorgia-e-simonetta\/\" \/>\n<meta property=\"og:locale\" content=\"fr_FR\" \/>\n<meta property=\"og:type\" content=\"article\" \/>\n<meta property=\"og:title\" content=\"Addio all&#039;usa e getta: a Ponte nelle Alpi arriva la Stoviglioteca di Giorgia e Simonetta - Bellunopress - Dolomiti\" \/>\n<meta property=\"og:description\" content=\"Piatti e posate in prestito gratuito per feste ed eventi: il progetto di due mamme, sostenuto dal Comune, punta a ridurre i rifiuti e a promuovere l&#8217;economia circolare. Ponte nelle Alpi, 31\/03\/2026\u00a0\u2013 Un compleanno, una cena tra amici o una festa dell&#8217;associazione locale: momenti di gioia che, troppo spesso, lasciano in eredit\u00e0 sacchi neri colmi [&hellip;]\" \/>\n<meta property=\"og:url\" content=\"https:\/\/www.bellunopress.it\/fr\/2026\/03\/31\/addio-allusa-e-getta-a-ponte-nelle-alpi-arriva-la-stoviglioteca-di-giorgia-e-simonetta\/\" \/>\n<meta property=\"og:site_name\" content=\"Bellunopress - Dolomiti\" \/>\n<meta property=\"article:publisher\" content=\"https:\/\/www.facebook.com\/profile.php?id=100008943462799\" \/>\n<meta property=\"article:published_time\" content=\"2026-03-31T16:35:04+00:00\" \/>\n<meta property=\"article:modified_time\" content=\"2026-03-31T16:36:47+00:00\" \/>\n<meta property=\"og:image\" content=\"https:\/\/www.bellunopress.it\/wp-content\/uploads\/2026\/03\/Giorgia-Olivotto-e-Simonetta-Sogne-La-Stoviglioteca.jpg\" \/>\n\t<meta property=\"og:image:width\" content=\"426\" \/>\n\t<meta property=\"og:image:height\" content=\"474\" \/>\n\t<meta property=\"og:image:type\" content=\"image\/jpeg\" \/>\n<meta name=\"author\" content=\"redazione\" \/>\n<meta name=\"twitter:card\" content=\"summary_large_image\" \/>\n<meta name=\"twitter:creator\" content=\"@bellunopress\" \/>\n<meta name=\"twitter:site\" content=\"@bellunopress\" \/>\n<meta name=\"twitter:label1\" content=\"\u00c9crit par\" \/>\n\t<meta name=\"twitter:data1\" content=\"redazione\" \/>\n\t<meta name=\"twitter:label2\" content=\"Dur\u00e9e de lecture estim\u00e9e\" \/>\n\t<meta name=\"twitter:data2\" content=\"2 minutes\" \/>\n<script type=\"application\/ld+json\" class=\"yoast-schema-graph\">{\"@context\":\"https:\\\/\\\/schema.org\",\"@graph\":[{\"@type\":\"Article\",\"@id\":\"https:\\\/\\\/www.bellunopress.it\\\/2026\\\/03\\\/31\\\/addio-allusa-e-getta-a-ponte-nelle-alpi-arriva-la-stoviglioteca-di-giorgia-e-simonetta\\\/#article\",\"isPartOf\":{\"@id\":\"https:\\\/\\\/www.bellunopress.it\\\/2026\\\/03\\\/31\\\/addio-allusa-e-getta-a-ponte-nelle-alpi-arriva-la-stoviglioteca-di-giorgia-e-simonetta\\\/\"},\"author\":{\"name\":\"redazione\",\"@id\":\"https:\\\/\\\/www.bellunopress.it\\\/#\\\/schema\\\/person\\\/79bb06722b37ece1c03d3e94beb30d73\"},\"headline\":\"Addio all&#8217;usa e getta: a Ponte nelle Alpi arriva la Stoviglioteca di Giorgia e Simonetta\",\"datePublished\":\"2026-03-31T16:35:04+00:00\",\"dateModified\":\"2026-03-31T16:36:47+00:00\",\"mainEntityOfPage\":{\"@id\":\"https:\\\/\\\/www.bellunopress.it\\\/2026\\\/03\\\/31\\\/addio-allusa-e-getta-a-ponte-nelle-alpi-arriva-la-stoviglioteca-di-giorgia-e-simonetta\\\/\"},\"wordCount\":473,\"publisher\":{\"@id\":\"https:\\\/\\\/www.bellunopress.it\\\/#organization\"},\"image\":{\"@id\":\"https:\\\/\\\/www.bellunopress.it\\\/2026\\\/03\\\/31\\\/addio-allusa-e-getta-a-ponte-nelle-alpi-arriva-la-stoviglioteca-di-giorgia-e-simonetta\\\/#primaryimage\"},\"thumbnailUrl\":\"https:\\\/\\\/www.bellunopress.it\\\/wp-content\\\/uploads\\\/2026\\\/03\\\/Giorgia-Olivotto-e-Simonetta-Sogne-La-Stoviglioteca.jpg\",\"articleSection\":[\"Pausa Caff\u00e8\",\"Societ\u00e0, Associazioni, Istituzioni\"],\"inLanguage\":\"fr-FR\"},{\"@type\":\"WebPage\",\"@id\":\"https:\\\/\\\/www.bellunopress.it\\\/2026\\\/03\\\/31\\\/addio-allusa-e-getta-a-ponte-nelle-alpi-arriva-la-stoviglioteca-di-giorgia-e-simonetta\\\/\",\"url\":\"https:\\\/\\\/www.bellunopress.it\\\/2026\\\/03\\\/31\\\/addio-allusa-e-getta-a-ponte-nelle-alpi-arriva-la-stoviglioteca-di-giorgia-e-simonetta\\\/\",\"name\":\"Addio all'usa e getta: a Ponte nelle Alpi arriva la Stoviglioteca di Giorgia e Simonetta - Bellunopress - Dolomiti\",\"isPartOf\":{\"@id\":\"https:\\\/\\\/www.bellunopress.it\\\/#website\"},\"primaryImageOfPage\":{\"@id\":\"https:\\\/\\\/www.bellunopress.it\\\/2026\\\/03\\\/31\\\/addio-allusa-e-getta-a-ponte-nelle-alpi-arriva-la-stoviglioteca-di-giorgia-e-simonetta\\\/#primaryimage\"},\"image\":{\"@id\":\"https:\\\/\\\/www.bellunopress.it\\\/2026\\\/03\\\/31\\\/addio-allusa-e-getta-a-ponte-nelle-alpi-arriva-la-stoviglioteca-di-giorgia-e-simonetta\\\/#primaryimage\"},\"thumbnailUrl\":\"https:\\\/\\\/www.bellunopress.it\\\/wp-content\\\/uploads\\\/2026\\\/03\\\/Giorgia-Olivotto-e-Simonetta-Sogne-La-Stoviglioteca.jpg\",\"datePublished\":\"2026-03-31T16:35:04+00:00\",\"dateModified\":\"2026-03-31T16:36:47+00:00\",\"breadcrumb\":{\"@id\":\"https:\\\/\\\/www.bellunopress.it\\\/2026\\\/03\\\/31\\\/addio-allusa-e-getta-a-ponte-nelle-alpi-arriva-la-stoviglioteca-di-giorgia-e-simonetta\\\/#breadcrumb\"},\"inLanguage\":\"fr-FR\",\"potentialAction\":[{\"@type\":\"ReadAction\",\"target\":[\"https:\\\/\\\/www.bellunopress.it\\\/2026\\\/03\\\/31\\\/addio-allusa-e-getta-a-ponte-nelle-alpi-arriva-la-stoviglioteca-di-giorgia-e-simonetta\\\/\"]}]},{\"@type\":\"ImageObject\",\"inLanguage\":\"fr-FR\",\"@id\":\"https:\\\/\\\/www.bellunopress.it\\\/2026\\\/03\\\/31\\\/addio-allusa-e-getta-a-ponte-nelle-alpi-arriva-la-stoviglioteca-di-giorgia-e-simonetta\\\/#primaryimage\",\"url\":\"https:\\\/\\\/www.bellunopress.it\\\/wp-content\\\/uploads\\\/2026\\\/03\\\/Giorgia-Olivotto-e-Simonetta-Sogne-La-Stoviglioteca.jpg\",\"contentUrl\":\"https:\\\/\\\/www.bellunopress.it\\\/wp-content\\\/uploads\\\/2026\\\/03\\\/Giorgia-Olivotto-e-Simonetta-Sogne-La-Stoviglioteca.jpg\",\"width\":426,\"height\":474,\"caption\":\"Simonetta e Giorgia\"},{\"@type\":\"BreadcrumbList\",\"@id\":\"https:\\\/\\\/www.bellunopress.it\\\/2026\\\/03\\\/31\\\/addio-allusa-e-getta-a-ponte-nelle-alpi-arriva-la-stoviglioteca-di-giorgia-e-simonetta\\\/#breadcrumb\",\"itemListElement\":[{\"@type\":\"ListItem\",\"position\":1,\"name\":\"Home\",\"item\":\"https:\\\/\\\/www.bellunopress.it\\\/\"},{\"@type\":\"ListItem\",\"position\":2,\"name\":\"Addio all&#8217;usa e getta: a Ponte nelle Alpi arriva la Stoviglioteca di Giorgia e Simonetta\"}]},{\"@type\":\"WebSite\",\"@id\":\"https:\\\/\\\/www.bellunopress.it\\\/#website\",\"url\":\"https:\\\/\\\/www.bellunopress.it\\\/\",\"name\":\"Bellunopress - Dolomiti\",\"description\":\"e-mail: redazione@bellunopress.it\",\"publisher\":{\"@id\":\"https:\\\/\\\/www.bellunopress.it\\\/#organization\"},\"potentialAction\":[{\"@type\":\"SearchAction\",\"target\":{\"@type\":\"EntryPoint\",\"urlTemplate\":\"https:\\\/\\\/www.bellunopress.it\\\/?s={search_term_string}\"},\"query-input\":{\"@type\":\"PropertyValueSpecification\",\"valueRequired\":true,\"valueName\":\"search_term_string\"}}],\"inLanguage\":\"fr-FR\"},{\"@type\":\"Organization\",\"@id\":\"https:\\\/\\\/www.bellunopress.it\\\/#organization\",\"name\":\"Bellunopress\",\"url\":\"https:\\\/\\\/www.bellunopress.it\\\/\",\"logo\":{\"@type\":\"ImageObject\",\"inLanguage\":\"fr-FR\",\"@id\":\"https:\\\/\\\/www.bellunopress.it\\\/#\\\/schema\\\/logo\\\/image\\\/\",\"url\":\"https:\\\/\\\/www.bellunopress.it\\\/wp-content\\\/uploads\\\/2011\\\/05\\\/cropped-logo-bellunopress-.jpg\",\"contentUrl\":\"https:\\\/\\\/www.bellunopress.it\\\/wp-content\\\/uploads\\\/2011\\\/05\\\/cropped-logo-bellunopress-.jpg\",\"width\":512,\"height\":512,\"caption\":\"Bellunopress\"},\"image\":{\"@id\":\"https:\\\/\\\/www.bellunopress.it\\\/#\\\/schema\\\/logo\\\/image\\\/\"},\"sameAs\":[\"https:\\\/\\\/www.facebook.com\\\/profile.php?id=100008943462799\",\"https:\\\/\\\/x.com\\\/bellunopress\",\"https:\\\/\\\/www.linkedin.com\\\/hp\\\/?dnr=JBzUWaJfMUw8vbXJJ2tVW5-I3jZKvC4wsoxE&amp;amp;amp;amp;amp;amp;trk=nav_responsive_tab_home\",\"https:\\\/\\\/www.youtube.com\\\/channel\\\/UCxL0wu1uN0_3_7hGG0306cw\"]},{\"@type\":\"Person\",\"@id\":\"https:\\\/\\\/www.bellunopress.it\\\/#\\\/schema\\\/person\\\/79bb06722b37ece1c03d3e94beb30d73\",\"name\":\"redazione\",\"image\":{\"@type\":\"ImageObject\",\"inLanguage\":\"fr-FR\",\"@id\":\"https:\\\/\\\/secure.gravatar.com\\\/avatar\\\/37d968a2e67a6fd04c169c4bdef102d0bc5d31b2546345219e348575eb80e9a0?s=96&d=mm&r=g\",\"url\":\"https:\\\/\\\/secure.gravatar.com\\\/avatar\\\/37d968a2e67a6fd04c169c4bdef102d0bc5d31b2546345219e348575eb80e9a0?s=96&d=mm&r=g\",\"contentUrl\":\"https:\\\/\\\/secure.gravatar.com\\\/avatar\\\/37d968a2e67a6fd04c169c4bdef102d0bc5d31b2546345219e348575eb80e9a0?s=96&d=mm&r=g\",\"caption\":\"redazione\"},\"sameAs\":[\"http:\\\/\\\/www.bellunopress.it\",\"https:\\\/\\\/x.com\\\/bellunopress\"],\"url\":\"https:\\\/\\\/www.bellunopress.it\\\/fr\\\/author\\\/redazione\\\/\"}]}<\/script>\n<!-- \/ Yoast SEO plugin. -->","yoast_head_json":{"title":"Addio all'usa e getta: a Ponte nelle Alpi arriva la Stoviglioteca di Giorgia e Simonetta - Bellunopress - Dolomiti","robots":{"index":"index","follow":"follow","max-snippet":"max-snippet:-1","max-image-preview":"max-image-preview:large","max-video-preview":"max-video-preview:-1"},"canonical":"https:\/\/www.bellunopress.it\/fr\/2026\/03\/31\/addio-allusa-e-getta-a-ponte-nelle-alpi-arriva-la-stoviglioteca-di-giorgia-e-simonetta\/","og_locale":"fr_FR","og_type":"article","og_title":"Addio all'usa e getta: a Ponte nelle Alpi arriva la Stoviglioteca di Giorgia e Simonetta - Bellunopress - Dolomiti","og_description":"Piatti e posate in prestito gratuito per feste ed eventi: il progetto di due mamme, sostenuto dal Comune, punta a ridurre i rifiuti e a promuovere l&#8217;economia circolare. Ponte nelle Alpi, 31\/03\/2026\u00a0\u2013 Un compleanno, una cena tra amici o una festa dell&#8217;associazione locale: momenti di gioia che, troppo spesso, lasciano in eredit\u00e0 sacchi neri colmi [&hellip;]","og_url":"https:\/\/www.bellunopress.it\/fr\/2026\/03\/31\/addio-allusa-e-getta-a-ponte-nelle-alpi-arriva-la-stoviglioteca-di-giorgia-e-simonetta\/","og_site_name":"Bellunopress - Dolomiti","article_publisher":"https:\/\/www.facebook.com\/profile.php?id=100008943462799","article_published_time":"2026-03-31T16:35:04+00:00","article_modified_time":"2026-03-31T16:36:47+00:00","og_image":[{"width":426,"height":474,"url":"https:\/\/www.bellunopress.it\/wp-content\/uploads\/2026\/03\/Giorgia-Olivotto-e-Simonetta-Sogne-La-Stoviglioteca.jpg","type":"image\/jpeg"}],"author":"redazione","twitter_card":"summary_large_image","twitter_creator":"@bellunopress","twitter_site":"@bellunopress","twitter_misc":{"\u00c9crit par":"redazione","Dur\u00e9e de lecture estim\u00e9e":"2 minutes"},"schema":{"@context":"https:\/\/schema.org","@graph":[{"@type":"Article","@id":"https:\/\/www.bellunopress.it\/2026\/03\/31\/addio-allusa-e-getta-a-ponte-nelle-alpi-arriva-la-stoviglioteca-di-giorgia-e-simonetta\/#article","isPartOf":{"@id":"https:\/\/www.bellunopress.it\/2026\/03\/31\/addio-allusa-e-getta-a-ponte-nelle-alpi-arriva-la-stoviglioteca-di-giorgia-e-simonetta\/"},"author":{"name":"redazione","@id":"https:\/\/www.bellunopress.it\/#\/schema\/person\/79bb06722b37ece1c03d3e94beb30d73"},"headline":"Addio all&#8217;usa e getta: a Ponte nelle Alpi arriva la Stoviglioteca di Giorgia e Simonetta","datePublished":"2026-03-31T16:35:04+00:00","dateModified":"2026-03-31T16:36:47+00:00","mainEntityOfPage":{"@id":"https:\/\/www.bellunopress.it\/2026\/03\/31\/addio-allusa-e-getta-a-ponte-nelle-alpi-arriva-la-stoviglioteca-di-giorgia-e-simonetta\/"},"wordCount":473,"publisher":{"@id":"https:\/\/www.bellunopress.it\/#organization"},"image":{"@id":"https:\/\/www.bellunopress.it\/2026\/03\/31\/addio-allusa-e-getta-a-ponte-nelle-alpi-arriva-la-stoviglioteca-di-giorgia-e-simonetta\/#primaryimage"},"thumbnailUrl":"https:\/\/www.bellunopress.it\/wp-content\/uploads\/2026\/03\/Giorgia-Olivotto-e-Simonetta-Sogne-La-Stoviglioteca.jpg","articleSection":["Pausa Caff\u00e8","Societ\u00e0, Associazioni, Istituzioni"],"inLanguage":"fr-FR"},{"@type":"WebPage","@id":"https:\/\/www.bellunopress.it\/2026\/03\/31\/addio-allusa-e-getta-a-ponte-nelle-alpi-arriva-la-stoviglioteca-di-giorgia-e-simonetta\/","url":"https:\/\/www.bellunopress.it\/2026\/03\/31\/addio-allusa-e-getta-a-ponte-nelle-alpi-arriva-la-stoviglioteca-di-giorgia-e-simonetta\/","name":"Addio all'usa e getta: a Ponte nelle Alpi arriva la Stoviglioteca di Giorgia e Simonetta - Bellunopress - Dolomiti","isPartOf":{"@id":"https:\/\/www.bellunopress.it\/#website"},"primaryImageOfPage":{"@id":"https:\/\/www.bellunopress.it\/2026\/03\/31\/addio-allusa-e-getta-a-ponte-nelle-alpi-arriva-la-stoviglioteca-di-giorgia-e-simonetta\/#primaryimage"},"image":{"@id":"https:\/\/www.bellunopress.it\/2026\/03\/31\/addio-allusa-e-getta-a-ponte-nelle-alpi-arriva-la-stoviglioteca-di-giorgia-e-simonetta\/#primaryimage"},"thumbnailUrl":"https:\/\/www.bellunopress.it\/wp-content\/uploads\/2026\/03\/Giorgia-Olivotto-e-Simonetta-Sogne-La-Stoviglioteca.jpg","datePublished":"2026-03-31T16:35:04+00:00","dateModified":"2026-03-31T16:36:47+00:00","breadcrumb":{"@id":"https:\/\/www.bellunopress.it\/2026\/03\/31\/addio-allusa-e-getta-a-ponte-nelle-alpi-arriva-la-stoviglioteca-di-giorgia-e-simonetta\/#breadcrumb"},"inLanguage":"fr-FR","potentialAction":[{"@type":"ReadAction","target":["https:\/\/www.bellunopress.it\/2026\/03\/31\/addio-allusa-e-getta-a-ponte-nelle-alpi-arriva-la-stoviglioteca-di-giorgia-e-simonetta\/"]}]},{"@type":"ImageObject","inLanguage":"fr-FR","@id":"https:\/\/www.bellunopress.it\/2026\/03\/31\/addio-allusa-e-getta-a-ponte-nelle-alpi-arriva-la-stoviglioteca-di-giorgia-e-simonetta\/#primaryimage","url":"https:\/\/www.bellunopress.it\/wp-content\/uploads\/2026\/03\/Giorgia-Olivotto-e-Simonetta-Sogne-La-Stoviglioteca.jpg","contentUrl":"https:\/\/www.bellunopress.it\/wp-content\/uploads\/2026\/03\/Giorgia-Olivotto-e-Simonetta-Sogne-La-Stoviglioteca.jpg","width":426,"height":474,"caption":"Simonetta e Giorgia"},{"@type":"BreadcrumbList","@id":"https:\/\/www.bellunopress.it\/2026\/03\/31\/addio-allusa-e-getta-a-ponte-nelle-alpi-arriva-la-stoviglioteca-di-giorgia-e-simonetta\/#breadcrumb","itemListElement":[{"@type":"ListItem","position":1,"name":"Home","item":"https:\/\/www.bellunopress.it\/"},{"@type":"ListItem","position":2,"name":"Addio all&#8217;usa e getta: a Ponte nelle Alpi arriva la Stoviglioteca di Giorgia e Simonetta"}]},{"@type":"WebSite","@id":"https:\/\/www.bellunopress.it\/#website","url":"https:\/\/www.bellunopress.it\/","name":"Bellunopress - Dolomiti","description":"e-mail: redazione@bellunopress.it","publisher":{"@id":"https:\/\/www.bellunopress.it\/#organization"},"potentialAction":[{"@type":"SearchAction","target":{"@type":"EntryPoint","urlTemplate":"https:\/\/www.bellunopress.it\/?s={search_term_string}"},"query-input":{"@type":"PropertyValueSpecification","valueRequired":true,"valueName":"search_term_string"}}],"inLanguage":"fr-FR"},{"@type":"Organization","@id":"https:\/\/www.bellunopress.it\/#organization","name":"Bellunopress","url":"https:\/\/www.bellunopress.it\/","logo":{"@type":"ImageObject","inLanguage":"fr-FR","@id":"https:\/\/www.bellunopress.it\/#\/schema\/logo\/image\/","url":"https:\/\/www.bellunopress.it\/wp-content\/uploads\/2011\/05\/cropped-logo-bellunopress-.jpg","contentUrl":"https:\/\/www.bellunopress.it\/wp-content\/uploads\/2011\/05\/cropped-logo-bellunopress-.jpg","width":512,"height":512,"caption":"Bellunopress"},"image":{"@id":"https:\/\/www.bellunopress.it\/#\/schema\/logo\/image\/"},"sameAs":["https:\/\/www.facebook.com\/profile.php?id=100008943462799","https:\/\/x.com\/bellunopress","https:\/\/www.linkedin.com\/hp\/?dnr=JBzUWaJfMUw8vbXJJ2tVW5-I3jZKvC4wsoxE&amp;amp;amp;amp;amp;amp;trk=nav_responsive_tab_home","https:\/\/www.youtube.com\/channel\/UCxL0wu1uN0_3_7hGG0306cw"]},{"@type":"Person","@id":"https:\/\/www.bellunopress.it\/#\/schema\/person\/79bb06722b37ece1c03d3e94beb30d73","name":"r\u00e9daction","image":{"@type":"ImageObject","inLanguage":"fr-FR","@id":"https:\/\/secure.gravatar.com\/avatar\/37d968a2e67a6fd04c169c4bdef102d0bc5d31b2546345219e348575eb80e9a0?s=96&d=mm&r=g","url":"https:\/\/secure.gravatar.com\/avatar\/37d968a2e67a6fd04c169c4bdef102d0bc5d31b2546345219e348575eb80e9a0?s=96&d=mm&r=g","contentUrl":"https:\/\/secure.gravatar.com\/avatar\/37d968a2e67a6fd04c169c4bdef102d0bc5d31b2546345219e348575eb80e9a0?s=96&d=mm&r=g","caption":"redazione"},"sameAs":["http:\/\/www.bellunopress.it","https:\/\/x.com\/bellunopress"],"url":"https:\/\/www.bellunopress.it\/fr\/author\/redazione\/"}]}},"_links":{"self":[{"href":"https:\/\/www.bellunopress.it\/fr\/wp-json\/wp\/v2\/posts\/168675","targetHints":{"allow":["GET"]}}],"collection":[{"href":"https:\/\/www.bellunopress.it\/fr\/wp-json\/wp\/v2\/posts"}],"about":[{"href":"https:\/\/www.bellunopress.it\/fr\/wp-json\/wp\/v2\/types\/post"}],"author":[{"embeddable":true,"href":"https:\/\/www.bellunopress.it\/fr\/wp-json\/wp\/v2\/users\/2"}],"replies":[{"embeddable":true,"href":"https:\/\/www.bellunopress.it\/fr\/wp-json\/wp\/v2\/comments?post=168675"}],"version-history":[{"count":1,"href":"https:\/\/www.bellunopress.it\/fr\/wp-json\/wp\/v2\/posts\/168675\/revisions"}],"predecessor-version":[{"id":168677,"href":"https:\/\/www.bellunopress.it\/fr\/wp-json\/wp\/v2\/posts\/168675\/revisions\/168677"}],"wp:featuredmedia":[{"embeddable":true,"href":"https:\/\/www.bellunopress.it\/fr\/wp-json\/wp\/v2\/media\/168676"}],"wp:attachment":[{"href":"https:\/\/www.bellunopress.it\/fr\/wp-json\/wp\/v2\/media?parent=168675"}],"wp:term":[{"taxonomy":"category","embeddable":true,"href":"https:\/\/www.bellunopress.it\/fr\/wp-json\/wp\/v2\/categories?post=168675"},{"taxonomy":"post_tag","embeddable":true,"href":"https:\/\/www.bellunopress.it\/fr\/wp-json\/wp\/v2\/tags?post=168675"}],"curies":[{"name":"wp","href":"https:\/\/api.w.org\/{rel}","templated":true}]}}