{"id":168673,"date":"2026-03-31T18:18:15","date_gmt":"2026-03-31T16:18:15","guid":{"rendered":"https:\/\/www.bellunopress.it\/?p=168673"},"modified":"2026-03-31T18:49:42","modified_gmt":"2026-03-31T16:49:42","slug":"palazzo-di-giustizia-lappello-delle-associazioni-contro-il-rischio-chiusura","status":"publish","type":"post","link":"https:\/\/www.bellunopress.it\/fr\/2026\/03\/31\/palazzo-di-giustizia-lappello-delle-associazioni-contro-il-rischio-chiusura\/","title":{"rendered":"Palazzo di Giustizia. L&#8217;appello delle associazioni e del sindaco di Belluno contro il rischio chiusura"},"content":{"rendered":"<p>Belluno, 31\/03\/2026 . Un presidio fondamentale per i cittadini e le aziende di montagna, una realt\u00e0 da difendere anche nell&#8217;ottica delle possibilit\u00e0 di crescita offerte dalla nuova Legge sulla montagna: Appia CNA Belluno, Confcommercio Belluno Dolomiti, Confindustria Belluno Dolomiti, Confagricoltura Belluno e Coldiretti Belluno lanciano l&#8217;appello contro la paventata chiusura del Palazzo di Giustizia di Belluno.<\/p>\n<p>Per le associazioni, quello del capoluogo \u00e8 un punto di riferimento non solo per i residenti, ma anche per le imprese che sanno di poter contare su una struttura vicina al territorio, aspetto centrale sia dal punto di vista della specificit\u00e0 delle attivit\u00e0 e dell&#8217;economia di montagna sia dal &#8211; pi\u00f9 \u201cprosaico\u201d &#8211; versante dell&#8217;aumento dei costi per gli spostamenti verso i tribunali di pianura.<\/p>\n<p>Se la carenza di personale al Palazzo di Giustizia \u00e8 un dato oggettivo, le associazioni di categoria sottolineano come proprio su questo fronte sia intervenuta la Legge sulla montagna recentemente approvata dal Governo nazionale, che agevola e incentiva le procedure per l&#8217;acquisizione di personale in mobilit\u00e0 da parte proprio dei tribunali delle aree montane.<\/p>\n<p>L&#8217;appello delle associazioni va quindi ai rappresentanti bellunesi in tutte le sedi istituzionali affinch\u00e9 si adoperino per scongiurare la chiusura del tribunale bellunese e per il suo rilancio, dando pieno compimento alla specificit\u00e0 montana decretata in pi\u00f9 norme a livello regionale e nazionale.<\/p>\n<p>&nbsp;<\/p>\n<figure id=\"attachment_151884\" aria-describedby=\"caption-attachment-151884\" style=\"width: 979px\" class=\"wp-caption aligncenter\"><img loading=\"lazy\" decoding=\"async\" class=\"size-full wp-image-151884\" src=\"https:\/\/www.bellunopress.it\/wp-content\/uploads\/2024\/06\/Oscar-De-Pellegrin-sindaco_edited.jpg\" alt=\"\" width=\"979\" height=\"1000\" srcset=\"https:\/\/www.bellunopress.it\/wp-content\/uploads\/2024\/06\/Oscar-De-Pellegrin-sindaco_edited.jpg 979w, https:\/\/www.bellunopress.it\/wp-content\/uploads\/2024\/06\/Oscar-De-Pellegrin-sindaco_edited-490x500.jpg 490w, https:\/\/www.bellunopress.it\/wp-content\/uploads\/2024\/06\/Oscar-De-Pellegrin-sindaco_edited-411x420.jpg 411w, https:\/\/www.bellunopress.it\/wp-content\/uploads\/2024\/06\/Oscar-De-Pellegrin-sindaco_edited-696x711.jpg 696w\" sizes=\"auto, (max-width: 979px) 100vw, 979px\" \/><figcaption id=\"caption-attachment-151884\" class=\"wp-caption-text\">Oscar De Pellegrin, sindaco di Belluno<\/figcaption><\/figure>\n<p><strong>Sindaco Oscar De Pellegrin: \u201cImpensabile la chiusura del nostro Tribunale\u201d<\/strong><\/p>\n<p>\u201cLa proposta dell\u2019Associazione Nazionale Magistrati sarebbe un colpo inferto alla montagna, se attuata. Parliamo di un presidio fondamentale per il nostro territorio, per la tutela dei diritti dei cittadini e per la tenuta stessa di una provincia interamente montana che, non va dimenticato, \u00e8 la pi\u00f9 estesa del Veneto. Pensare che i cittadini bellunesi, dal Comelico al Cadore, dall\u2019Agordino al Feltrino, possano essere costretti a fare riferimento a Treviso per l\u2019accesso alla giustizia \u00e8 uno scenario che considero semplicemente impensabile\u201d. Cos\u00ec il sindaco di Belluno, Oscar De Pellegrin, nel commentare la proposta dell\u2019ANM e l\u2019ipotesi di uno slittamento in pianura della giustizia.<\/p>\n<p>\u201cLa giustizia \u00e8 un diritto costituzionale e deve essere garantita ovunque, anche e soprattutto nelle aree montane e pi\u00f9 disagiate. I servizi pubblici non possono essere valutati con una logica esclusivamente numerica o di convenienza economica: il loro valore sta nel servizio che rendono alle comunit\u00e0 e nella capacit\u00e0 di garantire pari diritti a tutti i cittadini.<br \/>\nPer questo intendo portare immediatamente il tema nelle sedi opportune e ai rappresentanti istituzionali del territorio, affinch\u00e9 la proposta resti solo sulla carta e si continui a preservare il Palazzo di Giustizia di Belluno, potenziandolo visto la grave carenza di personale. Gli strumenti ci sono.<br \/>\nRicordo infatti che la legge sulla montagna, approvata nel settembre 2025, all\u2019articolo 9 prevede espressamente misure per assicurare la copertura delle piante organiche dei tribunali situati nelle aree montane disagiate, anche attraverso procedure di mobilit\u00e0 del personale da altre amministrazioni dello Stato. \u00c8 il momento di dare piena attuazione a quella norma e di tradurre in fatti concreti ci\u00f2 che il legislatore ha previsto.<br \/>\nBelluno ha gi\u00e0 pagato un prezzo alto in termini di progressiva riduzione dei presidi di prossimit\u00e0, con la chiusura di sedi distaccate e uffici sul territorio. Non possiamo permetterci ulteriori arretramenti\u201d.<\/p>","protected":false},"excerpt":{"rendered":"<p>Belluno, 31\/03\/2026 . Un presidio fondamentale per i cittadini e le aziende di montagna, una realt\u00e0 da difendere anche nell&#8217;ottica delle possibilit\u00e0 di crescita offerte dalla nuova Legge sulla montagna: Appia CNA Belluno, Confcommercio Belluno Dolomiti, Confindustria Belluno Dolomiti, Confagricoltura Belluno e Coldiretti Belluno lanciano l&#8217;appello contro la paventata chiusura del Palazzo di Giustizia di [&hellip;]<\/p>\n","protected":false},"author":2,"featured_media":118527,"comment_status":"closed","ping_status":"open","sticky":false,"template":"","format":"standard","meta":{"footnotes":""},"categories":[26,8],"tags":[],"class_list":["post-168673","post","type-post","status-publish","format-standard","has-post-thumbnail","category-prima-pagina","category-societa-istituzioni"],"yoast_head":"<!-- This site is optimized with the Yoast SEO plugin v28.4 - https:\/\/yoast.com\/product\/yoast-seo-wordpress\/ -->\n<title>Palazzo di Giustizia. L&#039;appello delle associazioni e del sindaco di Belluno contro il rischio chiusura - Bellunopress - Dolomiti<\/title>\n<meta name=\"robots\" content=\"index, follow, max-snippet:-1, max-image-preview:large, max-video-preview:-1\" \/>\n<link rel=\"canonical\" href=\"https:\/\/www.bellunopress.it\/fr\/2026\/03\/31\/palazzo-di-giustizia-lappello-delle-associazioni-contro-il-rischio-chiusura\/\" \/>\n<meta property=\"og:locale\" content=\"fr_FR\" \/>\n<meta property=\"og:type\" content=\"article\" \/>\n<meta property=\"og:title\" content=\"Palazzo di Giustizia. L&#039;appello delle associazioni e del sindaco di Belluno contro il rischio chiusura - Bellunopress - Dolomiti\" \/>\n<meta property=\"og:description\" content=\"Belluno, 31\/03\/2026 . Un presidio fondamentale per i cittadini e le aziende di montagna, una realt\u00e0 da difendere anche nell&#8217;ottica delle possibilit\u00e0 di crescita offerte dalla nuova Legge sulla montagna: Appia CNA Belluno, Confcommercio Belluno Dolomiti, Confindustria Belluno Dolomiti, Confagricoltura Belluno e Coldiretti Belluno lanciano l&#8217;appello contro la paventata chiusura del Palazzo di Giustizia di [&hellip;]\" \/>\n<meta property=\"og:url\" content=\"https:\/\/www.bellunopress.it\/fr\/2026\/03\/31\/palazzo-di-giustizia-lappello-delle-associazioni-contro-il-rischio-chiusura\/\" \/>\n<meta property=\"og:site_name\" content=\"Bellunopress - Dolomiti\" \/>\n<meta property=\"article:publisher\" content=\"https:\/\/www.facebook.com\/profile.php?id=100008943462799\" \/>\n<meta property=\"article:published_time\" content=\"2026-03-31T16:18:15+00:00\" \/>\n<meta property=\"article:modified_time\" content=\"2026-03-31T16:49:42+00:00\" \/>\n<meta property=\"og:image\" content=\"https:\/\/www.bellunopress.it\/wp-content\/uploads\/2020\/10\/palazzo-di-giustizia-tribunale_edited.jpg\" \/>\n\t<meta property=\"og:image:width\" content=\"800\" \/>\n\t<meta property=\"og:image:height\" content=\"523\" \/>\n\t<meta property=\"og:image:type\" content=\"image\/jpeg\" \/>\n<meta name=\"author\" content=\"redazione\" \/>\n<meta name=\"twitter:card\" content=\"summary_large_image\" \/>\n<meta name=\"twitter:creator\" content=\"@bellunopress\" \/>\n<meta name=\"twitter:site\" content=\"@bellunopress\" \/>\n<meta name=\"twitter:label1\" content=\"\u00c9crit par\" \/>\n\t<meta name=\"twitter:data1\" content=\"redazione\" \/>\n\t<meta name=\"twitter:label2\" content=\"Dur\u00e9e de lecture estim\u00e9e\" \/>\n\t<meta name=\"twitter:data2\" content=\"3 minutes\" \/>\n<script type=\"application\/ld+json\" class=\"yoast-schema-graph\">{\"@context\":\"https:\\\/\\\/schema.org\",\"@graph\":[{\"@type\":\"Article\",\"@id\":\"https:\\\/\\\/www.bellunopress.it\\\/2026\\\/03\\\/31\\\/palazzo-di-giustizia-lappello-delle-associazioni-contro-il-rischio-chiusura\\\/#article\",\"isPartOf\":{\"@id\":\"https:\\\/\\\/www.bellunopress.it\\\/2026\\\/03\\\/31\\\/palazzo-di-giustizia-lappello-delle-associazioni-contro-il-rischio-chiusura\\\/\"},\"author\":{\"name\":\"redazione\",\"@id\":\"https:\\\/\\\/www.bellunopress.it\\\/#\\\/schema\\\/person\\\/79bb06722b37ece1c03d3e94beb30d73\"},\"headline\":\"Palazzo di Giustizia. L&#8217;appello delle associazioni e del sindaco di Belluno contro il rischio chiusura\",\"datePublished\":\"2026-03-31T16:18:15+00:00\",\"dateModified\":\"2026-03-31T16:49:42+00:00\",\"mainEntityOfPage\":{\"@id\":\"https:\\\/\\\/www.bellunopress.it\\\/2026\\\/03\\\/31\\\/palazzo-di-giustizia-lappello-delle-associazioni-contro-il-rischio-chiusura\\\/\"},\"wordCount\":559,\"publisher\":{\"@id\":\"https:\\\/\\\/www.bellunopress.it\\\/#organization\"},\"image\":{\"@id\":\"https:\\\/\\\/www.bellunopress.it\\\/2026\\\/03\\\/31\\\/palazzo-di-giustizia-lappello-delle-associazioni-contro-il-rischio-chiusura\\\/#primaryimage\"},\"thumbnailUrl\":\"https:\\\/\\\/www.bellunopress.it\\\/wp-content\\\/uploads\\\/2020\\\/10\\\/palazzo-di-giustizia-tribunale_edited.jpg\",\"articleSection\":[\"Prima Pagina\",\"Societ\u00e0, Associazioni, Istituzioni\"],\"inLanguage\":\"fr-FR\"},{\"@type\":\"WebPage\",\"@id\":\"https:\\\/\\\/www.bellunopress.it\\\/2026\\\/03\\\/31\\\/palazzo-di-giustizia-lappello-delle-associazioni-contro-il-rischio-chiusura\\\/\",\"url\":\"https:\\\/\\\/www.bellunopress.it\\\/2026\\\/03\\\/31\\\/palazzo-di-giustizia-lappello-delle-associazioni-contro-il-rischio-chiusura\\\/\",\"name\":\"Palazzo di Giustizia. L'appello delle associazioni e del sindaco di Belluno contro il rischio chiusura - Bellunopress - Dolomiti\",\"isPartOf\":{\"@id\":\"https:\\\/\\\/www.bellunopress.it\\\/#website\"},\"primaryImageOfPage\":{\"@id\":\"https:\\\/\\\/www.bellunopress.it\\\/2026\\\/03\\\/31\\\/palazzo-di-giustizia-lappello-delle-associazioni-contro-il-rischio-chiusura\\\/#primaryimage\"},\"image\":{\"@id\":\"https:\\\/\\\/www.bellunopress.it\\\/2026\\\/03\\\/31\\\/palazzo-di-giustizia-lappello-delle-associazioni-contro-il-rischio-chiusura\\\/#primaryimage\"},\"thumbnailUrl\":\"https:\\\/\\\/www.bellunopress.it\\\/wp-content\\\/uploads\\\/2020\\\/10\\\/palazzo-di-giustizia-tribunale_edited.jpg\",\"datePublished\":\"2026-03-31T16:18:15+00:00\",\"dateModified\":\"2026-03-31T16:49:42+00:00\",\"breadcrumb\":{\"@id\":\"https:\\\/\\\/www.bellunopress.it\\\/2026\\\/03\\\/31\\\/palazzo-di-giustizia-lappello-delle-associazioni-contro-il-rischio-chiusura\\\/#breadcrumb\"},\"inLanguage\":\"fr-FR\",\"potentialAction\":[{\"@type\":\"ReadAction\",\"target\":[\"https:\\\/\\\/www.bellunopress.it\\\/2026\\\/03\\\/31\\\/palazzo-di-giustizia-lappello-delle-associazioni-contro-il-rischio-chiusura\\\/\"]}]},{\"@type\":\"ImageObject\",\"inLanguage\":\"fr-FR\",\"@id\":\"https:\\\/\\\/www.bellunopress.it\\\/2026\\\/03\\\/31\\\/palazzo-di-giustizia-lappello-delle-associazioni-contro-il-rischio-chiusura\\\/#primaryimage\",\"url\":\"https:\\\/\\\/www.bellunopress.it\\\/wp-content\\\/uploads\\\/2020\\\/10\\\/palazzo-di-giustizia-tribunale_edited.jpg\",\"contentUrl\":\"https:\\\/\\\/www.bellunopress.it\\\/wp-content\\\/uploads\\\/2020\\\/10\\\/palazzo-di-giustizia-tribunale_edited.jpg\",\"width\":800,\"height\":523,\"caption\":\"Palazzo di Giustizia di Belluno\"},{\"@type\":\"BreadcrumbList\",\"@id\":\"https:\\\/\\\/www.bellunopress.it\\\/2026\\\/03\\\/31\\\/palazzo-di-giustizia-lappello-delle-associazioni-contro-il-rischio-chiusura\\\/#breadcrumb\",\"itemListElement\":[{\"@type\":\"ListItem\",\"position\":1,\"name\":\"Home\",\"item\":\"https:\\\/\\\/www.bellunopress.it\\\/\"},{\"@type\":\"ListItem\",\"position\":2,\"name\":\"Palazzo di Giustizia. L&#8217;appello delle associazioni e del sindaco di Belluno contro il rischio chiusura\"}]},{\"@type\":\"WebSite\",\"@id\":\"https:\\\/\\\/www.bellunopress.it\\\/#website\",\"url\":\"https:\\\/\\\/www.bellunopress.it\\\/\",\"name\":\"Bellunopress - Dolomiti\",\"description\":\"e-mail: redazione@bellunopress.it\",\"publisher\":{\"@id\":\"https:\\\/\\\/www.bellunopress.it\\\/#organization\"},\"potentialAction\":[{\"@type\":\"SearchAction\",\"target\":{\"@type\":\"EntryPoint\",\"urlTemplate\":\"https:\\\/\\\/www.bellunopress.it\\\/?s={search_term_string}\"},\"query-input\":{\"@type\":\"PropertyValueSpecification\",\"valueRequired\":true,\"valueName\":\"search_term_string\"}}],\"inLanguage\":\"fr-FR\"},{\"@type\":\"Organization\",\"@id\":\"https:\\\/\\\/www.bellunopress.it\\\/#organization\",\"name\":\"Bellunopress\",\"url\":\"https:\\\/\\\/www.bellunopress.it\\\/\",\"logo\":{\"@type\":\"ImageObject\",\"inLanguage\":\"fr-FR\",\"@id\":\"https:\\\/\\\/www.bellunopress.it\\\/#\\\/schema\\\/logo\\\/image\\\/\",\"url\":\"https:\\\/\\\/www.bellunopress.it\\\/wp-content\\\/uploads\\\/2011\\\/05\\\/cropped-logo-bellunopress-.jpg\",\"contentUrl\":\"https:\\\/\\\/www.bellunopress.it\\\/wp-content\\\/uploads\\\/2011\\\/05\\\/cropped-logo-bellunopress-.jpg\",\"width\":512,\"height\":512,\"caption\":\"Bellunopress\"},\"image\":{\"@id\":\"https:\\\/\\\/www.bellunopress.it\\\/#\\\/schema\\\/logo\\\/image\\\/\"},\"sameAs\":[\"https:\\\/\\\/www.facebook.com\\\/profile.php?id=100008943462799\",\"https:\\\/\\\/x.com\\\/bellunopress\",\"https:\\\/\\\/www.linkedin.com\\\/hp\\\/?dnr=JBzUWaJfMUw8vbXJJ2tVW5-I3jZKvC4wsoxE&amp;amp;amp;amp;amp;amp;trk=nav_responsive_tab_home\",\"https:\\\/\\\/www.youtube.com\\\/channel\\\/UCxL0wu1uN0_3_7hGG0306cw\"]},{\"@type\":\"Person\",\"@id\":\"https:\\\/\\\/www.bellunopress.it\\\/#\\\/schema\\\/person\\\/79bb06722b37ece1c03d3e94beb30d73\",\"name\":\"redazione\",\"image\":{\"@type\":\"ImageObject\",\"inLanguage\":\"fr-FR\",\"@id\":\"https:\\\/\\\/secure.gravatar.com\\\/avatar\\\/37d968a2e67a6fd04c169c4bdef102d0bc5d31b2546345219e348575eb80e9a0?s=96&d=mm&r=g\",\"url\":\"https:\\\/\\\/secure.gravatar.com\\\/avatar\\\/37d968a2e67a6fd04c169c4bdef102d0bc5d31b2546345219e348575eb80e9a0?s=96&d=mm&r=g\",\"contentUrl\":\"https:\\\/\\\/secure.gravatar.com\\\/avatar\\\/37d968a2e67a6fd04c169c4bdef102d0bc5d31b2546345219e348575eb80e9a0?s=96&d=mm&r=g\",\"caption\":\"redazione\"},\"sameAs\":[\"http:\\\/\\\/www.bellunopress.it\",\"https:\\\/\\\/x.com\\\/bellunopress\"],\"url\":\"https:\\\/\\\/www.bellunopress.it\\\/fr\\\/author\\\/redazione\\\/\"}]}<\/script>\n<!-- \/ Yoast SEO plugin. -->","yoast_head_json":{"title":"Palazzo di Giustizia. L'appello delle associazioni e del sindaco di Belluno contro il rischio chiusura - Bellunopress - Dolomiti","robots":{"index":"index","follow":"follow","max-snippet":"max-snippet:-1","max-image-preview":"max-image-preview:large","max-video-preview":"max-video-preview:-1"},"canonical":"https:\/\/www.bellunopress.it\/fr\/2026\/03\/31\/palazzo-di-giustizia-lappello-delle-associazioni-contro-il-rischio-chiusura\/","og_locale":"fr_FR","og_type":"article","og_title":"Palazzo di Giustizia. L'appello delle associazioni e del sindaco di Belluno contro il rischio chiusura - Bellunopress - Dolomiti","og_description":"Belluno, 31\/03\/2026 . Un presidio fondamentale per i cittadini e le aziende di montagna, una realt\u00e0 da difendere anche nell&#8217;ottica delle possibilit\u00e0 di crescita offerte dalla nuova Legge sulla montagna: Appia CNA Belluno, Confcommercio Belluno Dolomiti, Confindustria Belluno Dolomiti, Confagricoltura Belluno e Coldiretti Belluno lanciano l&#8217;appello contro la paventata chiusura del Palazzo di Giustizia di [&hellip;]","og_url":"https:\/\/www.bellunopress.it\/fr\/2026\/03\/31\/palazzo-di-giustizia-lappello-delle-associazioni-contro-il-rischio-chiusura\/","og_site_name":"Bellunopress - Dolomiti","article_publisher":"https:\/\/www.facebook.com\/profile.php?id=100008943462799","article_published_time":"2026-03-31T16:18:15+00:00","article_modified_time":"2026-03-31T16:49:42+00:00","og_image":[{"width":800,"height":523,"url":"https:\/\/www.bellunopress.it\/wp-content\/uploads\/2020\/10\/palazzo-di-giustizia-tribunale_edited.jpg","type":"image\/jpeg"}],"author":"redazione","twitter_card":"summary_large_image","twitter_creator":"@bellunopress","twitter_site":"@bellunopress","twitter_misc":{"\u00c9crit par":"redazione","Dur\u00e9e de lecture estim\u00e9e":"3 minutes"},"schema":{"@context":"https:\/\/schema.org","@graph":[{"@type":"Article","@id":"https:\/\/www.bellunopress.it\/2026\/03\/31\/palazzo-di-giustizia-lappello-delle-associazioni-contro-il-rischio-chiusura\/#article","isPartOf":{"@id":"https:\/\/www.bellunopress.it\/2026\/03\/31\/palazzo-di-giustizia-lappello-delle-associazioni-contro-il-rischio-chiusura\/"},"author":{"name":"redazione","@id":"https:\/\/www.bellunopress.it\/#\/schema\/person\/79bb06722b37ece1c03d3e94beb30d73"},"headline":"Palazzo di Giustizia. L&#8217;appello delle associazioni e del sindaco di Belluno contro il rischio chiusura","datePublished":"2026-03-31T16:18:15+00:00","dateModified":"2026-03-31T16:49:42+00:00","mainEntityOfPage":{"@id":"https:\/\/www.bellunopress.it\/2026\/03\/31\/palazzo-di-giustizia-lappello-delle-associazioni-contro-il-rischio-chiusura\/"},"wordCount":559,"publisher":{"@id":"https:\/\/www.bellunopress.it\/#organization"},"image":{"@id":"https:\/\/www.bellunopress.it\/2026\/03\/31\/palazzo-di-giustizia-lappello-delle-associazioni-contro-il-rischio-chiusura\/#primaryimage"},"thumbnailUrl":"https:\/\/www.bellunopress.it\/wp-content\/uploads\/2020\/10\/palazzo-di-giustizia-tribunale_edited.jpg","articleSection":["Prima Pagina","Societ\u00e0, Associazioni, Istituzioni"],"inLanguage":"fr-FR"},{"@type":"WebPage","@id":"https:\/\/www.bellunopress.it\/2026\/03\/31\/palazzo-di-giustizia-lappello-delle-associazioni-contro-il-rischio-chiusura\/","url":"https:\/\/www.bellunopress.it\/2026\/03\/31\/palazzo-di-giustizia-lappello-delle-associazioni-contro-il-rischio-chiusura\/","name":"Palazzo di Giustizia. L'appello delle associazioni e del sindaco di Belluno contro il rischio chiusura - Bellunopress - Dolomiti","isPartOf":{"@id":"https:\/\/www.bellunopress.it\/#website"},"primaryImageOfPage":{"@id":"https:\/\/www.bellunopress.it\/2026\/03\/31\/palazzo-di-giustizia-lappello-delle-associazioni-contro-il-rischio-chiusura\/#primaryimage"},"image":{"@id":"https:\/\/www.bellunopress.it\/2026\/03\/31\/palazzo-di-giustizia-lappello-delle-associazioni-contro-il-rischio-chiusura\/#primaryimage"},"thumbnailUrl":"https:\/\/www.bellunopress.it\/wp-content\/uploads\/2020\/10\/palazzo-di-giustizia-tribunale_edited.jpg","datePublished":"2026-03-31T16:18:15+00:00","dateModified":"2026-03-31T16:49:42+00:00","breadcrumb":{"@id":"https:\/\/www.bellunopress.it\/2026\/03\/31\/palazzo-di-giustizia-lappello-delle-associazioni-contro-il-rischio-chiusura\/#breadcrumb"},"inLanguage":"fr-FR","potentialAction":[{"@type":"ReadAction","target":["https:\/\/www.bellunopress.it\/2026\/03\/31\/palazzo-di-giustizia-lappello-delle-associazioni-contro-il-rischio-chiusura\/"]}]},{"@type":"ImageObject","inLanguage":"fr-FR","@id":"https:\/\/www.bellunopress.it\/2026\/03\/31\/palazzo-di-giustizia-lappello-delle-associazioni-contro-il-rischio-chiusura\/#primaryimage","url":"https:\/\/www.bellunopress.it\/wp-content\/uploads\/2020\/10\/palazzo-di-giustizia-tribunale_edited.jpg","contentUrl":"https:\/\/www.bellunopress.it\/wp-content\/uploads\/2020\/10\/palazzo-di-giustizia-tribunale_edited.jpg","width":800,"height":523,"caption":"Palazzo di Giustizia di Belluno"},{"@type":"BreadcrumbList","@id":"https:\/\/www.bellunopress.it\/2026\/03\/31\/palazzo-di-giustizia-lappello-delle-associazioni-contro-il-rischio-chiusura\/#breadcrumb","itemListElement":[{"@type":"ListItem","position":1,"name":"Home","item":"https:\/\/www.bellunopress.it\/"},{"@type":"ListItem","position":2,"name":"Palazzo di Giustizia. L&#8217;appello delle associazioni e del sindaco di Belluno contro il rischio chiusura"}]},{"@type":"WebSite","@id":"https:\/\/www.bellunopress.it\/#website","url":"https:\/\/www.bellunopress.it\/","name":"Bellunopress - Dolomiti","description":"e-mail: redazione@bellunopress.it","publisher":{"@id":"https:\/\/www.bellunopress.it\/#organization"},"potentialAction":[{"@type":"SearchAction","target":{"@type":"EntryPoint","urlTemplate":"https:\/\/www.bellunopress.it\/?s={search_term_string}"},"query-input":{"@type":"PropertyValueSpecification","valueRequired":true,"valueName":"search_term_string"}}],"inLanguage":"fr-FR"},{"@type":"Organization","@id":"https:\/\/www.bellunopress.it\/#organization","name":"Bellunopress","url":"https:\/\/www.bellunopress.it\/","logo":{"@type":"ImageObject","inLanguage":"fr-FR","@id":"https:\/\/www.bellunopress.it\/#\/schema\/logo\/image\/","url":"https:\/\/www.bellunopress.it\/wp-content\/uploads\/2011\/05\/cropped-logo-bellunopress-.jpg","contentUrl":"https:\/\/www.bellunopress.it\/wp-content\/uploads\/2011\/05\/cropped-logo-bellunopress-.jpg","width":512,"height":512,"caption":"Bellunopress"},"image":{"@id":"https:\/\/www.bellunopress.it\/#\/schema\/logo\/image\/"},"sameAs":["https:\/\/www.facebook.com\/profile.php?id=100008943462799","https:\/\/x.com\/bellunopress","https:\/\/www.linkedin.com\/hp\/?dnr=JBzUWaJfMUw8vbXJJ2tVW5-I3jZKvC4wsoxE&amp;amp;amp;amp;amp;amp;trk=nav_responsive_tab_home","https:\/\/www.youtube.com\/channel\/UCxL0wu1uN0_3_7hGG0306cw"]},{"@type":"Person","@id":"https:\/\/www.bellunopress.it\/#\/schema\/person\/79bb06722b37ece1c03d3e94beb30d73","name":"r\u00e9daction","image":{"@type":"ImageObject","inLanguage":"fr-FR","@id":"https:\/\/secure.gravatar.com\/avatar\/37d968a2e67a6fd04c169c4bdef102d0bc5d31b2546345219e348575eb80e9a0?s=96&d=mm&r=g","url":"https:\/\/secure.gravatar.com\/avatar\/37d968a2e67a6fd04c169c4bdef102d0bc5d31b2546345219e348575eb80e9a0?s=96&d=mm&r=g","contentUrl":"https:\/\/secure.gravatar.com\/avatar\/37d968a2e67a6fd04c169c4bdef102d0bc5d31b2546345219e348575eb80e9a0?s=96&d=mm&r=g","caption":"redazione"},"sameAs":["http:\/\/www.bellunopress.it","https:\/\/x.com\/bellunopress"],"url":"https:\/\/www.bellunopress.it\/fr\/author\/redazione\/"}]}},"_links":{"self":[{"href":"https:\/\/www.bellunopress.it\/fr\/wp-json\/wp\/v2\/posts\/168673","targetHints":{"allow":["GET"]}}],"collection":[{"href":"https:\/\/www.bellunopress.it\/fr\/wp-json\/wp\/v2\/posts"}],"about":[{"href":"https:\/\/www.bellunopress.it\/fr\/wp-json\/wp\/v2\/types\/post"}],"author":[{"embeddable":true,"href":"https:\/\/www.bellunopress.it\/fr\/wp-json\/wp\/v2\/users\/2"}],"replies":[{"embeddable":true,"href":"https:\/\/www.bellunopress.it\/fr\/wp-json\/wp\/v2\/comments?post=168673"}],"version-history":[{"count":3,"href":"https:\/\/www.bellunopress.it\/fr\/wp-json\/wp\/v2\/posts\/168673\/revisions"}],"predecessor-version":[{"id":168681,"href":"https:\/\/www.bellunopress.it\/fr\/wp-json\/wp\/v2\/posts\/168673\/revisions\/168681"}],"wp:featuredmedia":[{"embeddable":true,"href":"https:\/\/www.bellunopress.it\/fr\/wp-json\/wp\/v2\/media\/118527"}],"wp:attachment":[{"href":"https:\/\/www.bellunopress.it\/fr\/wp-json\/wp\/v2\/media?parent=168673"}],"wp:term":[{"taxonomy":"category","embeddable":true,"href":"https:\/\/www.bellunopress.it\/fr\/wp-json\/wp\/v2\/categories?post=168673"},{"taxonomy":"post_tag","embeddable":true,"href":"https:\/\/www.bellunopress.it\/fr\/wp-json\/wp\/v2\/tags?post=168673"}],"curies":[{"name":"wp","href":"https:\/\/api.w.org\/{rel}","templated":true}]}}