{"id":168664,"date":"2026-03-31T13:35:09","date_gmt":"2026-03-31T11:35:09","guid":{"rendered":"https:\/\/www.bellunopress.it\/?p=168664"},"modified":"2026-03-31T13:35:09","modified_gmt":"2026-03-31T11:35:09","slug":"baldenich-giovedi-lassemblea-frazionale-per-discutere-il-futuro-dellex-area-agip","status":"publish","type":"post","link":"https:\/\/www.bellunopress.it\/fr\/2026\/03\/31\/baldenich-giovedi-lassemblea-frazionale-per-discutere-il-futuro-dellex-area-agip\/","title":{"rendered":"Baldenich: gioved\u00ec l&#8217;assemblea frazionale per discutere il futuro dell&#8217;ex area Agip"},"content":{"rendered":"<h6 data-path-to-node=\"2\">Belluno, 31\/03\/2026 &#8211;\u00a0Il capofrazione di Baldenich, Luigi Filippo Daniele, ha indetto un&#8217;importante assemblea frazionale per coinvolgere la cittadinanza nelle scelte urbanistiche che interessano il quartiere. L&#8217;incontro \u00e8 stato convocato ai sensi del regolamento per la partecipazione attiva della cittadinanza, approvato dal Consiglio Comunale nell&#8217;aprile 2024.<\/h6>\n<h3 data-path-to-node=\"4\">Dettagli dell&#8217;incontro<\/h3>\n<p data-path-to-node=\"5\">L&#8217;appuntamento \u00e8 fissato per gioved\u00ec 2 aprile, a partire dalle ore 20:00. La riunione si terr\u00e0 presso la sala De Luca, situata all&#8217;interno della Scuola dei Maestri di Sci in Piazza San Lucano di Borgo Pra&#8217; n. 3.<\/p>\n<h3 data-path-to-node=\"6\">L&#8217;ordine del giorno<\/h3>\n<p data-path-to-node=\"7\">Il focus principale della serata riguarda la gestione del territorio e, nello specifico, il Piano Urbanistico Attuativo (PUA) relativo alla variante dell&#8217;ex area Agip. Durante l&#8217;assemblea verranno presentate:<\/p>\n<ul data-path-to-node=\"8\">\n<li>\n<p data-path-to-node=\"8,0,0\">Le controdiduzioni alle osservazioni sollevate sul progetto.<\/p>\n<\/li>\n<li>\n<p data-path-to-node=\"8,1,0\">Le analisi sulle &#8220;mosse e contromosse future&#8221; riguardanti l&#8217;area in questione.<\/p>\n<\/li>\n<\/ul>\n<h3 data-path-to-node=\"9\">Regole di partecipazione e voto<\/h3>\n<p data-path-to-node=\"10\">L&#8217;avviso ricorda le modalit\u00e0 con cui si svolgono queste consultazioni democratiche:<\/p>\n<ul data-path-to-node=\"11\">\n<li>\n<p data-path-to-node=\"11,0,0\">Composizione: Possono partecipare all&#8217;assemblea tutti i residenti della frazione che abbiano compiuto il sedicesimo anno di et\u00e0.<\/p>\n<\/li>\n<li>\n<p data-path-to-node=\"11,1,0\">Votazioni: Le decisioni vengono prese tramite scrutinio palese per alzata di mano.<\/p>\n<\/li>\n<li>\n<p data-path-to-node=\"11,2,0\">Validit\u00e0: Per l&#8217;approvazione \u00e8 necessaria la maggioranza dei voti dei maggiorenni presenti.<\/p>\n<\/li>\n<\/ul>\n<p data-path-to-node=\"12\">L&#8217;invito \u00e8 rivolto a tutta la comunit\u00e0 locale per garantire un confronto diretto e trasparente sulle trasformazioni che interesseranno il tessuto urbano di Baldenich.<\/p>","protected":false},"excerpt":{"rendered":"<p>Belluno, 31\/03\/2026 &#8211;\u00a0Il capofrazione di Baldenich, Luigi Filippo Daniele, ha indetto un&#8217;importante assemblea frazionale per coinvolgere la cittadinanza nelle scelte urbanistiche che interessano il quartiere. L&#8217;incontro \u00e8 stato convocato ai sensi del regolamento per la partecipazione attiva della cittadinanza, approvato dal Consiglio Comunale nell&#8217;aprile 2024. Dettagli dell&#8217;incontro L&#8217;appuntamento \u00e8 fissato per gioved\u00ec 2 aprile, a [&hellip;]<\/p>\n","protected":false},"author":2,"featured_media":168665,"comment_status":"closed","ping_status":"open","sticky":false,"template":"","format":"standard","meta":{"footnotes":""},"categories":[5,26],"tags":[],"class_list":["post-168664","post","type-post","status-publish","format-standard","has-post-thumbnail","category-cronaca","category-prima-pagina"],"yoast_head":"<!-- This site is optimized with the Yoast SEO plugin v28.4 - https:\/\/yoast.com\/product\/yoast-seo-wordpress\/ -->\n<title>Baldenich: gioved\u00ec l&#039;assemblea frazionale per discutere il futuro dell&#039;ex area Agip - Bellunopress - Dolomiti<\/title>\n<meta name=\"robots\" content=\"index, follow, max-snippet:-1, max-image-preview:large, max-video-preview:-1\" \/>\n<link rel=\"canonical\" href=\"https:\/\/www.bellunopress.it\/fr\/2026\/03\/31\/baldenich-giovedi-lassemblea-frazionale-per-discutere-il-futuro-dellex-area-agip\/\" \/>\n<meta property=\"og:locale\" content=\"fr_FR\" \/>\n<meta property=\"og:type\" content=\"article\" \/>\n<meta property=\"og:title\" content=\"Baldenich: gioved\u00ec l&#039;assemblea frazionale per discutere il futuro dell&#039;ex area Agip - Bellunopress - Dolomiti\" \/>\n<meta property=\"og:description\" content=\"Belluno, 31\/03\/2026 &#8211;\u00a0Il capofrazione di Baldenich, Luigi Filippo Daniele, ha indetto un&#8217;importante assemblea frazionale per coinvolgere la cittadinanza nelle scelte urbanistiche che interessano il quartiere. L&#8217;incontro \u00e8 stato convocato ai sensi del regolamento per la partecipazione attiva della cittadinanza, approvato dal Consiglio Comunale nell&#8217;aprile 2024. Dettagli dell&#8217;incontro L&#8217;appuntamento \u00e8 fissato per gioved\u00ec 2 aprile, a [&hellip;]\" \/>\n<meta property=\"og:url\" content=\"https:\/\/www.bellunopress.it\/fr\/2026\/03\/31\/baldenich-giovedi-lassemblea-frazionale-per-discutere-il-futuro-dellex-area-agip\/\" \/>\n<meta property=\"og:site_name\" content=\"Bellunopress - Dolomiti\" \/>\n<meta property=\"article:publisher\" content=\"https:\/\/www.facebook.com\/profile.php?id=100008943462799\" \/>\n<meta property=\"article:published_time\" content=\"2026-03-31T11:35:09+00:00\" \/>\n<meta property=\"og:image\" content=\"https:\/\/www.bellunopress.it\/wp-content\/uploads\/2026\/03\/ex-Agip-Baldenich.jpg\" \/>\n\t<meta property=\"og:image:width\" content=\"600\" \/>\n\t<meta property=\"og:image:height\" content=\"397\" \/>\n\t<meta property=\"og:image:type\" content=\"image\/jpeg\" \/>\n<meta name=\"author\" content=\"redazione\" \/>\n<meta name=\"twitter:card\" content=\"summary_large_image\" \/>\n<meta name=\"twitter:creator\" content=\"@bellunopress\" \/>\n<meta name=\"twitter:site\" content=\"@bellunopress\" \/>\n<meta name=\"twitter:label1\" content=\"\u00c9crit par\" \/>\n\t<meta name=\"twitter:data1\" content=\"redazione\" \/>\n\t<meta name=\"twitter:label2\" content=\"Dur\u00e9e de lecture estim\u00e9e\" \/>\n\t<meta name=\"twitter:data2\" content=\"1 minute\" \/>\n<script type=\"application\/ld+json\" class=\"yoast-schema-graph\">{\"@context\":\"https:\\\/\\\/schema.org\",\"@graph\":[{\"@type\":\"Article\",\"@id\":\"https:\\\/\\\/www.bellunopress.it\\\/2026\\\/03\\\/31\\\/baldenich-giovedi-lassemblea-frazionale-per-discutere-il-futuro-dellex-area-agip\\\/#article\",\"isPartOf\":{\"@id\":\"https:\\\/\\\/www.bellunopress.it\\\/2026\\\/03\\\/31\\\/baldenich-giovedi-lassemblea-frazionale-per-discutere-il-futuro-dellex-area-agip\\\/\"},\"author\":{\"name\":\"redazione\",\"@id\":\"https:\\\/\\\/www.bellunopress.it\\\/#\\\/schema\\\/person\\\/79bb06722b37ece1c03d3e94beb30d73\"},\"headline\":\"Baldenich: gioved\u00ec l&#8217;assemblea frazionale per discutere il futuro dell&#8217;ex area Agip\",\"datePublished\":\"2026-03-31T11:35:09+00:00\",\"mainEntityOfPage\":{\"@id\":\"https:\\\/\\\/www.bellunopress.it\\\/2026\\\/03\\\/31\\\/baldenich-giovedi-lassemblea-frazionale-per-discutere-il-futuro-dellex-area-agip\\\/\"},\"wordCount\":234,\"publisher\":{\"@id\":\"https:\\\/\\\/www.bellunopress.it\\\/#organization\"},\"image\":{\"@id\":\"https:\\\/\\\/www.bellunopress.it\\\/2026\\\/03\\\/31\\\/baldenich-giovedi-lassemblea-frazionale-per-discutere-il-futuro-dellex-area-agip\\\/#primaryimage\"},\"thumbnailUrl\":\"https:\\\/\\\/www.bellunopress.it\\\/wp-content\\\/uploads\\\/2026\\\/03\\\/ex-Agip-Baldenich.jpg\",\"articleSection\":[\"Cronaca\\\/Politica\",\"Prima Pagina\"],\"inLanguage\":\"fr-FR\"},{\"@type\":\"WebPage\",\"@id\":\"https:\\\/\\\/www.bellunopress.it\\\/2026\\\/03\\\/31\\\/baldenich-giovedi-lassemblea-frazionale-per-discutere-il-futuro-dellex-area-agip\\\/\",\"url\":\"https:\\\/\\\/www.bellunopress.it\\\/2026\\\/03\\\/31\\\/baldenich-giovedi-lassemblea-frazionale-per-discutere-il-futuro-dellex-area-agip\\\/\",\"name\":\"Baldenich: gioved\u00ec l'assemblea frazionale per discutere il futuro dell'ex area Agip - Bellunopress - Dolomiti\",\"isPartOf\":{\"@id\":\"https:\\\/\\\/www.bellunopress.it\\\/#website\"},\"primaryImageOfPage\":{\"@id\":\"https:\\\/\\\/www.bellunopress.it\\\/2026\\\/03\\\/31\\\/baldenich-giovedi-lassemblea-frazionale-per-discutere-il-futuro-dellex-area-agip\\\/#primaryimage\"},\"image\":{\"@id\":\"https:\\\/\\\/www.bellunopress.it\\\/2026\\\/03\\\/31\\\/baldenich-giovedi-lassemblea-frazionale-per-discutere-il-futuro-dellex-area-agip\\\/#primaryimage\"},\"thumbnailUrl\":\"https:\\\/\\\/www.bellunopress.it\\\/wp-content\\\/uploads\\\/2026\\\/03\\\/ex-Agip-Baldenich.jpg\",\"datePublished\":\"2026-03-31T11:35:09+00:00\",\"breadcrumb\":{\"@id\":\"https:\\\/\\\/www.bellunopress.it\\\/2026\\\/03\\\/31\\\/baldenich-giovedi-lassemblea-frazionale-per-discutere-il-futuro-dellex-area-agip\\\/#breadcrumb\"},\"inLanguage\":\"fr-FR\",\"potentialAction\":[{\"@type\":\"ReadAction\",\"target\":[\"https:\\\/\\\/www.bellunopress.it\\\/2026\\\/03\\\/31\\\/baldenich-giovedi-lassemblea-frazionale-per-discutere-il-futuro-dellex-area-agip\\\/\"]}]},{\"@type\":\"ImageObject\",\"inLanguage\":\"fr-FR\",\"@id\":\"https:\\\/\\\/www.bellunopress.it\\\/2026\\\/03\\\/31\\\/baldenich-giovedi-lassemblea-frazionale-per-discutere-il-futuro-dellex-area-agip\\\/#primaryimage\",\"url\":\"https:\\\/\\\/www.bellunopress.it\\\/wp-content\\\/uploads\\\/2026\\\/03\\\/ex-Agip-Baldenich.jpg\",\"contentUrl\":\"https:\\\/\\\/www.bellunopress.it\\\/wp-content\\\/uploads\\\/2026\\\/03\\\/ex-Agip-Baldenich.jpg\",\"width\":600,\"height\":397,\"caption\":\"ex area Agip di Baldenich (Belluno)\"},{\"@type\":\"BreadcrumbList\",\"@id\":\"https:\\\/\\\/www.bellunopress.it\\\/2026\\\/03\\\/31\\\/baldenich-giovedi-lassemblea-frazionale-per-discutere-il-futuro-dellex-area-agip\\\/#breadcrumb\",\"itemListElement\":[{\"@type\":\"ListItem\",\"position\":1,\"name\":\"Home\",\"item\":\"https:\\\/\\\/www.bellunopress.it\\\/\"},{\"@type\":\"ListItem\",\"position\":2,\"name\":\"Baldenich: gioved\u00ec l&#8217;assemblea frazionale per discutere il futuro dell&#8217;ex area Agip\"}]},{\"@type\":\"WebSite\",\"@id\":\"https:\\\/\\\/www.bellunopress.it\\\/#website\",\"url\":\"https:\\\/\\\/www.bellunopress.it\\\/\",\"name\":\"Bellunopress - Dolomiti\",\"description\":\"e-mail: redazione@bellunopress.it\",\"publisher\":{\"@id\":\"https:\\\/\\\/www.bellunopress.it\\\/#organization\"},\"potentialAction\":[{\"@type\":\"SearchAction\",\"target\":{\"@type\":\"EntryPoint\",\"urlTemplate\":\"https:\\\/\\\/www.bellunopress.it\\\/?s={search_term_string}\"},\"query-input\":{\"@type\":\"PropertyValueSpecification\",\"valueRequired\":true,\"valueName\":\"search_term_string\"}}],\"inLanguage\":\"fr-FR\"},{\"@type\":\"Organization\",\"@id\":\"https:\\\/\\\/www.bellunopress.it\\\/#organization\",\"name\":\"Bellunopress\",\"url\":\"https:\\\/\\\/www.bellunopress.it\\\/\",\"logo\":{\"@type\":\"ImageObject\",\"inLanguage\":\"fr-FR\",\"@id\":\"https:\\\/\\\/www.bellunopress.it\\\/#\\\/schema\\\/logo\\\/image\\\/\",\"url\":\"https:\\\/\\\/www.bellunopress.it\\\/wp-content\\\/uploads\\\/2011\\\/05\\\/cropped-logo-bellunopress-.jpg\",\"contentUrl\":\"https:\\\/\\\/www.bellunopress.it\\\/wp-content\\\/uploads\\\/2011\\\/05\\\/cropped-logo-bellunopress-.jpg\",\"width\":512,\"height\":512,\"caption\":\"Bellunopress\"},\"image\":{\"@id\":\"https:\\\/\\\/www.bellunopress.it\\\/#\\\/schema\\\/logo\\\/image\\\/\"},\"sameAs\":[\"https:\\\/\\\/www.facebook.com\\\/profile.php?id=100008943462799\",\"https:\\\/\\\/x.com\\\/bellunopress\",\"https:\\\/\\\/www.linkedin.com\\\/hp\\\/?dnr=JBzUWaJfMUw8vbXJJ2tVW5-I3jZKvC4wsoxE&amp;amp;amp;amp;amp;amp;trk=nav_responsive_tab_home\",\"https:\\\/\\\/www.youtube.com\\\/channel\\\/UCxL0wu1uN0_3_7hGG0306cw\"]},{\"@type\":\"Person\",\"@id\":\"https:\\\/\\\/www.bellunopress.it\\\/#\\\/schema\\\/person\\\/79bb06722b37ece1c03d3e94beb30d73\",\"name\":\"redazione\",\"image\":{\"@type\":\"ImageObject\",\"inLanguage\":\"fr-FR\",\"@id\":\"https:\\\/\\\/secure.gravatar.com\\\/avatar\\\/37d968a2e67a6fd04c169c4bdef102d0bc5d31b2546345219e348575eb80e9a0?s=96&d=mm&r=g\",\"url\":\"https:\\\/\\\/secure.gravatar.com\\\/avatar\\\/37d968a2e67a6fd04c169c4bdef102d0bc5d31b2546345219e348575eb80e9a0?s=96&d=mm&r=g\",\"contentUrl\":\"https:\\\/\\\/secure.gravatar.com\\\/avatar\\\/37d968a2e67a6fd04c169c4bdef102d0bc5d31b2546345219e348575eb80e9a0?s=96&d=mm&r=g\",\"caption\":\"redazione\"},\"sameAs\":[\"http:\\\/\\\/www.bellunopress.it\",\"https:\\\/\\\/x.com\\\/bellunopress\"],\"url\":\"https:\\\/\\\/www.bellunopress.it\\\/fr\\\/author\\\/redazione\\\/\"}]}<\/script>\n<!-- \/ Yoast SEO plugin. -->","yoast_head_json":{"title":"Baldenich: gioved\u00ec l'assemblea frazionale per discutere il futuro dell'ex area Agip - Bellunopress - Dolomiti","robots":{"index":"index","follow":"follow","max-snippet":"max-snippet:-1","max-image-preview":"max-image-preview:large","max-video-preview":"max-video-preview:-1"},"canonical":"https:\/\/www.bellunopress.it\/fr\/2026\/03\/31\/baldenich-giovedi-lassemblea-frazionale-per-discutere-il-futuro-dellex-area-agip\/","og_locale":"fr_FR","og_type":"article","og_title":"Baldenich: gioved\u00ec l'assemblea frazionale per discutere il futuro dell'ex area Agip - Bellunopress - Dolomiti","og_description":"Belluno, 31\/03\/2026 &#8211;\u00a0Il capofrazione di Baldenich, Luigi Filippo Daniele, ha indetto un&#8217;importante assemblea frazionale per coinvolgere la cittadinanza nelle scelte urbanistiche che interessano il quartiere. L&#8217;incontro \u00e8 stato convocato ai sensi del regolamento per la partecipazione attiva della cittadinanza, approvato dal Consiglio Comunale nell&#8217;aprile 2024. Dettagli dell&#8217;incontro L&#8217;appuntamento \u00e8 fissato per gioved\u00ec 2 aprile, a [&hellip;]","og_url":"https:\/\/www.bellunopress.it\/fr\/2026\/03\/31\/baldenich-giovedi-lassemblea-frazionale-per-discutere-il-futuro-dellex-area-agip\/","og_site_name":"Bellunopress - Dolomiti","article_publisher":"https:\/\/www.facebook.com\/profile.php?id=100008943462799","article_published_time":"2026-03-31T11:35:09+00:00","og_image":[{"width":600,"height":397,"url":"https:\/\/www.bellunopress.it\/wp-content\/uploads\/2026\/03\/ex-Agip-Baldenich.jpg","type":"image\/jpeg"}],"author":"redazione","twitter_card":"summary_large_image","twitter_creator":"@bellunopress","twitter_site":"@bellunopress","twitter_misc":{"\u00c9crit par":"redazione","Dur\u00e9e de lecture estim\u00e9e":"1 minute"},"schema":{"@context":"https:\/\/schema.org","@graph":[{"@type":"Article","@id":"https:\/\/www.bellunopress.it\/2026\/03\/31\/baldenich-giovedi-lassemblea-frazionale-per-discutere-il-futuro-dellex-area-agip\/#article","isPartOf":{"@id":"https:\/\/www.bellunopress.it\/2026\/03\/31\/baldenich-giovedi-lassemblea-frazionale-per-discutere-il-futuro-dellex-area-agip\/"},"author":{"name":"redazione","@id":"https:\/\/www.bellunopress.it\/#\/schema\/person\/79bb06722b37ece1c03d3e94beb30d73"},"headline":"Baldenich: gioved\u00ec l&#8217;assemblea frazionale per discutere il futuro dell&#8217;ex area Agip","datePublished":"2026-03-31T11:35:09+00:00","mainEntityOfPage":{"@id":"https:\/\/www.bellunopress.it\/2026\/03\/31\/baldenich-giovedi-lassemblea-frazionale-per-discutere-il-futuro-dellex-area-agip\/"},"wordCount":234,"publisher":{"@id":"https:\/\/www.bellunopress.it\/#organization"},"image":{"@id":"https:\/\/www.bellunopress.it\/2026\/03\/31\/baldenich-giovedi-lassemblea-frazionale-per-discutere-il-futuro-dellex-area-agip\/#primaryimage"},"thumbnailUrl":"https:\/\/www.bellunopress.it\/wp-content\/uploads\/2026\/03\/ex-Agip-Baldenich.jpg","articleSection":["Cronaca\/Politica","Prima Pagina"],"inLanguage":"fr-FR"},{"@type":"WebPage","@id":"https:\/\/www.bellunopress.it\/2026\/03\/31\/baldenich-giovedi-lassemblea-frazionale-per-discutere-il-futuro-dellex-area-agip\/","url":"https:\/\/www.bellunopress.it\/2026\/03\/31\/baldenich-giovedi-lassemblea-frazionale-per-discutere-il-futuro-dellex-area-agip\/","name":"Baldenich: gioved\u00ec l'assemblea frazionale per discutere il futuro dell'ex area Agip - Bellunopress - Dolomiti","isPartOf":{"@id":"https:\/\/www.bellunopress.it\/#website"},"primaryImageOfPage":{"@id":"https:\/\/www.bellunopress.it\/2026\/03\/31\/baldenich-giovedi-lassemblea-frazionale-per-discutere-il-futuro-dellex-area-agip\/#primaryimage"},"image":{"@id":"https:\/\/www.bellunopress.it\/2026\/03\/31\/baldenich-giovedi-lassemblea-frazionale-per-discutere-il-futuro-dellex-area-agip\/#primaryimage"},"thumbnailUrl":"https:\/\/www.bellunopress.it\/wp-content\/uploads\/2026\/03\/ex-Agip-Baldenich.jpg","datePublished":"2026-03-31T11:35:09+00:00","breadcrumb":{"@id":"https:\/\/www.bellunopress.it\/2026\/03\/31\/baldenich-giovedi-lassemblea-frazionale-per-discutere-il-futuro-dellex-area-agip\/#breadcrumb"},"inLanguage":"fr-FR","potentialAction":[{"@type":"ReadAction","target":["https:\/\/www.bellunopress.it\/2026\/03\/31\/baldenich-giovedi-lassemblea-frazionale-per-discutere-il-futuro-dellex-area-agip\/"]}]},{"@type":"ImageObject","inLanguage":"fr-FR","@id":"https:\/\/www.bellunopress.it\/2026\/03\/31\/baldenich-giovedi-lassemblea-frazionale-per-discutere-il-futuro-dellex-area-agip\/#primaryimage","url":"https:\/\/www.bellunopress.it\/wp-content\/uploads\/2026\/03\/ex-Agip-Baldenich.jpg","contentUrl":"https:\/\/www.bellunopress.it\/wp-content\/uploads\/2026\/03\/ex-Agip-Baldenich.jpg","width":600,"height":397,"caption":"ex area Agip di Baldenich (Belluno)"},{"@type":"BreadcrumbList","@id":"https:\/\/www.bellunopress.it\/2026\/03\/31\/baldenich-giovedi-lassemblea-frazionale-per-discutere-il-futuro-dellex-area-agip\/#breadcrumb","itemListElement":[{"@type":"ListItem","position":1,"name":"Home","item":"https:\/\/www.bellunopress.it\/"},{"@type":"ListItem","position":2,"name":"Baldenich: gioved\u00ec l&#8217;assemblea frazionale per discutere il futuro dell&#8217;ex area Agip"}]},{"@type":"WebSite","@id":"https:\/\/www.bellunopress.it\/#website","url":"https:\/\/www.bellunopress.it\/","name":"Bellunopress - Dolomiti","description":"e-mail: redazione@bellunopress.it","publisher":{"@id":"https:\/\/www.bellunopress.it\/#organization"},"potentialAction":[{"@type":"SearchAction","target":{"@type":"EntryPoint","urlTemplate":"https:\/\/www.bellunopress.it\/?s={search_term_string}"},"query-input":{"@type":"PropertyValueSpecification","valueRequired":true,"valueName":"search_term_string"}}],"inLanguage":"fr-FR"},{"@type":"Organization","@id":"https:\/\/www.bellunopress.it\/#organization","name":"Bellunopress","url":"https:\/\/www.bellunopress.it\/","logo":{"@type":"ImageObject","inLanguage":"fr-FR","@id":"https:\/\/www.bellunopress.it\/#\/schema\/logo\/image\/","url":"https:\/\/www.bellunopress.it\/wp-content\/uploads\/2011\/05\/cropped-logo-bellunopress-.jpg","contentUrl":"https:\/\/www.bellunopress.it\/wp-content\/uploads\/2011\/05\/cropped-logo-bellunopress-.jpg","width":512,"height":512,"caption":"Bellunopress"},"image":{"@id":"https:\/\/www.bellunopress.it\/#\/schema\/logo\/image\/"},"sameAs":["https:\/\/www.facebook.com\/profile.php?id=100008943462799","https:\/\/x.com\/bellunopress","https:\/\/www.linkedin.com\/hp\/?dnr=JBzUWaJfMUw8vbXJJ2tVW5-I3jZKvC4wsoxE&amp;amp;amp;amp;amp;amp;trk=nav_responsive_tab_home","https:\/\/www.youtube.com\/channel\/UCxL0wu1uN0_3_7hGG0306cw"]},{"@type":"Person","@id":"https:\/\/www.bellunopress.it\/#\/schema\/person\/79bb06722b37ece1c03d3e94beb30d73","name":"r\u00e9daction","image":{"@type":"ImageObject","inLanguage":"fr-FR","@id":"https:\/\/secure.gravatar.com\/avatar\/37d968a2e67a6fd04c169c4bdef102d0bc5d31b2546345219e348575eb80e9a0?s=96&d=mm&r=g","url":"https:\/\/secure.gravatar.com\/avatar\/37d968a2e67a6fd04c169c4bdef102d0bc5d31b2546345219e348575eb80e9a0?s=96&d=mm&r=g","contentUrl":"https:\/\/secure.gravatar.com\/avatar\/37d968a2e67a6fd04c169c4bdef102d0bc5d31b2546345219e348575eb80e9a0?s=96&d=mm&r=g","caption":"redazione"},"sameAs":["http:\/\/www.bellunopress.it","https:\/\/x.com\/bellunopress"],"url":"https:\/\/www.bellunopress.it\/fr\/author\/redazione\/"}]}},"_links":{"self":[{"href":"https:\/\/www.bellunopress.it\/fr\/wp-json\/wp\/v2\/posts\/168664","targetHints":{"allow":["GET"]}}],"collection":[{"href":"https:\/\/www.bellunopress.it\/fr\/wp-json\/wp\/v2\/posts"}],"about":[{"href":"https:\/\/www.bellunopress.it\/fr\/wp-json\/wp\/v2\/types\/post"}],"author":[{"embeddable":true,"href":"https:\/\/www.bellunopress.it\/fr\/wp-json\/wp\/v2\/users\/2"}],"replies":[{"embeddable":true,"href":"https:\/\/www.bellunopress.it\/fr\/wp-json\/wp\/v2\/comments?post=168664"}],"version-history":[{"count":1,"href":"https:\/\/www.bellunopress.it\/fr\/wp-json\/wp\/v2\/posts\/168664\/revisions"}],"predecessor-version":[{"id":168666,"href":"https:\/\/www.bellunopress.it\/fr\/wp-json\/wp\/v2\/posts\/168664\/revisions\/168666"}],"wp:featuredmedia":[{"embeddable":true,"href":"https:\/\/www.bellunopress.it\/fr\/wp-json\/wp\/v2\/media\/168665"}],"wp:attachment":[{"href":"https:\/\/www.bellunopress.it\/fr\/wp-json\/wp\/v2\/media?parent=168664"}],"wp:term":[{"taxonomy":"category","embeddable":true,"href":"https:\/\/www.bellunopress.it\/fr\/wp-json\/wp\/v2\/categories?post=168664"},{"taxonomy":"post_tag","embeddable":true,"href":"https:\/\/www.bellunopress.it\/fr\/wp-json\/wp\/v2\/tags?post=168664"}],"curies":[{"name":"wp","href":"https:\/\/api.w.org\/{rel}","templated":true}]}}