{"id":168659,"date":"2026-03-31T09:25:39","date_gmt":"2026-03-31T07:25:39","guid":{"rendered":"https:\/\/www.bellunopress.it\/?p=168659"},"modified":"2026-03-31T09:25:39","modified_gmt":"2026-03-31T07:25:39","slug":"sportivamente-belluno-cerca-un-amministrativo-contabile-selezione-aperta-fino-al-17-aprile","status":"publish","type":"post","link":"https:\/\/www.bellunopress.it\/fr\/2026\/03\/31\/sportivamente-belluno-cerca-un-amministrativo-contabile-selezione-aperta-fino-al-17-aprile\/","title":{"rendered":"Sportivamente Belluno cerca un amministrativo contabile: selezione aperta fino al 17 aprile"},"content":{"rendered":"<p>Belluno, 31\/03\/2026 &#8211; La Sportivamente Belluno ha avviato una selezione pubblica per l\u2019assunzione di un addetto amministrativo contabile a tempo indeterminato e pieno (40 ore settimanali), con inquadramento al terzo livello del contratto nazionale del turismo.<\/p>\n<p>La figura ricercata avr\u00e0 un ruolo centrale nella gestione economico-amministrativa della societ\u00e0. Tra le principali mansioni rientrano la contabilit\u00e0 ordinaria, la gestione dei cicli attivo e passivo, il controllo degli incassi, le riconciliazioni bancarie e gli adempimenti fiscali periodici. Il candidato dovr\u00e0 poi occuparsi della predisposizione dei bilanci, dei report previsionali e consuntivi, oltre alla gestione documentale e al supporto nelle attivit\u00e0 legate al personale, in collaborazione con consulenti esterni.<\/p>\n<p>Per partecipare alla selezione \u00e8 richiesto il possesso della cittadinanza italiana, il compimento della maggiore et\u00e0 e un titolo di studio in ambito giuridico o economico: sono ammessi diplomi di laurea del vecchio ordinamento, lauree magistrali o specialistiche, cos\u00ec come lauree triennali nelle classi di Scienze giuridiche ed economiche.<\/p>\n<p>Le candidature dovranno essere presentate entro le ore 12 del 17 aprile 2026. Sono tre le modalit\u00e0 previste: consegna a mano all\u2019ufficio protocollo della societ\u00e0 (in via dei Dendrofori 4\/6 \u2013 32100 Belluno), invio tramite raccomandata (a Sportivamente Belluno S.r.l. SSD, Via Dei Dendrofori 4\/6 \u2013 32100 Belluno, con la dicitura sulla busta \u201cselezione contabile\u201d) oppure tramite posta elettronica certificata all\u2019indirizzo ufficiale dell\u2019ente (sportivamentebelluno@legalmail.it).<\/p>\n<p>Tutti i dettagli relativi al bando e alle modalit\u00e0 di partecipazione sono disponibili sul sito ufficiale www.piscinadibelluno.it. Un\u2019occasione concreta, con un ruolo operativo e strategico nella gestione amministrativa.<\/p>","protected":false},"excerpt":{"rendered":"<p>Belluno, 31\/03\/2026 &#8211; La Sportivamente Belluno ha avviato una selezione pubblica per l\u2019assunzione di un addetto amministrativo contabile a tempo indeterminato e pieno (40 ore settimanali), con inquadramento al terzo livello del contratto nazionale del turismo. La figura ricercata avr\u00e0 un ruolo centrale nella gestione economico-amministrativa della societ\u00e0. Tra le principali mansioni rientrano la contabilit\u00e0 [&hellip;]<\/p>\n","protected":false},"author":2,"featured_media":160653,"comment_status":"closed","ping_status":"open","sticky":false,"template":"","format":"standard","meta":{"footnotes":""},"categories":[36],"tags":[],"class_list":["post-168659","post","type-post","status-publish","format-standard","has-post-thumbnail","category-lavoro-economia"],"yoast_head":"<!-- This site is optimized with the Yoast SEO plugin v28.4 - https:\/\/yoast.com\/product\/yoast-seo-wordpress\/ -->\n<title>Sportivamente Belluno cerca un amministrativo contabile: selezione aperta fino al 17 aprile - Bellunopress - Dolomiti<\/title>\n<meta name=\"robots\" content=\"index, follow, max-snippet:-1, max-image-preview:large, max-video-preview:-1\" \/>\n<link rel=\"canonical\" href=\"https:\/\/www.bellunopress.it\/fr\/2026\/03\/31\/sportivamente-belluno-cerca-un-amministrativo-contabile-selezione-aperta-fino-al-17-aprile\/\" \/>\n<meta property=\"og:locale\" content=\"fr_FR\" \/>\n<meta property=\"og:type\" content=\"article\" \/>\n<meta property=\"og:title\" content=\"Sportivamente Belluno cerca un amministrativo contabile: selezione aperta fino al 17 aprile - Bellunopress - Dolomiti\" \/>\n<meta property=\"og:description\" content=\"Belluno, 31\/03\/2026 &#8211; La Sportivamente Belluno ha avviato una selezione pubblica per l\u2019assunzione di un addetto amministrativo contabile a tempo indeterminato e pieno (40 ore settimanali), con inquadramento al terzo livello del contratto nazionale del turismo. La figura ricercata avr\u00e0 un ruolo centrale nella gestione economico-amministrativa della societ\u00e0. Tra le principali mansioni rientrano la contabilit\u00e0 [&hellip;]\" \/>\n<meta property=\"og:url\" content=\"https:\/\/www.bellunopress.it\/fr\/2026\/03\/31\/sportivamente-belluno-cerca-un-amministrativo-contabile-selezione-aperta-fino-al-17-aprile\/\" \/>\n<meta property=\"og:site_name\" content=\"Bellunopress - Dolomiti\" \/>\n<meta property=\"article:publisher\" content=\"https:\/\/www.facebook.com\/profile.php?id=100008943462799\" \/>\n<meta property=\"article:published_time\" content=\"2026-03-31T07:25:39+00:00\" \/>\n<meta property=\"og:image\" content=\"https:\/\/www.bellunopress.it\/wp-content\/uploads\/2025\/06\/piscina-belluno-sportivamente-belluno.jpg\" \/>\n\t<meta property=\"og:image:width\" content=\"1000\" \/>\n\t<meta property=\"og:image:height\" content=\"667\" \/>\n\t<meta property=\"og:image:type\" content=\"image\/jpeg\" \/>\n<meta name=\"author\" content=\"redazione\" \/>\n<meta name=\"twitter:card\" content=\"summary_large_image\" \/>\n<meta name=\"twitter:creator\" content=\"@bellunopress\" \/>\n<meta name=\"twitter:site\" content=\"@bellunopress\" \/>\n<meta name=\"twitter:label1\" content=\"Written by\" \/>\n\t<meta name=\"twitter:data1\" content=\"redazione\" \/>\n\t<meta name=\"twitter:label2\" content=\"Est. reading time\" \/>\n\t<meta name=\"twitter:data2\" content=\"1 minute\" \/>\n<script type=\"application\/ld+json\" class=\"yoast-schema-graph\">{\"@context\":\"https:\\\/\\\/schema.org\",\"@graph\":[{\"@type\":\"Article\",\"@id\":\"https:\\\/\\\/www.bellunopress.it\\\/2026\\\/03\\\/31\\\/sportivamente-belluno-cerca-un-amministrativo-contabile-selezione-aperta-fino-al-17-aprile\\\/#article\",\"isPartOf\":{\"@id\":\"https:\\\/\\\/www.bellunopress.it\\\/2026\\\/03\\\/31\\\/sportivamente-belluno-cerca-un-amministrativo-contabile-selezione-aperta-fino-al-17-aprile\\\/\"},\"author\":{\"name\":\"redazione\",\"@id\":\"https:\\\/\\\/www.bellunopress.it\\\/#\\\/schema\\\/person\\\/79bb06722b37ece1c03d3e94beb30d73\"},\"headline\":\"Sportivamente Belluno cerca un amministrativo contabile: selezione aperta fino al 17 aprile\",\"datePublished\":\"2026-03-31T07:25:39+00:00\",\"mainEntityOfPage\":{\"@id\":\"https:\\\/\\\/www.bellunopress.it\\\/2026\\\/03\\\/31\\\/sportivamente-belluno-cerca-un-amministrativo-contabile-selezione-aperta-fino-al-17-aprile\\\/\"},\"wordCount\":257,\"publisher\":{\"@id\":\"https:\\\/\\\/www.bellunopress.it\\\/#organization\"},\"image\":{\"@id\":\"https:\\\/\\\/www.bellunopress.it\\\/2026\\\/03\\\/31\\\/sportivamente-belluno-cerca-un-amministrativo-contabile-selezione-aperta-fino-al-17-aprile\\\/#primaryimage\"},\"thumbnailUrl\":\"https:\\\/\\\/www.bellunopress.it\\\/wp-content\\\/uploads\\\/2025\\\/06\\\/piscina-belluno-sportivamente-belluno.jpg\",\"articleSection\":[\"Lavoro, Economia, Turismo\"],\"inLanguage\":\"fr-FR\"},{\"@type\":\"WebPage\",\"@id\":\"https:\\\/\\\/www.bellunopress.it\\\/2026\\\/03\\\/31\\\/sportivamente-belluno-cerca-un-amministrativo-contabile-selezione-aperta-fino-al-17-aprile\\\/\",\"url\":\"https:\\\/\\\/www.bellunopress.it\\\/2026\\\/03\\\/31\\\/sportivamente-belluno-cerca-un-amministrativo-contabile-selezione-aperta-fino-al-17-aprile\\\/\",\"name\":\"Sportivamente Belluno cerca un amministrativo contabile: selezione aperta fino al 17 aprile - Bellunopress - Dolomiti\",\"isPartOf\":{\"@id\":\"https:\\\/\\\/www.bellunopress.it\\\/#website\"},\"primaryImageOfPage\":{\"@id\":\"https:\\\/\\\/www.bellunopress.it\\\/2026\\\/03\\\/31\\\/sportivamente-belluno-cerca-un-amministrativo-contabile-selezione-aperta-fino-al-17-aprile\\\/#primaryimage\"},\"image\":{\"@id\":\"https:\\\/\\\/www.bellunopress.it\\\/2026\\\/03\\\/31\\\/sportivamente-belluno-cerca-un-amministrativo-contabile-selezione-aperta-fino-al-17-aprile\\\/#primaryimage\"},\"thumbnailUrl\":\"https:\\\/\\\/www.bellunopress.it\\\/wp-content\\\/uploads\\\/2025\\\/06\\\/piscina-belluno-sportivamente-belluno.jpg\",\"datePublished\":\"2026-03-31T07:25:39+00:00\",\"breadcrumb\":{\"@id\":\"https:\\\/\\\/www.bellunopress.it\\\/2026\\\/03\\\/31\\\/sportivamente-belluno-cerca-un-amministrativo-contabile-selezione-aperta-fino-al-17-aprile\\\/#breadcrumb\"},\"inLanguage\":\"fr-FR\",\"potentialAction\":[{\"@type\":\"ReadAction\",\"target\":[\"https:\\\/\\\/www.bellunopress.it\\\/2026\\\/03\\\/31\\\/sportivamente-belluno-cerca-un-amministrativo-contabile-selezione-aperta-fino-al-17-aprile\\\/\"]}]},{\"@type\":\"ImageObject\",\"inLanguage\":\"fr-FR\",\"@id\":\"https:\\\/\\\/www.bellunopress.it\\\/2026\\\/03\\\/31\\\/sportivamente-belluno-cerca-un-amministrativo-contabile-selezione-aperta-fino-al-17-aprile\\\/#primaryimage\",\"url\":\"https:\\\/\\\/www.bellunopress.it\\\/wp-content\\\/uploads\\\/2025\\\/06\\\/piscina-belluno-sportivamente-belluno.jpg\",\"contentUrl\":\"https:\\\/\\\/www.bellunopress.it\\\/wp-content\\\/uploads\\\/2025\\\/06\\\/piscina-belluno-sportivamente-belluno.jpg\",\"width\":1000,\"height\":667,\"caption\":\"Piscina di Belluno\"},{\"@type\":\"BreadcrumbList\",\"@id\":\"https:\\\/\\\/www.bellunopress.it\\\/2026\\\/03\\\/31\\\/sportivamente-belluno-cerca-un-amministrativo-contabile-selezione-aperta-fino-al-17-aprile\\\/#breadcrumb\",\"itemListElement\":[{\"@type\":\"ListItem\",\"position\":1,\"name\":\"Home\",\"item\":\"https:\\\/\\\/www.bellunopress.it\\\/\"},{\"@type\":\"ListItem\",\"position\":2,\"name\":\"Sportivamente Belluno cerca un amministrativo contabile: selezione aperta fino al 17 aprile\"}]},{\"@type\":\"WebSite\",\"@id\":\"https:\\\/\\\/www.bellunopress.it\\\/#website\",\"url\":\"https:\\\/\\\/www.bellunopress.it\\\/\",\"name\":\"Bellunopress - Dolomiti\",\"description\":\"e-mail: redazione@bellunopress.it\",\"publisher\":{\"@id\":\"https:\\\/\\\/www.bellunopress.it\\\/#organization\"},\"potentialAction\":[{\"@type\":\"SearchAction\",\"target\":{\"@type\":\"EntryPoint\",\"urlTemplate\":\"https:\\\/\\\/www.bellunopress.it\\\/?s={search_term_string}\"},\"query-input\":{\"@type\":\"PropertyValueSpecification\",\"valueRequired\":true,\"valueName\":\"search_term_string\"}}],\"inLanguage\":\"fr-FR\"},{\"@type\":\"Organization\",\"@id\":\"https:\\\/\\\/www.bellunopress.it\\\/#organization\",\"name\":\"Bellunopress\",\"url\":\"https:\\\/\\\/www.bellunopress.it\\\/\",\"logo\":{\"@type\":\"ImageObject\",\"inLanguage\":\"fr-FR\",\"@id\":\"https:\\\/\\\/www.bellunopress.it\\\/#\\\/schema\\\/logo\\\/image\\\/\",\"url\":\"https:\\\/\\\/www.bellunopress.it\\\/wp-content\\\/uploads\\\/2011\\\/05\\\/cropped-logo-bellunopress-.jpg\",\"contentUrl\":\"https:\\\/\\\/www.bellunopress.it\\\/wp-content\\\/uploads\\\/2011\\\/05\\\/cropped-logo-bellunopress-.jpg\",\"width\":512,\"height\":512,\"caption\":\"Bellunopress\"},\"image\":{\"@id\":\"https:\\\/\\\/www.bellunopress.it\\\/#\\\/schema\\\/logo\\\/image\\\/\"},\"sameAs\":[\"https:\\\/\\\/www.facebook.com\\\/profile.php?id=100008943462799\",\"https:\\\/\\\/x.com\\\/bellunopress\",\"https:\\\/\\\/www.linkedin.com\\\/hp\\\/?dnr=JBzUWaJfMUw8vbXJJ2tVW5-I3jZKvC4wsoxE&amp;amp;amp;amp;amp;amp;trk=nav_responsive_tab_home\",\"https:\\\/\\\/www.youtube.com\\\/channel\\\/UCxL0wu1uN0_3_7hGG0306cw\"]},{\"@type\":\"Person\",\"@id\":\"https:\\\/\\\/www.bellunopress.it\\\/#\\\/schema\\\/person\\\/79bb06722b37ece1c03d3e94beb30d73\",\"name\":\"redazione\",\"image\":{\"@type\":\"ImageObject\",\"inLanguage\":\"fr-FR\",\"@id\":\"https:\\\/\\\/secure.gravatar.com\\\/avatar\\\/37d968a2e67a6fd04c169c4bdef102d0bc5d31b2546345219e348575eb80e9a0?s=96&d=mm&r=g\",\"url\":\"https:\\\/\\\/secure.gravatar.com\\\/avatar\\\/37d968a2e67a6fd04c169c4bdef102d0bc5d31b2546345219e348575eb80e9a0?s=96&d=mm&r=g\",\"contentUrl\":\"https:\\\/\\\/secure.gravatar.com\\\/avatar\\\/37d968a2e67a6fd04c169c4bdef102d0bc5d31b2546345219e348575eb80e9a0?s=96&d=mm&r=g\",\"caption\":\"redazione\"},\"sameAs\":[\"http:\\\/\\\/www.bellunopress.it\",\"https:\\\/\\\/x.com\\\/bellunopress\"],\"url\":\"https:\\\/\\\/www.bellunopress.it\\\/fr\\\/author\\\/redazione\\\/\"}]}<\/script>\n<!-- \/ Yoast SEO plugin. -->","yoast_head_json":{"title":"Sportivamente Belluno cerca un amministrativo contabile: selezione aperta fino al 17 aprile - Bellunopress - Dolomiti","robots":{"index":"index","follow":"follow","max-snippet":"max-snippet:-1","max-image-preview":"max-image-preview:large","max-video-preview":"max-video-preview:-1"},"canonical":"https:\/\/www.bellunopress.it\/fr\/2026\/03\/31\/sportivamente-belluno-cerca-un-amministrativo-contabile-selezione-aperta-fino-al-17-aprile\/","og_locale":"fr_FR","og_type":"article","og_title":"Sportivamente Belluno cerca un amministrativo contabile: selezione aperta fino al 17 aprile - Bellunopress - Dolomiti","og_description":"Belluno, 31\/03\/2026 &#8211; La Sportivamente Belluno ha avviato una selezione pubblica per l\u2019assunzione di un addetto amministrativo contabile a tempo indeterminato e pieno (40 ore settimanali), con inquadramento al terzo livello del contratto nazionale del turismo. La figura ricercata avr\u00e0 un ruolo centrale nella gestione economico-amministrativa della societ\u00e0. Tra le principali mansioni rientrano la contabilit\u00e0 [&hellip;]","og_url":"https:\/\/www.bellunopress.it\/fr\/2026\/03\/31\/sportivamente-belluno-cerca-un-amministrativo-contabile-selezione-aperta-fino-al-17-aprile\/","og_site_name":"Bellunopress - Dolomiti","article_publisher":"https:\/\/www.facebook.com\/profile.php?id=100008943462799","article_published_time":"2026-03-31T07:25:39+00:00","og_image":[{"width":1000,"height":667,"url":"https:\/\/www.bellunopress.it\/wp-content\/uploads\/2025\/06\/piscina-belluno-sportivamente-belluno.jpg","type":"image\/jpeg"}],"author":"redazione","twitter_card":"summary_large_image","twitter_creator":"@bellunopress","twitter_site":"@bellunopress","twitter_misc":{"Written by":"redazione","Est. reading time":"1 minute"},"schema":{"@context":"https:\/\/schema.org","@graph":[{"@type":"Article","@id":"https:\/\/www.bellunopress.it\/2026\/03\/31\/sportivamente-belluno-cerca-un-amministrativo-contabile-selezione-aperta-fino-al-17-aprile\/#article","isPartOf":{"@id":"https:\/\/www.bellunopress.it\/2026\/03\/31\/sportivamente-belluno-cerca-un-amministrativo-contabile-selezione-aperta-fino-al-17-aprile\/"},"author":{"name":"redazione","@id":"https:\/\/www.bellunopress.it\/#\/schema\/person\/79bb06722b37ece1c03d3e94beb30d73"},"headline":"Sportivamente Belluno cerca un amministrativo contabile: selezione aperta fino al 17 aprile","datePublished":"2026-03-31T07:25:39+00:00","mainEntityOfPage":{"@id":"https:\/\/www.bellunopress.it\/2026\/03\/31\/sportivamente-belluno-cerca-un-amministrativo-contabile-selezione-aperta-fino-al-17-aprile\/"},"wordCount":257,"publisher":{"@id":"https:\/\/www.bellunopress.it\/#organization"},"image":{"@id":"https:\/\/www.bellunopress.it\/2026\/03\/31\/sportivamente-belluno-cerca-un-amministrativo-contabile-selezione-aperta-fino-al-17-aprile\/#primaryimage"},"thumbnailUrl":"https:\/\/www.bellunopress.it\/wp-content\/uploads\/2025\/06\/piscina-belluno-sportivamente-belluno.jpg","articleSection":["Lavoro, Economia, Turismo"],"inLanguage":"fr-FR"},{"@type":"WebPage","@id":"https:\/\/www.bellunopress.it\/2026\/03\/31\/sportivamente-belluno-cerca-un-amministrativo-contabile-selezione-aperta-fino-al-17-aprile\/","url":"https:\/\/www.bellunopress.it\/2026\/03\/31\/sportivamente-belluno-cerca-un-amministrativo-contabile-selezione-aperta-fino-al-17-aprile\/","name":"Sportivamente Belluno cerca un amministrativo contabile: selezione aperta fino al 17 aprile - Bellunopress - Dolomiti","isPartOf":{"@id":"https:\/\/www.bellunopress.it\/#website"},"primaryImageOfPage":{"@id":"https:\/\/www.bellunopress.it\/2026\/03\/31\/sportivamente-belluno-cerca-un-amministrativo-contabile-selezione-aperta-fino-al-17-aprile\/#primaryimage"},"image":{"@id":"https:\/\/www.bellunopress.it\/2026\/03\/31\/sportivamente-belluno-cerca-un-amministrativo-contabile-selezione-aperta-fino-al-17-aprile\/#primaryimage"},"thumbnailUrl":"https:\/\/www.bellunopress.it\/wp-content\/uploads\/2025\/06\/piscina-belluno-sportivamente-belluno.jpg","datePublished":"2026-03-31T07:25:39+00:00","breadcrumb":{"@id":"https:\/\/www.bellunopress.it\/2026\/03\/31\/sportivamente-belluno-cerca-un-amministrativo-contabile-selezione-aperta-fino-al-17-aprile\/#breadcrumb"},"inLanguage":"fr-FR","potentialAction":[{"@type":"ReadAction","target":["https:\/\/www.bellunopress.it\/2026\/03\/31\/sportivamente-belluno-cerca-un-amministrativo-contabile-selezione-aperta-fino-al-17-aprile\/"]}]},{"@type":"ImageObject","inLanguage":"fr-FR","@id":"https:\/\/www.bellunopress.it\/2026\/03\/31\/sportivamente-belluno-cerca-un-amministrativo-contabile-selezione-aperta-fino-al-17-aprile\/#primaryimage","url":"https:\/\/www.bellunopress.it\/wp-content\/uploads\/2025\/06\/piscina-belluno-sportivamente-belluno.jpg","contentUrl":"https:\/\/www.bellunopress.it\/wp-content\/uploads\/2025\/06\/piscina-belluno-sportivamente-belluno.jpg","width":1000,"height":667,"caption":"Piscina di Belluno"},{"@type":"BreadcrumbList","@id":"https:\/\/www.bellunopress.it\/2026\/03\/31\/sportivamente-belluno-cerca-un-amministrativo-contabile-selezione-aperta-fino-al-17-aprile\/#breadcrumb","itemListElement":[{"@type":"ListItem","position":1,"name":"Home","item":"https:\/\/www.bellunopress.it\/"},{"@type":"ListItem","position":2,"name":"Sportivamente Belluno cerca un amministrativo contabile: selezione aperta fino al 17 aprile"}]},{"@type":"WebSite","@id":"https:\/\/www.bellunopress.it\/#website","url":"https:\/\/www.bellunopress.it\/","name":"Bellunopress - Dolomiti","description":"e-mail: redazione@bellunopress.it","publisher":{"@id":"https:\/\/www.bellunopress.it\/#organization"},"potentialAction":[{"@type":"SearchAction","target":{"@type":"EntryPoint","urlTemplate":"https:\/\/www.bellunopress.it\/?s={search_term_string}"},"query-input":{"@type":"PropertyValueSpecification","valueRequired":true,"valueName":"search_term_string"}}],"inLanguage":"fr-FR"},{"@type":"Organization","@id":"https:\/\/www.bellunopress.it\/#organization","name":"Bellunopress","url":"https:\/\/www.bellunopress.it\/","logo":{"@type":"ImageObject","inLanguage":"fr-FR","@id":"https:\/\/www.bellunopress.it\/#\/schema\/logo\/image\/","url":"https:\/\/www.bellunopress.it\/wp-content\/uploads\/2011\/05\/cropped-logo-bellunopress-.jpg","contentUrl":"https:\/\/www.bellunopress.it\/wp-content\/uploads\/2011\/05\/cropped-logo-bellunopress-.jpg","width":512,"height":512,"caption":"Bellunopress"},"image":{"@id":"https:\/\/www.bellunopress.it\/#\/schema\/logo\/image\/"},"sameAs":["https:\/\/www.facebook.com\/profile.php?id=100008943462799","https:\/\/x.com\/bellunopress","https:\/\/www.linkedin.com\/hp\/?dnr=JBzUWaJfMUw8vbXJJ2tVW5-I3jZKvC4wsoxE&amp;amp;amp;amp;amp;amp;trk=nav_responsive_tab_home","https:\/\/www.youtube.com\/channel\/UCxL0wu1uN0_3_7hGG0306cw"]},{"@type":"Person","@id":"https:\/\/www.bellunopress.it\/#\/schema\/person\/79bb06722b37ece1c03d3e94beb30d73","name":"r\u00e9daction","image":{"@type":"ImageObject","inLanguage":"fr-FR","@id":"https:\/\/secure.gravatar.com\/avatar\/37d968a2e67a6fd04c169c4bdef102d0bc5d31b2546345219e348575eb80e9a0?s=96&d=mm&r=g","url":"https:\/\/secure.gravatar.com\/avatar\/37d968a2e67a6fd04c169c4bdef102d0bc5d31b2546345219e348575eb80e9a0?s=96&d=mm&r=g","contentUrl":"https:\/\/secure.gravatar.com\/avatar\/37d968a2e67a6fd04c169c4bdef102d0bc5d31b2546345219e348575eb80e9a0?s=96&d=mm&r=g","caption":"redazione"},"sameAs":["http:\/\/www.bellunopress.it","https:\/\/x.com\/bellunopress"],"url":"https:\/\/www.bellunopress.it\/fr\/author\/redazione\/"}]}},"_links":{"self":[{"href":"https:\/\/www.bellunopress.it\/fr\/wp-json\/wp\/v2\/posts\/168659","targetHints":{"allow":["GET"]}}],"collection":[{"href":"https:\/\/www.bellunopress.it\/fr\/wp-json\/wp\/v2\/posts"}],"about":[{"href":"https:\/\/www.bellunopress.it\/fr\/wp-json\/wp\/v2\/types\/post"}],"author":[{"embeddable":true,"href":"https:\/\/www.bellunopress.it\/fr\/wp-json\/wp\/v2\/users\/2"}],"replies":[{"embeddable":true,"href":"https:\/\/www.bellunopress.it\/fr\/wp-json\/wp\/v2\/comments?post=168659"}],"version-history":[{"count":1,"href":"https:\/\/www.bellunopress.it\/fr\/wp-json\/wp\/v2\/posts\/168659\/revisions"}],"predecessor-version":[{"id":168660,"href":"https:\/\/www.bellunopress.it\/fr\/wp-json\/wp\/v2\/posts\/168659\/revisions\/168660"}],"wp:featuredmedia":[{"embeddable":true,"href":"https:\/\/www.bellunopress.it\/fr\/wp-json\/wp\/v2\/media\/160653"}],"wp:attachment":[{"href":"https:\/\/www.bellunopress.it\/fr\/wp-json\/wp\/v2\/media?parent=168659"}],"wp:term":[{"taxonomy":"category","embeddable":true,"href":"https:\/\/www.bellunopress.it\/fr\/wp-json\/wp\/v2\/categories?post=168659"},{"taxonomy":"post_tag","embeddable":true,"href":"https:\/\/www.bellunopress.it\/fr\/wp-json\/wp\/v2\/tags?post=168659"}],"curies":[{"name":"wp","href":"https:\/\/api.w.org\/{rel}","templated":true}]}}